{"id":147708,"date":"2025-08-26T23:21:55","date_gmt":"2025-08-27T02:21:55","guid":{"rendered":"https:\/\/www.blogsoestado.com\/danielmatos\/?p=147708"},"modified":"2025-08-26T23:21:59","modified_gmt":"2025-08-27T02:21:59","slug":"gratuito-e-com-shows-de-artistas-maranhenses-7o-sao-jose-de-ribamar-jazz-e-blues-festival-sera-neste-sabado-30","status":"publish","type":"post","link":"https:\/\/www.blogsoestado.com\/danielmatos\/gratuito-e-com-shows-de-artistas-maranhenses-7o-sao-jose-de-ribamar-jazz-e-blues-festival-sera-neste-sabado-30\/","title":{"rendered":"Gratuito e com shows de artistas maranhenses, 7\u00ba S\u00e3o Jos\u00e9 de Ribamar Jazz e Blues Festival ser\u00e1 neste s\u00e1bado (30)"},"content":{"rendered":"\n<p><strong><mark style=\"color:#cf2e2e\" class=\"has-inline-color\">A programa\u00e7\u00e3o<\/mark><\/strong> <strong><mark style=\"color:#cf2e2e\" class=\"has-inline-color\">oficial do festival inicia no dia 27 de agosto (ter\u00e7a), com oficina no IFMA, no Campus S\u00e3o Jos\u00e9 de Ribamar<\/mark><\/strong><\/p>\n\n\n\n<figure class=\"wp-block-image aligncenter size-large\"><img fetchpriority=\"high\" decoding=\"async\" width=\"1024\" height=\"683\" src=\"https:\/\/www.blogsoestado.com\/danielmatos\/wp-content\/uploads\/sites\/2\/2025\/08\/1003444558-1024x683.jpg\" alt=\"\" class=\"wp-image-147709\" srcset=\"https:\/\/www.blogsoestado.com\/danielmatos\/wp-content\/uploads\/sites\/2\/2025\/08\/1003444558-1024x683.jpg 1024w, https:\/\/www.blogsoestado.com\/danielmatos\/wp-content\/uploads\/sites\/2\/2025\/08\/1003444558-300x200.jpg 300w, https:\/\/www.blogsoestado.com\/danielmatos\/wp-content\/uploads\/sites\/2\/2025\/08\/1003444558-768x512.jpg 768w, https:\/\/www.blogsoestado.com\/danielmatos\/wp-content\/uploads\/sites\/2\/2025\/08\/1003444558-1536x1024.jpg 1536w, https:\/\/www.blogsoestado.com\/danielmatos\/wp-content\/uploads\/sites\/2\/2025\/08\/1003444558-2048x1366.jpg 2048w\" sizes=\"(max-width: 1024px) 100vw, 1024px\" \/><figcaption class=\"wp-element-caption\">Sarah Byancci e banda ser\u00e1 uma das atra\u00e7\u00f5es do 7\u00ba S\u00e3o Jos\u00e9 de Ribamar Jazz e Blues Festival  <\/figcaption><\/figure>\n\n\n\n<p><strong>S\u00c3O JOS\u00c9 DE RIBAMAR \u2013 <\/strong>Neste s\u00e1bado (30 de agosto), o S\u00e3o Jos\u00e9 de Ribamar Jazz e Blues Festival, um dos eventos mais prestigiados da Regi\u00e3o Metropolitana de S\u00e3o Lu\u00eds, retorna ao calend\u00e1rio cultural do Maranh\u00e3o para a sua s\u00e9tima edi\u00e7\u00e3o, com shows de artistas maranhenses e entrada gratuita e aberta ao p\u00fablico.<\/p>\n\n\n\n<p>Com recursos da Lei Paulo Gustavo (LPG) via Secretaria Estadual de Cultura (Secma), do Governo do Estado do Maranh\u00e3o, a s\u00e9tima edi\u00e7\u00e3o S\u00e3o Jos\u00e9 de Ribamar Jazz e Blues Festival ser\u00e1 realizada no P\u00e1tio Norte Shopping, localizado na Estrada de S\u00e3o Jos\u00e9 de Ribamar, na MA-201.<\/p>\n\n\n\n<p>Em seu retorno ao calend\u00e1rio cultural maranhense, o festival contar\u00e1 com grandes talentos da m\u00fasica maranhense, como: a saxofonista Sarah Byancci; o cantor e compositor Jamilson Jackson; e o projeto musical Joel Reis Classical Trio, que ter\u00e1 como convidado especial o m\u00fasico Israel Dantas.<\/p>\n\n\n\n<p>Os shows iniciam a partir das 18h \u2013 todos no s\u00e1bado, reunindo artistas de diversos estilos, que celebram o Jazz e Blues, e contribuem para a forma\u00e7\u00e3o de novos p\u00fablicos, inspirando novas gera\u00e7\u00f5es musicais.<\/p>\n\n\n\n<figure class=\"wp-block-image aligncenter size-large\"><img decoding=\"async\" width=\"1024\" height=\"682\" src=\"https:\/\/www.blogsoestado.com\/danielmatos\/wp-content\/uploads\/sites\/2\/2025\/08\/1003444559-1024x682.jpg\" alt=\"\" class=\"wp-image-147710\" srcset=\"https:\/\/www.blogsoestado.com\/danielmatos\/wp-content\/uploads\/sites\/2\/2025\/08\/1003444559-1024x682.jpg 1024w, https:\/\/www.blogsoestado.com\/danielmatos\/wp-content\/uploads\/sites\/2\/2025\/08\/1003444559-300x200.jpg 300w, https:\/\/www.blogsoestado.com\/danielmatos\/wp-content\/uploads\/sites\/2\/2025\/08\/1003444559-768x512.jpg 768w, https:\/\/www.blogsoestado.com\/danielmatos\/wp-content\/uploads\/sites\/2\/2025\/08\/1003444559-1536x1023.jpg 1536w, https:\/\/www.blogsoestado.com\/danielmatos\/wp-content\/uploads\/sites\/2\/2025\/08\/1003444559.jpg 1600w\" sizes=\"(max-width: 1024px) 100vw, 1024px\" \/><figcaption class=\"wp-element-caption\">Joel Reis Classical Trio convida Israel Dantas <\/figcaption><\/figure>\n\n\n\n<p>A programa\u00e7\u00e3o oficial inicia dias antes, no dia 27 de agosto (quarta-feira), com uma oficina sobre viol\u00e3o e guitarra em banda, a partir de uma abordagem pr\u00e1tica da m\u00fasica em grupo. A a\u00e7\u00e3o ser\u00e1 no Instituto Federal do Maranh\u00e3o (IFMA), no Campus S\u00e3o Jos\u00e9 de Ribamar, a partir das 16h, e \u00e9 voltada para alunos da unidade, na faixa et\u00e1ria entre 16 e 18 anos.<\/p>\n\n\n\n<p>Para mais informa\u00e7\u00f5es sobre o festival, acesse o perfil do evento no Instagram e no Facebook, respectivamente nos links&nbsp;<a href=\"https:\/\/www.instagram.com\/sjrjazzebluesfestival\/\" target=\"_blank\" rel=\"noreferrer noopener\">https:\/\/www.instagram.com\/sjrjazzebluesfestival\/<\/a>&nbsp;e&nbsp;<a href=\"https:\/\/www.facebook.com\/saojosederibamarjazzebluesfestival\" target=\"_blank\" rel=\"noreferrer noopener\">https:\/\/www.facebook.com\/saojosederibamarjazzebluesfestival<\/a>.<\/p>\n\n\n\n<p><strong>Atra\u00e7\u00f5es do 7\u00ba S\u00e3o Jos\u00e9 de Ribamar Jazz e Blues Festival<\/strong><\/p>\n\n\n\n<p>Entre as atra\u00e7\u00f5es da s\u00e9tima edi\u00e7\u00e3o do festival, est\u00e1 a saxofonista Sarah Byancci, que atua profissionalmente no cen\u00e1rio musical maranhense desde 2016, acompanhando m\u00fasicos locais e nacionais em shows e grava\u00e7\u00f5es. Em sua apresenta\u00e7\u00e3o, traz influ\u00eancias de artistas que marcaram sua trajet\u00f3ria no universo da m\u00fasica, como T\u00e2nia Maria e Nubya Garcia.<\/p>\n\n\n\n<figure class=\"wp-block-image aligncenter size-large\"><img decoding=\"async\" width=\"1024\" height=\"682\" src=\"https:\/\/www.blogsoestado.com\/danielmatos\/wp-content\/uploads\/sites\/2\/2025\/08\/1003444557-1024x682.jpg\" alt=\"\" class=\"wp-image-147711\" srcset=\"https:\/\/www.blogsoestado.com\/danielmatos\/wp-content\/uploads\/sites\/2\/2025\/08\/1003444557-1024x682.jpg 1024w, https:\/\/www.blogsoestado.com\/danielmatos\/wp-content\/uploads\/sites\/2\/2025\/08\/1003444557-300x200.jpg 300w, https:\/\/www.blogsoestado.com\/danielmatos\/wp-content\/uploads\/sites\/2\/2025\/08\/1003444557-768x512.jpg 768w, https:\/\/www.blogsoestado.com\/danielmatos\/wp-content\/uploads\/sites\/2\/2025\/08\/1003444557.jpg 1280w\" sizes=\"(max-width: 1024px) 100vw, 1024px\" \/><figcaption class=\"wp-element-caption\">Jamilson Jackson ser\u00e1 outro artista a subir ao palco, com sua banda<\/figcaption><\/figure>\n\n\n\n<p>Outro destaque da programa\u00e7\u00e3o \u00e9 o Grupo Joel Reis e Classical Trio, um quarteto de m\u00fasica instrumental e vocal que une o melhor da m\u00fasica brasileira com a sofistica\u00e7\u00e3o do jazz. Formado por Joel Reis (voz e piano), Israel Dantas (guitarra e viol\u00e3o), Lionel Almeida (contrabaixo) e Lugg Campos (bateria), o grupo carrega forte influ\u00eancia do samba, bossa nova, choro, bai\u00e3o e do&nbsp;<em>jazz<\/em>&nbsp;moderno.<\/p>\n\n\n\n<p>Encerrando o line-up do festival, o aguardado show do cantor, produtor musical, dan\u00e7arino e compositor Jamilson Jackson. Conhecido como Rei do Pop Maranhense e com uma trajet\u00f3ria marcante, o artista re\u00fane diversos estilos em seu setlist, indo do Pop ao R&amp;B, Soul e Black Music.<\/p>\n\n\n\n<p><strong>Veja, abaixo, a programa\u00e7\u00e3o completa do S\u00e3o Jos\u00e9 de Ribamar Jazz e Blues Festival:<\/strong><\/p>\n\n\n\n<p>\u00b7&nbsp;&nbsp;&nbsp;&nbsp;&nbsp;&nbsp;&nbsp;&nbsp;18h \u2013 Sarah Byancci e banda;<\/p>\n\n\n\n<p>\u00b7&nbsp;&nbsp;&nbsp;&nbsp;&nbsp;&nbsp;&nbsp;&nbsp;19h \u2013 Joel Reis Classical Trio convida Israel Dantas;<\/p>\n\n\n\n<p>\u00b7&nbsp;&nbsp;&nbsp;&nbsp;&nbsp;&nbsp;&nbsp;&nbsp;20h30 \u2013 Jamilson Jackson e banda.<\/p>\n\n\n\n<p><strong>Servi\u00e7o<\/strong><\/p>\n\n\n\n<p><strong>O qu\u00ea:<\/strong>&nbsp;VII S\u00e3o Jos\u00e9 de Ribamar Jazz e Blues Festival;<\/p>\n\n\n\n<p><strong>Quando:<\/strong>&nbsp;no dia 30 de agosto (s\u00e1bado), a partir das 18h;<\/p>\n\n\n\n<p><strong>Onde:<\/strong><strong>&nbsp;<\/strong>no P\u00e1tio Norte Shopping, na Estrada de S\u00e3o Jos\u00e9 de Ribamar, na MA-201;<\/p>\n\n\n\n<p><strong>Evento Gratuito.<\/strong><\/p>\n\n\n\n<p><strong>Redes Sociais &#8211; VII S\u00e3o Jos\u00e9 de Ribamar Jazz e Blues Festival<\/strong><\/p>\n\n\n\n<p><strong>Instagram:<\/strong>&nbsp;<a href=\"https:\/\/www.instagram.com\/sjrjazzebluesfestival\/\" target=\"_blank\" rel=\"noreferrer noopener\">https:\/\/www.instagram.com\/sjrjazzebluesfestival\/<\/a><\/p>\n\n\n\n<p><strong>Facebook:<\/strong>&nbsp;<a href=\"https:\/\/www.facebook.com\/saojosederibamarjazzebluesfestival\" target=\"_blank\" rel=\"noreferrer noopener\">https:\/\/www.facebook.com\/saojosederibamarjazzebluesfestival<\/a><\/p>\n","protected":false},"excerpt":{"rendered":"<p>A programa\u00e7\u00e3o oficial do festival inicia no dia 27 de agosto (ter\u00e7a), com oficina no IFMA, no Campus S\u00e3o Jos\u00e9 [&hellip;]<\/p>\n","protected":false},"author":2,"featured_media":0,"comment_status":"open","ping_status":"open","sticky":false,"template":"","format":"standard","meta":{"site-sidebar-layout":"default","site-content-layout":"","ast-site-content-layout":"default","site-content-style":"default","site-sidebar-style":"default","ast-global-header-display":"","ast-banner-title-visibility":"","ast-main-header-display":"","ast-hfb-above-header-display":"","ast-hfb-below-header-display":"","ast-hfb-mobile-header-display":"","site-post-title":"","ast-breadcrumbs-content":"","ast-featured-img":"","footer-sml-layout":"","ast-disable-related-posts":"","theme-transparent-header-meta":"","adv-header-id-meta":"","stick-header-meta":"","header-above-stick-meta":"","header-main-stick-meta":"","header-below-stick-meta":"","astra-migrate-meta-layouts":"default","ast-page-background-enabled":"default","ast-page-background-meta":{"desktop":{"background-color":"var(--ast-global-color-5)","background-image":"","background-repeat":"repeat","background-position":"center center","background-size":"auto","background-attachment":"scroll","background-type":"","background-media":"","overlay-type":"","overlay-color":"","overlay-opacity":"","overlay-gradient":""},"tablet":{"background-color":"","background-image":"","background-repeat":"repeat","background-position":"center center","background-size":"auto","background-attachment":"scroll","background-type":"","background-media":"","overlay-type":"","overlay-color":"","overlay-opacity":"","overlay-gradient":""},"mobile":{"background-color":"","background-image":"","background-repeat":"repeat","background-position":"center center","background-size":"auto","background-attachment":"scroll","background-type":"","background-media":"","overlay-type":"","overlay-color":"","overlay-opacity":"","overlay-gradient":""}},"ast-content-background-meta":{"desktop":{"background-color":"var(--ast-global-color-4)","background-image":"","background-repeat":"repeat","background-position":"center center","background-size":"auto","background-attachment":"scroll","background-type":"","background-media":"","overlay-type":"","overlay-color":"","overlay-opacity":"","overlay-gradient":""},"tablet":{"background-color":"var(--ast-global-color-4)","background-image":"","background-repeat":"repeat","background-position":"center center","background-size":"auto","background-attachment":"scroll","background-type":"","background-media":"","overlay-type":"","overlay-color":"","overlay-opacity":"","overlay-gradient":""},"mobile":{"background-color":"var(--ast-global-color-4)","background-image":"","background-repeat":"repeat","background-position":"center center","background-size":"auto","background-attachment":"scroll","background-type":"","background-media":"","overlay-type":"","overlay-color":"","overlay-opacity":"","overlay-gradient":""}},"footnotes":""},"categories":[1],"tags":[],"class_list":["post-147708","post","type-post","status-publish","format-standard","hentry","category-sem-categoria"],"yoast_head":"<!-- This site is optimized with the Yoast SEO plugin v26.6 - https:\/\/yoast.com\/wordpress\/plugins\/seo\/ -->\n<title>Gratuito e com shows de artistas maranhenses, 7\u00ba S\u00e3o Jos\u00e9 de Ribamar Jazz e Blues Festival ser\u00e1 neste s\u00e1bado (30) - Daniel Matos<\/title>\n<meta name=\"robots\" content=\"index, follow, max-snippet:-1, max-image-preview:large, max-video-preview:-1\" \/>\n<link rel=\"canonical\" href=\"https:\/\/www.blogsoestado.com\/danielmatos\/gratuito-e-com-shows-de-artistas-maranhenses-7o-sao-jose-de-ribamar-jazz-e-blues-festival-sera-neste-sabado-30\/\" \/>\n<meta property=\"og:locale\" content=\"pt_BR\" \/>\n<meta property=\"og:type\" content=\"article\" \/>\n<meta property=\"og:title\" content=\"Gratuito e com shows de artistas maranhenses, 7\u00ba S\u00e3o Jos\u00e9 de Ribamar Jazz e Blues Festival ser\u00e1 neste s\u00e1bado (30) - Daniel Matos\" \/>\n<meta property=\"og:description\" content=\"A programa\u00e7\u00e3o oficial do festival inicia no dia 27 de agosto (ter\u00e7a), com oficina no IFMA, no Campus S\u00e3o Jos\u00e9 [&hellip;]\" \/>\n<meta property=\"og:url\" content=\"https:\/\/www.blogsoestado.com\/danielmatos\/gratuito-e-com-shows-de-artistas-maranhenses-7o-sao-jose-de-ribamar-jazz-e-blues-festival-sera-neste-sabado-30\/\" \/>\n<meta property=\"og:site_name\" content=\"Daniel Matos\" \/>\n<meta property=\"article:published_time\" content=\"2025-08-27T02:21:55+00:00\" \/>\n<meta property=\"article:modified_time\" content=\"2025-08-27T02:21:59+00:00\" \/>\n<meta property=\"og:image\" content=\"https:\/\/www.blogsoestado.com\/danielmatos\/wp-content\/uploads\/sites\/2\/2025\/08\/1003444558.jpg\" \/>\n\t<meta property=\"og:image:width\" content=\"2560\" \/>\n\t<meta property=\"og:image:height\" content=\"1707\" \/>\n\t<meta property=\"og:image:type\" content=\"image\/jpeg\" \/>\n<meta name=\"author\" content=\"Daniel Matos\" \/>\n<meta name=\"twitter:card\" content=\"summary_large_image\" \/>\n<meta name=\"twitter:label1\" content=\"Escrito por\" \/>\n\t<meta name=\"twitter:data1\" content=\"Daniel Matos\" \/>\n\t<meta name=\"twitter:label2\" content=\"Est. tempo de leitura\" \/>\n\t<meta name=\"twitter:data2\" content=\"4 minutos\" \/>\n<script type=\"application\/ld+json\" class=\"yoast-schema-graph\">{\"@context\":\"https:\/\/schema.org\",\"@graph\":[{\"@type\":\"WebPage\",\"@id\":\"https:\/\/www.blogsoestado.com\/danielmatos\/gratuito-e-com-shows-de-artistas-maranhenses-7o-sao-jose-de-ribamar-jazz-e-blues-festival-sera-neste-sabado-30\/\",\"url\":\"https:\/\/www.blogsoestado.com\/danielmatos\/gratuito-e-com-shows-de-artistas-maranhenses-7o-sao-jose-de-ribamar-jazz-e-blues-festival-sera-neste-sabado-30\/\",\"name\":\"Gratuito e com shows de artistas maranhenses, 7\u00ba S\u00e3o Jos\u00e9 de Ribamar Jazz e Blues Festival ser\u00e1 neste s\u00e1bado (30) - Daniel Matos\",\"isPartOf\":{\"@id\":\"https:\/\/www.blogsoestado.com\/danielmatos\/#website\"},\"primaryImageOfPage\":{\"@id\":\"https:\/\/www.blogsoestado.com\/danielmatos\/gratuito-e-com-shows-de-artistas-maranhenses-7o-sao-jose-de-ribamar-jazz-e-blues-festival-sera-neste-sabado-30\/#primaryimage\"},\"image\":{\"@id\":\"https:\/\/www.blogsoestado.com\/danielmatos\/gratuito-e-com-shows-de-artistas-maranhenses-7o-sao-jose-de-ribamar-jazz-e-blues-festival-sera-neste-sabado-30\/#primaryimage\"},\"thumbnailUrl\":\"https:\/\/www.blogsoestado.com\/danielmatos\/wp-content\/uploads\/sites\/2\/2025\/08\/1003444558-1024x683.jpg\",\"datePublished\":\"2025-08-27T02:21:55+00:00\",\"dateModified\":\"2025-08-27T02:21:59+00:00\",\"author\":{\"@id\":\"https:\/\/www.blogsoestado.com\/danielmatos\/#\/schema\/person\/9a209d407cd45631f131e1285b661bb0\"},\"breadcrumb\":{\"@id\":\"https:\/\/www.blogsoestado.com\/danielmatos\/gratuito-e-com-shows-de-artistas-maranhenses-7o-sao-jose-de-ribamar-jazz-e-blues-festival-sera-neste-sabado-30\/#breadcrumb\"},\"inLanguage\":\"pt-BR\",\"potentialAction\":[{\"@type\":\"ReadAction\",\"target\":[\"https:\/\/www.blogsoestado.com\/danielmatos\/gratuito-e-com-shows-de-artistas-maranhenses-7o-sao-jose-de-ribamar-jazz-e-blues-festival-sera-neste-sabado-30\/\"]}]},{\"@type\":\"ImageObject\",\"inLanguage\":\"pt-BR\",\"@id\":\"https:\/\/www.blogsoestado.com\/danielmatos\/gratuito-e-com-shows-de-artistas-maranhenses-7o-sao-jose-de-ribamar-jazz-e-blues-festival-sera-neste-sabado-30\/#primaryimage\",\"url\":\"https:\/\/www.blogsoestado.com\/danielmatos\/wp-content\/uploads\/sites\/2\/2025\/08\/1003444558.jpg\",\"contentUrl\":\"https:\/\/www.blogsoestado.com\/danielmatos\/wp-content\/uploads\/sites\/2\/2025\/08\/1003444558.jpg\",\"width\":2560,\"height\":1707},{\"@type\":\"BreadcrumbList\",\"@id\":\"https:\/\/www.blogsoestado.com\/danielmatos\/gratuito-e-com-shows-de-artistas-maranhenses-7o-sao-jose-de-ribamar-jazz-e-blues-festival-sera-neste-sabado-30\/#breadcrumb\",\"itemListElement\":[{\"@type\":\"ListItem\",\"position\":1,\"name\":\"In\u00edcio\",\"item\":\"https:\/\/www.blogsoestado.com\/danielmatos\/\"},{\"@type\":\"ListItem\",\"position\":2,\"name\":\"Gratuito e com shows de artistas maranhenses, 7\u00ba S\u00e3o Jos\u00e9 de Ribamar Jazz e Blues Festival ser\u00e1 neste s\u00e1bado (30)\"}]},{\"@type\":\"WebSite\",\"@id\":\"https:\/\/www.blogsoestado.com\/danielmatos\/#website\",\"url\":\"https:\/\/www.blogsoestado.com\/danielmatos\/\",\"name\":\"Daniel Matos\",\"description\":\"\",\"potentialAction\":[{\"@type\":\"SearchAction\",\"target\":{\"@type\":\"EntryPoint\",\"urlTemplate\":\"https:\/\/www.blogsoestado.com\/danielmatos\/?s={search_term_string}\"},\"query-input\":{\"@type\":\"PropertyValueSpecification\",\"valueRequired\":true,\"valueName\":\"search_term_string\"}}],\"inLanguage\":\"pt-BR\"},{\"@type\":\"Person\",\"@id\":\"https:\/\/www.blogsoestado.com\/danielmatos\/#\/schema\/person\/9a209d407cd45631f131e1285b661bb0\",\"name\":\"Daniel Matos\",\"image\":{\"@type\":\"ImageObject\",\"inLanguage\":\"pt-BR\",\"@id\":\"https:\/\/www.blogsoestado.com\/danielmatos\/#\/schema\/person\/image\/\",\"url\":\"https:\/\/secure.gravatar.com\/avatar\/2f26c36ee355da19a257f0dfef43952a2588b324ca35d6719e859fe338ac0392?s=96&d=mm&r=g\",\"contentUrl\":\"https:\/\/secure.gravatar.com\/avatar\/2f26c36ee355da19a257f0dfef43952a2588b324ca35d6719e859fe338ac0392?s=96&d=mm&r=g\",\"caption\":\"Daniel Matos\"},\"url\":\"https:\/\/www.blogsoestado.com\/danielmatos\/author\/danielmatos\/\"}]}<\/script>\n<!-- \/ Yoast SEO plugin. -->","yoast_head_json":{"title":"Gratuito e com shows de artistas maranhenses, 7\u00ba S\u00e3o Jos\u00e9 de Ribamar Jazz e Blues Festival ser\u00e1 neste s\u00e1bado (30) - Daniel Matos","robots":{"index":"index","follow":"follow","max-snippet":"max-snippet:-1","max-image-preview":"max-image-preview:large","max-video-preview":"max-video-preview:-1"},"canonical":"https:\/\/www.blogsoestado.com\/danielmatos\/gratuito-e-com-shows-de-artistas-maranhenses-7o-sao-jose-de-ribamar-jazz-e-blues-festival-sera-neste-sabado-30\/","og_locale":"pt_BR","og_type":"article","og_title":"Gratuito e com shows de artistas maranhenses, 7\u00ba S\u00e3o Jos\u00e9 de Ribamar Jazz e Blues Festival ser\u00e1 neste s\u00e1bado (30) - Daniel Matos","og_description":"A programa\u00e7\u00e3o oficial do festival inicia no dia 27 de agosto (ter\u00e7a), com oficina no IFMA, no Campus S\u00e3o Jos\u00e9 [&hellip;]","og_url":"https:\/\/www.blogsoestado.com\/danielmatos\/gratuito-e-com-shows-de-artistas-maranhenses-7o-sao-jose-de-ribamar-jazz-e-blues-festival-sera-neste-sabado-30\/","og_site_name":"Daniel Matos","article_published_time":"2025-08-27T02:21:55+00:00","article_modified_time":"2025-08-27T02:21:59+00:00","og_image":[{"width":2560,"height":1707,"url":"https:\/\/www.blogsoestado.com\/danielmatos\/wp-content\/uploads\/sites\/2\/2025\/08\/1003444558.jpg","type":"image\/jpeg"}],"author":"Daniel Matos","twitter_card":"summary_large_image","twitter_misc":{"Escrito por":"Daniel Matos","Est. tempo de leitura":"4 minutos"},"schema":{"@context":"https:\/\/schema.org","@graph":[{"@type":"WebPage","@id":"https:\/\/www.blogsoestado.com\/danielmatos\/gratuito-e-com-shows-de-artistas-maranhenses-7o-sao-jose-de-ribamar-jazz-e-blues-festival-sera-neste-sabado-30\/","url":"https:\/\/www.blogsoestado.com\/danielmatos\/gratuito-e-com-shows-de-artistas-maranhenses-7o-sao-jose-de-ribamar-jazz-e-blues-festival-sera-neste-sabado-30\/","name":"Gratuito e com shows de artistas maranhenses, 7\u00ba S\u00e3o Jos\u00e9 de Ribamar Jazz e Blues Festival ser\u00e1 neste s\u00e1bado (30) - Daniel Matos","isPartOf":{"@id":"https:\/\/www.blogsoestado.com\/danielmatos\/#website"},"primaryImageOfPage":{"@id":"https:\/\/www.blogsoestado.com\/danielmatos\/gratuito-e-com-shows-de-artistas-maranhenses-7o-sao-jose-de-ribamar-jazz-e-blues-festival-sera-neste-sabado-30\/#primaryimage"},"image":{"@id":"https:\/\/www.blogsoestado.com\/danielmatos\/gratuito-e-com-shows-de-artistas-maranhenses-7o-sao-jose-de-ribamar-jazz-e-blues-festival-sera-neste-sabado-30\/#primaryimage"},"thumbnailUrl":"https:\/\/www.blogsoestado.com\/danielmatos\/wp-content\/uploads\/sites\/2\/2025\/08\/1003444558-1024x683.jpg","datePublished":"2025-08-27T02:21:55+00:00","dateModified":"2025-08-27T02:21:59+00:00","author":{"@id":"https:\/\/www.blogsoestado.com\/danielmatos\/#\/schema\/person\/9a209d407cd45631f131e1285b661bb0"},"breadcrumb":{"@id":"https:\/\/www.blogsoestado.com\/danielmatos\/gratuito-e-com-shows-de-artistas-maranhenses-7o-sao-jose-de-ribamar-jazz-e-blues-festival-sera-neste-sabado-30\/#breadcrumb"},"inLanguage":"pt-BR","potentialAction":[{"@type":"ReadAction","target":["https:\/\/www.blogsoestado.com\/danielmatos\/gratuito-e-com-shows-de-artistas-maranhenses-7o-sao-jose-de-ribamar-jazz-e-blues-festival-sera-neste-sabado-30\/"]}]},{"@type":"ImageObject","inLanguage":"pt-BR","@id":"https:\/\/www.blogsoestado.com\/danielmatos\/gratuito-e-com-shows-de-artistas-maranhenses-7o-sao-jose-de-ribamar-jazz-e-blues-festival-sera-neste-sabado-30\/#primaryimage","url":"https:\/\/www.blogsoestado.com\/danielmatos\/wp-content\/uploads\/sites\/2\/2025\/08\/1003444558.jpg","contentUrl":"https:\/\/www.blogsoestado.com\/danielmatos\/wp-content\/uploads\/sites\/2\/2025\/08\/1003444558.jpg","width":2560,"height":1707},{"@type":"BreadcrumbList","@id":"https:\/\/www.blogsoestado.com\/danielmatos\/gratuito-e-com-shows-de-artistas-maranhenses-7o-sao-jose-de-ribamar-jazz-e-blues-festival-sera-neste-sabado-30\/#breadcrumb","itemListElement":[{"@type":"ListItem","position":1,"name":"In\u00edcio","item":"https:\/\/www.blogsoestado.com\/danielmatos\/"},{"@type":"ListItem","position":2,"name":"Gratuito e com shows de artistas maranhenses, 7\u00ba S\u00e3o Jos\u00e9 de Ribamar Jazz e Blues Festival ser\u00e1 neste s\u00e1bado (30)"}]},{"@type":"WebSite","@id":"https:\/\/www.blogsoestado.com\/danielmatos\/#website","url":"https:\/\/www.blogsoestado.com\/danielmatos\/","name":"Daniel Matos","description":"","potentialAction":[{"@type":"SearchAction","target":{"@type":"EntryPoint","urlTemplate":"https:\/\/www.blogsoestado.com\/danielmatos\/?s={search_term_string}"},"query-input":{"@type":"PropertyValueSpecification","valueRequired":true,"valueName":"search_term_string"}}],"inLanguage":"pt-BR"},{"@type":"Person","@id":"https:\/\/www.blogsoestado.com\/danielmatos\/#\/schema\/person\/9a209d407cd45631f131e1285b661bb0","name":"Daniel Matos","image":{"@type":"ImageObject","inLanguage":"pt-BR","@id":"https:\/\/www.blogsoestado.com\/danielmatos\/#\/schema\/person\/image\/","url":"https:\/\/secure.gravatar.com\/avatar\/2f26c36ee355da19a257f0dfef43952a2588b324ca35d6719e859fe338ac0392?s=96&d=mm&r=g","contentUrl":"https:\/\/secure.gravatar.com\/avatar\/2f26c36ee355da19a257f0dfef43952a2588b324ca35d6719e859fe338ac0392?s=96&d=mm&r=g","caption":"Daniel Matos"},"url":"https:\/\/www.blogsoestado.com\/danielmatos\/author\/danielmatos\/"}]}},"jetpack_featured_media_url":"","_links":{"self":[{"href":"https:\/\/www.blogsoestado.com\/danielmatos\/wp-json\/wp\/v2\/posts\/147708","targetHints":{"allow":["GET"]}}],"collection":[{"href":"https:\/\/www.blogsoestado.com\/danielmatos\/wp-json\/wp\/v2\/posts"}],"about":[{"href":"https:\/\/www.blogsoestado.com\/danielmatos\/wp-json\/wp\/v2\/types\/post"}],"author":[{"embeddable":true,"href":"https:\/\/www.blogsoestado.com\/danielmatos\/wp-json\/wp\/v2\/users\/2"}],"replies":[{"embeddable":true,"href":"https:\/\/www.blogsoestado.com\/danielmatos\/wp-json\/wp\/v2\/comments?post=147708"}],"version-history":[{"count":1,"href":"https:\/\/www.blogsoestado.com\/danielmatos\/wp-json\/wp\/v2\/posts\/147708\/revisions"}],"predecessor-version":[{"id":147712,"href":"https:\/\/www.blogsoestado.com\/danielmatos\/wp-json\/wp\/v2\/posts\/147708\/revisions\/147712"}],"wp:attachment":[{"href":"https:\/\/www.blogsoestado.com\/danielmatos\/wp-json\/wp\/v2\/media?parent=147708"}],"wp:term":[{"taxonomy":"category","embeddable":true,"href":"https:\/\/www.blogsoestado.com\/danielmatos\/wp-json\/wp\/v2\/categories?post=147708"},{"taxonomy":"post_tag","embeddable":true,"href":"https:\/\/www.blogsoestado.com\/danielmatos\/wp-json\/wp\/v2\/tags?post=147708"}],"curies":[{"name":"wp","href":"https:\/\/api.w.org\/{rel}","templated":true}]}}