{"id":147755,"date":"2025-08-28T09:49:49","date_gmt":"2025-08-28T12:49:49","guid":{"rendered":"https:\/\/www.blogsoestado.com\/danielmatos\/?p=147755"},"modified":"2025-08-28T09:49:51","modified_gmt":"2025-08-28T12:49:51","slug":"dr-julinho-leva-sao-jose-de-ribamar-ao-protagonismo-nacional-em-igualdade-racial-e-direitos-lgbtqia","status":"publish","type":"post","link":"https:\/\/www.blogsoestado.com\/danielmatos\/dr-julinho-leva-sao-jose-de-ribamar-ao-protagonismo-nacional-em-igualdade-racial-e-direitos-lgbtqia\/","title":{"rendered":"Dr. Julinho leva S\u00e3o Jos\u00e9 de Ribamar ao protagonismo nacional em Igualdade Racial e Direitos LGBTQIA+"},"content":{"rendered":"\n<figure class=\"wp-block-image aligncenter size-large\"><img fetchpriority=\"high\" decoding=\"async\" width=\"1024\" height=\"682\" src=\"https:\/\/www.blogsoestado.com\/danielmatos\/wp-content\/uploads\/sites\/2\/2025\/08\/1003458316-1024x682.jpg\" alt=\"\" class=\"wp-image-147756\" srcset=\"https:\/\/www.blogsoestado.com\/danielmatos\/wp-content\/uploads\/sites\/2\/2025\/08\/1003458316-1024x682.jpg 1024w, https:\/\/www.blogsoestado.com\/danielmatos\/wp-content\/uploads\/sites\/2\/2025\/08\/1003458316-300x200.jpg 300w, https:\/\/www.blogsoestado.com\/danielmatos\/wp-content\/uploads\/sites\/2\/2025\/08\/1003458316-768x512.jpg 768w, https:\/\/www.blogsoestado.com\/danielmatos\/wp-content\/uploads\/sites\/2\/2025\/08\/1003458316-1536x1023.jpg 1536w, https:\/\/www.blogsoestado.com\/danielmatos\/wp-content\/uploads\/sites\/2\/2025\/08\/1003458316.jpg 1600w\" sizes=\"(max-width: 1024px) 100vw, 1024px\" \/><figcaption class=\"wp-element-caption\">O prefeito Dr. Julinho recebeu os delegados eleitos que ir\u00e3o representar o munic\u00edpio em importantes f\u00f3runs nacionais<\/figcaption><\/figure>\n\n\n\n<p>Comprometido em fortalecer a representatividade de S\u00e3o Jos\u00e9 de Ribamar e levar a voz da cidade para o cen\u00e1rio nacional, o prefeito Dr. Julinho, por meio da Secretaria Municipal de Assist\u00eancia Social (SEMAS), recebeu nesta quarta-feira (27), os delegados eleitos que ir\u00e3o representar o munic\u00edpio em importantes f\u00f3runs nacionais, destacando o compromisso da gest\u00e3o com igualdade, inclus\u00e3o e pol\u00edticas p\u00fablicas que impactam toda a sociedade.<\/p>\n\n\n\n<p>Ao todo, S\u00e3o Jos\u00e9 de Ribamar garantiu quatro representantes em cada confer\u00eancia, tornando-se uma das maiores delega\u00e7\u00f5es do estado entre os munic\u00edpios maranhenses, ficando atr\u00e1s apenas da capital, S\u00e3o Lu\u00eds.<\/p>\n\n\n\n<p>A Confer\u00eancia Nacional de Promo\u00e7\u00e3o da Igualdade Racial ser\u00e1 realizada de 15 a 19 de setembro de 2025, em Bras\u00edlia. J\u00e1 a 4\u00aa Confer\u00eancia Nacional dos Direitos das Pessoas LGBTQIA+ ocorrer\u00e1 entre 21 e 25 de outubro de 2025, tamb\u00e9m em Bras\u00edlia, com o tema \u201cConstruindo a Pol\u00edtica Nacional dos Direitos das Pessoas LGBTQIA+\u201d. O evento, promovido pelo Governo Federal, ter\u00e1 como objetivo a constru\u00e7\u00e3o e o aprimoramento de pol\u00edticas p\u00fablicas voltadas para a comunidade LGBTQIA+.<\/p>\n\n\n\n<p>Durante a reuni\u00e3o, o prefeito Dr. Julinho destacou a import\u00e2ncia da representa\u00e7\u00e3o para o munic\u00edpio.<\/p>\n\n\n\n<p>\u201cTivemos hoje uma importante reuni\u00e3o. Os delegados ir\u00e3o representar S\u00e3o Jos\u00e9 de Ribamar em Bras\u00edlia, para criar e elencar propostas que possam dar estabilidade e fortalecer a atua\u00e7\u00e3o de cada segmento. Estamos apoiando nossos representantes para que eles possam propor leis que aprimorem as pol\u00edticas p\u00fablicas, garantindo dignidade e seguran\u00e7a para a sociedade\u201d, afirmou o prefeito.<\/p>\n\n\n\n<p>A Superintend\u00eancia de Direitos Humanos conta com a Coordena\u00e7\u00e3o de Igualdade Racial e a Coordena\u00e7\u00e3o LGBTQIA+, respons\u00e1veis por articular a\u00e7\u00f5es e pol\u00edticas p\u00fablicas voltadas para esses segmentos no munic\u00edpio.<\/p>\n\n\n\n<figure class=\"wp-block-image aligncenter size-large\"><img decoding=\"async\" width=\"1024\" height=\"768\" src=\"https:\/\/www.blogsoestado.com\/danielmatos\/wp-content\/uploads\/sites\/2\/2025\/08\/1003458317-1024x768.jpg\" alt=\"\" class=\"wp-image-147757\" srcset=\"https:\/\/www.blogsoestado.com\/danielmatos\/wp-content\/uploads\/sites\/2\/2025\/08\/1003458317-1024x768.jpg 1024w, https:\/\/www.blogsoestado.com\/danielmatos\/wp-content\/uploads\/sites\/2\/2025\/08\/1003458317-300x225.jpg 300w, https:\/\/www.blogsoestado.com\/danielmatos\/wp-content\/uploads\/sites\/2\/2025\/08\/1003458317-768x576.jpg 768w, https:\/\/www.blogsoestado.com\/danielmatos\/wp-content\/uploads\/sites\/2\/2025\/08\/1003458317-1536x1152.jpg 1536w, https:\/\/www.blogsoestado.com\/danielmatos\/wp-content\/uploads\/sites\/2\/2025\/08\/1003458317.jpg 1600w\" sizes=\"(max-width: 1024px) 100vw, 1024px\" \/><figcaption class=\"wp-element-caption\">Durante a reuni\u00e3o, o prefeito Dr. Julinho destacou a import\u00e2ncia da representa\u00e7\u00e3o para o munic\u00edpio<\/figcaption><\/figure>\n\n\n\n<p>A secret\u00e1ria de Assist\u00eancia Social, Gilvana Duailibe, refor\u00e7ou a relev\u00e2ncia da participa\u00e7\u00e3o dos delegados nas confer\u00eancias.<\/p>\n\n\n\n<p>\u201cNos \u00faltimos meses realizamos as confer\u00eancias municipais, e agora nossos delegados v\u00e3o representar S\u00e3o Jos\u00e9 de Ribamar e o Maranh\u00e3o em Bras\u00edlia. Essa representa\u00e7\u00e3o \u00e9 muito importante, pois iremos discutir pol\u00edticas de igualdade racial, da mulher e da comunidade LGBTQIA+, levando para todo o Brasil a import\u00e2ncia de fortalecer a equidade entre as pessoas e mostrar que o nosso valor est\u00e1 em quem a gente \u00e9, e n\u00e3o no que temos ou fazemos.\u201d<\/p>\n\n\n\n<p>Para o superintendente de Direitos Humanos, Juciarllyson Wolff, a elei\u00e7\u00e3o dos delegados reafirma o compromisso da gest\u00e3o municipal com a inclus\u00e3o e a igualdade:<\/p>\n\n\n\n<p>\u201cViemos hoje apresentar ao prefeito os delegados eleitos que ir\u00e3o representar S\u00e3o Jos\u00e9 de Ribamar em Bras\u00edlia. Com grande alegria, informamos que nosso munic\u00edpio ter\u00e1 a maior delega\u00e7\u00e3o do Maranh\u00e3o, com exce\u00e7\u00e3o apenas da capital\u201d, destacou Juciarllyson.<\/p>\n","protected":false},"excerpt":{"rendered":"<p>Comprometido em fortalecer a representatividade de S\u00e3o Jos\u00e9 de Ribamar e levar a voz da cidade para o cen\u00e1rio nacional, [&hellip;]<\/p>\n","protected":false},"author":2,"featured_media":0,"comment_status":"open","ping_status":"open","sticky":false,"template":"","format":"standard","meta":{"site-sidebar-layout":"default","site-content-layout":"","ast-site-content-layout":"default","site-content-style":"default","site-sidebar-style":"default","ast-global-header-display":"","ast-banner-title-visibility":"","ast-main-header-display":"","ast-hfb-above-header-display":"","ast-hfb-below-header-display":"","ast-hfb-mobile-header-display":"","site-post-title":"","ast-breadcrumbs-content":"","ast-featured-img":"","footer-sml-layout":"","ast-disable-related-posts":"","theme-transparent-header-meta":"","adv-header-id-meta":"","stick-header-meta":"","header-above-stick-meta":"","header-main-stick-meta":"","header-below-stick-meta":"","astra-migrate-meta-layouts":"default","ast-page-background-enabled":"default","ast-page-background-meta":{"desktop":{"background-color":"var(--ast-global-color-5)","background-image":"","background-repeat":"repeat","background-position":"center center","background-size":"auto","background-attachment":"scroll","background-type":"","background-media":"","overlay-type":"","overlay-color":"","overlay-opacity":"","overlay-gradient":""},"tablet":{"background-color":"","background-image":"","background-repeat":"repeat","background-position":"center center","background-size":"auto","background-attachment":"scroll","background-type":"","background-media":"","overlay-type":"","overlay-color":"","overlay-opacity":"","overlay-gradient":""},"mobile":{"background-color":"","background-image":"","background-repeat":"repeat","background-position":"center center","background-size":"auto","background-attachment":"scroll","background-type":"","background-media":"","overlay-type":"","overlay-color":"","overlay-opacity":"","overlay-gradient":""}},"ast-content-background-meta":{"desktop":{"background-color":"var(--ast-global-color-4)","background-image":"","background-repeat":"repeat","background-position":"center center","background-size":"auto","background-attachment":"scroll","background-type":"","background-media":"","overlay-type":"","overlay-color":"","overlay-opacity":"","overlay-gradient":""},"tablet":{"background-color":"var(--ast-global-color-4)","background-image":"","background-repeat":"repeat","background-position":"center center","background-size":"auto","background-attachment":"scroll","background-type":"","background-media":"","overlay-type":"","overlay-color":"","overlay-opacity":"","overlay-gradient":""},"mobile":{"background-color":"var(--ast-global-color-4)","background-image":"","background-repeat":"repeat","background-position":"center center","background-size":"auto","background-attachment":"scroll","background-type":"","background-media":"","overlay-type":"","overlay-color":"","overlay-opacity":"","overlay-gradient":""}},"footnotes":""},"categories":[1],"tags":[],"class_list":["post-147755","post","type-post","status-publish","format-standard","hentry","category-sem-categoria"],"yoast_head":"<!-- This site is optimized with the Yoast SEO plugin v26.6 - https:\/\/yoast.com\/wordpress\/plugins\/seo\/ -->\n<title>Dr. Julinho leva S\u00e3o Jos\u00e9 de Ribamar ao protagonismo nacional em Igualdade Racial e Direitos LGBTQIA+ - Daniel Matos<\/title>\n<meta name=\"robots\" content=\"index, follow, max-snippet:-1, max-image-preview:large, max-video-preview:-1\" \/>\n<link rel=\"canonical\" href=\"https:\/\/www.blogsoestado.com\/danielmatos\/dr-julinho-leva-sao-jose-de-ribamar-ao-protagonismo-nacional-em-igualdade-racial-e-direitos-lgbtqia\/\" \/>\n<meta property=\"og:locale\" content=\"pt_BR\" \/>\n<meta property=\"og:type\" content=\"article\" \/>\n<meta property=\"og:title\" content=\"Dr. Julinho leva S\u00e3o Jos\u00e9 de Ribamar ao protagonismo nacional em Igualdade Racial e Direitos LGBTQIA+ - Daniel Matos\" \/>\n<meta property=\"og:description\" content=\"Comprometido em fortalecer a representatividade de S\u00e3o Jos\u00e9 de Ribamar e levar a voz da cidade para o cen\u00e1rio nacional, [&hellip;]\" \/>\n<meta property=\"og:url\" content=\"https:\/\/www.blogsoestado.com\/danielmatos\/dr-julinho-leva-sao-jose-de-ribamar-ao-protagonismo-nacional-em-igualdade-racial-e-direitos-lgbtqia\/\" \/>\n<meta property=\"og:site_name\" content=\"Daniel Matos\" \/>\n<meta property=\"article:published_time\" content=\"2025-08-28T12:49:49+00:00\" \/>\n<meta property=\"article:modified_time\" content=\"2025-08-28T12:49:51+00:00\" \/>\n<meta property=\"og:image\" content=\"https:\/\/www.blogsoestado.com\/danielmatos\/wp-content\/uploads\/sites\/2\/2025\/08\/1003458316.jpg\" \/>\n\t<meta property=\"og:image:width\" content=\"1600\" \/>\n\t<meta property=\"og:image:height\" content=\"1066\" \/>\n\t<meta property=\"og:image:type\" content=\"image\/jpeg\" \/>\n<meta name=\"author\" content=\"Daniel Matos\" \/>\n<meta name=\"twitter:card\" content=\"summary_large_image\" \/>\n<meta name=\"twitter:label1\" content=\"Escrito por\" \/>\n\t<meta name=\"twitter:data1\" content=\"Daniel Matos\" \/>\n\t<meta name=\"twitter:label2\" content=\"Est. tempo de leitura\" \/>\n\t<meta name=\"twitter:data2\" content=\"3 minutos\" \/>\n<script type=\"application\/ld+json\" class=\"yoast-schema-graph\">{\"@context\":\"https:\/\/schema.org\",\"@graph\":[{\"@type\":\"WebPage\",\"@id\":\"https:\/\/www.blogsoestado.com\/danielmatos\/dr-julinho-leva-sao-jose-de-ribamar-ao-protagonismo-nacional-em-igualdade-racial-e-direitos-lgbtqia\/\",\"url\":\"https:\/\/www.blogsoestado.com\/danielmatos\/dr-julinho-leva-sao-jose-de-ribamar-ao-protagonismo-nacional-em-igualdade-racial-e-direitos-lgbtqia\/\",\"name\":\"Dr. Julinho leva S\u00e3o Jos\u00e9 de Ribamar ao protagonismo nacional em Igualdade Racial e Direitos LGBTQIA+ - Daniel Matos\",\"isPartOf\":{\"@id\":\"https:\/\/www.blogsoestado.com\/danielmatos\/#website\"},\"primaryImageOfPage\":{\"@id\":\"https:\/\/www.blogsoestado.com\/danielmatos\/dr-julinho-leva-sao-jose-de-ribamar-ao-protagonismo-nacional-em-igualdade-racial-e-direitos-lgbtqia\/#primaryimage\"},\"image\":{\"@id\":\"https:\/\/www.blogsoestado.com\/danielmatos\/dr-julinho-leva-sao-jose-de-ribamar-ao-protagonismo-nacional-em-igualdade-racial-e-direitos-lgbtqia\/#primaryimage\"},\"thumbnailUrl\":\"https:\/\/www.blogsoestado.com\/danielmatos\/wp-content\/uploads\/sites\/2\/2025\/08\/1003458316-1024x682.jpg\",\"datePublished\":\"2025-08-28T12:49:49+00:00\",\"dateModified\":\"2025-08-28T12:49:51+00:00\",\"author\":{\"@id\":\"https:\/\/www.blogsoestado.com\/danielmatos\/#\/schema\/person\/9a209d407cd45631f131e1285b661bb0\"},\"breadcrumb\":{\"@id\":\"https:\/\/www.blogsoestado.com\/danielmatos\/dr-julinho-leva-sao-jose-de-ribamar-ao-protagonismo-nacional-em-igualdade-racial-e-direitos-lgbtqia\/#breadcrumb\"},\"inLanguage\":\"pt-BR\",\"potentialAction\":[{\"@type\":\"ReadAction\",\"target\":[\"https:\/\/www.blogsoestado.com\/danielmatos\/dr-julinho-leva-sao-jose-de-ribamar-ao-protagonismo-nacional-em-igualdade-racial-e-direitos-lgbtqia\/\"]}]},{\"@type\":\"ImageObject\",\"inLanguage\":\"pt-BR\",\"@id\":\"https:\/\/www.blogsoestado.com\/danielmatos\/dr-julinho-leva-sao-jose-de-ribamar-ao-protagonismo-nacional-em-igualdade-racial-e-direitos-lgbtqia\/#primaryimage\",\"url\":\"https:\/\/www.blogsoestado.com\/danielmatos\/wp-content\/uploads\/sites\/2\/2025\/08\/1003458316.jpg\",\"contentUrl\":\"https:\/\/www.blogsoestado.com\/danielmatos\/wp-content\/uploads\/sites\/2\/2025\/08\/1003458316.jpg\",\"width\":1600,\"height\":1066},{\"@type\":\"BreadcrumbList\",\"@id\":\"https:\/\/www.blogsoestado.com\/danielmatos\/dr-julinho-leva-sao-jose-de-ribamar-ao-protagonismo-nacional-em-igualdade-racial-e-direitos-lgbtqia\/#breadcrumb\",\"itemListElement\":[{\"@type\":\"ListItem\",\"position\":1,\"name\":\"In\u00edcio\",\"item\":\"https:\/\/www.blogsoestado.com\/danielmatos\/\"},{\"@type\":\"ListItem\",\"position\":2,\"name\":\"Dr. Julinho leva S\u00e3o Jos\u00e9 de Ribamar ao protagonismo nacional em Igualdade Racial e Direitos LGBTQIA+\"}]},{\"@type\":\"WebSite\",\"@id\":\"https:\/\/www.blogsoestado.com\/danielmatos\/#website\",\"url\":\"https:\/\/www.blogsoestado.com\/danielmatos\/\",\"name\":\"Daniel Matos\",\"description\":\"\",\"potentialAction\":[{\"@type\":\"SearchAction\",\"target\":{\"@type\":\"EntryPoint\",\"urlTemplate\":\"https:\/\/www.blogsoestado.com\/danielmatos\/?s={search_term_string}\"},\"query-input\":{\"@type\":\"PropertyValueSpecification\",\"valueRequired\":true,\"valueName\":\"search_term_string\"}}],\"inLanguage\":\"pt-BR\"},{\"@type\":\"Person\",\"@id\":\"https:\/\/www.blogsoestado.com\/danielmatos\/#\/schema\/person\/9a209d407cd45631f131e1285b661bb0\",\"name\":\"Daniel Matos\",\"image\":{\"@type\":\"ImageObject\",\"inLanguage\":\"pt-BR\",\"@id\":\"https:\/\/www.blogsoestado.com\/danielmatos\/#\/schema\/person\/image\/\",\"url\":\"https:\/\/secure.gravatar.com\/avatar\/2f26c36ee355da19a257f0dfef43952a2588b324ca35d6719e859fe338ac0392?s=96&d=mm&r=g\",\"contentUrl\":\"https:\/\/secure.gravatar.com\/avatar\/2f26c36ee355da19a257f0dfef43952a2588b324ca35d6719e859fe338ac0392?s=96&d=mm&r=g\",\"caption\":\"Daniel Matos\"},\"url\":\"https:\/\/www.blogsoestado.com\/danielmatos\/author\/danielmatos\/\"}]}<\/script>\n<!-- \/ Yoast SEO plugin. -->","yoast_head_json":{"title":"Dr. Julinho leva S\u00e3o Jos\u00e9 de Ribamar ao protagonismo nacional em Igualdade Racial e Direitos LGBTQIA+ - Daniel Matos","robots":{"index":"index","follow":"follow","max-snippet":"max-snippet:-1","max-image-preview":"max-image-preview:large","max-video-preview":"max-video-preview:-1"},"canonical":"https:\/\/www.blogsoestado.com\/danielmatos\/dr-julinho-leva-sao-jose-de-ribamar-ao-protagonismo-nacional-em-igualdade-racial-e-direitos-lgbtqia\/","og_locale":"pt_BR","og_type":"article","og_title":"Dr. Julinho leva S\u00e3o Jos\u00e9 de Ribamar ao protagonismo nacional em Igualdade Racial e Direitos LGBTQIA+ - Daniel Matos","og_description":"Comprometido em fortalecer a representatividade de S\u00e3o Jos\u00e9 de Ribamar e levar a voz da cidade para o cen\u00e1rio nacional, [&hellip;]","og_url":"https:\/\/www.blogsoestado.com\/danielmatos\/dr-julinho-leva-sao-jose-de-ribamar-ao-protagonismo-nacional-em-igualdade-racial-e-direitos-lgbtqia\/","og_site_name":"Daniel Matos","article_published_time":"2025-08-28T12:49:49+00:00","article_modified_time":"2025-08-28T12:49:51+00:00","og_image":[{"width":1600,"height":1066,"url":"https:\/\/www.blogsoestado.com\/danielmatos\/wp-content\/uploads\/sites\/2\/2025\/08\/1003458316.jpg","type":"image\/jpeg"}],"author":"Daniel Matos","twitter_card":"summary_large_image","twitter_misc":{"Escrito por":"Daniel Matos","Est. tempo de leitura":"3 minutos"},"schema":{"@context":"https:\/\/schema.org","@graph":[{"@type":"WebPage","@id":"https:\/\/www.blogsoestado.com\/danielmatos\/dr-julinho-leva-sao-jose-de-ribamar-ao-protagonismo-nacional-em-igualdade-racial-e-direitos-lgbtqia\/","url":"https:\/\/www.blogsoestado.com\/danielmatos\/dr-julinho-leva-sao-jose-de-ribamar-ao-protagonismo-nacional-em-igualdade-racial-e-direitos-lgbtqia\/","name":"Dr. Julinho leva S\u00e3o Jos\u00e9 de Ribamar ao protagonismo nacional em Igualdade Racial e Direitos LGBTQIA+ - Daniel Matos","isPartOf":{"@id":"https:\/\/www.blogsoestado.com\/danielmatos\/#website"},"primaryImageOfPage":{"@id":"https:\/\/www.blogsoestado.com\/danielmatos\/dr-julinho-leva-sao-jose-de-ribamar-ao-protagonismo-nacional-em-igualdade-racial-e-direitos-lgbtqia\/#primaryimage"},"image":{"@id":"https:\/\/www.blogsoestado.com\/danielmatos\/dr-julinho-leva-sao-jose-de-ribamar-ao-protagonismo-nacional-em-igualdade-racial-e-direitos-lgbtqia\/#primaryimage"},"thumbnailUrl":"https:\/\/www.blogsoestado.com\/danielmatos\/wp-content\/uploads\/sites\/2\/2025\/08\/1003458316-1024x682.jpg","datePublished":"2025-08-28T12:49:49+00:00","dateModified":"2025-08-28T12:49:51+00:00","author":{"@id":"https:\/\/www.blogsoestado.com\/danielmatos\/#\/schema\/person\/9a209d407cd45631f131e1285b661bb0"},"breadcrumb":{"@id":"https:\/\/www.blogsoestado.com\/danielmatos\/dr-julinho-leva-sao-jose-de-ribamar-ao-protagonismo-nacional-em-igualdade-racial-e-direitos-lgbtqia\/#breadcrumb"},"inLanguage":"pt-BR","potentialAction":[{"@type":"ReadAction","target":["https:\/\/www.blogsoestado.com\/danielmatos\/dr-julinho-leva-sao-jose-de-ribamar-ao-protagonismo-nacional-em-igualdade-racial-e-direitos-lgbtqia\/"]}]},{"@type":"ImageObject","inLanguage":"pt-BR","@id":"https:\/\/www.blogsoestado.com\/danielmatos\/dr-julinho-leva-sao-jose-de-ribamar-ao-protagonismo-nacional-em-igualdade-racial-e-direitos-lgbtqia\/#primaryimage","url":"https:\/\/www.blogsoestado.com\/danielmatos\/wp-content\/uploads\/sites\/2\/2025\/08\/1003458316.jpg","contentUrl":"https:\/\/www.blogsoestado.com\/danielmatos\/wp-content\/uploads\/sites\/2\/2025\/08\/1003458316.jpg","width":1600,"height":1066},{"@type":"BreadcrumbList","@id":"https:\/\/www.blogsoestado.com\/danielmatos\/dr-julinho-leva-sao-jose-de-ribamar-ao-protagonismo-nacional-em-igualdade-racial-e-direitos-lgbtqia\/#breadcrumb","itemListElement":[{"@type":"ListItem","position":1,"name":"In\u00edcio","item":"https:\/\/www.blogsoestado.com\/danielmatos\/"},{"@type":"ListItem","position":2,"name":"Dr. Julinho leva S\u00e3o Jos\u00e9 de Ribamar ao protagonismo nacional em Igualdade Racial e Direitos LGBTQIA+"}]},{"@type":"WebSite","@id":"https:\/\/www.blogsoestado.com\/danielmatos\/#website","url":"https:\/\/www.blogsoestado.com\/danielmatos\/","name":"Daniel Matos","description":"","potentialAction":[{"@type":"SearchAction","target":{"@type":"EntryPoint","urlTemplate":"https:\/\/www.blogsoestado.com\/danielmatos\/?s={search_term_string}"},"query-input":{"@type":"PropertyValueSpecification","valueRequired":true,"valueName":"search_term_string"}}],"inLanguage":"pt-BR"},{"@type":"Person","@id":"https:\/\/www.blogsoestado.com\/danielmatos\/#\/schema\/person\/9a209d407cd45631f131e1285b661bb0","name":"Daniel Matos","image":{"@type":"ImageObject","inLanguage":"pt-BR","@id":"https:\/\/www.blogsoestado.com\/danielmatos\/#\/schema\/person\/image\/","url":"https:\/\/secure.gravatar.com\/avatar\/2f26c36ee355da19a257f0dfef43952a2588b324ca35d6719e859fe338ac0392?s=96&d=mm&r=g","contentUrl":"https:\/\/secure.gravatar.com\/avatar\/2f26c36ee355da19a257f0dfef43952a2588b324ca35d6719e859fe338ac0392?s=96&d=mm&r=g","caption":"Daniel Matos"},"url":"https:\/\/www.blogsoestado.com\/danielmatos\/author\/danielmatos\/"}]}},"jetpack_featured_media_url":"","_links":{"self":[{"href":"https:\/\/www.blogsoestado.com\/danielmatos\/wp-json\/wp\/v2\/posts\/147755","targetHints":{"allow":["GET"]}}],"collection":[{"href":"https:\/\/www.blogsoestado.com\/danielmatos\/wp-json\/wp\/v2\/posts"}],"about":[{"href":"https:\/\/www.blogsoestado.com\/danielmatos\/wp-json\/wp\/v2\/types\/post"}],"author":[{"embeddable":true,"href":"https:\/\/www.blogsoestado.com\/danielmatos\/wp-json\/wp\/v2\/users\/2"}],"replies":[{"embeddable":true,"href":"https:\/\/www.blogsoestado.com\/danielmatos\/wp-json\/wp\/v2\/comments?post=147755"}],"version-history":[{"count":1,"href":"https:\/\/www.blogsoestado.com\/danielmatos\/wp-json\/wp\/v2\/posts\/147755\/revisions"}],"predecessor-version":[{"id":147758,"href":"https:\/\/www.blogsoestado.com\/danielmatos\/wp-json\/wp\/v2\/posts\/147755\/revisions\/147758"}],"wp:attachment":[{"href":"https:\/\/www.blogsoestado.com\/danielmatos\/wp-json\/wp\/v2\/media?parent=147755"}],"wp:term":[{"taxonomy":"category","embeddable":true,"href":"https:\/\/www.blogsoestado.com\/danielmatos\/wp-json\/wp\/v2\/categories?post=147755"},{"taxonomy":"post_tag","embeddable":true,"href":"https:\/\/www.blogsoestado.com\/danielmatos\/wp-json\/wp\/v2\/tags?post=147755"}],"curies":[{"name":"wp","href":"https:\/\/api.w.org\/{rel}","templated":true}]}}