{"id":147759,"date":"2025-08-28T09:58:14","date_gmt":"2025-08-28T12:58:14","guid":{"rendered":"https:\/\/www.blogsoestado.com\/danielmatos\/?p=147759"},"modified":"2025-08-28T09:58:16","modified_gmt":"2025-08-28T12:58:16","slug":"lacmar-lanca-segunda-temporada-de-seu-podcast-nextlab-com-episodio-sobre-alimentacao-e-estilo-de-vida","status":"publish","type":"post","link":"https:\/\/www.blogsoestado.com\/danielmatos\/lacmar-lanca-segunda-temporada-de-seu-podcast-nextlab-com-episodio-sobre-alimentacao-e-estilo-de-vida\/","title":{"rendered":"Lacmar lan\u00e7a segunda temporada de seu podcast NextLab com epis\u00f3dio sobre alimenta\u00e7\u00e3o e estilo de vida"},"content":{"rendered":"\n<figure class=\"wp-block-image aligncenter size-large\"><img fetchpriority=\"high\" decoding=\"async\" width=\"729\" height=\"1024\" src=\"https:\/\/www.blogsoestado.com\/danielmatos\/wp-content\/uploads\/sites\/2\/2025\/08\/1003459686-729x1024.jpg\" alt=\"\" class=\"wp-image-147760\" srcset=\"https:\/\/www.blogsoestado.com\/danielmatos\/wp-content\/uploads\/sites\/2\/2025\/08\/1003459686-729x1024.jpg 729w, https:\/\/www.blogsoestado.com\/danielmatos\/wp-content\/uploads\/sites\/2\/2025\/08\/1003459686-214x300.jpg 214w, https:\/\/www.blogsoestado.com\/danielmatos\/wp-content\/uploads\/sites\/2\/2025\/08\/1003459686-768x1079.jpg 768w, https:\/\/www.blogsoestado.com\/danielmatos\/wp-content\/uploads\/sites\/2\/2025\/08\/1003459686.jpg 900w\" sizes=\"(max-width: 729px) 100vw, 729px\" \/><figcaption class=\"wp-element-caption\">Reunidos na grava\u00e7\u00e3o do novo epis\u00f3dio do podcast NextLab do Laborat\u00f3rio Lacmar Felipe Albuquerque, MSc\/PhD em Gen\u00e9tica Molecular e Diretor Cient\u00edfico do Lacmar Gen\u00f4mica; a m\u00e9dica nutr\u00f3loga Dra. Marina Reis, a jornalista Giovana Braga e \u00a0a a nutricionista Mayra Tirza, que falaram sobre \u201cAlimenta\u00e7\u00e3o e Estilo de Vida\u201d<\/figcaption><\/figure>\n\n\n\n<p>O Laborat\u00f3rio Lacmar anuncia a estreia da segunda temporada do podcast corporativo NextLab, que j\u00e1 est\u00e1 dispon\u00edvel em todas as plataformas digitais.<\/p>\n\n\n\n<p>O primeiro epis\u00f3dio chega com uma discuss\u00e3o essencial: \u201cAlimenta\u00e7\u00e3o e Estilo de Vida\u201d, trazendo especialistas de diferentes \u00e1reas para debater como escolhas cotidianas podem impactar diretamente a sa\u00fade e a longevidade.<\/p>\n\n\n\n<p>O epis\u00f3dio conta com tr\u00eas convidados de peso. Felipe Albuquerque, MSc\/PhD em Gen\u00e9tica Molecular (UCB\/UCLA) e Diretor Cient\u00edfico do Lacmar Gen\u00f4mica, aprofunda a compreens\u00e3o sobre a influ\u00eancia da gen\u00e9tica no risco de c\u00e2nceres como o colorretal, de p\u00e2ncreas e endom\u00e9trio.<\/p>\n\n\n\n<p>J\u00e1 a m\u00e9dica Marina Reis Ribeiro, especialista em Emagrecimento Sustent\u00e1vel e Longevidade, destaca como h\u00e1bitos di\u00e1rios e acompanhamento cl\u00ednico podem ser aliados na preven\u00e7\u00e3o e nos cuidados com a sa\u00fade.<\/p>\n\n\n\n<p>Completando o time, a nutricionista Mayra Tirza traz dicas pr\u00e1ticas de alimenta\u00e7\u00e3o e estilo de vida para quem busca emagrecimento saud\u00e1vel, performance e qualidade de vida.<\/p>\n\n\n\n<p>De forma clara e acess\u00edvel, o epis\u00f3dio discute quest\u00f5es como: A import\u00e2ncia da alimenta\u00e7\u00e3o equilibrada na preven\u00e7\u00e3o do c\u00e2ncer e para o desempenho f\u00edsico; O papel dos fatores gen\u00e9ticos na predisposi\u00e7\u00e3o a doen\u00e7as; H\u00e1bitos que contribuem para longevidade e preven\u00e7\u00e3o de complica\u00e7\u00f5es e Estrat\u00e9gias pr\u00e1ticas para incorporar uma rotina saud\u00e1vel ao dia a dia.<\/p>\n\n\n\n<p>A proposta do NextLab \u00e9 tornar temas cient\u00edficos relevantes mais pr\u00f3ximos do p\u00fablico. Com uma linguagem simples, por\u00e9m rigorosa, os convidados esclarecem mitos, trazem exemplos pr\u00e1ticos e refor\u00e7am a import\u00e2ncia de escolhas conscientes para a sa\u00fade.<\/p>\n\n\n\n<p>O epis\u00f3dio encerra com uma s\u00edntese das principais mensagens, refor\u00e7ando que alimenta\u00e7\u00e3o equilibrada e h\u00e1bitos de vida saud\u00e1veis s\u00e3o pilares para preven\u00e7\u00e3o, bem-estar e performance. Os ouvintes s\u00e3o convidados a refletir sobre suas pr\u00f3prias rotinas, compartilhar o conte\u00fado e acompanhar as pr\u00f3ximas edi\u00e7\u00f5es da temporada.<\/p>\n\n\n\n<p>O primeiro epis\u00f3dio dessa nova temporada j\u00e1 est\u00e1 dispon\u00edvel no Spotify, Deezer, Apple Podcasts e demais plataformas. E conta com a apresenta\u00e7\u00e3o e media\u00e7\u00e3o da jornalista Giovana Braga.<\/p>\n","protected":false},"excerpt":{"rendered":"<p>O Laborat\u00f3rio Lacmar anuncia a estreia da segunda temporada do podcast corporativo NextLab, que j\u00e1 est\u00e1 dispon\u00edvel em todas as [&hellip;]<\/p>\n","protected":false},"author":2,"featured_media":0,"comment_status":"open","ping_status":"open","sticky":false,"template":"","format":"standard","meta":{"site-sidebar-layout":"default","site-content-layout":"","ast-site-content-layout":"default","site-content-style":"default","site-sidebar-style":"default","ast-global-header-display":"","ast-banner-title-visibility":"","ast-main-header-display":"","ast-hfb-above-header-display":"","ast-hfb-below-header-display":"","ast-hfb-mobile-header-display":"","site-post-title":"","ast-breadcrumbs-content":"","ast-featured-img":"","footer-sml-layout":"","ast-disable-related-posts":"","theme-transparent-header-meta":"","adv-header-id-meta":"","stick-header-meta":"","header-above-stick-meta":"","header-main-stick-meta":"","header-below-stick-meta":"","astra-migrate-meta-layouts":"default","ast-page-background-enabled":"default","ast-page-background-meta":{"desktop":{"background-color":"var(--ast-global-color-5)","background-image":"","background-repeat":"repeat","background-position":"center center","background-size":"auto","background-attachment":"scroll","background-type":"","background-media":"","overlay-type":"","overlay-color":"","overlay-opacity":"","overlay-gradient":""},"tablet":{"background-color":"","background-image":"","background-repeat":"repeat","background-position":"center center","background-size":"auto","background-attachment":"scroll","background-type":"","background-media":"","overlay-type":"","overlay-color":"","overlay-opacity":"","overlay-gradient":""},"mobile":{"background-color":"","background-image":"","background-repeat":"repeat","background-position":"center center","background-size":"auto","background-attachment":"scroll","background-type":"","background-media":"","overlay-type":"","overlay-color":"","overlay-opacity":"","overlay-gradient":""}},"ast-content-background-meta":{"desktop":{"background-color":"var(--ast-global-color-4)","background-image":"","background-repeat":"repeat","background-position":"center center","background-size":"auto","background-attachment":"scroll","background-type":"","background-media":"","overlay-type":"","overlay-color":"","overlay-opacity":"","overlay-gradient":""},"tablet":{"background-color":"var(--ast-global-color-4)","background-image":"","background-repeat":"repeat","background-position":"center center","background-size":"auto","background-attachment":"scroll","background-type":"","background-media":"","overlay-type":"","overlay-color":"","overlay-opacity":"","overlay-gradient":""},"mobile":{"background-color":"var(--ast-global-color-4)","background-image":"","background-repeat":"repeat","background-position":"center center","background-size":"auto","background-attachment":"scroll","background-type":"","background-media":"","overlay-type":"","overlay-color":"","overlay-opacity":"","overlay-gradient":""}},"footnotes":""},"categories":[1],"tags":[],"class_list":["post-147759","post","type-post","status-publish","format-standard","hentry","category-sem-categoria"],"yoast_head":"<!-- This site is optimized with the Yoast SEO plugin v26.6 - https:\/\/yoast.com\/wordpress\/plugins\/seo\/ -->\n<title>Lacmar lan\u00e7a segunda temporada de seu podcast NextLab com epis\u00f3dio sobre alimenta\u00e7\u00e3o e estilo de vida - Daniel Matos<\/title>\n<meta name=\"robots\" content=\"index, follow, max-snippet:-1, max-image-preview:large, max-video-preview:-1\" \/>\n<link rel=\"canonical\" href=\"https:\/\/www.blogsoestado.com\/danielmatos\/lacmar-lanca-segunda-temporada-de-seu-podcast-nextlab-com-episodio-sobre-alimentacao-e-estilo-de-vida\/\" \/>\n<meta property=\"og:locale\" content=\"pt_BR\" \/>\n<meta property=\"og:type\" content=\"article\" \/>\n<meta property=\"og:title\" content=\"Lacmar lan\u00e7a segunda temporada de seu podcast NextLab com epis\u00f3dio sobre alimenta\u00e7\u00e3o e estilo de vida - Daniel Matos\" \/>\n<meta property=\"og:description\" content=\"O Laborat\u00f3rio Lacmar anuncia a estreia da segunda temporada do podcast corporativo NextLab, que j\u00e1 est\u00e1 dispon\u00edvel em todas as [&hellip;]\" \/>\n<meta property=\"og:url\" content=\"https:\/\/www.blogsoestado.com\/danielmatos\/lacmar-lanca-segunda-temporada-de-seu-podcast-nextlab-com-episodio-sobre-alimentacao-e-estilo-de-vida\/\" \/>\n<meta property=\"og:site_name\" content=\"Daniel Matos\" \/>\n<meta property=\"article:published_time\" content=\"2025-08-28T12:58:14+00:00\" \/>\n<meta property=\"article:modified_time\" content=\"2025-08-28T12:58:16+00:00\" \/>\n<meta property=\"og:image\" content=\"https:\/\/www.blogsoestado.com\/danielmatos\/wp-content\/uploads\/sites\/2\/2025\/08\/1003459686.jpg\" \/>\n\t<meta property=\"og:image:width\" content=\"900\" \/>\n\t<meta property=\"og:image:height\" content=\"1264\" \/>\n\t<meta property=\"og:image:type\" content=\"image\/jpeg\" \/>\n<meta name=\"author\" content=\"Daniel Matos\" \/>\n<meta name=\"twitter:card\" content=\"summary_large_image\" \/>\n<meta name=\"twitter:label1\" content=\"Escrito por\" \/>\n\t<meta name=\"twitter:data1\" content=\"Daniel Matos\" \/>\n\t<meta name=\"twitter:label2\" content=\"Est. tempo de leitura\" \/>\n\t<meta name=\"twitter:data2\" content=\"3 minutos\" \/>\n<script type=\"application\/ld+json\" class=\"yoast-schema-graph\">{\"@context\":\"https:\/\/schema.org\",\"@graph\":[{\"@type\":\"WebPage\",\"@id\":\"https:\/\/www.blogsoestado.com\/danielmatos\/lacmar-lanca-segunda-temporada-de-seu-podcast-nextlab-com-episodio-sobre-alimentacao-e-estilo-de-vida\/\",\"url\":\"https:\/\/www.blogsoestado.com\/danielmatos\/lacmar-lanca-segunda-temporada-de-seu-podcast-nextlab-com-episodio-sobre-alimentacao-e-estilo-de-vida\/\",\"name\":\"Lacmar lan\u00e7a segunda temporada de seu podcast NextLab com epis\u00f3dio sobre alimenta\u00e7\u00e3o e estilo de vida - Daniel Matos\",\"isPartOf\":{\"@id\":\"https:\/\/www.blogsoestado.com\/danielmatos\/#website\"},\"primaryImageOfPage\":{\"@id\":\"https:\/\/www.blogsoestado.com\/danielmatos\/lacmar-lanca-segunda-temporada-de-seu-podcast-nextlab-com-episodio-sobre-alimentacao-e-estilo-de-vida\/#primaryimage\"},\"image\":{\"@id\":\"https:\/\/www.blogsoestado.com\/danielmatos\/lacmar-lanca-segunda-temporada-de-seu-podcast-nextlab-com-episodio-sobre-alimentacao-e-estilo-de-vida\/#primaryimage\"},\"thumbnailUrl\":\"https:\/\/www.blogsoestado.com\/danielmatos\/wp-content\/uploads\/sites\/2\/2025\/08\/1003459686-729x1024.jpg\",\"datePublished\":\"2025-08-28T12:58:14+00:00\",\"dateModified\":\"2025-08-28T12:58:16+00:00\",\"author\":{\"@id\":\"https:\/\/www.blogsoestado.com\/danielmatos\/#\/schema\/person\/9a209d407cd45631f131e1285b661bb0\"},\"breadcrumb\":{\"@id\":\"https:\/\/www.blogsoestado.com\/danielmatos\/lacmar-lanca-segunda-temporada-de-seu-podcast-nextlab-com-episodio-sobre-alimentacao-e-estilo-de-vida\/#breadcrumb\"},\"inLanguage\":\"pt-BR\",\"potentialAction\":[{\"@type\":\"ReadAction\",\"target\":[\"https:\/\/www.blogsoestado.com\/danielmatos\/lacmar-lanca-segunda-temporada-de-seu-podcast-nextlab-com-episodio-sobre-alimentacao-e-estilo-de-vida\/\"]}]},{\"@type\":\"ImageObject\",\"inLanguage\":\"pt-BR\",\"@id\":\"https:\/\/www.blogsoestado.com\/danielmatos\/lacmar-lanca-segunda-temporada-de-seu-podcast-nextlab-com-episodio-sobre-alimentacao-e-estilo-de-vida\/#primaryimage\",\"url\":\"https:\/\/www.blogsoestado.com\/danielmatos\/wp-content\/uploads\/sites\/2\/2025\/08\/1003459686.jpg\",\"contentUrl\":\"https:\/\/www.blogsoestado.com\/danielmatos\/wp-content\/uploads\/sites\/2\/2025\/08\/1003459686.jpg\",\"width\":900,\"height\":1264},{\"@type\":\"BreadcrumbList\",\"@id\":\"https:\/\/www.blogsoestado.com\/danielmatos\/lacmar-lanca-segunda-temporada-de-seu-podcast-nextlab-com-episodio-sobre-alimentacao-e-estilo-de-vida\/#breadcrumb\",\"itemListElement\":[{\"@type\":\"ListItem\",\"position\":1,\"name\":\"In\u00edcio\",\"item\":\"https:\/\/www.blogsoestado.com\/danielmatos\/\"},{\"@type\":\"ListItem\",\"position\":2,\"name\":\"Lacmar lan\u00e7a segunda temporada de seu podcast NextLab com epis\u00f3dio sobre alimenta\u00e7\u00e3o e estilo de vida\"}]},{\"@type\":\"WebSite\",\"@id\":\"https:\/\/www.blogsoestado.com\/danielmatos\/#website\",\"url\":\"https:\/\/www.blogsoestado.com\/danielmatos\/\",\"name\":\"Daniel Matos\",\"description\":\"\",\"potentialAction\":[{\"@type\":\"SearchAction\",\"target\":{\"@type\":\"EntryPoint\",\"urlTemplate\":\"https:\/\/www.blogsoestado.com\/danielmatos\/?s={search_term_string}\"},\"query-input\":{\"@type\":\"PropertyValueSpecification\",\"valueRequired\":true,\"valueName\":\"search_term_string\"}}],\"inLanguage\":\"pt-BR\"},{\"@type\":\"Person\",\"@id\":\"https:\/\/www.blogsoestado.com\/danielmatos\/#\/schema\/person\/9a209d407cd45631f131e1285b661bb0\",\"name\":\"Daniel Matos\",\"image\":{\"@type\":\"ImageObject\",\"inLanguage\":\"pt-BR\",\"@id\":\"https:\/\/www.blogsoestado.com\/danielmatos\/#\/schema\/person\/image\/\",\"url\":\"https:\/\/secure.gravatar.com\/avatar\/2f26c36ee355da19a257f0dfef43952a2588b324ca35d6719e859fe338ac0392?s=96&d=mm&r=g\",\"contentUrl\":\"https:\/\/secure.gravatar.com\/avatar\/2f26c36ee355da19a257f0dfef43952a2588b324ca35d6719e859fe338ac0392?s=96&d=mm&r=g\",\"caption\":\"Daniel Matos\"},\"url\":\"https:\/\/www.blogsoestado.com\/danielmatos\/author\/danielmatos\/\"}]}<\/script>\n<!-- \/ Yoast SEO plugin. -->","yoast_head_json":{"title":"Lacmar lan\u00e7a segunda temporada de seu podcast NextLab com epis\u00f3dio sobre alimenta\u00e7\u00e3o e estilo de vida - Daniel Matos","robots":{"index":"index","follow":"follow","max-snippet":"max-snippet:-1","max-image-preview":"max-image-preview:large","max-video-preview":"max-video-preview:-1"},"canonical":"https:\/\/www.blogsoestado.com\/danielmatos\/lacmar-lanca-segunda-temporada-de-seu-podcast-nextlab-com-episodio-sobre-alimentacao-e-estilo-de-vida\/","og_locale":"pt_BR","og_type":"article","og_title":"Lacmar lan\u00e7a segunda temporada de seu podcast NextLab com epis\u00f3dio sobre alimenta\u00e7\u00e3o e estilo de vida - Daniel Matos","og_description":"O Laborat\u00f3rio Lacmar anuncia a estreia da segunda temporada do podcast corporativo NextLab, que j\u00e1 est\u00e1 dispon\u00edvel em todas as [&hellip;]","og_url":"https:\/\/www.blogsoestado.com\/danielmatos\/lacmar-lanca-segunda-temporada-de-seu-podcast-nextlab-com-episodio-sobre-alimentacao-e-estilo-de-vida\/","og_site_name":"Daniel Matos","article_published_time":"2025-08-28T12:58:14+00:00","article_modified_time":"2025-08-28T12:58:16+00:00","og_image":[{"width":900,"height":1264,"url":"https:\/\/www.blogsoestado.com\/danielmatos\/wp-content\/uploads\/sites\/2\/2025\/08\/1003459686.jpg","type":"image\/jpeg"}],"author":"Daniel Matos","twitter_card":"summary_large_image","twitter_misc":{"Escrito por":"Daniel Matos","Est. tempo de leitura":"3 minutos"},"schema":{"@context":"https:\/\/schema.org","@graph":[{"@type":"WebPage","@id":"https:\/\/www.blogsoestado.com\/danielmatos\/lacmar-lanca-segunda-temporada-de-seu-podcast-nextlab-com-episodio-sobre-alimentacao-e-estilo-de-vida\/","url":"https:\/\/www.blogsoestado.com\/danielmatos\/lacmar-lanca-segunda-temporada-de-seu-podcast-nextlab-com-episodio-sobre-alimentacao-e-estilo-de-vida\/","name":"Lacmar lan\u00e7a segunda temporada de seu podcast NextLab com epis\u00f3dio sobre alimenta\u00e7\u00e3o e estilo de vida - Daniel Matos","isPartOf":{"@id":"https:\/\/www.blogsoestado.com\/danielmatos\/#website"},"primaryImageOfPage":{"@id":"https:\/\/www.blogsoestado.com\/danielmatos\/lacmar-lanca-segunda-temporada-de-seu-podcast-nextlab-com-episodio-sobre-alimentacao-e-estilo-de-vida\/#primaryimage"},"image":{"@id":"https:\/\/www.blogsoestado.com\/danielmatos\/lacmar-lanca-segunda-temporada-de-seu-podcast-nextlab-com-episodio-sobre-alimentacao-e-estilo-de-vida\/#primaryimage"},"thumbnailUrl":"https:\/\/www.blogsoestado.com\/danielmatos\/wp-content\/uploads\/sites\/2\/2025\/08\/1003459686-729x1024.jpg","datePublished":"2025-08-28T12:58:14+00:00","dateModified":"2025-08-28T12:58:16+00:00","author":{"@id":"https:\/\/www.blogsoestado.com\/danielmatos\/#\/schema\/person\/9a209d407cd45631f131e1285b661bb0"},"breadcrumb":{"@id":"https:\/\/www.blogsoestado.com\/danielmatos\/lacmar-lanca-segunda-temporada-de-seu-podcast-nextlab-com-episodio-sobre-alimentacao-e-estilo-de-vida\/#breadcrumb"},"inLanguage":"pt-BR","potentialAction":[{"@type":"ReadAction","target":["https:\/\/www.blogsoestado.com\/danielmatos\/lacmar-lanca-segunda-temporada-de-seu-podcast-nextlab-com-episodio-sobre-alimentacao-e-estilo-de-vida\/"]}]},{"@type":"ImageObject","inLanguage":"pt-BR","@id":"https:\/\/www.blogsoestado.com\/danielmatos\/lacmar-lanca-segunda-temporada-de-seu-podcast-nextlab-com-episodio-sobre-alimentacao-e-estilo-de-vida\/#primaryimage","url":"https:\/\/www.blogsoestado.com\/danielmatos\/wp-content\/uploads\/sites\/2\/2025\/08\/1003459686.jpg","contentUrl":"https:\/\/www.blogsoestado.com\/danielmatos\/wp-content\/uploads\/sites\/2\/2025\/08\/1003459686.jpg","width":900,"height":1264},{"@type":"BreadcrumbList","@id":"https:\/\/www.blogsoestado.com\/danielmatos\/lacmar-lanca-segunda-temporada-de-seu-podcast-nextlab-com-episodio-sobre-alimentacao-e-estilo-de-vida\/#breadcrumb","itemListElement":[{"@type":"ListItem","position":1,"name":"In\u00edcio","item":"https:\/\/www.blogsoestado.com\/danielmatos\/"},{"@type":"ListItem","position":2,"name":"Lacmar lan\u00e7a segunda temporada de seu podcast NextLab com epis\u00f3dio sobre alimenta\u00e7\u00e3o e estilo de vida"}]},{"@type":"WebSite","@id":"https:\/\/www.blogsoestado.com\/danielmatos\/#website","url":"https:\/\/www.blogsoestado.com\/danielmatos\/","name":"Daniel Matos","description":"","potentialAction":[{"@type":"SearchAction","target":{"@type":"EntryPoint","urlTemplate":"https:\/\/www.blogsoestado.com\/danielmatos\/?s={search_term_string}"},"query-input":{"@type":"PropertyValueSpecification","valueRequired":true,"valueName":"search_term_string"}}],"inLanguage":"pt-BR"},{"@type":"Person","@id":"https:\/\/www.blogsoestado.com\/danielmatos\/#\/schema\/person\/9a209d407cd45631f131e1285b661bb0","name":"Daniel Matos","image":{"@type":"ImageObject","inLanguage":"pt-BR","@id":"https:\/\/www.blogsoestado.com\/danielmatos\/#\/schema\/person\/image\/","url":"https:\/\/secure.gravatar.com\/avatar\/2f26c36ee355da19a257f0dfef43952a2588b324ca35d6719e859fe338ac0392?s=96&d=mm&r=g","contentUrl":"https:\/\/secure.gravatar.com\/avatar\/2f26c36ee355da19a257f0dfef43952a2588b324ca35d6719e859fe338ac0392?s=96&d=mm&r=g","caption":"Daniel Matos"},"url":"https:\/\/www.blogsoestado.com\/danielmatos\/author\/danielmatos\/"}]}},"jetpack_featured_media_url":"","_links":{"self":[{"href":"https:\/\/www.blogsoestado.com\/danielmatos\/wp-json\/wp\/v2\/posts\/147759","targetHints":{"allow":["GET"]}}],"collection":[{"href":"https:\/\/www.blogsoestado.com\/danielmatos\/wp-json\/wp\/v2\/posts"}],"about":[{"href":"https:\/\/www.blogsoestado.com\/danielmatos\/wp-json\/wp\/v2\/types\/post"}],"author":[{"embeddable":true,"href":"https:\/\/www.blogsoestado.com\/danielmatos\/wp-json\/wp\/v2\/users\/2"}],"replies":[{"embeddable":true,"href":"https:\/\/www.blogsoestado.com\/danielmatos\/wp-json\/wp\/v2\/comments?post=147759"}],"version-history":[{"count":1,"href":"https:\/\/www.blogsoestado.com\/danielmatos\/wp-json\/wp\/v2\/posts\/147759\/revisions"}],"predecessor-version":[{"id":147761,"href":"https:\/\/www.blogsoestado.com\/danielmatos\/wp-json\/wp\/v2\/posts\/147759\/revisions\/147761"}],"wp:attachment":[{"href":"https:\/\/www.blogsoestado.com\/danielmatos\/wp-json\/wp\/v2\/media?parent=147759"}],"wp:term":[{"taxonomy":"category","embeddable":true,"href":"https:\/\/www.blogsoestado.com\/danielmatos\/wp-json\/wp\/v2\/categories?post=147759"},{"taxonomy":"post_tag","embeddable":true,"href":"https:\/\/www.blogsoestado.com\/danielmatos\/wp-json\/wp\/v2\/tags?post=147759"}],"curies":[{"name":"wp","href":"https:\/\/api.w.org\/{rel}","templated":true}]}}