{"id":147762,"date":"2025-08-28T10:11:08","date_gmt":"2025-08-28T13:11:08","guid":{"rendered":"https:\/\/www.blogsoestado.com\/danielmatos\/?p=147762"},"modified":"2025-08-28T10:11:11","modified_gmt":"2025-08-28T13:11:11","slug":"maranhao-e-o-2o-estado-com-mais-focos-de-queimadas-no-pais-em-2025","status":"publish","type":"post","link":"https:\/\/www.blogsoestado.com\/danielmatos\/maranhao-e-o-2o-estado-com-mais-focos-de-queimadas-no-pais-em-2025\/","title":{"rendered":"Maranh\u00e3o \u00e9 o 2\u00ba estado com mais focos de queimadas no pa\u00eds em 2025"},"content":{"rendered":"\n<p><strong><mark style=\"color:#cf2e2e\" class=\"has-inline-color\">Equatorial Maranh\u00e3o refor\u00e7a orienta\u00e7\u00f5es de seguran\u00e7a para prevenir riscos \u00e0 rede el\u00e9trica e ao meio ambiente<\/mark><\/strong><\/p>\n\n\n\n<figure class=\"wp-block-image aligncenter size-large\"><img fetchpriority=\"high\" decoding=\"async\" width=\"770\" height=\"1024\" src=\"https:\/\/www.blogsoestado.com\/danielmatos\/wp-content\/uploads\/sites\/2\/2025\/08\/1003459747-770x1024.jpg\" alt=\"\" class=\"wp-image-147763\" srcset=\"https:\/\/www.blogsoestado.com\/danielmatos\/wp-content\/uploads\/sites\/2\/2025\/08\/1003459747-770x1024.jpg 770w, https:\/\/www.blogsoestado.com\/danielmatos\/wp-content\/uploads\/sites\/2\/2025\/08\/1003459747-226x300.jpg 226w, https:\/\/www.blogsoestado.com\/danielmatos\/wp-content\/uploads\/sites\/2\/2025\/08\/1003459747-768x1021.jpg 768w, https:\/\/www.blogsoestado.com\/danielmatos\/wp-content\/uploads\/sites\/2\/2025\/08\/1003459747.jpg 963w\" sizes=\"(max-width: 770px) 100vw, 770px\" \/><figcaption class=\"wp-element-caption\">As queimadas, al\u00e9m de comprometerem a sa\u00fade da popula\u00e7\u00e3o e agravarem o desequil\u00edbrio ambiental, tamb\u00e9m representam riscos diretos \u00e0 rede el\u00e9trica<\/figcaption><\/figure>\n\n\n\n<p>O Maranh\u00e3o ocupa a segunda posi\u00e7\u00e3o no ranking nacional de queimadas em 2025, de acordo com dados do Instituto Nacional de Pesquisas Espaciais (INPE). At\u00e9 a segunda quinzena de agosto, j\u00e1 foram registrados 5.224 focos ativos em todo o estado. O n\u00famero corresponde a quase um quarto do total de 2024 (22.879 focos) e refor\u00e7a a tend\u00eancia de crescimento no per\u00edodo mais seco do ano, quando historicamente setembro e outubro concentram os maiores \u00edndices.<\/p>\n\n\n\n<p>As queimadas, al\u00e9m de comprometerem a sa\u00fade da popula\u00e7\u00e3o e agravarem o desequil\u00edbrio ambiental, tamb\u00e9m representam riscos diretos \u00e0 rede el\u00e9trica, podendo impactar a qualidade e a confiabilidade do fornecimento de energia. Muito antes das chamas alcan\u00e7arem cabos e equipamentos, a fuma\u00e7a carregada de fuligem pode se acumular sobre isoladores e cruzetas, interferindo no desempenho do sistema el\u00e9trico e aumentando a possibilidade de falhas.<\/p>\n\n\n\n<p>\u201c\u00c9 fundamental que a popula\u00e7\u00e3o compreenda que as queimadas n\u00e3o afetam apenas o meio ambiente. Quando acontecem pr\u00f3ximas \u00e0 rede el\u00e9trica, podem causar danos \u00e0 rede el\u00e9trica e at\u00e9 acidentes graves. Nosso trabalho \u00e9 orientar, conscientizar e refor\u00e7ar os cuidados para que possamos atravessar esse per\u00edodo cr\u00edtico assegurando seguran\u00e7a e confiabilidade no fornecimento de energia\u201d, destacou Gabriel Vieira, Executivo de Seguran\u00e7a do Trabalho da Equatorial Maranh\u00e3o.<\/p>\n\n\n\n<p><strong>A\u00e7\u00f5es de conscientiza\u00e7\u00e3o<\/strong><\/p>\n\n\n\n<p>A Equatorial Maranh\u00e3o vem intensificando campanhas educativas junto \u00e0s comunidades, refor\u00e7ando a import\u00e2ncia da preven\u00e7\u00e3o e da ado\u00e7\u00e3o de pr\u00e1ticas seguras. A distribuidora tamb\u00e9m atua em parceria com \u00f3rg\u00e3os de seguran\u00e7a e defesa civil para apoiar medidas de mitiga\u00e7\u00e3o e combate aos inc\u00eandios, especialmente nas regi\u00f5es mais cr\u00edticas do estado.<\/p>\n\n\n\n<figure class=\"wp-block-image aligncenter size-large\"><img decoding=\"async\" width=\"576\" height=\"1024\" src=\"https:\/\/www.blogsoestado.com\/danielmatos\/wp-content\/uploads\/sites\/2\/2025\/08\/1003459748-576x1024.jpg\" alt=\"\" class=\"wp-image-147765\" srcset=\"https:\/\/www.blogsoestado.com\/danielmatos\/wp-content\/uploads\/sites\/2\/2025\/08\/1003459748-576x1024.jpg 576w, https:\/\/www.blogsoestado.com\/danielmatos\/wp-content\/uploads\/sites\/2\/2025\/08\/1003459748-169x300.jpg 169w, https:\/\/www.blogsoestado.com\/danielmatos\/wp-content\/uploads\/sites\/2\/2025\/08\/1003459748-768x1365.jpg 768w, https:\/\/www.blogsoestado.com\/danielmatos\/wp-content\/uploads\/sites\/2\/2025\/08\/1003459748-864x1536.jpg 864w, https:\/\/www.blogsoestado.com\/danielmatos\/wp-content\/uploads\/sites\/2\/2025\/08\/1003459748.jpg 900w\" sizes=\"(max-width: 576px) 100vw, 576px\" \/><figcaption class=\"wp-element-caption\">A Equatorial Maranh\u00e3o refor\u00e7a o crescimento das ocorr\u00eancias de queimadas no per\u00edodo mais seco do ano, quando historicamente setembro e outubro concentram os maiores \u00edndices<\/figcaption><\/figure>\n\n\n\n<p><strong>Seguran\u00e7a da rede el\u00e9trica<\/strong><\/p>\n\n\n\n<p>Al\u00e9m das iniciativas de conscientiza\u00e7\u00e3o, a Equatorial Maranh\u00e3o adota medidas preventivas para proteger a rede contra os efeitos das queimadas. Entre as principais a\u00e7\u00f5es est\u00e3o a limpeza das faixas de servid\u00e3o com ro\u00e7agem peri\u00f3dica e a retirada de material combust\u00edvel nas \u00e1reas sob as linhas de distribui\u00e7\u00e3o.<\/p>\n\n\n\n<p>A Distribuidora realiza ainda podas preventivas e inspe\u00e7\u00f5es t\u00e9cnicas em campo, com apoio de tecnologias como drones e sensores, que ajudam a identificar pontos vulner\u00e1veis pr\u00f3ximos \u00e0s subesta\u00e7\u00f5es e demais estruturas.<\/p>\n\n\n\n<p>\u201cO monitoramento em tempo real que realizamos no Centro de Opera\u00e7\u00f5es Integradas nos permite agir de forma \u00e1gil e segura. Com o uso de tecnologia e manobras telecomandadas, conseguimos recompor o sistema automaticamente em casos de desligamentos provocados por queimadas nas proximidades, reduzindo impactos para a popula\u00e7\u00e3o e assegurando a confiabilidade do fornecimento\u201d, explicou Ivan Bazzan, Gerente de Opera\u00e7\u00f5es da Equatorial Maranh\u00e3o.<\/p>\n\n\n\n<figure class=\"wp-block-image aligncenter size-large\"><img decoding=\"async\" width=\"915\" height=\"1024\" src=\"https:\/\/www.blogsoestado.com\/danielmatos\/wp-content\/uploads\/sites\/2\/2025\/08\/1003459749-915x1024.jpg\" alt=\"\" class=\"wp-image-147764\" srcset=\"https:\/\/www.blogsoestado.com\/danielmatos\/wp-content\/uploads\/sites\/2\/2025\/08\/1003459749-915x1024.jpg 915w, https:\/\/www.blogsoestado.com\/danielmatos\/wp-content\/uploads\/sites\/2\/2025\/08\/1003459749-268x300.jpg 268w, https:\/\/www.blogsoestado.com\/danielmatos\/wp-content\/uploads\/sites\/2\/2025\/08\/1003459749-768x859.jpg 768w, https:\/\/www.blogsoestado.com\/danielmatos\/wp-content\/uploads\/sites\/2\/2025\/08\/1003459749.jpg 1080w\" sizes=\"(max-width: 915px) 100vw, 915px\" \/><\/figure>\n\n\n\n<p><strong>Seguran\u00e7a com a popula\u00e7\u00e3o<\/strong><\/p>\n\n\n\n<p>A empresa refor\u00e7a alguns cuidados essenciais que devem ser adotados para reduzir os riscos de inc\u00eandios pr\u00f3ximos \u00e0s redes de distribui\u00e7\u00e3o:<\/p>\n\n\n\n<ul class=\"wp-block-list\">\n<li>N\u00e3o queimar lixo dom\u00e9stico, principalmente em \u00e1reas pr\u00f3ximas \u00e0 rede el\u00e9trica;<br>N\u00e3o descarte de f\u00f3sforos, cigarros e materiais inflam\u00e1veis em locais com vegeta\u00e7\u00e3o;<\/li>\n\n\n\n<li>N\u00e3o acender fogueiras ou velas em terrenos baldios ou pr\u00f3ximos de matas;<\/li>\n\n\n\n<li>N\u00e3o realizar queimadas para limpeza de pastagens ou \u00e1reas agr\u00edcolas;<\/li>\n\n\n\n<li>Optar por alternativas seguras, como ro\u00e7adas manuais ou uso de m\u00e1quinas adequadas;<\/li>\n\n\n\n<li>Em propriedades rurais, adotar aceiros (faixas de terra sem vegeta\u00e7\u00e3o) que ajudam a conter o fogo em caso de acidentes.<\/li>\n<\/ul>\n\n\n\n<p>Em ocorr\u00eancias envolvendo a rede el\u00e9trica, os clientes devem acionar imediatamente a Central de Atendimento da Equatorial Maranh\u00e3o, pelo telefone 116 (liga\u00e7\u00e3o gratuita). Em caso de acidentes com v\u00edtimas, \u00e9 fundamental chamar o SAMU (192) e o Corpo de Bombeiros (193).<\/p>\n\n\n\n<p><strong>Movimento \u201cVc + Seguro\u201d<\/strong><\/p>\n\n\n\n<p>Essas orienta\u00e7\u00f5es integram o movimento \u201cVc + Seguro\u201d, campanha da Equatorial Maranh\u00e3o que visa ampliar o acesso \u00e0 informa\u00e7\u00e3o e conscientizar a popula\u00e7\u00e3o para evitar acidentes envolvendo energia el\u00e9trica. A iniciativa refor\u00e7a o compromisso da distribuidora com a seguran\u00e7a, a qualidade do servi\u00e7o prestado e o bem-estar da comunidade maranhense.<\/p>\n","protected":false},"excerpt":{"rendered":"<p>Equatorial Maranh\u00e3o refor\u00e7a orienta\u00e7\u00f5es de seguran\u00e7a para prevenir riscos \u00e0 rede el\u00e9trica e ao meio ambiente O Maranh\u00e3o ocupa a [&hellip;]<\/p>\n","protected":false},"author":2,"featured_media":0,"comment_status":"open","ping_status":"open","sticky":false,"template":"","format":"standard","meta":{"site-sidebar-layout":"default","site-content-layout":"","ast-site-content-layout":"default","site-content-style":"default","site-sidebar-style":"default","ast-global-header-display":"","ast-banner-title-visibility":"","ast-main-header-display":"","ast-hfb-above-header-display":"","ast-hfb-below-header-display":"","ast-hfb-mobile-header-display":"","site-post-title":"","ast-breadcrumbs-content":"","ast-featured-img":"","footer-sml-layout":"","ast-disable-related-posts":"","theme-transparent-header-meta":"","adv-header-id-meta":"","stick-header-meta":"","header-above-stick-meta":"","header-main-stick-meta":"","header-below-stick-meta":"","astra-migrate-meta-layouts":"default","ast-page-background-enabled":"default","ast-page-background-meta":{"desktop":{"background-color":"var(--ast-global-color-5)","background-image":"","background-repeat":"repeat","background-position":"center center","background-size":"auto","background-attachment":"scroll","background-type":"","background-media":"","overlay-type":"","overlay-color":"","overlay-opacity":"","overlay-gradient":""},"tablet":{"background-color":"","background-image":"","background-repeat":"repeat","background-position":"center center","background-size":"auto","background-attachment":"scroll","background-type":"","background-media":"","overlay-type":"","overlay-color":"","overlay-opacity":"","overlay-gradient":""},"mobile":{"background-color":"","background-image":"","background-repeat":"repeat","background-position":"center center","background-size":"auto","background-attachment":"scroll","background-type":"","background-media":"","overlay-type":"","overlay-color":"","overlay-opacity":"","overlay-gradient":""}},"ast-content-background-meta":{"desktop":{"background-color":"var(--ast-global-color-4)","background-image":"","background-repeat":"repeat","background-position":"center center","background-size":"auto","background-attachment":"scroll","background-type":"","background-media":"","overlay-type":"","overlay-color":"","overlay-opacity":"","overlay-gradient":""},"tablet":{"background-color":"var(--ast-global-color-4)","background-image":"","background-repeat":"repeat","background-position":"center center","background-size":"auto","background-attachment":"scroll","background-type":"","background-media":"","overlay-type":"","overlay-color":"","overlay-opacity":"","overlay-gradient":""},"mobile":{"background-color":"var(--ast-global-color-4)","background-image":"","background-repeat":"repeat","background-position":"center center","background-size":"auto","background-attachment":"scroll","background-type":"","background-media":"","overlay-type":"","overlay-color":"","overlay-opacity":"","overlay-gradient":""}},"footnotes":""},"categories":[1],"tags":[],"class_list":["post-147762","post","type-post","status-publish","format-standard","hentry","category-sem-categoria"],"yoast_head":"<!-- This site is optimized with the Yoast SEO plugin v26.6 - https:\/\/yoast.com\/wordpress\/plugins\/seo\/ -->\n<title>Maranh\u00e3o \u00e9 o 2\u00ba estado com mais focos de queimadas no pa\u00eds em 2025 - Daniel Matos<\/title>\n<meta name=\"robots\" content=\"index, follow, max-snippet:-1, max-image-preview:large, max-video-preview:-1\" \/>\n<link rel=\"canonical\" href=\"https:\/\/www.blogsoestado.com\/danielmatos\/maranhao-e-o-2o-estado-com-mais-focos-de-queimadas-no-pais-em-2025\/\" \/>\n<meta property=\"og:locale\" content=\"pt_BR\" \/>\n<meta property=\"og:type\" content=\"article\" \/>\n<meta property=\"og:title\" content=\"Maranh\u00e3o \u00e9 o 2\u00ba estado com mais focos de queimadas no pa\u00eds em 2025 - Daniel Matos\" \/>\n<meta property=\"og:description\" content=\"Equatorial Maranh\u00e3o refor\u00e7a orienta\u00e7\u00f5es de seguran\u00e7a para prevenir riscos \u00e0 rede el\u00e9trica e ao meio ambiente O Maranh\u00e3o ocupa a [&hellip;]\" \/>\n<meta property=\"og:url\" content=\"https:\/\/www.blogsoestado.com\/danielmatos\/maranhao-e-o-2o-estado-com-mais-focos-de-queimadas-no-pais-em-2025\/\" \/>\n<meta property=\"og:site_name\" content=\"Daniel Matos\" \/>\n<meta property=\"article:published_time\" content=\"2025-08-28T13:11:08+00:00\" \/>\n<meta property=\"article:modified_time\" content=\"2025-08-28T13:11:11+00:00\" \/>\n<meta property=\"og:image\" content=\"https:\/\/www.blogsoestado.com\/danielmatos\/wp-content\/uploads\/sites\/2\/2025\/08\/1003459747.jpg\" \/>\n\t<meta property=\"og:image:width\" content=\"963\" \/>\n\t<meta property=\"og:image:height\" content=\"1280\" \/>\n\t<meta property=\"og:image:type\" content=\"image\/jpeg\" \/>\n<meta name=\"author\" content=\"Daniel Matos\" \/>\n<meta name=\"twitter:card\" content=\"summary_large_image\" \/>\n<meta name=\"twitter:label1\" content=\"Escrito por\" \/>\n\t<meta name=\"twitter:data1\" content=\"Daniel Matos\" \/>\n\t<meta name=\"twitter:label2\" content=\"Est. tempo de leitura\" \/>\n\t<meta name=\"twitter:data2\" content=\"5 minutos\" \/>\n<script type=\"application\/ld+json\" class=\"yoast-schema-graph\">{\"@context\":\"https:\/\/schema.org\",\"@graph\":[{\"@type\":\"WebPage\",\"@id\":\"https:\/\/www.blogsoestado.com\/danielmatos\/maranhao-e-o-2o-estado-com-mais-focos-de-queimadas-no-pais-em-2025\/\",\"url\":\"https:\/\/www.blogsoestado.com\/danielmatos\/maranhao-e-o-2o-estado-com-mais-focos-de-queimadas-no-pais-em-2025\/\",\"name\":\"Maranh\u00e3o \u00e9 o 2\u00ba estado com mais focos de queimadas no pa\u00eds em 2025 - Daniel Matos\",\"isPartOf\":{\"@id\":\"https:\/\/www.blogsoestado.com\/danielmatos\/#website\"},\"primaryImageOfPage\":{\"@id\":\"https:\/\/www.blogsoestado.com\/danielmatos\/maranhao-e-o-2o-estado-com-mais-focos-de-queimadas-no-pais-em-2025\/#primaryimage\"},\"image\":{\"@id\":\"https:\/\/www.blogsoestado.com\/danielmatos\/maranhao-e-o-2o-estado-com-mais-focos-de-queimadas-no-pais-em-2025\/#primaryimage\"},\"thumbnailUrl\":\"https:\/\/www.blogsoestado.com\/danielmatos\/wp-content\/uploads\/sites\/2\/2025\/08\/1003459747-770x1024.jpg\",\"datePublished\":\"2025-08-28T13:11:08+00:00\",\"dateModified\":\"2025-08-28T13:11:11+00:00\",\"author\":{\"@id\":\"https:\/\/www.blogsoestado.com\/danielmatos\/#\/schema\/person\/9a209d407cd45631f131e1285b661bb0\"},\"breadcrumb\":{\"@id\":\"https:\/\/www.blogsoestado.com\/danielmatos\/maranhao-e-o-2o-estado-com-mais-focos-de-queimadas-no-pais-em-2025\/#breadcrumb\"},\"inLanguage\":\"pt-BR\",\"potentialAction\":[{\"@type\":\"ReadAction\",\"target\":[\"https:\/\/www.blogsoestado.com\/danielmatos\/maranhao-e-o-2o-estado-com-mais-focos-de-queimadas-no-pais-em-2025\/\"]}]},{\"@type\":\"ImageObject\",\"inLanguage\":\"pt-BR\",\"@id\":\"https:\/\/www.blogsoestado.com\/danielmatos\/maranhao-e-o-2o-estado-com-mais-focos-de-queimadas-no-pais-em-2025\/#primaryimage\",\"url\":\"https:\/\/www.blogsoestado.com\/danielmatos\/wp-content\/uploads\/sites\/2\/2025\/08\/1003459747.jpg\",\"contentUrl\":\"https:\/\/www.blogsoestado.com\/danielmatos\/wp-content\/uploads\/sites\/2\/2025\/08\/1003459747.jpg\",\"width\":963,\"height\":1280},{\"@type\":\"BreadcrumbList\",\"@id\":\"https:\/\/www.blogsoestado.com\/danielmatos\/maranhao-e-o-2o-estado-com-mais-focos-de-queimadas-no-pais-em-2025\/#breadcrumb\",\"itemListElement\":[{\"@type\":\"ListItem\",\"position\":1,\"name\":\"In\u00edcio\",\"item\":\"https:\/\/www.blogsoestado.com\/danielmatos\/\"},{\"@type\":\"ListItem\",\"position\":2,\"name\":\"Maranh\u00e3o \u00e9 o 2\u00ba estado com mais focos de queimadas no pa\u00eds em 2025\"}]},{\"@type\":\"WebSite\",\"@id\":\"https:\/\/www.blogsoestado.com\/danielmatos\/#website\",\"url\":\"https:\/\/www.blogsoestado.com\/danielmatos\/\",\"name\":\"Daniel Matos\",\"description\":\"\",\"potentialAction\":[{\"@type\":\"SearchAction\",\"target\":{\"@type\":\"EntryPoint\",\"urlTemplate\":\"https:\/\/www.blogsoestado.com\/danielmatos\/?s={search_term_string}\"},\"query-input\":{\"@type\":\"PropertyValueSpecification\",\"valueRequired\":true,\"valueName\":\"search_term_string\"}}],\"inLanguage\":\"pt-BR\"},{\"@type\":\"Person\",\"@id\":\"https:\/\/www.blogsoestado.com\/danielmatos\/#\/schema\/person\/9a209d407cd45631f131e1285b661bb0\",\"name\":\"Daniel Matos\",\"image\":{\"@type\":\"ImageObject\",\"inLanguage\":\"pt-BR\",\"@id\":\"https:\/\/www.blogsoestado.com\/danielmatos\/#\/schema\/person\/image\/\",\"url\":\"https:\/\/secure.gravatar.com\/avatar\/2f26c36ee355da19a257f0dfef43952a2588b324ca35d6719e859fe338ac0392?s=96&d=mm&r=g\",\"contentUrl\":\"https:\/\/secure.gravatar.com\/avatar\/2f26c36ee355da19a257f0dfef43952a2588b324ca35d6719e859fe338ac0392?s=96&d=mm&r=g\",\"caption\":\"Daniel Matos\"},\"url\":\"https:\/\/www.blogsoestado.com\/danielmatos\/author\/danielmatos\/\"}]}<\/script>\n<!-- \/ Yoast SEO plugin. -->","yoast_head_json":{"title":"Maranh\u00e3o \u00e9 o 2\u00ba estado com mais focos de queimadas no pa\u00eds em 2025 - Daniel Matos","robots":{"index":"index","follow":"follow","max-snippet":"max-snippet:-1","max-image-preview":"max-image-preview:large","max-video-preview":"max-video-preview:-1"},"canonical":"https:\/\/www.blogsoestado.com\/danielmatos\/maranhao-e-o-2o-estado-com-mais-focos-de-queimadas-no-pais-em-2025\/","og_locale":"pt_BR","og_type":"article","og_title":"Maranh\u00e3o \u00e9 o 2\u00ba estado com mais focos de queimadas no pa\u00eds em 2025 - Daniel Matos","og_description":"Equatorial Maranh\u00e3o refor\u00e7a orienta\u00e7\u00f5es de seguran\u00e7a para prevenir riscos \u00e0 rede el\u00e9trica e ao meio ambiente O Maranh\u00e3o ocupa a [&hellip;]","og_url":"https:\/\/www.blogsoestado.com\/danielmatos\/maranhao-e-o-2o-estado-com-mais-focos-de-queimadas-no-pais-em-2025\/","og_site_name":"Daniel Matos","article_published_time":"2025-08-28T13:11:08+00:00","article_modified_time":"2025-08-28T13:11:11+00:00","og_image":[{"width":963,"height":1280,"url":"https:\/\/www.blogsoestado.com\/danielmatos\/wp-content\/uploads\/sites\/2\/2025\/08\/1003459747.jpg","type":"image\/jpeg"}],"author":"Daniel Matos","twitter_card":"summary_large_image","twitter_misc":{"Escrito por":"Daniel Matos","Est. tempo de leitura":"5 minutos"},"schema":{"@context":"https:\/\/schema.org","@graph":[{"@type":"WebPage","@id":"https:\/\/www.blogsoestado.com\/danielmatos\/maranhao-e-o-2o-estado-com-mais-focos-de-queimadas-no-pais-em-2025\/","url":"https:\/\/www.blogsoestado.com\/danielmatos\/maranhao-e-o-2o-estado-com-mais-focos-de-queimadas-no-pais-em-2025\/","name":"Maranh\u00e3o \u00e9 o 2\u00ba estado com mais focos de queimadas no pa\u00eds em 2025 - Daniel Matos","isPartOf":{"@id":"https:\/\/www.blogsoestado.com\/danielmatos\/#website"},"primaryImageOfPage":{"@id":"https:\/\/www.blogsoestado.com\/danielmatos\/maranhao-e-o-2o-estado-com-mais-focos-de-queimadas-no-pais-em-2025\/#primaryimage"},"image":{"@id":"https:\/\/www.blogsoestado.com\/danielmatos\/maranhao-e-o-2o-estado-com-mais-focos-de-queimadas-no-pais-em-2025\/#primaryimage"},"thumbnailUrl":"https:\/\/www.blogsoestado.com\/danielmatos\/wp-content\/uploads\/sites\/2\/2025\/08\/1003459747-770x1024.jpg","datePublished":"2025-08-28T13:11:08+00:00","dateModified":"2025-08-28T13:11:11+00:00","author":{"@id":"https:\/\/www.blogsoestado.com\/danielmatos\/#\/schema\/person\/9a209d407cd45631f131e1285b661bb0"},"breadcrumb":{"@id":"https:\/\/www.blogsoestado.com\/danielmatos\/maranhao-e-o-2o-estado-com-mais-focos-de-queimadas-no-pais-em-2025\/#breadcrumb"},"inLanguage":"pt-BR","potentialAction":[{"@type":"ReadAction","target":["https:\/\/www.blogsoestado.com\/danielmatos\/maranhao-e-o-2o-estado-com-mais-focos-de-queimadas-no-pais-em-2025\/"]}]},{"@type":"ImageObject","inLanguage":"pt-BR","@id":"https:\/\/www.blogsoestado.com\/danielmatos\/maranhao-e-o-2o-estado-com-mais-focos-de-queimadas-no-pais-em-2025\/#primaryimage","url":"https:\/\/www.blogsoestado.com\/danielmatos\/wp-content\/uploads\/sites\/2\/2025\/08\/1003459747.jpg","contentUrl":"https:\/\/www.blogsoestado.com\/danielmatos\/wp-content\/uploads\/sites\/2\/2025\/08\/1003459747.jpg","width":963,"height":1280},{"@type":"BreadcrumbList","@id":"https:\/\/www.blogsoestado.com\/danielmatos\/maranhao-e-o-2o-estado-com-mais-focos-de-queimadas-no-pais-em-2025\/#breadcrumb","itemListElement":[{"@type":"ListItem","position":1,"name":"In\u00edcio","item":"https:\/\/www.blogsoestado.com\/danielmatos\/"},{"@type":"ListItem","position":2,"name":"Maranh\u00e3o \u00e9 o 2\u00ba estado com mais focos de queimadas no pa\u00eds em 2025"}]},{"@type":"WebSite","@id":"https:\/\/www.blogsoestado.com\/danielmatos\/#website","url":"https:\/\/www.blogsoestado.com\/danielmatos\/","name":"Daniel Matos","description":"","potentialAction":[{"@type":"SearchAction","target":{"@type":"EntryPoint","urlTemplate":"https:\/\/www.blogsoestado.com\/danielmatos\/?s={search_term_string}"},"query-input":{"@type":"PropertyValueSpecification","valueRequired":true,"valueName":"search_term_string"}}],"inLanguage":"pt-BR"},{"@type":"Person","@id":"https:\/\/www.blogsoestado.com\/danielmatos\/#\/schema\/person\/9a209d407cd45631f131e1285b661bb0","name":"Daniel Matos","image":{"@type":"ImageObject","inLanguage":"pt-BR","@id":"https:\/\/www.blogsoestado.com\/danielmatos\/#\/schema\/person\/image\/","url":"https:\/\/secure.gravatar.com\/avatar\/2f26c36ee355da19a257f0dfef43952a2588b324ca35d6719e859fe338ac0392?s=96&d=mm&r=g","contentUrl":"https:\/\/secure.gravatar.com\/avatar\/2f26c36ee355da19a257f0dfef43952a2588b324ca35d6719e859fe338ac0392?s=96&d=mm&r=g","caption":"Daniel Matos"},"url":"https:\/\/www.blogsoestado.com\/danielmatos\/author\/danielmatos\/"}]}},"jetpack_featured_media_url":"","_links":{"self":[{"href":"https:\/\/www.blogsoestado.com\/danielmatos\/wp-json\/wp\/v2\/posts\/147762","targetHints":{"allow":["GET"]}}],"collection":[{"href":"https:\/\/www.blogsoestado.com\/danielmatos\/wp-json\/wp\/v2\/posts"}],"about":[{"href":"https:\/\/www.blogsoestado.com\/danielmatos\/wp-json\/wp\/v2\/types\/post"}],"author":[{"embeddable":true,"href":"https:\/\/www.blogsoestado.com\/danielmatos\/wp-json\/wp\/v2\/users\/2"}],"replies":[{"embeddable":true,"href":"https:\/\/www.blogsoestado.com\/danielmatos\/wp-json\/wp\/v2\/comments?post=147762"}],"version-history":[{"count":1,"href":"https:\/\/www.blogsoestado.com\/danielmatos\/wp-json\/wp\/v2\/posts\/147762\/revisions"}],"predecessor-version":[{"id":147766,"href":"https:\/\/www.blogsoestado.com\/danielmatos\/wp-json\/wp\/v2\/posts\/147762\/revisions\/147766"}],"wp:attachment":[{"href":"https:\/\/www.blogsoestado.com\/danielmatos\/wp-json\/wp\/v2\/media?parent=147762"}],"wp:term":[{"taxonomy":"category","embeddable":true,"href":"https:\/\/www.blogsoestado.com\/danielmatos\/wp-json\/wp\/v2\/categories?post=147762"},{"taxonomy":"post_tag","embeddable":true,"href":"https:\/\/www.blogsoestado.com\/danielmatos\/wp-json\/wp\/v2\/tags?post=147762"}],"curies":[{"name":"wp","href":"https:\/\/api.w.org\/{rel}","templated":true}]}}