{"id":147767,"date":"2025-08-28T14:13:45","date_gmt":"2025-08-28T17:13:45","guid":{"rendered":"https:\/\/www.blogsoestado.com\/danielmatos\/?p=147767"},"modified":"2025-08-29T00:33:21","modified_gmt":"2025-08-29T03:33:21","slug":"pf-cumpre-mandado-no-maranhao-em-operacao-para-desarticular-atos-preparatorios-de-terrorismo-e-incitacao-ao-genocidio-e-ao-odio-nos-estados","status":"publish","type":"post","link":"https:\/\/www.blogsoestado.com\/danielmatos\/pf-cumpre-mandado-no-maranhao-em-operacao-para-desarticular-atos-preparatorios-de-terrorismo-e-incitacao-ao-genocidio-e-ao-odio-nos-estados\/","title":{"rendered":"PF cumpre mandado no Maranh\u00e3o em opera\u00e7\u00e3o contra atos preparat\u00f3rios de terrorismo, incita\u00e7\u00e3o ao \u00f3dio e ao genoc\u00eddio"},"content":{"rendered":"\n<p><strong><mark style=\"color:#cf2e2e\" class=\"has-inline-color\">Foram cumpridos dois mandados de busca e apreens\u00e3o<\/mark><\/strong><\/p>\n\n\n\n<figure class=\"wp-block-image aligncenter size-full\"><img fetchpriority=\"high\" decoding=\"async\" width=\"760\" height=\"768\" src=\"https:\/\/www.blogsoestado.com\/danielmatos\/wp-content\/uploads\/sites\/2\/2025\/08\/1003463012.jpg\" alt=\"\" class=\"wp-image-147768\" srcset=\"https:\/\/www.blogsoestado.com\/danielmatos\/wp-content\/uploads\/sites\/2\/2025\/08\/1003463012.jpg 760w, https:\/\/www.blogsoestado.com\/danielmatos\/wp-content\/uploads\/sites\/2\/2025\/08\/1003463012-297x300.jpg 297w\" sizes=\"(max-width: 760px) 100vw, 760px\" \/><figcaption class=\"wp-element-caption\">A opera\u00e7\u00e3o teve como foco neutraliza\u00e7\u00e3o de atos preparat\u00f3rios de terrorismo, bem como na repress\u00e3o \u00e0 incita\u00e7\u00e3o ao genoc\u00eddio e a crimes de \u00f3dio perpetrados em ambiente digital<\/figcaption><\/figure>\n\n\n\n<p>A Pol\u00edcia Federal deflagrou, nesta quinta-feira (28\/8), a segunda e a terceira fases da Opera\u00e7\u00e3o Leviat\u00e3, com foco na neutraliza\u00e7\u00e3o de atos preparat\u00f3rios de terrorismo, bem como na repress\u00e3o \u00e0 incita\u00e7\u00e3o ao genoc\u00eddio e a crimes de \u00f3dio perpetrados em ambiente digital. Um dos mandados judiciais foi cumprido no Maranh\u00e3o, contra uma adolescente.<\/p>\n\n\n\n<p>A primeira fase da opera\u00e7\u00e3o foi deflagrada em abril deste ano com o apoio do Minist\u00e9rio P\u00fablico Federal. Da an\u00e1lise dos elementos probat\u00f3rios produzidos, constatou-se a poss\u00edvel participa\u00e7\u00e3o de outras duas pessoas em condutas il\u00edcitas conexas. A partir desses elementos, delineou-se a necessidade de ampliar o escopo investigativo para aferir a extens\u00e3o das condutas, a autoria, o nexo de colabora\u00e7\u00e3o e a eventual organiza\u00e7\u00e3o ou estabilidade das intera\u00e7\u00f5es em ambientes virtuais.<\/p>\n\n\n\n<p>A segunda fase, novamente em colabora\u00e7\u00e3o com o MPF, concentrou-se na execu\u00e7\u00e3o de um mandado de busca e apreens\u00e3o no munic\u00edpio de Santo Andr\u00e9\/SP, em desfavor de um jovem de 18 anos, que possu\u00eda liga\u00e7\u00e3o com o investigado principal, na difus\u00e3o de discursos racistas e de \u00f3dio. Destacou-se, nesse contexto, a produ\u00e7\u00e3o de material musical com conte\u00fado discriminat\u00f3rio il\u00edcito, com potencial de amplifica\u00e7\u00e3o digital e recrutamento simb\u00f3lico por meio de ret\u00f3rica extremista.<\/p>\n\n\n\n<p><strong>Di\u00e1logos suspeitos <\/strong><\/p>\n\n\n\n<p>Concomitantemente, a terceira fase da investiga\u00e7\u00e3o, que contou com o essencial suporte do Minist\u00e9rio P\u00fablico do Estado do&nbsp;Maranh\u00e3o, visou ao cumprimento de um mandado de busca e apreens\u00e3o em S\u00e3o Jos\u00e9 de Ribamar\/MA, em desfavor de uma adolescente de 16 anos, igualmente identificada em comunica\u00e7\u00f5es com o alvo da primeira fase. As conversas examinadas versavam sobre intoler\u00e2ncia e incita\u00e7\u00e3o ao \u00f3dio, revelando ader\u00eancia a narrativas extremistas e a utiliza\u00e7\u00e3o de plataformas digitais para propaga\u00e7\u00e3o de conte\u00fado de risco.<\/p>\n\n\n\n<p>As apura\u00e7\u00f5es indicam a circula\u00e7\u00e3o de mensagens com teor de \u00f3dio e ades\u00e3o a ideologias extremistas motivadas por recortes raciais e \u00e9tnicos. O conjunto probat\u00f3rio, ainda em consolida\u00e7\u00e3o, evidencia predisposi\u00e7\u00e3o \u00e0 pr\u00e1tica de atos violentos e alinhamento consistente a pautas de intoler\u00e2ncia.<\/p>\n","protected":false},"excerpt":{"rendered":"<p>Foram cumpridos dois mandados de busca e apreens\u00e3o A Pol\u00edcia Federal deflagrou, nesta quinta-feira (28\/8), a segunda e a terceira [&hellip;]<\/p>\n","protected":false},"author":2,"featured_media":0,"comment_status":"open","ping_status":"open","sticky":false,"template":"","format":"standard","meta":{"site-sidebar-layout":"default","site-content-layout":"","ast-site-content-layout":"default","site-content-style":"default","site-sidebar-style":"default","ast-global-header-display":"","ast-banner-title-visibility":"","ast-main-header-display":"","ast-hfb-above-header-display":"","ast-hfb-below-header-display":"","ast-hfb-mobile-header-display":"","site-post-title":"","ast-breadcrumbs-content":"","ast-featured-img":"","footer-sml-layout":"","ast-disable-related-posts":"","theme-transparent-header-meta":"","adv-header-id-meta":"","stick-header-meta":"","header-above-stick-meta":"","header-main-stick-meta":"","header-below-stick-meta":"","astra-migrate-meta-layouts":"default","ast-page-background-enabled":"default","ast-page-background-meta":{"desktop":{"background-color":"var(--ast-global-color-5)","background-image":"","background-repeat":"repeat","background-position":"center center","background-size":"auto","background-attachment":"scroll","background-type":"","background-media":"","overlay-type":"","overlay-color":"","overlay-opacity":"","overlay-gradient":""},"tablet":{"background-color":"","background-image":"","background-repeat":"repeat","background-position":"center center","background-size":"auto","background-attachment":"scroll","background-type":"","background-media":"","overlay-type":"","overlay-color":"","overlay-opacity":"","overlay-gradient":""},"mobile":{"background-color":"","background-image":"","background-repeat":"repeat","background-position":"center center","background-size":"auto","background-attachment":"scroll","background-type":"","background-media":"","overlay-type":"","overlay-color":"","overlay-opacity":"","overlay-gradient":""}},"ast-content-background-meta":{"desktop":{"background-color":"var(--ast-global-color-4)","background-image":"","background-repeat":"repeat","background-position":"center center","background-size":"auto","background-attachment":"scroll","background-type":"","background-media":"","overlay-type":"","overlay-color":"","overlay-opacity":"","overlay-gradient":""},"tablet":{"background-color":"var(--ast-global-color-4)","background-image":"","background-repeat":"repeat","background-position":"center center","background-size":"auto","background-attachment":"scroll","background-type":"","background-media":"","overlay-type":"","overlay-color":"","overlay-opacity":"","overlay-gradient":""},"mobile":{"background-color":"var(--ast-global-color-4)","background-image":"","background-repeat":"repeat","background-position":"center center","background-size":"auto","background-attachment":"scroll","background-type":"","background-media":"","overlay-type":"","overlay-color":"","overlay-opacity":"","overlay-gradient":""}},"footnotes":""},"categories":[1],"tags":[],"class_list":["post-147767","post","type-post","status-publish","format-standard","hentry","category-sem-categoria"],"yoast_head":"<!-- This site is optimized with the Yoast SEO plugin v26.6 - https:\/\/yoast.com\/wordpress\/plugins\/seo\/ -->\n<title>PF cumpre mandado no Maranh\u00e3o em opera\u00e7\u00e3o contra atos preparat\u00f3rios de terrorismo, incita\u00e7\u00e3o ao \u00f3dio e ao genoc\u00eddio - Daniel Matos<\/title>\n<meta name=\"robots\" content=\"index, follow, max-snippet:-1, max-image-preview:large, max-video-preview:-1\" \/>\n<link rel=\"canonical\" href=\"https:\/\/www.blogsoestado.com\/danielmatos\/pf-cumpre-mandado-no-maranhao-em-operacao-para-desarticular-atos-preparatorios-de-terrorismo-e-incitacao-ao-genocidio-e-ao-odio-nos-estados\/\" \/>\n<meta property=\"og:locale\" content=\"pt_BR\" \/>\n<meta property=\"og:type\" content=\"article\" \/>\n<meta property=\"og:title\" content=\"PF cumpre mandado no Maranh\u00e3o em opera\u00e7\u00e3o contra atos preparat\u00f3rios de terrorismo, incita\u00e7\u00e3o ao \u00f3dio e ao genoc\u00eddio - Daniel Matos\" \/>\n<meta property=\"og:description\" content=\"Foram cumpridos dois mandados de busca e apreens\u00e3o A Pol\u00edcia Federal deflagrou, nesta quinta-feira (28\/8), a segunda e a terceira [&hellip;]\" \/>\n<meta property=\"og:url\" content=\"https:\/\/www.blogsoestado.com\/danielmatos\/pf-cumpre-mandado-no-maranhao-em-operacao-para-desarticular-atos-preparatorios-de-terrorismo-e-incitacao-ao-genocidio-e-ao-odio-nos-estados\/\" \/>\n<meta property=\"og:site_name\" content=\"Daniel Matos\" \/>\n<meta property=\"article:published_time\" content=\"2025-08-28T17:13:45+00:00\" \/>\n<meta property=\"article:modified_time\" content=\"2025-08-29T03:33:21+00:00\" \/>\n<meta property=\"og:image\" content=\"https:\/\/www.blogsoestado.com\/danielmatos\/wp-content\/uploads\/sites\/2\/2025\/08\/1003463012.jpg\" \/>\n\t<meta property=\"og:image:width\" content=\"760\" \/>\n\t<meta property=\"og:image:height\" content=\"768\" \/>\n\t<meta property=\"og:image:type\" content=\"image\/jpeg\" \/>\n<meta name=\"author\" content=\"Daniel Matos\" \/>\n<meta name=\"twitter:card\" content=\"summary_large_image\" \/>\n<meta name=\"twitter:label1\" content=\"Escrito por\" \/>\n\t<meta name=\"twitter:data1\" content=\"Daniel Matos\" \/>\n\t<meta name=\"twitter:label2\" content=\"Est. tempo de leitura\" \/>\n\t<meta name=\"twitter:data2\" content=\"3 minutos\" \/>\n<script type=\"application\/ld+json\" class=\"yoast-schema-graph\">{\"@context\":\"https:\/\/schema.org\",\"@graph\":[{\"@type\":\"WebPage\",\"@id\":\"https:\/\/www.blogsoestado.com\/danielmatos\/pf-cumpre-mandado-no-maranhao-em-operacao-para-desarticular-atos-preparatorios-de-terrorismo-e-incitacao-ao-genocidio-e-ao-odio-nos-estados\/\",\"url\":\"https:\/\/www.blogsoestado.com\/danielmatos\/pf-cumpre-mandado-no-maranhao-em-operacao-para-desarticular-atos-preparatorios-de-terrorismo-e-incitacao-ao-genocidio-e-ao-odio-nos-estados\/\",\"name\":\"PF cumpre mandado no Maranh\u00e3o em opera\u00e7\u00e3o contra atos preparat\u00f3rios de terrorismo, incita\u00e7\u00e3o ao \u00f3dio e ao genoc\u00eddio - Daniel Matos\",\"isPartOf\":{\"@id\":\"https:\/\/www.blogsoestado.com\/danielmatos\/#website\"},\"primaryImageOfPage\":{\"@id\":\"https:\/\/www.blogsoestado.com\/danielmatos\/pf-cumpre-mandado-no-maranhao-em-operacao-para-desarticular-atos-preparatorios-de-terrorismo-e-incitacao-ao-genocidio-e-ao-odio-nos-estados\/#primaryimage\"},\"image\":{\"@id\":\"https:\/\/www.blogsoestado.com\/danielmatos\/pf-cumpre-mandado-no-maranhao-em-operacao-para-desarticular-atos-preparatorios-de-terrorismo-e-incitacao-ao-genocidio-e-ao-odio-nos-estados\/#primaryimage\"},\"thumbnailUrl\":\"https:\/\/www.blogsoestado.com\/danielmatos\/wp-content\/uploads\/sites\/2\/2025\/08\/1003463012.jpg\",\"datePublished\":\"2025-08-28T17:13:45+00:00\",\"dateModified\":\"2025-08-29T03:33:21+00:00\",\"author\":{\"@id\":\"https:\/\/www.blogsoestado.com\/danielmatos\/#\/schema\/person\/9a209d407cd45631f131e1285b661bb0\"},\"breadcrumb\":{\"@id\":\"https:\/\/www.blogsoestado.com\/danielmatos\/pf-cumpre-mandado-no-maranhao-em-operacao-para-desarticular-atos-preparatorios-de-terrorismo-e-incitacao-ao-genocidio-e-ao-odio-nos-estados\/#breadcrumb\"},\"inLanguage\":\"pt-BR\",\"potentialAction\":[{\"@type\":\"ReadAction\",\"target\":[\"https:\/\/www.blogsoestado.com\/danielmatos\/pf-cumpre-mandado-no-maranhao-em-operacao-para-desarticular-atos-preparatorios-de-terrorismo-e-incitacao-ao-genocidio-e-ao-odio-nos-estados\/\"]}]},{\"@type\":\"ImageObject\",\"inLanguage\":\"pt-BR\",\"@id\":\"https:\/\/www.blogsoestado.com\/danielmatos\/pf-cumpre-mandado-no-maranhao-em-operacao-para-desarticular-atos-preparatorios-de-terrorismo-e-incitacao-ao-genocidio-e-ao-odio-nos-estados\/#primaryimage\",\"url\":\"https:\/\/www.blogsoestado.com\/danielmatos\/wp-content\/uploads\/sites\/2\/2025\/08\/1003463012.jpg\",\"contentUrl\":\"https:\/\/www.blogsoestado.com\/danielmatos\/wp-content\/uploads\/sites\/2\/2025\/08\/1003463012.jpg\",\"width\":760,\"height\":768},{\"@type\":\"BreadcrumbList\",\"@id\":\"https:\/\/www.blogsoestado.com\/danielmatos\/pf-cumpre-mandado-no-maranhao-em-operacao-para-desarticular-atos-preparatorios-de-terrorismo-e-incitacao-ao-genocidio-e-ao-odio-nos-estados\/#breadcrumb\",\"itemListElement\":[{\"@type\":\"ListItem\",\"position\":1,\"name\":\"In\u00edcio\",\"item\":\"https:\/\/www.blogsoestado.com\/danielmatos\/\"},{\"@type\":\"ListItem\",\"position\":2,\"name\":\"PF cumpre mandado no Maranh\u00e3o em opera\u00e7\u00e3o contra atos preparat\u00f3rios de terrorismo, incita\u00e7\u00e3o ao \u00f3dio e ao genoc\u00eddio\"}]},{\"@type\":\"WebSite\",\"@id\":\"https:\/\/www.blogsoestado.com\/danielmatos\/#website\",\"url\":\"https:\/\/www.blogsoestado.com\/danielmatos\/\",\"name\":\"Daniel Matos\",\"description\":\"\",\"potentialAction\":[{\"@type\":\"SearchAction\",\"target\":{\"@type\":\"EntryPoint\",\"urlTemplate\":\"https:\/\/www.blogsoestado.com\/danielmatos\/?s={search_term_string}\"},\"query-input\":{\"@type\":\"PropertyValueSpecification\",\"valueRequired\":true,\"valueName\":\"search_term_string\"}}],\"inLanguage\":\"pt-BR\"},{\"@type\":\"Person\",\"@id\":\"https:\/\/www.blogsoestado.com\/danielmatos\/#\/schema\/person\/9a209d407cd45631f131e1285b661bb0\",\"name\":\"Daniel Matos\",\"image\":{\"@type\":\"ImageObject\",\"inLanguage\":\"pt-BR\",\"@id\":\"https:\/\/www.blogsoestado.com\/danielmatos\/#\/schema\/person\/image\/\",\"url\":\"https:\/\/secure.gravatar.com\/avatar\/2f26c36ee355da19a257f0dfef43952a2588b324ca35d6719e859fe338ac0392?s=96&d=mm&r=g\",\"contentUrl\":\"https:\/\/secure.gravatar.com\/avatar\/2f26c36ee355da19a257f0dfef43952a2588b324ca35d6719e859fe338ac0392?s=96&d=mm&r=g\",\"caption\":\"Daniel Matos\"},\"url\":\"https:\/\/www.blogsoestado.com\/danielmatos\/author\/danielmatos\/\"}]}<\/script>\n<!-- \/ Yoast SEO plugin. -->","yoast_head_json":{"title":"PF cumpre mandado no Maranh\u00e3o em opera\u00e7\u00e3o contra atos preparat\u00f3rios de terrorismo, incita\u00e7\u00e3o ao \u00f3dio e ao genoc\u00eddio - Daniel Matos","robots":{"index":"index","follow":"follow","max-snippet":"max-snippet:-1","max-image-preview":"max-image-preview:large","max-video-preview":"max-video-preview:-1"},"canonical":"https:\/\/www.blogsoestado.com\/danielmatos\/pf-cumpre-mandado-no-maranhao-em-operacao-para-desarticular-atos-preparatorios-de-terrorismo-e-incitacao-ao-genocidio-e-ao-odio-nos-estados\/","og_locale":"pt_BR","og_type":"article","og_title":"PF cumpre mandado no Maranh\u00e3o em opera\u00e7\u00e3o contra atos preparat\u00f3rios de terrorismo, incita\u00e7\u00e3o ao \u00f3dio e ao genoc\u00eddio - Daniel Matos","og_description":"Foram cumpridos dois mandados de busca e apreens\u00e3o A Pol\u00edcia Federal deflagrou, nesta quinta-feira (28\/8), a segunda e a terceira [&hellip;]","og_url":"https:\/\/www.blogsoestado.com\/danielmatos\/pf-cumpre-mandado-no-maranhao-em-operacao-para-desarticular-atos-preparatorios-de-terrorismo-e-incitacao-ao-genocidio-e-ao-odio-nos-estados\/","og_site_name":"Daniel Matos","article_published_time":"2025-08-28T17:13:45+00:00","article_modified_time":"2025-08-29T03:33:21+00:00","og_image":[{"width":760,"height":768,"url":"https:\/\/www.blogsoestado.com\/danielmatos\/wp-content\/uploads\/sites\/2\/2025\/08\/1003463012.jpg","type":"image\/jpeg"}],"author":"Daniel Matos","twitter_card":"summary_large_image","twitter_misc":{"Escrito por":"Daniel Matos","Est. tempo de leitura":"3 minutos"},"schema":{"@context":"https:\/\/schema.org","@graph":[{"@type":"WebPage","@id":"https:\/\/www.blogsoestado.com\/danielmatos\/pf-cumpre-mandado-no-maranhao-em-operacao-para-desarticular-atos-preparatorios-de-terrorismo-e-incitacao-ao-genocidio-e-ao-odio-nos-estados\/","url":"https:\/\/www.blogsoestado.com\/danielmatos\/pf-cumpre-mandado-no-maranhao-em-operacao-para-desarticular-atos-preparatorios-de-terrorismo-e-incitacao-ao-genocidio-e-ao-odio-nos-estados\/","name":"PF cumpre mandado no Maranh\u00e3o em opera\u00e7\u00e3o contra atos preparat\u00f3rios de terrorismo, incita\u00e7\u00e3o ao \u00f3dio e ao genoc\u00eddio - Daniel Matos","isPartOf":{"@id":"https:\/\/www.blogsoestado.com\/danielmatos\/#website"},"primaryImageOfPage":{"@id":"https:\/\/www.blogsoestado.com\/danielmatos\/pf-cumpre-mandado-no-maranhao-em-operacao-para-desarticular-atos-preparatorios-de-terrorismo-e-incitacao-ao-genocidio-e-ao-odio-nos-estados\/#primaryimage"},"image":{"@id":"https:\/\/www.blogsoestado.com\/danielmatos\/pf-cumpre-mandado-no-maranhao-em-operacao-para-desarticular-atos-preparatorios-de-terrorismo-e-incitacao-ao-genocidio-e-ao-odio-nos-estados\/#primaryimage"},"thumbnailUrl":"https:\/\/www.blogsoestado.com\/danielmatos\/wp-content\/uploads\/sites\/2\/2025\/08\/1003463012.jpg","datePublished":"2025-08-28T17:13:45+00:00","dateModified":"2025-08-29T03:33:21+00:00","author":{"@id":"https:\/\/www.blogsoestado.com\/danielmatos\/#\/schema\/person\/9a209d407cd45631f131e1285b661bb0"},"breadcrumb":{"@id":"https:\/\/www.blogsoestado.com\/danielmatos\/pf-cumpre-mandado-no-maranhao-em-operacao-para-desarticular-atos-preparatorios-de-terrorismo-e-incitacao-ao-genocidio-e-ao-odio-nos-estados\/#breadcrumb"},"inLanguage":"pt-BR","potentialAction":[{"@type":"ReadAction","target":["https:\/\/www.blogsoestado.com\/danielmatos\/pf-cumpre-mandado-no-maranhao-em-operacao-para-desarticular-atos-preparatorios-de-terrorismo-e-incitacao-ao-genocidio-e-ao-odio-nos-estados\/"]}]},{"@type":"ImageObject","inLanguage":"pt-BR","@id":"https:\/\/www.blogsoestado.com\/danielmatos\/pf-cumpre-mandado-no-maranhao-em-operacao-para-desarticular-atos-preparatorios-de-terrorismo-e-incitacao-ao-genocidio-e-ao-odio-nos-estados\/#primaryimage","url":"https:\/\/www.blogsoestado.com\/danielmatos\/wp-content\/uploads\/sites\/2\/2025\/08\/1003463012.jpg","contentUrl":"https:\/\/www.blogsoestado.com\/danielmatos\/wp-content\/uploads\/sites\/2\/2025\/08\/1003463012.jpg","width":760,"height":768},{"@type":"BreadcrumbList","@id":"https:\/\/www.blogsoestado.com\/danielmatos\/pf-cumpre-mandado-no-maranhao-em-operacao-para-desarticular-atos-preparatorios-de-terrorismo-e-incitacao-ao-genocidio-e-ao-odio-nos-estados\/#breadcrumb","itemListElement":[{"@type":"ListItem","position":1,"name":"In\u00edcio","item":"https:\/\/www.blogsoestado.com\/danielmatos\/"},{"@type":"ListItem","position":2,"name":"PF cumpre mandado no Maranh\u00e3o em opera\u00e7\u00e3o contra atos preparat\u00f3rios de terrorismo, incita\u00e7\u00e3o ao \u00f3dio e ao genoc\u00eddio"}]},{"@type":"WebSite","@id":"https:\/\/www.blogsoestado.com\/danielmatos\/#website","url":"https:\/\/www.blogsoestado.com\/danielmatos\/","name":"Daniel Matos","description":"","potentialAction":[{"@type":"SearchAction","target":{"@type":"EntryPoint","urlTemplate":"https:\/\/www.blogsoestado.com\/danielmatos\/?s={search_term_string}"},"query-input":{"@type":"PropertyValueSpecification","valueRequired":true,"valueName":"search_term_string"}}],"inLanguage":"pt-BR"},{"@type":"Person","@id":"https:\/\/www.blogsoestado.com\/danielmatos\/#\/schema\/person\/9a209d407cd45631f131e1285b661bb0","name":"Daniel Matos","image":{"@type":"ImageObject","inLanguage":"pt-BR","@id":"https:\/\/www.blogsoestado.com\/danielmatos\/#\/schema\/person\/image\/","url":"https:\/\/secure.gravatar.com\/avatar\/2f26c36ee355da19a257f0dfef43952a2588b324ca35d6719e859fe338ac0392?s=96&d=mm&r=g","contentUrl":"https:\/\/secure.gravatar.com\/avatar\/2f26c36ee355da19a257f0dfef43952a2588b324ca35d6719e859fe338ac0392?s=96&d=mm&r=g","caption":"Daniel Matos"},"url":"https:\/\/www.blogsoestado.com\/danielmatos\/author\/danielmatos\/"}]}},"jetpack_featured_media_url":"","_links":{"self":[{"href":"https:\/\/www.blogsoestado.com\/danielmatos\/wp-json\/wp\/v2\/posts\/147767","targetHints":{"allow":["GET"]}}],"collection":[{"href":"https:\/\/www.blogsoestado.com\/danielmatos\/wp-json\/wp\/v2\/posts"}],"about":[{"href":"https:\/\/www.blogsoestado.com\/danielmatos\/wp-json\/wp\/v2\/types\/post"}],"author":[{"embeddable":true,"href":"https:\/\/www.blogsoestado.com\/danielmatos\/wp-json\/wp\/v2\/users\/2"}],"replies":[{"embeddable":true,"href":"https:\/\/www.blogsoestado.com\/danielmatos\/wp-json\/wp\/v2\/comments?post=147767"}],"version-history":[{"count":2,"href":"https:\/\/www.blogsoestado.com\/danielmatos\/wp-json\/wp\/v2\/posts\/147767\/revisions"}],"predecessor-version":[{"id":147784,"href":"https:\/\/www.blogsoestado.com\/danielmatos\/wp-json\/wp\/v2\/posts\/147767\/revisions\/147784"}],"wp:attachment":[{"href":"https:\/\/www.blogsoestado.com\/danielmatos\/wp-json\/wp\/v2\/media?parent=147767"}],"wp:term":[{"taxonomy":"category","embeddable":true,"href":"https:\/\/www.blogsoestado.com\/danielmatos\/wp-json\/wp\/v2\/categories?post=147767"},{"taxonomy":"post_tag","embeddable":true,"href":"https:\/\/www.blogsoestado.com\/danielmatos\/wp-json\/wp\/v2\/tags?post=147767"}],"curies":[{"name":"wp","href":"https:\/\/api.w.org\/{rel}","templated":true}]}}