{"id":147790,"date":"2025-08-29T08:43:31","date_gmt":"2025-08-29T11:43:31","guid":{"rendered":"https:\/\/www.blogsoestado.com\/danielmatos\/?p=147790"},"modified":"2025-08-29T08:43:34","modified_gmt":"2025-08-29T11:43:34","slug":"assembleia-legislativa-instala-frente-parlamentar-em-defesa-do-sus-e-dos-profissionais-da-saude","status":"publish","type":"post","link":"https:\/\/www.blogsoestado.com\/danielmatos\/assembleia-legislativa-instala-frente-parlamentar-em-defesa-do-sus-e-dos-profissionais-da-saude\/","title":{"rendered":"Assembleia Legislativa instala Frente Parlamentar em Defesa do SUS e dos Profissionais da Sa\u00fade"},"content":{"rendered":"\n<p><strong><mark style=\"color:#cf2e2e\" class=\"has-inline-color\">A Frente busca acompanhar a execu\u00e7\u00e3o das pol\u00edticas de sa\u00fade, propor emendas e fiscalizar a aplica\u00e7\u00e3o dos recursos destinados \u00e0 \u00e1rea<\/mark><\/strong><\/p>\n\n\n\n<figure class=\"wp-block-image aligncenter size-large\"><img fetchpriority=\"high\" decoding=\"async\" width=\"1024\" height=\"683\" src=\"https:\/\/www.blogsoestado.com\/danielmatos\/wp-content\/uploads\/sites\/2\/2025\/08\/1003470997-1024x683.jpg\" alt=\"\" class=\"wp-image-147791\" srcset=\"https:\/\/www.blogsoestado.com\/danielmatos\/wp-content\/uploads\/sites\/2\/2025\/08\/1003470997-1024x683.jpg 1024w, https:\/\/www.blogsoestado.com\/danielmatos\/wp-content\/uploads\/sites\/2\/2025\/08\/1003470997-300x200.jpg 300w, https:\/\/www.blogsoestado.com\/danielmatos\/wp-content\/uploads\/sites\/2\/2025\/08\/1003470997-768x512.jpg 768w, https:\/\/www.blogsoestado.com\/danielmatos\/wp-content\/uploads\/sites\/2\/2025\/08\/1003470997.jpg 1536w\" sizes=\"(max-width: 1024px) 100vw, 1024px\" \/><figcaption class=\"wp-element-caption\">Assembleia Legislativa instala Frente Parlamentar em Defesa do SUS e dos Profissionais da Sa\u00fade<\/figcaption><\/figure>\n\n\n\n<p>A Assembleia Legislativa do Maranh\u00e3o lan\u00e7ou, nesta quinta-feira (28), a Frente Parlamentar em Defesa do SUS, dos Profissionais da Sa\u00fade, Agentes Comunit\u00e1rios e de Combate \u00e0s Endemias. A solenidade de abertura ocorreu na Sala de Reuni\u00f5es da Presid\u00eancia e foi conduzida pela presidente da Casa, deputada Iracema Vale (PSB).<\/p>\n\n\n\n<p>A Frente Parlamentar em Defesa do SUS e dos Profissionais da Sa\u00fade recebeu a assinatura de 27 deputados e tem como prop\u00f3sito ser um espa\u00e7o permanente de monitoramento, articula\u00e7\u00e3o e proposi\u00e7\u00e3o legislativa voltado \u00e0 prote\u00e7\u00e3o dos trabalhadores da \u00e1rea, \u00e0 defesa de suas condi\u00e7\u00f5es laborais e \u00e0 consolida\u00e7\u00e3o de um sistema p\u00fablico de sa\u00fade eficiente e resolutivo.<\/p>\n\n\n\n<p>\u201cDefender o SUS n\u00e3o \u00e9 s\u00f3 uma miss\u00e3o dos trabalhadores da sa\u00fade, mas de todos n\u00f3s. Eu sei o que \u00e9 entrar de casa em casa, acompanhar a sa\u00fade e a vida das pessoas, porque fui enfermeira. A gente acompanha essa luta passo a passo, as conquistas, fruto de muita luta e trabalho dessas categorias. E me ombrear com esses trabalhadores \u00e9 motivo de orgulho, o que fa\u00e7o com muito senso de responsabilidade\u201d, destacou a presidente da Alema, Iracema Vale.<\/p>\n\n\n\n<p>Participaram da reuni\u00e3o de lan\u00e7amento os deputados Ant\u00f4nio Pereira (PSB), que assumiu como presidente da Frente; Davi Brand\u00e3o (PSB), como relator; Adelmo Soares (PSB), Flor\u00eancio Neto (PSB) e Daniella (PSB). Os secret\u00e1rios de Estado da Sa\u00fade (SES), Tiago Fernandes, e de Assuntos Municipalistas, Orleans Brand\u00e3o, al\u00e9m de t\u00e9cnicos da SES e profissionais da \u00e1rea tamb\u00e9m participaram do encontro. &nbsp;<\/p>\n\n\n\n<p>\u201cEsta Frente Parlamentar visa alcan\u00e7ar algumas \u00e1reas que n\u00f3s julgamos muito importantes para o funcionamento da sa\u00fade p\u00fablica, desde a rede b\u00e1sica. Com essa frente, queremos fazer com que haja uma proximidade maior da Casa com todos os trabalhadores em sa\u00fade e, tamb\u00e9m, com o governo do estado, que \u00e9 um forte parceiro nesta luta\u201d, disse o presidente do colegiado, Ant\u00f4nio Pereira.<\/p>\n\n\n\n<p><strong>Pautas<\/strong><\/p>\n\n\n\n<p>Durante a reuni\u00e3o, os profissionais apresentaram as duas primeiras demandas \u00e0 Frente Parlamentar. A primeira foi um relat\u00f3rio contendo a quantidade de munic\u00edpios que precisam de refor\u00e7o na entrega de tablets usados para abastecer com dados importantes o Minist\u00e9rio da Sa\u00fade. A segunda foi a proposta de um projeto de lei que disp\u00f5e sobre a institui\u00e7\u00e3o da pol\u00edtica estadual de cofinanciamento e premia\u00e7\u00e3o dos Agentes Comunit\u00e1rios de Sa\u00fade e dos Agentes de Combate \u00e0s Endemias.<\/p>\n\n\n\n<p>Para o secret\u00e1rio de Assuntos Municipalistas, Orleans Brand\u00e3o, o di\u00e1logo constante, tanto do governo do Estado quanto da Assembleia Legislativa com os profissionais de sa\u00fade \u00e9 de extrema import\u00e2ncia. \u201c\u00c9 conversando, entendendo o que eles est\u00e3o precisando para dar o refor\u00e7o nesse trabalho t\u00e3o importante, que a gente pode avan\u00e7ar em pautas importantes. N\u00f3s sabemos que eles est\u00e3o diretamente nas casas das pessoas, conversando com a popula\u00e7\u00e3o, e isso vai ao encontro do que acreditamos, que \u00e9 o nosso modelo de fazer gest\u00e3o\u201d, frisou o gestor.<\/p>\n\n\n\n<figure class=\"wp-block-image aligncenter size-large\"><img decoding=\"async\" width=\"1024\" height=\"683\" src=\"https:\/\/www.blogsoestado.com\/danielmatos\/wp-content\/uploads\/sites\/2\/2025\/08\/1003471007-1024x683.jpg\" alt=\"\" class=\"wp-image-147792\" srcset=\"https:\/\/www.blogsoestado.com\/danielmatos\/wp-content\/uploads\/sites\/2\/2025\/08\/1003471007-1024x683.jpg 1024w, https:\/\/www.blogsoestado.com\/danielmatos\/wp-content\/uploads\/sites\/2\/2025\/08\/1003471007-300x200.jpg 300w, https:\/\/www.blogsoestado.com\/danielmatos\/wp-content\/uploads\/sites\/2\/2025\/08\/1003471007-768x512.jpg 768w, https:\/\/www.blogsoestado.com\/danielmatos\/wp-content\/uploads\/sites\/2\/2025\/08\/1003471007.jpg 1536w\" sizes=\"(max-width: 1024px) 100vw, 1024px\" \/><figcaption class=\"wp-element-caption\">Presidente da Alema, Iracema Vale, disse que defender o SUS n\u00e3o \u00e9 s\u00f3 uma miss\u00e3o dos trabalhadores da sa\u00fade, mas de todos os cidad\u00e3os<\/figcaption><\/figure>\n\n\n\n<p>Os pr\u00f3ximos passos da frente tamb\u00e9m foram discutidos e a proposta \u00e9 que j\u00e1 na pr\u00f3xima semana ocorra outra reuni\u00e3o na qual ser\u00e3o tra\u00e7ados o planejamento e a forma de execu\u00e7\u00e3o do trabalho da Frente Parlamentar.<\/p>\n\n\n\n<p><strong>Ineditismo<\/strong><\/p>\n\n\n\n<p>O secret\u00e1rio de Estado da Sa\u00fade, Tiago Fernandes, destacou o ineditismo da a\u00e7\u00e3o proposta pela Casa Legislativa. \u201cEu n\u00e3o lembro, nos \u00faltimos anos, do Estado sentando para conversar com os agentes de sa\u00fade. Eram os munic\u00edpios ou os profissionais indo a Bras\u00edlia, lutando pela legisla\u00e7\u00e3o e pela categoria. Mas, no governo Carlos Brand\u00e3o, isso tem acontecido e representa a agenda municipalista que o governador tanto prega, buscando solu\u00e7\u00f5es concretas na defesa dessa agenda\u201d, observou Tiago Fernandes.<\/p>\n\n\n\n<p>Os secret\u00e1rios de estado e os parlamentares acolheram as demandas apresentadas pelos profissionais e se comprometeram em dar prosseguimento \u00e0s discuss\u00f5es nas esferas adequadas.<\/p>\n\n\n\n<p>A presidente da Federa\u00e7\u00e3o Maranhense dos Agentes Comunit\u00e1rios de Sa\u00fade, Shirlene de Maria Sousa Pires, disse que a Frente Parlamentar abre um grande leque de discuss\u00f5es para a categoria. \u201cAqui vamos discutir pol\u00edtica de valoriza\u00e7\u00e3o do trabalhador, entre outras pautas e demandas da nossa categoria, em uma a\u00e7\u00e3o mais ampla e em benef\u00edcio da nossa comunidade, que s\u00e3o as pessoas que n\u00f3s assistimos\u201d, pontuou.<\/p>\n\n\n\n<p><strong>Frente<\/strong><\/p>\n\n\n\n<p>A Frente Parlamentar em Defesa do SUS e dos Profissionais da Sa\u00fade tem como diretriz o reconhecimento da import\u00e2ncia estrat\u00e9gica de todas as categorias profissionais que atuam na aten\u00e7\u00e3o b\u00e1sica, na m\u00e9dia e alta complexidade, na vigil\u00e2ncia sanit\u00e1ria e epidemiol\u00f3gica, agentes comunit\u00e1rios de sa\u00fade e os agentes de combate \u00e0s endemias, que comp\u00f5em a linha de frente na promo\u00e7\u00e3o da sa\u00fade e preven\u00e7\u00e3o de doen\u00e7as.<\/p>\n\n\n\n<p>Al\u00e9m da valoriza\u00e7\u00e3o profissional, a Frente busca acompanhar a execu\u00e7\u00e3o das pol\u00edticas p\u00fablicas de sa\u00fade e os instrumentos or\u00e7ament\u00e1rios (PPA, LDO e LOA), propondo emendas e fiscalizando a correta aplica\u00e7\u00e3o dos recursos destinados \u00e0 sa\u00fade.<\/p>\n","protected":false},"excerpt":{"rendered":"<p>A Frente busca acompanhar a execu\u00e7\u00e3o das pol\u00edticas de sa\u00fade, propor emendas e fiscalizar a aplica\u00e7\u00e3o dos recursos destinados \u00e0 [&hellip;]<\/p>\n","protected":false},"author":2,"featured_media":0,"comment_status":"open","ping_status":"open","sticky":false,"template":"","format":"standard","meta":{"site-sidebar-layout":"default","site-content-layout":"","ast-site-content-layout":"default","site-content-style":"default","site-sidebar-style":"default","ast-global-header-display":"","ast-banner-title-visibility":"","ast-main-header-display":"","ast-hfb-above-header-display":"","ast-hfb-below-header-display":"","ast-hfb-mobile-header-display":"","site-post-title":"","ast-breadcrumbs-content":"","ast-featured-img":"","footer-sml-layout":"","ast-disable-related-posts":"","theme-transparent-header-meta":"","adv-header-id-meta":"","stick-header-meta":"","header-above-stick-meta":"","header-main-stick-meta":"","header-below-stick-meta":"","astra-migrate-meta-layouts":"default","ast-page-background-enabled":"default","ast-page-background-meta":{"desktop":{"background-color":"var(--ast-global-color-5)","background-image":"","background-repeat":"repeat","background-position":"center center","background-size":"auto","background-attachment":"scroll","background-type":"","background-media":"","overlay-type":"","overlay-color":"","overlay-opacity":"","overlay-gradient":""},"tablet":{"background-color":"","background-image":"","background-repeat":"repeat","background-position":"center center","background-size":"auto","background-attachment":"scroll","background-type":"","background-media":"","overlay-type":"","overlay-color":"","overlay-opacity":"","overlay-gradient":""},"mobile":{"background-color":"","background-image":"","background-repeat":"repeat","background-position":"center center","background-size":"auto","background-attachment":"scroll","background-type":"","background-media":"","overlay-type":"","overlay-color":"","overlay-opacity":"","overlay-gradient":""}},"ast-content-background-meta":{"desktop":{"background-color":"var(--ast-global-color-4)","background-image":"","background-repeat":"repeat","background-position":"center center","background-size":"auto","background-attachment":"scroll","background-type":"","background-media":"","overlay-type":"","overlay-color":"","overlay-opacity":"","overlay-gradient":""},"tablet":{"background-color":"var(--ast-global-color-4)","background-image":"","background-repeat":"repeat","background-position":"center center","background-size":"auto","background-attachment":"scroll","background-type":"","background-media":"","overlay-type":"","overlay-color":"","overlay-opacity":"","overlay-gradient":""},"mobile":{"background-color":"var(--ast-global-color-4)","background-image":"","background-repeat":"repeat","background-position":"center center","background-size":"auto","background-attachment":"scroll","background-type":"","background-media":"","overlay-type":"","overlay-color":"","overlay-opacity":"","overlay-gradient":""}},"footnotes":""},"categories":[1],"tags":[],"class_list":["post-147790","post","type-post","status-publish","format-standard","hentry","category-sem-categoria"],"yoast_head":"<!-- This site is optimized with the Yoast SEO plugin v26.6 - https:\/\/yoast.com\/wordpress\/plugins\/seo\/ -->\n<title>Assembleia Legislativa instala Frente Parlamentar em Defesa do SUS e dos Profissionais da Sa\u00fade - Daniel Matos<\/title>\n<meta name=\"robots\" content=\"index, follow, max-snippet:-1, max-image-preview:large, max-video-preview:-1\" \/>\n<link rel=\"canonical\" href=\"https:\/\/www.blogsoestado.com\/danielmatos\/assembleia-legislativa-instala-frente-parlamentar-em-defesa-do-sus-e-dos-profissionais-da-saude\/\" \/>\n<meta property=\"og:locale\" content=\"pt_BR\" \/>\n<meta property=\"og:type\" content=\"article\" \/>\n<meta property=\"og:title\" content=\"Assembleia Legislativa instala Frente Parlamentar em Defesa do SUS e dos Profissionais da Sa\u00fade - Daniel Matos\" \/>\n<meta property=\"og:description\" content=\"A Frente busca acompanhar a execu\u00e7\u00e3o das pol\u00edticas de sa\u00fade, propor emendas e fiscalizar a aplica\u00e7\u00e3o dos recursos destinados \u00e0 [&hellip;]\" \/>\n<meta property=\"og:url\" content=\"https:\/\/www.blogsoestado.com\/danielmatos\/assembleia-legislativa-instala-frente-parlamentar-em-defesa-do-sus-e-dos-profissionais-da-saude\/\" \/>\n<meta property=\"og:site_name\" content=\"Daniel Matos\" \/>\n<meta property=\"article:published_time\" content=\"2025-08-29T11:43:31+00:00\" \/>\n<meta property=\"article:modified_time\" content=\"2025-08-29T11:43:34+00:00\" \/>\n<meta property=\"og:image\" content=\"https:\/\/www.blogsoestado.com\/danielmatos\/wp-content\/uploads\/sites\/2\/2025\/08\/1003470997.jpg\" \/>\n\t<meta property=\"og:image:width\" content=\"1536\" \/>\n\t<meta property=\"og:image:height\" content=\"1024\" \/>\n\t<meta property=\"og:image:type\" content=\"image\/jpeg\" \/>\n<meta name=\"author\" content=\"Daniel Matos\" \/>\n<meta name=\"twitter:card\" content=\"summary_large_image\" \/>\n<meta name=\"twitter:label1\" content=\"Escrito por\" \/>\n\t<meta name=\"twitter:data1\" content=\"Daniel Matos\" \/>\n\t<meta name=\"twitter:label2\" content=\"Est. tempo de leitura\" \/>\n\t<meta name=\"twitter:data2\" content=\"5 minutos\" \/>\n<script type=\"application\/ld+json\" class=\"yoast-schema-graph\">{\"@context\":\"https:\/\/schema.org\",\"@graph\":[{\"@type\":\"WebPage\",\"@id\":\"https:\/\/www.blogsoestado.com\/danielmatos\/assembleia-legislativa-instala-frente-parlamentar-em-defesa-do-sus-e-dos-profissionais-da-saude\/\",\"url\":\"https:\/\/www.blogsoestado.com\/danielmatos\/assembleia-legislativa-instala-frente-parlamentar-em-defesa-do-sus-e-dos-profissionais-da-saude\/\",\"name\":\"Assembleia Legislativa instala Frente Parlamentar em Defesa do SUS e dos Profissionais da Sa\u00fade - Daniel Matos\",\"isPartOf\":{\"@id\":\"https:\/\/www.blogsoestado.com\/danielmatos\/#website\"},\"primaryImageOfPage\":{\"@id\":\"https:\/\/www.blogsoestado.com\/danielmatos\/assembleia-legislativa-instala-frente-parlamentar-em-defesa-do-sus-e-dos-profissionais-da-saude\/#primaryimage\"},\"image\":{\"@id\":\"https:\/\/www.blogsoestado.com\/danielmatos\/assembleia-legislativa-instala-frente-parlamentar-em-defesa-do-sus-e-dos-profissionais-da-saude\/#primaryimage\"},\"thumbnailUrl\":\"https:\/\/www.blogsoestado.com\/danielmatos\/wp-content\/uploads\/sites\/2\/2025\/08\/1003470997-1024x683.jpg\",\"datePublished\":\"2025-08-29T11:43:31+00:00\",\"dateModified\":\"2025-08-29T11:43:34+00:00\",\"author\":{\"@id\":\"https:\/\/www.blogsoestado.com\/danielmatos\/#\/schema\/person\/9a209d407cd45631f131e1285b661bb0\"},\"breadcrumb\":{\"@id\":\"https:\/\/www.blogsoestado.com\/danielmatos\/assembleia-legislativa-instala-frente-parlamentar-em-defesa-do-sus-e-dos-profissionais-da-saude\/#breadcrumb\"},\"inLanguage\":\"pt-BR\",\"potentialAction\":[{\"@type\":\"ReadAction\",\"target\":[\"https:\/\/www.blogsoestado.com\/danielmatos\/assembleia-legislativa-instala-frente-parlamentar-em-defesa-do-sus-e-dos-profissionais-da-saude\/\"]}]},{\"@type\":\"ImageObject\",\"inLanguage\":\"pt-BR\",\"@id\":\"https:\/\/www.blogsoestado.com\/danielmatos\/assembleia-legislativa-instala-frente-parlamentar-em-defesa-do-sus-e-dos-profissionais-da-saude\/#primaryimage\",\"url\":\"https:\/\/www.blogsoestado.com\/danielmatos\/wp-content\/uploads\/sites\/2\/2025\/08\/1003470997.jpg\",\"contentUrl\":\"https:\/\/www.blogsoestado.com\/danielmatos\/wp-content\/uploads\/sites\/2\/2025\/08\/1003470997.jpg\",\"width\":1536,\"height\":1024},{\"@type\":\"BreadcrumbList\",\"@id\":\"https:\/\/www.blogsoestado.com\/danielmatos\/assembleia-legislativa-instala-frente-parlamentar-em-defesa-do-sus-e-dos-profissionais-da-saude\/#breadcrumb\",\"itemListElement\":[{\"@type\":\"ListItem\",\"position\":1,\"name\":\"In\u00edcio\",\"item\":\"https:\/\/www.blogsoestado.com\/danielmatos\/\"},{\"@type\":\"ListItem\",\"position\":2,\"name\":\"Assembleia Legislativa instala Frente Parlamentar em Defesa do SUS e dos Profissionais da Sa\u00fade\"}]},{\"@type\":\"WebSite\",\"@id\":\"https:\/\/www.blogsoestado.com\/danielmatos\/#website\",\"url\":\"https:\/\/www.blogsoestado.com\/danielmatos\/\",\"name\":\"Daniel Matos\",\"description\":\"\",\"potentialAction\":[{\"@type\":\"SearchAction\",\"target\":{\"@type\":\"EntryPoint\",\"urlTemplate\":\"https:\/\/www.blogsoestado.com\/danielmatos\/?s={search_term_string}\"},\"query-input\":{\"@type\":\"PropertyValueSpecification\",\"valueRequired\":true,\"valueName\":\"search_term_string\"}}],\"inLanguage\":\"pt-BR\"},{\"@type\":\"Person\",\"@id\":\"https:\/\/www.blogsoestado.com\/danielmatos\/#\/schema\/person\/9a209d407cd45631f131e1285b661bb0\",\"name\":\"Daniel Matos\",\"image\":{\"@type\":\"ImageObject\",\"inLanguage\":\"pt-BR\",\"@id\":\"https:\/\/www.blogsoestado.com\/danielmatos\/#\/schema\/person\/image\/\",\"url\":\"https:\/\/secure.gravatar.com\/avatar\/2f26c36ee355da19a257f0dfef43952a2588b324ca35d6719e859fe338ac0392?s=96&d=mm&r=g\",\"contentUrl\":\"https:\/\/secure.gravatar.com\/avatar\/2f26c36ee355da19a257f0dfef43952a2588b324ca35d6719e859fe338ac0392?s=96&d=mm&r=g\",\"caption\":\"Daniel Matos\"},\"url\":\"https:\/\/www.blogsoestado.com\/danielmatos\/author\/danielmatos\/\"}]}<\/script>\n<!-- \/ Yoast SEO plugin. -->","yoast_head_json":{"title":"Assembleia Legislativa instala Frente Parlamentar em Defesa do SUS e dos Profissionais da Sa\u00fade - Daniel Matos","robots":{"index":"index","follow":"follow","max-snippet":"max-snippet:-1","max-image-preview":"max-image-preview:large","max-video-preview":"max-video-preview:-1"},"canonical":"https:\/\/www.blogsoestado.com\/danielmatos\/assembleia-legislativa-instala-frente-parlamentar-em-defesa-do-sus-e-dos-profissionais-da-saude\/","og_locale":"pt_BR","og_type":"article","og_title":"Assembleia Legislativa instala Frente Parlamentar em Defesa do SUS e dos Profissionais da Sa\u00fade - Daniel Matos","og_description":"A Frente busca acompanhar a execu\u00e7\u00e3o das pol\u00edticas de sa\u00fade, propor emendas e fiscalizar a aplica\u00e7\u00e3o dos recursos destinados \u00e0 [&hellip;]","og_url":"https:\/\/www.blogsoestado.com\/danielmatos\/assembleia-legislativa-instala-frente-parlamentar-em-defesa-do-sus-e-dos-profissionais-da-saude\/","og_site_name":"Daniel Matos","article_published_time":"2025-08-29T11:43:31+00:00","article_modified_time":"2025-08-29T11:43:34+00:00","og_image":[{"width":1536,"height":1024,"url":"https:\/\/www.blogsoestado.com\/danielmatos\/wp-content\/uploads\/sites\/2\/2025\/08\/1003470997.jpg","type":"image\/jpeg"}],"author":"Daniel Matos","twitter_card":"summary_large_image","twitter_misc":{"Escrito por":"Daniel Matos","Est. tempo de leitura":"5 minutos"},"schema":{"@context":"https:\/\/schema.org","@graph":[{"@type":"WebPage","@id":"https:\/\/www.blogsoestado.com\/danielmatos\/assembleia-legislativa-instala-frente-parlamentar-em-defesa-do-sus-e-dos-profissionais-da-saude\/","url":"https:\/\/www.blogsoestado.com\/danielmatos\/assembleia-legislativa-instala-frente-parlamentar-em-defesa-do-sus-e-dos-profissionais-da-saude\/","name":"Assembleia Legislativa instala Frente Parlamentar em Defesa do SUS e dos Profissionais da Sa\u00fade - Daniel Matos","isPartOf":{"@id":"https:\/\/www.blogsoestado.com\/danielmatos\/#website"},"primaryImageOfPage":{"@id":"https:\/\/www.blogsoestado.com\/danielmatos\/assembleia-legislativa-instala-frente-parlamentar-em-defesa-do-sus-e-dos-profissionais-da-saude\/#primaryimage"},"image":{"@id":"https:\/\/www.blogsoestado.com\/danielmatos\/assembleia-legislativa-instala-frente-parlamentar-em-defesa-do-sus-e-dos-profissionais-da-saude\/#primaryimage"},"thumbnailUrl":"https:\/\/www.blogsoestado.com\/danielmatos\/wp-content\/uploads\/sites\/2\/2025\/08\/1003470997-1024x683.jpg","datePublished":"2025-08-29T11:43:31+00:00","dateModified":"2025-08-29T11:43:34+00:00","author":{"@id":"https:\/\/www.blogsoestado.com\/danielmatos\/#\/schema\/person\/9a209d407cd45631f131e1285b661bb0"},"breadcrumb":{"@id":"https:\/\/www.blogsoestado.com\/danielmatos\/assembleia-legislativa-instala-frente-parlamentar-em-defesa-do-sus-e-dos-profissionais-da-saude\/#breadcrumb"},"inLanguage":"pt-BR","potentialAction":[{"@type":"ReadAction","target":["https:\/\/www.blogsoestado.com\/danielmatos\/assembleia-legislativa-instala-frente-parlamentar-em-defesa-do-sus-e-dos-profissionais-da-saude\/"]}]},{"@type":"ImageObject","inLanguage":"pt-BR","@id":"https:\/\/www.blogsoestado.com\/danielmatos\/assembleia-legislativa-instala-frente-parlamentar-em-defesa-do-sus-e-dos-profissionais-da-saude\/#primaryimage","url":"https:\/\/www.blogsoestado.com\/danielmatos\/wp-content\/uploads\/sites\/2\/2025\/08\/1003470997.jpg","contentUrl":"https:\/\/www.blogsoestado.com\/danielmatos\/wp-content\/uploads\/sites\/2\/2025\/08\/1003470997.jpg","width":1536,"height":1024},{"@type":"BreadcrumbList","@id":"https:\/\/www.blogsoestado.com\/danielmatos\/assembleia-legislativa-instala-frente-parlamentar-em-defesa-do-sus-e-dos-profissionais-da-saude\/#breadcrumb","itemListElement":[{"@type":"ListItem","position":1,"name":"In\u00edcio","item":"https:\/\/www.blogsoestado.com\/danielmatos\/"},{"@type":"ListItem","position":2,"name":"Assembleia Legislativa instala Frente Parlamentar em Defesa do SUS e dos Profissionais da Sa\u00fade"}]},{"@type":"WebSite","@id":"https:\/\/www.blogsoestado.com\/danielmatos\/#website","url":"https:\/\/www.blogsoestado.com\/danielmatos\/","name":"Daniel Matos","description":"","potentialAction":[{"@type":"SearchAction","target":{"@type":"EntryPoint","urlTemplate":"https:\/\/www.blogsoestado.com\/danielmatos\/?s={search_term_string}"},"query-input":{"@type":"PropertyValueSpecification","valueRequired":true,"valueName":"search_term_string"}}],"inLanguage":"pt-BR"},{"@type":"Person","@id":"https:\/\/www.blogsoestado.com\/danielmatos\/#\/schema\/person\/9a209d407cd45631f131e1285b661bb0","name":"Daniel Matos","image":{"@type":"ImageObject","inLanguage":"pt-BR","@id":"https:\/\/www.blogsoestado.com\/danielmatos\/#\/schema\/person\/image\/","url":"https:\/\/secure.gravatar.com\/avatar\/2f26c36ee355da19a257f0dfef43952a2588b324ca35d6719e859fe338ac0392?s=96&d=mm&r=g","contentUrl":"https:\/\/secure.gravatar.com\/avatar\/2f26c36ee355da19a257f0dfef43952a2588b324ca35d6719e859fe338ac0392?s=96&d=mm&r=g","caption":"Daniel Matos"},"url":"https:\/\/www.blogsoestado.com\/danielmatos\/author\/danielmatos\/"}]}},"jetpack_featured_media_url":"","_links":{"self":[{"href":"https:\/\/www.blogsoestado.com\/danielmatos\/wp-json\/wp\/v2\/posts\/147790","targetHints":{"allow":["GET"]}}],"collection":[{"href":"https:\/\/www.blogsoestado.com\/danielmatos\/wp-json\/wp\/v2\/posts"}],"about":[{"href":"https:\/\/www.blogsoestado.com\/danielmatos\/wp-json\/wp\/v2\/types\/post"}],"author":[{"embeddable":true,"href":"https:\/\/www.blogsoestado.com\/danielmatos\/wp-json\/wp\/v2\/users\/2"}],"replies":[{"embeddable":true,"href":"https:\/\/www.blogsoestado.com\/danielmatos\/wp-json\/wp\/v2\/comments?post=147790"}],"version-history":[{"count":1,"href":"https:\/\/www.blogsoestado.com\/danielmatos\/wp-json\/wp\/v2\/posts\/147790\/revisions"}],"predecessor-version":[{"id":147793,"href":"https:\/\/www.blogsoestado.com\/danielmatos\/wp-json\/wp\/v2\/posts\/147790\/revisions\/147793"}],"wp:attachment":[{"href":"https:\/\/www.blogsoestado.com\/danielmatos\/wp-json\/wp\/v2\/media?parent=147790"}],"wp:term":[{"taxonomy":"category","embeddable":true,"href":"https:\/\/www.blogsoestado.com\/danielmatos\/wp-json\/wp\/v2\/categories?post=147790"},{"taxonomy":"post_tag","embeddable":true,"href":"https:\/\/www.blogsoestado.com\/danielmatos\/wp-json\/wp\/v2\/tags?post=147790"}],"curies":[{"name":"wp","href":"https:\/\/api.w.org\/{rel}","templated":true}]}}