{"id":147794,"date":"2025-08-29T11:23:18","date_gmt":"2025-08-29T14:23:18","guid":{"rendered":"https:\/\/www.blogsoestado.com\/danielmatos\/?p=147794"},"modified":"2025-08-29T11:23:24","modified_gmt":"2025-08-29T14:23:24","slug":"workshop-sobre-impactos-causados-por-acidentes-de-transito-envolvendo-postes-da-rede-eletrica-e-realizado-em-sao-luis","status":"publish","type":"post","link":"https:\/\/www.blogsoestado.com\/danielmatos\/workshop-sobre-impactos-causados-por-acidentes-de-transito-envolvendo-postes-da-rede-eletrica-e-realizado-em-sao-luis\/","title":{"rendered":"Workshop sobre impactos causados por acidentes de tr\u00e2nsito envolvendo postes da rede el\u00e9trica \u00e9 realizado em S\u00e3o Lu\u00eds"},"content":{"rendered":"\n<p><strong><mark style=\"color:#cf2e2e\" class=\"has-inline-color\">Evento \u00e9 promovido pela Associa\u00e7\u00e3o Brasileira de Engenheiros Eletricistas (ABEE-MA) e tem participa\u00e7\u00e3o da Equatorial Maranh\u00e3o<\/mark><\/strong><\/p>\n\n\n\n<figure class=\"wp-block-image aligncenter size-large\"><img fetchpriority=\"high\" decoding=\"async\" width=\"1024\" height=\"768\" src=\"https:\/\/www.blogsoestado.com\/danielmatos\/wp-content\/uploads\/sites\/2\/2025\/08\/1003473363-1024x768.jpg\" alt=\"\" class=\"wp-image-147795\" srcset=\"https:\/\/www.blogsoestado.com\/danielmatos\/wp-content\/uploads\/sites\/2\/2025\/08\/1003473363-1024x768.jpg 1024w, https:\/\/www.blogsoestado.com\/danielmatos\/wp-content\/uploads\/sites\/2\/2025\/08\/1003473363-300x225.jpg 300w, https:\/\/www.blogsoestado.com\/danielmatos\/wp-content\/uploads\/sites\/2\/2025\/08\/1003473363-768x576.jpg 768w, https:\/\/www.blogsoestado.com\/danielmatos\/wp-content\/uploads\/sites\/2\/2025\/08\/1003473363-1536x1152.jpg 1536w, https:\/\/www.blogsoestado.com\/danielmatos\/wp-content\/uploads\/sites\/2\/2025\/08\/1003473363.jpg 1600w\" sizes=\"(max-width: 1024px) 100vw, 1024px\" \/><figcaption class=\"wp-element-caption\">O diretor de Rela\u00e7\u00f5es Institucionais da Equatorial Maranh\u00e3o, Jos\u00e9 Jorge Soares, ministrou a palestra de abertura, com o tema \u201cDesafios para a Seguran\u00e7a F\u00edsica das Redes de Energia\u201d<\/figcaption><\/figure>\n\n\n\n<p>Foi iniciado, no \u00faltimo dia 26, o Workshop \u201cColis\u00f5es Veiculares na Rede de Energia El\u00e9trica\u201d, realizado no Edif\u00edcio Jo\u00e3o Goulart, no Centro de S\u00e3o Lu\u00eds, com o objetivo de discutir os impactos causados pela grande quantidade de acidentes de tr\u00e2nsito envolvendo postes da rede el\u00e9trica.<\/p>\n\n\n\n<p>O evento \u00e9 promovido pela Associa\u00e7\u00e3o Brasileira de Engenheiros Eletricistas (ABEE-MA), em parceria com o Conselho de Consumidores da Equatorial Maranh\u00e3o, al\u00e9m do apoio do Conselho Nacional de Consumidores de Energia El\u00e9trica, da empresa PROGEN Energia e da Ag\u00eancia Nacional de Energia El\u00e9trica (ANEEL). O encontro levanta o debate sobre as consequ\u00eancias da grande quantidade de acidentes de tr\u00e2nsito envolvendo postes da rede el\u00e9trica, assim como busca alternativas para diminuir essas ocorr\u00eancias e seus impactos. Somente em 2024, a Equatorial Maranh\u00e3o contabilizou 1.678 ocorr\u00eancias de ve\u00edculos colidindo em postes da rede el\u00e9trica no estado.<\/p>\n\n\n\n<figure class=\"wp-block-image aligncenter size-large\"><img decoding=\"async\" width=\"1024\" height=\"768\" src=\"https:\/\/www.blogsoestado.com\/danielmatos\/wp-content\/uploads\/sites\/2\/2025\/08\/1003473364-1024x768.jpg\" alt=\"\" class=\"wp-image-147796\" srcset=\"https:\/\/www.blogsoestado.com\/danielmatos\/wp-content\/uploads\/sites\/2\/2025\/08\/1003473364-1024x768.jpg 1024w, https:\/\/www.blogsoestado.com\/danielmatos\/wp-content\/uploads\/sites\/2\/2025\/08\/1003473364-300x225.jpg 300w, https:\/\/www.blogsoestado.com\/danielmatos\/wp-content\/uploads\/sites\/2\/2025\/08\/1003473364-768x576.jpg 768w, https:\/\/www.blogsoestado.com\/danielmatos\/wp-content\/uploads\/sites\/2\/2025\/08\/1003473364-1536x1152.jpg 1536w, https:\/\/www.blogsoestado.com\/danielmatos\/wp-content\/uploads\/sites\/2\/2025\/08\/1003473364.jpg 1600w\" sizes=\"(max-width: 1024px) 100vw, 1024px\" \/><figcaption class=\"wp-element-caption\">O depoimento impactante do educador de tr\u00e2nsito Wilame Damaceno, que se tornou cadeirante ap\u00f3s um acidente.sensibilizou a todos para o grave problema <\/figcaption><\/figure>\n\n\n\n<p>A abertura oficial do workshop foi pela manh\u00e3, realizada pelo presidente da Associa\u00e7\u00e3o Brasileira de Engenheiros Eletricistas (ABEE-MA), Marcelo Soares de Brito, que agradeceu a presen\u00e7a dos apoiadores do evento, que tornaram poss\u00edvel essa discuss\u00e3o t\u00e3o importante para toda a sociedade. A solenidade teve a presen\u00e7a de lideran\u00e7as de entidades de classe, representantes do setor el\u00e9trico, \u00f3rg\u00e3os de tr\u00e2nsito e da sociedade civil.<\/p>\n\n\n\n<p>Em seguida, uma encena\u00e7\u00e3o foi realizada pelo grupo teatral \u201cTransitarte\u201d, projeto executado pela Coordena\u00e7\u00e3o de Educa\u00e7\u00e3o para o Tr\u00e2nsito do Detran-MA, que sensibilizou a todos para a necessidade urgente do respeito no tr\u00e2nsito, principalmente por meio do depoimento impactante de Wilame Damaceno, educador de tr\u00e2nsito, que se tornou cadeirante ap\u00f3s um acidente.<\/p>\n\n\n\n<figure class=\"wp-block-image aligncenter size-large\"><img decoding=\"async\" width=\"1024\" height=\"827\" src=\"https:\/\/www.blogsoestado.com\/danielmatos\/wp-content\/uploads\/sites\/2\/2025\/08\/1003473365-1024x827.jpg\" alt=\"\" class=\"wp-image-147797\" srcset=\"https:\/\/www.blogsoestado.com\/danielmatos\/wp-content\/uploads\/sites\/2\/2025\/08\/1003473365-1024x827.jpg 1024w, https:\/\/www.blogsoestado.com\/danielmatos\/wp-content\/uploads\/sites\/2\/2025\/08\/1003473365-300x242.jpg 300w, https:\/\/www.blogsoestado.com\/danielmatos\/wp-content\/uploads\/sites\/2\/2025\/08\/1003473365-768x620.jpg 768w, https:\/\/www.blogsoestado.com\/danielmatos\/wp-content\/uploads\/sites\/2\/2025\/08\/1003473365-1536x1240.jpg 1536w, https:\/\/www.blogsoestado.com\/danielmatos\/wp-content\/uploads\/sites\/2\/2025\/08\/1003473365.jpg 1600w\" sizes=\"(max-width: 1024px) 100vw, 1024px\" \/><figcaption class=\"wp-element-caption\">O encontro levanta o debate sobre as consequ\u00eancias da grande quantidade de acidentes de tr\u00e2nsito envolvendo postes da rede el\u00e9trica<\/figcaption><\/figure>\n\n\n\n<p>\u201cToda imprud\u00eancia vem acompanhada de consequ\u00eancias, que podem ser pequenas ou grandes. E, a minha, me deixou cadeirante. Todos os dias, quando acordo, a minha multa est\u00e1 do meu lado, que \u00e9 a minha cadeira de rodas. Hoje, uso a minha hist\u00f3ria para mudar a atitude das pessoas no tr\u00e2nsito, para que elas n\u00e3o passem pelo que passei. Mudem, saiam daqui diferentes, pois \u00e9 muito doloroso quando voc\u00ea n\u00e3o mede as consequ\u00eancias de uma imprud\u00eancia\u201d, alertou Wilame.<\/p>\n\n\n\n<p>O diretor de Rela\u00e7\u00f5es Institucionais da Equatorial Maranh\u00e3o, Jos\u00e9 Jorge Soares, ministrou a palestra de abertura, com o tema \u201cDesafios para a Seguran\u00e7a F\u00edsica das Redes de Energia\u201d, onde apresentou informa\u00e7\u00f5es importantes sobre a infraestrutura el\u00e9trica do estado e as estat\u00edsticas dos impactos causados pelos acidentes com postes de energia.<\/p>\n\n\n\n<figure class=\"wp-block-image aligncenter size-large\"><img loading=\"lazy\" decoding=\"async\" width=\"1024\" height=\"768\" src=\"https:\/\/www.blogsoestado.com\/danielmatos\/wp-content\/uploads\/sites\/2\/2025\/08\/1003473366-1024x768.jpg\" alt=\"\" class=\"wp-image-147798\" srcset=\"https:\/\/www.blogsoestado.com\/danielmatos\/wp-content\/uploads\/sites\/2\/2025\/08\/1003473366-1024x768.jpg 1024w, https:\/\/www.blogsoestado.com\/danielmatos\/wp-content\/uploads\/sites\/2\/2025\/08\/1003473366-300x225.jpg 300w, https:\/\/www.blogsoestado.com\/danielmatos\/wp-content\/uploads\/sites\/2\/2025\/08\/1003473366-768x576.jpg 768w, https:\/\/www.blogsoestado.com\/danielmatos\/wp-content\/uploads\/sites\/2\/2025\/08\/1003473366-1536x1152.jpg 1536w, https:\/\/www.blogsoestado.com\/danielmatos\/wp-content\/uploads\/sites\/2\/2025\/08\/1003473366.jpg 1600w\" sizes=\"(max-width: 1024px) 100vw, 1024px\" \/><figcaption class=\"wp-element-caption\">O workshop contou com a participa\u00e7\u00e3o de representantes da Equatorial Maranh\u00e3o, Departamento Nacional de Infraestrutura de Transportes (DNIT), Secretaria Municipal de Tr\u00e2nsito e Transportes de S\u00e3o Lu\u00eds (SMTT) e membros da sociedade civil <\/figcaption><\/figure>\n\n\n\n<p>\u201cO workshop tem um objetivo mais amplo do que apenas colocar o problema. Busca-se discutir a\u00e7\u00f5es propositivas que tragam a redu\u00e7\u00e3o desses acidentes e, consequentemente, reduzam os impactos provocados aos nossos clientes e a popula\u00e7\u00e3o como um todo\u201d, informou Jos\u00e9 Jorge.<\/p>\n\n\n\n<p>Na sequ\u00eancia, foi realizado o painel \u201cCen\u00e1rios de Conflitos entre Redes de Distribui\u00e7\u00e3o e Tr\u00e2nsito nas Vias Urbanas e Rodovias Estaduais e Federais\u201d, mediado por Francisco Soares, mestre em Energia e especialista em Gest\u00e3o de Tr\u00e2nsito, com a participa\u00e7\u00e3o de representantes do Departamento Nacional de Infraestrutura de Transportes (DNIT), Secretaria Municipal de Tr\u00e2nsito e Transportes de S\u00e3o Lu\u00eds (SMTT), e do gerente Jur\u00eddico da Equatorial Maranh\u00e3o, Walney Medeiros.<\/p>\n\n\n\n<figure class=\"wp-block-image aligncenter size-large\"><img loading=\"lazy\" decoding=\"async\" width=\"1024\" height=\"760\" src=\"https:\/\/www.blogsoestado.com\/danielmatos\/wp-content\/uploads\/sites\/2\/2025\/08\/1003473372-1024x760.jpg\" alt=\"\" class=\"wp-image-147799\" srcset=\"https:\/\/www.blogsoestado.com\/danielmatos\/wp-content\/uploads\/sites\/2\/2025\/08\/1003473372-1024x760.jpg 1024w, https:\/\/www.blogsoestado.com\/danielmatos\/wp-content\/uploads\/sites\/2\/2025\/08\/1003473372-300x223.jpg 300w, https:\/\/www.blogsoestado.com\/danielmatos\/wp-content\/uploads\/sites\/2\/2025\/08\/1003473372-768x570.jpg 768w, https:\/\/www.blogsoestado.com\/danielmatos\/wp-content\/uploads\/sites\/2\/2025\/08\/1003473372-1536x1140.jpg 1536w, https:\/\/www.blogsoestado.com\/danielmatos\/wp-content\/uploads\/sites\/2\/2025\/08\/1003473372.jpg 1600w\" sizes=\"(max-width: 1024px) 100vw, 1024px\" \/><figcaption class=\"wp-element-caption\">A programa\u00e7\u00e3o prosseguiu com discuss\u00f5es sobre solu\u00e7\u00f5es para ampliar a seguran\u00e7a f\u00edsica do posteamento e reduzir colis\u00f5es na rede de distribui\u00e7\u00e3o<\/figcaption><\/figure>\n\n\n\n<p>\u201cQuando ocorre um acidente com um poste, todos s\u00e3o afetados de alguma forma, diretamente ou indiretamente. E, por meio deste evento e das a\u00e7\u00f5es que est\u00e3o sendo realizadas, buscamos melhorias, tra\u00e7amos estrat\u00e9gias para melhorar cada vez mais a qualidade do fornecimento de energia, assegurando a maior continuidade poss\u00edvel e, em casos de intercorr\u00eancias, que a energia seja restabelecida de forma r\u00e1pida, trazendo seguran\u00e7a para a rede el\u00e9trica, para o transito e, o mais importante, para todas as pessoas\u201d, afirmou Walney.<\/p>\n\n\n\n<p><strong>Workshop \u201cColis\u00f5es Veiculares na Rede de Energia El\u00e9trica\u201d<\/strong><\/p>\n\n\n\n<p>Na quarta-feira, dia 27, a programa\u00e7\u00e3o prosseguiu com discuss\u00f5es sobre solu\u00e7\u00f5es para ampliar a seguran\u00e7a f\u00edsica do posteamento e reduzir colis\u00f5es na rede de distribui\u00e7\u00e3o. \u201cMais do que um encontro t\u00e9cnico, o Workshop \u2018Colis\u00f5es Veiculares na Rede de Energia El\u00e9trica\u2019 se consolida como um espa\u00e7o estrat\u00e9gico para a constru\u00e7\u00e3o de solu\u00e7\u00f5es capazes de reduzir acidentes, preservar vidas, mitigar os custos sociais e econ\u00f4micos e garantir a continuidade e a qualidade do fornecimento de energia el\u00e9trica no Maranh\u00e3o\u201d, disse o engenheiro eletricista Francisco Soares, especialista em Gest\u00e3o de Tr\u00e2nsito.<\/p>\n","protected":false},"excerpt":{"rendered":"<p>Evento \u00e9 promovido pela Associa\u00e7\u00e3o Brasileira de Engenheiros Eletricistas (ABEE-MA) e tem participa\u00e7\u00e3o da Equatorial Maranh\u00e3o Foi iniciado, no \u00faltimo [&hellip;]<\/p>\n","protected":false},"author":2,"featured_media":0,"comment_status":"open","ping_status":"open","sticky":false,"template":"","format":"standard","meta":{"site-sidebar-layout":"default","site-content-layout":"","ast-site-content-layout":"default","site-content-style":"default","site-sidebar-style":"default","ast-global-header-display":"","ast-banner-title-visibility":"","ast-main-header-display":"","ast-hfb-above-header-display":"","ast-hfb-below-header-display":"","ast-hfb-mobile-header-display":"","site-post-title":"","ast-breadcrumbs-content":"","ast-featured-img":"","footer-sml-layout":"","ast-disable-related-posts":"","theme-transparent-header-meta":"","adv-header-id-meta":"","stick-header-meta":"","header-above-stick-meta":"","header-main-stick-meta":"","header-below-stick-meta":"","astra-migrate-meta-layouts":"default","ast-page-background-enabled":"default","ast-page-background-meta":{"desktop":{"background-color":"var(--ast-global-color-5)","background-image":"","background-repeat":"repeat","background-position":"center center","background-size":"auto","background-attachment":"scroll","background-type":"","background-media":"","overlay-type":"","overlay-color":"","overlay-opacity":"","overlay-gradient":""},"tablet":{"background-color":"","background-image":"","background-repeat":"repeat","background-position":"center center","background-size":"auto","background-attachment":"scroll","background-type":"","background-media":"","overlay-type":"","overlay-color":"","overlay-opacity":"","overlay-gradient":""},"mobile":{"background-color":"","background-image":"","background-repeat":"repeat","background-position":"center center","background-size":"auto","background-attachment":"scroll","background-type":"","background-media":"","overlay-type":"","overlay-color":"","overlay-opacity":"","overlay-gradient":""}},"ast-content-background-meta":{"desktop":{"background-color":"var(--ast-global-color-4)","background-image":"","background-repeat":"repeat","background-position":"center center","background-size":"auto","background-attachment":"scroll","background-type":"","background-media":"","overlay-type":"","overlay-color":"","overlay-opacity":"","overlay-gradient":""},"tablet":{"background-color":"var(--ast-global-color-4)","background-image":"","background-repeat":"repeat","background-position":"center center","background-size":"auto","background-attachment":"scroll","background-type":"","background-media":"","overlay-type":"","overlay-color":"","overlay-opacity":"","overlay-gradient":""},"mobile":{"background-color":"var(--ast-global-color-4)","background-image":"","background-repeat":"repeat","background-position":"center center","background-size":"auto","background-attachment":"scroll","background-type":"","background-media":"","overlay-type":"","overlay-color":"","overlay-opacity":"","overlay-gradient":""}},"footnotes":""},"categories":[1],"tags":[],"class_list":["post-147794","post","type-post","status-publish","format-standard","hentry","category-sem-categoria"],"yoast_head":"<!-- This site is optimized with the Yoast SEO plugin v26.6 - https:\/\/yoast.com\/wordpress\/plugins\/seo\/ -->\n<title>Workshop sobre impactos causados por acidentes de tr\u00e2nsito envolvendo postes da rede el\u00e9trica \u00e9 realizado em S\u00e3o Lu\u00eds - Daniel Matos<\/title>\n<meta name=\"robots\" content=\"index, follow, max-snippet:-1, max-image-preview:large, max-video-preview:-1\" \/>\n<link rel=\"canonical\" href=\"https:\/\/www.blogsoestado.com\/danielmatos\/workshop-sobre-impactos-causados-por-acidentes-de-transito-envolvendo-postes-da-rede-eletrica-e-realizado-em-sao-luis\/\" \/>\n<meta property=\"og:locale\" content=\"pt_BR\" \/>\n<meta property=\"og:type\" content=\"article\" \/>\n<meta property=\"og:title\" content=\"Workshop sobre impactos causados por acidentes de tr\u00e2nsito envolvendo postes da rede el\u00e9trica \u00e9 realizado em S\u00e3o Lu\u00eds - Daniel Matos\" \/>\n<meta property=\"og:description\" content=\"Evento \u00e9 promovido pela Associa\u00e7\u00e3o Brasileira de Engenheiros Eletricistas (ABEE-MA) e tem participa\u00e7\u00e3o da Equatorial Maranh\u00e3o Foi iniciado, no \u00faltimo [&hellip;]\" \/>\n<meta property=\"og:url\" content=\"https:\/\/www.blogsoestado.com\/danielmatos\/workshop-sobre-impactos-causados-por-acidentes-de-transito-envolvendo-postes-da-rede-eletrica-e-realizado-em-sao-luis\/\" \/>\n<meta property=\"og:site_name\" content=\"Daniel Matos\" \/>\n<meta property=\"article:published_time\" content=\"2025-08-29T14:23:18+00:00\" \/>\n<meta property=\"article:modified_time\" content=\"2025-08-29T14:23:24+00:00\" \/>\n<meta property=\"og:image\" content=\"https:\/\/www.blogsoestado.com\/danielmatos\/wp-content\/uploads\/sites\/2\/2025\/08\/1003473363.jpg\" \/>\n\t<meta property=\"og:image:width\" content=\"1600\" \/>\n\t<meta property=\"og:image:height\" content=\"1200\" \/>\n\t<meta property=\"og:image:type\" content=\"image\/jpeg\" \/>\n<meta name=\"author\" content=\"Daniel Matos\" \/>\n<meta name=\"twitter:card\" content=\"summary_large_image\" \/>\n<meta name=\"twitter:label1\" content=\"Escrito por\" \/>\n\t<meta name=\"twitter:data1\" content=\"Daniel Matos\" \/>\n\t<meta name=\"twitter:label2\" content=\"Est. tempo de leitura\" \/>\n\t<meta name=\"twitter:data2\" content=\"6 minutos\" \/>\n<script type=\"application\/ld+json\" class=\"yoast-schema-graph\">{\"@context\":\"https:\/\/schema.org\",\"@graph\":[{\"@type\":\"WebPage\",\"@id\":\"https:\/\/www.blogsoestado.com\/danielmatos\/workshop-sobre-impactos-causados-por-acidentes-de-transito-envolvendo-postes-da-rede-eletrica-e-realizado-em-sao-luis\/\",\"url\":\"https:\/\/www.blogsoestado.com\/danielmatos\/workshop-sobre-impactos-causados-por-acidentes-de-transito-envolvendo-postes-da-rede-eletrica-e-realizado-em-sao-luis\/\",\"name\":\"Workshop sobre impactos causados por acidentes de tr\u00e2nsito envolvendo postes da rede el\u00e9trica \u00e9 realizado em S\u00e3o Lu\u00eds - Daniel Matos\",\"isPartOf\":{\"@id\":\"https:\/\/www.blogsoestado.com\/danielmatos\/#website\"},\"primaryImageOfPage\":{\"@id\":\"https:\/\/www.blogsoestado.com\/danielmatos\/workshop-sobre-impactos-causados-por-acidentes-de-transito-envolvendo-postes-da-rede-eletrica-e-realizado-em-sao-luis\/#primaryimage\"},\"image\":{\"@id\":\"https:\/\/www.blogsoestado.com\/danielmatos\/workshop-sobre-impactos-causados-por-acidentes-de-transito-envolvendo-postes-da-rede-eletrica-e-realizado-em-sao-luis\/#primaryimage\"},\"thumbnailUrl\":\"https:\/\/www.blogsoestado.com\/danielmatos\/wp-content\/uploads\/sites\/2\/2025\/08\/1003473363-1024x768.jpg\",\"datePublished\":\"2025-08-29T14:23:18+00:00\",\"dateModified\":\"2025-08-29T14:23:24+00:00\",\"author\":{\"@id\":\"https:\/\/www.blogsoestado.com\/danielmatos\/#\/schema\/person\/9a209d407cd45631f131e1285b661bb0\"},\"breadcrumb\":{\"@id\":\"https:\/\/www.blogsoestado.com\/danielmatos\/workshop-sobre-impactos-causados-por-acidentes-de-transito-envolvendo-postes-da-rede-eletrica-e-realizado-em-sao-luis\/#breadcrumb\"},\"inLanguage\":\"pt-BR\",\"potentialAction\":[{\"@type\":\"ReadAction\",\"target\":[\"https:\/\/www.blogsoestado.com\/danielmatos\/workshop-sobre-impactos-causados-por-acidentes-de-transito-envolvendo-postes-da-rede-eletrica-e-realizado-em-sao-luis\/\"]}]},{\"@type\":\"ImageObject\",\"inLanguage\":\"pt-BR\",\"@id\":\"https:\/\/www.blogsoestado.com\/danielmatos\/workshop-sobre-impactos-causados-por-acidentes-de-transito-envolvendo-postes-da-rede-eletrica-e-realizado-em-sao-luis\/#primaryimage\",\"url\":\"https:\/\/www.blogsoestado.com\/danielmatos\/wp-content\/uploads\/sites\/2\/2025\/08\/1003473363.jpg\",\"contentUrl\":\"https:\/\/www.blogsoestado.com\/danielmatos\/wp-content\/uploads\/sites\/2\/2025\/08\/1003473363.jpg\",\"width\":1600,\"height\":1200},{\"@type\":\"BreadcrumbList\",\"@id\":\"https:\/\/www.blogsoestado.com\/danielmatos\/workshop-sobre-impactos-causados-por-acidentes-de-transito-envolvendo-postes-da-rede-eletrica-e-realizado-em-sao-luis\/#breadcrumb\",\"itemListElement\":[{\"@type\":\"ListItem\",\"position\":1,\"name\":\"In\u00edcio\",\"item\":\"https:\/\/www.blogsoestado.com\/danielmatos\/\"},{\"@type\":\"ListItem\",\"position\":2,\"name\":\"Workshop sobre impactos causados por acidentes de tr\u00e2nsito envolvendo postes da rede el\u00e9trica \u00e9 realizado em S\u00e3o Lu\u00eds\"}]},{\"@type\":\"WebSite\",\"@id\":\"https:\/\/www.blogsoestado.com\/danielmatos\/#website\",\"url\":\"https:\/\/www.blogsoestado.com\/danielmatos\/\",\"name\":\"Daniel Matos\",\"description\":\"\",\"potentialAction\":[{\"@type\":\"SearchAction\",\"target\":{\"@type\":\"EntryPoint\",\"urlTemplate\":\"https:\/\/www.blogsoestado.com\/danielmatos\/?s={search_term_string}\"},\"query-input\":{\"@type\":\"PropertyValueSpecification\",\"valueRequired\":true,\"valueName\":\"search_term_string\"}}],\"inLanguage\":\"pt-BR\"},{\"@type\":\"Person\",\"@id\":\"https:\/\/www.blogsoestado.com\/danielmatos\/#\/schema\/person\/9a209d407cd45631f131e1285b661bb0\",\"name\":\"Daniel Matos\",\"image\":{\"@type\":\"ImageObject\",\"inLanguage\":\"pt-BR\",\"@id\":\"https:\/\/www.blogsoestado.com\/danielmatos\/#\/schema\/person\/image\/\",\"url\":\"https:\/\/secure.gravatar.com\/avatar\/2f26c36ee355da19a257f0dfef43952a2588b324ca35d6719e859fe338ac0392?s=96&d=mm&r=g\",\"contentUrl\":\"https:\/\/secure.gravatar.com\/avatar\/2f26c36ee355da19a257f0dfef43952a2588b324ca35d6719e859fe338ac0392?s=96&d=mm&r=g\",\"caption\":\"Daniel Matos\"},\"url\":\"https:\/\/www.blogsoestado.com\/danielmatos\/author\/danielmatos\/\"}]}<\/script>\n<!-- \/ Yoast SEO plugin. -->","yoast_head_json":{"title":"Workshop sobre impactos causados por acidentes de tr\u00e2nsito envolvendo postes da rede el\u00e9trica \u00e9 realizado em S\u00e3o Lu\u00eds - Daniel Matos","robots":{"index":"index","follow":"follow","max-snippet":"max-snippet:-1","max-image-preview":"max-image-preview:large","max-video-preview":"max-video-preview:-1"},"canonical":"https:\/\/www.blogsoestado.com\/danielmatos\/workshop-sobre-impactos-causados-por-acidentes-de-transito-envolvendo-postes-da-rede-eletrica-e-realizado-em-sao-luis\/","og_locale":"pt_BR","og_type":"article","og_title":"Workshop sobre impactos causados por acidentes de tr\u00e2nsito envolvendo postes da rede el\u00e9trica \u00e9 realizado em S\u00e3o Lu\u00eds - Daniel Matos","og_description":"Evento \u00e9 promovido pela Associa\u00e7\u00e3o Brasileira de Engenheiros Eletricistas (ABEE-MA) e tem participa\u00e7\u00e3o da Equatorial Maranh\u00e3o Foi iniciado, no \u00faltimo [&hellip;]","og_url":"https:\/\/www.blogsoestado.com\/danielmatos\/workshop-sobre-impactos-causados-por-acidentes-de-transito-envolvendo-postes-da-rede-eletrica-e-realizado-em-sao-luis\/","og_site_name":"Daniel Matos","article_published_time":"2025-08-29T14:23:18+00:00","article_modified_time":"2025-08-29T14:23:24+00:00","og_image":[{"width":1600,"height":1200,"url":"https:\/\/www.blogsoestado.com\/danielmatos\/wp-content\/uploads\/sites\/2\/2025\/08\/1003473363.jpg","type":"image\/jpeg"}],"author":"Daniel Matos","twitter_card":"summary_large_image","twitter_misc":{"Escrito por":"Daniel Matos","Est. tempo de leitura":"6 minutos"},"schema":{"@context":"https:\/\/schema.org","@graph":[{"@type":"WebPage","@id":"https:\/\/www.blogsoestado.com\/danielmatos\/workshop-sobre-impactos-causados-por-acidentes-de-transito-envolvendo-postes-da-rede-eletrica-e-realizado-em-sao-luis\/","url":"https:\/\/www.blogsoestado.com\/danielmatos\/workshop-sobre-impactos-causados-por-acidentes-de-transito-envolvendo-postes-da-rede-eletrica-e-realizado-em-sao-luis\/","name":"Workshop sobre impactos causados por acidentes de tr\u00e2nsito envolvendo postes da rede el\u00e9trica \u00e9 realizado em S\u00e3o Lu\u00eds - Daniel Matos","isPartOf":{"@id":"https:\/\/www.blogsoestado.com\/danielmatos\/#website"},"primaryImageOfPage":{"@id":"https:\/\/www.blogsoestado.com\/danielmatos\/workshop-sobre-impactos-causados-por-acidentes-de-transito-envolvendo-postes-da-rede-eletrica-e-realizado-em-sao-luis\/#primaryimage"},"image":{"@id":"https:\/\/www.blogsoestado.com\/danielmatos\/workshop-sobre-impactos-causados-por-acidentes-de-transito-envolvendo-postes-da-rede-eletrica-e-realizado-em-sao-luis\/#primaryimage"},"thumbnailUrl":"https:\/\/www.blogsoestado.com\/danielmatos\/wp-content\/uploads\/sites\/2\/2025\/08\/1003473363-1024x768.jpg","datePublished":"2025-08-29T14:23:18+00:00","dateModified":"2025-08-29T14:23:24+00:00","author":{"@id":"https:\/\/www.blogsoestado.com\/danielmatos\/#\/schema\/person\/9a209d407cd45631f131e1285b661bb0"},"breadcrumb":{"@id":"https:\/\/www.blogsoestado.com\/danielmatos\/workshop-sobre-impactos-causados-por-acidentes-de-transito-envolvendo-postes-da-rede-eletrica-e-realizado-em-sao-luis\/#breadcrumb"},"inLanguage":"pt-BR","potentialAction":[{"@type":"ReadAction","target":["https:\/\/www.blogsoestado.com\/danielmatos\/workshop-sobre-impactos-causados-por-acidentes-de-transito-envolvendo-postes-da-rede-eletrica-e-realizado-em-sao-luis\/"]}]},{"@type":"ImageObject","inLanguage":"pt-BR","@id":"https:\/\/www.blogsoestado.com\/danielmatos\/workshop-sobre-impactos-causados-por-acidentes-de-transito-envolvendo-postes-da-rede-eletrica-e-realizado-em-sao-luis\/#primaryimage","url":"https:\/\/www.blogsoestado.com\/danielmatos\/wp-content\/uploads\/sites\/2\/2025\/08\/1003473363.jpg","contentUrl":"https:\/\/www.blogsoestado.com\/danielmatos\/wp-content\/uploads\/sites\/2\/2025\/08\/1003473363.jpg","width":1600,"height":1200},{"@type":"BreadcrumbList","@id":"https:\/\/www.blogsoestado.com\/danielmatos\/workshop-sobre-impactos-causados-por-acidentes-de-transito-envolvendo-postes-da-rede-eletrica-e-realizado-em-sao-luis\/#breadcrumb","itemListElement":[{"@type":"ListItem","position":1,"name":"In\u00edcio","item":"https:\/\/www.blogsoestado.com\/danielmatos\/"},{"@type":"ListItem","position":2,"name":"Workshop sobre impactos causados por acidentes de tr\u00e2nsito envolvendo postes da rede el\u00e9trica \u00e9 realizado em S\u00e3o Lu\u00eds"}]},{"@type":"WebSite","@id":"https:\/\/www.blogsoestado.com\/danielmatos\/#website","url":"https:\/\/www.blogsoestado.com\/danielmatos\/","name":"Daniel Matos","description":"","potentialAction":[{"@type":"SearchAction","target":{"@type":"EntryPoint","urlTemplate":"https:\/\/www.blogsoestado.com\/danielmatos\/?s={search_term_string}"},"query-input":{"@type":"PropertyValueSpecification","valueRequired":true,"valueName":"search_term_string"}}],"inLanguage":"pt-BR"},{"@type":"Person","@id":"https:\/\/www.blogsoestado.com\/danielmatos\/#\/schema\/person\/9a209d407cd45631f131e1285b661bb0","name":"Daniel Matos","image":{"@type":"ImageObject","inLanguage":"pt-BR","@id":"https:\/\/www.blogsoestado.com\/danielmatos\/#\/schema\/person\/image\/","url":"https:\/\/secure.gravatar.com\/avatar\/2f26c36ee355da19a257f0dfef43952a2588b324ca35d6719e859fe338ac0392?s=96&d=mm&r=g","contentUrl":"https:\/\/secure.gravatar.com\/avatar\/2f26c36ee355da19a257f0dfef43952a2588b324ca35d6719e859fe338ac0392?s=96&d=mm&r=g","caption":"Daniel Matos"},"url":"https:\/\/www.blogsoestado.com\/danielmatos\/author\/danielmatos\/"}]}},"jetpack_featured_media_url":"","_links":{"self":[{"href":"https:\/\/www.blogsoestado.com\/danielmatos\/wp-json\/wp\/v2\/posts\/147794","targetHints":{"allow":["GET"]}}],"collection":[{"href":"https:\/\/www.blogsoestado.com\/danielmatos\/wp-json\/wp\/v2\/posts"}],"about":[{"href":"https:\/\/www.blogsoestado.com\/danielmatos\/wp-json\/wp\/v2\/types\/post"}],"author":[{"embeddable":true,"href":"https:\/\/www.blogsoestado.com\/danielmatos\/wp-json\/wp\/v2\/users\/2"}],"replies":[{"embeddable":true,"href":"https:\/\/www.blogsoestado.com\/danielmatos\/wp-json\/wp\/v2\/comments?post=147794"}],"version-history":[{"count":1,"href":"https:\/\/www.blogsoestado.com\/danielmatos\/wp-json\/wp\/v2\/posts\/147794\/revisions"}],"predecessor-version":[{"id":147800,"href":"https:\/\/www.blogsoestado.com\/danielmatos\/wp-json\/wp\/v2\/posts\/147794\/revisions\/147800"}],"wp:attachment":[{"href":"https:\/\/www.blogsoestado.com\/danielmatos\/wp-json\/wp\/v2\/media?parent=147794"}],"wp:term":[{"taxonomy":"category","embeddable":true,"href":"https:\/\/www.blogsoestado.com\/danielmatos\/wp-json\/wp\/v2\/categories?post=147794"},{"taxonomy":"post_tag","embeddable":true,"href":"https:\/\/www.blogsoestado.com\/danielmatos\/wp-json\/wp\/v2\/tags?post=147794"}],"curies":[{"name":"wp","href":"https:\/\/api.w.org\/{rel}","templated":true}]}}