{"id":147807,"date":"2025-08-29T13:52:40","date_gmt":"2025-08-29T16:52:40","guid":{"rendered":"https:\/\/www.blogsoestado.com\/danielmatos\/?p=147807"},"modified":"2025-08-29T13:52:46","modified_gmt":"2025-08-29T16:52:46","slug":"sao-luis-recebe-prima-facie-espetaculo-com-debora-falabella-neste-fim-de-semana","status":"publish","type":"post","link":"https:\/\/www.blogsoestado.com\/danielmatos\/sao-luis-recebe-prima-facie-espetaculo-com-debora-falabella-neste-fim-de-semana\/","title":{"rendered":"S\u00e3o Lu\u00eds recebe \u201cPrima Facie\u201d, espet\u00e1culo com D\u00e9bora Falabella neste fim de semana"},"content":{"rendered":"\n<p><em><strong><mark style=\"color:#cf2e2e\" class=\"has-inline-color\">Obra premiada mundialmente ter\u00e1 tr\u00eas apresenta\u00e7\u00f5es exclusivas no Teatro Arthur Azevedo, de 29 a 31 de agosto<\/mark><\/strong><\/em><\/p>\n\n\n\n<figure class=\"wp-block-image aligncenter size-large\"><img fetchpriority=\"high\" decoding=\"async\" width=\"826\" height=\"1024\" src=\"https:\/\/www.blogsoestado.com\/danielmatos\/wp-content\/uploads\/sites\/2\/2025\/08\/1003475400-826x1024.jpg\" alt=\"\" class=\"wp-image-147808\" srcset=\"https:\/\/www.blogsoestado.com\/danielmatos\/wp-content\/uploads\/sites\/2\/2025\/08\/1003475400-826x1024.jpg 826w, https:\/\/www.blogsoestado.com\/danielmatos\/wp-content\/uploads\/sites\/2\/2025\/08\/1003475400-242x300.jpg 242w, https:\/\/www.blogsoestado.com\/danielmatos\/wp-content\/uploads\/sites\/2\/2025\/08\/1003475400-768x953.jpg 768w, https:\/\/www.blogsoestado.com\/danielmatos\/wp-content\/uploads\/sites\/2\/2025\/08\/1003475400-1238x1536.jpg 1238w, https:\/\/www.blogsoestado.com\/danielmatos\/wp-content\/uploads\/sites\/2\/2025\/08\/1003475400.jpg 1290w\" sizes=\"(max-width: 826px) 100vw, 826px\" \/><\/figure>\n\n\n\n<p>Reconhecido como um dos espet\u00e1culos mais impactantes da atualidade, \u201cPrima Facie\u201d chega a S\u00e3o Lu\u00eds para uma curta temporada no Teatro Arthur Azevedo, nos dias 29, 30 e 31 de agosto. Protagonizada por D\u00e9bora Falabella, em sua primeira atua\u00e7\u00e3o solo no teatro, a montagem tem dire\u00e7\u00e3o de Yara de Novaes e j\u00e1 conquistou p\u00fablico e cr\u00edtica no Brasil e no mundo.<\/p>\n\n\n\n<p><strong>Uma trajet\u00f3ria de sucesso internacional<\/strong><\/p>\n\n\n\n<p>A pe\u00e7a estreou em 2022 no West End, em Londres, estrelada por Jodie Comer (\u201cKilling Eve\u201d), e rapidamente se tornou um fen\u00f4meno cultural. Vencedora dos pr\u00eamios Olivier Awards, Tony Awards e Drama Desk Awards, a obra foi saudada por ve\u00edculos como The New York Times, The Guardian e The Washington Post, que a classificaram como \u201cindispens\u00e1vel\u201d.<\/p>\n\n\n\n<p>Al\u00e9m da consagra\u00e7\u00e3o art\u00edstica, \u201cPrima Facie\u201d provocou impacto social: ap\u00f3s exibi\u00e7\u00f5es em Londres, ju\u00edzes revisaram orienta\u00e7\u00f5es em casos de agress\u00e3o sexual, e a vers\u00e3o filmada passou a integrar treinamentos obrigat\u00f3rios para novos magistrados brit\u00e2nicos.<\/p>\n\n\n\n<figure class=\"wp-block-image aligncenter size-large\"><img decoding=\"async\" width=\"1024\" height=\"683\" src=\"https:\/\/www.blogsoestado.com\/danielmatos\/wp-content\/uploads\/sites\/2\/2025\/08\/1003475492-1024x683.jpg\" alt=\"\" class=\"wp-image-147809\" srcset=\"https:\/\/www.blogsoestado.com\/danielmatos\/wp-content\/uploads\/sites\/2\/2025\/08\/1003475492-1024x683.jpg 1024w, https:\/\/www.blogsoestado.com\/danielmatos\/wp-content\/uploads\/sites\/2\/2025\/08\/1003475492-300x200.jpg 300w, https:\/\/www.blogsoestado.com\/danielmatos\/wp-content\/uploads\/sites\/2\/2025\/08\/1003475492-768x512.jpg 768w, https:\/\/www.blogsoestado.com\/danielmatos\/wp-content\/uploads\/sites\/2\/2025\/08\/1003475492-1536x1024.jpg 1536w, https:\/\/www.blogsoestado.com\/danielmatos\/wp-content\/uploads\/sites\/2\/2025\/08\/1003475492-2048x1366.jpg 2048w\" sizes=\"(max-width: 1024px) 100vw, 1024px\" \/><figcaption class=\"wp-element-caption\">A atua\u00e7\u00e3o de D\u00e9bora Falabella recebeu aclama\u00e7\u00e3o un\u00e2nime, rendendo-lhe os pr\u00eamios Shell, APCA, Arcanjo e cinco trof\u00e9us no APTR, entre eles o de Melhor Atriz<\/figcaption><\/figure>\n\n\n\n<p><strong>A hist\u00f3ria<\/strong><\/p>\n\n\n\n<p>Na trama, D\u00e9bora Falabella interpreta Tessa, jovem advogada criminalista que ascende profissionalmente ao defender acusados de viol\u00eancia sexual. Quando a vida pessoal a confronta com um epis\u00f3dio doloroso, Tessa se v\u00ea obrigada a questionar os limites entre justi\u00e7a, moral e o poder patriarcal.<\/p>\n\n\n\n<p>O espet\u00e1culo exp\u00f5e com intensidade a fragilidade das institui\u00e7\u00f5es jur\u00eddicas diante das mulheres e prop\u00f5e uma reflex\u00e3o urgente sobre justi\u00e7a, abuso e representatividade feminina.<\/p>\n\n\n\n<figure class=\"wp-block-image aligncenter size-large\"><img decoding=\"async\" width=\"1024\" height=\"683\" src=\"https:\/\/www.blogsoestado.com\/danielmatos\/wp-content\/uploads\/sites\/2\/2025\/08\/1003475491-1024x683.jpg\" alt=\"\" class=\"wp-image-147810\" srcset=\"https:\/\/www.blogsoestado.com\/danielmatos\/wp-content\/uploads\/sites\/2\/2025\/08\/1003475491-1024x683.jpg 1024w, https:\/\/www.blogsoestado.com\/danielmatos\/wp-content\/uploads\/sites\/2\/2025\/08\/1003475491-300x200.jpg 300w, https:\/\/www.blogsoestado.com\/danielmatos\/wp-content\/uploads\/sites\/2\/2025\/08\/1003475491-768x512.jpg 768w, https:\/\/www.blogsoestado.com\/danielmatos\/wp-content\/uploads\/sites\/2\/2025\/08\/1003475491-1536x1024.jpg 1536w, https:\/\/www.blogsoestado.com\/danielmatos\/wp-content\/uploads\/sites\/2\/2025\/08\/1003475491-2048x1366.jpg 2048w\" sizes=\"(max-width: 1024px) 100vw, 1024px\" \/><figcaption class=\"wp-element-caption\">A atua\u00e7\u00e3o de D\u00e9bora Falabella recebeu aclama\u00e7\u00e3o un\u00e2nime, rendendo-lhe os pr\u00eamios Shell, APCA, Arcanjo e cinco trof\u00e9us no APTR, entre eles o de Melhor Atriz<\/figcaption><\/figure>\n\n\n\n<p><strong>Reconhecimento no Brasil<\/strong><\/p>\n\n\n\n<p>Apresentada pela primeira vez no pa\u00eds em abril de 2024, no Rio de Janeiro, a montagem rapidamente conquistou lota\u00e7\u00f5es esgotadas em S\u00e3o Paulo, Bras\u00edlia e no Festival de Curitiba. Al\u00e9m de atrair milhares de espectadores, o espet\u00e1culo fomentou debates p\u00fablicos com personalidades como a ministra do STF C\u00e1rmen L\u00facia e o ex-ministro Ayres Britto.<\/p>\n\n\n\n<p>A atua\u00e7\u00e3o de D\u00e9bora Falabella recebeu aclama\u00e7\u00e3o un\u00e2nime, rendendo-lhe os pr\u00eamios Shell, APCA, Arcanjo e cinco trof\u00e9us no APTR, entre eles o de Melhor Atriz.<\/p>\n\n\n\n<p><strong>Servi\u00e7o<\/strong><\/p>\n\n\n\n<p>Teatro Arthur Azevedo<br>Datas: 29, 30 e 31 de agosto<br>Sexta e s\u00e1bado, \u00e0s 20h | Domingo, \u00e0s 17h<br>Ingressos: Bilheteria do teatro e Sympla (<a href=\"https:\/\/bileto.sympla.com.br\/event\/109346\">https:\/\/bileto.sympla.com.br\/event\/109346<\/a>)<br>Classifica\u00e7\u00e3o: 14 anos<br>Dura\u00e7\u00e3o: 100 minutos<\/p>\n","protected":false},"excerpt":{"rendered":"<p>Obra premiada mundialmente ter\u00e1 tr\u00eas apresenta\u00e7\u00f5es exclusivas no Teatro Arthur Azevedo, de 29 a 31 de agosto Reconhecido como um [&hellip;]<\/p>\n","protected":false},"author":2,"featured_media":0,"comment_status":"open","ping_status":"open","sticky":false,"template":"","format":"standard","meta":{"site-sidebar-layout":"default","site-content-layout":"","ast-site-content-layout":"default","site-content-style":"default","site-sidebar-style":"default","ast-global-header-display":"","ast-banner-title-visibility":"","ast-main-header-display":"","ast-hfb-above-header-display":"","ast-hfb-below-header-display":"","ast-hfb-mobile-header-display":"","site-post-title":"","ast-breadcrumbs-content":"","ast-featured-img":"","footer-sml-layout":"","ast-disable-related-posts":"","theme-transparent-header-meta":"","adv-header-id-meta":"","stick-header-meta":"","header-above-stick-meta":"","header-main-stick-meta":"","header-below-stick-meta":"","astra-migrate-meta-layouts":"default","ast-page-background-enabled":"default","ast-page-background-meta":{"desktop":{"background-color":"var(--ast-global-color-5)","background-image":"","background-repeat":"repeat","background-position":"center center","background-size":"auto","background-attachment":"scroll","background-type":"","background-media":"","overlay-type":"","overlay-color":"","overlay-opacity":"","overlay-gradient":""},"tablet":{"background-color":"","background-image":"","background-repeat":"repeat","background-position":"center center","background-size":"auto","background-attachment":"scroll","background-type":"","background-media":"","overlay-type":"","overlay-color":"","overlay-opacity":"","overlay-gradient":""},"mobile":{"background-color":"","background-image":"","background-repeat":"repeat","background-position":"center center","background-size":"auto","background-attachment":"scroll","background-type":"","background-media":"","overlay-type":"","overlay-color":"","overlay-opacity":"","overlay-gradient":""}},"ast-content-background-meta":{"desktop":{"background-color":"var(--ast-global-color-4)","background-image":"","background-repeat":"repeat","background-position":"center center","background-size":"auto","background-attachment":"scroll","background-type":"","background-media":"","overlay-type":"","overlay-color":"","overlay-opacity":"","overlay-gradient":""},"tablet":{"background-color":"var(--ast-global-color-4)","background-image":"","background-repeat":"repeat","background-position":"center center","background-size":"auto","background-attachment":"scroll","background-type":"","background-media":"","overlay-type":"","overlay-color":"","overlay-opacity":"","overlay-gradient":""},"mobile":{"background-color":"var(--ast-global-color-4)","background-image":"","background-repeat":"repeat","background-position":"center center","background-size":"auto","background-attachment":"scroll","background-type":"","background-media":"","overlay-type":"","overlay-color":"","overlay-opacity":"","overlay-gradient":""}},"footnotes":""},"categories":[1],"tags":[],"class_list":["post-147807","post","type-post","status-publish","format-standard","hentry","category-sem-categoria"],"yoast_head":"<!-- This site is optimized with the Yoast SEO plugin v26.6 - https:\/\/yoast.com\/wordpress\/plugins\/seo\/ -->\n<title>S\u00e3o Lu\u00eds recebe \u201cPrima Facie\u201d, espet\u00e1culo com D\u00e9bora Falabella neste fim de semana - Daniel Matos<\/title>\n<meta name=\"robots\" content=\"index, follow, max-snippet:-1, max-image-preview:large, max-video-preview:-1\" \/>\n<link rel=\"canonical\" href=\"https:\/\/www.blogsoestado.com\/danielmatos\/sao-luis-recebe-prima-facie-espetaculo-com-debora-falabella-neste-fim-de-semana\/\" \/>\n<meta property=\"og:locale\" content=\"pt_BR\" \/>\n<meta property=\"og:type\" content=\"article\" \/>\n<meta property=\"og:title\" content=\"S\u00e3o Lu\u00eds recebe \u201cPrima Facie\u201d, espet\u00e1culo com D\u00e9bora Falabella neste fim de semana - Daniel Matos\" \/>\n<meta property=\"og:description\" content=\"Obra premiada mundialmente ter\u00e1 tr\u00eas apresenta\u00e7\u00f5es exclusivas no Teatro Arthur Azevedo, de 29 a 31 de agosto Reconhecido como um [&hellip;]\" \/>\n<meta property=\"og:url\" content=\"https:\/\/www.blogsoestado.com\/danielmatos\/sao-luis-recebe-prima-facie-espetaculo-com-debora-falabella-neste-fim-de-semana\/\" \/>\n<meta property=\"og:site_name\" content=\"Daniel Matos\" \/>\n<meta property=\"article:published_time\" content=\"2025-08-29T16:52:40+00:00\" \/>\n<meta property=\"article:modified_time\" content=\"2025-08-29T16:52:46+00:00\" \/>\n<meta property=\"og:image\" content=\"https:\/\/www.blogsoestado.com\/danielmatos\/wp-content\/uploads\/sites\/2\/2025\/08\/1003475400.jpg\" \/>\n\t<meta property=\"og:image:width\" content=\"1290\" \/>\n\t<meta property=\"og:image:height\" content=\"1600\" \/>\n\t<meta property=\"og:image:type\" content=\"image\/jpeg\" \/>\n<meta name=\"author\" content=\"Daniel Matos\" \/>\n<meta name=\"twitter:card\" content=\"summary_large_image\" \/>\n<meta name=\"twitter:label1\" content=\"Escrito por\" \/>\n\t<meta name=\"twitter:data1\" content=\"Daniel Matos\" \/>\n\t<meta name=\"twitter:label2\" content=\"Est. tempo de leitura\" \/>\n\t<meta name=\"twitter:data2\" content=\"3 minutos\" \/>\n<script type=\"application\/ld+json\" class=\"yoast-schema-graph\">{\"@context\":\"https:\/\/schema.org\",\"@graph\":[{\"@type\":\"WebPage\",\"@id\":\"https:\/\/www.blogsoestado.com\/danielmatos\/sao-luis-recebe-prima-facie-espetaculo-com-debora-falabella-neste-fim-de-semana\/\",\"url\":\"https:\/\/www.blogsoestado.com\/danielmatos\/sao-luis-recebe-prima-facie-espetaculo-com-debora-falabella-neste-fim-de-semana\/\",\"name\":\"S\u00e3o Lu\u00eds recebe \u201cPrima Facie\u201d, espet\u00e1culo com D\u00e9bora Falabella neste fim de semana - Daniel Matos\",\"isPartOf\":{\"@id\":\"https:\/\/www.blogsoestado.com\/danielmatos\/#website\"},\"primaryImageOfPage\":{\"@id\":\"https:\/\/www.blogsoestado.com\/danielmatos\/sao-luis-recebe-prima-facie-espetaculo-com-debora-falabella-neste-fim-de-semana\/#primaryimage\"},\"image\":{\"@id\":\"https:\/\/www.blogsoestado.com\/danielmatos\/sao-luis-recebe-prima-facie-espetaculo-com-debora-falabella-neste-fim-de-semana\/#primaryimage\"},\"thumbnailUrl\":\"https:\/\/www.blogsoestado.com\/danielmatos\/wp-content\/uploads\/sites\/2\/2025\/08\/1003475400-826x1024.jpg\",\"datePublished\":\"2025-08-29T16:52:40+00:00\",\"dateModified\":\"2025-08-29T16:52:46+00:00\",\"author\":{\"@id\":\"https:\/\/www.blogsoestado.com\/danielmatos\/#\/schema\/person\/9a209d407cd45631f131e1285b661bb0\"},\"breadcrumb\":{\"@id\":\"https:\/\/www.blogsoestado.com\/danielmatos\/sao-luis-recebe-prima-facie-espetaculo-com-debora-falabella-neste-fim-de-semana\/#breadcrumb\"},\"inLanguage\":\"pt-BR\",\"potentialAction\":[{\"@type\":\"ReadAction\",\"target\":[\"https:\/\/www.blogsoestado.com\/danielmatos\/sao-luis-recebe-prima-facie-espetaculo-com-debora-falabella-neste-fim-de-semana\/\"]}]},{\"@type\":\"ImageObject\",\"inLanguage\":\"pt-BR\",\"@id\":\"https:\/\/www.blogsoestado.com\/danielmatos\/sao-luis-recebe-prima-facie-espetaculo-com-debora-falabella-neste-fim-de-semana\/#primaryimage\",\"url\":\"https:\/\/www.blogsoestado.com\/danielmatos\/wp-content\/uploads\/sites\/2\/2025\/08\/1003475400.jpg\",\"contentUrl\":\"https:\/\/www.blogsoestado.com\/danielmatos\/wp-content\/uploads\/sites\/2\/2025\/08\/1003475400.jpg\",\"width\":1290,\"height\":1600},{\"@type\":\"BreadcrumbList\",\"@id\":\"https:\/\/www.blogsoestado.com\/danielmatos\/sao-luis-recebe-prima-facie-espetaculo-com-debora-falabella-neste-fim-de-semana\/#breadcrumb\",\"itemListElement\":[{\"@type\":\"ListItem\",\"position\":1,\"name\":\"In\u00edcio\",\"item\":\"https:\/\/www.blogsoestado.com\/danielmatos\/\"},{\"@type\":\"ListItem\",\"position\":2,\"name\":\"S\u00e3o Lu\u00eds recebe \u201cPrima Facie\u201d, espet\u00e1culo com D\u00e9bora Falabella neste fim de semana\"}]},{\"@type\":\"WebSite\",\"@id\":\"https:\/\/www.blogsoestado.com\/danielmatos\/#website\",\"url\":\"https:\/\/www.blogsoestado.com\/danielmatos\/\",\"name\":\"Daniel Matos\",\"description\":\"\",\"potentialAction\":[{\"@type\":\"SearchAction\",\"target\":{\"@type\":\"EntryPoint\",\"urlTemplate\":\"https:\/\/www.blogsoestado.com\/danielmatos\/?s={search_term_string}\"},\"query-input\":{\"@type\":\"PropertyValueSpecification\",\"valueRequired\":true,\"valueName\":\"search_term_string\"}}],\"inLanguage\":\"pt-BR\"},{\"@type\":\"Person\",\"@id\":\"https:\/\/www.blogsoestado.com\/danielmatos\/#\/schema\/person\/9a209d407cd45631f131e1285b661bb0\",\"name\":\"Daniel Matos\",\"image\":{\"@type\":\"ImageObject\",\"inLanguage\":\"pt-BR\",\"@id\":\"https:\/\/www.blogsoestado.com\/danielmatos\/#\/schema\/person\/image\/\",\"url\":\"https:\/\/secure.gravatar.com\/avatar\/2f26c36ee355da19a257f0dfef43952a2588b324ca35d6719e859fe338ac0392?s=96&d=mm&r=g\",\"contentUrl\":\"https:\/\/secure.gravatar.com\/avatar\/2f26c36ee355da19a257f0dfef43952a2588b324ca35d6719e859fe338ac0392?s=96&d=mm&r=g\",\"caption\":\"Daniel Matos\"},\"url\":\"https:\/\/www.blogsoestado.com\/danielmatos\/author\/danielmatos\/\"}]}<\/script>\n<!-- \/ Yoast SEO plugin. -->","yoast_head_json":{"title":"S\u00e3o Lu\u00eds recebe \u201cPrima Facie\u201d, espet\u00e1culo com D\u00e9bora Falabella neste fim de semana - Daniel Matos","robots":{"index":"index","follow":"follow","max-snippet":"max-snippet:-1","max-image-preview":"max-image-preview:large","max-video-preview":"max-video-preview:-1"},"canonical":"https:\/\/www.blogsoestado.com\/danielmatos\/sao-luis-recebe-prima-facie-espetaculo-com-debora-falabella-neste-fim-de-semana\/","og_locale":"pt_BR","og_type":"article","og_title":"S\u00e3o Lu\u00eds recebe \u201cPrima Facie\u201d, espet\u00e1culo com D\u00e9bora Falabella neste fim de semana - Daniel Matos","og_description":"Obra premiada mundialmente ter\u00e1 tr\u00eas apresenta\u00e7\u00f5es exclusivas no Teatro Arthur Azevedo, de 29 a 31 de agosto Reconhecido como um [&hellip;]","og_url":"https:\/\/www.blogsoestado.com\/danielmatos\/sao-luis-recebe-prima-facie-espetaculo-com-debora-falabella-neste-fim-de-semana\/","og_site_name":"Daniel Matos","article_published_time":"2025-08-29T16:52:40+00:00","article_modified_time":"2025-08-29T16:52:46+00:00","og_image":[{"width":1290,"height":1600,"url":"https:\/\/www.blogsoestado.com\/danielmatos\/wp-content\/uploads\/sites\/2\/2025\/08\/1003475400.jpg","type":"image\/jpeg"}],"author":"Daniel Matos","twitter_card":"summary_large_image","twitter_misc":{"Escrito por":"Daniel Matos","Est. tempo de leitura":"3 minutos"},"schema":{"@context":"https:\/\/schema.org","@graph":[{"@type":"WebPage","@id":"https:\/\/www.blogsoestado.com\/danielmatos\/sao-luis-recebe-prima-facie-espetaculo-com-debora-falabella-neste-fim-de-semana\/","url":"https:\/\/www.blogsoestado.com\/danielmatos\/sao-luis-recebe-prima-facie-espetaculo-com-debora-falabella-neste-fim-de-semana\/","name":"S\u00e3o Lu\u00eds recebe \u201cPrima Facie\u201d, espet\u00e1culo com D\u00e9bora Falabella neste fim de semana - Daniel Matos","isPartOf":{"@id":"https:\/\/www.blogsoestado.com\/danielmatos\/#website"},"primaryImageOfPage":{"@id":"https:\/\/www.blogsoestado.com\/danielmatos\/sao-luis-recebe-prima-facie-espetaculo-com-debora-falabella-neste-fim-de-semana\/#primaryimage"},"image":{"@id":"https:\/\/www.blogsoestado.com\/danielmatos\/sao-luis-recebe-prima-facie-espetaculo-com-debora-falabella-neste-fim-de-semana\/#primaryimage"},"thumbnailUrl":"https:\/\/www.blogsoestado.com\/danielmatos\/wp-content\/uploads\/sites\/2\/2025\/08\/1003475400-826x1024.jpg","datePublished":"2025-08-29T16:52:40+00:00","dateModified":"2025-08-29T16:52:46+00:00","author":{"@id":"https:\/\/www.blogsoestado.com\/danielmatos\/#\/schema\/person\/9a209d407cd45631f131e1285b661bb0"},"breadcrumb":{"@id":"https:\/\/www.blogsoestado.com\/danielmatos\/sao-luis-recebe-prima-facie-espetaculo-com-debora-falabella-neste-fim-de-semana\/#breadcrumb"},"inLanguage":"pt-BR","potentialAction":[{"@type":"ReadAction","target":["https:\/\/www.blogsoestado.com\/danielmatos\/sao-luis-recebe-prima-facie-espetaculo-com-debora-falabella-neste-fim-de-semana\/"]}]},{"@type":"ImageObject","inLanguage":"pt-BR","@id":"https:\/\/www.blogsoestado.com\/danielmatos\/sao-luis-recebe-prima-facie-espetaculo-com-debora-falabella-neste-fim-de-semana\/#primaryimage","url":"https:\/\/www.blogsoestado.com\/danielmatos\/wp-content\/uploads\/sites\/2\/2025\/08\/1003475400.jpg","contentUrl":"https:\/\/www.blogsoestado.com\/danielmatos\/wp-content\/uploads\/sites\/2\/2025\/08\/1003475400.jpg","width":1290,"height":1600},{"@type":"BreadcrumbList","@id":"https:\/\/www.blogsoestado.com\/danielmatos\/sao-luis-recebe-prima-facie-espetaculo-com-debora-falabella-neste-fim-de-semana\/#breadcrumb","itemListElement":[{"@type":"ListItem","position":1,"name":"In\u00edcio","item":"https:\/\/www.blogsoestado.com\/danielmatos\/"},{"@type":"ListItem","position":2,"name":"S\u00e3o Lu\u00eds recebe \u201cPrima Facie\u201d, espet\u00e1culo com D\u00e9bora Falabella neste fim de semana"}]},{"@type":"WebSite","@id":"https:\/\/www.blogsoestado.com\/danielmatos\/#website","url":"https:\/\/www.blogsoestado.com\/danielmatos\/","name":"Daniel Matos","description":"","potentialAction":[{"@type":"SearchAction","target":{"@type":"EntryPoint","urlTemplate":"https:\/\/www.blogsoestado.com\/danielmatos\/?s={search_term_string}"},"query-input":{"@type":"PropertyValueSpecification","valueRequired":true,"valueName":"search_term_string"}}],"inLanguage":"pt-BR"},{"@type":"Person","@id":"https:\/\/www.blogsoestado.com\/danielmatos\/#\/schema\/person\/9a209d407cd45631f131e1285b661bb0","name":"Daniel Matos","image":{"@type":"ImageObject","inLanguage":"pt-BR","@id":"https:\/\/www.blogsoestado.com\/danielmatos\/#\/schema\/person\/image\/","url":"https:\/\/secure.gravatar.com\/avatar\/2f26c36ee355da19a257f0dfef43952a2588b324ca35d6719e859fe338ac0392?s=96&d=mm&r=g","contentUrl":"https:\/\/secure.gravatar.com\/avatar\/2f26c36ee355da19a257f0dfef43952a2588b324ca35d6719e859fe338ac0392?s=96&d=mm&r=g","caption":"Daniel Matos"},"url":"https:\/\/www.blogsoestado.com\/danielmatos\/author\/danielmatos\/"}]}},"jetpack_featured_media_url":"","_links":{"self":[{"href":"https:\/\/www.blogsoestado.com\/danielmatos\/wp-json\/wp\/v2\/posts\/147807","targetHints":{"allow":["GET"]}}],"collection":[{"href":"https:\/\/www.blogsoestado.com\/danielmatos\/wp-json\/wp\/v2\/posts"}],"about":[{"href":"https:\/\/www.blogsoestado.com\/danielmatos\/wp-json\/wp\/v2\/types\/post"}],"author":[{"embeddable":true,"href":"https:\/\/www.blogsoestado.com\/danielmatos\/wp-json\/wp\/v2\/users\/2"}],"replies":[{"embeddable":true,"href":"https:\/\/www.blogsoestado.com\/danielmatos\/wp-json\/wp\/v2\/comments?post=147807"}],"version-history":[{"count":1,"href":"https:\/\/www.blogsoestado.com\/danielmatos\/wp-json\/wp\/v2\/posts\/147807\/revisions"}],"predecessor-version":[{"id":147811,"href":"https:\/\/www.blogsoestado.com\/danielmatos\/wp-json\/wp\/v2\/posts\/147807\/revisions\/147811"}],"wp:attachment":[{"href":"https:\/\/www.blogsoestado.com\/danielmatos\/wp-json\/wp\/v2\/media?parent=147807"}],"wp:term":[{"taxonomy":"category","embeddable":true,"href":"https:\/\/www.blogsoestado.com\/danielmatos\/wp-json\/wp\/v2\/categories?post=147807"},{"taxonomy":"post_tag","embeddable":true,"href":"https:\/\/www.blogsoestado.com\/danielmatos\/wp-json\/wp\/v2\/tags?post=147807"}],"curies":[{"name":"wp","href":"https:\/\/api.w.org\/{rel}","templated":true}]}}