{"id":147814,"date":"2025-08-29T16:36:22","date_gmt":"2025-08-29T19:36:22","guid":{"rendered":"https:\/\/www.blogsoestado.com\/danielmatos\/?p=147814"},"modified":"2025-08-29T16:36:33","modified_gmt":"2025-08-29T19:36:33","slug":"mpf-obtem-condenacao-do-ex-vereador-e-ex-deputado-estadual-leonardo-sa-por-acumulo-ilegal-de-cargos-em-pinheiro","status":"publish","type":"post","link":"https:\/\/www.blogsoestado.com\/danielmatos\/mpf-obtem-condenacao-do-ex-vereador-e-ex-deputado-estadual-leonardo-sa-por-acumulo-ilegal-de-cargos-em-pinheiro\/","title":{"rendered":"MPF obt\u00e9m condena\u00e7\u00e3o do ex-vereador e ex-deputado estadual Leonardo S\u00e1 por ac\u00famulo ilegal de cargos em Pinheiro"},"content":{"rendered":"\n<p><strong><mark style=\"color:#cf2e2e\" class=\"has-inline-color\">Ao assumir mandao na C\u00e2mara Municipal, o ent\u00e3o parlamentar optou pelo seu sal\u00e1rio de perito do INSS, mas recebeu vencimentos entre 2009 e 2012<\/mark><\/strong><\/p>\n\n\n\n<figure class=\"wp-block-image aligncenter size-large\"><img fetchpriority=\"high\" decoding=\"async\" width=\"975\" height=\"1024\" src=\"https:\/\/www.blogsoestado.com\/danielmatos\/wp-content\/uploads\/sites\/2\/2025\/08\/1003477402-975x1024.png\" alt=\"\" class=\"wp-image-147815\" srcset=\"https:\/\/www.blogsoestado.com\/danielmatos\/wp-content\/uploads\/sites\/2\/2025\/08\/1003477402-975x1024.png 975w, https:\/\/www.blogsoestado.com\/danielmatos\/wp-content\/uploads\/sites\/2\/2025\/08\/1003477402-286x300.png 286w, https:\/\/www.blogsoestado.com\/danielmatos\/wp-content\/uploads\/sites\/2\/2025\/08\/1003477402-768x806.png 768w, https:\/\/www.blogsoestado.com\/danielmatos\/wp-content\/uploads\/sites\/2\/2025\/08\/1003477402.png 1080w\" sizes=\"(max-width: 975px) 100vw, 975px\" \/><figcaption class=\"wp-element-caption\">O ex-vereador e ex-deputado estadual Leonardo S\u00e1 foi condenado a devolver integralmente o valor que recebeu de forma irregular do INSS<\/figcaption><\/figure>\n\n\n\n<p>O Minist\u00e9rio P\u00fablico Federal (MPF) obteve a condena\u00e7\u00e3o do ex-vereador de Pinheiro (MA), Leonardo Sarmento Pires de S\u00e1, por enriquecimento il\u00edcito decorrente do ac\u00famulo ilegal de cargos p\u00fablicos durante seus anos de mandato, entre 2009 e 2012. A senten\u00e7a da Justi\u00e7a Federal ocorreu em a\u00e7\u00e3o civil p\u00fablica por atos de improbidade administrativa, na qual o MPF apontou que o r\u00e9u recebeu remunera\u00e7\u00f5es simult\u00e2neas mesmo havendo incompatibilidade de hor\u00e1rios entre os cargos, declarada por ele mesmo.<\/p>\n\n\n\n<p>Leonardo de S\u00e1 era perito m\u00e9dico previdenci\u00e1rio do Instituto Nacional do Seguro Social (INSS) desde 2006, m\u00e9dico do Instituto Federal do Maranh\u00e3o (IFMA) a partir de 2008 e, no mesmo ano, foi eleito vereador, com mandato entre 2009 e 2012. Em raz\u00e3o da incompatibilidade de hor\u00e1rio entre os cargos de vereador e perito do INSS, o r\u00e9u requereu licen\u00e7a do cargo federal, com op\u00e7\u00e3o de remunera\u00e7\u00e3o pela autarquia previdenci\u00e1ria. No entanto, o vereador tamb\u00e9m solicitou afastamento do IFMA e optou pelo subs\u00eddio do mandato, passando, assim, a receber da C\u00e2mara Municipal.<\/p>\n\n\n\n<p>A situa\u00e7\u00e3o se estendeu quando, em outubro de 2011, Leonardo foi nomeado secret\u00e1rio municipal de Meio Ambiente de Pinheiro. Na \u00e9poca, ele comunicou \u00e0 C\u00e2mara seu afastamento do cargo de vereador e optou pelo subs\u00eddio de secret\u00e1rio. Por\u00e9m, deixou de informar ao INSS, que continuou pagando sua remunera\u00e7\u00e3o como servidor federal. Documentos juntados ao processo comprovaram que o r\u00e9u recebeu subs\u00eddios como vereador, entre janeiro de 2009 e outubro de 2011, e novamente de abril a julho de 2012, al\u00e9m da remunera\u00e7\u00e3o como secret\u00e1rio de outubro de 2011 a mar\u00e7o de 2012.<\/p>\n\n\n\n<p>Em sua defesa, o ex-vereador alegou desconhecimento das regras de acumula\u00e7\u00f5es de cargo e disse ter agido de boa-f\u00e9. Afirmou ainda que devolveu R$ 106,3 mil \u00e0 C\u00e2mara de Pinheiro, mas que a ent\u00e3o presidenta da casa legislativa n\u00e3o teria repassado o valor aos cofres do munic\u00edpio.<\/p>\n\n\n\n<p><strong>Condena\u00e7\u00e3o<\/strong>&nbsp;\u2013 A Justi\u00e7a, no entanto, n\u00e3o aceitou o argumento de desconhecimento e destacou que, j\u00e1 em 2009, o pr\u00f3prio r\u00e9u havia declarado a incompatibilidade de hor\u00e1rios entre os cargos e optado formalmente pela remunera\u00e7\u00e3o do INSS. Al\u00e9m disso, a conduta do ent\u00e3o vereador se enquadra como ato de improbidade administrativa, que resultou em enriquecimento il\u00edcito.<\/p>\n\n\n\n<p>Assim, o ex-vereador foi condenado a devolver integralmente o valor que recebeu de forma irregular do INSS, al\u00e9m de pagar multa equivalente ao valor do acr\u00e9scimo patrimonial e ressarcir integralmente o preju\u00edzo causado. Os valores devem atualizados com juros e corre\u00e7\u00e3o monet\u00e1ria desde a data em que ocorreu o dano. Ainda cabe recurso da senten\u00e7a.<\/p>\n\n\n\n<p>A\u00e7\u00e3o Civil P\u00fablica n\u00b0 0011672-07.2014.4.01.3700<\/p>\n","protected":false},"excerpt":{"rendered":"<p>Ao assumir mandao na C\u00e2mara Municipal, o ent\u00e3o parlamentar optou pelo seu sal\u00e1rio de perito do INSS, mas recebeu vencimentos [&hellip;]<\/p>\n","protected":false},"author":2,"featured_media":0,"comment_status":"open","ping_status":"open","sticky":false,"template":"","format":"standard","meta":{"site-sidebar-layout":"default","site-content-layout":"","ast-site-content-layout":"default","site-content-style":"default","site-sidebar-style":"default","ast-global-header-display":"","ast-banner-title-visibility":"","ast-main-header-display":"","ast-hfb-above-header-display":"","ast-hfb-below-header-display":"","ast-hfb-mobile-header-display":"","site-post-title":"","ast-breadcrumbs-content":"","ast-featured-img":"","footer-sml-layout":"","ast-disable-related-posts":"","theme-transparent-header-meta":"","adv-header-id-meta":"","stick-header-meta":"","header-above-stick-meta":"","header-main-stick-meta":"","header-below-stick-meta":"","astra-migrate-meta-layouts":"default","ast-page-background-enabled":"default","ast-page-background-meta":{"desktop":{"background-color":"var(--ast-global-color-5)","background-image":"","background-repeat":"repeat","background-position":"center center","background-size":"auto","background-attachment":"scroll","background-type":"","background-media":"","overlay-type":"","overlay-color":"","overlay-opacity":"","overlay-gradient":""},"tablet":{"background-color":"","background-image":"","background-repeat":"repeat","background-position":"center center","background-size":"auto","background-attachment":"scroll","background-type":"","background-media":"","overlay-type":"","overlay-color":"","overlay-opacity":"","overlay-gradient":""},"mobile":{"background-color":"","background-image":"","background-repeat":"repeat","background-position":"center center","background-size":"auto","background-attachment":"scroll","background-type":"","background-media":"","overlay-type":"","overlay-color":"","overlay-opacity":"","overlay-gradient":""}},"ast-content-background-meta":{"desktop":{"background-color":"var(--ast-global-color-4)","background-image":"","background-repeat":"repeat","background-position":"center center","background-size":"auto","background-attachment":"scroll","background-type":"","background-media":"","overlay-type":"","overlay-color":"","overlay-opacity":"","overlay-gradient":""},"tablet":{"background-color":"var(--ast-global-color-4)","background-image":"","background-repeat":"repeat","background-position":"center center","background-size":"auto","background-attachment":"scroll","background-type":"","background-media":"","overlay-type":"","overlay-color":"","overlay-opacity":"","overlay-gradient":""},"mobile":{"background-color":"var(--ast-global-color-4)","background-image":"","background-repeat":"repeat","background-position":"center center","background-size":"auto","background-attachment":"scroll","background-type":"","background-media":"","overlay-type":"","overlay-color":"","overlay-opacity":"","overlay-gradient":""}},"footnotes":""},"categories":[1],"tags":[],"class_list":["post-147814","post","type-post","status-publish","format-standard","hentry","category-sem-categoria"],"yoast_head":"<!-- This site is optimized with the Yoast SEO plugin v26.6 - https:\/\/yoast.com\/wordpress\/plugins\/seo\/ -->\n<title>MPF obt\u00e9m condena\u00e7\u00e3o do ex-vereador e ex-deputado estadual Leonardo S\u00e1 por ac\u00famulo ilegal de cargos em Pinheiro - Daniel Matos<\/title>\n<meta name=\"robots\" content=\"index, follow, max-snippet:-1, max-image-preview:large, max-video-preview:-1\" \/>\n<link rel=\"canonical\" href=\"https:\/\/www.blogsoestado.com\/danielmatos\/mpf-obtem-condenacao-do-ex-vereador-e-ex-deputado-estadual-leonardo-sa-por-acumulo-ilegal-de-cargos-em-pinheiro\/\" \/>\n<meta property=\"og:locale\" content=\"pt_BR\" \/>\n<meta property=\"og:type\" content=\"article\" \/>\n<meta property=\"og:title\" content=\"MPF obt\u00e9m condena\u00e7\u00e3o do ex-vereador e ex-deputado estadual Leonardo S\u00e1 por ac\u00famulo ilegal de cargos em Pinheiro - Daniel Matos\" \/>\n<meta property=\"og:description\" content=\"Ao assumir mandao na C\u00e2mara Municipal, o ent\u00e3o parlamentar optou pelo seu sal\u00e1rio de perito do INSS, mas recebeu vencimentos [&hellip;]\" \/>\n<meta property=\"og:url\" content=\"https:\/\/www.blogsoestado.com\/danielmatos\/mpf-obtem-condenacao-do-ex-vereador-e-ex-deputado-estadual-leonardo-sa-por-acumulo-ilegal-de-cargos-em-pinheiro\/\" \/>\n<meta property=\"og:site_name\" content=\"Daniel Matos\" \/>\n<meta property=\"article:published_time\" content=\"2025-08-29T19:36:22+00:00\" \/>\n<meta property=\"article:modified_time\" content=\"2025-08-29T19:36:33+00:00\" \/>\n<meta property=\"og:image\" content=\"https:\/\/www.blogsoestado.com\/danielmatos\/wp-content\/uploads\/sites\/2\/2025\/08\/1003477402.png\" \/>\n\t<meta property=\"og:image:width\" content=\"1080\" \/>\n\t<meta property=\"og:image:height\" content=\"1134\" \/>\n\t<meta property=\"og:image:type\" content=\"image\/png\" \/>\n<meta name=\"author\" content=\"Daniel Matos\" \/>\n<meta name=\"twitter:card\" content=\"summary_large_image\" \/>\n<meta name=\"twitter:label1\" content=\"Escrito por\" \/>\n\t<meta name=\"twitter:data1\" content=\"Daniel Matos\" \/>\n\t<meta name=\"twitter:label2\" content=\"Est. tempo de leitura\" \/>\n\t<meta name=\"twitter:data2\" content=\"3 minutos\" \/>\n<script type=\"application\/ld+json\" class=\"yoast-schema-graph\">{\"@context\":\"https:\/\/schema.org\",\"@graph\":[{\"@type\":\"WebPage\",\"@id\":\"https:\/\/www.blogsoestado.com\/danielmatos\/mpf-obtem-condenacao-do-ex-vereador-e-ex-deputado-estadual-leonardo-sa-por-acumulo-ilegal-de-cargos-em-pinheiro\/\",\"url\":\"https:\/\/www.blogsoestado.com\/danielmatos\/mpf-obtem-condenacao-do-ex-vereador-e-ex-deputado-estadual-leonardo-sa-por-acumulo-ilegal-de-cargos-em-pinheiro\/\",\"name\":\"MPF obt\u00e9m condena\u00e7\u00e3o do ex-vereador e ex-deputado estadual Leonardo S\u00e1 por ac\u00famulo ilegal de cargos em Pinheiro - Daniel Matos\",\"isPartOf\":{\"@id\":\"https:\/\/www.blogsoestado.com\/danielmatos\/#website\"},\"primaryImageOfPage\":{\"@id\":\"https:\/\/www.blogsoestado.com\/danielmatos\/mpf-obtem-condenacao-do-ex-vereador-e-ex-deputado-estadual-leonardo-sa-por-acumulo-ilegal-de-cargos-em-pinheiro\/#primaryimage\"},\"image\":{\"@id\":\"https:\/\/www.blogsoestado.com\/danielmatos\/mpf-obtem-condenacao-do-ex-vereador-e-ex-deputado-estadual-leonardo-sa-por-acumulo-ilegal-de-cargos-em-pinheiro\/#primaryimage\"},\"thumbnailUrl\":\"https:\/\/www.blogsoestado.com\/danielmatos\/wp-content\/uploads\/sites\/2\/2025\/08\/1003477402-975x1024.png\",\"datePublished\":\"2025-08-29T19:36:22+00:00\",\"dateModified\":\"2025-08-29T19:36:33+00:00\",\"author\":{\"@id\":\"https:\/\/www.blogsoestado.com\/danielmatos\/#\/schema\/person\/9a209d407cd45631f131e1285b661bb0\"},\"breadcrumb\":{\"@id\":\"https:\/\/www.blogsoestado.com\/danielmatos\/mpf-obtem-condenacao-do-ex-vereador-e-ex-deputado-estadual-leonardo-sa-por-acumulo-ilegal-de-cargos-em-pinheiro\/#breadcrumb\"},\"inLanguage\":\"pt-BR\",\"potentialAction\":[{\"@type\":\"ReadAction\",\"target\":[\"https:\/\/www.blogsoestado.com\/danielmatos\/mpf-obtem-condenacao-do-ex-vereador-e-ex-deputado-estadual-leonardo-sa-por-acumulo-ilegal-de-cargos-em-pinheiro\/\"]}]},{\"@type\":\"ImageObject\",\"inLanguage\":\"pt-BR\",\"@id\":\"https:\/\/www.blogsoestado.com\/danielmatos\/mpf-obtem-condenacao-do-ex-vereador-e-ex-deputado-estadual-leonardo-sa-por-acumulo-ilegal-de-cargos-em-pinheiro\/#primaryimage\",\"url\":\"https:\/\/www.blogsoestado.com\/danielmatos\/wp-content\/uploads\/sites\/2\/2025\/08\/1003477402.png\",\"contentUrl\":\"https:\/\/www.blogsoestado.com\/danielmatos\/wp-content\/uploads\/sites\/2\/2025\/08\/1003477402.png\",\"width\":1080,\"height\":1134},{\"@type\":\"BreadcrumbList\",\"@id\":\"https:\/\/www.blogsoestado.com\/danielmatos\/mpf-obtem-condenacao-do-ex-vereador-e-ex-deputado-estadual-leonardo-sa-por-acumulo-ilegal-de-cargos-em-pinheiro\/#breadcrumb\",\"itemListElement\":[{\"@type\":\"ListItem\",\"position\":1,\"name\":\"In\u00edcio\",\"item\":\"https:\/\/www.blogsoestado.com\/danielmatos\/\"},{\"@type\":\"ListItem\",\"position\":2,\"name\":\"MPF obt\u00e9m condena\u00e7\u00e3o do ex-vereador e ex-deputado estadual Leonardo S\u00e1 por ac\u00famulo ilegal de cargos em Pinheiro\"}]},{\"@type\":\"WebSite\",\"@id\":\"https:\/\/www.blogsoestado.com\/danielmatos\/#website\",\"url\":\"https:\/\/www.blogsoestado.com\/danielmatos\/\",\"name\":\"Daniel Matos\",\"description\":\"\",\"potentialAction\":[{\"@type\":\"SearchAction\",\"target\":{\"@type\":\"EntryPoint\",\"urlTemplate\":\"https:\/\/www.blogsoestado.com\/danielmatos\/?s={search_term_string}\"},\"query-input\":{\"@type\":\"PropertyValueSpecification\",\"valueRequired\":true,\"valueName\":\"search_term_string\"}}],\"inLanguage\":\"pt-BR\"},{\"@type\":\"Person\",\"@id\":\"https:\/\/www.blogsoestado.com\/danielmatos\/#\/schema\/person\/9a209d407cd45631f131e1285b661bb0\",\"name\":\"Daniel Matos\",\"image\":{\"@type\":\"ImageObject\",\"inLanguage\":\"pt-BR\",\"@id\":\"https:\/\/www.blogsoestado.com\/danielmatos\/#\/schema\/person\/image\/\",\"url\":\"https:\/\/secure.gravatar.com\/avatar\/2f26c36ee355da19a257f0dfef43952a2588b324ca35d6719e859fe338ac0392?s=96&d=mm&r=g\",\"contentUrl\":\"https:\/\/secure.gravatar.com\/avatar\/2f26c36ee355da19a257f0dfef43952a2588b324ca35d6719e859fe338ac0392?s=96&d=mm&r=g\",\"caption\":\"Daniel Matos\"},\"url\":\"https:\/\/www.blogsoestado.com\/danielmatos\/author\/danielmatos\/\"}]}<\/script>\n<!-- \/ Yoast SEO plugin. -->","yoast_head_json":{"title":"MPF obt\u00e9m condena\u00e7\u00e3o do ex-vereador e ex-deputado estadual Leonardo S\u00e1 por ac\u00famulo ilegal de cargos em Pinheiro - Daniel Matos","robots":{"index":"index","follow":"follow","max-snippet":"max-snippet:-1","max-image-preview":"max-image-preview:large","max-video-preview":"max-video-preview:-1"},"canonical":"https:\/\/www.blogsoestado.com\/danielmatos\/mpf-obtem-condenacao-do-ex-vereador-e-ex-deputado-estadual-leonardo-sa-por-acumulo-ilegal-de-cargos-em-pinheiro\/","og_locale":"pt_BR","og_type":"article","og_title":"MPF obt\u00e9m condena\u00e7\u00e3o do ex-vereador e ex-deputado estadual Leonardo S\u00e1 por ac\u00famulo ilegal de cargos em Pinheiro - Daniel Matos","og_description":"Ao assumir mandao na C\u00e2mara Municipal, o ent\u00e3o parlamentar optou pelo seu sal\u00e1rio de perito do INSS, mas recebeu vencimentos [&hellip;]","og_url":"https:\/\/www.blogsoestado.com\/danielmatos\/mpf-obtem-condenacao-do-ex-vereador-e-ex-deputado-estadual-leonardo-sa-por-acumulo-ilegal-de-cargos-em-pinheiro\/","og_site_name":"Daniel Matos","article_published_time":"2025-08-29T19:36:22+00:00","article_modified_time":"2025-08-29T19:36:33+00:00","og_image":[{"width":1080,"height":1134,"url":"https:\/\/www.blogsoestado.com\/danielmatos\/wp-content\/uploads\/sites\/2\/2025\/08\/1003477402.png","type":"image\/png"}],"author":"Daniel Matos","twitter_card":"summary_large_image","twitter_misc":{"Escrito por":"Daniel Matos","Est. tempo de leitura":"3 minutos"},"schema":{"@context":"https:\/\/schema.org","@graph":[{"@type":"WebPage","@id":"https:\/\/www.blogsoestado.com\/danielmatos\/mpf-obtem-condenacao-do-ex-vereador-e-ex-deputado-estadual-leonardo-sa-por-acumulo-ilegal-de-cargos-em-pinheiro\/","url":"https:\/\/www.blogsoestado.com\/danielmatos\/mpf-obtem-condenacao-do-ex-vereador-e-ex-deputado-estadual-leonardo-sa-por-acumulo-ilegal-de-cargos-em-pinheiro\/","name":"MPF obt\u00e9m condena\u00e7\u00e3o do ex-vereador e ex-deputado estadual Leonardo S\u00e1 por ac\u00famulo ilegal de cargos em Pinheiro - Daniel Matos","isPartOf":{"@id":"https:\/\/www.blogsoestado.com\/danielmatos\/#website"},"primaryImageOfPage":{"@id":"https:\/\/www.blogsoestado.com\/danielmatos\/mpf-obtem-condenacao-do-ex-vereador-e-ex-deputado-estadual-leonardo-sa-por-acumulo-ilegal-de-cargos-em-pinheiro\/#primaryimage"},"image":{"@id":"https:\/\/www.blogsoestado.com\/danielmatos\/mpf-obtem-condenacao-do-ex-vereador-e-ex-deputado-estadual-leonardo-sa-por-acumulo-ilegal-de-cargos-em-pinheiro\/#primaryimage"},"thumbnailUrl":"https:\/\/www.blogsoestado.com\/danielmatos\/wp-content\/uploads\/sites\/2\/2025\/08\/1003477402-975x1024.png","datePublished":"2025-08-29T19:36:22+00:00","dateModified":"2025-08-29T19:36:33+00:00","author":{"@id":"https:\/\/www.blogsoestado.com\/danielmatos\/#\/schema\/person\/9a209d407cd45631f131e1285b661bb0"},"breadcrumb":{"@id":"https:\/\/www.blogsoestado.com\/danielmatos\/mpf-obtem-condenacao-do-ex-vereador-e-ex-deputado-estadual-leonardo-sa-por-acumulo-ilegal-de-cargos-em-pinheiro\/#breadcrumb"},"inLanguage":"pt-BR","potentialAction":[{"@type":"ReadAction","target":["https:\/\/www.blogsoestado.com\/danielmatos\/mpf-obtem-condenacao-do-ex-vereador-e-ex-deputado-estadual-leonardo-sa-por-acumulo-ilegal-de-cargos-em-pinheiro\/"]}]},{"@type":"ImageObject","inLanguage":"pt-BR","@id":"https:\/\/www.blogsoestado.com\/danielmatos\/mpf-obtem-condenacao-do-ex-vereador-e-ex-deputado-estadual-leonardo-sa-por-acumulo-ilegal-de-cargos-em-pinheiro\/#primaryimage","url":"https:\/\/www.blogsoestado.com\/danielmatos\/wp-content\/uploads\/sites\/2\/2025\/08\/1003477402.png","contentUrl":"https:\/\/www.blogsoestado.com\/danielmatos\/wp-content\/uploads\/sites\/2\/2025\/08\/1003477402.png","width":1080,"height":1134},{"@type":"BreadcrumbList","@id":"https:\/\/www.blogsoestado.com\/danielmatos\/mpf-obtem-condenacao-do-ex-vereador-e-ex-deputado-estadual-leonardo-sa-por-acumulo-ilegal-de-cargos-em-pinheiro\/#breadcrumb","itemListElement":[{"@type":"ListItem","position":1,"name":"In\u00edcio","item":"https:\/\/www.blogsoestado.com\/danielmatos\/"},{"@type":"ListItem","position":2,"name":"MPF obt\u00e9m condena\u00e7\u00e3o do ex-vereador e ex-deputado estadual Leonardo S\u00e1 por ac\u00famulo ilegal de cargos em Pinheiro"}]},{"@type":"WebSite","@id":"https:\/\/www.blogsoestado.com\/danielmatos\/#website","url":"https:\/\/www.blogsoestado.com\/danielmatos\/","name":"Daniel Matos","description":"","potentialAction":[{"@type":"SearchAction","target":{"@type":"EntryPoint","urlTemplate":"https:\/\/www.blogsoestado.com\/danielmatos\/?s={search_term_string}"},"query-input":{"@type":"PropertyValueSpecification","valueRequired":true,"valueName":"search_term_string"}}],"inLanguage":"pt-BR"},{"@type":"Person","@id":"https:\/\/www.blogsoestado.com\/danielmatos\/#\/schema\/person\/9a209d407cd45631f131e1285b661bb0","name":"Daniel Matos","image":{"@type":"ImageObject","inLanguage":"pt-BR","@id":"https:\/\/www.blogsoestado.com\/danielmatos\/#\/schema\/person\/image\/","url":"https:\/\/secure.gravatar.com\/avatar\/2f26c36ee355da19a257f0dfef43952a2588b324ca35d6719e859fe338ac0392?s=96&d=mm&r=g","contentUrl":"https:\/\/secure.gravatar.com\/avatar\/2f26c36ee355da19a257f0dfef43952a2588b324ca35d6719e859fe338ac0392?s=96&d=mm&r=g","caption":"Daniel Matos"},"url":"https:\/\/www.blogsoestado.com\/danielmatos\/author\/danielmatos\/"}]}},"jetpack_featured_media_url":"","_links":{"self":[{"href":"https:\/\/www.blogsoestado.com\/danielmatos\/wp-json\/wp\/v2\/posts\/147814","targetHints":{"allow":["GET"]}}],"collection":[{"href":"https:\/\/www.blogsoestado.com\/danielmatos\/wp-json\/wp\/v2\/posts"}],"about":[{"href":"https:\/\/www.blogsoestado.com\/danielmatos\/wp-json\/wp\/v2\/types\/post"}],"author":[{"embeddable":true,"href":"https:\/\/www.blogsoestado.com\/danielmatos\/wp-json\/wp\/v2\/users\/2"}],"replies":[{"embeddable":true,"href":"https:\/\/www.blogsoestado.com\/danielmatos\/wp-json\/wp\/v2\/comments?post=147814"}],"version-history":[{"count":1,"href":"https:\/\/www.blogsoestado.com\/danielmatos\/wp-json\/wp\/v2\/posts\/147814\/revisions"}],"predecessor-version":[{"id":147816,"href":"https:\/\/www.blogsoestado.com\/danielmatos\/wp-json\/wp\/v2\/posts\/147814\/revisions\/147816"}],"wp:attachment":[{"href":"https:\/\/www.blogsoestado.com\/danielmatos\/wp-json\/wp\/v2\/media?parent=147814"}],"wp:term":[{"taxonomy":"category","embeddable":true,"href":"https:\/\/www.blogsoestado.com\/danielmatos\/wp-json\/wp\/v2\/categories?post=147814"},{"taxonomy":"post_tag","embeddable":true,"href":"https:\/\/www.blogsoestado.com\/danielmatos\/wp-json\/wp\/v2\/tags?post=147814"}],"curies":[{"name":"wp","href":"https:\/\/api.w.org\/{rel}","templated":true}]}}