{"id":147817,"date":"2025-08-29T18:07:46","date_gmt":"2025-08-29T21:07:46","guid":{"rendered":"https:\/\/www.blogsoestado.com\/danielmatos\/?p=147817"},"modified":"2025-08-29T18:19:04","modified_gmt":"2025-08-29T21:19:04","slug":"diagnosticado-com-linfoma-medular-ex-governador-jose-reinaldo-tavares-tem-quadro-clinico-estavel","status":"publish","type":"post","link":"https:\/\/www.blogsoestado.com\/danielmatos\/diagnosticado-com-linfoma-medular-ex-governador-jose-reinaldo-tavares-tem-quadro-clinico-estavel\/","title":{"rendered":"Diagnosticado com linfoma medular, ex-governador Jos\u00e9 Reinaldo Tavares responde bem a tratamento em Bras\u00edlia"},"content":{"rendered":"\n<figure class=\"wp-block-image aligncenter size-large\"><img fetchpriority=\"high\" decoding=\"async\" width=\"862\" height=\"1024\" src=\"https:\/\/www.blogsoestado.com\/danielmatos\/wp-content\/uploads\/sites\/2\/2025\/08\/1003478341-862x1024.jpg\" alt=\"\" class=\"wp-image-147819\" srcset=\"https:\/\/www.blogsoestado.com\/danielmatos\/wp-content\/uploads\/sites\/2\/2025\/08\/1003478341-862x1024.jpg 862w, https:\/\/www.blogsoestado.com\/danielmatos\/wp-content\/uploads\/sites\/2\/2025\/08\/1003478341-252x300.jpg 252w, https:\/\/www.blogsoestado.com\/danielmatos\/wp-content\/uploads\/sites\/2\/2025\/08\/1003478341-768x913.jpg 768w, https:\/\/www.blogsoestado.com\/danielmatos\/wp-content\/uploads\/sites\/2\/2025\/08\/1003478341.jpg 896w\" sizes=\"(max-width: 862px) 100vw, 862px\" \/><figcaption class=\"wp-element-caption\">O ex-governador e secret\u00e1rio da SEDEPE, Jos\u00e9 Reinaldo Tavares, responde bem a tratamento contra linfoma medular em Bras\u00edlia <\/figcaption><\/figure>\n\n\n\n<p>Diagnosticado com linfoma medular, o ex-governador e atual secret\u00e1rio de Estado de Desenvolvimento Econ\u00f4mico e Programas Estrat\u00e9gicos, Jos\u00e9 Reinaldo Tavares, segue internado no Hospital DF Star, da Rede D&#8217;Dor, para onde foi transferido para tratamento de sa\u00fade. O paciente, de 86 anos, est\u00e1 recebendo cuidados m\u00e9dicos especializados e tem respondido bem aos procedimentos.<\/p>\n\n\n\n<p>Boletim m\u00e9dico divulgado nesta sexta-feira (29), assinado pela hematologista Fl\u00e1via Xavier, pelo coordenador da UTI Geral, Ant\u00f4nio Aur\u00e9lio, e pelo diretor m\u00e9dico Guilherme Correia Meyer, e pelo diretor geral do Hospital DF Star, \u00c1lisson Barcelos Borges, informa que Jos\u00e9 Reinaldo apresenta quadro cl\u00ednico est\u00e1vel e evolu\u00e7\u00e3o favor\u00e1vel.<\/p>\n\n\n\n<p>Em contato permanente com a equipe t\u00e9cnica da SEDEPE, o secret\u00e1rio e seus familiares expressam profunda gratid\u00e3o pelas ora\u00e7\u00f5es e manifesta\u00e7\u00f5es de sa\u00fade recebidas.<\/p>\n\n\n\n<p>Confira a nota da SEDEPE:<\/p>\n\n\n\n<figure class=\"wp-block-image aligncenter size-large\"><img decoding=\"async\" width=\"768\" height=\"1024\" src=\"https:\/\/www.blogsoestado.com\/danielmatos\/wp-content\/uploads\/sites\/2\/2025\/08\/1003478017-768x1024.jpg\" alt=\"\" class=\"wp-image-147818\" srcset=\"https:\/\/www.blogsoestado.com\/danielmatos\/wp-content\/uploads\/sites\/2\/2025\/08\/1003478017-768x1024.jpg 768w, https:\/\/www.blogsoestado.com\/danielmatos\/wp-content\/uploads\/sites\/2\/2025\/08\/1003478017-225x300.jpg 225w, https:\/\/www.blogsoestado.com\/danielmatos\/wp-content\/uploads\/sites\/2\/2025\/08\/1003478017-1152x1536.jpg 1152w, https:\/\/www.blogsoestado.com\/danielmatos\/wp-content\/uploads\/sites\/2\/2025\/08\/1003478017.jpg 1440w\" sizes=\"(max-width: 768px) 100vw, 768px\" \/><\/figure>\n","protected":false},"excerpt":{"rendered":"<p>Diagnosticado com linfoma medular, o ex-governador e atual secret\u00e1rio de Estado de Desenvolvimento Econ\u00f4mico e Programas Estrat\u00e9gicos, Jos\u00e9 Reinaldo Tavares, [&hellip;]<\/p>\n","protected":false},"author":2,"featured_media":0,"comment_status":"open","ping_status":"open","sticky":false,"template":"","format":"standard","meta":{"site-sidebar-layout":"default","site-content-layout":"","ast-site-content-layout":"default","site-content-style":"default","site-sidebar-style":"default","ast-global-header-display":"","ast-banner-title-visibility":"","ast-main-header-display":"","ast-hfb-above-header-display":"","ast-hfb-below-header-display":"","ast-hfb-mobile-header-display":"","site-post-title":"","ast-breadcrumbs-content":"","ast-featured-img":"","footer-sml-layout":"","ast-disable-related-posts":"","theme-transparent-header-meta":"","adv-header-id-meta":"","stick-header-meta":"","header-above-stick-meta":"","header-main-stick-meta":"","header-below-stick-meta":"","astra-migrate-meta-layouts":"default","ast-page-background-enabled":"default","ast-page-background-meta":{"desktop":{"background-color":"var(--ast-global-color-5)","background-image":"","background-repeat":"repeat","background-position":"center center","background-size":"auto","background-attachment":"scroll","background-type":"","background-media":"","overlay-type":"","overlay-color":"","overlay-opacity":"","overlay-gradient":""},"tablet":{"background-color":"","background-image":"","background-repeat":"repeat","background-position":"center center","background-size":"auto","background-attachment":"scroll","background-type":"","background-media":"","overlay-type":"","overlay-color":"","overlay-opacity":"","overlay-gradient":""},"mobile":{"background-color":"","background-image":"","background-repeat":"repeat","background-position":"center center","background-size":"auto","background-attachment":"scroll","background-type":"","background-media":"","overlay-type":"","overlay-color":"","overlay-opacity":"","overlay-gradient":""}},"ast-content-background-meta":{"desktop":{"background-color":"var(--ast-global-color-4)","background-image":"","background-repeat":"repeat","background-position":"center center","background-size":"auto","background-attachment":"scroll","background-type":"","background-media":"","overlay-type":"","overlay-color":"","overlay-opacity":"","overlay-gradient":""},"tablet":{"background-color":"var(--ast-global-color-4)","background-image":"","background-repeat":"repeat","background-position":"center center","background-size":"auto","background-attachment":"scroll","background-type":"","background-media":"","overlay-type":"","overlay-color":"","overlay-opacity":"","overlay-gradient":""},"mobile":{"background-color":"var(--ast-global-color-4)","background-image":"","background-repeat":"repeat","background-position":"center center","background-size":"auto","background-attachment":"scroll","background-type":"","background-media":"","overlay-type":"","overlay-color":"","overlay-opacity":"","overlay-gradient":""}},"footnotes":""},"categories":[1],"tags":[],"class_list":["post-147817","post","type-post","status-publish","format-standard","hentry","category-sem-categoria"],"yoast_head":"<!-- This site is optimized with the Yoast SEO plugin v26.6 - https:\/\/yoast.com\/wordpress\/plugins\/seo\/ -->\n<title>Diagnosticado com linfoma medular, ex-governador Jos\u00e9 Reinaldo Tavares responde bem a tratamento em Bras\u00edlia - Daniel Matos<\/title>\n<meta name=\"robots\" content=\"index, follow, max-snippet:-1, max-image-preview:large, max-video-preview:-1\" \/>\n<link rel=\"canonical\" href=\"https:\/\/www.blogsoestado.com\/danielmatos\/diagnosticado-com-linfoma-medular-ex-governador-jose-reinaldo-tavares-tem-quadro-clinico-estavel\/\" \/>\n<meta property=\"og:locale\" content=\"pt_BR\" \/>\n<meta property=\"og:type\" content=\"article\" \/>\n<meta property=\"og:title\" content=\"Diagnosticado com linfoma medular, ex-governador Jos\u00e9 Reinaldo Tavares responde bem a tratamento em Bras\u00edlia - Daniel Matos\" \/>\n<meta property=\"og:description\" content=\"Diagnosticado com linfoma medular, o ex-governador e atual secret\u00e1rio de Estado de Desenvolvimento Econ\u00f4mico e Programas Estrat\u00e9gicos, Jos\u00e9 Reinaldo Tavares, [&hellip;]\" \/>\n<meta property=\"og:url\" content=\"https:\/\/www.blogsoestado.com\/danielmatos\/diagnosticado-com-linfoma-medular-ex-governador-jose-reinaldo-tavares-tem-quadro-clinico-estavel\/\" \/>\n<meta property=\"og:site_name\" content=\"Daniel Matos\" \/>\n<meta property=\"article:published_time\" content=\"2025-08-29T21:07:46+00:00\" \/>\n<meta property=\"article:modified_time\" content=\"2025-08-29T21:19:04+00:00\" \/>\n<meta property=\"og:image\" content=\"https:\/\/www.blogsoestado.com\/danielmatos\/wp-content\/uploads\/sites\/2\/2025\/08\/1003478341.jpg\" \/>\n\t<meta property=\"og:image:width\" content=\"896\" \/>\n\t<meta property=\"og:image:height\" content=\"1065\" \/>\n\t<meta property=\"og:image:type\" content=\"image\/jpeg\" \/>\n<meta name=\"author\" content=\"Daniel Matos\" \/>\n<meta name=\"twitter:card\" content=\"summary_large_image\" \/>\n<meta name=\"twitter:label1\" content=\"Escrito por\" \/>\n\t<meta name=\"twitter:data1\" content=\"Daniel Matos\" \/>\n\t<meta name=\"twitter:label2\" content=\"Est. tempo de leitura\" \/>\n\t<meta name=\"twitter:data2\" content=\"2 minutos\" \/>\n<script type=\"application\/ld+json\" class=\"yoast-schema-graph\">{\"@context\":\"https:\/\/schema.org\",\"@graph\":[{\"@type\":\"WebPage\",\"@id\":\"https:\/\/www.blogsoestado.com\/danielmatos\/diagnosticado-com-linfoma-medular-ex-governador-jose-reinaldo-tavares-tem-quadro-clinico-estavel\/\",\"url\":\"https:\/\/www.blogsoestado.com\/danielmatos\/diagnosticado-com-linfoma-medular-ex-governador-jose-reinaldo-tavares-tem-quadro-clinico-estavel\/\",\"name\":\"Diagnosticado com linfoma medular, ex-governador Jos\u00e9 Reinaldo Tavares responde bem a tratamento em Bras\u00edlia - Daniel Matos\",\"isPartOf\":{\"@id\":\"https:\/\/www.blogsoestado.com\/danielmatos\/#website\"},\"primaryImageOfPage\":{\"@id\":\"https:\/\/www.blogsoestado.com\/danielmatos\/diagnosticado-com-linfoma-medular-ex-governador-jose-reinaldo-tavares-tem-quadro-clinico-estavel\/#primaryimage\"},\"image\":{\"@id\":\"https:\/\/www.blogsoestado.com\/danielmatos\/diagnosticado-com-linfoma-medular-ex-governador-jose-reinaldo-tavares-tem-quadro-clinico-estavel\/#primaryimage\"},\"thumbnailUrl\":\"https:\/\/www.blogsoestado.com\/danielmatos\/wp-content\/uploads\/sites\/2\/2025\/08\/1003478341-862x1024.jpg\",\"datePublished\":\"2025-08-29T21:07:46+00:00\",\"dateModified\":\"2025-08-29T21:19:04+00:00\",\"author\":{\"@id\":\"https:\/\/www.blogsoestado.com\/danielmatos\/#\/schema\/person\/9a209d407cd45631f131e1285b661bb0\"},\"breadcrumb\":{\"@id\":\"https:\/\/www.blogsoestado.com\/danielmatos\/diagnosticado-com-linfoma-medular-ex-governador-jose-reinaldo-tavares-tem-quadro-clinico-estavel\/#breadcrumb\"},\"inLanguage\":\"pt-BR\",\"potentialAction\":[{\"@type\":\"ReadAction\",\"target\":[\"https:\/\/www.blogsoestado.com\/danielmatos\/diagnosticado-com-linfoma-medular-ex-governador-jose-reinaldo-tavares-tem-quadro-clinico-estavel\/\"]}]},{\"@type\":\"ImageObject\",\"inLanguage\":\"pt-BR\",\"@id\":\"https:\/\/www.blogsoestado.com\/danielmatos\/diagnosticado-com-linfoma-medular-ex-governador-jose-reinaldo-tavares-tem-quadro-clinico-estavel\/#primaryimage\",\"url\":\"https:\/\/www.blogsoestado.com\/danielmatos\/wp-content\/uploads\/sites\/2\/2025\/08\/1003478341.jpg\",\"contentUrl\":\"https:\/\/www.blogsoestado.com\/danielmatos\/wp-content\/uploads\/sites\/2\/2025\/08\/1003478341.jpg\",\"width\":896,\"height\":1065},{\"@type\":\"BreadcrumbList\",\"@id\":\"https:\/\/www.blogsoestado.com\/danielmatos\/diagnosticado-com-linfoma-medular-ex-governador-jose-reinaldo-tavares-tem-quadro-clinico-estavel\/#breadcrumb\",\"itemListElement\":[{\"@type\":\"ListItem\",\"position\":1,\"name\":\"In\u00edcio\",\"item\":\"https:\/\/www.blogsoestado.com\/danielmatos\/\"},{\"@type\":\"ListItem\",\"position\":2,\"name\":\"Diagnosticado com linfoma medular, ex-governador Jos\u00e9 Reinaldo Tavares responde bem a tratamento em Bras\u00edlia\"}]},{\"@type\":\"WebSite\",\"@id\":\"https:\/\/www.blogsoestado.com\/danielmatos\/#website\",\"url\":\"https:\/\/www.blogsoestado.com\/danielmatos\/\",\"name\":\"Daniel Matos\",\"description\":\"\",\"potentialAction\":[{\"@type\":\"SearchAction\",\"target\":{\"@type\":\"EntryPoint\",\"urlTemplate\":\"https:\/\/www.blogsoestado.com\/danielmatos\/?s={search_term_string}\"},\"query-input\":{\"@type\":\"PropertyValueSpecification\",\"valueRequired\":true,\"valueName\":\"search_term_string\"}}],\"inLanguage\":\"pt-BR\"},{\"@type\":\"Person\",\"@id\":\"https:\/\/www.blogsoestado.com\/danielmatos\/#\/schema\/person\/9a209d407cd45631f131e1285b661bb0\",\"name\":\"Daniel Matos\",\"image\":{\"@type\":\"ImageObject\",\"inLanguage\":\"pt-BR\",\"@id\":\"https:\/\/www.blogsoestado.com\/danielmatos\/#\/schema\/person\/image\/\",\"url\":\"https:\/\/secure.gravatar.com\/avatar\/2f26c36ee355da19a257f0dfef43952a2588b324ca35d6719e859fe338ac0392?s=96&d=mm&r=g\",\"contentUrl\":\"https:\/\/secure.gravatar.com\/avatar\/2f26c36ee355da19a257f0dfef43952a2588b324ca35d6719e859fe338ac0392?s=96&d=mm&r=g\",\"caption\":\"Daniel Matos\"},\"url\":\"https:\/\/www.blogsoestado.com\/danielmatos\/author\/danielmatos\/\"}]}<\/script>\n<!-- \/ Yoast SEO plugin. -->","yoast_head_json":{"title":"Diagnosticado com linfoma medular, ex-governador Jos\u00e9 Reinaldo Tavares responde bem a tratamento em Bras\u00edlia - Daniel Matos","robots":{"index":"index","follow":"follow","max-snippet":"max-snippet:-1","max-image-preview":"max-image-preview:large","max-video-preview":"max-video-preview:-1"},"canonical":"https:\/\/www.blogsoestado.com\/danielmatos\/diagnosticado-com-linfoma-medular-ex-governador-jose-reinaldo-tavares-tem-quadro-clinico-estavel\/","og_locale":"pt_BR","og_type":"article","og_title":"Diagnosticado com linfoma medular, ex-governador Jos\u00e9 Reinaldo Tavares responde bem a tratamento em Bras\u00edlia - Daniel Matos","og_description":"Diagnosticado com linfoma medular, o ex-governador e atual secret\u00e1rio de Estado de Desenvolvimento Econ\u00f4mico e Programas Estrat\u00e9gicos, Jos\u00e9 Reinaldo Tavares, [&hellip;]","og_url":"https:\/\/www.blogsoestado.com\/danielmatos\/diagnosticado-com-linfoma-medular-ex-governador-jose-reinaldo-tavares-tem-quadro-clinico-estavel\/","og_site_name":"Daniel Matos","article_published_time":"2025-08-29T21:07:46+00:00","article_modified_time":"2025-08-29T21:19:04+00:00","og_image":[{"width":896,"height":1065,"url":"https:\/\/www.blogsoestado.com\/danielmatos\/wp-content\/uploads\/sites\/2\/2025\/08\/1003478341.jpg","type":"image\/jpeg"}],"author":"Daniel Matos","twitter_card":"summary_large_image","twitter_misc":{"Escrito por":"Daniel Matos","Est. tempo de leitura":"2 minutos"},"schema":{"@context":"https:\/\/schema.org","@graph":[{"@type":"WebPage","@id":"https:\/\/www.blogsoestado.com\/danielmatos\/diagnosticado-com-linfoma-medular-ex-governador-jose-reinaldo-tavares-tem-quadro-clinico-estavel\/","url":"https:\/\/www.blogsoestado.com\/danielmatos\/diagnosticado-com-linfoma-medular-ex-governador-jose-reinaldo-tavares-tem-quadro-clinico-estavel\/","name":"Diagnosticado com linfoma medular, ex-governador Jos\u00e9 Reinaldo Tavares responde bem a tratamento em Bras\u00edlia - Daniel Matos","isPartOf":{"@id":"https:\/\/www.blogsoestado.com\/danielmatos\/#website"},"primaryImageOfPage":{"@id":"https:\/\/www.blogsoestado.com\/danielmatos\/diagnosticado-com-linfoma-medular-ex-governador-jose-reinaldo-tavares-tem-quadro-clinico-estavel\/#primaryimage"},"image":{"@id":"https:\/\/www.blogsoestado.com\/danielmatos\/diagnosticado-com-linfoma-medular-ex-governador-jose-reinaldo-tavares-tem-quadro-clinico-estavel\/#primaryimage"},"thumbnailUrl":"https:\/\/www.blogsoestado.com\/danielmatos\/wp-content\/uploads\/sites\/2\/2025\/08\/1003478341-862x1024.jpg","datePublished":"2025-08-29T21:07:46+00:00","dateModified":"2025-08-29T21:19:04+00:00","author":{"@id":"https:\/\/www.blogsoestado.com\/danielmatos\/#\/schema\/person\/9a209d407cd45631f131e1285b661bb0"},"breadcrumb":{"@id":"https:\/\/www.blogsoestado.com\/danielmatos\/diagnosticado-com-linfoma-medular-ex-governador-jose-reinaldo-tavares-tem-quadro-clinico-estavel\/#breadcrumb"},"inLanguage":"pt-BR","potentialAction":[{"@type":"ReadAction","target":["https:\/\/www.blogsoestado.com\/danielmatos\/diagnosticado-com-linfoma-medular-ex-governador-jose-reinaldo-tavares-tem-quadro-clinico-estavel\/"]}]},{"@type":"ImageObject","inLanguage":"pt-BR","@id":"https:\/\/www.blogsoestado.com\/danielmatos\/diagnosticado-com-linfoma-medular-ex-governador-jose-reinaldo-tavares-tem-quadro-clinico-estavel\/#primaryimage","url":"https:\/\/www.blogsoestado.com\/danielmatos\/wp-content\/uploads\/sites\/2\/2025\/08\/1003478341.jpg","contentUrl":"https:\/\/www.blogsoestado.com\/danielmatos\/wp-content\/uploads\/sites\/2\/2025\/08\/1003478341.jpg","width":896,"height":1065},{"@type":"BreadcrumbList","@id":"https:\/\/www.blogsoestado.com\/danielmatos\/diagnosticado-com-linfoma-medular-ex-governador-jose-reinaldo-tavares-tem-quadro-clinico-estavel\/#breadcrumb","itemListElement":[{"@type":"ListItem","position":1,"name":"In\u00edcio","item":"https:\/\/www.blogsoestado.com\/danielmatos\/"},{"@type":"ListItem","position":2,"name":"Diagnosticado com linfoma medular, ex-governador Jos\u00e9 Reinaldo Tavares responde bem a tratamento em Bras\u00edlia"}]},{"@type":"WebSite","@id":"https:\/\/www.blogsoestado.com\/danielmatos\/#website","url":"https:\/\/www.blogsoestado.com\/danielmatos\/","name":"Daniel Matos","description":"","potentialAction":[{"@type":"SearchAction","target":{"@type":"EntryPoint","urlTemplate":"https:\/\/www.blogsoestado.com\/danielmatos\/?s={search_term_string}"},"query-input":{"@type":"PropertyValueSpecification","valueRequired":true,"valueName":"search_term_string"}}],"inLanguage":"pt-BR"},{"@type":"Person","@id":"https:\/\/www.blogsoestado.com\/danielmatos\/#\/schema\/person\/9a209d407cd45631f131e1285b661bb0","name":"Daniel Matos","image":{"@type":"ImageObject","inLanguage":"pt-BR","@id":"https:\/\/www.blogsoestado.com\/danielmatos\/#\/schema\/person\/image\/","url":"https:\/\/secure.gravatar.com\/avatar\/2f26c36ee355da19a257f0dfef43952a2588b324ca35d6719e859fe338ac0392?s=96&d=mm&r=g","contentUrl":"https:\/\/secure.gravatar.com\/avatar\/2f26c36ee355da19a257f0dfef43952a2588b324ca35d6719e859fe338ac0392?s=96&d=mm&r=g","caption":"Daniel Matos"},"url":"https:\/\/www.blogsoestado.com\/danielmatos\/author\/danielmatos\/"}]}},"jetpack_featured_media_url":"","_links":{"self":[{"href":"https:\/\/www.blogsoestado.com\/danielmatos\/wp-json\/wp\/v2\/posts\/147817","targetHints":{"allow":["GET"]}}],"collection":[{"href":"https:\/\/www.blogsoestado.com\/danielmatos\/wp-json\/wp\/v2\/posts"}],"about":[{"href":"https:\/\/www.blogsoestado.com\/danielmatos\/wp-json\/wp\/v2\/types\/post"}],"author":[{"embeddable":true,"href":"https:\/\/www.blogsoestado.com\/danielmatos\/wp-json\/wp\/v2\/users\/2"}],"replies":[{"embeddable":true,"href":"https:\/\/www.blogsoestado.com\/danielmatos\/wp-json\/wp\/v2\/comments?post=147817"}],"version-history":[{"count":2,"href":"https:\/\/www.blogsoestado.com\/danielmatos\/wp-json\/wp\/v2\/posts\/147817\/revisions"}],"predecessor-version":[{"id":147821,"href":"https:\/\/www.blogsoestado.com\/danielmatos\/wp-json\/wp\/v2\/posts\/147817\/revisions\/147821"}],"wp:attachment":[{"href":"https:\/\/www.blogsoestado.com\/danielmatos\/wp-json\/wp\/v2\/media?parent=147817"}],"wp:term":[{"taxonomy":"category","embeddable":true,"href":"https:\/\/www.blogsoestado.com\/danielmatos\/wp-json\/wp\/v2\/categories?post=147817"},{"taxonomy":"post_tag","embeddable":true,"href":"https:\/\/www.blogsoestado.com\/danielmatos\/wp-json\/wp\/v2\/tags?post=147817"}],"curies":[{"name":"wp","href":"https:\/\/api.w.org\/{rel}","templated":true}]}}