{"id":147822,"date":"2025-08-29T22:58:48","date_gmt":"2025-08-30T01:58:48","guid":{"rendered":"https:\/\/www.blogsoestado.com\/danielmatos\/?p=147822"},"modified":"2025-08-29T23:34:11","modified_gmt":"2025-08-30T02:34:11","slug":"fundador-do-grupo-ceuma-mauro-fecury-e-homenageado-com-medalha-em-cerimonia-alusiva-aos-155-anos-do-exercito-brasileiro","status":"publish","type":"post","link":"https:\/\/www.blogsoestado.com\/danielmatos\/fundador-do-grupo-ceuma-mauro-fecury-e-homenageado-com-medalha-em-cerimonia-alusiva-aos-155-anos-do-exercito-brasileiro\/","title":{"rendered":"Fundador do Grupo Ceuma, Mauro Fecury, \u00e9 homenageado com medalha em cerim\u00f4nia alusiva aos 155 anos do Ex\u00e9rcito Brasileiro"},"content":{"rendered":"\n<figure class=\"wp-block-image aligncenter size-large\"><img fetchpriority=\"high\" decoding=\"async\" width=\"1024\" height=\"571\" src=\"https:\/\/www.blogsoestado.com\/danielmatos\/wp-content\/uploads\/sites\/2\/2025\/08\/1003480867-1024x571.jpg\" alt=\"\" class=\"wp-image-147827\" srcset=\"https:\/\/www.blogsoestado.com\/danielmatos\/wp-content\/uploads\/sites\/2\/2025\/08\/1003480867-1024x571.jpg 1024w, https:\/\/www.blogsoestado.com\/danielmatos\/wp-content\/uploads\/sites\/2\/2025\/08\/1003480867-300x167.jpg 300w, https:\/\/www.blogsoestado.com\/danielmatos\/wp-content\/uploads\/sites\/2\/2025\/08\/1003480867-768x428.jpg 768w, https:\/\/www.blogsoestado.com\/danielmatos\/wp-content\/uploads\/sites\/2\/2025\/08\/1003480867.jpg 1080w\" sizes=\"(max-width: 1024px) 100vw, 1024px\" \/><figcaption class=\"wp-element-caption\">O empres\u00e1rio e pol\u00edtico Mauro Fecury foi um dos homenageados na solenidade alusiva aos 155 anos do Ex\u00e9rcito Brasileiro<\/figcaption><\/figure>\n\n\n\n<p>O engenheiro civil, ex-prefeito de S\u00e3o Lu\u00eds, ex-senador da Rep\u00fablica, ex-deputado federal, ex-deputado estadual, fundador e mantenedor do Grupo Ceuma, Mauro Fecury, foi um dos convidados de honra da comemora\u00e7\u00e3o dos 155 anos do 24\u00ba Batalh\u00e3o de Infantaria de Selva (24\u00ba BIS), o Batalh\u00e3o Duque de Caxias, evento realizada na noite de quinta-feira (28) pelo Ex\u00e9rcito Brasileiro, na sede do Batalh\u00e3o, no bairro Jo\u00e3o Paulo, em S\u00e3o Lu\u00eds-MA.<\/p>\n\n\n\n<figure class=\"wp-block-image aligncenter size-large\"><img decoding=\"async\" width=\"1024\" height=\"597\" src=\"https:\/\/www.blogsoestado.com\/danielmatos\/wp-content\/uploads\/sites\/2\/2025\/08\/1003480632-1024x597.png\" alt=\"\" class=\"wp-image-147824\" srcset=\"https:\/\/www.blogsoestado.com\/danielmatos\/wp-content\/uploads\/sites\/2\/2025\/08\/1003480632-1024x597.png 1024w, https:\/\/www.blogsoestado.com\/danielmatos\/wp-content\/uploads\/sites\/2\/2025\/08\/1003480632-300x175.png 300w, https:\/\/www.blogsoestado.com\/danielmatos\/wp-content\/uploads\/sites\/2\/2025\/08\/1003480632-768x448.png 768w, https:\/\/www.blogsoestado.com\/danielmatos\/wp-content\/uploads\/sites\/2\/2025\/08\/1003480632.png 1080w\" sizes=\"(max-width: 1024px) 100vw, 1024px\" \/><figcaption class=\"wp-element-caption\">O fundador e mantenedor da Universidade Ceuma, Mauro Fecury, na cerim\u00f4nia com a reitora Cristina Nitz e o prefeito da institui\u00e7\u00e3o de ensino superior, Neemias Muniz, tamb\u00e9m condecorados com a Medalha Medalha Legi\u00e3o Bar\u00e3o de Caxias<\/figcaption><\/figure>\n\n\n\n<p>Na concorrida cerim\u00f4nia, o pol\u00edtico e empres\u00e1rio foi homenageado com a medalha Legi\u00e3o Bar\u00e3o de Caxias e com o diploma de Amigo do Batalh\u00e3o, um reconhecimento ao fortalecimento dos la\u00e7os institucionais e apoio \u00e0s a\u00e7\u00f5es do Ex\u00e9rcito.<\/p>\n\n\n\n<p>A Medalha Legi\u00e3o Bar\u00e3o de Caxias e com o diploma de Amigo do Batalh\u00e3o distingue cidad\u00e3os e institui\u00e7\u00f5es brasileiras ou estrangeiras que tenham prestado servi\u00e7os relevantes ou realizado a\u00e7\u00f5es de destaque em favor do Ex\u00e9rcito Brasileiro.<\/p>\n\n\n\n<figure class=\"wp-block-image aligncenter size-large\"><img decoding=\"async\" width=\"1024\" height=\"590\" src=\"https:\/\/www.blogsoestado.com\/danielmatos\/wp-content\/uploads\/sites\/2\/2025\/08\/1003480633-1024x590.png\" alt=\"\" class=\"wp-image-147825\" srcset=\"https:\/\/www.blogsoestado.com\/danielmatos\/wp-content\/uploads\/sites\/2\/2025\/08\/1003480633-1024x590.png 1024w, https:\/\/www.blogsoestado.com\/danielmatos\/wp-content\/uploads\/sites\/2\/2025\/08\/1003480633-300x173.png 300w, https:\/\/www.blogsoestado.com\/danielmatos\/wp-content\/uploads\/sites\/2\/2025\/08\/1003480633-768x442.png 768w, https:\/\/www.blogsoestado.com\/danielmatos\/wp-content\/uploads\/sites\/2\/2025\/08\/1003480633.png 1080w\" sizes=\"(max-width: 1024px) 100vw, 1024px\" \/><figcaption class=\"wp-element-caption\">Mauro Fecury dialoga com o governador Carlos Brand\u00e3o, que tamb\u00e9m foi homenageado com medalha e diploma na cerim\u00f4nia<\/figcaption><\/figure>\n\n\n\n<p>Tamb\u00e9m foram condecorados com a medalha a reitora da Universidade Ceuma, Cristina Nitz, e o prefeito da institui\u00e7\u00e3o de ensino superior, Neemias Muniz.<\/p>\n","protected":false},"excerpt":{"rendered":"<p>O engenheiro civil, ex-prefeito de S\u00e3o Lu\u00eds, ex-senador da Rep\u00fablica, ex-deputado federal, ex-deputado estadual, fundador e mantenedor do Grupo Ceuma, [&hellip;]<\/p>\n","protected":false},"author":2,"featured_media":0,"comment_status":"open","ping_status":"open","sticky":false,"template":"","format":"standard","meta":{"site-sidebar-layout":"default","site-content-layout":"","ast-site-content-layout":"default","site-content-style":"default","site-sidebar-style":"default","ast-global-header-display":"","ast-banner-title-visibility":"","ast-main-header-display":"","ast-hfb-above-header-display":"","ast-hfb-below-header-display":"","ast-hfb-mobile-header-display":"","site-post-title":"","ast-breadcrumbs-content":"","ast-featured-img":"","footer-sml-layout":"","ast-disable-related-posts":"","theme-transparent-header-meta":"","adv-header-id-meta":"","stick-header-meta":"","header-above-stick-meta":"","header-main-stick-meta":"","header-below-stick-meta":"","astra-migrate-meta-layouts":"default","ast-page-background-enabled":"default","ast-page-background-meta":{"desktop":{"background-color":"var(--ast-global-color-5)","background-image":"","background-repeat":"repeat","background-position":"center center","background-size":"auto","background-attachment":"scroll","background-type":"","background-media":"","overlay-type":"","overlay-color":"","overlay-opacity":"","overlay-gradient":""},"tablet":{"background-color":"","background-image":"","background-repeat":"repeat","background-position":"center center","background-size":"auto","background-attachment":"scroll","background-type":"","background-media":"","overlay-type":"","overlay-color":"","overlay-opacity":"","overlay-gradient":""},"mobile":{"background-color":"","background-image":"","background-repeat":"repeat","background-position":"center center","background-size":"auto","background-attachment":"scroll","background-type":"","background-media":"","overlay-type":"","overlay-color":"","overlay-opacity":"","overlay-gradient":""}},"ast-content-background-meta":{"desktop":{"background-color":"var(--ast-global-color-4)","background-image":"","background-repeat":"repeat","background-position":"center center","background-size":"auto","background-attachment":"scroll","background-type":"","background-media":"","overlay-type":"","overlay-color":"","overlay-opacity":"","overlay-gradient":""},"tablet":{"background-color":"var(--ast-global-color-4)","background-image":"","background-repeat":"repeat","background-position":"center center","background-size":"auto","background-attachment":"scroll","background-type":"","background-media":"","overlay-type":"","overlay-color":"","overlay-opacity":"","overlay-gradient":""},"mobile":{"background-color":"var(--ast-global-color-4)","background-image":"","background-repeat":"repeat","background-position":"center center","background-size":"auto","background-attachment":"scroll","background-type":"","background-media":"","overlay-type":"","overlay-color":"","overlay-opacity":"","overlay-gradient":""}},"footnotes":""},"categories":[1],"tags":[],"class_list":["post-147822","post","type-post","status-publish","format-standard","hentry","category-sem-categoria"],"yoast_head":"<!-- This site is optimized with the Yoast SEO plugin v26.6 - https:\/\/yoast.com\/wordpress\/plugins\/seo\/ -->\n<title>Fundador do Grupo Ceuma, Mauro Fecury, \u00e9 homenageado com medalha em cerim\u00f4nia alusiva aos 155 anos do Ex\u00e9rcito Brasileiro - Daniel Matos<\/title>\n<meta name=\"robots\" content=\"index, follow, max-snippet:-1, max-image-preview:large, max-video-preview:-1\" \/>\n<link rel=\"canonical\" href=\"https:\/\/www.blogsoestado.com\/danielmatos\/fundador-do-grupo-ceuma-mauro-fecury-e-homenageado-com-medalha-em-cerimonia-alusiva-aos-155-anos-do-exercito-brasileiro\/\" \/>\n<meta property=\"og:locale\" content=\"pt_BR\" \/>\n<meta property=\"og:type\" content=\"article\" \/>\n<meta property=\"og:title\" content=\"Fundador do Grupo Ceuma, Mauro Fecury, \u00e9 homenageado com medalha em cerim\u00f4nia alusiva aos 155 anos do Ex\u00e9rcito Brasileiro - Daniel Matos\" \/>\n<meta property=\"og:description\" content=\"O engenheiro civil, ex-prefeito de S\u00e3o Lu\u00eds, ex-senador da Rep\u00fablica, ex-deputado federal, ex-deputado estadual, fundador e mantenedor do Grupo Ceuma, [&hellip;]\" \/>\n<meta property=\"og:url\" content=\"https:\/\/www.blogsoestado.com\/danielmatos\/fundador-do-grupo-ceuma-mauro-fecury-e-homenageado-com-medalha-em-cerimonia-alusiva-aos-155-anos-do-exercito-brasileiro\/\" \/>\n<meta property=\"og:site_name\" content=\"Daniel Matos\" \/>\n<meta property=\"article:published_time\" content=\"2025-08-30T01:58:48+00:00\" \/>\n<meta property=\"article:modified_time\" content=\"2025-08-30T02:34:11+00:00\" \/>\n<meta property=\"og:image\" content=\"https:\/\/www.blogsoestado.com\/danielmatos\/wp-content\/uploads\/sites\/2\/2025\/08\/1003480867.jpg\" \/>\n\t<meta property=\"og:image:width\" content=\"1080\" \/>\n\t<meta property=\"og:image:height\" content=\"602\" \/>\n\t<meta property=\"og:image:type\" content=\"image\/jpeg\" \/>\n<meta name=\"author\" content=\"Daniel Matos\" \/>\n<meta name=\"twitter:card\" content=\"summary_large_image\" \/>\n<meta name=\"twitter:label1\" content=\"Escrito por\" \/>\n\t<meta name=\"twitter:data1\" content=\"Daniel Matos\" \/>\n\t<meta name=\"twitter:label2\" content=\"Est. tempo de leitura\" \/>\n\t<meta name=\"twitter:data2\" content=\"2 minutos\" \/>\n<script type=\"application\/ld+json\" class=\"yoast-schema-graph\">{\"@context\":\"https:\/\/schema.org\",\"@graph\":[{\"@type\":\"WebPage\",\"@id\":\"https:\/\/www.blogsoestado.com\/danielmatos\/fundador-do-grupo-ceuma-mauro-fecury-e-homenageado-com-medalha-em-cerimonia-alusiva-aos-155-anos-do-exercito-brasileiro\/\",\"url\":\"https:\/\/www.blogsoestado.com\/danielmatos\/fundador-do-grupo-ceuma-mauro-fecury-e-homenageado-com-medalha-em-cerimonia-alusiva-aos-155-anos-do-exercito-brasileiro\/\",\"name\":\"Fundador do Grupo Ceuma, Mauro Fecury, \u00e9 homenageado com medalha em cerim\u00f4nia alusiva aos 155 anos do Ex\u00e9rcito Brasileiro - Daniel Matos\",\"isPartOf\":{\"@id\":\"https:\/\/www.blogsoestado.com\/danielmatos\/#website\"},\"primaryImageOfPage\":{\"@id\":\"https:\/\/www.blogsoestado.com\/danielmatos\/fundador-do-grupo-ceuma-mauro-fecury-e-homenageado-com-medalha-em-cerimonia-alusiva-aos-155-anos-do-exercito-brasileiro\/#primaryimage\"},\"image\":{\"@id\":\"https:\/\/www.blogsoestado.com\/danielmatos\/fundador-do-grupo-ceuma-mauro-fecury-e-homenageado-com-medalha-em-cerimonia-alusiva-aos-155-anos-do-exercito-brasileiro\/#primaryimage\"},\"thumbnailUrl\":\"https:\/\/www.blogsoestado.com\/danielmatos\/wp-content\/uploads\/sites\/2\/2025\/08\/1003480867-1024x571.jpg\",\"datePublished\":\"2025-08-30T01:58:48+00:00\",\"dateModified\":\"2025-08-30T02:34:11+00:00\",\"author\":{\"@id\":\"https:\/\/www.blogsoestado.com\/danielmatos\/#\/schema\/person\/9a209d407cd45631f131e1285b661bb0\"},\"breadcrumb\":{\"@id\":\"https:\/\/www.blogsoestado.com\/danielmatos\/fundador-do-grupo-ceuma-mauro-fecury-e-homenageado-com-medalha-em-cerimonia-alusiva-aos-155-anos-do-exercito-brasileiro\/#breadcrumb\"},\"inLanguage\":\"pt-BR\",\"potentialAction\":[{\"@type\":\"ReadAction\",\"target\":[\"https:\/\/www.blogsoestado.com\/danielmatos\/fundador-do-grupo-ceuma-mauro-fecury-e-homenageado-com-medalha-em-cerimonia-alusiva-aos-155-anos-do-exercito-brasileiro\/\"]}]},{\"@type\":\"ImageObject\",\"inLanguage\":\"pt-BR\",\"@id\":\"https:\/\/www.blogsoestado.com\/danielmatos\/fundador-do-grupo-ceuma-mauro-fecury-e-homenageado-com-medalha-em-cerimonia-alusiva-aos-155-anos-do-exercito-brasileiro\/#primaryimage\",\"url\":\"https:\/\/www.blogsoestado.com\/danielmatos\/wp-content\/uploads\/sites\/2\/2025\/08\/1003480867.jpg\",\"contentUrl\":\"https:\/\/www.blogsoestado.com\/danielmatos\/wp-content\/uploads\/sites\/2\/2025\/08\/1003480867.jpg\",\"width\":1080,\"height\":602},{\"@type\":\"BreadcrumbList\",\"@id\":\"https:\/\/www.blogsoestado.com\/danielmatos\/fundador-do-grupo-ceuma-mauro-fecury-e-homenageado-com-medalha-em-cerimonia-alusiva-aos-155-anos-do-exercito-brasileiro\/#breadcrumb\",\"itemListElement\":[{\"@type\":\"ListItem\",\"position\":1,\"name\":\"In\u00edcio\",\"item\":\"https:\/\/www.blogsoestado.com\/danielmatos\/\"},{\"@type\":\"ListItem\",\"position\":2,\"name\":\"Fundador do Grupo Ceuma, Mauro Fecury, \u00e9 homenageado com medalha em cerim\u00f4nia alusiva aos 155 anos do Ex\u00e9rcito Brasileiro\"}]},{\"@type\":\"WebSite\",\"@id\":\"https:\/\/www.blogsoestado.com\/danielmatos\/#website\",\"url\":\"https:\/\/www.blogsoestado.com\/danielmatos\/\",\"name\":\"Daniel Matos\",\"description\":\"\",\"potentialAction\":[{\"@type\":\"SearchAction\",\"target\":{\"@type\":\"EntryPoint\",\"urlTemplate\":\"https:\/\/www.blogsoestado.com\/danielmatos\/?s={search_term_string}\"},\"query-input\":{\"@type\":\"PropertyValueSpecification\",\"valueRequired\":true,\"valueName\":\"search_term_string\"}}],\"inLanguage\":\"pt-BR\"},{\"@type\":\"Person\",\"@id\":\"https:\/\/www.blogsoestado.com\/danielmatos\/#\/schema\/person\/9a209d407cd45631f131e1285b661bb0\",\"name\":\"Daniel Matos\",\"image\":{\"@type\":\"ImageObject\",\"inLanguage\":\"pt-BR\",\"@id\":\"https:\/\/www.blogsoestado.com\/danielmatos\/#\/schema\/person\/image\/\",\"url\":\"https:\/\/secure.gravatar.com\/avatar\/2f26c36ee355da19a257f0dfef43952a2588b324ca35d6719e859fe338ac0392?s=96&d=mm&r=g\",\"contentUrl\":\"https:\/\/secure.gravatar.com\/avatar\/2f26c36ee355da19a257f0dfef43952a2588b324ca35d6719e859fe338ac0392?s=96&d=mm&r=g\",\"caption\":\"Daniel Matos\"},\"url\":\"https:\/\/www.blogsoestado.com\/danielmatos\/author\/danielmatos\/\"}]}<\/script>\n<!-- \/ Yoast SEO plugin. -->","yoast_head_json":{"title":"Fundador do Grupo Ceuma, Mauro Fecury, \u00e9 homenageado com medalha em cerim\u00f4nia alusiva aos 155 anos do Ex\u00e9rcito Brasileiro - Daniel Matos","robots":{"index":"index","follow":"follow","max-snippet":"max-snippet:-1","max-image-preview":"max-image-preview:large","max-video-preview":"max-video-preview:-1"},"canonical":"https:\/\/www.blogsoestado.com\/danielmatos\/fundador-do-grupo-ceuma-mauro-fecury-e-homenageado-com-medalha-em-cerimonia-alusiva-aos-155-anos-do-exercito-brasileiro\/","og_locale":"pt_BR","og_type":"article","og_title":"Fundador do Grupo Ceuma, Mauro Fecury, \u00e9 homenageado com medalha em cerim\u00f4nia alusiva aos 155 anos do Ex\u00e9rcito Brasileiro - Daniel Matos","og_description":"O engenheiro civil, ex-prefeito de S\u00e3o Lu\u00eds, ex-senador da Rep\u00fablica, ex-deputado federal, ex-deputado estadual, fundador e mantenedor do Grupo Ceuma, [&hellip;]","og_url":"https:\/\/www.blogsoestado.com\/danielmatos\/fundador-do-grupo-ceuma-mauro-fecury-e-homenageado-com-medalha-em-cerimonia-alusiva-aos-155-anos-do-exercito-brasileiro\/","og_site_name":"Daniel Matos","article_published_time":"2025-08-30T01:58:48+00:00","article_modified_time":"2025-08-30T02:34:11+00:00","og_image":[{"width":1080,"height":602,"url":"https:\/\/www.blogsoestado.com\/danielmatos\/wp-content\/uploads\/sites\/2\/2025\/08\/1003480867.jpg","type":"image\/jpeg"}],"author":"Daniel Matos","twitter_card":"summary_large_image","twitter_misc":{"Escrito por":"Daniel Matos","Est. tempo de leitura":"2 minutos"},"schema":{"@context":"https:\/\/schema.org","@graph":[{"@type":"WebPage","@id":"https:\/\/www.blogsoestado.com\/danielmatos\/fundador-do-grupo-ceuma-mauro-fecury-e-homenageado-com-medalha-em-cerimonia-alusiva-aos-155-anos-do-exercito-brasileiro\/","url":"https:\/\/www.blogsoestado.com\/danielmatos\/fundador-do-grupo-ceuma-mauro-fecury-e-homenageado-com-medalha-em-cerimonia-alusiva-aos-155-anos-do-exercito-brasileiro\/","name":"Fundador do Grupo Ceuma, Mauro Fecury, \u00e9 homenageado com medalha em cerim\u00f4nia alusiva aos 155 anos do Ex\u00e9rcito Brasileiro - Daniel Matos","isPartOf":{"@id":"https:\/\/www.blogsoestado.com\/danielmatos\/#website"},"primaryImageOfPage":{"@id":"https:\/\/www.blogsoestado.com\/danielmatos\/fundador-do-grupo-ceuma-mauro-fecury-e-homenageado-com-medalha-em-cerimonia-alusiva-aos-155-anos-do-exercito-brasileiro\/#primaryimage"},"image":{"@id":"https:\/\/www.blogsoestado.com\/danielmatos\/fundador-do-grupo-ceuma-mauro-fecury-e-homenageado-com-medalha-em-cerimonia-alusiva-aos-155-anos-do-exercito-brasileiro\/#primaryimage"},"thumbnailUrl":"https:\/\/www.blogsoestado.com\/danielmatos\/wp-content\/uploads\/sites\/2\/2025\/08\/1003480867-1024x571.jpg","datePublished":"2025-08-30T01:58:48+00:00","dateModified":"2025-08-30T02:34:11+00:00","author":{"@id":"https:\/\/www.blogsoestado.com\/danielmatos\/#\/schema\/person\/9a209d407cd45631f131e1285b661bb0"},"breadcrumb":{"@id":"https:\/\/www.blogsoestado.com\/danielmatos\/fundador-do-grupo-ceuma-mauro-fecury-e-homenageado-com-medalha-em-cerimonia-alusiva-aos-155-anos-do-exercito-brasileiro\/#breadcrumb"},"inLanguage":"pt-BR","potentialAction":[{"@type":"ReadAction","target":["https:\/\/www.blogsoestado.com\/danielmatos\/fundador-do-grupo-ceuma-mauro-fecury-e-homenageado-com-medalha-em-cerimonia-alusiva-aos-155-anos-do-exercito-brasileiro\/"]}]},{"@type":"ImageObject","inLanguage":"pt-BR","@id":"https:\/\/www.blogsoestado.com\/danielmatos\/fundador-do-grupo-ceuma-mauro-fecury-e-homenageado-com-medalha-em-cerimonia-alusiva-aos-155-anos-do-exercito-brasileiro\/#primaryimage","url":"https:\/\/www.blogsoestado.com\/danielmatos\/wp-content\/uploads\/sites\/2\/2025\/08\/1003480867.jpg","contentUrl":"https:\/\/www.blogsoestado.com\/danielmatos\/wp-content\/uploads\/sites\/2\/2025\/08\/1003480867.jpg","width":1080,"height":602},{"@type":"BreadcrumbList","@id":"https:\/\/www.blogsoestado.com\/danielmatos\/fundador-do-grupo-ceuma-mauro-fecury-e-homenageado-com-medalha-em-cerimonia-alusiva-aos-155-anos-do-exercito-brasileiro\/#breadcrumb","itemListElement":[{"@type":"ListItem","position":1,"name":"In\u00edcio","item":"https:\/\/www.blogsoestado.com\/danielmatos\/"},{"@type":"ListItem","position":2,"name":"Fundador do Grupo Ceuma, Mauro Fecury, \u00e9 homenageado com medalha em cerim\u00f4nia alusiva aos 155 anos do Ex\u00e9rcito Brasileiro"}]},{"@type":"WebSite","@id":"https:\/\/www.blogsoestado.com\/danielmatos\/#website","url":"https:\/\/www.blogsoestado.com\/danielmatos\/","name":"Daniel Matos","description":"","potentialAction":[{"@type":"SearchAction","target":{"@type":"EntryPoint","urlTemplate":"https:\/\/www.blogsoestado.com\/danielmatos\/?s={search_term_string}"},"query-input":{"@type":"PropertyValueSpecification","valueRequired":true,"valueName":"search_term_string"}}],"inLanguage":"pt-BR"},{"@type":"Person","@id":"https:\/\/www.blogsoestado.com\/danielmatos\/#\/schema\/person\/9a209d407cd45631f131e1285b661bb0","name":"Daniel Matos","image":{"@type":"ImageObject","inLanguage":"pt-BR","@id":"https:\/\/www.blogsoestado.com\/danielmatos\/#\/schema\/person\/image\/","url":"https:\/\/secure.gravatar.com\/avatar\/2f26c36ee355da19a257f0dfef43952a2588b324ca35d6719e859fe338ac0392?s=96&d=mm&r=g","contentUrl":"https:\/\/secure.gravatar.com\/avatar\/2f26c36ee355da19a257f0dfef43952a2588b324ca35d6719e859fe338ac0392?s=96&d=mm&r=g","caption":"Daniel Matos"},"url":"https:\/\/www.blogsoestado.com\/danielmatos\/author\/danielmatos\/"}]}},"jetpack_featured_media_url":"","_links":{"self":[{"href":"https:\/\/www.blogsoestado.com\/danielmatos\/wp-json\/wp\/v2\/posts\/147822","targetHints":{"allow":["GET"]}}],"collection":[{"href":"https:\/\/www.blogsoestado.com\/danielmatos\/wp-json\/wp\/v2\/posts"}],"about":[{"href":"https:\/\/www.blogsoestado.com\/danielmatos\/wp-json\/wp\/v2\/types\/post"}],"author":[{"embeddable":true,"href":"https:\/\/www.blogsoestado.com\/danielmatos\/wp-json\/wp\/v2\/users\/2"}],"replies":[{"embeddable":true,"href":"https:\/\/www.blogsoestado.com\/danielmatos\/wp-json\/wp\/v2\/comments?post=147822"}],"version-history":[{"count":2,"href":"https:\/\/www.blogsoestado.com\/danielmatos\/wp-json\/wp\/v2\/posts\/147822\/revisions"}],"predecessor-version":[{"id":147829,"href":"https:\/\/www.blogsoestado.com\/danielmatos\/wp-json\/wp\/v2\/posts\/147822\/revisions\/147829"}],"wp:attachment":[{"href":"https:\/\/www.blogsoestado.com\/danielmatos\/wp-json\/wp\/v2\/media?parent=147822"}],"wp:term":[{"taxonomy":"category","embeddable":true,"href":"https:\/\/www.blogsoestado.com\/danielmatos\/wp-json\/wp\/v2\/categories?post=147822"},{"taxonomy":"post_tag","embeddable":true,"href":"https:\/\/www.blogsoestado.com\/danielmatos\/wp-json\/wp\/v2\/tags?post=147822"}],"curies":[{"name":"wp","href":"https:\/\/api.w.org\/{rel}","templated":true}]}}