{"id":147854,"date":"2025-08-30T18:08:36","date_gmt":"2025-08-30T21:08:36","guid":{"rendered":"https:\/\/www.blogsoestado.com\/danielmatos\/?p=147854"},"modified":"2025-08-30T18:08:39","modified_gmt":"2025-08-30T21:08:39","slug":"sociedade-civil-organizada-fortalece-cadeia-produtiva-cultural-de-paco-do-lumiar-durante-forum","status":"publish","type":"post","link":"https:\/\/www.blogsoestado.com\/danielmatos\/sociedade-civil-organizada-fortalece-cadeia-produtiva-cultural-de-paco-do-lumiar-durante-forum\/","title":{"rendered":"Sociedade civil organizada fortalece cadeia produtiva cultural de Pa\u00e7o do Lumiar durante f\u00f3rum"},"content":{"rendered":"\n<figure class=\"wp-block-image aligncenter size-large\"><img fetchpriority=\"high\" decoding=\"async\" width=\"1024\" height=\"576\" src=\"https:\/\/www.blogsoestado.com\/danielmatos\/wp-content\/uploads\/sites\/2\/2025\/08\/1003486759-1024x576.jpg\" alt=\"\" class=\"wp-image-147855\" srcset=\"https:\/\/www.blogsoestado.com\/danielmatos\/wp-content\/uploads\/sites\/2\/2025\/08\/1003486759-1024x576.jpg 1024w, https:\/\/www.blogsoestado.com\/danielmatos\/wp-content\/uploads\/sites\/2\/2025\/08\/1003486759-300x169.jpg 300w, https:\/\/www.blogsoestado.com\/danielmatos\/wp-content\/uploads\/sites\/2\/2025\/08\/1003486759-768x432.jpg 768w, https:\/\/www.blogsoestado.com\/danielmatos\/wp-content\/uploads\/sites\/2\/2025\/08\/1003486759-1536x864.jpg 1536w, https:\/\/www.blogsoestado.com\/danielmatos\/wp-content\/uploads\/sites\/2\/2025\/08\/1003486759.jpg 1600w\" sizes=\"(max-width: 1024px) 100vw, 1024px\" \/><figcaption class=\"wp-element-caption\">O f\u00f3rum reuniu coordenador de escrit\u00f3rio do Minist\u00e9rio da Cultura, Paulo Sab\u00e1, de fazedores da cultura luminenses, al\u00e9m de autoridades municipais <\/figcaption><\/figure>\n\n\n\n<p>Foram dois dias de muito debate e discuss\u00f5es pol\u00edticas culturais durante o V F\u00f3rum de Cultura de Pa\u00e7o do Lumiar. A cerim\u00f4nia de abertura aconteceu na noite de quinta-feira (28), com a presen\u00e7a do coordenador de escrit\u00f3rio do Minist\u00e9rio da Cultura, Paulo Sab\u00e1, de fazedores da cultura luminenses, al\u00e9m de autoridades e da primeira-dama, Maedja Campos, que durante o ato representou o prefeito Fred Campos.<\/p>\n\n\n\n<p>Durante a solenidade, a primeira-dama, Maedja Campos, enfatizou que o f\u00f3rum proporciona di\u00e1logo entre poder p\u00fablico e sociedade civil, al\u00e9m de ajudar a fortalecer a identidade cultural de Pa\u00e7o do Lumiar. \u201cA Prefeitura de Pa\u00e7o do Lumiar, por meio da Secretaria Municipal de Cultura, est\u00e1 de parab\u00e9ns. O f\u00f3rum, com certeza, fortalecer\u00e1 e trar\u00e1 mais benef\u00edcios para o meio cultural do nosso munic\u00edpio\u201d, disse Maedja.<\/p>\n\n\n\n<p>O coordenador de escrit\u00f3rio do Minist\u00e9rio da Cultura, Paulo Sab\u00e1, aproveitou a oportunidade para parabenizar a gest\u00e3o do prefeito Fred Campos pela atua\u00e7\u00e3o do secret\u00e1rio Zico e equipe na condu\u00e7\u00e3o da pasta. \u201cEstamos manifestando integral apoio ao secret\u00e1rio Zico na condu\u00e7\u00e3o da pasta\u201d.<\/p>\n\n\n\n<p>O evento aconteceu no audit\u00f3rio da Escola Nadir Nascimento de Moraes e foi promovido pela Prefeitura Municipal de Pa\u00e7o do Lumiar, por meio da Secretaria Municipal de Cultura, Esporte e Juventude (SEMCEJ), em conjunto com o Conselho Municipal de Cultura (COMCULP).<\/p>\n\n\n\n<figure class=\"wp-block-image aligncenter size-large\"><img decoding=\"async\" width=\"1024\" height=\"576\" src=\"https:\/\/www.blogsoestado.com\/danielmatos\/wp-content\/uploads\/sites\/2\/2025\/08\/1003486758-1-1024x576.jpg\" alt=\"\" class=\"wp-image-147857\" srcset=\"https:\/\/www.blogsoestado.com\/danielmatos\/wp-content\/uploads\/sites\/2\/2025\/08\/1003486758-1-1024x576.jpg 1024w, https:\/\/www.blogsoestado.com\/danielmatos\/wp-content\/uploads\/sites\/2\/2025\/08\/1003486758-1-300x169.jpg 300w, https:\/\/www.blogsoestado.com\/danielmatos\/wp-content\/uploads\/sites\/2\/2025\/08\/1003486758-1-768x432.jpg 768w, https:\/\/www.blogsoestado.com\/danielmatos\/wp-content\/uploads\/sites\/2\/2025\/08\/1003486758-1-1536x864.jpg 1536w, https:\/\/www.blogsoestado.com\/danielmatos\/wp-content\/uploads\/sites\/2\/2025\/08\/1003486758-1.jpg 1600w\" sizes=\"(max-width: 1024px) 100vw, 1024px\" \/><figcaption class=\"wp-element-caption\">O f\u00f3rum teve como tema central \u201cO Conselho de Cultura como Espa\u00e7o de Participa\u00e7\u00e3o Social: Fomento \u00e0 Educa\u00e7\u00e3o Cultural, Mem\u00f3ria e Identidade Luminense\u201d<\/figcaption><\/figure>\n\n\n\n<p>O f\u00f3rum teve como tema central \u201cO Conselho de Cultura como Espa\u00e7o de Participa\u00e7\u00e3o Social: Fomento \u00e0 Educa\u00e7\u00e3o Cultural, Mem\u00f3ria e Identidade Luminense\u201d. A confer\u00eancia magna foi ministrada pelo professor de m\u00fasica Daniel Lemos, que abordou a rela\u00e7\u00e3o cultura e poder.<\/p>\n\n\n\n<p>O secret\u00e1rio da pasta, Zico, ressaltou a import\u00e2ncia do f\u00f3rum para a gest\u00e3o p\u00fablica municipal e para a sociedade civil. \u201cO f\u00f3rum \u00e9 um espa\u00e7o de di\u00e1logo e participa\u00e7\u00e3o social. Ele permite que a sociedade e o poder p\u00fablico construam juntos diretrizes para as pol\u00edticas culturais do munic\u00edpio. E foi isso que n\u00f3s fizemos aqui nesses dois dias de debates intensos\u201d, pontuou o secret\u00e1rio.<\/p>\n\n\n\n<p>Na sexta-feira (29), durante todo o dia, ocorreram palestras, rodas de conversas e muito dialogo em busca do fortalecimento do Sistema Municipal de Cultura (SMC), com a participa\u00e7\u00e3o ativa de representantes da sociedade civil e do poder p\u00fablico.<\/p>\n\n\n\n<p><strong>Elei\u00e7\u00e3o<\/strong> <\/p>\n\n\n\n<p>Durante o f\u00f3rum, foi realizada a elei\u00e7\u00e3o do Conselho do COMCULP para o bi\u00eanio 2025\/2027. O secret\u00e1rio do COMCULP, Herberth Sousa, frisou que o evento, al\u00e9m da participa\u00e7\u00e3o social, visa a constru\u00e7\u00e3o coletiva de pol\u00edticas culturais que valorizem a diversidade, a mem\u00f3ria e a identidade luminenses.<\/p>\n\n\n\n<figure class=\"wp-block-image aligncenter size-large\"><img decoding=\"async\" width=\"1024\" height=\"576\" src=\"https:\/\/www.blogsoestado.com\/danielmatos\/wp-content\/uploads\/sites\/2\/2025\/08\/1003486757-1024x576.jpg\" alt=\"\" class=\"wp-image-147858\" srcset=\"https:\/\/www.blogsoestado.com\/danielmatos\/wp-content\/uploads\/sites\/2\/2025\/08\/1003486757-1024x576.jpg 1024w, https:\/\/www.blogsoestado.com\/danielmatos\/wp-content\/uploads\/sites\/2\/2025\/08\/1003486757-300x169.jpg 300w, https:\/\/www.blogsoestado.com\/danielmatos\/wp-content\/uploads\/sites\/2\/2025\/08\/1003486757-768x432.jpg 768w, https:\/\/www.blogsoestado.com\/danielmatos\/wp-content\/uploads\/sites\/2\/2025\/08\/1003486757-1536x864.jpg 1536w, https:\/\/www.blogsoestado.com\/danielmatos\/wp-content\/uploads\/sites\/2\/2025\/08\/1003486757.jpg 1600w\" sizes=\"(max-width: 1024px) 100vw, 1024px\" \/><figcaption class=\"wp-element-caption\">O f\u00f3rum foi marcado pela participa\u00e7\u00e3o social, visando a constru\u00e7\u00e3o coletiva de pol\u00edticas culturais que valorizem a diversidade, a mem\u00f3ria e a identidade luminenses<\/figcaption><\/figure>\n\n\n\n<p>Vale ressaltar que o conselho \u00e9 uma inst\u00e2ncia fundamental que garante que a sociedade civil tenha voz ativa ao lado do poder p\u00fablico, ajudando a definir prioridades, acompanha a execu\u00e7\u00e3o das pol\u00edticas culturais e assegura que as decis\u00f5es sejam coletivas e representativas dos diferentes seguimentos art\u00edsticos.<\/p>\n","protected":false},"excerpt":{"rendered":"<p>Foram dois dias de muito debate e discuss\u00f5es pol\u00edticas culturais durante o V F\u00f3rum de Cultura de Pa\u00e7o do Lumiar. [&hellip;]<\/p>\n","protected":false},"author":2,"featured_media":0,"comment_status":"open","ping_status":"open","sticky":false,"template":"","format":"standard","meta":{"site-sidebar-layout":"default","site-content-layout":"","ast-site-content-layout":"default","site-content-style":"default","site-sidebar-style":"default","ast-global-header-display":"","ast-banner-title-visibility":"","ast-main-header-display":"","ast-hfb-above-header-display":"","ast-hfb-below-header-display":"","ast-hfb-mobile-header-display":"","site-post-title":"","ast-breadcrumbs-content":"","ast-featured-img":"","footer-sml-layout":"","ast-disable-related-posts":"","theme-transparent-header-meta":"","adv-header-id-meta":"","stick-header-meta":"","header-above-stick-meta":"","header-main-stick-meta":"","header-below-stick-meta":"","astra-migrate-meta-layouts":"default","ast-page-background-enabled":"default","ast-page-background-meta":{"desktop":{"background-color":"var(--ast-global-color-5)","background-image":"","background-repeat":"repeat","background-position":"center center","background-size":"auto","background-attachment":"scroll","background-type":"","background-media":"","overlay-type":"","overlay-color":"","overlay-opacity":"","overlay-gradient":""},"tablet":{"background-color":"","background-image":"","background-repeat":"repeat","background-position":"center center","background-size":"auto","background-attachment":"scroll","background-type":"","background-media":"","overlay-type":"","overlay-color":"","overlay-opacity":"","overlay-gradient":""},"mobile":{"background-color":"","background-image":"","background-repeat":"repeat","background-position":"center center","background-size":"auto","background-attachment":"scroll","background-type":"","background-media":"","overlay-type":"","overlay-color":"","overlay-opacity":"","overlay-gradient":""}},"ast-content-background-meta":{"desktop":{"background-color":"var(--ast-global-color-4)","background-image":"","background-repeat":"repeat","background-position":"center center","background-size":"auto","background-attachment":"scroll","background-type":"","background-media":"","overlay-type":"","overlay-color":"","overlay-opacity":"","overlay-gradient":""},"tablet":{"background-color":"var(--ast-global-color-4)","background-image":"","background-repeat":"repeat","background-position":"center center","background-size":"auto","background-attachment":"scroll","background-type":"","background-media":"","overlay-type":"","overlay-color":"","overlay-opacity":"","overlay-gradient":""},"mobile":{"background-color":"var(--ast-global-color-4)","background-image":"","background-repeat":"repeat","background-position":"center center","background-size":"auto","background-attachment":"scroll","background-type":"","background-media":"","overlay-type":"","overlay-color":"","overlay-opacity":"","overlay-gradient":""}},"footnotes":""},"categories":[1],"tags":[],"class_list":["post-147854","post","type-post","status-publish","format-standard","hentry","category-sem-categoria"],"yoast_head":"<!-- This site is optimized with the Yoast SEO plugin v26.6 - https:\/\/yoast.com\/wordpress\/plugins\/seo\/ -->\n<title>Sociedade civil organizada fortalece cadeia produtiva cultural de Pa\u00e7o do Lumiar durante f\u00f3rum - Daniel Matos<\/title>\n<meta name=\"robots\" content=\"index, follow, max-snippet:-1, max-image-preview:large, max-video-preview:-1\" \/>\n<link rel=\"canonical\" href=\"https:\/\/www.blogsoestado.com\/danielmatos\/sociedade-civil-organizada-fortalece-cadeia-produtiva-cultural-de-paco-do-lumiar-durante-forum\/\" \/>\n<meta property=\"og:locale\" content=\"pt_BR\" \/>\n<meta property=\"og:type\" content=\"article\" \/>\n<meta property=\"og:title\" content=\"Sociedade civil organizada fortalece cadeia produtiva cultural de Pa\u00e7o do Lumiar durante f\u00f3rum - Daniel Matos\" \/>\n<meta property=\"og:description\" content=\"Foram dois dias de muito debate e discuss\u00f5es pol\u00edticas culturais durante o V F\u00f3rum de Cultura de Pa\u00e7o do Lumiar. [&hellip;]\" \/>\n<meta property=\"og:url\" content=\"https:\/\/www.blogsoestado.com\/danielmatos\/sociedade-civil-organizada-fortalece-cadeia-produtiva-cultural-de-paco-do-lumiar-durante-forum\/\" \/>\n<meta property=\"og:site_name\" content=\"Daniel Matos\" \/>\n<meta property=\"article:published_time\" content=\"2025-08-30T21:08:36+00:00\" \/>\n<meta property=\"article:modified_time\" content=\"2025-08-30T21:08:39+00:00\" \/>\n<meta property=\"og:image\" content=\"https:\/\/www.blogsoestado.com\/danielmatos\/wp-content\/uploads\/sites\/2\/2025\/08\/1003486759.jpg\" \/>\n\t<meta property=\"og:image:width\" content=\"1600\" \/>\n\t<meta property=\"og:image:height\" content=\"900\" \/>\n\t<meta property=\"og:image:type\" content=\"image\/jpeg\" \/>\n<meta name=\"author\" content=\"Daniel Matos\" \/>\n<meta name=\"twitter:card\" content=\"summary_large_image\" \/>\n<meta name=\"twitter:label1\" content=\"Escrito por\" \/>\n\t<meta name=\"twitter:data1\" content=\"Daniel Matos\" \/>\n\t<meta name=\"twitter:label2\" content=\"Est. tempo de leitura\" \/>\n\t<meta name=\"twitter:data2\" content=\"4 minutos\" \/>\n<script type=\"application\/ld+json\" class=\"yoast-schema-graph\">{\"@context\":\"https:\/\/schema.org\",\"@graph\":[{\"@type\":\"WebPage\",\"@id\":\"https:\/\/www.blogsoestado.com\/danielmatos\/sociedade-civil-organizada-fortalece-cadeia-produtiva-cultural-de-paco-do-lumiar-durante-forum\/\",\"url\":\"https:\/\/www.blogsoestado.com\/danielmatos\/sociedade-civil-organizada-fortalece-cadeia-produtiva-cultural-de-paco-do-lumiar-durante-forum\/\",\"name\":\"Sociedade civil organizada fortalece cadeia produtiva cultural de Pa\u00e7o do Lumiar durante f\u00f3rum - Daniel Matos\",\"isPartOf\":{\"@id\":\"https:\/\/www.blogsoestado.com\/danielmatos\/#website\"},\"primaryImageOfPage\":{\"@id\":\"https:\/\/www.blogsoestado.com\/danielmatos\/sociedade-civil-organizada-fortalece-cadeia-produtiva-cultural-de-paco-do-lumiar-durante-forum\/#primaryimage\"},\"image\":{\"@id\":\"https:\/\/www.blogsoestado.com\/danielmatos\/sociedade-civil-organizada-fortalece-cadeia-produtiva-cultural-de-paco-do-lumiar-durante-forum\/#primaryimage\"},\"thumbnailUrl\":\"https:\/\/www.blogsoestado.com\/danielmatos\/wp-content\/uploads\/sites\/2\/2025\/08\/1003486759-1024x576.jpg\",\"datePublished\":\"2025-08-30T21:08:36+00:00\",\"dateModified\":\"2025-08-30T21:08:39+00:00\",\"author\":{\"@id\":\"https:\/\/www.blogsoestado.com\/danielmatos\/#\/schema\/person\/9a209d407cd45631f131e1285b661bb0\"},\"breadcrumb\":{\"@id\":\"https:\/\/www.blogsoestado.com\/danielmatos\/sociedade-civil-organizada-fortalece-cadeia-produtiva-cultural-de-paco-do-lumiar-durante-forum\/#breadcrumb\"},\"inLanguage\":\"pt-BR\",\"potentialAction\":[{\"@type\":\"ReadAction\",\"target\":[\"https:\/\/www.blogsoestado.com\/danielmatos\/sociedade-civil-organizada-fortalece-cadeia-produtiva-cultural-de-paco-do-lumiar-durante-forum\/\"]}]},{\"@type\":\"ImageObject\",\"inLanguage\":\"pt-BR\",\"@id\":\"https:\/\/www.blogsoestado.com\/danielmatos\/sociedade-civil-organizada-fortalece-cadeia-produtiva-cultural-de-paco-do-lumiar-durante-forum\/#primaryimage\",\"url\":\"https:\/\/www.blogsoestado.com\/danielmatos\/wp-content\/uploads\/sites\/2\/2025\/08\/1003486759.jpg\",\"contentUrl\":\"https:\/\/www.blogsoestado.com\/danielmatos\/wp-content\/uploads\/sites\/2\/2025\/08\/1003486759.jpg\",\"width\":1600,\"height\":900},{\"@type\":\"BreadcrumbList\",\"@id\":\"https:\/\/www.blogsoestado.com\/danielmatos\/sociedade-civil-organizada-fortalece-cadeia-produtiva-cultural-de-paco-do-lumiar-durante-forum\/#breadcrumb\",\"itemListElement\":[{\"@type\":\"ListItem\",\"position\":1,\"name\":\"In\u00edcio\",\"item\":\"https:\/\/www.blogsoestado.com\/danielmatos\/\"},{\"@type\":\"ListItem\",\"position\":2,\"name\":\"Sociedade civil organizada fortalece cadeia produtiva cultural de Pa\u00e7o do Lumiar durante f\u00f3rum\"}]},{\"@type\":\"WebSite\",\"@id\":\"https:\/\/www.blogsoestado.com\/danielmatos\/#website\",\"url\":\"https:\/\/www.blogsoestado.com\/danielmatos\/\",\"name\":\"Daniel Matos\",\"description\":\"\",\"potentialAction\":[{\"@type\":\"SearchAction\",\"target\":{\"@type\":\"EntryPoint\",\"urlTemplate\":\"https:\/\/www.blogsoestado.com\/danielmatos\/?s={search_term_string}\"},\"query-input\":{\"@type\":\"PropertyValueSpecification\",\"valueRequired\":true,\"valueName\":\"search_term_string\"}}],\"inLanguage\":\"pt-BR\"},{\"@type\":\"Person\",\"@id\":\"https:\/\/www.blogsoestado.com\/danielmatos\/#\/schema\/person\/9a209d407cd45631f131e1285b661bb0\",\"name\":\"Daniel Matos\",\"image\":{\"@type\":\"ImageObject\",\"inLanguage\":\"pt-BR\",\"@id\":\"https:\/\/www.blogsoestado.com\/danielmatos\/#\/schema\/person\/image\/\",\"url\":\"https:\/\/secure.gravatar.com\/avatar\/2f26c36ee355da19a257f0dfef43952a2588b324ca35d6719e859fe338ac0392?s=96&d=mm&r=g\",\"contentUrl\":\"https:\/\/secure.gravatar.com\/avatar\/2f26c36ee355da19a257f0dfef43952a2588b324ca35d6719e859fe338ac0392?s=96&d=mm&r=g\",\"caption\":\"Daniel Matos\"},\"url\":\"https:\/\/www.blogsoestado.com\/danielmatos\/author\/danielmatos\/\"}]}<\/script>\n<!-- \/ Yoast SEO plugin. -->","yoast_head_json":{"title":"Sociedade civil organizada fortalece cadeia produtiva cultural de Pa\u00e7o do Lumiar durante f\u00f3rum - Daniel Matos","robots":{"index":"index","follow":"follow","max-snippet":"max-snippet:-1","max-image-preview":"max-image-preview:large","max-video-preview":"max-video-preview:-1"},"canonical":"https:\/\/www.blogsoestado.com\/danielmatos\/sociedade-civil-organizada-fortalece-cadeia-produtiva-cultural-de-paco-do-lumiar-durante-forum\/","og_locale":"pt_BR","og_type":"article","og_title":"Sociedade civil organizada fortalece cadeia produtiva cultural de Pa\u00e7o do Lumiar durante f\u00f3rum - Daniel Matos","og_description":"Foram dois dias de muito debate e discuss\u00f5es pol\u00edticas culturais durante o V F\u00f3rum de Cultura de Pa\u00e7o do Lumiar. [&hellip;]","og_url":"https:\/\/www.blogsoestado.com\/danielmatos\/sociedade-civil-organizada-fortalece-cadeia-produtiva-cultural-de-paco-do-lumiar-durante-forum\/","og_site_name":"Daniel Matos","article_published_time":"2025-08-30T21:08:36+00:00","article_modified_time":"2025-08-30T21:08:39+00:00","og_image":[{"width":1600,"height":900,"url":"https:\/\/www.blogsoestado.com\/danielmatos\/wp-content\/uploads\/sites\/2\/2025\/08\/1003486759.jpg","type":"image\/jpeg"}],"author":"Daniel Matos","twitter_card":"summary_large_image","twitter_misc":{"Escrito por":"Daniel Matos","Est. tempo de leitura":"4 minutos"},"schema":{"@context":"https:\/\/schema.org","@graph":[{"@type":"WebPage","@id":"https:\/\/www.blogsoestado.com\/danielmatos\/sociedade-civil-organizada-fortalece-cadeia-produtiva-cultural-de-paco-do-lumiar-durante-forum\/","url":"https:\/\/www.blogsoestado.com\/danielmatos\/sociedade-civil-organizada-fortalece-cadeia-produtiva-cultural-de-paco-do-lumiar-durante-forum\/","name":"Sociedade civil organizada fortalece cadeia produtiva cultural de Pa\u00e7o do Lumiar durante f\u00f3rum - Daniel Matos","isPartOf":{"@id":"https:\/\/www.blogsoestado.com\/danielmatos\/#website"},"primaryImageOfPage":{"@id":"https:\/\/www.blogsoestado.com\/danielmatos\/sociedade-civil-organizada-fortalece-cadeia-produtiva-cultural-de-paco-do-lumiar-durante-forum\/#primaryimage"},"image":{"@id":"https:\/\/www.blogsoestado.com\/danielmatos\/sociedade-civil-organizada-fortalece-cadeia-produtiva-cultural-de-paco-do-lumiar-durante-forum\/#primaryimage"},"thumbnailUrl":"https:\/\/www.blogsoestado.com\/danielmatos\/wp-content\/uploads\/sites\/2\/2025\/08\/1003486759-1024x576.jpg","datePublished":"2025-08-30T21:08:36+00:00","dateModified":"2025-08-30T21:08:39+00:00","author":{"@id":"https:\/\/www.blogsoestado.com\/danielmatos\/#\/schema\/person\/9a209d407cd45631f131e1285b661bb0"},"breadcrumb":{"@id":"https:\/\/www.blogsoestado.com\/danielmatos\/sociedade-civil-organizada-fortalece-cadeia-produtiva-cultural-de-paco-do-lumiar-durante-forum\/#breadcrumb"},"inLanguage":"pt-BR","potentialAction":[{"@type":"ReadAction","target":["https:\/\/www.blogsoestado.com\/danielmatos\/sociedade-civil-organizada-fortalece-cadeia-produtiva-cultural-de-paco-do-lumiar-durante-forum\/"]}]},{"@type":"ImageObject","inLanguage":"pt-BR","@id":"https:\/\/www.blogsoestado.com\/danielmatos\/sociedade-civil-organizada-fortalece-cadeia-produtiva-cultural-de-paco-do-lumiar-durante-forum\/#primaryimage","url":"https:\/\/www.blogsoestado.com\/danielmatos\/wp-content\/uploads\/sites\/2\/2025\/08\/1003486759.jpg","contentUrl":"https:\/\/www.blogsoestado.com\/danielmatos\/wp-content\/uploads\/sites\/2\/2025\/08\/1003486759.jpg","width":1600,"height":900},{"@type":"BreadcrumbList","@id":"https:\/\/www.blogsoestado.com\/danielmatos\/sociedade-civil-organizada-fortalece-cadeia-produtiva-cultural-de-paco-do-lumiar-durante-forum\/#breadcrumb","itemListElement":[{"@type":"ListItem","position":1,"name":"In\u00edcio","item":"https:\/\/www.blogsoestado.com\/danielmatos\/"},{"@type":"ListItem","position":2,"name":"Sociedade civil organizada fortalece cadeia produtiva cultural de Pa\u00e7o do Lumiar durante f\u00f3rum"}]},{"@type":"WebSite","@id":"https:\/\/www.blogsoestado.com\/danielmatos\/#website","url":"https:\/\/www.blogsoestado.com\/danielmatos\/","name":"Daniel Matos","description":"","potentialAction":[{"@type":"SearchAction","target":{"@type":"EntryPoint","urlTemplate":"https:\/\/www.blogsoestado.com\/danielmatos\/?s={search_term_string}"},"query-input":{"@type":"PropertyValueSpecification","valueRequired":true,"valueName":"search_term_string"}}],"inLanguage":"pt-BR"},{"@type":"Person","@id":"https:\/\/www.blogsoestado.com\/danielmatos\/#\/schema\/person\/9a209d407cd45631f131e1285b661bb0","name":"Daniel Matos","image":{"@type":"ImageObject","inLanguage":"pt-BR","@id":"https:\/\/www.blogsoestado.com\/danielmatos\/#\/schema\/person\/image\/","url":"https:\/\/secure.gravatar.com\/avatar\/2f26c36ee355da19a257f0dfef43952a2588b324ca35d6719e859fe338ac0392?s=96&d=mm&r=g","contentUrl":"https:\/\/secure.gravatar.com\/avatar\/2f26c36ee355da19a257f0dfef43952a2588b324ca35d6719e859fe338ac0392?s=96&d=mm&r=g","caption":"Daniel Matos"},"url":"https:\/\/www.blogsoestado.com\/danielmatos\/author\/danielmatos\/"}]}},"jetpack_featured_media_url":"","_links":{"self":[{"href":"https:\/\/www.blogsoestado.com\/danielmatos\/wp-json\/wp\/v2\/posts\/147854","targetHints":{"allow":["GET"]}}],"collection":[{"href":"https:\/\/www.blogsoestado.com\/danielmatos\/wp-json\/wp\/v2\/posts"}],"about":[{"href":"https:\/\/www.blogsoestado.com\/danielmatos\/wp-json\/wp\/v2\/types\/post"}],"author":[{"embeddable":true,"href":"https:\/\/www.blogsoestado.com\/danielmatos\/wp-json\/wp\/v2\/users\/2"}],"replies":[{"embeddable":true,"href":"https:\/\/www.blogsoestado.com\/danielmatos\/wp-json\/wp\/v2\/comments?post=147854"}],"version-history":[{"count":1,"href":"https:\/\/www.blogsoestado.com\/danielmatos\/wp-json\/wp\/v2\/posts\/147854\/revisions"}],"predecessor-version":[{"id":147859,"href":"https:\/\/www.blogsoestado.com\/danielmatos\/wp-json\/wp\/v2\/posts\/147854\/revisions\/147859"}],"wp:attachment":[{"href":"https:\/\/www.blogsoestado.com\/danielmatos\/wp-json\/wp\/v2\/media?parent=147854"}],"wp:term":[{"taxonomy":"category","embeddable":true,"href":"https:\/\/www.blogsoestado.com\/danielmatos\/wp-json\/wp\/v2\/categories?post=147854"},{"taxonomy":"post_tag","embeddable":true,"href":"https:\/\/www.blogsoestado.com\/danielmatos\/wp-json\/wp\/v2\/tags?post=147854"}],"curies":[{"name":"wp","href":"https:\/\/api.w.org\/{rel}","templated":true}]}}