{"id":147883,"date":"2025-09-01T12:55:19","date_gmt":"2025-09-01T15:55:19","guid":{"rendered":"https:\/\/www.blogsoestado.com\/danielmatos\/?p=147883"},"modified":"2025-09-01T12:55:22","modified_gmt":"2025-09-01T15:55:22","slug":"iracema-vale-participa-da-abertura-da-65a-edicao-da-expoema-em-sao-luis","status":"publish","type":"post","link":"https:\/\/www.blogsoestado.com\/danielmatos\/iracema-vale-participa-da-abertura-da-65a-edicao-da-expoema-em-sao-luis\/","title":{"rendered":"Iracema Vale participa da abertura da 65\u00aa edi\u00e7\u00e3o da Expoema, em S\u00e3o Lu\u00eds"},"content":{"rendered":"\n<p><strong><mark style=\"color:#cf2e2e\" class=\"has-inline-color\">Presidente da Assembleia Legislativa destacou a import\u00e2ncia da exposi\u00e7\u00e3o e da uni\u00e3o entre os poderes para o fortalecimento do setor agropecu\u00e1rio no Maranh\u00e3o<\/mark><\/strong><\/p>\n\n\n\n<figure class=\"wp-block-image aligncenter size-large\"><img fetchpriority=\"high\" decoding=\"async\" width=\"1024\" height=\"397\" src=\"https:\/\/www.blogsoestado.com\/danielmatos\/wp-content\/uploads\/sites\/2\/2025\/09\/1003500647-1024x397.jpg\" alt=\"\" class=\"wp-image-147884\" srcset=\"https:\/\/www.blogsoestado.com\/danielmatos\/wp-content\/uploads\/sites\/2\/2025\/09\/1003500647-1024x397.jpg 1024w, https:\/\/www.blogsoestado.com\/danielmatos\/wp-content\/uploads\/sites\/2\/2025\/09\/1003500647-300x116.jpg 300w, https:\/\/www.blogsoestado.com\/danielmatos\/wp-content\/uploads\/sites\/2\/2025\/09\/1003500647-768x297.jpg 768w, https:\/\/www.blogsoestado.com\/danielmatos\/wp-content\/uploads\/sites\/2\/2025\/09\/1003500647.jpg 1420w\" sizes=\"(max-width: 1024px) 100vw, 1024px\" \/><figcaption class=\"wp-element-caption\">Iracema Vale com Orleans Brand\u00e3o, Ant\u00f4nio Pereira, Ariston, Roberto Costa, Marcus Brand\u00e3o, Edilson Baldez e Claudio Azevedo durante a abertura da 65\u00aa Expoema, no Parque Independ\u00eancia, em S\u00e3o Lu\u00eds<\/figcaption><\/figure>\n\n\n\n<p>A presidente da Assembleia Legislativa do Maranh\u00e3o, deputada Iracema Vale (PSB), participou, neste domingo (31), da abertura oficial da 65\u00aa edi\u00e7\u00e3o da Exposi\u00e7\u00e3o Agropecu\u00e1ria do Maranh\u00e3o (Expoema), um dos maiores eventos do setor agropecu\u00e1rio do estado.<\/p>\n\n\n\n<p>Realizada de 31 de agosto a 7 de setembro, no Parque Independ\u00eancia, no bairro S\u00e3o Crist\u00f3v\u00e3o, a Expoema promete movimentar a economia, gerar oportunidades de neg\u00f3cios e valorizar o trabalho dos produtores rurais maranhenses. A feira tamb\u00e9m refor\u00e7a a tradi\u00e7\u00e3o do agroneg\u00f3cio no estado e celebra conquistas recentes, como o t\u00edtulo de \u201cMaranh\u00e3o Livre de Aftosa sem Vacina\u00e7\u00e3o\u201d.<\/p>\n\n\n\n<p>Durante a solenidade, Iracema Vale ressaltou a import\u00e2ncia da uni\u00e3o entre os poderes para o fortalecimento do setor. \u201cNesta \u00e9poca, as fam\u00edlias v\u00eam para se confraternizar, trazer as crian\u00e7as para brincar, e ainda t\u00eam os shows para a juventude. \u00c9 um ambiente de neg\u00f3cios e de exposi\u00e7\u00e3o do setor agropecu\u00e1rio. Al\u00e9m de gerar renda para pequenos, m\u00e9dios e grandes empreendedores, o evento tamb\u00e9m divulga as a\u00e7\u00f5es que est\u00e3o sendo realizadas no setor agropecu\u00e1rio do Maranh\u00e3o\u201d, destacou a parlamentar.<\/p>\n\n\n\n<figure class=\"wp-block-image aligncenter size-large\"><img decoding=\"async\" width=\"1024\" height=\"705\" src=\"https:\/\/www.blogsoestado.com\/danielmatos\/wp-content\/uploads\/sites\/2\/2025\/09\/1003500650-1024x705.jpg\" alt=\"\" class=\"wp-image-147885\" srcset=\"https:\/\/www.blogsoestado.com\/danielmatos\/wp-content\/uploads\/sites\/2\/2025\/09\/1003500650-1024x705.jpg 1024w, https:\/\/www.blogsoestado.com\/danielmatos\/wp-content\/uploads\/sites\/2\/2025\/09\/1003500650-300x206.jpg 300w, https:\/\/www.blogsoestado.com\/danielmatos\/wp-content\/uploads\/sites\/2\/2025\/09\/1003500650-768x529.jpg 768w, https:\/\/www.blogsoestado.com\/danielmatos\/wp-content\/uploads\/sites\/2\/2025\/09\/1003500650.jpg 1536w\" sizes=\"(max-width: 1024px) 100vw, 1024px\" \/><figcaption class=\"wp-element-caption\">Iracema Vale cumprimenta uma das expositoras durante visita aos estandes da Expoema<\/figcaption><\/figure>\n\n\n\n<p>O senador Weverton Rocha tamb\u00e9m destacou a relev\u00e2ncia da Expoema para o estado. \u201cQuero parabenizar o governo pela realiza\u00e7\u00e3o deste grande evento, que j\u00e1 \u00e9 uma tradi\u00e7\u00e3o passada de gera\u00e7\u00e3o em gera\u00e7\u00e3o. Espero ver o Maranh\u00e3o cada vez mais como grande protagonista no cen\u00e1rio nacional\u201d, afirmou.<\/p>\n\n\n\n<p><strong>Livre da febre aftosa<\/strong><\/p>\n\n\n\n<p>J\u00e1 o secret\u00e1rio de Assuntos Municipalistas, Orleans Brand\u00e3o, lembrou a import\u00e2ncia da feira para o setor produtivo e para as fam\u00edlias maranhenses. \u201cA Expoema, al\u00e9m de ser um espa\u00e7o de grandes neg\u00f3cios, \u00e9 um ambiente para a fam\u00edlia. Quero parabenizar o governo pela realiza\u00e7\u00e3o dessa grande exposi\u00e7\u00e3o, que re\u00fane atra\u00e7\u00f5es culturais e nacionais. Refor\u00e7o, ainda, que, recentemente, na gest\u00e3o do governador Carlos Brand\u00e3o, o Maranh\u00e3o conquistou o t\u00edtulo de livre de aftosa sem vacina\u00e7\u00e3o, um marco para o nosso estado\u201d, disse.<\/p>\n\n\n\n<p>Com uma programa\u00e7\u00e3o diversificada, a 65\u00aa edi\u00e7\u00e3o da Expoema re\u00fane exposi\u00e7\u00e3o de animais, leil\u00f5es, palestras t\u00e9cnicas, feira gastron\u00f4mica, shows e atra\u00e7\u00f5es culturais, tornando-se um espa\u00e7o de neg\u00f3cios, lazer e integra\u00e7\u00e3o para toda a fam\u00edlia maranhense.<\/p>\n\n\n\n<figure class=\"wp-block-image aligncenter size-large\"><img decoding=\"async\" width=\"1024\" height=\"683\" src=\"https:\/\/www.blogsoestado.com\/danielmatos\/wp-content\/uploads\/sites\/2\/2025\/09\/1003500664-1024x683.jpg\" alt=\"\" class=\"wp-image-147886\" srcset=\"https:\/\/www.blogsoestado.com\/danielmatos\/wp-content\/uploads\/sites\/2\/2025\/09\/1003500664-1024x683.jpg 1024w, https:\/\/www.blogsoestado.com\/danielmatos\/wp-content\/uploads\/sites\/2\/2025\/09\/1003500664-300x200.jpg 300w, https:\/\/www.blogsoestado.com\/danielmatos\/wp-content\/uploads\/sites\/2\/2025\/09\/1003500664-768x512.jpg 768w, https:\/\/www.blogsoestado.com\/danielmatos\/wp-content\/uploads\/sites\/2\/2025\/09\/1003500664.jpg 1536w\" sizes=\"(max-width: 1024px) 100vw, 1024px\" \/><\/figure>\n\n\n\n<p>O evento tamb\u00e9m contou com a presen\u00e7a do presidente da Famem, Roberto Costa (MDB); do Ministro do Esporte, Andr\u00e9 Fufuca (PP); dos deputados estaduais, Ant\u00f4nio Pereira (PSB), Arnaldo Melo (PP) e Ariston (PSB), al\u00e9m de outras autoridades.<\/p>\n\n\n\n<p><\/p>\n","protected":false},"excerpt":{"rendered":"<p>Presidente da Assembleia Legislativa destacou a import\u00e2ncia da exposi\u00e7\u00e3o e da uni\u00e3o entre os poderes para o fortalecimento do setor [&hellip;]<\/p>\n","protected":false},"author":2,"featured_media":0,"comment_status":"open","ping_status":"open","sticky":false,"template":"","format":"standard","meta":{"site-sidebar-layout":"default","site-content-layout":"","ast-site-content-layout":"default","site-content-style":"default","site-sidebar-style":"default","ast-global-header-display":"","ast-banner-title-visibility":"","ast-main-header-display":"","ast-hfb-above-header-display":"","ast-hfb-below-header-display":"","ast-hfb-mobile-header-display":"","site-post-title":"","ast-breadcrumbs-content":"","ast-featured-img":"","footer-sml-layout":"","ast-disable-related-posts":"","theme-transparent-header-meta":"","adv-header-id-meta":"","stick-header-meta":"","header-above-stick-meta":"","header-main-stick-meta":"","header-below-stick-meta":"","astra-migrate-meta-layouts":"default","ast-page-background-enabled":"default","ast-page-background-meta":{"desktop":{"background-color":"var(--ast-global-color-5)","background-image":"","background-repeat":"repeat","background-position":"center center","background-size":"auto","background-attachment":"scroll","background-type":"","background-media":"","overlay-type":"","overlay-color":"","overlay-opacity":"","overlay-gradient":""},"tablet":{"background-color":"","background-image":"","background-repeat":"repeat","background-position":"center center","background-size":"auto","background-attachment":"scroll","background-type":"","background-media":"","overlay-type":"","overlay-color":"","overlay-opacity":"","overlay-gradient":""},"mobile":{"background-color":"","background-image":"","background-repeat":"repeat","background-position":"center center","background-size":"auto","background-attachment":"scroll","background-type":"","background-media":"","overlay-type":"","overlay-color":"","overlay-opacity":"","overlay-gradient":""}},"ast-content-background-meta":{"desktop":{"background-color":"var(--ast-global-color-4)","background-image":"","background-repeat":"repeat","background-position":"center center","background-size":"auto","background-attachment":"scroll","background-type":"","background-media":"","overlay-type":"","overlay-color":"","overlay-opacity":"","overlay-gradient":""},"tablet":{"background-color":"var(--ast-global-color-4)","background-image":"","background-repeat":"repeat","background-position":"center center","background-size":"auto","background-attachment":"scroll","background-type":"","background-media":"","overlay-type":"","overlay-color":"","overlay-opacity":"","overlay-gradient":""},"mobile":{"background-color":"var(--ast-global-color-4)","background-image":"","background-repeat":"repeat","background-position":"center center","background-size":"auto","background-attachment":"scroll","background-type":"","background-media":"","overlay-type":"","overlay-color":"","overlay-opacity":"","overlay-gradient":""}},"footnotes":""},"categories":[1],"tags":[],"class_list":["post-147883","post","type-post","status-publish","format-standard","hentry","category-sem-categoria"],"yoast_head":"<!-- This site is optimized with the Yoast SEO plugin v26.6 - https:\/\/yoast.com\/wordpress\/plugins\/seo\/ -->\n<title>Iracema Vale participa da abertura da 65\u00aa edi\u00e7\u00e3o da Expoema, em S\u00e3o Lu\u00eds - Daniel Matos<\/title>\n<meta name=\"robots\" content=\"index, follow, max-snippet:-1, max-image-preview:large, max-video-preview:-1\" \/>\n<link rel=\"canonical\" href=\"https:\/\/www.blogsoestado.com\/danielmatos\/iracema-vale-participa-da-abertura-da-65a-edicao-da-expoema-em-sao-luis\/\" \/>\n<meta property=\"og:locale\" content=\"pt_BR\" \/>\n<meta property=\"og:type\" content=\"article\" \/>\n<meta property=\"og:title\" content=\"Iracema Vale participa da abertura da 65\u00aa edi\u00e7\u00e3o da Expoema, em S\u00e3o Lu\u00eds - Daniel Matos\" \/>\n<meta property=\"og:description\" content=\"Presidente da Assembleia Legislativa destacou a import\u00e2ncia da exposi\u00e7\u00e3o e da uni\u00e3o entre os poderes para o fortalecimento do setor [&hellip;]\" \/>\n<meta property=\"og:url\" content=\"https:\/\/www.blogsoestado.com\/danielmatos\/iracema-vale-participa-da-abertura-da-65a-edicao-da-expoema-em-sao-luis\/\" \/>\n<meta property=\"og:site_name\" content=\"Daniel Matos\" \/>\n<meta property=\"article:published_time\" content=\"2025-09-01T15:55:19+00:00\" \/>\n<meta property=\"article:modified_time\" content=\"2025-09-01T15:55:22+00:00\" \/>\n<meta property=\"og:image\" content=\"https:\/\/www.blogsoestado.com\/danielmatos\/wp-content\/uploads\/sites\/2\/2025\/09\/1003500647.jpg\" \/>\n\t<meta property=\"og:image:width\" content=\"1420\" \/>\n\t<meta property=\"og:image:height\" content=\"550\" \/>\n\t<meta property=\"og:image:type\" content=\"image\/jpeg\" \/>\n<meta name=\"author\" content=\"Daniel Matos\" \/>\n<meta name=\"twitter:card\" content=\"summary_large_image\" \/>\n<meta name=\"twitter:label1\" content=\"Escrito por\" \/>\n\t<meta name=\"twitter:data1\" content=\"Daniel Matos\" \/>\n\t<meta name=\"twitter:label2\" content=\"Est. tempo de leitura\" \/>\n\t<meta name=\"twitter:data2\" content=\"4 minutos\" \/>\n<script type=\"application\/ld+json\" class=\"yoast-schema-graph\">{\"@context\":\"https:\/\/schema.org\",\"@graph\":[{\"@type\":\"WebPage\",\"@id\":\"https:\/\/www.blogsoestado.com\/danielmatos\/iracema-vale-participa-da-abertura-da-65a-edicao-da-expoema-em-sao-luis\/\",\"url\":\"https:\/\/www.blogsoestado.com\/danielmatos\/iracema-vale-participa-da-abertura-da-65a-edicao-da-expoema-em-sao-luis\/\",\"name\":\"Iracema Vale participa da abertura da 65\u00aa edi\u00e7\u00e3o da Expoema, em S\u00e3o Lu\u00eds - Daniel Matos\",\"isPartOf\":{\"@id\":\"https:\/\/www.blogsoestado.com\/danielmatos\/#website\"},\"primaryImageOfPage\":{\"@id\":\"https:\/\/www.blogsoestado.com\/danielmatos\/iracema-vale-participa-da-abertura-da-65a-edicao-da-expoema-em-sao-luis\/#primaryimage\"},\"image\":{\"@id\":\"https:\/\/www.blogsoestado.com\/danielmatos\/iracema-vale-participa-da-abertura-da-65a-edicao-da-expoema-em-sao-luis\/#primaryimage\"},\"thumbnailUrl\":\"https:\/\/www.blogsoestado.com\/danielmatos\/wp-content\/uploads\/sites\/2\/2025\/09\/1003500647-1024x397.jpg\",\"datePublished\":\"2025-09-01T15:55:19+00:00\",\"dateModified\":\"2025-09-01T15:55:22+00:00\",\"author\":{\"@id\":\"https:\/\/www.blogsoestado.com\/danielmatos\/#\/schema\/person\/9a209d407cd45631f131e1285b661bb0\"},\"breadcrumb\":{\"@id\":\"https:\/\/www.blogsoestado.com\/danielmatos\/iracema-vale-participa-da-abertura-da-65a-edicao-da-expoema-em-sao-luis\/#breadcrumb\"},\"inLanguage\":\"pt-BR\",\"potentialAction\":[{\"@type\":\"ReadAction\",\"target\":[\"https:\/\/www.blogsoestado.com\/danielmatos\/iracema-vale-participa-da-abertura-da-65a-edicao-da-expoema-em-sao-luis\/\"]}]},{\"@type\":\"ImageObject\",\"inLanguage\":\"pt-BR\",\"@id\":\"https:\/\/www.blogsoestado.com\/danielmatos\/iracema-vale-participa-da-abertura-da-65a-edicao-da-expoema-em-sao-luis\/#primaryimage\",\"url\":\"https:\/\/www.blogsoestado.com\/danielmatos\/wp-content\/uploads\/sites\/2\/2025\/09\/1003500647.jpg\",\"contentUrl\":\"https:\/\/www.blogsoestado.com\/danielmatos\/wp-content\/uploads\/sites\/2\/2025\/09\/1003500647.jpg\",\"width\":1420,\"height\":550},{\"@type\":\"BreadcrumbList\",\"@id\":\"https:\/\/www.blogsoestado.com\/danielmatos\/iracema-vale-participa-da-abertura-da-65a-edicao-da-expoema-em-sao-luis\/#breadcrumb\",\"itemListElement\":[{\"@type\":\"ListItem\",\"position\":1,\"name\":\"In\u00edcio\",\"item\":\"https:\/\/www.blogsoestado.com\/danielmatos\/\"},{\"@type\":\"ListItem\",\"position\":2,\"name\":\"Iracema Vale participa da abertura da 65\u00aa edi\u00e7\u00e3o da Expoema, em S\u00e3o Lu\u00eds\"}]},{\"@type\":\"WebSite\",\"@id\":\"https:\/\/www.blogsoestado.com\/danielmatos\/#website\",\"url\":\"https:\/\/www.blogsoestado.com\/danielmatos\/\",\"name\":\"Daniel Matos\",\"description\":\"\",\"potentialAction\":[{\"@type\":\"SearchAction\",\"target\":{\"@type\":\"EntryPoint\",\"urlTemplate\":\"https:\/\/www.blogsoestado.com\/danielmatos\/?s={search_term_string}\"},\"query-input\":{\"@type\":\"PropertyValueSpecification\",\"valueRequired\":true,\"valueName\":\"search_term_string\"}}],\"inLanguage\":\"pt-BR\"},{\"@type\":\"Person\",\"@id\":\"https:\/\/www.blogsoestado.com\/danielmatos\/#\/schema\/person\/9a209d407cd45631f131e1285b661bb0\",\"name\":\"Daniel Matos\",\"image\":{\"@type\":\"ImageObject\",\"inLanguage\":\"pt-BR\",\"@id\":\"https:\/\/www.blogsoestado.com\/danielmatos\/#\/schema\/person\/image\/\",\"url\":\"https:\/\/secure.gravatar.com\/avatar\/2f26c36ee355da19a257f0dfef43952a2588b324ca35d6719e859fe338ac0392?s=96&d=mm&r=g\",\"contentUrl\":\"https:\/\/secure.gravatar.com\/avatar\/2f26c36ee355da19a257f0dfef43952a2588b324ca35d6719e859fe338ac0392?s=96&d=mm&r=g\",\"caption\":\"Daniel Matos\"},\"url\":\"https:\/\/www.blogsoestado.com\/danielmatos\/author\/danielmatos\/\"}]}<\/script>\n<!-- \/ Yoast SEO plugin. -->","yoast_head_json":{"title":"Iracema Vale participa da abertura da 65\u00aa edi\u00e7\u00e3o da Expoema, em S\u00e3o Lu\u00eds - Daniel Matos","robots":{"index":"index","follow":"follow","max-snippet":"max-snippet:-1","max-image-preview":"max-image-preview:large","max-video-preview":"max-video-preview:-1"},"canonical":"https:\/\/www.blogsoestado.com\/danielmatos\/iracema-vale-participa-da-abertura-da-65a-edicao-da-expoema-em-sao-luis\/","og_locale":"pt_BR","og_type":"article","og_title":"Iracema Vale participa da abertura da 65\u00aa edi\u00e7\u00e3o da Expoema, em S\u00e3o Lu\u00eds - Daniel Matos","og_description":"Presidente da Assembleia Legislativa destacou a import\u00e2ncia da exposi\u00e7\u00e3o e da uni\u00e3o entre os poderes para o fortalecimento do setor [&hellip;]","og_url":"https:\/\/www.blogsoestado.com\/danielmatos\/iracema-vale-participa-da-abertura-da-65a-edicao-da-expoema-em-sao-luis\/","og_site_name":"Daniel Matos","article_published_time":"2025-09-01T15:55:19+00:00","article_modified_time":"2025-09-01T15:55:22+00:00","og_image":[{"width":1420,"height":550,"url":"https:\/\/www.blogsoestado.com\/danielmatos\/wp-content\/uploads\/sites\/2\/2025\/09\/1003500647.jpg","type":"image\/jpeg"}],"author":"Daniel Matos","twitter_card":"summary_large_image","twitter_misc":{"Escrito por":"Daniel Matos","Est. tempo de leitura":"4 minutos"},"schema":{"@context":"https:\/\/schema.org","@graph":[{"@type":"WebPage","@id":"https:\/\/www.blogsoestado.com\/danielmatos\/iracema-vale-participa-da-abertura-da-65a-edicao-da-expoema-em-sao-luis\/","url":"https:\/\/www.blogsoestado.com\/danielmatos\/iracema-vale-participa-da-abertura-da-65a-edicao-da-expoema-em-sao-luis\/","name":"Iracema Vale participa da abertura da 65\u00aa edi\u00e7\u00e3o da Expoema, em S\u00e3o Lu\u00eds - Daniel Matos","isPartOf":{"@id":"https:\/\/www.blogsoestado.com\/danielmatos\/#website"},"primaryImageOfPage":{"@id":"https:\/\/www.blogsoestado.com\/danielmatos\/iracema-vale-participa-da-abertura-da-65a-edicao-da-expoema-em-sao-luis\/#primaryimage"},"image":{"@id":"https:\/\/www.blogsoestado.com\/danielmatos\/iracema-vale-participa-da-abertura-da-65a-edicao-da-expoema-em-sao-luis\/#primaryimage"},"thumbnailUrl":"https:\/\/www.blogsoestado.com\/danielmatos\/wp-content\/uploads\/sites\/2\/2025\/09\/1003500647-1024x397.jpg","datePublished":"2025-09-01T15:55:19+00:00","dateModified":"2025-09-01T15:55:22+00:00","author":{"@id":"https:\/\/www.blogsoestado.com\/danielmatos\/#\/schema\/person\/9a209d407cd45631f131e1285b661bb0"},"breadcrumb":{"@id":"https:\/\/www.blogsoestado.com\/danielmatos\/iracema-vale-participa-da-abertura-da-65a-edicao-da-expoema-em-sao-luis\/#breadcrumb"},"inLanguage":"pt-BR","potentialAction":[{"@type":"ReadAction","target":["https:\/\/www.blogsoestado.com\/danielmatos\/iracema-vale-participa-da-abertura-da-65a-edicao-da-expoema-em-sao-luis\/"]}]},{"@type":"ImageObject","inLanguage":"pt-BR","@id":"https:\/\/www.blogsoestado.com\/danielmatos\/iracema-vale-participa-da-abertura-da-65a-edicao-da-expoema-em-sao-luis\/#primaryimage","url":"https:\/\/www.blogsoestado.com\/danielmatos\/wp-content\/uploads\/sites\/2\/2025\/09\/1003500647.jpg","contentUrl":"https:\/\/www.blogsoestado.com\/danielmatos\/wp-content\/uploads\/sites\/2\/2025\/09\/1003500647.jpg","width":1420,"height":550},{"@type":"BreadcrumbList","@id":"https:\/\/www.blogsoestado.com\/danielmatos\/iracema-vale-participa-da-abertura-da-65a-edicao-da-expoema-em-sao-luis\/#breadcrumb","itemListElement":[{"@type":"ListItem","position":1,"name":"In\u00edcio","item":"https:\/\/www.blogsoestado.com\/danielmatos\/"},{"@type":"ListItem","position":2,"name":"Iracema Vale participa da abertura da 65\u00aa edi\u00e7\u00e3o da Expoema, em S\u00e3o Lu\u00eds"}]},{"@type":"WebSite","@id":"https:\/\/www.blogsoestado.com\/danielmatos\/#website","url":"https:\/\/www.blogsoestado.com\/danielmatos\/","name":"Daniel Matos","description":"","potentialAction":[{"@type":"SearchAction","target":{"@type":"EntryPoint","urlTemplate":"https:\/\/www.blogsoestado.com\/danielmatos\/?s={search_term_string}"},"query-input":{"@type":"PropertyValueSpecification","valueRequired":true,"valueName":"search_term_string"}}],"inLanguage":"pt-BR"},{"@type":"Person","@id":"https:\/\/www.blogsoestado.com\/danielmatos\/#\/schema\/person\/9a209d407cd45631f131e1285b661bb0","name":"Daniel Matos","image":{"@type":"ImageObject","inLanguage":"pt-BR","@id":"https:\/\/www.blogsoestado.com\/danielmatos\/#\/schema\/person\/image\/","url":"https:\/\/secure.gravatar.com\/avatar\/2f26c36ee355da19a257f0dfef43952a2588b324ca35d6719e859fe338ac0392?s=96&d=mm&r=g","contentUrl":"https:\/\/secure.gravatar.com\/avatar\/2f26c36ee355da19a257f0dfef43952a2588b324ca35d6719e859fe338ac0392?s=96&d=mm&r=g","caption":"Daniel Matos"},"url":"https:\/\/www.blogsoestado.com\/danielmatos\/author\/danielmatos\/"}]}},"jetpack_featured_media_url":"","_links":{"self":[{"href":"https:\/\/www.blogsoestado.com\/danielmatos\/wp-json\/wp\/v2\/posts\/147883","targetHints":{"allow":["GET"]}}],"collection":[{"href":"https:\/\/www.blogsoestado.com\/danielmatos\/wp-json\/wp\/v2\/posts"}],"about":[{"href":"https:\/\/www.blogsoestado.com\/danielmatos\/wp-json\/wp\/v2\/types\/post"}],"author":[{"embeddable":true,"href":"https:\/\/www.blogsoestado.com\/danielmatos\/wp-json\/wp\/v2\/users\/2"}],"replies":[{"embeddable":true,"href":"https:\/\/www.blogsoestado.com\/danielmatos\/wp-json\/wp\/v2\/comments?post=147883"}],"version-history":[{"count":1,"href":"https:\/\/www.blogsoestado.com\/danielmatos\/wp-json\/wp\/v2\/posts\/147883\/revisions"}],"predecessor-version":[{"id":147887,"href":"https:\/\/www.blogsoestado.com\/danielmatos\/wp-json\/wp\/v2\/posts\/147883\/revisions\/147887"}],"wp:attachment":[{"href":"https:\/\/www.blogsoestado.com\/danielmatos\/wp-json\/wp\/v2\/media?parent=147883"}],"wp:term":[{"taxonomy":"category","embeddable":true,"href":"https:\/\/www.blogsoestado.com\/danielmatos\/wp-json\/wp\/v2\/categories?post=147883"},{"taxonomy":"post_tag","embeddable":true,"href":"https:\/\/www.blogsoestado.com\/danielmatos\/wp-json\/wp\/v2\/tags?post=147883"}],"curies":[{"name":"wp","href":"https:\/\/api.w.org\/{rel}","templated":true}]}}