{"id":147901,"date":"2025-09-01T18:26:56","date_gmt":"2025-09-01T21:26:56","guid":{"rendered":"https:\/\/www.blogsoestado.com\/danielmatos\/?p=147901"},"modified":"2025-09-01T18:26:59","modified_gmt":"2025-09-01T21:26:59","slug":"de-aquarela-a-fotografia-mobiliza-slz-2025-tera-artes-visuais-diversas","status":"publish","type":"post","link":"https:\/\/www.blogsoestado.com\/danielmatos\/de-aquarela-a-fotografia-mobiliza-slz-2025-tera-artes-visuais-diversas\/","title":{"rendered":"De aquarela a fotografia: Mobiliza SLZ 2025 ter\u00e1 artes visuais diversas"},"content":{"rendered":"\n<p><em><strong><mark style=\"color:#cf2e2e\" class=\"has-inline-color\">Atividades focadas em desenho, pintura e fotografia ser\u00e3o oferecidas ao p\u00fablico no Centro, Parque Shalon, S\u00e3o Francisco e Bairro de F\u00e1tima<\/mark><\/strong><\/em><\/p>\n\n\n\n<figure class=\"wp-block-image aligncenter size-large\"><img fetchpriority=\"high\" decoding=\"async\" width=\"1024\" height=\"768\" src=\"https:\/\/www.blogsoestado.com\/danielmatos\/wp-content\/uploads\/sites\/2\/2025\/09\/1003505055-1024x768.jpg\" alt=\"\" class=\"wp-image-147903\" srcset=\"https:\/\/www.blogsoestado.com\/danielmatos\/wp-content\/uploads\/sites\/2\/2025\/09\/1003505055-1024x768.jpg 1024w, https:\/\/www.blogsoestado.com\/danielmatos\/wp-content\/uploads\/sites\/2\/2025\/09\/1003505055-300x225.jpg 300w, https:\/\/www.blogsoestado.com\/danielmatos\/wp-content\/uploads\/sites\/2\/2025\/09\/1003505055-768x576.jpg 768w, https:\/\/www.blogsoestado.com\/danielmatos\/wp-content\/uploads\/sites\/2\/2025\/09\/1003505055.jpg 1280w\" sizes=\"(max-width: 1024px) 100vw, 1024px\" \/><figcaption class=\"wp-element-caption\"><em>Uma das oficinas realizadas no ano passado estimulou os participantes a soltarem a criatividade pintando ecobag (Foto: Divulga\u00e7\u00e3o\/Mobiliza SLZ)<\/em><\/figcaption><\/figure>\n\n\n\n<p>&#8220;A arte existe porque a vida n\u00e3o basta&#8221;, disse certa vez o famoso poeta e artista pl\u00e1stico Ferreira Gullar, cuja cidade natal, S\u00e3o Lu\u00eds, ser\u00e1 movimentada nos pr\u00f3ximos dias pelo Mobiliza SLZ 2025. Express\u00f5es art\u00edsticas variadas sempre fizeram parte da agenda do movimento, mas, nesta quinta edi\u00e7\u00e3o, as artes visuais ampliaram seu espa\u00e7o. Mostra, oficinas e feira criativa envolvendo desenho, pintura ou fotografia foram inseridas em peso na programa\u00e7\u00e3o.<\/p>\n\n\n\n<p><strong>Desenho e pintura<\/strong>&nbsp;\u2014 No domingo (7), acontecer\u00e1 a mostra &#8220;A Arte Maranhense por 15 Artistas Maranhenses&#8221;, realizada pela Dupla Cria\u00e7\u00e3o, das 10h \u00e0s 14h, na Galeria Trapiche, Centro. Na ocasi\u00e3o, 15 artistas visuais apresentar\u00e3o ilustra\u00e7\u00f5es in\u00e9ditas para celebrar figuras e obras de 15 personalidades do Maranh\u00e3o com destaque na m\u00fasica, cultura popular, artes c\u00eanicas, artes pl\u00e1sticas e literatura. A entrada \u00e9 gratuita.<\/p>\n\n\n\n<p>No dia 9 de setembro, o restaurante AmoVinho, no bairro Parque Shalon, vai receber a a\u00e7\u00e3o &#8220;Entre Tintas e Cristais \u2014 TPM Edi\u00e7\u00e3o Especial Mobiliza SLZ&#8221;, das 19h \u00e0s 22h. A atividade consiste em oficina de personaliza\u00e7\u00e3o de ta\u00e7as de cristal para vinho, conduzida pela artista e arquiteta Walbenice Marques. Para participar, \u00e9 necess\u00e1rio adquirir ingresso diretamente com a artista via WhatsApp, no n\u00famero (98) 98144-8782.<\/p>\n\n\n\n<figure class=\"wp-block-image aligncenter size-large\"><img decoding=\"async\" width=\"1024\" height=\"768\" src=\"https:\/\/www.blogsoestado.com\/danielmatos\/wp-content\/uploads\/sites\/2\/2025\/09\/1003505056-1024x768.jpg\" alt=\"\" class=\"wp-image-147902\" srcset=\"https:\/\/www.blogsoestado.com\/danielmatos\/wp-content\/uploads\/sites\/2\/2025\/09\/1003505056-1024x768.jpg 1024w, https:\/\/www.blogsoestado.com\/danielmatos\/wp-content\/uploads\/sites\/2\/2025\/09\/1003505056-300x225.jpg 300w, https:\/\/www.blogsoestado.com\/danielmatos\/wp-content\/uploads\/sites\/2\/2025\/09\/1003505056-768x576.jpg 768w, https:\/\/www.blogsoestado.com\/danielmatos\/wp-content\/uploads\/sites\/2\/2025\/09\/1003505056.jpg 1280w\" sizes=\"(max-width: 1024px) 100vw, 1024px\" \/><figcaption class=\"wp-element-caption\"><em>Quadrinhos s\u00e3o outra modalidade art\u00edstica valorizada pelo Mobiliza SLZ (Foto: Divulga\u00e7\u00e3o\/Mobiliza SLZ)<\/em><\/figcaption><\/figure>\n\n\n\n<p>Nos dias 12 e 13 de setembro, o bairro S\u00e3o Francisco ser\u00e1 palco das oficinas da &#8220;Gruta Aberta&#8221;. Com in\u00edcio \u00e0s 9h e encerramento \u00e0s 18h, o evento reunir\u00e1 oficinas de serigrafia, que far\u00e3o uma introdu\u00e7\u00e3o \u00e0 serigrafia art\u00edstica; de cer\u00e2mica, com modelagem manual e experimenta\u00e7\u00f5es; e de muralismo, que envolver\u00e1 processos criativos e pintura coletiva. As vagas s\u00e3o limitadas. Os interessados dever\u00e3o preencher formul\u00e1rio divulgado no Instagram do est\u00fadio colaborativo de arte Gruta do Mangue, em @grutadomangue, para garantir a participa\u00e7\u00e3o.<\/p>\n\n\n\n<p>Ainda no s\u00e1bado (13), o Espa\u00e7o Nafonte, localizado no Centro, vai promover a &#8220;Oficina de Aquarela Avan\u00e7ada com Regina Borga&#8221;, das 14h \u00e0s 17h. A atividade \u00e9 direcionada a pessoas que j\u00e1 pintaram aquarelas, n\u00e3o sendo voltada a iniciantes na t\u00e9cnica. A participa\u00e7\u00e3o se dar\u00e1 mediante pagamento. Mais informa\u00e7\u00f5es devem ser obtidas junto ao Espa\u00e7o Nafonte, produtor do evento.<\/p>\n\n\n\n<p><strong>Fotografia<\/strong>&nbsp;\u2014 No Bairro de F\u00e1tima, o evento &#8220;Imagem e Territ\u00f3rio: oficina de fotografia com celulares&#8221; pretende alcan\u00e7ar jovens da comunidade interessados em aprender a utilizar a fotografia como forma de express\u00e3o e registro do cotidiano. A atividade \u00e9 paga e acontecer\u00e1 nos dias 10 e 11 de setembro, com inscri\u00e7\u00f5es efetuadas junto \u00e0 Movimente Consultoria, que realiza a a\u00e7\u00e3o.<\/p>\n\n\n\n<figure class=\"wp-block-image aligncenter size-large\"><img decoding=\"async\" width=\"768\" height=\"1024\" src=\"https:\/\/www.blogsoestado.com\/danielmatos\/wp-content\/uploads\/sites\/2\/2025\/09\/1003505054-768x1024.jpg\" alt=\"\" class=\"wp-image-147904\" srcset=\"https:\/\/www.blogsoestado.com\/danielmatos\/wp-content\/uploads\/sites\/2\/2025\/09\/1003505054-768x1024.jpg 768w, https:\/\/www.blogsoestado.com\/danielmatos\/wp-content\/uploads\/sites\/2\/2025\/09\/1003505054-225x300.jpg 225w, https:\/\/www.blogsoestado.com\/danielmatos\/wp-content\/uploads\/sites\/2\/2025\/09\/1003505054.jpg 960w\" sizes=\"(max-width: 768px) 100vw, 768px\" \/><figcaption class=\"wp-element-caption\"><em>Na edi\u00e7\u00e3o de 2023, artes urbanas como o grafite tamb\u00e9m tiveram espa\u00e7o no movimento (Foto: Divulga\u00e7\u00e3o\/Mobiliza SLZ)<\/em><\/figcaption><\/figure>\n\n\n\n<p><strong>Agenda completa<\/strong>&nbsp;\u2014 O Mobiliza SLZ 2025, que fomenta o turismo, a cultura e a economia criativa, ser\u00e1 realizado nos dias 6 a 14 de setembro, com 60 atividades simult\u00e2neas em diversos bairros da capital maranhense. A programa\u00e7\u00e3o completa est\u00e1 dispon\u00edvel no site&nbsp;<a href=\"https:\/\/mobilizaslz.com.br\/\" target=\"_blank\" rel=\"noreferrer noopener\">mobilizaslz.com.br<\/a>.<\/p>\n","protected":false},"excerpt":{"rendered":"<p>Atividades focadas em desenho, pintura e fotografia ser\u00e3o oferecidas ao p\u00fablico no Centro, Parque Shalon, S\u00e3o Francisco e Bairro de [&hellip;]<\/p>\n","protected":false},"author":2,"featured_media":0,"comment_status":"open","ping_status":"open","sticky":false,"template":"","format":"standard","meta":{"site-sidebar-layout":"default","site-content-layout":"","ast-site-content-layout":"default","site-content-style":"default","site-sidebar-style":"default","ast-global-header-display":"","ast-banner-title-visibility":"","ast-main-header-display":"","ast-hfb-above-header-display":"","ast-hfb-below-header-display":"","ast-hfb-mobile-header-display":"","site-post-title":"","ast-breadcrumbs-content":"","ast-featured-img":"","footer-sml-layout":"","ast-disable-related-posts":"","theme-transparent-header-meta":"","adv-header-id-meta":"","stick-header-meta":"","header-above-stick-meta":"","header-main-stick-meta":"","header-below-stick-meta":"","astra-migrate-meta-layouts":"default","ast-page-background-enabled":"default","ast-page-background-meta":{"desktop":{"background-color":"var(--ast-global-color-5)","background-image":"","background-repeat":"repeat","background-position":"center center","background-size":"auto","background-attachment":"scroll","background-type":"","background-media":"","overlay-type":"","overlay-color":"","overlay-opacity":"","overlay-gradient":""},"tablet":{"background-color":"","background-image":"","background-repeat":"repeat","background-position":"center center","background-size":"auto","background-attachment":"scroll","background-type":"","background-media":"","overlay-type":"","overlay-color":"","overlay-opacity":"","overlay-gradient":""},"mobile":{"background-color":"","background-image":"","background-repeat":"repeat","background-position":"center center","background-size":"auto","background-attachment":"scroll","background-type":"","background-media":"","overlay-type":"","overlay-color":"","overlay-opacity":"","overlay-gradient":""}},"ast-content-background-meta":{"desktop":{"background-color":"var(--ast-global-color-4)","background-image":"","background-repeat":"repeat","background-position":"center center","background-size":"auto","background-attachment":"scroll","background-type":"","background-media":"","overlay-type":"","overlay-color":"","overlay-opacity":"","overlay-gradient":""},"tablet":{"background-color":"var(--ast-global-color-4)","background-image":"","background-repeat":"repeat","background-position":"center center","background-size":"auto","background-attachment":"scroll","background-type":"","background-media":"","overlay-type":"","overlay-color":"","overlay-opacity":"","overlay-gradient":""},"mobile":{"background-color":"var(--ast-global-color-4)","background-image":"","background-repeat":"repeat","background-position":"center center","background-size":"auto","background-attachment":"scroll","background-type":"","background-media":"","overlay-type":"","overlay-color":"","overlay-opacity":"","overlay-gradient":""}},"footnotes":""},"categories":[1],"tags":[],"class_list":["post-147901","post","type-post","status-publish","format-standard","hentry","category-sem-categoria"],"yoast_head":"<!-- This site is optimized with the Yoast SEO plugin v26.6 - https:\/\/yoast.com\/wordpress\/plugins\/seo\/ -->\n<title>De aquarela a fotografia: Mobiliza SLZ 2025 ter\u00e1 artes visuais diversas - Daniel Matos<\/title>\n<meta name=\"robots\" content=\"index, follow, max-snippet:-1, max-image-preview:large, max-video-preview:-1\" \/>\n<link rel=\"canonical\" href=\"https:\/\/www.blogsoestado.com\/danielmatos\/de-aquarela-a-fotografia-mobiliza-slz-2025-tera-artes-visuais-diversas\/\" \/>\n<meta property=\"og:locale\" content=\"pt_BR\" \/>\n<meta property=\"og:type\" content=\"article\" \/>\n<meta property=\"og:title\" content=\"De aquarela a fotografia: Mobiliza SLZ 2025 ter\u00e1 artes visuais diversas - Daniel Matos\" \/>\n<meta property=\"og:description\" content=\"Atividades focadas em desenho, pintura e fotografia ser\u00e3o oferecidas ao p\u00fablico no Centro, Parque Shalon, S\u00e3o Francisco e Bairro de [&hellip;]\" \/>\n<meta property=\"og:url\" content=\"https:\/\/www.blogsoestado.com\/danielmatos\/de-aquarela-a-fotografia-mobiliza-slz-2025-tera-artes-visuais-diversas\/\" \/>\n<meta property=\"og:site_name\" content=\"Daniel Matos\" \/>\n<meta property=\"article:published_time\" content=\"2025-09-01T21:26:56+00:00\" \/>\n<meta property=\"article:modified_time\" content=\"2025-09-01T21:26:59+00:00\" \/>\n<meta property=\"og:image\" content=\"https:\/\/www.blogsoestado.com\/danielmatos\/wp-content\/uploads\/sites\/2\/2025\/09\/1003505055.jpg\" \/>\n\t<meta property=\"og:image:width\" content=\"1280\" \/>\n\t<meta property=\"og:image:height\" content=\"960\" \/>\n\t<meta property=\"og:image:type\" content=\"image\/jpeg\" \/>\n<meta name=\"author\" content=\"Daniel Matos\" \/>\n<meta name=\"twitter:card\" content=\"summary_large_image\" \/>\n<meta name=\"twitter:label1\" content=\"Escrito por\" \/>\n\t<meta name=\"twitter:data1\" content=\"Daniel Matos\" \/>\n\t<meta name=\"twitter:label2\" content=\"Est. tempo de leitura\" \/>\n\t<meta name=\"twitter:data2\" content=\"4 minutos\" \/>\n<script type=\"application\/ld+json\" class=\"yoast-schema-graph\">{\"@context\":\"https:\/\/schema.org\",\"@graph\":[{\"@type\":\"WebPage\",\"@id\":\"https:\/\/www.blogsoestado.com\/danielmatos\/de-aquarela-a-fotografia-mobiliza-slz-2025-tera-artes-visuais-diversas\/\",\"url\":\"https:\/\/www.blogsoestado.com\/danielmatos\/de-aquarela-a-fotografia-mobiliza-slz-2025-tera-artes-visuais-diversas\/\",\"name\":\"De aquarela a fotografia: Mobiliza SLZ 2025 ter\u00e1 artes visuais diversas - Daniel Matos\",\"isPartOf\":{\"@id\":\"https:\/\/www.blogsoestado.com\/danielmatos\/#website\"},\"primaryImageOfPage\":{\"@id\":\"https:\/\/www.blogsoestado.com\/danielmatos\/de-aquarela-a-fotografia-mobiliza-slz-2025-tera-artes-visuais-diversas\/#primaryimage\"},\"image\":{\"@id\":\"https:\/\/www.blogsoestado.com\/danielmatos\/de-aquarela-a-fotografia-mobiliza-slz-2025-tera-artes-visuais-diversas\/#primaryimage\"},\"thumbnailUrl\":\"https:\/\/www.blogsoestado.com\/danielmatos\/wp-content\/uploads\/sites\/2\/2025\/09\/1003505055-1024x768.jpg\",\"datePublished\":\"2025-09-01T21:26:56+00:00\",\"dateModified\":\"2025-09-01T21:26:59+00:00\",\"author\":{\"@id\":\"https:\/\/www.blogsoestado.com\/danielmatos\/#\/schema\/person\/9a209d407cd45631f131e1285b661bb0\"},\"breadcrumb\":{\"@id\":\"https:\/\/www.blogsoestado.com\/danielmatos\/de-aquarela-a-fotografia-mobiliza-slz-2025-tera-artes-visuais-diversas\/#breadcrumb\"},\"inLanguage\":\"pt-BR\",\"potentialAction\":[{\"@type\":\"ReadAction\",\"target\":[\"https:\/\/www.blogsoestado.com\/danielmatos\/de-aquarela-a-fotografia-mobiliza-slz-2025-tera-artes-visuais-diversas\/\"]}]},{\"@type\":\"ImageObject\",\"inLanguage\":\"pt-BR\",\"@id\":\"https:\/\/www.blogsoestado.com\/danielmatos\/de-aquarela-a-fotografia-mobiliza-slz-2025-tera-artes-visuais-diversas\/#primaryimage\",\"url\":\"https:\/\/www.blogsoestado.com\/danielmatos\/wp-content\/uploads\/sites\/2\/2025\/09\/1003505055.jpg\",\"contentUrl\":\"https:\/\/www.blogsoestado.com\/danielmatos\/wp-content\/uploads\/sites\/2\/2025\/09\/1003505055.jpg\",\"width\":1280,\"height\":960},{\"@type\":\"BreadcrumbList\",\"@id\":\"https:\/\/www.blogsoestado.com\/danielmatos\/de-aquarela-a-fotografia-mobiliza-slz-2025-tera-artes-visuais-diversas\/#breadcrumb\",\"itemListElement\":[{\"@type\":\"ListItem\",\"position\":1,\"name\":\"In\u00edcio\",\"item\":\"https:\/\/www.blogsoestado.com\/danielmatos\/\"},{\"@type\":\"ListItem\",\"position\":2,\"name\":\"De aquarela a fotografia: Mobiliza SLZ 2025 ter\u00e1 artes visuais diversas\"}]},{\"@type\":\"WebSite\",\"@id\":\"https:\/\/www.blogsoestado.com\/danielmatos\/#website\",\"url\":\"https:\/\/www.blogsoestado.com\/danielmatos\/\",\"name\":\"Daniel Matos\",\"description\":\"\",\"potentialAction\":[{\"@type\":\"SearchAction\",\"target\":{\"@type\":\"EntryPoint\",\"urlTemplate\":\"https:\/\/www.blogsoestado.com\/danielmatos\/?s={search_term_string}\"},\"query-input\":{\"@type\":\"PropertyValueSpecification\",\"valueRequired\":true,\"valueName\":\"search_term_string\"}}],\"inLanguage\":\"pt-BR\"},{\"@type\":\"Person\",\"@id\":\"https:\/\/www.blogsoestado.com\/danielmatos\/#\/schema\/person\/9a209d407cd45631f131e1285b661bb0\",\"name\":\"Daniel Matos\",\"image\":{\"@type\":\"ImageObject\",\"inLanguage\":\"pt-BR\",\"@id\":\"https:\/\/www.blogsoestado.com\/danielmatos\/#\/schema\/person\/image\/\",\"url\":\"https:\/\/secure.gravatar.com\/avatar\/2f26c36ee355da19a257f0dfef43952a2588b324ca35d6719e859fe338ac0392?s=96&d=mm&r=g\",\"contentUrl\":\"https:\/\/secure.gravatar.com\/avatar\/2f26c36ee355da19a257f0dfef43952a2588b324ca35d6719e859fe338ac0392?s=96&d=mm&r=g\",\"caption\":\"Daniel Matos\"},\"url\":\"https:\/\/www.blogsoestado.com\/danielmatos\/author\/danielmatos\/\"}]}<\/script>\n<!-- \/ Yoast SEO plugin. -->","yoast_head_json":{"title":"De aquarela a fotografia: Mobiliza SLZ 2025 ter\u00e1 artes visuais diversas - Daniel Matos","robots":{"index":"index","follow":"follow","max-snippet":"max-snippet:-1","max-image-preview":"max-image-preview:large","max-video-preview":"max-video-preview:-1"},"canonical":"https:\/\/www.blogsoestado.com\/danielmatos\/de-aquarela-a-fotografia-mobiliza-slz-2025-tera-artes-visuais-diversas\/","og_locale":"pt_BR","og_type":"article","og_title":"De aquarela a fotografia: Mobiliza SLZ 2025 ter\u00e1 artes visuais diversas - Daniel Matos","og_description":"Atividades focadas em desenho, pintura e fotografia ser\u00e3o oferecidas ao p\u00fablico no Centro, Parque Shalon, S\u00e3o Francisco e Bairro de [&hellip;]","og_url":"https:\/\/www.blogsoestado.com\/danielmatos\/de-aquarela-a-fotografia-mobiliza-slz-2025-tera-artes-visuais-diversas\/","og_site_name":"Daniel Matos","article_published_time":"2025-09-01T21:26:56+00:00","article_modified_time":"2025-09-01T21:26:59+00:00","og_image":[{"width":1280,"height":960,"url":"https:\/\/www.blogsoestado.com\/danielmatos\/wp-content\/uploads\/sites\/2\/2025\/09\/1003505055.jpg","type":"image\/jpeg"}],"author":"Daniel Matos","twitter_card":"summary_large_image","twitter_misc":{"Escrito por":"Daniel Matos","Est. tempo de leitura":"4 minutos"},"schema":{"@context":"https:\/\/schema.org","@graph":[{"@type":"WebPage","@id":"https:\/\/www.blogsoestado.com\/danielmatos\/de-aquarela-a-fotografia-mobiliza-slz-2025-tera-artes-visuais-diversas\/","url":"https:\/\/www.blogsoestado.com\/danielmatos\/de-aquarela-a-fotografia-mobiliza-slz-2025-tera-artes-visuais-diversas\/","name":"De aquarela a fotografia: Mobiliza SLZ 2025 ter\u00e1 artes visuais diversas - Daniel Matos","isPartOf":{"@id":"https:\/\/www.blogsoestado.com\/danielmatos\/#website"},"primaryImageOfPage":{"@id":"https:\/\/www.blogsoestado.com\/danielmatos\/de-aquarela-a-fotografia-mobiliza-slz-2025-tera-artes-visuais-diversas\/#primaryimage"},"image":{"@id":"https:\/\/www.blogsoestado.com\/danielmatos\/de-aquarela-a-fotografia-mobiliza-slz-2025-tera-artes-visuais-diversas\/#primaryimage"},"thumbnailUrl":"https:\/\/www.blogsoestado.com\/danielmatos\/wp-content\/uploads\/sites\/2\/2025\/09\/1003505055-1024x768.jpg","datePublished":"2025-09-01T21:26:56+00:00","dateModified":"2025-09-01T21:26:59+00:00","author":{"@id":"https:\/\/www.blogsoestado.com\/danielmatos\/#\/schema\/person\/9a209d407cd45631f131e1285b661bb0"},"breadcrumb":{"@id":"https:\/\/www.blogsoestado.com\/danielmatos\/de-aquarela-a-fotografia-mobiliza-slz-2025-tera-artes-visuais-diversas\/#breadcrumb"},"inLanguage":"pt-BR","potentialAction":[{"@type":"ReadAction","target":["https:\/\/www.blogsoestado.com\/danielmatos\/de-aquarela-a-fotografia-mobiliza-slz-2025-tera-artes-visuais-diversas\/"]}]},{"@type":"ImageObject","inLanguage":"pt-BR","@id":"https:\/\/www.blogsoestado.com\/danielmatos\/de-aquarela-a-fotografia-mobiliza-slz-2025-tera-artes-visuais-diversas\/#primaryimage","url":"https:\/\/www.blogsoestado.com\/danielmatos\/wp-content\/uploads\/sites\/2\/2025\/09\/1003505055.jpg","contentUrl":"https:\/\/www.blogsoestado.com\/danielmatos\/wp-content\/uploads\/sites\/2\/2025\/09\/1003505055.jpg","width":1280,"height":960},{"@type":"BreadcrumbList","@id":"https:\/\/www.blogsoestado.com\/danielmatos\/de-aquarela-a-fotografia-mobiliza-slz-2025-tera-artes-visuais-diversas\/#breadcrumb","itemListElement":[{"@type":"ListItem","position":1,"name":"In\u00edcio","item":"https:\/\/www.blogsoestado.com\/danielmatos\/"},{"@type":"ListItem","position":2,"name":"De aquarela a fotografia: Mobiliza SLZ 2025 ter\u00e1 artes visuais diversas"}]},{"@type":"WebSite","@id":"https:\/\/www.blogsoestado.com\/danielmatos\/#website","url":"https:\/\/www.blogsoestado.com\/danielmatos\/","name":"Daniel Matos","description":"","potentialAction":[{"@type":"SearchAction","target":{"@type":"EntryPoint","urlTemplate":"https:\/\/www.blogsoestado.com\/danielmatos\/?s={search_term_string}"},"query-input":{"@type":"PropertyValueSpecification","valueRequired":true,"valueName":"search_term_string"}}],"inLanguage":"pt-BR"},{"@type":"Person","@id":"https:\/\/www.blogsoestado.com\/danielmatos\/#\/schema\/person\/9a209d407cd45631f131e1285b661bb0","name":"Daniel Matos","image":{"@type":"ImageObject","inLanguage":"pt-BR","@id":"https:\/\/www.blogsoestado.com\/danielmatos\/#\/schema\/person\/image\/","url":"https:\/\/secure.gravatar.com\/avatar\/2f26c36ee355da19a257f0dfef43952a2588b324ca35d6719e859fe338ac0392?s=96&d=mm&r=g","contentUrl":"https:\/\/secure.gravatar.com\/avatar\/2f26c36ee355da19a257f0dfef43952a2588b324ca35d6719e859fe338ac0392?s=96&d=mm&r=g","caption":"Daniel Matos"},"url":"https:\/\/www.blogsoestado.com\/danielmatos\/author\/danielmatos\/"}]}},"jetpack_featured_media_url":"","_links":{"self":[{"href":"https:\/\/www.blogsoestado.com\/danielmatos\/wp-json\/wp\/v2\/posts\/147901","targetHints":{"allow":["GET"]}}],"collection":[{"href":"https:\/\/www.blogsoestado.com\/danielmatos\/wp-json\/wp\/v2\/posts"}],"about":[{"href":"https:\/\/www.blogsoestado.com\/danielmatos\/wp-json\/wp\/v2\/types\/post"}],"author":[{"embeddable":true,"href":"https:\/\/www.blogsoestado.com\/danielmatos\/wp-json\/wp\/v2\/users\/2"}],"replies":[{"embeddable":true,"href":"https:\/\/www.blogsoestado.com\/danielmatos\/wp-json\/wp\/v2\/comments?post=147901"}],"version-history":[{"count":1,"href":"https:\/\/www.blogsoestado.com\/danielmatos\/wp-json\/wp\/v2\/posts\/147901\/revisions"}],"predecessor-version":[{"id":147905,"href":"https:\/\/www.blogsoestado.com\/danielmatos\/wp-json\/wp\/v2\/posts\/147901\/revisions\/147905"}],"wp:attachment":[{"href":"https:\/\/www.blogsoestado.com\/danielmatos\/wp-json\/wp\/v2\/media?parent=147901"}],"wp:term":[{"taxonomy":"category","embeddable":true,"href":"https:\/\/www.blogsoestado.com\/danielmatos\/wp-json\/wp\/v2\/categories?post=147901"},{"taxonomy":"post_tag","embeddable":true,"href":"https:\/\/www.blogsoestado.com\/danielmatos\/wp-json\/wp\/v2\/tags?post=147901"}],"curies":[{"name":"wp","href":"https:\/\/api.w.org\/{rel}","templated":true}]}}