{"id":147906,"date":"2025-09-02T00:45:26","date_gmt":"2025-09-02T03:45:26","guid":{"rendered":"https:\/\/www.blogsoestado.com\/danielmatos\/?p=147906"},"modified":"2025-09-02T00:45:30","modified_gmt":"2025-09-02T03:45:30","slug":"ultimos-ingressos-para-turne-de-20-anos-da-dupla-jorge-e-mateus-em-sao-luis","status":"publish","type":"post","link":"https:\/\/www.blogsoestado.com\/danielmatos\/ultimos-ingressos-para-turne-de-20-anos-da-dupla-jorge-e-mateus-em-sao-luis\/","title":{"rendered":"\u00daltimos ingressos para turn\u00ea de 20 anos da dupla Jorge e Mateus em S\u00e3o Lu\u00eds"},"content":{"rendered":"\n<p><em><strong><mark style=\"color:#cf2e2e\" class=\"has-inline-color\">Os cantores Felipe Amorim, Pedro Lipe e Manu Bahtid\u00e3o, tamb\u00e9m est\u00e3o na programa\u00e7\u00e3o deste s\u00e1bado (06), na \u00e1rea externa do S\u00e3o Lu\u00eds Shopping<\/mark><\/strong><\/em><\/p>\n\n\n\n<figure class=\"wp-block-image aligncenter size-full\"><img fetchpriority=\"high\" decoding=\"async\" width=\"984\" height=\"850\" src=\"https:\/\/www.blogsoestado.com\/danielmatos\/wp-content\/uploads\/sites\/2\/2025\/09\/1003508740.avif\" alt=\"\" class=\"wp-image-147907\" \/><figcaption class=\"wp-element-caption\">A turn\u00ea que celebra os 20 anos de carreira da dupla Jorge e Mateus desembarca em S\u00e3o Lu\u00eds neste s\u00e1bado, 06 de setembro, para uma apresenta\u00e7\u00e3o \u00e9pica, a partir das 18h<\/figcaption><\/figure>\n\n\n\n<p>A contagem regressiva para um dos shows mais aguardados do ano come\u00e7ou. A turn\u00ea que celebra os 20 anos de carreira da dupla Jorge e Mateus desembarca em S\u00e3o Lu\u00eds neste s\u00e1bado, 06 de setembro, para uma apresenta\u00e7\u00e3o \u00e9pica, a partir das 18h. O evento, que promete ser a despedida mais emocionante da dupla na capital maranhense, ser\u00e1 na \u00e1rea externa do S\u00e3o Lu\u00eds Shopping.<\/p>\n\n\n\n<p>Com um espet\u00e1culo de tr\u00eas horas de show, o p\u00fablico de S\u00e3o Lu\u00eds ter\u00e1 a chance de mergulhar em uma verdadeira viagem musical. Aclamados por onde passam e com um festival de hits no setlist de aproximadamente 40 can\u00e7\u00f5es que marcaram gera\u00e7\u00f5es. A produ\u00e7\u00e3o grandiosa inclui blocos tem\u00e1ticos, momentos ac\u00fasticos intimistas e homenagens a parcerias que constru\u00edram essa hist\u00f3ria de sucesso.<\/p>\n\n\n\n<p>Para tornar a noite ainda mais especial, a festa ter\u00e1 a presen\u00e7a de um time de peso: Felipe Amorim, Manu Bahtid\u00e3o e Pedro Libe.<\/p>\n\n\n\n<p>Os \u00faltimos ingressos est\u00e3o \u00e0 venda e podem ser adquiridos na Loja 4M\u00e3os Store, no S\u00e3o Lu\u00eds Shopping, ou online, pelo site&nbsp;<a href=\"http:\/\/www.q2ingressos.com.br\/\" target=\"_blank\" rel=\"noreferrer noopener\">www.q2ingressos.com.br<\/a>. &nbsp;\u00c9 poss\u00edvel escolher o setor vip, premium ou tapete vermelho com open bar de \u00e1gua, cerveja, refrigerante, vodka, gin e whisky. O espa\u00e7o tem a classifica\u00e7\u00e3o de 18 anos.<\/p>\n\n\n\n<p>A produ\u00e7\u00e3o local \u00e9 da 4M\u00e3os Entretenimento em parceria com a T.E.P e Four Even, o patroc\u00ednio do Chivas Regal e Chandon e como Institui\u00e7\u00e3o financeira oficial SICOOB, al\u00e9m do apoio local O Botic\u00e1rio.&nbsp;<\/p>\n","protected":false},"excerpt":{"rendered":"<p>Os cantores Felipe Amorim, Pedro Lipe e Manu Bahtid\u00e3o, tamb\u00e9m est\u00e3o na programa\u00e7\u00e3o deste s\u00e1bado (06), na \u00e1rea externa do [&hellip;]<\/p>\n","protected":false},"author":2,"featured_media":0,"comment_status":"open","ping_status":"open","sticky":false,"template":"","format":"standard","meta":{"site-sidebar-layout":"default","site-content-layout":"","ast-site-content-layout":"default","site-content-style":"default","site-sidebar-style":"default","ast-global-header-display":"","ast-banner-title-visibility":"","ast-main-header-display":"","ast-hfb-above-header-display":"","ast-hfb-below-header-display":"","ast-hfb-mobile-header-display":"","site-post-title":"","ast-breadcrumbs-content":"","ast-featured-img":"","footer-sml-layout":"","ast-disable-related-posts":"","theme-transparent-header-meta":"","adv-header-id-meta":"","stick-header-meta":"","header-above-stick-meta":"","header-main-stick-meta":"","header-below-stick-meta":"","astra-migrate-meta-layouts":"default","ast-page-background-enabled":"default","ast-page-background-meta":{"desktop":{"background-color":"var(--ast-global-color-5)","background-image":"","background-repeat":"repeat","background-position":"center center","background-size":"auto","background-attachment":"scroll","background-type":"","background-media":"","overlay-type":"","overlay-color":"","overlay-opacity":"","overlay-gradient":""},"tablet":{"background-color":"","background-image":"","background-repeat":"repeat","background-position":"center center","background-size":"auto","background-attachment":"scroll","background-type":"","background-media":"","overlay-type":"","overlay-color":"","overlay-opacity":"","overlay-gradient":""},"mobile":{"background-color":"","background-image":"","background-repeat":"repeat","background-position":"center center","background-size":"auto","background-attachment":"scroll","background-type":"","background-media":"","overlay-type":"","overlay-color":"","overlay-opacity":"","overlay-gradient":""}},"ast-content-background-meta":{"desktop":{"background-color":"var(--ast-global-color-4)","background-image":"","background-repeat":"repeat","background-position":"center center","background-size":"auto","background-attachment":"scroll","background-type":"","background-media":"","overlay-type":"","overlay-color":"","overlay-opacity":"","overlay-gradient":""},"tablet":{"background-color":"var(--ast-global-color-4)","background-image":"","background-repeat":"repeat","background-position":"center center","background-size":"auto","background-attachment":"scroll","background-type":"","background-media":"","overlay-type":"","overlay-color":"","overlay-opacity":"","overlay-gradient":""},"mobile":{"background-color":"var(--ast-global-color-4)","background-image":"","background-repeat":"repeat","background-position":"center center","background-size":"auto","background-attachment":"scroll","background-type":"","background-media":"","overlay-type":"","overlay-color":"","overlay-opacity":"","overlay-gradient":""}},"footnotes":""},"categories":[1],"tags":[],"class_list":["post-147906","post","type-post","status-publish","format-standard","hentry","category-sem-categoria"],"yoast_head":"<!-- This site is optimized with the Yoast SEO plugin v26.6 - https:\/\/yoast.com\/wordpress\/plugins\/seo\/ -->\n<title>\u00daltimos ingressos para turn\u00ea de 20 anos da dupla Jorge e Mateus em S\u00e3o Lu\u00eds - Daniel Matos<\/title>\n<meta name=\"robots\" content=\"index, follow, max-snippet:-1, max-image-preview:large, max-video-preview:-1\" \/>\n<link rel=\"canonical\" href=\"https:\/\/www.blogsoestado.com\/danielmatos\/ultimos-ingressos-para-turne-de-20-anos-da-dupla-jorge-e-mateus-em-sao-luis\/\" \/>\n<meta property=\"og:locale\" content=\"pt_BR\" \/>\n<meta property=\"og:type\" content=\"article\" \/>\n<meta property=\"og:title\" content=\"\u00daltimos ingressos para turn\u00ea de 20 anos da dupla Jorge e Mateus em S\u00e3o Lu\u00eds - Daniel Matos\" \/>\n<meta property=\"og:description\" content=\"Os cantores Felipe Amorim, Pedro Lipe e Manu Bahtid\u00e3o, tamb\u00e9m est\u00e3o na programa\u00e7\u00e3o deste s\u00e1bado (06), na \u00e1rea externa do [&hellip;]\" \/>\n<meta property=\"og:url\" content=\"https:\/\/www.blogsoestado.com\/danielmatos\/ultimos-ingressos-para-turne-de-20-anos-da-dupla-jorge-e-mateus-em-sao-luis\/\" \/>\n<meta property=\"og:site_name\" content=\"Daniel Matos\" \/>\n<meta property=\"article:published_time\" content=\"2025-09-02T03:45:26+00:00\" \/>\n<meta property=\"article:modified_time\" content=\"2025-09-02T03:45:30+00:00\" \/>\n<meta name=\"author\" content=\"Daniel Matos\" \/>\n<meta name=\"twitter:card\" content=\"summary_large_image\" \/>\n<meta name=\"twitter:label1\" content=\"Escrito por\" \/>\n\t<meta name=\"twitter:data1\" content=\"Daniel Matos\" \/>\n\t<meta name=\"twitter:label2\" content=\"Est. tempo de leitura\" \/>\n\t<meta name=\"twitter:data2\" content=\"2 minutos\" \/>\n<script type=\"application\/ld+json\" class=\"yoast-schema-graph\">{\"@context\":\"https:\/\/schema.org\",\"@graph\":[{\"@type\":\"WebPage\",\"@id\":\"https:\/\/www.blogsoestado.com\/danielmatos\/ultimos-ingressos-para-turne-de-20-anos-da-dupla-jorge-e-mateus-em-sao-luis\/\",\"url\":\"https:\/\/www.blogsoestado.com\/danielmatos\/ultimos-ingressos-para-turne-de-20-anos-da-dupla-jorge-e-mateus-em-sao-luis\/\",\"name\":\"\u00daltimos ingressos para turn\u00ea de 20 anos da dupla Jorge e Mateus em S\u00e3o Lu\u00eds - Daniel Matos\",\"isPartOf\":{\"@id\":\"https:\/\/www.blogsoestado.com\/danielmatos\/#website\"},\"primaryImageOfPage\":{\"@id\":\"https:\/\/www.blogsoestado.com\/danielmatos\/ultimos-ingressos-para-turne-de-20-anos-da-dupla-jorge-e-mateus-em-sao-luis\/#primaryimage\"},\"image\":{\"@id\":\"https:\/\/www.blogsoestado.com\/danielmatos\/ultimos-ingressos-para-turne-de-20-anos-da-dupla-jorge-e-mateus-em-sao-luis\/#primaryimage\"},\"thumbnailUrl\":\"https:\/\/www.blogsoestado.com\/danielmatos\/wp-content\/uploads\/sites\/2\/2025\/09\/1003508740.avif\",\"datePublished\":\"2025-09-02T03:45:26+00:00\",\"dateModified\":\"2025-09-02T03:45:30+00:00\",\"author\":{\"@id\":\"https:\/\/www.blogsoestado.com\/danielmatos\/#\/schema\/person\/9a209d407cd45631f131e1285b661bb0\"},\"breadcrumb\":{\"@id\":\"https:\/\/www.blogsoestado.com\/danielmatos\/ultimos-ingressos-para-turne-de-20-anos-da-dupla-jorge-e-mateus-em-sao-luis\/#breadcrumb\"},\"inLanguage\":\"pt-BR\",\"potentialAction\":[{\"@type\":\"ReadAction\",\"target\":[\"https:\/\/www.blogsoestado.com\/danielmatos\/ultimos-ingressos-para-turne-de-20-anos-da-dupla-jorge-e-mateus-em-sao-luis\/\"]}]},{\"@type\":\"ImageObject\",\"inLanguage\":\"pt-BR\",\"@id\":\"https:\/\/www.blogsoestado.com\/danielmatos\/ultimos-ingressos-para-turne-de-20-anos-da-dupla-jorge-e-mateus-em-sao-luis\/#primaryimage\",\"url\":\"https:\/\/www.blogsoestado.com\/danielmatos\/wp-content\/uploads\/sites\/2\/2025\/09\/1003508740.avif\",\"contentUrl\":\"https:\/\/www.blogsoestado.com\/danielmatos\/wp-content\/uploads\/sites\/2\/2025\/09\/1003508740.avif\",\"width\":984,\"height\":850},{\"@type\":\"BreadcrumbList\",\"@id\":\"https:\/\/www.blogsoestado.com\/danielmatos\/ultimos-ingressos-para-turne-de-20-anos-da-dupla-jorge-e-mateus-em-sao-luis\/#breadcrumb\",\"itemListElement\":[{\"@type\":\"ListItem\",\"position\":1,\"name\":\"In\u00edcio\",\"item\":\"https:\/\/www.blogsoestado.com\/danielmatos\/\"},{\"@type\":\"ListItem\",\"position\":2,\"name\":\"\u00daltimos ingressos para turn\u00ea de 20 anos da dupla Jorge e Mateus em S\u00e3o Lu\u00eds\"}]},{\"@type\":\"WebSite\",\"@id\":\"https:\/\/www.blogsoestado.com\/danielmatos\/#website\",\"url\":\"https:\/\/www.blogsoestado.com\/danielmatos\/\",\"name\":\"Daniel Matos\",\"description\":\"\",\"potentialAction\":[{\"@type\":\"SearchAction\",\"target\":{\"@type\":\"EntryPoint\",\"urlTemplate\":\"https:\/\/www.blogsoestado.com\/danielmatos\/?s={search_term_string}\"},\"query-input\":{\"@type\":\"PropertyValueSpecification\",\"valueRequired\":true,\"valueName\":\"search_term_string\"}}],\"inLanguage\":\"pt-BR\"},{\"@type\":\"Person\",\"@id\":\"https:\/\/www.blogsoestado.com\/danielmatos\/#\/schema\/person\/9a209d407cd45631f131e1285b661bb0\",\"name\":\"Daniel Matos\",\"image\":{\"@type\":\"ImageObject\",\"inLanguage\":\"pt-BR\",\"@id\":\"https:\/\/www.blogsoestado.com\/danielmatos\/#\/schema\/person\/image\/\",\"url\":\"https:\/\/secure.gravatar.com\/avatar\/2f26c36ee355da19a257f0dfef43952a2588b324ca35d6719e859fe338ac0392?s=96&d=mm&r=g\",\"contentUrl\":\"https:\/\/secure.gravatar.com\/avatar\/2f26c36ee355da19a257f0dfef43952a2588b324ca35d6719e859fe338ac0392?s=96&d=mm&r=g\",\"caption\":\"Daniel Matos\"},\"url\":\"https:\/\/www.blogsoestado.com\/danielmatos\/author\/danielmatos\/\"}]}<\/script>\n<!-- \/ Yoast SEO plugin. -->","yoast_head_json":{"title":"\u00daltimos ingressos para turn\u00ea de 20 anos da dupla Jorge e Mateus em S\u00e3o Lu\u00eds - Daniel Matos","robots":{"index":"index","follow":"follow","max-snippet":"max-snippet:-1","max-image-preview":"max-image-preview:large","max-video-preview":"max-video-preview:-1"},"canonical":"https:\/\/www.blogsoestado.com\/danielmatos\/ultimos-ingressos-para-turne-de-20-anos-da-dupla-jorge-e-mateus-em-sao-luis\/","og_locale":"pt_BR","og_type":"article","og_title":"\u00daltimos ingressos para turn\u00ea de 20 anos da dupla Jorge e Mateus em S\u00e3o Lu\u00eds - Daniel Matos","og_description":"Os cantores Felipe Amorim, Pedro Lipe e Manu Bahtid\u00e3o, tamb\u00e9m est\u00e3o na programa\u00e7\u00e3o deste s\u00e1bado (06), na \u00e1rea externa do [&hellip;]","og_url":"https:\/\/www.blogsoestado.com\/danielmatos\/ultimos-ingressos-para-turne-de-20-anos-da-dupla-jorge-e-mateus-em-sao-luis\/","og_site_name":"Daniel Matos","article_published_time":"2025-09-02T03:45:26+00:00","article_modified_time":"2025-09-02T03:45:30+00:00","author":"Daniel Matos","twitter_card":"summary_large_image","twitter_misc":{"Escrito por":"Daniel Matos","Est. tempo de leitura":"2 minutos"},"schema":{"@context":"https:\/\/schema.org","@graph":[{"@type":"WebPage","@id":"https:\/\/www.blogsoestado.com\/danielmatos\/ultimos-ingressos-para-turne-de-20-anos-da-dupla-jorge-e-mateus-em-sao-luis\/","url":"https:\/\/www.blogsoestado.com\/danielmatos\/ultimos-ingressos-para-turne-de-20-anos-da-dupla-jorge-e-mateus-em-sao-luis\/","name":"\u00daltimos ingressos para turn\u00ea de 20 anos da dupla Jorge e Mateus em S\u00e3o Lu\u00eds - Daniel Matos","isPartOf":{"@id":"https:\/\/www.blogsoestado.com\/danielmatos\/#website"},"primaryImageOfPage":{"@id":"https:\/\/www.blogsoestado.com\/danielmatos\/ultimos-ingressos-para-turne-de-20-anos-da-dupla-jorge-e-mateus-em-sao-luis\/#primaryimage"},"image":{"@id":"https:\/\/www.blogsoestado.com\/danielmatos\/ultimos-ingressos-para-turne-de-20-anos-da-dupla-jorge-e-mateus-em-sao-luis\/#primaryimage"},"thumbnailUrl":"https:\/\/www.blogsoestado.com\/danielmatos\/wp-content\/uploads\/sites\/2\/2025\/09\/1003508740.avif","datePublished":"2025-09-02T03:45:26+00:00","dateModified":"2025-09-02T03:45:30+00:00","author":{"@id":"https:\/\/www.blogsoestado.com\/danielmatos\/#\/schema\/person\/9a209d407cd45631f131e1285b661bb0"},"breadcrumb":{"@id":"https:\/\/www.blogsoestado.com\/danielmatos\/ultimos-ingressos-para-turne-de-20-anos-da-dupla-jorge-e-mateus-em-sao-luis\/#breadcrumb"},"inLanguage":"pt-BR","potentialAction":[{"@type":"ReadAction","target":["https:\/\/www.blogsoestado.com\/danielmatos\/ultimos-ingressos-para-turne-de-20-anos-da-dupla-jorge-e-mateus-em-sao-luis\/"]}]},{"@type":"ImageObject","inLanguage":"pt-BR","@id":"https:\/\/www.blogsoestado.com\/danielmatos\/ultimos-ingressos-para-turne-de-20-anos-da-dupla-jorge-e-mateus-em-sao-luis\/#primaryimage","url":"https:\/\/www.blogsoestado.com\/danielmatos\/wp-content\/uploads\/sites\/2\/2025\/09\/1003508740.avif","contentUrl":"https:\/\/www.blogsoestado.com\/danielmatos\/wp-content\/uploads\/sites\/2\/2025\/09\/1003508740.avif","width":984,"height":850},{"@type":"BreadcrumbList","@id":"https:\/\/www.blogsoestado.com\/danielmatos\/ultimos-ingressos-para-turne-de-20-anos-da-dupla-jorge-e-mateus-em-sao-luis\/#breadcrumb","itemListElement":[{"@type":"ListItem","position":1,"name":"In\u00edcio","item":"https:\/\/www.blogsoestado.com\/danielmatos\/"},{"@type":"ListItem","position":2,"name":"\u00daltimos ingressos para turn\u00ea de 20 anos da dupla Jorge e Mateus em S\u00e3o Lu\u00eds"}]},{"@type":"WebSite","@id":"https:\/\/www.blogsoestado.com\/danielmatos\/#website","url":"https:\/\/www.blogsoestado.com\/danielmatos\/","name":"Daniel Matos","description":"","potentialAction":[{"@type":"SearchAction","target":{"@type":"EntryPoint","urlTemplate":"https:\/\/www.blogsoestado.com\/danielmatos\/?s={search_term_string}"},"query-input":{"@type":"PropertyValueSpecification","valueRequired":true,"valueName":"search_term_string"}}],"inLanguage":"pt-BR"},{"@type":"Person","@id":"https:\/\/www.blogsoestado.com\/danielmatos\/#\/schema\/person\/9a209d407cd45631f131e1285b661bb0","name":"Daniel Matos","image":{"@type":"ImageObject","inLanguage":"pt-BR","@id":"https:\/\/www.blogsoestado.com\/danielmatos\/#\/schema\/person\/image\/","url":"https:\/\/secure.gravatar.com\/avatar\/2f26c36ee355da19a257f0dfef43952a2588b324ca35d6719e859fe338ac0392?s=96&d=mm&r=g","contentUrl":"https:\/\/secure.gravatar.com\/avatar\/2f26c36ee355da19a257f0dfef43952a2588b324ca35d6719e859fe338ac0392?s=96&d=mm&r=g","caption":"Daniel Matos"},"url":"https:\/\/www.blogsoestado.com\/danielmatos\/author\/danielmatos\/"}]}},"jetpack_featured_media_url":"","_links":{"self":[{"href":"https:\/\/www.blogsoestado.com\/danielmatos\/wp-json\/wp\/v2\/posts\/147906","targetHints":{"allow":["GET"]}}],"collection":[{"href":"https:\/\/www.blogsoestado.com\/danielmatos\/wp-json\/wp\/v2\/posts"}],"about":[{"href":"https:\/\/www.blogsoestado.com\/danielmatos\/wp-json\/wp\/v2\/types\/post"}],"author":[{"embeddable":true,"href":"https:\/\/www.blogsoestado.com\/danielmatos\/wp-json\/wp\/v2\/users\/2"}],"replies":[{"embeddable":true,"href":"https:\/\/www.blogsoestado.com\/danielmatos\/wp-json\/wp\/v2\/comments?post=147906"}],"version-history":[{"count":1,"href":"https:\/\/www.blogsoestado.com\/danielmatos\/wp-json\/wp\/v2\/posts\/147906\/revisions"}],"predecessor-version":[{"id":147908,"href":"https:\/\/www.blogsoestado.com\/danielmatos\/wp-json\/wp\/v2\/posts\/147906\/revisions\/147908"}],"wp:attachment":[{"href":"https:\/\/www.blogsoestado.com\/danielmatos\/wp-json\/wp\/v2\/media?parent=147906"}],"wp:term":[{"taxonomy":"category","embeddable":true,"href":"https:\/\/www.blogsoestado.com\/danielmatos\/wp-json\/wp\/v2\/categories?post=147906"},{"taxonomy":"post_tag","embeddable":true,"href":"https:\/\/www.blogsoestado.com\/danielmatos\/wp-json\/wp\/v2\/tags?post=147906"}],"curies":[{"name":"wp","href":"https:\/\/api.w.org\/{rel}","templated":true}]}}