{"id":147909,"date":"2025-09-02T07:29:14","date_gmt":"2025-09-02T10:29:14","guid":{"rendered":"https:\/\/www.blogsoestado.com\/danielmatos\/?p=147909"},"modified":"2025-09-02T07:29:18","modified_gmt":"2025-09-02T10:29:18","slug":"hospital-dos-servidores-promove-palestra-sobre-saude-mental-no-trabalho-com-foco-em-mindfulness","status":"publish","type":"post","link":"https:\/\/www.blogsoestado.com\/danielmatos\/hospital-dos-servidores-promove-palestra-sobre-saude-mental-no-trabalho-com-foco-em-mindfulness\/","title":{"rendered":"Hospital dos Servidores promove palestra sobre sa\u00fade mental no trabalho com foco em mindfulness"},"content":{"rendered":"\n<figure class=\"wp-block-image aligncenter size-large\"><img fetchpriority=\"high\" decoding=\"async\" width=\"1024\" height=\"1024\" src=\"https:\/\/www.blogsoestado.com\/danielmatos\/wp-content\/uploads\/sites\/2\/2025\/09\/1003509670-1024x1024.jpg\" alt=\"\" class=\"wp-image-147910\" srcset=\"https:\/\/www.blogsoestado.com\/danielmatos\/wp-content\/uploads\/sites\/2\/2025\/09\/1003509670-1024x1024.jpg 1024w, https:\/\/www.blogsoestado.com\/danielmatos\/wp-content\/uploads\/sites\/2\/2025\/09\/1003509670-300x300.jpg 300w, https:\/\/www.blogsoestado.com\/danielmatos\/wp-content\/uploads\/sites\/2\/2025\/09\/1003509670-150x150.jpg 150w, https:\/\/www.blogsoestado.com\/danielmatos\/wp-content\/uploads\/sites\/2\/2025\/09\/1003509670-768x768.jpg 768w, https:\/\/www.blogsoestado.com\/danielmatos\/wp-content\/uploads\/sites\/2\/2025\/09\/1003509670.jpg 1280w\" sizes=\"(max-width: 1024px) 100vw, 1024px\" \/><\/figure>\n\n\n\n<p>O Hospital dos Servidores Estaduais (HSE \u2013 HSLZ realiza nessa quinta-feira, 4 de setembro, \u00e0s 14h30, uma palestra especial sobre \u201cSa\u00fade Mental no Trabalho: Pr\u00e1tica de Aten\u00e7\u00e3o Plena (Mindfulness)\u201d, voltada para os colaboradores do hospital.<\/p>\n\n\n\n<p>A iniciativa integra o conjunto de a\u00e7\u00f5es promovidas pela institui\u00e7\u00e3o com o objetivo de valorizar a qualidade de vida e o bem-estar no ambiente corporativo, estimulando h\u00e1bitos que favorecem a sa\u00fade mental e a produtividade.<\/p>\n\n\n\n<p>A condu\u00e7\u00e3o ser\u00e1 feita pela psic\u00f3loga cl\u00ednica e pedagoga Liane Milhomem, especialista em Terapia Cognitivo-Comportamental e Mindfulness, que compartilhar\u00e1 t\u00e9cnicas pr\u00e1ticas para a redu\u00e7\u00e3o do estresse, desenvolvimento da concentra\u00e7\u00e3o e fortalecimento emocional dos profissionais.<\/p>\n\n\n\n<figure class=\"wp-block-image aligncenter size-large\"><img decoding=\"async\" width=\"618\" height=\"1024\" src=\"https:\/\/www.blogsoestado.com\/danielmatos\/wp-content\/uploads\/sites\/2\/2025\/09\/1003509650-618x1024.jpg\" alt=\"\" class=\"wp-image-147911\" srcset=\"https:\/\/www.blogsoestado.com\/danielmatos\/wp-content\/uploads\/sites\/2\/2025\/09\/1003509650-618x1024.jpg 618w, https:\/\/www.blogsoestado.com\/danielmatos\/wp-content\/uploads\/sites\/2\/2025\/09\/1003509650-181x300.jpg 181w, https:\/\/www.blogsoestado.com\/danielmatos\/wp-content\/uploads\/sites\/2\/2025\/09\/1003509650-768x1272.jpg 768w, https:\/\/www.blogsoestado.com\/danielmatos\/wp-content\/uploads\/sites\/2\/2025\/09\/1003509650.jpg 773w\" sizes=\"(max-width: 618px) 100vw, 618px\" \/><figcaption class=\"wp-element-caption\">A psic\u00f3loga cl\u00ednica Liane Milhomem, que vai palestrar sobre Sa\u00fade Mental e a Pr\u00e1tica de Mindfulness para colaboradores do HSE \u2013 HSLZ<\/figcaption><\/figure>\n\n\n\n<p>\u201cO trabalho \u00e9 um espa\u00e7o de realiza\u00e7\u00f5es, mas tamb\u00e9m pode ser fonte de press\u00e3o e desgaste. Com o mindfulness, buscamos oferecer ferramentas para que cada servidor consiga lidar melhor com as demandas di\u00e1rias, preservando o equil\u00edbrio e a sa\u00fade emocional\u201d, destacou a Gestora do N\u00facleo de Gente e Gest\u00e3o (NGG) Chrystiane Vasconcelos.<\/p>\n\n\n\n<p>Essa a\u00e7\u00e3o refor\u00e7a o compromisso da institui\u00e7\u00e3o em promover iniciativas que ultrapassam o atendimento m\u00e9dico-hospitalar, atuando tamb\u00e9m na preven\u00e7\u00e3o e no cuidado integral dos seus colboradores, profissionais multidisciplinares da sa\u00fade.<\/p>\n","protected":false},"excerpt":{"rendered":"<p>O Hospital dos Servidores Estaduais (HSE \u2013 HSLZ realiza nessa quinta-feira, 4 de setembro, \u00e0s 14h30, uma palestra especial sobre [&hellip;]<\/p>\n","protected":false},"author":2,"featured_media":0,"comment_status":"open","ping_status":"open","sticky":false,"template":"","format":"standard","meta":{"site-sidebar-layout":"default","site-content-layout":"","ast-site-content-layout":"default","site-content-style":"default","site-sidebar-style":"default","ast-global-header-display":"","ast-banner-title-visibility":"","ast-main-header-display":"","ast-hfb-above-header-display":"","ast-hfb-below-header-display":"","ast-hfb-mobile-header-display":"","site-post-title":"","ast-breadcrumbs-content":"","ast-featured-img":"","footer-sml-layout":"","ast-disable-related-posts":"","theme-transparent-header-meta":"","adv-header-id-meta":"","stick-header-meta":"","header-above-stick-meta":"","header-main-stick-meta":"","header-below-stick-meta":"","astra-migrate-meta-layouts":"default","ast-page-background-enabled":"default","ast-page-background-meta":{"desktop":{"background-color":"var(--ast-global-color-5)","background-image":"","background-repeat":"repeat","background-position":"center center","background-size":"auto","background-attachment":"scroll","background-type":"","background-media":"","overlay-type":"","overlay-color":"","overlay-opacity":"","overlay-gradient":""},"tablet":{"background-color":"","background-image":"","background-repeat":"repeat","background-position":"center center","background-size":"auto","background-attachment":"scroll","background-type":"","background-media":"","overlay-type":"","overlay-color":"","overlay-opacity":"","overlay-gradient":""},"mobile":{"background-color":"","background-image":"","background-repeat":"repeat","background-position":"center center","background-size":"auto","background-attachment":"scroll","background-type":"","background-media":"","overlay-type":"","overlay-color":"","overlay-opacity":"","overlay-gradient":""}},"ast-content-background-meta":{"desktop":{"background-color":"var(--ast-global-color-4)","background-image":"","background-repeat":"repeat","background-position":"center center","background-size":"auto","background-attachment":"scroll","background-type":"","background-media":"","overlay-type":"","overlay-color":"","overlay-opacity":"","overlay-gradient":""},"tablet":{"background-color":"var(--ast-global-color-4)","background-image":"","background-repeat":"repeat","background-position":"center center","background-size":"auto","background-attachment":"scroll","background-type":"","background-media":"","overlay-type":"","overlay-color":"","overlay-opacity":"","overlay-gradient":""},"mobile":{"background-color":"var(--ast-global-color-4)","background-image":"","background-repeat":"repeat","background-position":"center center","background-size":"auto","background-attachment":"scroll","background-type":"","background-media":"","overlay-type":"","overlay-color":"","overlay-opacity":"","overlay-gradient":""}},"footnotes":""},"categories":[1],"tags":[],"class_list":["post-147909","post","type-post","status-publish","format-standard","hentry","category-sem-categoria"],"yoast_head":"<!-- This site is optimized with the Yoast SEO plugin v26.6 - https:\/\/yoast.com\/wordpress\/plugins\/seo\/ -->\n<title>Hospital dos Servidores promove palestra sobre sa\u00fade mental no trabalho com foco em mindfulness - Daniel Matos<\/title>\n<meta name=\"robots\" content=\"index, follow, max-snippet:-1, max-image-preview:large, max-video-preview:-1\" \/>\n<link rel=\"canonical\" href=\"https:\/\/www.blogsoestado.com\/danielmatos\/hospital-dos-servidores-promove-palestra-sobre-saude-mental-no-trabalho-com-foco-em-mindfulness\/\" \/>\n<meta property=\"og:locale\" content=\"pt_BR\" \/>\n<meta property=\"og:type\" content=\"article\" \/>\n<meta property=\"og:title\" content=\"Hospital dos Servidores promove palestra sobre sa\u00fade mental no trabalho com foco em mindfulness - Daniel Matos\" \/>\n<meta property=\"og:description\" content=\"O Hospital dos Servidores Estaduais (HSE \u2013 HSLZ realiza nessa quinta-feira, 4 de setembro, \u00e0s 14h30, uma palestra especial sobre [&hellip;]\" \/>\n<meta property=\"og:url\" content=\"https:\/\/www.blogsoestado.com\/danielmatos\/hospital-dos-servidores-promove-palestra-sobre-saude-mental-no-trabalho-com-foco-em-mindfulness\/\" \/>\n<meta property=\"og:site_name\" content=\"Daniel Matos\" \/>\n<meta property=\"article:published_time\" content=\"2025-09-02T10:29:14+00:00\" \/>\n<meta property=\"article:modified_time\" content=\"2025-09-02T10:29:18+00:00\" \/>\n<meta property=\"og:image\" content=\"https:\/\/www.blogsoestado.com\/danielmatos\/wp-content\/uploads\/sites\/2\/2025\/09\/1003509670.jpg\" \/>\n\t<meta property=\"og:image:width\" content=\"1280\" \/>\n\t<meta property=\"og:image:height\" content=\"1280\" \/>\n\t<meta property=\"og:image:type\" content=\"image\/jpeg\" \/>\n<meta name=\"author\" content=\"Daniel Matos\" \/>\n<meta name=\"twitter:card\" content=\"summary_large_image\" \/>\n<meta name=\"twitter:label1\" content=\"Escrito por\" \/>\n\t<meta name=\"twitter:data1\" content=\"Daniel Matos\" \/>\n\t<meta name=\"twitter:label2\" content=\"Est. tempo de leitura\" \/>\n\t<meta name=\"twitter:data2\" content=\"2 minutos\" \/>\n<script type=\"application\/ld+json\" class=\"yoast-schema-graph\">{\"@context\":\"https:\/\/schema.org\",\"@graph\":[{\"@type\":\"WebPage\",\"@id\":\"https:\/\/www.blogsoestado.com\/danielmatos\/hospital-dos-servidores-promove-palestra-sobre-saude-mental-no-trabalho-com-foco-em-mindfulness\/\",\"url\":\"https:\/\/www.blogsoestado.com\/danielmatos\/hospital-dos-servidores-promove-palestra-sobre-saude-mental-no-trabalho-com-foco-em-mindfulness\/\",\"name\":\"Hospital dos Servidores promove palestra sobre sa\u00fade mental no trabalho com foco em mindfulness - Daniel Matos\",\"isPartOf\":{\"@id\":\"https:\/\/www.blogsoestado.com\/danielmatos\/#website\"},\"primaryImageOfPage\":{\"@id\":\"https:\/\/www.blogsoestado.com\/danielmatos\/hospital-dos-servidores-promove-palestra-sobre-saude-mental-no-trabalho-com-foco-em-mindfulness\/#primaryimage\"},\"image\":{\"@id\":\"https:\/\/www.blogsoestado.com\/danielmatos\/hospital-dos-servidores-promove-palestra-sobre-saude-mental-no-trabalho-com-foco-em-mindfulness\/#primaryimage\"},\"thumbnailUrl\":\"https:\/\/www.blogsoestado.com\/danielmatos\/wp-content\/uploads\/sites\/2\/2025\/09\/1003509670-1024x1024.jpg\",\"datePublished\":\"2025-09-02T10:29:14+00:00\",\"dateModified\":\"2025-09-02T10:29:18+00:00\",\"author\":{\"@id\":\"https:\/\/www.blogsoestado.com\/danielmatos\/#\/schema\/person\/9a209d407cd45631f131e1285b661bb0\"},\"breadcrumb\":{\"@id\":\"https:\/\/www.blogsoestado.com\/danielmatos\/hospital-dos-servidores-promove-palestra-sobre-saude-mental-no-trabalho-com-foco-em-mindfulness\/#breadcrumb\"},\"inLanguage\":\"pt-BR\",\"potentialAction\":[{\"@type\":\"ReadAction\",\"target\":[\"https:\/\/www.blogsoestado.com\/danielmatos\/hospital-dos-servidores-promove-palestra-sobre-saude-mental-no-trabalho-com-foco-em-mindfulness\/\"]}]},{\"@type\":\"ImageObject\",\"inLanguage\":\"pt-BR\",\"@id\":\"https:\/\/www.blogsoestado.com\/danielmatos\/hospital-dos-servidores-promove-palestra-sobre-saude-mental-no-trabalho-com-foco-em-mindfulness\/#primaryimage\",\"url\":\"https:\/\/www.blogsoestado.com\/danielmatos\/wp-content\/uploads\/sites\/2\/2025\/09\/1003509670.jpg\",\"contentUrl\":\"https:\/\/www.blogsoestado.com\/danielmatos\/wp-content\/uploads\/sites\/2\/2025\/09\/1003509670.jpg\",\"width\":1280,\"height\":1280},{\"@type\":\"BreadcrumbList\",\"@id\":\"https:\/\/www.blogsoestado.com\/danielmatos\/hospital-dos-servidores-promove-palestra-sobre-saude-mental-no-trabalho-com-foco-em-mindfulness\/#breadcrumb\",\"itemListElement\":[{\"@type\":\"ListItem\",\"position\":1,\"name\":\"In\u00edcio\",\"item\":\"https:\/\/www.blogsoestado.com\/danielmatos\/\"},{\"@type\":\"ListItem\",\"position\":2,\"name\":\"Hospital dos Servidores promove palestra sobre sa\u00fade mental no trabalho com foco em mindfulness\"}]},{\"@type\":\"WebSite\",\"@id\":\"https:\/\/www.blogsoestado.com\/danielmatos\/#website\",\"url\":\"https:\/\/www.blogsoestado.com\/danielmatos\/\",\"name\":\"Daniel Matos\",\"description\":\"\",\"potentialAction\":[{\"@type\":\"SearchAction\",\"target\":{\"@type\":\"EntryPoint\",\"urlTemplate\":\"https:\/\/www.blogsoestado.com\/danielmatos\/?s={search_term_string}\"},\"query-input\":{\"@type\":\"PropertyValueSpecification\",\"valueRequired\":true,\"valueName\":\"search_term_string\"}}],\"inLanguage\":\"pt-BR\"},{\"@type\":\"Person\",\"@id\":\"https:\/\/www.blogsoestado.com\/danielmatos\/#\/schema\/person\/9a209d407cd45631f131e1285b661bb0\",\"name\":\"Daniel Matos\",\"image\":{\"@type\":\"ImageObject\",\"inLanguage\":\"pt-BR\",\"@id\":\"https:\/\/www.blogsoestado.com\/danielmatos\/#\/schema\/person\/image\/\",\"url\":\"https:\/\/secure.gravatar.com\/avatar\/2f26c36ee355da19a257f0dfef43952a2588b324ca35d6719e859fe338ac0392?s=96&d=mm&r=g\",\"contentUrl\":\"https:\/\/secure.gravatar.com\/avatar\/2f26c36ee355da19a257f0dfef43952a2588b324ca35d6719e859fe338ac0392?s=96&d=mm&r=g\",\"caption\":\"Daniel Matos\"},\"url\":\"https:\/\/www.blogsoestado.com\/danielmatos\/author\/danielmatos\/\"}]}<\/script>\n<!-- \/ Yoast SEO plugin. -->","yoast_head_json":{"title":"Hospital dos Servidores promove palestra sobre sa\u00fade mental no trabalho com foco em mindfulness - Daniel Matos","robots":{"index":"index","follow":"follow","max-snippet":"max-snippet:-1","max-image-preview":"max-image-preview:large","max-video-preview":"max-video-preview:-1"},"canonical":"https:\/\/www.blogsoestado.com\/danielmatos\/hospital-dos-servidores-promove-palestra-sobre-saude-mental-no-trabalho-com-foco-em-mindfulness\/","og_locale":"pt_BR","og_type":"article","og_title":"Hospital dos Servidores promove palestra sobre sa\u00fade mental no trabalho com foco em mindfulness - Daniel Matos","og_description":"O Hospital dos Servidores Estaduais (HSE \u2013 HSLZ realiza nessa quinta-feira, 4 de setembro, \u00e0s 14h30, uma palestra especial sobre [&hellip;]","og_url":"https:\/\/www.blogsoestado.com\/danielmatos\/hospital-dos-servidores-promove-palestra-sobre-saude-mental-no-trabalho-com-foco-em-mindfulness\/","og_site_name":"Daniel Matos","article_published_time":"2025-09-02T10:29:14+00:00","article_modified_time":"2025-09-02T10:29:18+00:00","og_image":[{"width":1280,"height":1280,"url":"https:\/\/www.blogsoestado.com\/danielmatos\/wp-content\/uploads\/sites\/2\/2025\/09\/1003509670.jpg","type":"image\/jpeg"}],"author":"Daniel Matos","twitter_card":"summary_large_image","twitter_misc":{"Escrito por":"Daniel Matos","Est. tempo de leitura":"2 minutos"},"schema":{"@context":"https:\/\/schema.org","@graph":[{"@type":"WebPage","@id":"https:\/\/www.blogsoestado.com\/danielmatos\/hospital-dos-servidores-promove-palestra-sobre-saude-mental-no-trabalho-com-foco-em-mindfulness\/","url":"https:\/\/www.blogsoestado.com\/danielmatos\/hospital-dos-servidores-promove-palestra-sobre-saude-mental-no-trabalho-com-foco-em-mindfulness\/","name":"Hospital dos Servidores promove palestra sobre sa\u00fade mental no trabalho com foco em mindfulness - Daniel Matos","isPartOf":{"@id":"https:\/\/www.blogsoestado.com\/danielmatos\/#website"},"primaryImageOfPage":{"@id":"https:\/\/www.blogsoestado.com\/danielmatos\/hospital-dos-servidores-promove-palestra-sobre-saude-mental-no-trabalho-com-foco-em-mindfulness\/#primaryimage"},"image":{"@id":"https:\/\/www.blogsoestado.com\/danielmatos\/hospital-dos-servidores-promove-palestra-sobre-saude-mental-no-trabalho-com-foco-em-mindfulness\/#primaryimage"},"thumbnailUrl":"https:\/\/www.blogsoestado.com\/danielmatos\/wp-content\/uploads\/sites\/2\/2025\/09\/1003509670-1024x1024.jpg","datePublished":"2025-09-02T10:29:14+00:00","dateModified":"2025-09-02T10:29:18+00:00","author":{"@id":"https:\/\/www.blogsoestado.com\/danielmatos\/#\/schema\/person\/9a209d407cd45631f131e1285b661bb0"},"breadcrumb":{"@id":"https:\/\/www.blogsoestado.com\/danielmatos\/hospital-dos-servidores-promove-palestra-sobre-saude-mental-no-trabalho-com-foco-em-mindfulness\/#breadcrumb"},"inLanguage":"pt-BR","potentialAction":[{"@type":"ReadAction","target":["https:\/\/www.blogsoestado.com\/danielmatos\/hospital-dos-servidores-promove-palestra-sobre-saude-mental-no-trabalho-com-foco-em-mindfulness\/"]}]},{"@type":"ImageObject","inLanguage":"pt-BR","@id":"https:\/\/www.blogsoestado.com\/danielmatos\/hospital-dos-servidores-promove-palestra-sobre-saude-mental-no-trabalho-com-foco-em-mindfulness\/#primaryimage","url":"https:\/\/www.blogsoestado.com\/danielmatos\/wp-content\/uploads\/sites\/2\/2025\/09\/1003509670.jpg","contentUrl":"https:\/\/www.blogsoestado.com\/danielmatos\/wp-content\/uploads\/sites\/2\/2025\/09\/1003509670.jpg","width":1280,"height":1280},{"@type":"BreadcrumbList","@id":"https:\/\/www.blogsoestado.com\/danielmatos\/hospital-dos-servidores-promove-palestra-sobre-saude-mental-no-trabalho-com-foco-em-mindfulness\/#breadcrumb","itemListElement":[{"@type":"ListItem","position":1,"name":"In\u00edcio","item":"https:\/\/www.blogsoestado.com\/danielmatos\/"},{"@type":"ListItem","position":2,"name":"Hospital dos Servidores promove palestra sobre sa\u00fade mental no trabalho com foco em mindfulness"}]},{"@type":"WebSite","@id":"https:\/\/www.blogsoestado.com\/danielmatos\/#website","url":"https:\/\/www.blogsoestado.com\/danielmatos\/","name":"Daniel Matos","description":"","potentialAction":[{"@type":"SearchAction","target":{"@type":"EntryPoint","urlTemplate":"https:\/\/www.blogsoestado.com\/danielmatos\/?s={search_term_string}"},"query-input":{"@type":"PropertyValueSpecification","valueRequired":true,"valueName":"search_term_string"}}],"inLanguage":"pt-BR"},{"@type":"Person","@id":"https:\/\/www.blogsoestado.com\/danielmatos\/#\/schema\/person\/9a209d407cd45631f131e1285b661bb0","name":"Daniel Matos","image":{"@type":"ImageObject","inLanguage":"pt-BR","@id":"https:\/\/www.blogsoestado.com\/danielmatos\/#\/schema\/person\/image\/","url":"https:\/\/secure.gravatar.com\/avatar\/2f26c36ee355da19a257f0dfef43952a2588b324ca35d6719e859fe338ac0392?s=96&d=mm&r=g","contentUrl":"https:\/\/secure.gravatar.com\/avatar\/2f26c36ee355da19a257f0dfef43952a2588b324ca35d6719e859fe338ac0392?s=96&d=mm&r=g","caption":"Daniel Matos"},"url":"https:\/\/www.blogsoestado.com\/danielmatos\/author\/danielmatos\/"}]}},"jetpack_featured_media_url":"","_links":{"self":[{"href":"https:\/\/www.blogsoestado.com\/danielmatos\/wp-json\/wp\/v2\/posts\/147909","targetHints":{"allow":["GET"]}}],"collection":[{"href":"https:\/\/www.blogsoestado.com\/danielmatos\/wp-json\/wp\/v2\/posts"}],"about":[{"href":"https:\/\/www.blogsoestado.com\/danielmatos\/wp-json\/wp\/v2\/types\/post"}],"author":[{"embeddable":true,"href":"https:\/\/www.blogsoestado.com\/danielmatos\/wp-json\/wp\/v2\/users\/2"}],"replies":[{"embeddable":true,"href":"https:\/\/www.blogsoestado.com\/danielmatos\/wp-json\/wp\/v2\/comments?post=147909"}],"version-history":[{"count":1,"href":"https:\/\/www.blogsoestado.com\/danielmatos\/wp-json\/wp\/v2\/posts\/147909\/revisions"}],"predecessor-version":[{"id":147912,"href":"https:\/\/www.blogsoestado.com\/danielmatos\/wp-json\/wp\/v2\/posts\/147909\/revisions\/147912"}],"wp:attachment":[{"href":"https:\/\/www.blogsoestado.com\/danielmatos\/wp-json\/wp\/v2\/media?parent=147909"}],"wp:term":[{"taxonomy":"category","embeddable":true,"href":"https:\/\/www.blogsoestado.com\/danielmatos\/wp-json\/wp\/v2\/categories?post=147909"},{"taxonomy":"post_tag","embeddable":true,"href":"https:\/\/www.blogsoestado.com\/danielmatos\/wp-json\/wp\/v2\/tags?post=147909"}],"curies":[{"name":"wp","href":"https:\/\/api.w.org\/{rel}","templated":true}]}}