{"id":148,"date":"2007-10-03T15:36:14","date_gmt":"2007-10-03T15:36:14","guid":{"rendered":"https:\/\/www.blogsoestado.com\/danielmatos\/2007\/10\/03\/servidores-do-estado-em-greve-geral-dia-11\/"},"modified":"2007-10-03T15:36:14","modified_gmt":"2007-10-03T15:36:14","slug":"servidores-do-estado-em-greve-geral-dia-11","status":"publish","type":"post","link":"https:\/\/www.blogsoestado.com\/danielmatos\/servidores-do-estado-em-greve-geral-dia-11\/","title":{"rendered":"Servidores do Estado em greve geral dia 11"},"content":{"rendered":"<p><b><font size=\"5\"><\/font><\/b><br \/><font size=\"4\">Funcion\u00e1rios p\u00fablicos exigem implanta\u00e7\u00e3o do sal\u00e1rio m\u00ednimo de R$ 380<\/font><\/p>\n<p><font size=\"3\">Funcion\u00e1rios p\u00fablicos de todos os \u00f3rg\u00e3os vinculados ao Governo do Estado cruzar\u00e3o os bra\u00e7os no pr\u00f3ximo dia 11 para cobrar do governador Jackson Lago o sal\u00e1rio m\u00ednimo integral de R$ 380,00. No Maranh\u00e3o, o sal\u00e1rio-base do funcionalismo \u00e9 de R$ 303, o que tem gerado indigna\u00e7\u00e3o em todas as categorias. <\/p>\n<p>Batizado de Dia Estadual de Paralisa\u00e7\u00e3o do Servi\u00e7o P\u00fablico, o movimento \u00e9 organizado pelo Sindicato dos Trabalhadores do Servi\u00e7o P\u00fablico Estadual (Sintsep). Trabalhadores das \u00e1reas de sa\u00fade, educa\u00e7\u00e3o, seguran\u00e7a, administra\u00e7\u00e3o, cultura, entre outras categorias do funcionalismo p\u00fablico, dever\u00e3o se engajar \u00e0 paralisa\u00e7\u00e3o.<\/p>\n<p>Atualmente, policiais civis, peritos criminais e agentes penitenci\u00e1rios est\u00e3o em greve por tempo indeterminado em protesto contra a n\u00e3o-implanta\u00e7\u00e3o do m\u00ednimo nacional pela administra\u00e7\u00e3o Jackson Lago. Os t\u00e9cnicos da Ag\u00eancia Estadual de Defesa Agropecu\u00e1ria (Aged) decidiram ontem deflagrar uma paralisa\u00e7\u00e3o de advert\u00eancia de cinco dias, a partir do pr\u00f3ximo dia 8.<\/p>\n<p>N\u00e3o ser\u00e1 surpresa se os professores, que encerraram a greve de quase tr\u00eas meses, em agosto, ap\u00f3s a derrubada da Lei do C\u00e3o pelo Supremo Tribunal Federal (STF), voltarem a cruzar os bra\u00e7os. Eles cobram o cumprimento, pelo governo, de outros itens da pauta de reivindica\u00e7\u00f5es apresentada ao Pal\u00e1cio dos Le\u00f5es durante a paralisa\u00e7\u00e3o.<\/font><\/p>\n","protected":false},"excerpt":{"rendered":"<p>Funcion\u00e1rios p\u00fablicos exigem implanta\u00e7\u00e3o do sal\u00e1rio m\u00ednimo de R$ 380 Funcion\u00e1rios p\u00fablicos de todos os \u00f3rg\u00e3os vinculados ao Governo do [&hellip;]<\/p>\n","protected":false},"author":0,"featured_media":0,"comment_status":"open","ping_status":"open","sticky":false,"template":"","format":"standard","meta":{"site-sidebar-layout":"default","site-content-layout":"","ast-site-content-layout":"default","site-content-style":"default","site-sidebar-style":"default","ast-global-header-display":"","ast-banner-title-visibility":"","ast-main-header-display":"","ast-hfb-above-header-display":"","ast-hfb-below-header-display":"","ast-hfb-mobile-header-display":"","site-post-title":"","ast-breadcrumbs-content":"","ast-featured-img":"","footer-sml-layout":"","ast-disable-related-posts":"","theme-transparent-header-meta":"","adv-header-id-meta":"","stick-header-meta":"","header-above-stick-meta":"","header-main-stick-meta":"","header-below-stick-meta":"","astra-migrate-meta-layouts":"default","ast-page-background-enabled":"default","ast-page-background-meta":{"desktop":{"background-color":"var(--ast-global-color-5)","background-image":"","background-repeat":"repeat","background-position":"center center","background-size":"auto","background-attachment":"scroll","background-type":"","background-media":"","overlay-type":"","overlay-color":"","overlay-opacity":"","overlay-gradient":""},"tablet":{"background-color":"","background-image":"","background-repeat":"repeat","background-position":"center center","background-size":"auto","background-attachment":"scroll","background-type":"","background-media":"","overlay-type":"","overlay-color":"","overlay-opacity":"","overlay-gradient":""},"mobile":{"background-color":"","background-image":"","background-repeat":"repeat","background-position":"center center","background-size":"auto","background-attachment":"scroll","background-type":"","background-media":"","overlay-type":"","overlay-color":"","overlay-opacity":"","overlay-gradient":""}},"ast-content-background-meta":{"desktop":{"background-color":"var(--ast-global-color-4)","background-image":"","background-repeat":"repeat","background-position":"center center","background-size":"auto","background-attachment":"scroll","background-type":"","background-media":"","overlay-type":"","overlay-color":"","overlay-opacity":"","overlay-gradient":""},"tablet":{"background-color":"var(--ast-global-color-4)","background-image":"","background-repeat":"repeat","background-position":"center center","background-size":"auto","background-attachment":"scroll","background-type":"","background-media":"","overlay-type":"","overlay-color":"","overlay-opacity":"","overlay-gradient":""},"mobile":{"background-color":"var(--ast-global-color-4)","background-image":"","background-repeat":"repeat","background-position":"center center","background-size":"auto","background-attachment":"scroll","background-type":"","background-media":"","overlay-type":"","overlay-color":"","overlay-opacity":"","overlay-gradient":""}},"footnotes":""},"categories":[1],"tags":[],"class_list":["post-148","post","type-post","status-publish","format-standard","hentry","category-sem-categoria"],"yoast_head":"<!-- This site is optimized with the Yoast SEO plugin v26.6 - https:\/\/yoast.com\/wordpress\/plugins\/seo\/ -->\n<title>Servidores do Estado em greve geral dia 11 - Daniel Matos<\/title>\n<meta name=\"robots\" content=\"index, follow, max-snippet:-1, max-image-preview:large, max-video-preview:-1\" \/>\n<link rel=\"canonical\" href=\"https:\/\/www.blogsoestado.com\/danielmatos\/servidores-do-estado-em-greve-geral-dia-11\/\" \/>\n<meta property=\"og:locale\" content=\"pt_BR\" \/>\n<meta property=\"og:type\" content=\"article\" \/>\n<meta property=\"og:title\" content=\"Servidores do Estado em greve geral dia 11 - Daniel Matos\" \/>\n<meta property=\"og:description\" content=\"Funcion\u00e1rios p\u00fablicos exigem implanta\u00e7\u00e3o do sal\u00e1rio m\u00ednimo de R$ 380 Funcion\u00e1rios p\u00fablicos de todos os \u00f3rg\u00e3os vinculados ao Governo do [&hellip;]\" \/>\n<meta property=\"og:url\" content=\"https:\/\/www.blogsoestado.com\/danielmatos\/servidores-do-estado-em-greve-geral-dia-11\/\" \/>\n<meta property=\"og:site_name\" content=\"Daniel Matos\" \/>\n<meta property=\"article:published_time\" content=\"2007-10-03T15:36:14+00:00\" \/>\n<meta name=\"twitter:card\" content=\"summary_large_image\" \/>\n<meta name=\"twitter:label1\" content=\"Est. tempo de leitura\" \/>\n\t<meta name=\"twitter:data1\" content=\"1 minuto\" \/>\n<script type=\"application\/ld+json\" class=\"yoast-schema-graph\">{\"@context\":\"https:\/\/schema.org\",\"@graph\":[{\"@type\":\"WebPage\",\"@id\":\"https:\/\/www.blogsoestado.com\/danielmatos\/servidores-do-estado-em-greve-geral-dia-11\/\",\"url\":\"https:\/\/www.blogsoestado.com\/danielmatos\/servidores-do-estado-em-greve-geral-dia-11\/\",\"name\":\"Servidores do Estado em greve geral dia 11 - Daniel Matos\",\"isPartOf\":{\"@id\":\"https:\/\/www.blogsoestado.com\/danielmatos\/#website\"},\"datePublished\":\"2007-10-03T15:36:14+00:00\",\"author\":{\"@id\":\"\"},\"breadcrumb\":{\"@id\":\"https:\/\/www.blogsoestado.com\/danielmatos\/servidores-do-estado-em-greve-geral-dia-11\/#breadcrumb\"},\"inLanguage\":\"pt-BR\",\"potentialAction\":[{\"@type\":\"ReadAction\",\"target\":[\"https:\/\/www.blogsoestado.com\/danielmatos\/servidores-do-estado-em-greve-geral-dia-11\/\"]}]},{\"@type\":\"BreadcrumbList\",\"@id\":\"https:\/\/www.blogsoestado.com\/danielmatos\/servidores-do-estado-em-greve-geral-dia-11\/#breadcrumb\",\"itemListElement\":[{\"@type\":\"ListItem\",\"position\":1,\"name\":\"In\u00edcio\",\"item\":\"https:\/\/www.blogsoestado.com\/danielmatos\/\"},{\"@type\":\"ListItem\",\"position\":2,\"name\":\"Servidores do Estado em greve geral dia 11\"}]},{\"@type\":\"WebSite\",\"@id\":\"https:\/\/www.blogsoestado.com\/danielmatos\/#website\",\"url\":\"https:\/\/www.blogsoestado.com\/danielmatos\/\",\"name\":\"Daniel Matos\",\"description\":\"\",\"potentialAction\":[{\"@type\":\"SearchAction\",\"target\":{\"@type\":\"EntryPoint\",\"urlTemplate\":\"https:\/\/www.blogsoestado.com\/danielmatos\/?s={search_term_string}\"},\"query-input\":{\"@type\":\"PropertyValueSpecification\",\"valueRequired\":true,\"valueName\":\"search_term_string\"}}],\"inLanguage\":\"pt-BR\"}]}<\/script>\n<!-- \/ Yoast SEO plugin. -->","yoast_head_json":{"title":"Servidores do Estado em greve geral dia 11 - Daniel Matos","robots":{"index":"index","follow":"follow","max-snippet":"max-snippet:-1","max-image-preview":"max-image-preview:large","max-video-preview":"max-video-preview:-1"},"canonical":"https:\/\/www.blogsoestado.com\/danielmatos\/servidores-do-estado-em-greve-geral-dia-11\/","og_locale":"pt_BR","og_type":"article","og_title":"Servidores do Estado em greve geral dia 11 - Daniel Matos","og_description":"Funcion\u00e1rios p\u00fablicos exigem implanta\u00e7\u00e3o do sal\u00e1rio m\u00ednimo de R$ 380 Funcion\u00e1rios p\u00fablicos de todos os \u00f3rg\u00e3os vinculados ao Governo do [&hellip;]","og_url":"https:\/\/www.blogsoestado.com\/danielmatos\/servidores-do-estado-em-greve-geral-dia-11\/","og_site_name":"Daniel Matos","article_published_time":"2007-10-03T15:36:14+00:00","twitter_card":"summary_large_image","twitter_misc":{"Est. tempo de leitura":"1 minuto"},"schema":{"@context":"https:\/\/schema.org","@graph":[{"@type":"WebPage","@id":"https:\/\/www.blogsoestado.com\/danielmatos\/servidores-do-estado-em-greve-geral-dia-11\/","url":"https:\/\/www.blogsoestado.com\/danielmatos\/servidores-do-estado-em-greve-geral-dia-11\/","name":"Servidores do Estado em greve geral dia 11 - Daniel Matos","isPartOf":{"@id":"https:\/\/www.blogsoestado.com\/danielmatos\/#website"},"datePublished":"2007-10-03T15:36:14+00:00","author":{"@id":""},"breadcrumb":{"@id":"https:\/\/www.blogsoestado.com\/danielmatos\/servidores-do-estado-em-greve-geral-dia-11\/#breadcrumb"},"inLanguage":"pt-BR","potentialAction":[{"@type":"ReadAction","target":["https:\/\/www.blogsoestado.com\/danielmatos\/servidores-do-estado-em-greve-geral-dia-11\/"]}]},{"@type":"BreadcrumbList","@id":"https:\/\/www.blogsoestado.com\/danielmatos\/servidores-do-estado-em-greve-geral-dia-11\/#breadcrumb","itemListElement":[{"@type":"ListItem","position":1,"name":"In\u00edcio","item":"https:\/\/www.blogsoestado.com\/danielmatos\/"},{"@type":"ListItem","position":2,"name":"Servidores do Estado em greve geral dia 11"}]},{"@type":"WebSite","@id":"https:\/\/www.blogsoestado.com\/danielmatos\/#website","url":"https:\/\/www.blogsoestado.com\/danielmatos\/","name":"Daniel Matos","description":"","potentialAction":[{"@type":"SearchAction","target":{"@type":"EntryPoint","urlTemplate":"https:\/\/www.blogsoestado.com\/danielmatos\/?s={search_term_string}"},"query-input":{"@type":"PropertyValueSpecification","valueRequired":true,"valueName":"search_term_string"}}],"inLanguage":"pt-BR"}]}},"jetpack_featured_media_url":"","_links":{"self":[{"href":"https:\/\/www.blogsoestado.com\/danielmatos\/wp-json\/wp\/v2\/posts\/148","targetHints":{"allow":["GET"]}}],"collection":[{"href":"https:\/\/www.blogsoestado.com\/danielmatos\/wp-json\/wp\/v2\/posts"}],"about":[{"href":"https:\/\/www.blogsoestado.com\/danielmatos\/wp-json\/wp\/v2\/types\/post"}],"replies":[{"embeddable":true,"href":"https:\/\/www.blogsoestado.com\/danielmatos\/wp-json\/wp\/v2\/comments?post=148"}],"version-history":[{"count":0,"href":"https:\/\/www.blogsoestado.com\/danielmatos\/wp-json\/wp\/v2\/posts\/148\/revisions"}],"wp:attachment":[{"href":"https:\/\/www.blogsoestado.com\/danielmatos\/wp-json\/wp\/v2\/media?parent=148"}],"wp:term":[{"taxonomy":"category","embeddable":true,"href":"https:\/\/www.blogsoestado.com\/danielmatos\/wp-json\/wp\/v2\/categories?post=148"},{"taxonomy":"post_tag","embeddable":true,"href":"https:\/\/www.blogsoestado.com\/danielmatos\/wp-json\/wp\/v2\/tags?post=148"}],"curies":[{"name":"wp","href":"https:\/\/api.w.org\/{rel}","templated":true}]}}