{"id":148012,"date":"2025-09-04T00:08:59","date_gmt":"2025-09-04T03:08:59","guid":{"rendered":"https:\/\/www.blogsoestado.com\/danielmatos\/?p=148012"},"modified":"2025-09-04T00:09:02","modified_gmt":"2025-09-04T03:09:02","slug":"projeto-cultivar-esportes-chega-a-sao-luis-com-aulas-gratuitas-de-voleibol-e-judo-para-criancas-da-rede-publica","status":"publish","type":"post","link":"https:\/\/www.blogsoestado.com\/danielmatos\/projeto-cultivar-esportes-chega-a-sao-luis-com-aulas-gratuitas-de-voleibol-e-judo-para-criancas-da-rede-publica\/","title":{"rendered":"Projeto Cultivar Esportes chega a S\u00e3o Lu\u00eds com aulas gratuitas de voleibol e jud\u00f4 para crian\u00e7as da rede p\u00fablica"},"content":{"rendered":"\n<p><strong><mark style=\"color:#cf2e2e\" class=\"has-inline-color\">Iniciativa do Instituto Motiva, em parceria com o Aeroporto de S\u00e3o Lu\u00eds, vai atender 140 alunos da Vila Cascavel<\/mark><\/strong><\/p>\n\n\n\n<figure class=\"wp-block-image aligncenter size-large\"><img fetchpriority=\"high\" decoding=\"async\" width=\"1024\" height=\"768\" src=\"https:\/\/www.blogsoestado.com\/danielmatos\/wp-content\/uploads\/sites\/2\/2025\/09\/1003535235-1024x768.jpg\" alt=\"\" class=\"wp-image-148013\" srcset=\"https:\/\/www.blogsoestado.com\/danielmatos\/wp-content\/uploads\/sites\/2\/2025\/09\/1003535235-1024x768.jpg 1024w, https:\/\/www.blogsoestado.com\/danielmatos\/wp-content\/uploads\/sites\/2\/2025\/09\/1003535235-300x225.jpg 300w, https:\/\/www.blogsoestado.com\/danielmatos\/wp-content\/uploads\/sites\/2\/2025\/09\/1003535235-768x576.jpg 768w, https:\/\/www.blogsoestado.com\/danielmatos\/wp-content\/uploads\/sites\/2\/2025\/09\/1003535235-1536x1152.jpg 1536w, https:\/\/www.blogsoestado.com\/danielmatos\/wp-content\/uploads\/sites\/2\/2025\/09\/1003535235.jpg 1600w\" sizes=\"(max-width: 1024px) 100vw, 1024px\" \/><figcaption class=\"wp-element-caption\">O lan\u00e7amento contou com a presen\u00e7a de autoridades locais, representantes da concession\u00e1ria, fam\u00edlias, alunos e professores<\/figcaption><\/figure>\n\n\n\n<p>O esporte como ferramenta de inclus\u00e3o social e transforma\u00e7\u00e3o de vidas chegou \u00e0 Vila Cascavel. Foi lan\u00e7ado oficialmente nesta sexta-feira (29), na Unidade de Educa\u00e7\u00e3o B\u00e1sica Dom Jos\u00e9 de Medeiros Delgado, o Projeto Cultivar Esportes, que vai oferecer aulas gratuitas de voleibol e jud\u00f4 para 140 crian\u00e7as e adolescentes da comunidade, com idades entre 6 e 17 anos.<\/p>\n\n\n\n<p>A iniciativa \u00e9 promovida pelo Instituto Motiva, com apoio do Aeroporto de S\u00e3o Lu\u00eds e da ONG Instituto Mais A\u00e7\u00e3o, viabilizada por meio da Lei de Incentivo ao Esporte do Governo Federal. O objetivo \u00e9 incentivar h\u00e1bitos saud\u00e1veis, fortalecer valores como disciplina, respeito e esp\u00edrito de equipe, al\u00e9m de criar oportunidades para jovens em uma \u00e1rea considerada de vulnerabilidade social.<\/p>\n\n\n\n<p>As atividades ser\u00e3o realizadas duas vezes por semana, com turmas divididas entre voleibol e jud\u00f4. Cada participante recebeu uniforme completo \u2013 kimono e camisa para os judocas, e camisa, short e mei\u00e3o para os jogadores de v\u00f4lei \u2013 al\u00e9m de materiais adequados como tatames, bolas, redes e cones.<\/p>\n\n\n\n<p>O lan\u00e7amento contou com a presen\u00e7a de autoridades locais, representantes da concession\u00e1ria, fam\u00edlias, alunos e professores. O momento foi marcado pela entrega simb\u00f3lica dos uniformes, apresenta\u00e7\u00f5es de jud\u00f4 e integra\u00e7\u00e3o entre comunidade e escola.<\/p>\n\n\n\n<p>Para Marcelo Angelim, gerente do Aeroporto de S\u00e3o Lu\u00eds, o projeto representa um marco para a regi\u00e3o. \u201cMais do que esporte, o Cultivar Esportes traz inclus\u00e3o, disciplina e esperan\u00e7a para crian\u00e7as e fam\u00edlias. \u00c9 uma iniciativa que transforma realidades e refor\u00e7a o compromisso da Motiva em estar pr\u00f3xima da comunidade, contribuindo para o seu desenvolvimento social\u201d, destacou.<\/p>\n\n\n\n<p>A diretora da UEB Dom Jos\u00e9 de Medeiros Delgado, Lina Menezes, ressaltou a import\u00e2ncia da chegada do projeto em uma \u00e1rea de risco social. \u201cEssas crian\u00e7as agora t\u00eam a oportunidade de ocupar o tempo com algo que constr\u00f3i futuro. O esporte abre portas e afasta nossos alunos das situa\u00e7\u00f5es de vulnerabilidade que fazem parte do contexto da regi\u00e3o\u201d, afirmou.<\/p>\n\n\n\n<p>Para as fam\u00edlias, o in\u00edcio das aulas \u00e9 motivo de celebra\u00e7\u00e3o. Suzane de Ara\u00fajo, m\u00e3e do estudante Wallafy, de 13 anos, que integra a turma de jud\u00f4, contou que a mudan\u00e7a j\u00e1 \u00e9 percept\u00edvel. \u201cAntes, ele s\u00f3 ficava em casa, sem muita perspectiva. Agora, acorda animado para treinar. \u00c9 uma felicidade imensa ver meu filho fazendo parte de algo t\u00e3o importante\u201d, disse emocionada.<\/p>\n\n\n\n<figure class=\"wp-block-image aligncenter size-large\"><img decoding=\"async\" width=\"1024\" height=\"768\" src=\"https:\/\/www.blogsoestado.com\/danielmatos\/wp-content\/uploads\/sites\/2\/2025\/09\/1003535236-1024x768.jpg\" alt=\"\" class=\"wp-image-148014\" srcset=\"https:\/\/www.blogsoestado.com\/danielmatos\/wp-content\/uploads\/sites\/2\/2025\/09\/1003535236-1024x768.jpg 1024w, https:\/\/www.blogsoestado.com\/danielmatos\/wp-content\/uploads\/sites\/2\/2025\/09\/1003535236-300x225.jpg 300w, https:\/\/www.blogsoestado.com\/danielmatos\/wp-content\/uploads\/sites\/2\/2025\/09\/1003535236-768x576.jpg 768w, https:\/\/www.blogsoestado.com\/danielmatos\/wp-content\/uploads\/sites\/2\/2025\/09\/1003535236-1536x1152.jpg 1536w, https:\/\/www.blogsoestado.com\/danielmatos\/wp-content\/uploads\/sites\/2\/2025\/09\/1003535236.jpg 1600w\" sizes=\"(max-width: 1024px) 100vw, 1024px\" \/><figcaption class=\"wp-element-caption\">Com a chegada a S\u00e3o Lu\u00eds, o Cultivar Esportes alcan\u00e7a sua oitava edi\u00e7\u00e3o, estando presente em cidades onde a Motiva administra aeroportos<\/figcaption><\/figure>\n\n\n\n<p>O pr\u00f3prio Wallafy tamb\u00e9m fez quest\u00e3o de compartilhar sua empolga\u00e7\u00e3o. \u201cEstou muito feliz de estar no jud\u00f4. Quero aprender bastante e, quem sabe, no futuro, ser um atleta. \u00c9 um sonho que est\u00e1 come\u00e7ando agora\u201d, afirmou o jovem.<\/p>\n\n\n\n<p>No voleibol, a estudante Yasmin Gomes, de 15 anos, iniciou as aulas ao lado da m\u00e3e, Idaiane Pinheiro, que refor\u00e7ou a import\u00e2ncia da oportunidade. \u201cMinha filha sempre gostou de esporte, mas n\u00e3o t\u00ednhamos condi\u00e7\u00f5es de pagar uma escolinha. Aqui ela tem tudo de gra\u00e7a, com professores preparados e amigos que incentivam. \u00c9 um presente para n\u00f3s\u201d, destacou.<\/p>\n\n\n\n<p>Com a chegada a S\u00e3o Lu\u00eds, o Cultivar Esportes alcan\u00e7a sua oitava edi\u00e7\u00e3o, estando presente em cidades onde a Motiva administra aeroportos, como Petrolina (PE), Navegantes (SC), Pelotas (RS), Londrina (PR), Palmas (TO) e Teresina (PI).<\/p>\n\n\n\n<p><strong>Sobre o Aeroporto de S\u00e3o Lu\u00eds: <\/strong>Atende a capital maranhense com voos para os principais centros urbanos do pa\u00eds, sendo um elo essencial para o turismo e o desenvolvimento econ\u00f4mico do Maranh\u00e3o. Est\u00e1 sob administra\u00e7\u00e3o da Motiva desde mar\u00e7o de 2022.<\/p>\n\n\n\n<p><strong>Sobre a Motiva: <\/strong>Maior empresa de infraestrutura de mobilidade do Brasil, a Motiva atua nas plataformas de Rodovias, Trilhos e Aeroportos. S\u00e3o 39 ativos, em 13 estados brasileiros e mais de 16 mil colaboradores. A Companhia \u00e9 respons\u00e1vel pela gest\u00e3o e manuten\u00e7\u00e3o de 4.475 quil\u00f4metros de rodovias, realizando cerca de 3,6 mil atendimentos diariamente. Em sua plataforma de trilhos, por meio da gest\u00e3o de metr\u00f4s, trens e VLT, transporta anualmente 750 milh\u00f5es de passageiros. Em aeroportos, com 17 unidades no Brasil e tr\u00eas no exterior, atende aproximadamente 45 milh\u00f5es de clientes anualmente. Primeira empresa do Brasil a integrar o Novo Mercado, a Companhia est\u00e1 listada h\u00e1 14 anos no hall de sustentabilidade da B3.<\/p>\n","protected":false},"excerpt":{"rendered":"<p>Iniciativa do Instituto Motiva, em parceria com o Aeroporto de S\u00e3o Lu\u00eds, vai atender 140 alunos da Vila Cascavel O [&hellip;]<\/p>\n","protected":false},"author":2,"featured_media":0,"comment_status":"open","ping_status":"open","sticky":false,"template":"","format":"standard","meta":{"site-sidebar-layout":"default","site-content-layout":"","ast-site-content-layout":"default","site-content-style":"default","site-sidebar-style":"default","ast-global-header-display":"","ast-banner-title-visibility":"","ast-main-header-display":"","ast-hfb-above-header-display":"","ast-hfb-below-header-display":"","ast-hfb-mobile-header-display":"","site-post-title":"","ast-breadcrumbs-content":"","ast-featured-img":"","footer-sml-layout":"","ast-disable-related-posts":"","theme-transparent-header-meta":"","adv-header-id-meta":"","stick-header-meta":"","header-above-stick-meta":"","header-main-stick-meta":"","header-below-stick-meta":"","astra-migrate-meta-layouts":"default","ast-page-background-enabled":"default","ast-page-background-meta":{"desktop":{"background-color":"var(--ast-global-color-5)","background-image":"","background-repeat":"repeat","background-position":"center center","background-size":"auto","background-attachment":"scroll","background-type":"","background-media":"","overlay-type":"","overlay-color":"","overlay-opacity":"","overlay-gradient":""},"tablet":{"background-color":"","background-image":"","background-repeat":"repeat","background-position":"center center","background-size":"auto","background-attachment":"scroll","background-type":"","background-media":"","overlay-type":"","overlay-color":"","overlay-opacity":"","overlay-gradient":""},"mobile":{"background-color":"","background-image":"","background-repeat":"repeat","background-position":"center center","background-size":"auto","background-attachment":"scroll","background-type":"","background-media":"","overlay-type":"","overlay-color":"","overlay-opacity":"","overlay-gradient":""}},"ast-content-background-meta":{"desktop":{"background-color":"var(--ast-global-color-4)","background-image":"","background-repeat":"repeat","background-position":"center center","background-size":"auto","background-attachment":"scroll","background-type":"","background-media":"","overlay-type":"","overlay-color":"","overlay-opacity":"","overlay-gradient":""},"tablet":{"background-color":"var(--ast-global-color-4)","background-image":"","background-repeat":"repeat","background-position":"center center","background-size":"auto","background-attachment":"scroll","background-type":"","background-media":"","overlay-type":"","overlay-color":"","overlay-opacity":"","overlay-gradient":""},"mobile":{"background-color":"var(--ast-global-color-4)","background-image":"","background-repeat":"repeat","background-position":"center center","background-size":"auto","background-attachment":"scroll","background-type":"","background-media":"","overlay-type":"","overlay-color":"","overlay-opacity":"","overlay-gradient":""}},"footnotes":""},"categories":[1],"tags":[],"class_list":["post-148012","post","type-post","status-publish","format-standard","hentry","category-sem-categoria"],"yoast_head":"<!-- This site is optimized with the Yoast SEO plugin v26.6 - https:\/\/yoast.com\/wordpress\/plugins\/seo\/ -->\n<title>Projeto Cultivar Esportes chega a S\u00e3o Lu\u00eds com aulas gratuitas de voleibol e jud\u00f4 para crian\u00e7as da rede p\u00fablica - Daniel Matos<\/title>\n<meta name=\"robots\" content=\"index, follow, max-snippet:-1, max-image-preview:large, max-video-preview:-1\" \/>\n<link rel=\"canonical\" href=\"https:\/\/www.blogsoestado.com\/danielmatos\/projeto-cultivar-esportes-chega-a-sao-luis-com-aulas-gratuitas-de-voleibol-e-judo-para-criancas-da-rede-publica\/\" \/>\n<meta property=\"og:locale\" content=\"pt_BR\" \/>\n<meta property=\"og:type\" content=\"article\" \/>\n<meta property=\"og:title\" content=\"Projeto Cultivar Esportes chega a S\u00e3o Lu\u00eds com aulas gratuitas de voleibol e jud\u00f4 para crian\u00e7as da rede p\u00fablica - Daniel Matos\" \/>\n<meta property=\"og:description\" content=\"Iniciativa do Instituto Motiva, em parceria com o Aeroporto de S\u00e3o Lu\u00eds, vai atender 140 alunos da Vila Cascavel O [&hellip;]\" \/>\n<meta property=\"og:url\" content=\"https:\/\/www.blogsoestado.com\/danielmatos\/projeto-cultivar-esportes-chega-a-sao-luis-com-aulas-gratuitas-de-voleibol-e-judo-para-criancas-da-rede-publica\/\" \/>\n<meta property=\"og:site_name\" content=\"Daniel Matos\" \/>\n<meta property=\"article:published_time\" content=\"2025-09-04T03:08:59+00:00\" \/>\n<meta property=\"article:modified_time\" content=\"2025-09-04T03:09:02+00:00\" \/>\n<meta property=\"og:image\" content=\"https:\/\/www.blogsoestado.com\/danielmatos\/wp-content\/uploads\/sites\/2\/2025\/09\/1003535235.jpg\" \/>\n\t<meta property=\"og:image:width\" content=\"1600\" \/>\n\t<meta property=\"og:image:height\" content=\"1200\" \/>\n\t<meta property=\"og:image:type\" content=\"image\/jpeg\" \/>\n<meta name=\"author\" content=\"Daniel Matos\" \/>\n<meta name=\"twitter:card\" content=\"summary_large_image\" \/>\n<meta name=\"twitter:label1\" content=\"Escrito por\" \/>\n\t<meta name=\"twitter:data1\" content=\"Daniel Matos\" \/>\n\t<meta name=\"twitter:label2\" content=\"Est. tempo de leitura\" \/>\n\t<meta name=\"twitter:data2\" content=\"5 minutos\" \/>\n<script type=\"application\/ld+json\" class=\"yoast-schema-graph\">{\"@context\":\"https:\/\/schema.org\",\"@graph\":[{\"@type\":\"WebPage\",\"@id\":\"https:\/\/www.blogsoestado.com\/danielmatos\/projeto-cultivar-esportes-chega-a-sao-luis-com-aulas-gratuitas-de-voleibol-e-judo-para-criancas-da-rede-publica\/\",\"url\":\"https:\/\/www.blogsoestado.com\/danielmatos\/projeto-cultivar-esportes-chega-a-sao-luis-com-aulas-gratuitas-de-voleibol-e-judo-para-criancas-da-rede-publica\/\",\"name\":\"Projeto Cultivar Esportes chega a S\u00e3o Lu\u00eds com aulas gratuitas de voleibol e jud\u00f4 para crian\u00e7as da rede p\u00fablica - Daniel Matos\",\"isPartOf\":{\"@id\":\"https:\/\/www.blogsoestado.com\/danielmatos\/#website\"},\"primaryImageOfPage\":{\"@id\":\"https:\/\/www.blogsoestado.com\/danielmatos\/projeto-cultivar-esportes-chega-a-sao-luis-com-aulas-gratuitas-de-voleibol-e-judo-para-criancas-da-rede-publica\/#primaryimage\"},\"image\":{\"@id\":\"https:\/\/www.blogsoestado.com\/danielmatos\/projeto-cultivar-esportes-chega-a-sao-luis-com-aulas-gratuitas-de-voleibol-e-judo-para-criancas-da-rede-publica\/#primaryimage\"},\"thumbnailUrl\":\"https:\/\/www.blogsoestado.com\/danielmatos\/wp-content\/uploads\/sites\/2\/2025\/09\/1003535235-1024x768.jpg\",\"datePublished\":\"2025-09-04T03:08:59+00:00\",\"dateModified\":\"2025-09-04T03:09:02+00:00\",\"author\":{\"@id\":\"https:\/\/www.blogsoestado.com\/danielmatos\/#\/schema\/person\/9a209d407cd45631f131e1285b661bb0\"},\"breadcrumb\":{\"@id\":\"https:\/\/www.blogsoestado.com\/danielmatos\/projeto-cultivar-esportes-chega-a-sao-luis-com-aulas-gratuitas-de-voleibol-e-judo-para-criancas-da-rede-publica\/#breadcrumb\"},\"inLanguage\":\"pt-BR\",\"potentialAction\":[{\"@type\":\"ReadAction\",\"target\":[\"https:\/\/www.blogsoestado.com\/danielmatos\/projeto-cultivar-esportes-chega-a-sao-luis-com-aulas-gratuitas-de-voleibol-e-judo-para-criancas-da-rede-publica\/\"]}]},{\"@type\":\"ImageObject\",\"inLanguage\":\"pt-BR\",\"@id\":\"https:\/\/www.blogsoestado.com\/danielmatos\/projeto-cultivar-esportes-chega-a-sao-luis-com-aulas-gratuitas-de-voleibol-e-judo-para-criancas-da-rede-publica\/#primaryimage\",\"url\":\"https:\/\/www.blogsoestado.com\/danielmatos\/wp-content\/uploads\/sites\/2\/2025\/09\/1003535235.jpg\",\"contentUrl\":\"https:\/\/www.blogsoestado.com\/danielmatos\/wp-content\/uploads\/sites\/2\/2025\/09\/1003535235.jpg\",\"width\":1600,\"height\":1200},{\"@type\":\"BreadcrumbList\",\"@id\":\"https:\/\/www.blogsoestado.com\/danielmatos\/projeto-cultivar-esportes-chega-a-sao-luis-com-aulas-gratuitas-de-voleibol-e-judo-para-criancas-da-rede-publica\/#breadcrumb\",\"itemListElement\":[{\"@type\":\"ListItem\",\"position\":1,\"name\":\"In\u00edcio\",\"item\":\"https:\/\/www.blogsoestado.com\/danielmatos\/\"},{\"@type\":\"ListItem\",\"position\":2,\"name\":\"Projeto Cultivar Esportes chega a S\u00e3o Lu\u00eds com aulas gratuitas de voleibol e jud\u00f4 para crian\u00e7as da rede p\u00fablica\"}]},{\"@type\":\"WebSite\",\"@id\":\"https:\/\/www.blogsoestado.com\/danielmatos\/#website\",\"url\":\"https:\/\/www.blogsoestado.com\/danielmatos\/\",\"name\":\"Daniel Matos\",\"description\":\"\",\"potentialAction\":[{\"@type\":\"SearchAction\",\"target\":{\"@type\":\"EntryPoint\",\"urlTemplate\":\"https:\/\/www.blogsoestado.com\/danielmatos\/?s={search_term_string}\"},\"query-input\":{\"@type\":\"PropertyValueSpecification\",\"valueRequired\":true,\"valueName\":\"search_term_string\"}}],\"inLanguage\":\"pt-BR\"},{\"@type\":\"Person\",\"@id\":\"https:\/\/www.blogsoestado.com\/danielmatos\/#\/schema\/person\/9a209d407cd45631f131e1285b661bb0\",\"name\":\"Daniel Matos\",\"image\":{\"@type\":\"ImageObject\",\"inLanguage\":\"pt-BR\",\"@id\":\"https:\/\/www.blogsoestado.com\/danielmatos\/#\/schema\/person\/image\/\",\"url\":\"https:\/\/secure.gravatar.com\/avatar\/2f26c36ee355da19a257f0dfef43952a2588b324ca35d6719e859fe338ac0392?s=96&d=mm&r=g\",\"contentUrl\":\"https:\/\/secure.gravatar.com\/avatar\/2f26c36ee355da19a257f0dfef43952a2588b324ca35d6719e859fe338ac0392?s=96&d=mm&r=g\",\"caption\":\"Daniel Matos\"},\"url\":\"https:\/\/www.blogsoestado.com\/danielmatos\/author\/danielmatos\/\"}]}<\/script>\n<!-- \/ Yoast SEO plugin. -->","yoast_head_json":{"title":"Projeto Cultivar Esportes chega a S\u00e3o Lu\u00eds com aulas gratuitas de voleibol e jud\u00f4 para crian\u00e7as da rede p\u00fablica - Daniel Matos","robots":{"index":"index","follow":"follow","max-snippet":"max-snippet:-1","max-image-preview":"max-image-preview:large","max-video-preview":"max-video-preview:-1"},"canonical":"https:\/\/www.blogsoestado.com\/danielmatos\/projeto-cultivar-esportes-chega-a-sao-luis-com-aulas-gratuitas-de-voleibol-e-judo-para-criancas-da-rede-publica\/","og_locale":"pt_BR","og_type":"article","og_title":"Projeto Cultivar Esportes chega a S\u00e3o Lu\u00eds com aulas gratuitas de voleibol e jud\u00f4 para crian\u00e7as da rede p\u00fablica - Daniel Matos","og_description":"Iniciativa do Instituto Motiva, em parceria com o Aeroporto de S\u00e3o Lu\u00eds, vai atender 140 alunos da Vila Cascavel O [&hellip;]","og_url":"https:\/\/www.blogsoestado.com\/danielmatos\/projeto-cultivar-esportes-chega-a-sao-luis-com-aulas-gratuitas-de-voleibol-e-judo-para-criancas-da-rede-publica\/","og_site_name":"Daniel Matos","article_published_time":"2025-09-04T03:08:59+00:00","article_modified_time":"2025-09-04T03:09:02+00:00","og_image":[{"width":1600,"height":1200,"url":"https:\/\/www.blogsoestado.com\/danielmatos\/wp-content\/uploads\/sites\/2\/2025\/09\/1003535235.jpg","type":"image\/jpeg"}],"author":"Daniel Matos","twitter_card":"summary_large_image","twitter_misc":{"Escrito por":"Daniel Matos","Est. tempo de leitura":"5 minutos"},"schema":{"@context":"https:\/\/schema.org","@graph":[{"@type":"WebPage","@id":"https:\/\/www.blogsoestado.com\/danielmatos\/projeto-cultivar-esportes-chega-a-sao-luis-com-aulas-gratuitas-de-voleibol-e-judo-para-criancas-da-rede-publica\/","url":"https:\/\/www.blogsoestado.com\/danielmatos\/projeto-cultivar-esportes-chega-a-sao-luis-com-aulas-gratuitas-de-voleibol-e-judo-para-criancas-da-rede-publica\/","name":"Projeto Cultivar Esportes chega a S\u00e3o Lu\u00eds com aulas gratuitas de voleibol e jud\u00f4 para crian\u00e7as da rede p\u00fablica - Daniel Matos","isPartOf":{"@id":"https:\/\/www.blogsoestado.com\/danielmatos\/#website"},"primaryImageOfPage":{"@id":"https:\/\/www.blogsoestado.com\/danielmatos\/projeto-cultivar-esportes-chega-a-sao-luis-com-aulas-gratuitas-de-voleibol-e-judo-para-criancas-da-rede-publica\/#primaryimage"},"image":{"@id":"https:\/\/www.blogsoestado.com\/danielmatos\/projeto-cultivar-esportes-chega-a-sao-luis-com-aulas-gratuitas-de-voleibol-e-judo-para-criancas-da-rede-publica\/#primaryimage"},"thumbnailUrl":"https:\/\/www.blogsoestado.com\/danielmatos\/wp-content\/uploads\/sites\/2\/2025\/09\/1003535235-1024x768.jpg","datePublished":"2025-09-04T03:08:59+00:00","dateModified":"2025-09-04T03:09:02+00:00","author":{"@id":"https:\/\/www.blogsoestado.com\/danielmatos\/#\/schema\/person\/9a209d407cd45631f131e1285b661bb0"},"breadcrumb":{"@id":"https:\/\/www.blogsoestado.com\/danielmatos\/projeto-cultivar-esportes-chega-a-sao-luis-com-aulas-gratuitas-de-voleibol-e-judo-para-criancas-da-rede-publica\/#breadcrumb"},"inLanguage":"pt-BR","potentialAction":[{"@type":"ReadAction","target":["https:\/\/www.blogsoestado.com\/danielmatos\/projeto-cultivar-esportes-chega-a-sao-luis-com-aulas-gratuitas-de-voleibol-e-judo-para-criancas-da-rede-publica\/"]}]},{"@type":"ImageObject","inLanguage":"pt-BR","@id":"https:\/\/www.blogsoestado.com\/danielmatos\/projeto-cultivar-esportes-chega-a-sao-luis-com-aulas-gratuitas-de-voleibol-e-judo-para-criancas-da-rede-publica\/#primaryimage","url":"https:\/\/www.blogsoestado.com\/danielmatos\/wp-content\/uploads\/sites\/2\/2025\/09\/1003535235.jpg","contentUrl":"https:\/\/www.blogsoestado.com\/danielmatos\/wp-content\/uploads\/sites\/2\/2025\/09\/1003535235.jpg","width":1600,"height":1200},{"@type":"BreadcrumbList","@id":"https:\/\/www.blogsoestado.com\/danielmatos\/projeto-cultivar-esportes-chega-a-sao-luis-com-aulas-gratuitas-de-voleibol-e-judo-para-criancas-da-rede-publica\/#breadcrumb","itemListElement":[{"@type":"ListItem","position":1,"name":"In\u00edcio","item":"https:\/\/www.blogsoestado.com\/danielmatos\/"},{"@type":"ListItem","position":2,"name":"Projeto Cultivar Esportes chega a S\u00e3o Lu\u00eds com aulas gratuitas de voleibol e jud\u00f4 para crian\u00e7as da rede p\u00fablica"}]},{"@type":"WebSite","@id":"https:\/\/www.blogsoestado.com\/danielmatos\/#website","url":"https:\/\/www.blogsoestado.com\/danielmatos\/","name":"Daniel Matos","description":"","potentialAction":[{"@type":"SearchAction","target":{"@type":"EntryPoint","urlTemplate":"https:\/\/www.blogsoestado.com\/danielmatos\/?s={search_term_string}"},"query-input":{"@type":"PropertyValueSpecification","valueRequired":true,"valueName":"search_term_string"}}],"inLanguage":"pt-BR"},{"@type":"Person","@id":"https:\/\/www.blogsoestado.com\/danielmatos\/#\/schema\/person\/9a209d407cd45631f131e1285b661bb0","name":"Daniel Matos","image":{"@type":"ImageObject","inLanguage":"pt-BR","@id":"https:\/\/www.blogsoestado.com\/danielmatos\/#\/schema\/person\/image\/","url":"https:\/\/secure.gravatar.com\/avatar\/2f26c36ee355da19a257f0dfef43952a2588b324ca35d6719e859fe338ac0392?s=96&d=mm&r=g","contentUrl":"https:\/\/secure.gravatar.com\/avatar\/2f26c36ee355da19a257f0dfef43952a2588b324ca35d6719e859fe338ac0392?s=96&d=mm&r=g","caption":"Daniel Matos"},"url":"https:\/\/www.blogsoestado.com\/danielmatos\/author\/danielmatos\/"}]}},"jetpack_featured_media_url":"","_links":{"self":[{"href":"https:\/\/www.blogsoestado.com\/danielmatos\/wp-json\/wp\/v2\/posts\/148012","targetHints":{"allow":["GET"]}}],"collection":[{"href":"https:\/\/www.blogsoestado.com\/danielmatos\/wp-json\/wp\/v2\/posts"}],"about":[{"href":"https:\/\/www.blogsoestado.com\/danielmatos\/wp-json\/wp\/v2\/types\/post"}],"author":[{"embeddable":true,"href":"https:\/\/www.blogsoestado.com\/danielmatos\/wp-json\/wp\/v2\/users\/2"}],"replies":[{"embeddable":true,"href":"https:\/\/www.blogsoestado.com\/danielmatos\/wp-json\/wp\/v2\/comments?post=148012"}],"version-history":[{"count":1,"href":"https:\/\/www.blogsoestado.com\/danielmatos\/wp-json\/wp\/v2\/posts\/148012\/revisions"}],"predecessor-version":[{"id":148015,"href":"https:\/\/www.blogsoestado.com\/danielmatos\/wp-json\/wp\/v2\/posts\/148012\/revisions\/148015"}],"wp:attachment":[{"href":"https:\/\/www.blogsoestado.com\/danielmatos\/wp-json\/wp\/v2\/media?parent=148012"}],"wp:term":[{"taxonomy":"category","embeddable":true,"href":"https:\/\/www.blogsoestado.com\/danielmatos\/wp-json\/wp\/v2\/categories?post=148012"},{"taxonomy":"post_tag","embeddable":true,"href":"https:\/\/www.blogsoestado.com\/danielmatos\/wp-json\/wp\/v2\/tags?post=148012"}],"curies":[{"name":"wp","href":"https:\/\/api.w.org\/{rel}","templated":true}]}}