{"id":148016,"date":"2025-09-04T01:03:48","date_gmt":"2025-09-04T04:03:48","guid":{"rendered":"https:\/\/www.blogsoestado.com\/danielmatos\/?p=148016"},"modified":"2025-09-04T01:03:51","modified_gmt":"2025-09-04T04:03:51","slug":"expedicao-repteis-2025-voce-topa-uma-viagem-pelo-mundo-desses-animais","status":"publish","type":"post","link":"https:\/\/www.blogsoestado.com\/danielmatos\/expedicao-repteis-2025-voce-topa-uma-viagem-pelo-mundo-desses-animais\/","title":{"rendered":"Expedi\u00e7\u00e3o R\u00e9pteis 2025: voc\u00ea topa uma viagem pelo mundo desses animais?"},"content":{"rendered":"\n<figure class=\"wp-block-image aligncenter size-large\"><img fetchpriority=\"high\" decoding=\"async\" width=\"1024\" height=\"682\" src=\"https:\/\/www.blogsoestado.com\/danielmatos\/wp-content\/uploads\/sites\/2\/2025\/09\/1003535328-1024x682.jpg\" alt=\"\" class=\"wp-image-148017\" srcset=\"https:\/\/www.blogsoestado.com\/danielmatos\/wp-content\/uploads\/sites\/2\/2025\/09\/1003535328-1024x682.jpg 1024w, https:\/\/www.blogsoestado.com\/danielmatos\/wp-content\/uploads\/sites\/2\/2025\/09\/1003535328-300x200.jpg 300w, https:\/\/www.blogsoestado.com\/danielmatos\/wp-content\/uploads\/sites\/2\/2025\/09\/1003535328-768x512.jpg 768w, https:\/\/www.blogsoestado.com\/danielmatos\/wp-content\/uploads\/sites\/2\/2025\/09\/1003535328.jpg 1280w\" sizes=\"(max-width: 1024px) 100vw, 1024px\" \/><figcaption class=\"wp-element-caption\">Camale\u00e3o \u00e9 um das esp\u00e9cies da fauna que poder\u00e3o ser contemplados na exposi\u00e7\u00e3o itinerante &#8220;Expedi\u00e7\u00f5es R\u00e9pteis 2025&#8221;<\/figcaption><\/figure>\n\n\n\n<p>Jabutis, camale\u00f5es e jiboias\u2026 o que eles t\u00eam em comum? Com sua diversidade impressionante e adapta\u00e7\u00f5es para sobreviver em ambientes in\u00f3spitos, os r\u00e9pteis despertam a curiosidade e o fasc\u00ednio das pessoas por todo o mundo. Ent\u00e3o, que tal conhecer mais sobre o universo desses animais? Do dia 6 de setembro a 26 de outubro, o Piso L2 do Rio Anil Shopping se transformar\u00e1 em um portal para o mundo dos r\u00e9pteis com a chegada da exposi\u00e7\u00e3o itinerante &#8220;Expedi\u00e7\u00e3o R\u00e9pteis 2025&#8221;.\u00a0<\/p>\n\n\n\n<p>A exposi\u00e7\u00e3o j\u00e1 passou por diversas cidades brasileiras e, agora, desembarca em S\u00e3o Lu\u00eds. A proposta \u00e9 uma imers\u00e3o completa no universo dessas esp\u00e9cies, incluindo serpentes, lagartos e quel\u00f4nios, em um ambiente cuidadosamente preparado para despertar a curiosidade, mexer com o fasc\u00ednio das pessoas e trazer muita informa\u00e7\u00e3o.&nbsp;<\/p>\n\n\n\n<figure class=\"wp-block-image aligncenter size-large\"><img decoding=\"async\" width=\"776\" height=\"1024\" src=\"https:\/\/www.blogsoestado.com\/danielmatos\/wp-content\/uploads\/sites\/2\/2025\/09\/1003535334-776x1024.png\" alt=\"\" class=\"wp-image-148018\" srcset=\"https:\/\/www.blogsoestado.com\/danielmatos\/wp-content\/uploads\/sites\/2\/2025\/09\/1003535334-776x1024.png 776w, https:\/\/www.blogsoestado.com\/danielmatos\/wp-content\/uploads\/sites\/2\/2025\/09\/1003535334-227x300.png 227w, https:\/\/www.blogsoestado.com\/danielmatos\/wp-content\/uploads\/sites\/2\/2025\/09\/1003535334-768x1013.png 768w, https:\/\/www.blogsoestado.com\/danielmatos\/wp-content\/uploads\/sites\/2\/2025\/09\/1003535334.png 1080w\" sizes=\"(max-width: 776px) 100vw, 776px\" \/><figcaption class=\"wp-element-caption\">Cobras de diferentes esp\u00e9cies tamb\u00e9m atrair\u00e3o a aten\u00e7\u00e3o do p\u00fablico no Rio Anil Shopping<\/figcaption><\/figure>\n\n\n\n<p>A mostra vai contar com o acompanhamento de monitores especializados, prontos para compartilhar tudo sobre os h\u00e1bitos alimentares e o papel ecol\u00f3gico de cada esp\u00e9cie. \u201cA ideia \u00e9 ir al\u00e9m da simples observa\u00e7\u00e3o, promovendo a conscientiza\u00e7\u00e3o ambiental e desmistificando muitos mitos sobre esses animais. Estamos orgulhosos em trazer essa atra\u00e7\u00e3o e contribuir com a preserva\u00e7\u00e3o e o conhecimento. Al\u00e9m disso, voc\u00ea poder\u00e1 registrar esses momentos especiais com fotos e at\u00e9 interagir com algumas das atra\u00e7\u00f5es sob supervis\u00e3o e com todo o cuidado necess\u00e1rio\u201d, conta o gerente de Marketing do shopping, Paulo Magalh\u00e3es.\u00a0<\/p>\n\n\n\n<p><strong>PRESERVA\u00c7\u00c3O DAS ESP\u00c9CIES<\/strong><\/p>\n\n\n\n<p>Toda a renda arrecadada na Expedi\u00e7\u00e3o R\u00e9pteis 2025, ser\u00e1 destinada ao Santu\u00e1rio R\u00e9pteis e Companhia, em Juazeiro do Norte (CE), que realiza um trabalho important\u00edssimo de resgate, tratamento e manuten\u00e7\u00e3o de animais v\u00edtimas de maus-tratos ou que n\u00e3o podem mais voltar \u00e0 natureza.<\/p>\n\n\n\n<figure class=\"wp-block-image aligncenter size-large\"><img decoding=\"async\" width=\"774\" height=\"1024\" src=\"https:\/\/www.blogsoestado.com\/danielmatos\/wp-content\/uploads\/sites\/2\/2025\/09\/1003535333-774x1024.png\" alt=\"\" class=\"wp-image-148019\" srcset=\"https:\/\/www.blogsoestado.com\/danielmatos\/wp-content\/uploads\/sites\/2\/2025\/09\/1003535333-774x1024.png 774w, https:\/\/www.blogsoestado.com\/danielmatos\/wp-content\/uploads\/sites\/2\/2025\/09\/1003535333-227x300.png 227w, https:\/\/www.blogsoestado.com\/danielmatos\/wp-content\/uploads\/sites\/2\/2025\/09\/1003535333-768x1015.png 768w, https:\/\/www.blogsoestado.com\/danielmatos\/wp-content\/uploads\/sites\/2\/2025\/09\/1003535333.png 1080w\" sizes=\"(max-width: 774px) 100vw, 774px\" \/><figcaption class=\"wp-element-caption\">Esp\u00e9cime ex\u00f3tica de serpente estar\u00e1 dispon\u00edvel para observa\u00e7\u00e3o, com acompanhamento de monitores <\/figcaption><\/figure>\n\n\n\n<p>Os ingressos para a exposi\u00e7\u00e3o v\u00e3o custar 40 reais, com valores promocionais e meia-entrada dispon\u00edveis. E, para garantir que todos possam participar dessa aventura super educativa e divertida, PCD\u2019s, pessoas com TEA e seus acompanhantes ter\u00e3o direito a meia entrada, apresentando documento comprobat\u00f3rio, al\u00e9m de gratuidade para crian\u00e7as com s\u00edndrome de Down, conforme a Lei n\u00ba 11.712\/2022.&nbsp;<\/p>\n","protected":false},"excerpt":{"rendered":"<p>Jabutis, camale\u00f5es e jiboias\u2026 o que eles t\u00eam em comum? Com sua diversidade impressionante e adapta\u00e7\u00f5es para sobreviver em ambientes [&hellip;]<\/p>\n","protected":false},"author":2,"featured_media":0,"comment_status":"open","ping_status":"open","sticky":false,"template":"","format":"standard","meta":{"site-sidebar-layout":"default","site-content-layout":"","ast-site-content-layout":"default","site-content-style":"default","site-sidebar-style":"default","ast-global-header-display":"","ast-banner-title-visibility":"","ast-main-header-display":"","ast-hfb-above-header-display":"","ast-hfb-below-header-display":"","ast-hfb-mobile-header-display":"","site-post-title":"","ast-breadcrumbs-content":"","ast-featured-img":"","footer-sml-layout":"","ast-disable-related-posts":"","theme-transparent-header-meta":"","adv-header-id-meta":"","stick-header-meta":"","header-above-stick-meta":"","header-main-stick-meta":"","header-below-stick-meta":"","astra-migrate-meta-layouts":"default","ast-page-background-enabled":"default","ast-page-background-meta":{"desktop":{"background-color":"var(--ast-global-color-5)","background-image":"","background-repeat":"repeat","background-position":"center center","background-size":"auto","background-attachment":"scroll","background-type":"","background-media":"","overlay-type":"","overlay-color":"","overlay-opacity":"","overlay-gradient":""},"tablet":{"background-color":"","background-image":"","background-repeat":"repeat","background-position":"center center","background-size":"auto","background-attachment":"scroll","background-type":"","background-media":"","overlay-type":"","overlay-color":"","overlay-opacity":"","overlay-gradient":""},"mobile":{"background-color":"","background-image":"","background-repeat":"repeat","background-position":"center center","background-size":"auto","background-attachment":"scroll","background-type":"","background-media":"","overlay-type":"","overlay-color":"","overlay-opacity":"","overlay-gradient":""}},"ast-content-background-meta":{"desktop":{"background-color":"var(--ast-global-color-4)","background-image":"","background-repeat":"repeat","background-position":"center center","background-size":"auto","background-attachment":"scroll","background-type":"","background-media":"","overlay-type":"","overlay-color":"","overlay-opacity":"","overlay-gradient":""},"tablet":{"background-color":"var(--ast-global-color-4)","background-image":"","background-repeat":"repeat","background-position":"center center","background-size":"auto","background-attachment":"scroll","background-type":"","background-media":"","overlay-type":"","overlay-color":"","overlay-opacity":"","overlay-gradient":""},"mobile":{"background-color":"var(--ast-global-color-4)","background-image":"","background-repeat":"repeat","background-position":"center center","background-size":"auto","background-attachment":"scroll","background-type":"","background-media":"","overlay-type":"","overlay-color":"","overlay-opacity":"","overlay-gradient":""}},"footnotes":""},"categories":[1],"tags":[],"class_list":["post-148016","post","type-post","status-publish","format-standard","hentry","category-sem-categoria"],"yoast_head":"<!-- This site is optimized with the Yoast SEO plugin v26.6 - https:\/\/yoast.com\/wordpress\/plugins\/seo\/ -->\n<title>Expedi\u00e7\u00e3o R\u00e9pteis 2025: voc\u00ea topa uma viagem pelo mundo desses animais? - Daniel Matos<\/title>\n<meta name=\"robots\" content=\"index, follow, max-snippet:-1, max-image-preview:large, max-video-preview:-1\" \/>\n<link rel=\"canonical\" href=\"https:\/\/www.blogsoestado.com\/danielmatos\/expedicao-repteis-2025-voce-topa-uma-viagem-pelo-mundo-desses-animais\/\" \/>\n<meta property=\"og:locale\" content=\"pt_BR\" \/>\n<meta property=\"og:type\" content=\"article\" \/>\n<meta property=\"og:title\" content=\"Expedi\u00e7\u00e3o R\u00e9pteis 2025: voc\u00ea topa uma viagem pelo mundo desses animais? - Daniel Matos\" \/>\n<meta property=\"og:description\" content=\"Jabutis, camale\u00f5es e jiboias\u2026 o que eles t\u00eam em comum? Com sua diversidade impressionante e adapta\u00e7\u00f5es para sobreviver em ambientes [&hellip;]\" \/>\n<meta property=\"og:url\" content=\"https:\/\/www.blogsoestado.com\/danielmatos\/expedicao-repteis-2025-voce-topa-uma-viagem-pelo-mundo-desses-animais\/\" \/>\n<meta property=\"og:site_name\" content=\"Daniel Matos\" \/>\n<meta property=\"article:published_time\" content=\"2025-09-04T04:03:48+00:00\" \/>\n<meta property=\"article:modified_time\" content=\"2025-09-04T04:03:51+00:00\" \/>\n<meta property=\"og:image\" content=\"https:\/\/www.blogsoestado.com\/danielmatos\/wp-content\/uploads\/sites\/2\/2025\/09\/1003535328.jpg\" \/>\n\t<meta property=\"og:image:width\" content=\"1280\" \/>\n\t<meta property=\"og:image:height\" content=\"853\" \/>\n\t<meta property=\"og:image:type\" content=\"image\/jpeg\" \/>\n<meta name=\"author\" content=\"Daniel Matos\" \/>\n<meta name=\"twitter:card\" content=\"summary_large_image\" \/>\n<meta name=\"twitter:label1\" content=\"Escrito por\" \/>\n\t<meta name=\"twitter:data1\" content=\"Daniel Matos\" \/>\n\t<meta name=\"twitter:label2\" content=\"Est. tempo de leitura\" \/>\n\t<meta name=\"twitter:data2\" content=\"3 minutos\" \/>\n<script type=\"application\/ld+json\" class=\"yoast-schema-graph\">{\"@context\":\"https:\/\/schema.org\",\"@graph\":[{\"@type\":\"WebPage\",\"@id\":\"https:\/\/www.blogsoestado.com\/danielmatos\/expedicao-repteis-2025-voce-topa-uma-viagem-pelo-mundo-desses-animais\/\",\"url\":\"https:\/\/www.blogsoestado.com\/danielmatos\/expedicao-repteis-2025-voce-topa-uma-viagem-pelo-mundo-desses-animais\/\",\"name\":\"Expedi\u00e7\u00e3o R\u00e9pteis 2025: voc\u00ea topa uma viagem pelo mundo desses animais? - Daniel Matos\",\"isPartOf\":{\"@id\":\"https:\/\/www.blogsoestado.com\/danielmatos\/#website\"},\"primaryImageOfPage\":{\"@id\":\"https:\/\/www.blogsoestado.com\/danielmatos\/expedicao-repteis-2025-voce-topa-uma-viagem-pelo-mundo-desses-animais\/#primaryimage\"},\"image\":{\"@id\":\"https:\/\/www.blogsoestado.com\/danielmatos\/expedicao-repteis-2025-voce-topa-uma-viagem-pelo-mundo-desses-animais\/#primaryimage\"},\"thumbnailUrl\":\"https:\/\/www.blogsoestado.com\/danielmatos\/wp-content\/uploads\/sites\/2\/2025\/09\/1003535328-1024x682.jpg\",\"datePublished\":\"2025-09-04T04:03:48+00:00\",\"dateModified\":\"2025-09-04T04:03:51+00:00\",\"author\":{\"@id\":\"https:\/\/www.blogsoestado.com\/danielmatos\/#\/schema\/person\/9a209d407cd45631f131e1285b661bb0\"},\"breadcrumb\":{\"@id\":\"https:\/\/www.blogsoestado.com\/danielmatos\/expedicao-repteis-2025-voce-topa-uma-viagem-pelo-mundo-desses-animais\/#breadcrumb\"},\"inLanguage\":\"pt-BR\",\"potentialAction\":[{\"@type\":\"ReadAction\",\"target\":[\"https:\/\/www.blogsoestado.com\/danielmatos\/expedicao-repteis-2025-voce-topa-uma-viagem-pelo-mundo-desses-animais\/\"]}]},{\"@type\":\"ImageObject\",\"inLanguage\":\"pt-BR\",\"@id\":\"https:\/\/www.blogsoestado.com\/danielmatos\/expedicao-repteis-2025-voce-topa-uma-viagem-pelo-mundo-desses-animais\/#primaryimage\",\"url\":\"https:\/\/www.blogsoestado.com\/danielmatos\/wp-content\/uploads\/sites\/2\/2025\/09\/1003535328.jpg\",\"contentUrl\":\"https:\/\/www.blogsoestado.com\/danielmatos\/wp-content\/uploads\/sites\/2\/2025\/09\/1003535328.jpg\",\"width\":1280,\"height\":853},{\"@type\":\"BreadcrumbList\",\"@id\":\"https:\/\/www.blogsoestado.com\/danielmatos\/expedicao-repteis-2025-voce-topa-uma-viagem-pelo-mundo-desses-animais\/#breadcrumb\",\"itemListElement\":[{\"@type\":\"ListItem\",\"position\":1,\"name\":\"In\u00edcio\",\"item\":\"https:\/\/www.blogsoestado.com\/danielmatos\/\"},{\"@type\":\"ListItem\",\"position\":2,\"name\":\"Expedi\u00e7\u00e3o R\u00e9pteis 2025: voc\u00ea topa uma viagem pelo mundo desses animais?\"}]},{\"@type\":\"WebSite\",\"@id\":\"https:\/\/www.blogsoestado.com\/danielmatos\/#website\",\"url\":\"https:\/\/www.blogsoestado.com\/danielmatos\/\",\"name\":\"Daniel Matos\",\"description\":\"\",\"potentialAction\":[{\"@type\":\"SearchAction\",\"target\":{\"@type\":\"EntryPoint\",\"urlTemplate\":\"https:\/\/www.blogsoestado.com\/danielmatos\/?s={search_term_string}\"},\"query-input\":{\"@type\":\"PropertyValueSpecification\",\"valueRequired\":true,\"valueName\":\"search_term_string\"}}],\"inLanguage\":\"pt-BR\"},{\"@type\":\"Person\",\"@id\":\"https:\/\/www.blogsoestado.com\/danielmatos\/#\/schema\/person\/9a209d407cd45631f131e1285b661bb0\",\"name\":\"Daniel Matos\",\"image\":{\"@type\":\"ImageObject\",\"inLanguage\":\"pt-BR\",\"@id\":\"https:\/\/www.blogsoestado.com\/danielmatos\/#\/schema\/person\/image\/\",\"url\":\"https:\/\/secure.gravatar.com\/avatar\/2f26c36ee355da19a257f0dfef43952a2588b324ca35d6719e859fe338ac0392?s=96&d=mm&r=g\",\"contentUrl\":\"https:\/\/secure.gravatar.com\/avatar\/2f26c36ee355da19a257f0dfef43952a2588b324ca35d6719e859fe338ac0392?s=96&d=mm&r=g\",\"caption\":\"Daniel Matos\"},\"url\":\"https:\/\/www.blogsoestado.com\/danielmatos\/author\/danielmatos\/\"}]}<\/script>\n<!-- \/ Yoast SEO plugin. -->","yoast_head_json":{"title":"Expedi\u00e7\u00e3o R\u00e9pteis 2025: voc\u00ea topa uma viagem pelo mundo desses animais? - Daniel Matos","robots":{"index":"index","follow":"follow","max-snippet":"max-snippet:-1","max-image-preview":"max-image-preview:large","max-video-preview":"max-video-preview:-1"},"canonical":"https:\/\/www.blogsoestado.com\/danielmatos\/expedicao-repteis-2025-voce-topa-uma-viagem-pelo-mundo-desses-animais\/","og_locale":"pt_BR","og_type":"article","og_title":"Expedi\u00e7\u00e3o R\u00e9pteis 2025: voc\u00ea topa uma viagem pelo mundo desses animais? - Daniel Matos","og_description":"Jabutis, camale\u00f5es e jiboias\u2026 o que eles t\u00eam em comum? Com sua diversidade impressionante e adapta\u00e7\u00f5es para sobreviver em ambientes [&hellip;]","og_url":"https:\/\/www.blogsoestado.com\/danielmatos\/expedicao-repteis-2025-voce-topa-uma-viagem-pelo-mundo-desses-animais\/","og_site_name":"Daniel Matos","article_published_time":"2025-09-04T04:03:48+00:00","article_modified_time":"2025-09-04T04:03:51+00:00","og_image":[{"width":1280,"height":853,"url":"https:\/\/www.blogsoestado.com\/danielmatos\/wp-content\/uploads\/sites\/2\/2025\/09\/1003535328.jpg","type":"image\/jpeg"}],"author":"Daniel Matos","twitter_card":"summary_large_image","twitter_misc":{"Escrito por":"Daniel Matos","Est. tempo de leitura":"3 minutos"},"schema":{"@context":"https:\/\/schema.org","@graph":[{"@type":"WebPage","@id":"https:\/\/www.blogsoestado.com\/danielmatos\/expedicao-repteis-2025-voce-topa-uma-viagem-pelo-mundo-desses-animais\/","url":"https:\/\/www.blogsoestado.com\/danielmatos\/expedicao-repteis-2025-voce-topa-uma-viagem-pelo-mundo-desses-animais\/","name":"Expedi\u00e7\u00e3o R\u00e9pteis 2025: voc\u00ea topa uma viagem pelo mundo desses animais? - Daniel Matos","isPartOf":{"@id":"https:\/\/www.blogsoestado.com\/danielmatos\/#website"},"primaryImageOfPage":{"@id":"https:\/\/www.blogsoestado.com\/danielmatos\/expedicao-repteis-2025-voce-topa-uma-viagem-pelo-mundo-desses-animais\/#primaryimage"},"image":{"@id":"https:\/\/www.blogsoestado.com\/danielmatos\/expedicao-repteis-2025-voce-topa-uma-viagem-pelo-mundo-desses-animais\/#primaryimage"},"thumbnailUrl":"https:\/\/www.blogsoestado.com\/danielmatos\/wp-content\/uploads\/sites\/2\/2025\/09\/1003535328-1024x682.jpg","datePublished":"2025-09-04T04:03:48+00:00","dateModified":"2025-09-04T04:03:51+00:00","author":{"@id":"https:\/\/www.blogsoestado.com\/danielmatos\/#\/schema\/person\/9a209d407cd45631f131e1285b661bb0"},"breadcrumb":{"@id":"https:\/\/www.blogsoestado.com\/danielmatos\/expedicao-repteis-2025-voce-topa-uma-viagem-pelo-mundo-desses-animais\/#breadcrumb"},"inLanguage":"pt-BR","potentialAction":[{"@type":"ReadAction","target":["https:\/\/www.blogsoestado.com\/danielmatos\/expedicao-repteis-2025-voce-topa-uma-viagem-pelo-mundo-desses-animais\/"]}]},{"@type":"ImageObject","inLanguage":"pt-BR","@id":"https:\/\/www.blogsoestado.com\/danielmatos\/expedicao-repteis-2025-voce-topa-uma-viagem-pelo-mundo-desses-animais\/#primaryimage","url":"https:\/\/www.blogsoestado.com\/danielmatos\/wp-content\/uploads\/sites\/2\/2025\/09\/1003535328.jpg","contentUrl":"https:\/\/www.blogsoestado.com\/danielmatos\/wp-content\/uploads\/sites\/2\/2025\/09\/1003535328.jpg","width":1280,"height":853},{"@type":"BreadcrumbList","@id":"https:\/\/www.blogsoestado.com\/danielmatos\/expedicao-repteis-2025-voce-topa-uma-viagem-pelo-mundo-desses-animais\/#breadcrumb","itemListElement":[{"@type":"ListItem","position":1,"name":"In\u00edcio","item":"https:\/\/www.blogsoestado.com\/danielmatos\/"},{"@type":"ListItem","position":2,"name":"Expedi\u00e7\u00e3o R\u00e9pteis 2025: voc\u00ea topa uma viagem pelo mundo desses animais?"}]},{"@type":"WebSite","@id":"https:\/\/www.blogsoestado.com\/danielmatos\/#website","url":"https:\/\/www.blogsoestado.com\/danielmatos\/","name":"Daniel Matos","description":"","potentialAction":[{"@type":"SearchAction","target":{"@type":"EntryPoint","urlTemplate":"https:\/\/www.blogsoestado.com\/danielmatos\/?s={search_term_string}"},"query-input":{"@type":"PropertyValueSpecification","valueRequired":true,"valueName":"search_term_string"}}],"inLanguage":"pt-BR"},{"@type":"Person","@id":"https:\/\/www.blogsoestado.com\/danielmatos\/#\/schema\/person\/9a209d407cd45631f131e1285b661bb0","name":"Daniel Matos","image":{"@type":"ImageObject","inLanguage":"pt-BR","@id":"https:\/\/www.blogsoestado.com\/danielmatos\/#\/schema\/person\/image\/","url":"https:\/\/secure.gravatar.com\/avatar\/2f26c36ee355da19a257f0dfef43952a2588b324ca35d6719e859fe338ac0392?s=96&d=mm&r=g","contentUrl":"https:\/\/secure.gravatar.com\/avatar\/2f26c36ee355da19a257f0dfef43952a2588b324ca35d6719e859fe338ac0392?s=96&d=mm&r=g","caption":"Daniel Matos"},"url":"https:\/\/www.blogsoestado.com\/danielmatos\/author\/danielmatos\/"}]}},"jetpack_featured_media_url":"","_links":{"self":[{"href":"https:\/\/www.blogsoestado.com\/danielmatos\/wp-json\/wp\/v2\/posts\/148016","targetHints":{"allow":["GET"]}}],"collection":[{"href":"https:\/\/www.blogsoestado.com\/danielmatos\/wp-json\/wp\/v2\/posts"}],"about":[{"href":"https:\/\/www.blogsoestado.com\/danielmatos\/wp-json\/wp\/v2\/types\/post"}],"author":[{"embeddable":true,"href":"https:\/\/www.blogsoestado.com\/danielmatos\/wp-json\/wp\/v2\/users\/2"}],"replies":[{"embeddable":true,"href":"https:\/\/www.blogsoestado.com\/danielmatos\/wp-json\/wp\/v2\/comments?post=148016"}],"version-history":[{"count":1,"href":"https:\/\/www.blogsoestado.com\/danielmatos\/wp-json\/wp\/v2\/posts\/148016\/revisions"}],"predecessor-version":[{"id":148020,"href":"https:\/\/www.blogsoestado.com\/danielmatos\/wp-json\/wp\/v2\/posts\/148016\/revisions\/148020"}],"wp:attachment":[{"href":"https:\/\/www.blogsoestado.com\/danielmatos\/wp-json\/wp\/v2\/media?parent=148016"}],"wp:term":[{"taxonomy":"category","embeddable":true,"href":"https:\/\/www.blogsoestado.com\/danielmatos\/wp-json\/wp\/v2\/categories?post=148016"},{"taxonomy":"post_tag","embeddable":true,"href":"https:\/\/www.blogsoestado.com\/danielmatos\/wp-json\/wp\/v2\/tags?post=148016"}],"curies":[{"name":"wp","href":"https:\/\/api.w.org\/{rel}","templated":true}]}}