{"id":148021,"date":"2025-09-04T07:50:01","date_gmt":"2025-09-04T10:50:01","guid":{"rendered":"https:\/\/www.blogsoestado.com\/danielmatos\/?p=148021"},"modified":"2025-09-04T07:50:05","modified_gmt":"2025-09-04T10:50:05","slug":"aniversario-de-sao-luis-equatorial-maranhao-informa-sobre-o-funcionamento-das-agencias-de-atendimento-e-postos-de-coleta-do-e-reciclagem-na-segunda-feira-8","status":"publish","type":"post","link":"https:\/\/www.blogsoestado.com\/danielmatos\/aniversario-de-sao-luis-equatorial-maranhao-informa-sobre-o-funcionamento-das-agencias-de-atendimento-e-postos-de-coleta-do-e-reciclagem-na-segunda-feira-8\/","title":{"rendered":"Anivers\u00e1rio de S\u00e3o Lu\u00eds: Equatorial Maranh\u00e3o informa sobre o funcionamento das ag\u00eancias de atendimento e postos de coleta do E+ Reciclagem na segunda-feira (8)"},"content":{"rendered":"\n<figure class=\"wp-block-image aligncenter size-full\"><img fetchpriority=\"high\" decoding=\"async\" width=\"768\" height=\"576\" src=\"https:\/\/www.blogsoestado.com\/danielmatos\/wp-content\/uploads\/sites\/2\/2025\/09\/1003536295.jpg\" alt=\"\" class=\"wp-image-148022\" srcset=\"https:\/\/www.blogsoestado.com\/danielmatos\/wp-content\/uploads\/sites\/2\/2025\/09\/1003536295.jpg 768w, https:\/\/www.blogsoestado.com\/danielmatos\/wp-content\/uploads\/sites\/2\/2025\/09\/1003536295-300x225.jpg 300w\" sizes=\"(max-width: 768px) 100vw, 768px\" \/><figcaption class=\"wp-element-caption\">Canais digitais da Equatorial Maranh\u00e3o disponibilizar\u00e3o uma s\u00e9rie de servi\u00e7os aos consumidores no feriado alusivo ao anivers\u00e1rio de S\u00e3o Lu\u00eds<\/figcaption><\/figure>\n\n\n\n<p>Na pr\u00f3xima segunda-feira, dia 8 de setembro, devido ao feriado de anivers\u00e1rio de S\u00e3o Lu\u00eds, que completa 413 anos, a Equatorial Maranh\u00e3o informa que as ag\u00eancias de atendimento e postos de coleta E+ Reciclagem n\u00e3o funcionar\u00e3o na capital. Caso necessitem de atendimento presencial, a Distribuidora orienta aos clientes que antecipem a ida as ag\u00eancias ou aguardem o retorno do atendimento na ter\u00e7a-feira (9).<\/p>\n\n\n\n<p>Para garantir mais comodidade e tranquilidade dos consumidores, a Equatorial Maranh\u00e3o segue com os canais de atendimento. Em caso de falta de energia, os clientes poder\u00e3o registrar ocorr\u00eancia pelo WhatsApp, atrav\u00e9s da Clara, Assistente Virtual da Equatorial Maranh\u00e3o, no n\u00famero (98) 2055-0116. Al\u00e9m de informar falta de energia, pelo WhatsApp, tamb\u00e9m podem ser realizados servi\u00e7os como consulta de d\u00e9bitos, emiss\u00e3o de segunda via de contas e fornecimento de c\u00f3digo para pagamento e muito mais.<\/p>\n\n\n\n<figure class=\"wp-block-image aligncenter size-full\"><img decoding=\"async\" width=\"768\" height=\"576\" src=\"https:\/\/www.blogsoestado.com\/danielmatos\/wp-content\/uploads\/sites\/2\/2025\/09\/1003536296.jpg\" alt=\"\" class=\"wp-image-148023\" srcset=\"https:\/\/www.blogsoestado.com\/danielmatos\/wp-content\/uploads\/sites\/2\/2025\/09\/1003536296.jpg 768w, https:\/\/www.blogsoestado.com\/danielmatos\/wp-content\/uploads\/sites\/2\/2025\/09\/1003536296-300x225.jpg 300w\" sizes=\"(max-width: 768px) 100vw, 768px\" \/><figcaption class=\"wp-element-caption\">\u00c0s ag\u00eancias de atendimento e postos de coleta E+ Reciclagem n\u00e3o funcionar\u00e3o na capital<\/figcaption><\/figure>\n\n\n\n<p>A Distribuidora oferece ainda a ag\u00eancia virtual atrav\u00e9s do site <a href=\"http:\/\/www.equatorialenergia.com.br\">www.equatorialenergia.com.br<\/a>, que permite realizar outros servi\u00e7os, como solicitar religa\u00e7\u00e3o, trocar titularidade da conta, mudar a data de vencimento e diversas solicita\u00e7\u00f5es que podem ser feitas no conforto de casa. Al\u00e9m da Central de Atendimento 116, que est\u00e1 dispon\u00edvel 24 horas e funciona todos os dias da semana, com liga\u00e7\u00e3o gratuita.<\/p>\n","protected":false},"excerpt":{"rendered":"<p>Na pr\u00f3xima segunda-feira, dia 8 de setembro, devido ao feriado de anivers\u00e1rio de S\u00e3o Lu\u00eds, que completa 413 anos, a [&hellip;]<\/p>\n","protected":false},"author":2,"featured_media":0,"comment_status":"open","ping_status":"open","sticky":false,"template":"","format":"standard","meta":{"site-sidebar-layout":"default","site-content-layout":"","ast-site-content-layout":"default","site-content-style":"default","site-sidebar-style":"default","ast-global-header-display":"","ast-banner-title-visibility":"","ast-main-header-display":"","ast-hfb-above-header-display":"","ast-hfb-below-header-display":"","ast-hfb-mobile-header-display":"","site-post-title":"","ast-breadcrumbs-content":"","ast-featured-img":"","footer-sml-layout":"","ast-disable-related-posts":"","theme-transparent-header-meta":"","adv-header-id-meta":"","stick-header-meta":"","header-above-stick-meta":"","header-main-stick-meta":"","header-below-stick-meta":"","astra-migrate-meta-layouts":"default","ast-page-background-enabled":"default","ast-page-background-meta":{"desktop":{"background-color":"var(--ast-global-color-5)","background-image":"","background-repeat":"repeat","background-position":"center center","background-size":"auto","background-attachment":"scroll","background-type":"","background-media":"","overlay-type":"","overlay-color":"","overlay-opacity":"","overlay-gradient":""},"tablet":{"background-color":"","background-image":"","background-repeat":"repeat","background-position":"center center","background-size":"auto","background-attachment":"scroll","background-type":"","background-media":"","overlay-type":"","overlay-color":"","overlay-opacity":"","overlay-gradient":""},"mobile":{"background-color":"","background-image":"","background-repeat":"repeat","background-position":"center center","background-size":"auto","background-attachment":"scroll","background-type":"","background-media":"","overlay-type":"","overlay-color":"","overlay-opacity":"","overlay-gradient":""}},"ast-content-background-meta":{"desktop":{"background-color":"var(--ast-global-color-4)","background-image":"","background-repeat":"repeat","background-position":"center center","background-size":"auto","background-attachment":"scroll","background-type":"","background-media":"","overlay-type":"","overlay-color":"","overlay-opacity":"","overlay-gradient":""},"tablet":{"background-color":"var(--ast-global-color-4)","background-image":"","background-repeat":"repeat","background-position":"center center","background-size":"auto","background-attachment":"scroll","background-type":"","background-media":"","overlay-type":"","overlay-color":"","overlay-opacity":"","overlay-gradient":""},"mobile":{"background-color":"var(--ast-global-color-4)","background-image":"","background-repeat":"repeat","background-position":"center center","background-size":"auto","background-attachment":"scroll","background-type":"","background-media":"","overlay-type":"","overlay-color":"","overlay-opacity":"","overlay-gradient":""}},"footnotes":""},"categories":[1],"tags":[],"class_list":["post-148021","post","type-post","status-publish","format-standard","hentry","category-sem-categoria"],"yoast_head":"<!-- This site is optimized with the Yoast SEO plugin v26.6 - https:\/\/yoast.com\/wordpress\/plugins\/seo\/ -->\n<title>Anivers\u00e1rio de S\u00e3o Lu\u00eds: Equatorial Maranh\u00e3o informa sobre o funcionamento das ag\u00eancias de atendimento e postos de coleta do E+ Reciclagem na segunda-feira (8) - Daniel Matos<\/title>\n<meta name=\"robots\" content=\"index, follow, max-snippet:-1, max-image-preview:large, max-video-preview:-1\" \/>\n<link rel=\"canonical\" href=\"https:\/\/www.blogsoestado.com\/danielmatos\/aniversario-de-sao-luis-equatorial-maranhao-informa-sobre-o-funcionamento-das-agencias-de-atendimento-e-postos-de-coleta-do-e-reciclagem-na-segunda-feira-8\/\" \/>\n<meta property=\"og:locale\" content=\"pt_BR\" \/>\n<meta property=\"og:type\" content=\"article\" \/>\n<meta property=\"og:title\" content=\"Anivers\u00e1rio de S\u00e3o Lu\u00eds: Equatorial Maranh\u00e3o informa sobre o funcionamento das ag\u00eancias de atendimento e postos de coleta do E+ Reciclagem na segunda-feira (8) - Daniel Matos\" \/>\n<meta property=\"og:description\" content=\"Na pr\u00f3xima segunda-feira, dia 8 de setembro, devido ao feriado de anivers\u00e1rio de S\u00e3o Lu\u00eds, que completa 413 anos, a [&hellip;]\" \/>\n<meta property=\"og:url\" content=\"https:\/\/www.blogsoestado.com\/danielmatos\/aniversario-de-sao-luis-equatorial-maranhao-informa-sobre-o-funcionamento-das-agencias-de-atendimento-e-postos-de-coleta-do-e-reciclagem-na-segunda-feira-8\/\" \/>\n<meta property=\"og:site_name\" content=\"Daniel Matos\" \/>\n<meta property=\"article:published_time\" content=\"2025-09-04T10:50:01+00:00\" \/>\n<meta property=\"article:modified_time\" content=\"2025-09-04T10:50:05+00:00\" \/>\n<meta property=\"og:image\" content=\"https:\/\/www.blogsoestado.com\/danielmatos\/wp-content\/uploads\/sites\/2\/2025\/09\/1003536295.jpg\" \/>\n\t<meta property=\"og:image:width\" content=\"768\" \/>\n\t<meta property=\"og:image:height\" content=\"576\" \/>\n\t<meta property=\"og:image:type\" content=\"image\/jpeg\" \/>\n<meta name=\"author\" content=\"Daniel Matos\" \/>\n<meta name=\"twitter:card\" content=\"summary_large_image\" \/>\n<meta name=\"twitter:label1\" content=\"Escrito por\" \/>\n\t<meta name=\"twitter:data1\" content=\"Daniel Matos\" \/>\n\t<meta name=\"twitter:label2\" content=\"Est. tempo de leitura\" \/>\n\t<meta name=\"twitter:data2\" content=\"2 minutos\" \/>\n<script type=\"application\/ld+json\" class=\"yoast-schema-graph\">{\"@context\":\"https:\/\/schema.org\",\"@graph\":[{\"@type\":\"WebPage\",\"@id\":\"https:\/\/www.blogsoestado.com\/danielmatos\/aniversario-de-sao-luis-equatorial-maranhao-informa-sobre-o-funcionamento-das-agencias-de-atendimento-e-postos-de-coleta-do-e-reciclagem-na-segunda-feira-8\/\",\"url\":\"https:\/\/www.blogsoestado.com\/danielmatos\/aniversario-de-sao-luis-equatorial-maranhao-informa-sobre-o-funcionamento-das-agencias-de-atendimento-e-postos-de-coleta-do-e-reciclagem-na-segunda-feira-8\/\",\"name\":\"Anivers\u00e1rio de S\u00e3o Lu\u00eds: Equatorial Maranh\u00e3o informa sobre o funcionamento das ag\u00eancias de atendimento e postos de coleta do E+ Reciclagem na segunda-feira (8) - Daniel Matos\",\"isPartOf\":{\"@id\":\"https:\/\/www.blogsoestado.com\/danielmatos\/#website\"},\"primaryImageOfPage\":{\"@id\":\"https:\/\/www.blogsoestado.com\/danielmatos\/aniversario-de-sao-luis-equatorial-maranhao-informa-sobre-o-funcionamento-das-agencias-de-atendimento-e-postos-de-coleta-do-e-reciclagem-na-segunda-feira-8\/#primaryimage\"},\"image\":{\"@id\":\"https:\/\/www.blogsoestado.com\/danielmatos\/aniversario-de-sao-luis-equatorial-maranhao-informa-sobre-o-funcionamento-das-agencias-de-atendimento-e-postos-de-coleta-do-e-reciclagem-na-segunda-feira-8\/#primaryimage\"},\"thumbnailUrl\":\"https:\/\/www.blogsoestado.com\/danielmatos\/wp-content\/uploads\/sites\/2\/2025\/09\/1003536295.jpg\",\"datePublished\":\"2025-09-04T10:50:01+00:00\",\"dateModified\":\"2025-09-04T10:50:05+00:00\",\"author\":{\"@id\":\"https:\/\/www.blogsoestado.com\/danielmatos\/#\/schema\/person\/9a209d407cd45631f131e1285b661bb0\"},\"breadcrumb\":{\"@id\":\"https:\/\/www.blogsoestado.com\/danielmatos\/aniversario-de-sao-luis-equatorial-maranhao-informa-sobre-o-funcionamento-das-agencias-de-atendimento-e-postos-de-coleta-do-e-reciclagem-na-segunda-feira-8\/#breadcrumb\"},\"inLanguage\":\"pt-BR\",\"potentialAction\":[{\"@type\":\"ReadAction\",\"target\":[\"https:\/\/www.blogsoestado.com\/danielmatos\/aniversario-de-sao-luis-equatorial-maranhao-informa-sobre-o-funcionamento-das-agencias-de-atendimento-e-postos-de-coleta-do-e-reciclagem-na-segunda-feira-8\/\"]}]},{\"@type\":\"ImageObject\",\"inLanguage\":\"pt-BR\",\"@id\":\"https:\/\/www.blogsoestado.com\/danielmatos\/aniversario-de-sao-luis-equatorial-maranhao-informa-sobre-o-funcionamento-das-agencias-de-atendimento-e-postos-de-coleta-do-e-reciclagem-na-segunda-feira-8\/#primaryimage\",\"url\":\"https:\/\/www.blogsoestado.com\/danielmatos\/wp-content\/uploads\/sites\/2\/2025\/09\/1003536295.jpg\",\"contentUrl\":\"https:\/\/www.blogsoestado.com\/danielmatos\/wp-content\/uploads\/sites\/2\/2025\/09\/1003536295.jpg\",\"width\":768,\"height\":576},{\"@type\":\"BreadcrumbList\",\"@id\":\"https:\/\/www.blogsoestado.com\/danielmatos\/aniversario-de-sao-luis-equatorial-maranhao-informa-sobre-o-funcionamento-das-agencias-de-atendimento-e-postos-de-coleta-do-e-reciclagem-na-segunda-feira-8\/#breadcrumb\",\"itemListElement\":[{\"@type\":\"ListItem\",\"position\":1,\"name\":\"In\u00edcio\",\"item\":\"https:\/\/www.blogsoestado.com\/danielmatos\/\"},{\"@type\":\"ListItem\",\"position\":2,\"name\":\"Anivers\u00e1rio de S\u00e3o Lu\u00eds: Equatorial Maranh\u00e3o informa sobre o funcionamento das ag\u00eancias de atendimento e postos de coleta do E+ Reciclagem na segunda-feira (8)\"}]},{\"@type\":\"WebSite\",\"@id\":\"https:\/\/www.blogsoestado.com\/danielmatos\/#website\",\"url\":\"https:\/\/www.blogsoestado.com\/danielmatos\/\",\"name\":\"Daniel Matos\",\"description\":\"\",\"potentialAction\":[{\"@type\":\"SearchAction\",\"target\":{\"@type\":\"EntryPoint\",\"urlTemplate\":\"https:\/\/www.blogsoestado.com\/danielmatos\/?s={search_term_string}\"},\"query-input\":{\"@type\":\"PropertyValueSpecification\",\"valueRequired\":true,\"valueName\":\"search_term_string\"}}],\"inLanguage\":\"pt-BR\"},{\"@type\":\"Person\",\"@id\":\"https:\/\/www.blogsoestado.com\/danielmatos\/#\/schema\/person\/9a209d407cd45631f131e1285b661bb0\",\"name\":\"Daniel Matos\",\"image\":{\"@type\":\"ImageObject\",\"inLanguage\":\"pt-BR\",\"@id\":\"https:\/\/www.blogsoestado.com\/danielmatos\/#\/schema\/person\/image\/\",\"url\":\"https:\/\/secure.gravatar.com\/avatar\/2f26c36ee355da19a257f0dfef43952a2588b324ca35d6719e859fe338ac0392?s=96&d=mm&r=g\",\"contentUrl\":\"https:\/\/secure.gravatar.com\/avatar\/2f26c36ee355da19a257f0dfef43952a2588b324ca35d6719e859fe338ac0392?s=96&d=mm&r=g\",\"caption\":\"Daniel Matos\"},\"url\":\"https:\/\/www.blogsoestado.com\/danielmatos\/author\/danielmatos\/\"}]}<\/script>\n<!-- \/ Yoast SEO plugin. -->","yoast_head_json":{"title":"Anivers\u00e1rio de S\u00e3o Lu\u00eds: Equatorial Maranh\u00e3o informa sobre o funcionamento das ag\u00eancias de atendimento e postos de coleta do E+ Reciclagem na segunda-feira (8) - Daniel Matos","robots":{"index":"index","follow":"follow","max-snippet":"max-snippet:-1","max-image-preview":"max-image-preview:large","max-video-preview":"max-video-preview:-1"},"canonical":"https:\/\/www.blogsoestado.com\/danielmatos\/aniversario-de-sao-luis-equatorial-maranhao-informa-sobre-o-funcionamento-das-agencias-de-atendimento-e-postos-de-coleta-do-e-reciclagem-na-segunda-feira-8\/","og_locale":"pt_BR","og_type":"article","og_title":"Anivers\u00e1rio de S\u00e3o Lu\u00eds: Equatorial Maranh\u00e3o informa sobre o funcionamento das ag\u00eancias de atendimento e postos de coleta do E+ Reciclagem na segunda-feira (8) - Daniel Matos","og_description":"Na pr\u00f3xima segunda-feira, dia 8 de setembro, devido ao feriado de anivers\u00e1rio de S\u00e3o Lu\u00eds, que completa 413 anos, a [&hellip;]","og_url":"https:\/\/www.blogsoestado.com\/danielmatos\/aniversario-de-sao-luis-equatorial-maranhao-informa-sobre-o-funcionamento-das-agencias-de-atendimento-e-postos-de-coleta-do-e-reciclagem-na-segunda-feira-8\/","og_site_name":"Daniel Matos","article_published_time":"2025-09-04T10:50:01+00:00","article_modified_time":"2025-09-04T10:50:05+00:00","og_image":[{"width":768,"height":576,"url":"https:\/\/www.blogsoestado.com\/danielmatos\/wp-content\/uploads\/sites\/2\/2025\/09\/1003536295.jpg","type":"image\/jpeg"}],"author":"Daniel Matos","twitter_card":"summary_large_image","twitter_misc":{"Escrito por":"Daniel Matos","Est. tempo de leitura":"2 minutos"},"schema":{"@context":"https:\/\/schema.org","@graph":[{"@type":"WebPage","@id":"https:\/\/www.blogsoestado.com\/danielmatos\/aniversario-de-sao-luis-equatorial-maranhao-informa-sobre-o-funcionamento-das-agencias-de-atendimento-e-postos-de-coleta-do-e-reciclagem-na-segunda-feira-8\/","url":"https:\/\/www.blogsoestado.com\/danielmatos\/aniversario-de-sao-luis-equatorial-maranhao-informa-sobre-o-funcionamento-das-agencias-de-atendimento-e-postos-de-coleta-do-e-reciclagem-na-segunda-feira-8\/","name":"Anivers\u00e1rio de S\u00e3o Lu\u00eds: Equatorial Maranh\u00e3o informa sobre o funcionamento das ag\u00eancias de atendimento e postos de coleta do E+ Reciclagem na segunda-feira (8) - Daniel Matos","isPartOf":{"@id":"https:\/\/www.blogsoestado.com\/danielmatos\/#website"},"primaryImageOfPage":{"@id":"https:\/\/www.blogsoestado.com\/danielmatos\/aniversario-de-sao-luis-equatorial-maranhao-informa-sobre-o-funcionamento-das-agencias-de-atendimento-e-postos-de-coleta-do-e-reciclagem-na-segunda-feira-8\/#primaryimage"},"image":{"@id":"https:\/\/www.blogsoestado.com\/danielmatos\/aniversario-de-sao-luis-equatorial-maranhao-informa-sobre-o-funcionamento-das-agencias-de-atendimento-e-postos-de-coleta-do-e-reciclagem-na-segunda-feira-8\/#primaryimage"},"thumbnailUrl":"https:\/\/www.blogsoestado.com\/danielmatos\/wp-content\/uploads\/sites\/2\/2025\/09\/1003536295.jpg","datePublished":"2025-09-04T10:50:01+00:00","dateModified":"2025-09-04T10:50:05+00:00","author":{"@id":"https:\/\/www.blogsoestado.com\/danielmatos\/#\/schema\/person\/9a209d407cd45631f131e1285b661bb0"},"breadcrumb":{"@id":"https:\/\/www.blogsoestado.com\/danielmatos\/aniversario-de-sao-luis-equatorial-maranhao-informa-sobre-o-funcionamento-das-agencias-de-atendimento-e-postos-de-coleta-do-e-reciclagem-na-segunda-feira-8\/#breadcrumb"},"inLanguage":"pt-BR","potentialAction":[{"@type":"ReadAction","target":["https:\/\/www.blogsoestado.com\/danielmatos\/aniversario-de-sao-luis-equatorial-maranhao-informa-sobre-o-funcionamento-das-agencias-de-atendimento-e-postos-de-coleta-do-e-reciclagem-na-segunda-feira-8\/"]}]},{"@type":"ImageObject","inLanguage":"pt-BR","@id":"https:\/\/www.blogsoestado.com\/danielmatos\/aniversario-de-sao-luis-equatorial-maranhao-informa-sobre-o-funcionamento-das-agencias-de-atendimento-e-postos-de-coleta-do-e-reciclagem-na-segunda-feira-8\/#primaryimage","url":"https:\/\/www.blogsoestado.com\/danielmatos\/wp-content\/uploads\/sites\/2\/2025\/09\/1003536295.jpg","contentUrl":"https:\/\/www.blogsoestado.com\/danielmatos\/wp-content\/uploads\/sites\/2\/2025\/09\/1003536295.jpg","width":768,"height":576},{"@type":"BreadcrumbList","@id":"https:\/\/www.blogsoestado.com\/danielmatos\/aniversario-de-sao-luis-equatorial-maranhao-informa-sobre-o-funcionamento-das-agencias-de-atendimento-e-postos-de-coleta-do-e-reciclagem-na-segunda-feira-8\/#breadcrumb","itemListElement":[{"@type":"ListItem","position":1,"name":"In\u00edcio","item":"https:\/\/www.blogsoestado.com\/danielmatos\/"},{"@type":"ListItem","position":2,"name":"Anivers\u00e1rio de S\u00e3o Lu\u00eds: Equatorial Maranh\u00e3o informa sobre o funcionamento das ag\u00eancias de atendimento e postos de coleta do E+ Reciclagem na segunda-feira (8)"}]},{"@type":"WebSite","@id":"https:\/\/www.blogsoestado.com\/danielmatos\/#website","url":"https:\/\/www.blogsoestado.com\/danielmatos\/","name":"Daniel Matos","description":"","potentialAction":[{"@type":"SearchAction","target":{"@type":"EntryPoint","urlTemplate":"https:\/\/www.blogsoestado.com\/danielmatos\/?s={search_term_string}"},"query-input":{"@type":"PropertyValueSpecification","valueRequired":true,"valueName":"search_term_string"}}],"inLanguage":"pt-BR"},{"@type":"Person","@id":"https:\/\/www.blogsoestado.com\/danielmatos\/#\/schema\/person\/9a209d407cd45631f131e1285b661bb0","name":"Daniel Matos","image":{"@type":"ImageObject","inLanguage":"pt-BR","@id":"https:\/\/www.blogsoestado.com\/danielmatos\/#\/schema\/person\/image\/","url":"https:\/\/secure.gravatar.com\/avatar\/2f26c36ee355da19a257f0dfef43952a2588b324ca35d6719e859fe338ac0392?s=96&d=mm&r=g","contentUrl":"https:\/\/secure.gravatar.com\/avatar\/2f26c36ee355da19a257f0dfef43952a2588b324ca35d6719e859fe338ac0392?s=96&d=mm&r=g","caption":"Daniel Matos"},"url":"https:\/\/www.blogsoestado.com\/danielmatos\/author\/danielmatos\/"}]}},"jetpack_featured_media_url":"","_links":{"self":[{"href":"https:\/\/www.blogsoestado.com\/danielmatos\/wp-json\/wp\/v2\/posts\/148021","targetHints":{"allow":["GET"]}}],"collection":[{"href":"https:\/\/www.blogsoestado.com\/danielmatos\/wp-json\/wp\/v2\/posts"}],"about":[{"href":"https:\/\/www.blogsoestado.com\/danielmatos\/wp-json\/wp\/v2\/types\/post"}],"author":[{"embeddable":true,"href":"https:\/\/www.blogsoestado.com\/danielmatos\/wp-json\/wp\/v2\/users\/2"}],"replies":[{"embeddable":true,"href":"https:\/\/www.blogsoestado.com\/danielmatos\/wp-json\/wp\/v2\/comments?post=148021"}],"version-history":[{"count":1,"href":"https:\/\/www.blogsoestado.com\/danielmatos\/wp-json\/wp\/v2\/posts\/148021\/revisions"}],"predecessor-version":[{"id":148024,"href":"https:\/\/www.blogsoestado.com\/danielmatos\/wp-json\/wp\/v2\/posts\/148021\/revisions\/148024"}],"wp:attachment":[{"href":"https:\/\/www.blogsoestado.com\/danielmatos\/wp-json\/wp\/v2\/media?parent=148021"}],"wp:term":[{"taxonomy":"category","embeddable":true,"href":"https:\/\/www.blogsoestado.com\/danielmatos\/wp-json\/wp\/v2\/categories?post=148021"},{"taxonomy":"post_tag","embeddable":true,"href":"https:\/\/www.blogsoestado.com\/danielmatos\/wp-json\/wp\/v2\/tags?post=148021"}],"curies":[{"name":"wp","href":"https:\/\/api.w.org\/{rel}","templated":true}]}}