{"id":148025,"date":"2025-09-04T08:23:28","date_gmt":"2025-09-04T11:23:28","guid":{"rendered":"https:\/\/www.blogsoestado.com\/danielmatos\/?p=148025"},"modified":"2025-09-04T08:23:31","modified_gmt":"2025-09-04T11:23:31","slug":"evento-medico-celebra-a-nova-rede-simco","status":"publish","type":"post","link":"https:\/\/www.blogsoestado.com\/danielmatos\/evento-medico-celebra-a-nova-rede-simco\/","title":{"rendered":"Evento m\u00e9dico celebra a nova rede SIMco"},"content":{"rendered":"\n<p><strong><mark style=\"color:#cf2e2e\" class=\"has-inline-color\">A maior<\/mark><\/strong> <strong><mark style=\"color:#cf2e2e\" class=\"has-inline-color\">rede de cuidado acess\u00edvel do Nordeste<\/mark><\/strong><\/p>\n\n\n\n<figure class=\"wp-block-image aligncenter size-large\"><img fetchpriority=\"high\" decoding=\"async\" width=\"1024\" height=\"682\" src=\"https:\/\/www.blogsoestado.com\/danielmatos\/wp-content\/uploads\/sites\/2\/2025\/09\/1003536524-1024x682.jpg\" alt=\"\" class=\"wp-image-148026\" srcset=\"https:\/\/www.blogsoestado.com\/danielmatos\/wp-content\/uploads\/sites\/2\/2025\/09\/1003536524-1024x682.jpg 1024w, https:\/\/www.blogsoestado.com\/danielmatos\/wp-content\/uploads\/sites\/2\/2025\/09\/1003536524-300x200.jpg 300w, https:\/\/www.blogsoestado.com\/danielmatos\/wp-content\/uploads\/sites\/2\/2025\/09\/1003536524-768x512.jpg 768w, https:\/\/www.blogsoestado.com\/danielmatos\/wp-content\/uploads\/sites\/2\/2025\/09\/1003536524.jpg 1280w\" sizes=\"(max-width: 1024px) 100vw, 1024px\" \/><figcaption class=\"wp-element-caption\">S\u00f3cios e parceiros da nova Rede SIMco: Lu\u00eds Guilherme Almeida (CEO da SuperCl\u00ednica); Everton Ribeiro (Dir. Financeiro Cl\u00ednica SiM); Gustavo Almeida (Fundador SuperCl\u00ednica); Eduardo Adri\u00e3o (CEO Cl\u00ednica SiM) e Rodolfo Almeida (fundador SuperCl\u00ednica)<\/figcaption><\/figure>\n\n\n\n<p>Com um show do cantor e compositor Djalma Chaves, o hist\u00f3rico Convento das Merc\u00eas em S\u00e3o Lu\u00eds foi palco do evento m\u00e9dico que reuniu todos os m\u00e9dicos parceiros para celebrar a chegada da nova Rede SIMco, que j\u00e1 nasce l\u00edder na regi\u00e3o Nordeste do Brasil, com a miss\u00e3o de democratizar o acesso a servi\u00e7os de sa\u00fade de qualidade.<\/p>\n\n\n\n<figure class=\"wp-block-image aligncenter size-large\"><img decoding=\"async\" width=\"1024\" height=\"682\" src=\"https:\/\/www.blogsoestado.com\/danielmatos\/wp-content\/uploads\/sites\/2\/2025\/09\/1003536525-1024x682.jpg\" alt=\"\" class=\"wp-image-148027\" srcset=\"https:\/\/www.blogsoestado.com\/danielmatos\/wp-content\/uploads\/sites\/2\/2025\/09\/1003536525-1024x682.jpg 1024w, https:\/\/www.blogsoestado.com\/danielmatos\/wp-content\/uploads\/sites\/2\/2025\/09\/1003536525-300x200.jpg 300w, https:\/\/www.blogsoestado.com\/danielmatos\/wp-content\/uploads\/sites\/2\/2025\/09\/1003536525-768x512.jpg 768w, https:\/\/www.blogsoestado.com\/danielmatos\/wp-content\/uploads\/sites\/2\/2025\/09\/1003536525.jpg 1280w\" sizes=\"(max-width: 1024px) 100vw, 1024px\" \/><figcaption class=\"wp-element-caption\">O cantor e compositor Djalma Chaves foi a atra\u00e7\u00e3o musical do evento m\u00e9dico<\/figcaption><\/figure>\n\n\n\n<p>A Rede \u00e9 fruto da fus\u00e3o da maranhense SuperCl\u00ednica com a Cl\u00ednica SiM (CE,PE e BA) e vem a ser a maior e mais completa rede de cuidado acess\u00edvel do Nordeste; com 22 unidades distribu\u00eddas nos estados do Cear\u00e1, Pernambuco, Bahia e Maranh\u00e3o. A nova rede SiM conta com um portf\u00f3lio que inclui mais de 35 especialidades m\u00e9dicas, 1.200 tipos de exames e servi\u00e7os odontol\u00f3gicos, 400 mil atendimentos por ano e 300 mil benefici\u00e1rios em seus programas de sa\u00fade dos cart\u00f5es de benef\u00edcios.<\/p>\n\n\n\n<figure class=\"wp-block-image aligncenter size-large\"><img decoding=\"async\" width=\"1024\" height=\"682\" src=\"https:\/\/www.blogsoestado.com\/danielmatos\/wp-content\/uploads\/sites\/2\/2025\/09\/1003536526-1024x682.jpg\" alt=\"\" class=\"wp-image-148028\" srcset=\"https:\/\/www.blogsoestado.com\/danielmatos\/wp-content\/uploads\/sites\/2\/2025\/09\/1003536526-1024x682.jpg 1024w, https:\/\/www.blogsoestado.com\/danielmatos\/wp-content\/uploads\/sites\/2\/2025\/09\/1003536526-300x200.jpg 300w, https:\/\/www.blogsoestado.com\/danielmatos\/wp-content\/uploads\/sites\/2\/2025\/09\/1003536526-768x512.jpg 768w, https:\/\/www.blogsoestado.com\/danielmatos\/wp-content\/uploads\/sites\/2\/2025\/09\/1003536526.jpg 1280w\" sizes=\"(max-width: 1024px) 100vw, 1024px\" \/><figcaption class=\"wp-element-caption\">O fundador da SuperCl\u00ednica e atual conselheiro da nova Rede SIMco, Gustavo Almeida, destacou o papel relevante de cada m\u00e9dico maranhense que integra a SuperCl\u00ednica e que fez da empresa uma refer\u00eancia nacional de qualidade<\/figcaption><\/figure>\n\n\n\n<p>Como destacaram os fundadores da SuperCl\u00ednica, os irm\u00e3os Rodolfo e Gustavo Almeida, o m\u00e9rito dessa hist\u00f3rica de sucesso \u00e9 de cada m\u00e9dico e colaborador, que fez da empresa ao longo de seus 22 anos, uma refer\u00eancia nacional em sa\u00fade acess\u00edvel com atendimento humanizado e de qualidade. Todo o corpo m\u00e9dico e de colaboradores segue igual em S\u00e3o Lu\u00eds mesmo com a fus\u00e3o.<\/p>\n\n\n\n<figure class=\"wp-block-image aligncenter size-large\"><img loading=\"lazy\" decoding=\"async\" width=\"1024\" height=\"682\" src=\"https:\/\/www.blogsoestado.com\/danielmatos\/wp-content\/uploads\/sites\/2\/2025\/09\/1003536527-1024x682.jpg\" alt=\"\" class=\"wp-image-148030\" srcset=\"https:\/\/www.blogsoestado.com\/danielmatos\/wp-content\/uploads\/sites\/2\/2025\/09\/1003536527-1024x682.jpg 1024w, https:\/\/www.blogsoestado.com\/danielmatos\/wp-content\/uploads\/sites\/2\/2025\/09\/1003536527-300x200.jpg 300w, https:\/\/www.blogsoestado.com\/danielmatos\/wp-content\/uploads\/sites\/2\/2025\/09\/1003536527-768x512.jpg 768w, https:\/\/www.blogsoestado.com\/danielmatos\/wp-content\/uploads\/sites\/2\/2025\/09\/1003536527.jpg 1280w\" sizes=\"(max-width: 1024px) 100vw, 1024px\" \/><figcaption class=\"wp-element-caption\">O casal de fundadores da SuperCl\u00ednica Lourdinha e D. Arthur Almeida ao lado dos filhos, neto e dos novos s\u00f3cios da Rede SIMco<\/figcaption><\/figure>\n\n\n\n<p>Com a presen\u00e7a do Diretor Financeiro Everton Ribeiro, os respectivos CEO\u00b4s da SuperCl\u00ednica e da Cl\u00ednica SiM, Luiz Guilherme Almeida e Eduardo Adri\u00e3o, apresentaram os n\u00fameros e perspectiva de crescimento da nova Rede SIMco.<\/p>\n\n\n\n<figure class=\"wp-block-image aligncenter size-large\"><img loading=\"lazy\" decoding=\"async\" width=\"1024\" height=\"682\" src=\"https:\/\/www.blogsoestado.com\/danielmatos\/wp-content\/uploads\/sites\/2\/2025\/09\/1003536528-1024x682.jpg\" alt=\"\" class=\"wp-image-148032\" srcset=\"https:\/\/www.blogsoestado.com\/danielmatos\/wp-content\/uploads\/sites\/2\/2025\/09\/1003536528-1024x682.jpg 1024w, https:\/\/www.blogsoestado.com\/danielmatos\/wp-content\/uploads\/sites\/2\/2025\/09\/1003536528-300x200.jpg 300w, https:\/\/www.blogsoestado.com\/danielmatos\/wp-content\/uploads\/sites\/2\/2025\/09\/1003536528-768x512.jpg 768w, https:\/\/www.blogsoestado.com\/danielmatos\/wp-content\/uploads\/sites\/2\/2025\/09\/1003536528.jpg 1280w\" sizes=\"(max-width: 1024px) 100vw, 1024px\" \/><figcaption class=\"wp-element-caption\">Cl\u00e1udio Mendes e o Stand do DOM Hospital Dia, mais novo parceiro da SuperC\u00ednica na \u00e1rea de cirurgias<\/figcaption><\/figure>\n\n\n\n<p>E uma novidade foi anunciada: A SuperCl\u00ednica, j\u00e1 passa a oferecer o novo servi\u00e7o de cirurgias no Dom Hospital Dia, que podem ser pagas de forma parcelada.<\/p>\n\n\n\n<figure class=\"wp-block-image aligncenter size-large\"><img loading=\"lazy\" decoding=\"async\" width=\"1024\" height=\"682\" src=\"https:\/\/www.blogsoestado.com\/danielmatos\/wp-content\/uploads\/sites\/2\/2025\/09\/1003536529-1024x682.jpg\" alt=\"\" class=\"wp-image-148033\" srcset=\"https:\/\/www.blogsoestado.com\/danielmatos\/wp-content\/uploads\/sites\/2\/2025\/09\/1003536529-1024x682.jpg 1024w, https:\/\/www.blogsoestado.com\/danielmatos\/wp-content\/uploads\/sites\/2\/2025\/09\/1003536529-300x200.jpg 300w, https:\/\/www.blogsoestado.com\/danielmatos\/wp-content\/uploads\/sites\/2\/2025\/09\/1003536529-768x512.jpg 768w, https:\/\/www.blogsoestado.com\/danielmatos\/wp-content\/uploads\/sites\/2\/2025\/09\/1003536529.jpg 1280w\" sizes=\"(max-width: 1024px) 100vw, 1024px\" \/><figcaption class=\"wp-element-caption\">A empres\u00e1ria Giselle Pereira e seu time no stand da Center Hospitalar<\/figcaption><\/figure>\n\n\n\n<p>O presidente do CRM-MA, Dr. Jos\u00e9 Albuquerque de Figueiredo Neto, ressaltou que, quem mais ganha com a nova Rede SIMco \u00e9 a popula\u00e7\u00e3o.<\/p>\n\n\n\n<figure class=\"wp-block-image aligncenter size-large\"><img loading=\"lazy\" decoding=\"async\" width=\"1024\" height=\"682\" src=\"https:\/\/www.blogsoestado.com\/danielmatos\/wp-content\/uploads\/sites\/2\/2025\/09\/1003536530-1024x682.jpg\" alt=\"\" class=\"wp-image-148034\" srcset=\"https:\/\/www.blogsoestado.com\/danielmatos\/wp-content\/uploads\/sites\/2\/2025\/09\/1003536530-1024x682.jpg 1024w, https:\/\/www.blogsoestado.com\/danielmatos\/wp-content\/uploads\/sites\/2\/2025\/09\/1003536530-300x200.jpg 300w, https:\/\/www.blogsoestado.com\/danielmatos\/wp-content\/uploads\/sites\/2\/2025\/09\/1003536530-768x512.jpg 768w, https:\/\/www.blogsoestado.com\/danielmatos\/wp-content\/uploads\/sites\/2\/2025\/09\/1003536530.jpg 1280w\" sizes=\"(max-width: 1024px) 100vw, 1024px\" \/><figcaption class=\"wp-element-caption\">Stand da Farm\u00e1cia de Manipula\u00e7\u00e3o Garrido<\/figcaption><\/figure>\n\n\n\n<p>\u201cA SuperCl\u00ednica \u00e9 a empresa mais longeva nesse segmento de sa\u00fade popular e sempre fez seu trabalho com \u00e9tica e qualidade, e provou que \u00e9 poss\u00edvel oferecer medicina a baixo custo para pessoas que n\u00e3o tem acesso a conv\u00eanios ou com dificuldade de ser atendida no servi\u00e7o p\u00fablico pela alta demanda. E agora maior e mais forte, a Rede SIMco \u00e9 bem-vinda na presta\u00e7\u00e3o desse servi\u00e7o de sa\u00fade acess\u00edvel t\u00e3o importante\u201d destacou o Presidente do Conselho Regional de Medicina do Maranh\u00e3o.<\/p>\n\n\n\n<figure class=\"wp-block-image aligncenter size-large\"><img loading=\"lazy\" decoding=\"async\" width=\"1024\" height=\"682\" src=\"https:\/\/www.blogsoestado.com\/danielmatos\/wp-content\/uploads\/sites\/2\/2025\/09\/1003536531-1024x682.jpg\" alt=\"\" class=\"wp-image-148035\" srcset=\"https:\/\/www.blogsoestado.com\/danielmatos\/wp-content\/uploads\/sites\/2\/2025\/09\/1003536531-1024x682.jpg 1024w, https:\/\/www.blogsoestado.com\/danielmatos\/wp-content\/uploads\/sites\/2\/2025\/09\/1003536531-300x200.jpg 300w, https:\/\/www.blogsoestado.com\/danielmatos\/wp-content\/uploads\/sites\/2\/2025\/09\/1003536531-768x512.jpg 768w, https:\/\/www.blogsoestado.com\/danielmatos\/wp-content\/uploads\/sites\/2\/2025\/09\/1003536531.jpg 1280w\" sizes=\"(max-width: 1024px) 100vw, 1024px\" \/><figcaption class=\"wp-element-caption\">O Ceo da SuperCl\u00ednica, Luis Guilherme Almeida (direita), com parte do time de l\u00edderes.<\/figcaption><\/figure>\n\n\n\n<p>A integra\u00e7\u00e3o entre SuperCl\u00ednica e Cl\u00ednica SiM criou uma base s\u00f3lida para crescer com escala, mantendo o compromisso com a proximidade, a humaniza\u00e7\u00e3o e o cuidado de excel\u00eancia. A fus\u00e3o s\u00f3 refor\u00e7a o papel das redes regionais no fortalecimento da sa\u00fade acess\u00edvel no Brasil.<\/p>\n\n\n\n<figure class=\"wp-block-image aligncenter size-large\"><img loading=\"lazy\" decoding=\"async\" width=\"1024\" height=\"682\" src=\"https:\/\/www.blogsoestado.com\/danielmatos\/wp-content\/uploads\/sites\/2\/2025\/09\/1003536532-1024x682.jpg\" alt=\"\" class=\"wp-image-148036\" srcset=\"https:\/\/www.blogsoestado.com\/danielmatos\/wp-content\/uploads\/sites\/2\/2025\/09\/1003536532-1024x682.jpg 1024w, https:\/\/www.blogsoestado.com\/danielmatos\/wp-content\/uploads\/sites\/2\/2025\/09\/1003536532-300x200.jpg 300w, https:\/\/www.blogsoestado.com\/danielmatos\/wp-content\/uploads\/sites\/2\/2025\/09\/1003536532-768x512.jpg 768w, https:\/\/www.blogsoestado.com\/danielmatos\/wp-content\/uploads\/sites\/2\/2025\/09\/1003536532.jpg 1280w\" sizes=\"(max-width: 1024px) 100vw, 1024px\" \/><figcaption class=\"wp-element-caption\">M\u00e9dicos reunidos: Luis Fernando Figueiredo; Pres. do CRM-MA Dr. Jos\u00e9 Albuquerque de Figueiredo Neto e esposa e Dr. Jose M\u00e1rcio Soares Leite<\/figcaption><\/figure>\n\n\n\n<p>O Diretor M\u00e9dico da SuperCl\u00ednica Dr. Jorge Luis Duailibe Filho destacou os benef\u00edcios da fus\u00e3o: \u201cCelebramos o grande investimento que vai ser realizado, tanto na \u00e1rea t\u00e9cnica quanto na \u00e1rea acad\u00eamica; e tamb\u00e9m o aumento do n\u00famero de cl\u00ednicas, hoje com 22 no total e j\u00e1 com a perspectiva de amplia\u00e7\u00e3o significativa nos pr\u00f3ximos anos. Isso d\u00e1 oportunidade de trabalho para mais m\u00e9dicos atuarem. O mercado hoje, com a exist\u00eancia de muitas universidades de Medicina, est\u00e1 formando muitos m\u00e9dicos e a Rede SIMco e seu modelo de sa\u00fade acess\u00edvel de qualidade \u00e9 uma excelente op\u00e7\u00e3o, tanto para os m\u00e9dicos quanto para a popula\u00e7\u00e3o\u201d declarou o Diretor M\u00e9dico da SuperCl\u00ednica.<\/p>\n","protected":false},"excerpt":{"rendered":"<p>A maior rede de cuidado acess\u00edvel do Nordeste Com um show do cantor e compositor Djalma Chaves, o hist\u00f3rico Convento [&hellip;]<\/p>\n","protected":false},"author":2,"featured_media":0,"comment_status":"open","ping_status":"open","sticky":false,"template":"","format":"standard","meta":{"site-sidebar-layout":"default","site-content-layout":"","ast-site-content-layout":"default","site-content-style":"default","site-sidebar-style":"default","ast-global-header-display":"","ast-banner-title-visibility":"","ast-main-header-display":"","ast-hfb-above-header-display":"","ast-hfb-below-header-display":"","ast-hfb-mobile-header-display":"","site-post-title":"","ast-breadcrumbs-content":"","ast-featured-img":"","footer-sml-layout":"","ast-disable-related-posts":"","theme-transparent-header-meta":"","adv-header-id-meta":"","stick-header-meta":"","header-above-stick-meta":"","header-main-stick-meta":"","header-below-stick-meta":"","astra-migrate-meta-layouts":"default","ast-page-background-enabled":"default","ast-page-background-meta":{"desktop":{"background-color":"var(--ast-global-color-5)","background-image":"","background-repeat":"repeat","background-position":"center center","background-size":"auto","background-attachment":"scroll","background-type":"","background-media":"","overlay-type":"","overlay-color":"","overlay-opacity":"","overlay-gradient":""},"tablet":{"background-color":"","background-image":"","background-repeat":"repeat","background-position":"center center","background-size":"auto","background-attachment":"scroll","background-type":"","background-media":"","overlay-type":"","overlay-color":"","overlay-opacity":"","overlay-gradient":""},"mobile":{"background-color":"","background-image":"","background-repeat":"repeat","background-position":"center center","background-size":"auto","background-attachment":"scroll","background-type":"","background-media":"","overlay-type":"","overlay-color":"","overlay-opacity":"","overlay-gradient":""}},"ast-content-background-meta":{"desktop":{"background-color":"var(--ast-global-color-4)","background-image":"","background-repeat":"repeat","background-position":"center center","background-size":"auto","background-attachment":"scroll","background-type":"","background-media":"","overlay-type":"","overlay-color":"","overlay-opacity":"","overlay-gradient":""},"tablet":{"background-color":"var(--ast-global-color-4)","background-image":"","background-repeat":"repeat","background-position":"center center","background-size":"auto","background-attachment":"scroll","background-type":"","background-media":"","overlay-type":"","overlay-color":"","overlay-opacity":"","overlay-gradient":""},"mobile":{"background-color":"var(--ast-global-color-4)","background-image":"","background-repeat":"repeat","background-position":"center center","background-size":"auto","background-attachment":"scroll","background-type":"","background-media":"","overlay-type":"","overlay-color":"","overlay-opacity":"","overlay-gradient":""}},"footnotes":""},"categories":[1],"tags":[],"class_list":["post-148025","post","type-post","status-publish","format-standard","hentry","category-sem-categoria"],"yoast_head":"<!-- This site is optimized with the Yoast SEO plugin v26.6 - https:\/\/yoast.com\/wordpress\/plugins\/seo\/ -->\n<title>Evento m\u00e9dico celebra a nova rede SIMco - Daniel Matos<\/title>\n<meta name=\"robots\" content=\"index, follow, max-snippet:-1, max-image-preview:large, max-video-preview:-1\" \/>\n<link rel=\"canonical\" href=\"https:\/\/www.blogsoestado.com\/danielmatos\/evento-medico-celebra-a-nova-rede-simco\/\" \/>\n<meta property=\"og:locale\" content=\"pt_BR\" \/>\n<meta property=\"og:type\" content=\"article\" \/>\n<meta property=\"og:title\" content=\"Evento m\u00e9dico celebra a nova rede SIMco - Daniel Matos\" \/>\n<meta property=\"og:description\" content=\"A maior rede de cuidado acess\u00edvel do Nordeste Com um show do cantor e compositor Djalma Chaves, o hist\u00f3rico Convento [&hellip;]\" \/>\n<meta property=\"og:url\" content=\"https:\/\/www.blogsoestado.com\/danielmatos\/evento-medico-celebra-a-nova-rede-simco\/\" \/>\n<meta property=\"og:site_name\" content=\"Daniel Matos\" \/>\n<meta property=\"article:published_time\" content=\"2025-09-04T11:23:28+00:00\" \/>\n<meta property=\"article:modified_time\" content=\"2025-09-04T11:23:31+00:00\" \/>\n<meta property=\"og:image\" content=\"https:\/\/www.blogsoestado.com\/danielmatos\/wp-content\/uploads\/sites\/2\/2025\/09\/1003536524.jpg\" \/>\n\t<meta property=\"og:image:width\" content=\"1280\" \/>\n\t<meta property=\"og:image:height\" content=\"853\" \/>\n\t<meta property=\"og:image:type\" content=\"image\/jpeg\" \/>\n<meta name=\"author\" content=\"Daniel Matos\" \/>\n<meta name=\"twitter:card\" content=\"summary_large_image\" \/>\n<meta name=\"twitter:label1\" content=\"Escrito por\" \/>\n\t<meta name=\"twitter:data1\" content=\"Daniel Matos\" \/>\n\t<meta name=\"twitter:label2\" content=\"Est. tempo de leitura\" \/>\n\t<meta name=\"twitter:data2\" content=\"6 minutos\" \/>\n<script type=\"application\/ld+json\" class=\"yoast-schema-graph\">{\"@context\":\"https:\/\/schema.org\",\"@graph\":[{\"@type\":\"WebPage\",\"@id\":\"https:\/\/www.blogsoestado.com\/danielmatos\/evento-medico-celebra-a-nova-rede-simco\/\",\"url\":\"https:\/\/www.blogsoestado.com\/danielmatos\/evento-medico-celebra-a-nova-rede-simco\/\",\"name\":\"Evento m\u00e9dico celebra a nova rede SIMco - Daniel Matos\",\"isPartOf\":{\"@id\":\"https:\/\/www.blogsoestado.com\/danielmatos\/#website\"},\"primaryImageOfPage\":{\"@id\":\"https:\/\/www.blogsoestado.com\/danielmatos\/evento-medico-celebra-a-nova-rede-simco\/#primaryimage\"},\"image\":{\"@id\":\"https:\/\/www.blogsoestado.com\/danielmatos\/evento-medico-celebra-a-nova-rede-simco\/#primaryimage\"},\"thumbnailUrl\":\"https:\/\/www.blogsoestado.com\/danielmatos\/wp-content\/uploads\/sites\/2\/2025\/09\/1003536524-1024x682.jpg\",\"datePublished\":\"2025-09-04T11:23:28+00:00\",\"dateModified\":\"2025-09-04T11:23:31+00:00\",\"author\":{\"@id\":\"https:\/\/www.blogsoestado.com\/danielmatos\/#\/schema\/person\/9a209d407cd45631f131e1285b661bb0\"},\"breadcrumb\":{\"@id\":\"https:\/\/www.blogsoestado.com\/danielmatos\/evento-medico-celebra-a-nova-rede-simco\/#breadcrumb\"},\"inLanguage\":\"pt-BR\",\"potentialAction\":[{\"@type\":\"ReadAction\",\"target\":[\"https:\/\/www.blogsoestado.com\/danielmatos\/evento-medico-celebra-a-nova-rede-simco\/\"]}]},{\"@type\":\"ImageObject\",\"inLanguage\":\"pt-BR\",\"@id\":\"https:\/\/www.blogsoestado.com\/danielmatos\/evento-medico-celebra-a-nova-rede-simco\/#primaryimage\",\"url\":\"https:\/\/www.blogsoestado.com\/danielmatos\/wp-content\/uploads\/sites\/2\/2025\/09\/1003536524.jpg\",\"contentUrl\":\"https:\/\/www.blogsoestado.com\/danielmatos\/wp-content\/uploads\/sites\/2\/2025\/09\/1003536524.jpg\",\"width\":1280,\"height\":853},{\"@type\":\"BreadcrumbList\",\"@id\":\"https:\/\/www.blogsoestado.com\/danielmatos\/evento-medico-celebra-a-nova-rede-simco\/#breadcrumb\",\"itemListElement\":[{\"@type\":\"ListItem\",\"position\":1,\"name\":\"In\u00edcio\",\"item\":\"https:\/\/www.blogsoestado.com\/danielmatos\/\"},{\"@type\":\"ListItem\",\"position\":2,\"name\":\"Evento m\u00e9dico celebra a nova rede SIMco\"}]},{\"@type\":\"WebSite\",\"@id\":\"https:\/\/www.blogsoestado.com\/danielmatos\/#website\",\"url\":\"https:\/\/www.blogsoestado.com\/danielmatos\/\",\"name\":\"Daniel Matos\",\"description\":\"\",\"potentialAction\":[{\"@type\":\"SearchAction\",\"target\":{\"@type\":\"EntryPoint\",\"urlTemplate\":\"https:\/\/www.blogsoestado.com\/danielmatos\/?s={search_term_string}\"},\"query-input\":{\"@type\":\"PropertyValueSpecification\",\"valueRequired\":true,\"valueName\":\"search_term_string\"}}],\"inLanguage\":\"pt-BR\"},{\"@type\":\"Person\",\"@id\":\"https:\/\/www.blogsoestado.com\/danielmatos\/#\/schema\/person\/9a209d407cd45631f131e1285b661bb0\",\"name\":\"Daniel Matos\",\"image\":{\"@type\":\"ImageObject\",\"inLanguage\":\"pt-BR\",\"@id\":\"https:\/\/www.blogsoestado.com\/danielmatos\/#\/schema\/person\/image\/\",\"url\":\"https:\/\/secure.gravatar.com\/avatar\/2f26c36ee355da19a257f0dfef43952a2588b324ca35d6719e859fe338ac0392?s=96&d=mm&r=g\",\"contentUrl\":\"https:\/\/secure.gravatar.com\/avatar\/2f26c36ee355da19a257f0dfef43952a2588b324ca35d6719e859fe338ac0392?s=96&d=mm&r=g\",\"caption\":\"Daniel Matos\"},\"url\":\"https:\/\/www.blogsoestado.com\/danielmatos\/author\/danielmatos\/\"}]}<\/script>\n<!-- \/ Yoast SEO plugin. -->","yoast_head_json":{"title":"Evento m\u00e9dico celebra a nova rede SIMco - Daniel Matos","robots":{"index":"index","follow":"follow","max-snippet":"max-snippet:-1","max-image-preview":"max-image-preview:large","max-video-preview":"max-video-preview:-1"},"canonical":"https:\/\/www.blogsoestado.com\/danielmatos\/evento-medico-celebra-a-nova-rede-simco\/","og_locale":"pt_BR","og_type":"article","og_title":"Evento m\u00e9dico celebra a nova rede SIMco - Daniel Matos","og_description":"A maior rede de cuidado acess\u00edvel do Nordeste Com um show do cantor e compositor Djalma Chaves, o hist\u00f3rico Convento [&hellip;]","og_url":"https:\/\/www.blogsoestado.com\/danielmatos\/evento-medico-celebra-a-nova-rede-simco\/","og_site_name":"Daniel Matos","article_published_time":"2025-09-04T11:23:28+00:00","article_modified_time":"2025-09-04T11:23:31+00:00","og_image":[{"width":1280,"height":853,"url":"https:\/\/www.blogsoestado.com\/danielmatos\/wp-content\/uploads\/sites\/2\/2025\/09\/1003536524.jpg","type":"image\/jpeg"}],"author":"Daniel Matos","twitter_card":"summary_large_image","twitter_misc":{"Escrito por":"Daniel Matos","Est. tempo de leitura":"6 minutos"},"schema":{"@context":"https:\/\/schema.org","@graph":[{"@type":"WebPage","@id":"https:\/\/www.blogsoestado.com\/danielmatos\/evento-medico-celebra-a-nova-rede-simco\/","url":"https:\/\/www.blogsoestado.com\/danielmatos\/evento-medico-celebra-a-nova-rede-simco\/","name":"Evento m\u00e9dico celebra a nova rede SIMco - Daniel Matos","isPartOf":{"@id":"https:\/\/www.blogsoestado.com\/danielmatos\/#website"},"primaryImageOfPage":{"@id":"https:\/\/www.blogsoestado.com\/danielmatos\/evento-medico-celebra-a-nova-rede-simco\/#primaryimage"},"image":{"@id":"https:\/\/www.blogsoestado.com\/danielmatos\/evento-medico-celebra-a-nova-rede-simco\/#primaryimage"},"thumbnailUrl":"https:\/\/www.blogsoestado.com\/danielmatos\/wp-content\/uploads\/sites\/2\/2025\/09\/1003536524-1024x682.jpg","datePublished":"2025-09-04T11:23:28+00:00","dateModified":"2025-09-04T11:23:31+00:00","author":{"@id":"https:\/\/www.blogsoestado.com\/danielmatos\/#\/schema\/person\/9a209d407cd45631f131e1285b661bb0"},"breadcrumb":{"@id":"https:\/\/www.blogsoestado.com\/danielmatos\/evento-medico-celebra-a-nova-rede-simco\/#breadcrumb"},"inLanguage":"pt-BR","potentialAction":[{"@type":"ReadAction","target":["https:\/\/www.blogsoestado.com\/danielmatos\/evento-medico-celebra-a-nova-rede-simco\/"]}]},{"@type":"ImageObject","inLanguage":"pt-BR","@id":"https:\/\/www.blogsoestado.com\/danielmatos\/evento-medico-celebra-a-nova-rede-simco\/#primaryimage","url":"https:\/\/www.blogsoestado.com\/danielmatos\/wp-content\/uploads\/sites\/2\/2025\/09\/1003536524.jpg","contentUrl":"https:\/\/www.blogsoestado.com\/danielmatos\/wp-content\/uploads\/sites\/2\/2025\/09\/1003536524.jpg","width":1280,"height":853},{"@type":"BreadcrumbList","@id":"https:\/\/www.blogsoestado.com\/danielmatos\/evento-medico-celebra-a-nova-rede-simco\/#breadcrumb","itemListElement":[{"@type":"ListItem","position":1,"name":"In\u00edcio","item":"https:\/\/www.blogsoestado.com\/danielmatos\/"},{"@type":"ListItem","position":2,"name":"Evento m\u00e9dico celebra a nova rede SIMco"}]},{"@type":"WebSite","@id":"https:\/\/www.blogsoestado.com\/danielmatos\/#website","url":"https:\/\/www.blogsoestado.com\/danielmatos\/","name":"Daniel Matos","description":"","potentialAction":[{"@type":"SearchAction","target":{"@type":"EntryPoint","urlTemplate":"https:\/\/www.blogsoestado.com\/danielmatos\/?s={search_term_string}"},"query-input":{"@type":"PropertyValueSpecification","valueRequired":true,"valueName":"search_term_string"}}],"inLanguage":"pt-BR"},{"@type":"Person","@id":"https:\/\/www.blogsoestado.com\/danielmatos\/#\/schema\/person\/9a209d407cd45631f131e1285b661bb0","name":"Daniel Matos","image":{"@type":"ImageObject","inLanguage":"pt-BR","@id":"https:\/\/www.blogsoestado.com\/danielmatos\/#\/schema\/person\/image\/","url":"https:\/\/secure.gravatar.com\/avatar\/2f26c36ee355da19a257f0dfef43952a2588b324ca35d6719e859fe338ac0392?s=96&d=mm&r=g","contentUrl":"https:\/\/secure.gravatar.com\/avatar\/2f26c36ee355da19a257f0dfef43952a2588b324ca35d6719e859fe338ac0392?s=96&d=mm&r=g","caption":"Daniel Matos"},"url":"https:\/\/www.blogsoestado.com\/danielmatos\/author\/danielmatos\/"}]}},"jetpack_featured_media_url":"","_links":{"self":[{"href":"https:\/\/www.blogsoestado.com\/danielmatos\/wp-json\/wp\/v2\/posts\/148025","targetHints":{"allow":["GET"]}}],"collection":[{"href":"https:\/\/www.blogsoestado.com\/danielmatos\/wp-json\/wp\/v2\/posts"}],"about":[{"href":"https:\/\/www.blogsoestado.com\/danielmatos\/wp-json\/wp\/v2\/types\/post"}],"author":[{"embeddable":true,"href":"https:\/\/www.blogsoestado.com\/danielmatos\/wp-json\/wp\/v2\/users\/2"}],"replies":[{"embeddable":true,"href":"https:\/\/www.blogsoestado.com\/danielmatos\/wp-json\/wp\/v2\/comments?post=148025"}],"version-history":[{"count":1,"href":"https:\/\/www.blogsoestado.com\/danielmatos\/wp-json\/wp\/v2\/posts\/148025\/revisions"}],"predecessor-version":[{"id":148037,"href":"https:\/\/www.blogsoestado.com\/danielmatos\/wp-json\/wp\/v2\/posts\/148025\/revisions\/148037"}],"wp:attachment":[{"href":"https:\/\/www.blogsoestado.com\/danielmatos\/wp-json\/wp\/v2\/media?parent=148025"}],"wp:term":[{"taxonomy":"category","embeddable":true,"href":"https:\/\/www.blogsoestado.com\/danielmatos\/wp-json\/wp\/v2\/categories?post=148025"},{"taxonomy":"post_tag","embeddable":true,"href":"https:\/\/www.blogsoestado.com\/danielmatos\/wp-json\/wp\/v2\/tags?post=148025"}],"curies":[{"name":"wp","href":"https:\/\/api.w.org\/{rel}","templated":true}]}}