{"id":148038,"date":"2025-09-04T10:03:50","date_gmt":"2025-09-04T13:03:50","guid":{"rendered":"https:\/\/www.blogsoestado.com\/danielmatos\/?p=148038"},"modified":"2025-09-04T10:03:52","modified_gmt":"2025-09-04T13:03:52","slug":"mais-de-1-milhao-de-familias-do-maranhao-terao-gas-de-cozinha-de-graca","status":"publish","type":"post","link":"https:\/\/www.blogsoestado.com\/danielmatos\/mais-de-1-milhao-de-familias-do-maranhao-terao-gas-de-cozinha-de-graca\/","title":{"rendered":"Mais de 1 milh\u00e3o de fam\u00edlias do Maranh\u00e3o ter\u00e3o g\u00e1s de cozinha de gra\u00e7a"},"content":{"rendered":"\n<p><strong><mark style=\"color:#cf2e2e\" class=\"has-inline-color\">Segundo o Governo Federal, a iniciativa combate a pobreza energ\u00e9tica e triplica n\u00famero de benefici\u00e1rios do Aux\u00edlio G\u00e1s. Regi\u00e3o Nordeste concentra o maior n\u00famero de contemplados<\/mark><\/strong><\/p>\n\n\n\n<figure class=\"wp-block-image aligncenter size-large\"><img fetchpriority=\"high\" decoding=\"async\" width=\"1024\" height=\"613\" src=\"https:\/\/www.blogsoestado.com\/danielmatos\/wp-content\/uploads\/sites\/2\/2025\/09\/1003537821-1024x613.webp\" alt=\"\" class=\"wp-image-148039\" srcset=\"https:\/\/www.blogsoestado.com\/danielmatos\/wp-content\/uploads\/sites\/2\/2025\/09\/1003537821-1024x613.webp 1024w, https:\/\/www.blogsoestado.com\/danielmatos\/wp-content\/uploads\/sites\/2\/2025\/09\/1003537821-300x179.webp 300w, https:\/\/www.blogsoestado.com\/danielmatos\/wp-content\/uploads\/sites\/2\/2025\/09\/1003537821-768x459.webp 768w, https:\/\/www.blogsoestado.com\/danielmatos\/wp-content\/uploads\/sites\/2\/2025\/09\/1003537821.webp 1170w\" sizes=\"(max-width: 1024px) 100vw, 1024px\" \/><figcaption class=\"wp-element-caption\">Ter\u00e3o direito ao benef\u00edcio as fam\u00edlias inscritas no Cadastro \u00danico (Cad\u00danico) com renda mensal de at\u00e9 meio sal\u00e1rio m\u00ednimo (R$ 759) por pessoa, com prioridade para aqueles que recebem o Bolsa Fam\u00edlia<\/figcaption><\/figure>\n\n\n\n<p>Opresidente Luiz In\u00e1cio Lula da Silva lan\u00e7a o programa G\u00e1s do Povo,\u00a0nesta quinta-feira, 4 de setembro, a partir das 10h, no Aglomerado da Serra, em Belo Horizonte (MG). A iniciativa vai garantir o botij\u00e3o de g\u00e1s gratuito para 15,5 milh\u00f5es de fam\u00edlias, com benef\u00edcio para cerca de 50 milh\u00f5es de pessoas em todo o Brasil. No Maranh\u00e3o, mais de 1 milh\u00e3o de fam\u00edlias ter\u00e3o direito ao benef\u00edcio.<\/p>\n\n\n\n<p>Entre as Unidades da Federa\u00e7\u00e3o, oito estados ter\u00e3o mais de um milh\u00e3o de fam\u00edlias beneficiadas. S\u00e3o elas Par\u00e1 (1,11 milh\u00e3o),\u00a0Maranh\u00e3o\u00a0(1,01 milh\u00e3o), Cear\u00e1 (1,13 milh\u00e3o), Pernambuco (1,14 milh\u00e3o), Bahia (1,84 milh\u00e3o), Rio de Janeiro (1,12 milh\u00e3o), Minas Gerais (1,20 milh\u00e3o) e S\u00e3o Paulo (1,87 milh\u00e3o).<\/p>\n\n\n\n<p><strong>REGI\u00d5ES<\/strong>\u00a0&#8211; A Regi\u00e3o Nordeste concentra o maior n\u00famero de fam\u00edlias contempladas. A estimativa \u00e9 de que mais de 7,1 milh\u00f5es de fam\u00edlias nordestinas sejam atendidas. Na sequ\u00eancia aparecem Sudeste (4,4 milh\u00f5es), Norte (2,1 milh\u00f5es), Sul (1,1 milh\u00e3o) e Centro-Oeste (889 mil).<\/p>\n\n\n\n<p>O G\u00e1s do Povo substitui e triplica o n\u00famero de beneficiados do atual Aux\u00edlio G\u00e1s, e se consolida como uma das maiores a\u00e7\u00f5es de acesso ao cozimento limpo do mundo. Em vez do benef\u00edcio em dinheiro, com o novo programa cada fam\u00edlia vai retirar diretamente o botij\u00e3o de g\u00e1s nas revendedoras credenciadas pelo Governo do Brasil. A mudan\u00e7a aumenta a efici\u00eancia, a transpar\u00eancia e o controle da pol\u00edtica p\u00fablica.<\/p>\n\n\n\n<p><strong>QUEM TEM DIREITO \u2014<\/strong>\u00a0Ter\u00e3o direito ao benef\u00edcio as fam\u00edlias inscritas no Cadastro \u00danico (Cad\u00danico) com renda mensal de at\u00e9 meio sal\u00e1rio m\u00ednimo (R$ 759) por pessoa, com prioridade para aqueles que recebem o Bolsa Fam\u00edlia. Cada fam\u00edlia ter\u00e1 direito a uma quantidade de botij\u00f5es por ano, conforme a composi\u00e7\u00e3o familiar: at\u00e9 tr\u00eas botij\u00f5es para fam\u00edlias de dois integrantes; at\u00e9 quatro para fam\u00edlias com tr\u00eas integrantes; e at\u00e9 seis botij\u00f5es anuais para fam\u00edlias com quatro ou mais membros. Ao todo, o programa distribuir\u00e1 cerca de 65 milh\u00f5es de botij\u00f5es por ano.<\/p>\n\n\n\n<p><strong>FUNCIONAMENTO \u2014<\/strong>\u00a0A operacionaliza\u00e7\u00e3o do programa ser\u00e1 feita de diversas formas: por meio de um aplicativo gerido pelo Minist\u00e9rio do Desenvolvimento e Assist\u00eancia Social, Fam\u00edlia e Combate \u00e0 Fome (MDS), onde o benefici\u00e1rio poder\u00e1 localizar revendas credenciadas e acessar o vale eletr\u00f4nico; com o cart\u00e3o do pr\u00f3prio programa que ser\u00e1 criado; por meio de vale impresso a ser retirado nas ag\u00eancias da Caixa Econ\u00f4mica Federal ou em lot\u00e9ricas; ou com o cart\u00e3o do Bolsa Fam\u00edlia. A revenda participante ter\u00e1 identidade visual padronizada, incluindo nos pontos de venda, botij\u00f5es, ve\u00edculos e materiais de comunica\u00e7\u00e3o.<\/p>\n\n\n\n<p><strong>VALOR \u2014<\/strong>\u00a0O valor do benef\u00edcio ser\u00e1 definido de forma regionalizada pelos minist\u00e9rios de Minas e Energia (MME) e da Fazenda, com base em dados da Ag\u00eancia Nacional do Petr\u00f3leo, G\u00e1s Natural e Biocombust\u00edveis (ANP). A diferencia\u00e7\u00e3o do pre\u00e7o por unidade da federa\u00e7\u00e3o considera as varia\u00e7\u00f5es regionais e busca reduzir desigualdades. \u00c9 importante destacar que o pre\u00e7o de refer\u00eancia n\u00e3o inclui o frete de entrega do g\u00e1s de cozinha.<\/p>\n","protected":false},"excerpt":{"rendered":"<p>Segundo o Governo Federal, a iniciativa combate a pobreza energ\u00e9tica e triplica n\u00famero de benefici\u00e1rios do Aux\u00edlio G\u00e1s. Regi\u00e3o Nordeste [&hellip;]<\/p>\n","protected":false},"author":2,"featured_media":0,"comment_status":"open","ping_status":"open","sticky":false,"template":"","format":"standard","meta":{"site-sidebar-layout":"default","site-content-layout":"","ast-site-content-layout":"default","site-content-style":"default","site-sidebar-style":"default","ast-global-header-display":"","ast-banner-title-visibility":"","ast-main-header-display":"","ast-hfb-above-header-display":"","ast-hfb-below-header-display":"","ast-hfb-mobile-header-display":"","site-post-title":"","ast-breadcrumbs-content":"","ast-featured-img":"","footer-sml-layout":"","ast-disable-related-posts":"","theme-transparent-header-meta":"","adv-header-id-meta":"","stick-header-meta":"","header-above-stick-meta":"","header-main-stick-meta":"","header-below-stick-meta":"","astra-migrate-meta-layouts":"default","ast-page-background-enabled":"default","ast-page-background-meta":{"desktop":{"background-color":"var(--ast-global-color-5)","background-image":"","background-repeat":"repeat","background-position":"center center","background-size":"auto","background-attachment":"scroll","background-type":"","background-media":"","overlay-type":"","overlay-color":"","overlay-opacity":"","overlay-gradient":""},"tablet":{"background-color":"","background-image":"","background-repeat":"repeat","background-position":"center center","background-size":"auto","background-attachment":"scroll","background-type":"","background-media":"","overlay-type":"","overlay-color":"","overlay-opacity":"","overlay-gradient":""},"mobile":{"background-color":"","background-image":"","background-repeat":"repeat","background-position":"center center","background-size":"auto","background-attachment":"scroll","background-type":"","background-media":"","overlay-type":"","overlay-color":"","overlay-opacity":"","overlay-gradient":""}},"ast-content-background-meta":{"desktop":{"background-color":"var(--ast-global-color-4)","background-image":"","background-repeat":"repeat","background-position":"center center","background-size":"auto","background-attachment":"scroll","background-type":"","background-media":"","overlay-type":"","overlay-color":"","overlay-opacity":"","overlay-gradient":""},"tablet":{"background-color":"var(--ast-global-color-4)","background-image":"","background-repeat":"repeat","background-position":"center center","background-size":"auto","background-attachment":"scroll","background-type":"","background-media":"","overlay-type":"","overlay-color":"","overlay-opacity":"","overlay-gradient":""},"mobile":{"background-color":"var(--ast-global-color-4)","background-image":"","background-repeat":"repeat","background-position":"center center","background-size":"auto","background-attachment":"scroll","background-type":"","background-media":"","overlay-type":"","overlay-color":"","overlay-opacity":"","overlay-gradient":""}},"footnotes":""},"categories":[1],"tags":[],"class_list":["post-148038","post","type-post","status-publish","format-standard","hentry","category-sem-categoria"],"yoast_head":"<!-- This site is optimized with the Yoast SEO plugin v26.6 - https:\/\/yoast.com\/wordpress\/plugins\/seo\/ -->\n<title>Mais de 1 milh\u00e3o de fam\u00edlias do Maranh\u00e3o ter\u00e3o g\u00e1s de cozinha de gra\u00e7a - Daniel Matos<\/title>\n<meta name=\"robots\" content=\"index, follow, max-snippet:-1, max-image-preview:large, max-video-preview:-1\" \/>\n<link rel=\"canonical\" href=\"https:\/\/www.blogsoestado.com\/danielmatos\/mais-de-1-milhao-de-familias-do-maranhao-terao-gas-de-cozinha-de-graca\/\" \/>\n<meta property=\"og:locale\" content=\"pt_BR\" \/>\n<meta property=\"og:type\" content=\"article\" \/>\n<meta property=\"og:title\" content=\"Mais de 1 milh\u00e3o de fam\u00edlias do Maranh\u00e3o ter\u00e3o g\u00e1s de cozinha de gra\u00e7a - Daniel Matos\" \/>\n<meta property=\"og:description\" content=\"Segundo o Governo Federal, a iniciativa combate a pobreza energ\u00e9tica e triplica n\u00famero de benefici\u00e1rios do Aux\u00edlio G\u00e1s. Regi\u00e3o Nordeste [&hellip;]\" \/>\n<meta property=\"og:url\" content=\"https:\/\/www.blogsoestado.com\/danielmatos\/mais-de-1-milhao-de-familias-do-maranhao-terao-gas-de-cozinha-de-graca\/\" \/>\n<meta property=\"og:site_name\" content=\"Daniel Matos\" \/>\n<meta property=\"article:published_time\" content=\"2025-09-04T13:03:50+00:00\" \/>\n<meta property=\"article:modified_time\" content=\"2025-09-04T13:03:52+00:00\" \/>\n<meta property=\"og:image\" content=\"https:\/\/www.blogsoestado.com\/danielmatos\/wp-content\/uploads\/sites\/2\/2025\/09\/1003537821.webp\" \/>\n\t<meta property=\"og:image:width\" content=\"1170\" \/>\n\t<meta property=\"og:image:height\" content=\"700\" \/>\n\t<meta property=\"og:image:type\" content=\"image\/webp\" \/>\n<meta name=\"author\" content=\"Daniel Matos\" \/>\n<meta name=\"twitter:card\" content=\"summary_large_image\" \/>\n<meta name=\"twitter:label1\" content=\"Escrito por\" \/>\n\t<meta name=\"twitter:data1\" content=\"Daniel Matos\" \/>\n\t<meta name=\"twitter:label2\" content=\"Est. tempo de leitura\" \/>\n\t<meta name=\"twitter:data2\" content=\"4 minutos\" \/>\n<script type=\"application\/ld+json\" class=\"yoast-schema-graph\">{\"@context\":\"https:\/\/schema.org\",\"@graph\":[{\"@type\":\"WebPage\",\"@id\":\"https:\/\/www.blogsoestado.com\/danielmatos\/mais-de-1-milhao-de-familias-do-maranhao-terao-gas-de-cozinha-de-graca\/\",\"url\":\"https:\/\/www.blogsoestado.com\/danielmatos\/mais-de-1-milhao-de-familias-do-maranhao-terao-gas-de-cozinha-de-graca\/\",\"name\":\"Mais de 1 milh\u00e3o de fam\u00edlias do Maranh\u00e3o ter\u00e3o g\u00e1s de cozinha de gra\u00e7a - Daniel Matos\",\"isPartOf\":{\"@id\":\"https:\/\/www.blogsoestado.com\/danielmatos\/#website\"},\"primaryImageOfPage\":{\"@id\":\"https:\/\/www.blogsoestado.com\/danielmatos\/mais-de-1-milhao-de-familias-do-maranhao-terao-gas-de-cozinha-de-graca\/#primaryimage\"},\"image\":{\"@id\":\"https:\/\/www.blogsoestado.com\/danielmatos\/mais-de-1-milhao-de-familias-do-maranhao-terao-gas-de-cozinha-de-graca\/#primaryimage\"},\"thumbnailUrl\":\"https:\/\/www.blogsoestado.com\/danielmatos\/wp-content\/uploads\/sites\/2\/2025\/09\/1003537821-1024x613.webp\",\"datePublished\":\"2025-09-04T13:03:50+00:00\",\"dateModified\":\"2025-09-04T13:03:52+00:00\",\"author\":{\"@id\":\"https:\/\/www.blogsoestado.com\/danielmatos\/#\/schema\/person\/9a209d407cd45631f131e1285b661bb0\"},\"breadcrumb\":{\"@id\":\"https:\/\/www.blogsoestado.com\/danielmatos\/mais-de-1-milhao-de-familias-do-maranhao-terao-gas-de-cozinha-de-graca\/#breadcrumb\"},\"inLanguage\":\"pt-BR\",\"potentialAction\":[{\"@type\":\"ReadAction\",\"target\":[\"https:\/\/www.blogsoestado.com\/danielmatos\/mais-de-1-milhao-de-familias-do-maranhao-terao-gas-de-cozinha-de-graca\/\"]}]},{\"@type\":\"ImageObject\",\"inLanguage\":\"pt-BR\",\"@id\":\"https:\/\/www.blogsoestado.com\/danielmatos\/mais-de-1-milhao-de-familias-do-maranhao-terao-gas-de-cozinha-de-graca\/#primaryimage\",\"url\":\"https:\/\/www.blogsoestado.com\/danielmatos\/wp-content\/uploads\/sites\/2\/2025\/09\/1003537821.webp\",\"contentUrl\":\"https:\/\/www.blogsoestado.com\/danielmatos\/wp-content\/uploads\/sites\/2\/2025\/09\/1003537821.webp\",\"width\":1170,\"height\":700},{\"@type\":\"BreadcrumbList\",\"@id\":\"https:\/\/www.blogsoestado.com\/danielmatos\/mais-de-1-milhao-de-familias-do-maranhao-terao-gas-de-cozinha-de-graca\/#breadcrumb\",\"itemListElement\":[{\"@type\":\"ListItem\",\"position\":1,\"name\":\"In\u00edcio\",\"item\":\"https:\/\/www.blogsoestado.com\/danielmatos\/\"},{\"@type\":\"ListItem\",\"position\":2,\"name\":\"Mais de 1 milh\u00e3o de fam\u00edlias do Maranh\u00e3o ter\u00e3o g\u00e1s de cozinha de gra\u00e7a\"}]},{\"@type\":\"WebSite\",\"@id\":\"https:\/\/www.blogsoestado.com\/danielmatos\/#website\",\"url\":\"https:\/\/www.blogsoestado.com\/danielmatos\/\",\"name\":\"Daniel Matos\",\"description\":\"\",\"potentialAction\":[{\"@type\":\"SearchAction\",\"target\":{\"@type\":\"EntryPoint\",\"urlTemplate\":\"https:\/\/www.blogsoestado.com\/danielmatos\/?s={search_term_string}\"},\"query-input\":{\"@type\":\"PropertyValueSpecification\",\"valueRequired\":true,\"valueName\":\"search_term_string\"}}],\"inLanguage\":\"pt-BR\"},{\"@type\":\"Person\",\"@id\":\"https:\/\/www.blogsoestado.com\/danielmatos\/#\/schema\/person\/9a209d407cd45631f131e1285b661bb0\",\"name\":\"Daniel Matos\",\"image\":{\"@type\":\"ImageObject\",\"inLanguage\":\"pt-BR\",\"@id\":\"https:\/\/www.blogsoestado.com\/danielmatos\/#\/schema\/person\/image\/\",\"url\":\"https:\/\/secure.gravatar.com\/avatar\/2f26c36ee355da19a257f0dfef43952a2588b324ca35d6719e859fe338ac0392?s=96&d=mm&r=g\",\"contentUrl\":\"https:\/\/secure.gravatar.com\/avatar\/2f26c36ee355da19a257f0dfef43952a2588b324ca35d6719e859fe338ac0392?s=96&d=mm&r=g\",\"caption\":\"Daniel Matos\"},\"url\":\"https:\/\/www.blogsoestado.com\/danielmatos\/author\/danielmatos\/\"}]}<\/script>\n<!-- \/ Yoast SEO plugin. -->","yoast_head_json":{"title":"Mais de 1 milh\u00e3o de fam\u00edlias do Maranh\u00e3o ter\u00e3o g\u00e1s de cozinha de gra\u00e7a - Daniel Matos","robots":{"index":"index","follow":"follow","max-snippet":"max-snippet:-1","max-image-preview":"max-image-preview:large","max-video-preview":"max-video-preview:-1"},"canonical":"https:\/\/www.blogsoestado.com\/danielmatos\/mais-de-1-milhao-de-familias-do-maranhao-terao-gas-de-cozinha-de-graca\/","og_locale":"pt_BR","og_type":"article","og_title":"Mais de 1 milh\u00e3o de fam\u00edlias do Maranh\u00e3o ter\u00e3o g\u00e1s de cozinha de gra\u00e7a - Daniel Matos","og_description":"Segundo o Governo Federal, a iniciativa combate a pobreza energ\u00e9tica e triplica n\u00famero de benefici\u00e1rios do Aux\u00edlio G\u00e1s. Regi\u00e3o Nordeste [&hellip;]","og_url":"https:\/\/www.blogsoestado.com\/danielmatos\/mais-de-1-milhao-de-familias-do-maranhao-terao-gas-de-cozinha-de-graca\/","og_site_name":"Daniel Matos","article_published_time":"2025-09-04T13:03:50+00:00","article_modified_time":"2025-09-04T13:03:52+00:00","og_image":[{"width":1170,"height":700,"url":"https:\/\/www.blogsoestado.com\/danielmatos\/wp-content\/uploads\/sites\/2\/2025\/09\/1003537821.webp","type":"image\/webp"}],"author":"Daniel Matos","twitter_card":"summary_large_image","twitter_misc":{"Escrito por":"Daniel Matos","Est. tempo de leitura":"4 minutos"},"schema":{"@context":"https:\/\/schema.org","@graph":[{"@type":"WebPage","@id":"https:\/\/www.blogsoestado.com\/danielmatos\/mais-de-1-milhao-de-familias-do-maranhao-terao-gas-de-cozinha-de-graca\/","url":"https:\/\/www.blogsoestado.com\/danielmatos\/mais-de-1-milhao-de-familias-do-maranhao-terao-gas-de-cozinha-de-graca\/","name":"Mais de 1 milh\u00e3o de fam\u00edlias do Maranh\u00e3o ter\u00e3o g\u00e1s de cozinha de gra\u00e7a - Daniel Matos","isPartOf":{"@id":"https:\/\/www.blogsoestado.com\/danielmatos\/#website"},"primaryImageOfPage":{"@id":"https:\/\/www.blogsoestado.com\/danielmatos\/mais-de-1-milhao-de-familias-do-maranhao-terao-gas-de-cozinha-de-graca\/#primaryimage"},"image":{"@id":"https:\/\/www.blogsoestado.com\/danielmatos\/mais-de-1-milhao-de-familias-do-maranhao-terao-gas-de-cozinha-de-graca\/#primaryimage"},"thumbnailUrl":"https:\/\/www.blogsoestado.com\/danielmatos\/wp-content\/uploads\/sites\/2\/2025\/09\/1003537821-1024x613.webp","datePublished":"2025-09-04T13:03:50+00:00","dateModified":"2025-09-04T13:03:52+00:00","author":{"@id":"https:\/\/www.blogsoestado.com\/danielmatos\/#\/schema\/person\/9a209d407cd45631f131e1285b661bb0"},"breadcrumb":{"@id":"https:\/\/www.blogsoestado.com\/danielmatos\/mais-de-1-milhao-de-familias-do-maranhao-terao-gas-de-cozinha-de-graca\/#breadcrumb"},"inLanguage":"pt-BR","potentialAction":[{"@type":"ReadAction","target":["https:\/\/www.blogsoestado.com\/danielmatos\/mais-de-1-milhao-de-familias-do-maranhao-terao-gas-de-cozinha-de-graca\/"]}]},{"@type":"ImageObject","inLanguage":"pt-BR","@id":"https:\/\/www.blogsoestado.com\/danielmatos\/mais-de-1-milhao-de-familias-do-maranhao-terao-gas-de-cozinha-de-graca\/#primaryimage","url":"https:\/\/www.blogsoestado.com\/danielmatos\/wp-content\/uploads\/sites\/2\/2025\/09\/1003537821.webp","contentUrl":"https:\/\/www.blogsoestado.com\/danielmatos\/wp-content\/uploads\/sites\/2\/2025\/09\/1003537821.webp","width":1170,"height":700},{"@type":"BreadcrumbList","@id":"https:\/\/www.blogsoestado.com\/danielmatos\/mais-de-1-milhao-de-familias-do-maranhao-terao-gas-de-cozinha-de-graca\/#breadcrumb","itemListElement":[{"@type":"ListItem","position":1,"name":"In\u00edcio","item":"https:\/\/www.blogsoestado.com\/danielmatos\/"},{"@type":"ListItem","position":2,"name":"Mais de 1 milh\u00e3o de fam\u00edlias do Maranh\u00e3o ter\u00e3o g\u00e1s de cozinha de gra\u00e7a"}]},{"@type":"WebSite","@id":"https:\/\/www.blogsoestado.com\/danielmatos\/#website","url":"https:\/\/www.blogsoestado.com\/danielmatos\/","name":"Daniel Matos","description":"","potentialAction":[{"@type":"SearchAction","target":{"@type":"EntryPoint","urlTemplate":"https:\/\/www.blogsoestado.com\/danielmatos\/?s={search_term_string}"},"query-input":{"@type":"PropertyValueSpecification","valueRequired":true,"valueName":"search_term_string"}}],"inLanguage":"pt-BR"},{"@type":"Person","@id":"https:\/\/www.blogsoestado.com\/danielmatos\/#\/schema\/person\/9a209d407cd45631f131e1285b661bb0","name":"Daniel Matos","image":{"@type":"ImageObject","inLanguage":"pt-BR","@id":"https:\/\/www.blogsoestado.com\/danielmatos\/#\/schema\/person\/image\/","url":"https:\/\/secure.gravatar.com\/avatar\/2f26c36ee355da19a257f0dfef43952a2588b324ca35d6719e859fe338ac0392?s=96&d=mm&r=g","contentUrl":"https:\/\/secure.gravatar.com\/avatar\/2f26c36ee355da19a257f0dfef43952a2588b324ca35d6719e859fe338ac0392?s=96&d=mm&r=g","caption":"Daniel Matos"},"url":"https:\/\/www.blogsoestado.com\/danielmatos\/author\/danielmatos\/"}]}},"jetpack_featured_media_url":"","_links":{"self":[{"href":"https:\/\/www.blogsoestado.com\/danielmatos\/wp-json\/wp\/v2\/posts\/148038","targetHints":{"allow":["GET"]}}],"collection":[{"href":"https:\/\/www.blogsoestado.com\/danielmatos\/wp-json\/wp\/v2\/posts"}],"about":[{"href":"https:\/\/www.blogsoestado.com\/danielmatos\/wp-json\/wp\/v2\/types\/post"}],"author":[{"embeddable":true,"href":"https:\/\/www.blogsoestado.com\/danielmatos\/wp-json\/wp\/v2\/users\/2"}],"replies":[{"embeddable":true,"href":"https:\/\/www.blogsoestado.com\/danielmatos\/wp-json\/wp\/v2\/comments?post=148038"}],"version-history":[{"count":1,"href":"https:\/\/www.blogsoestado.com\/danielmatos\/wp-json\/wp\/v2\/posts\/148038\/revisions"}],"predecessor-version":[{"id":148040,"href":"https:\/\/www.blogsoestado.com\/danielmatos\/wp-json\/wp\/v2\/posts\/148038\/revisions\/148040"}],"wp:attachment":[{"href":"https:\/\/www.blogsoestado.com\/danielmatos\/wp-json\/wp\/v2\/media?parent=148038"}],"wp:term":[{"taxonomy":"category","embeddable":true,"href":"https:\/\/www.blogsoestado.com\/danielmatos\/wp-json\/wp\/v2\/categories?post=148038"},{"taxonomy":"post_tag","embeddable":true,"href":"https:\/\/www.blogsoestado.com\/danielmatos\/wp-json\/wp\/v2\/tags?post=148038"}],"curies":[{"name":"wp","href":"https:\/\/api.w.org\/{rel}","templated":true}]}}