{"id":148041,"date":"2025-09-04T10:41:49","date_gmt":"2025-09-04T13:41:49","guid":{"rendered":"https:\/\/www.blogsoestado.com\/danielmatos\/?p=148041"},"modified":"2025-09-04T10:41:53","modified_gmt":"2025-09-04T13:41:53","slug":"assembleia-legislativa-recorre-ao-stf-contra-decisao-de-flavio-dino-e-reforca-defesa-da-celeridade-processual","status":"publish","type":"post","link":"https:\/\/www.blogsoestado.com\/danielmatos\/assembleia-legislativa-recorre-ao-stf-contra-decisao-de-flavio-dino-e-reforca-defesa-da-celeridade-processual\/","title":{"rendered":"Assembleia Legislativa recorre ao STF contra decis\u00e3o de Fl\u00e1vio Dino e refor\u00e7a defesa da celeridade processual"},"content":{"rendered":"\n<figure class=\"wp-block-image aligncenter size-full\"><img fetchpriority=\"high\" decoding=\"async\" width=\"723\" height=\"480\" src=\"https:\/\/www.blogsoestado.com\/danielmatos\/wp-content\/uploads\/sites\/2\/2025\/09\/1003538447.jpg\" alt=\"\" class=\"wp-image-148042\" srcset=\"https:\/\/www.blogsoestado.com\/danielmatos\/wp-content\/uploads\/sites\/2\/2025\/09\/1003538447.jpg 723w, https:\/\/www.blogsoestado.com\/danielmatos\/wp-content\/uploads\/sites\/2\/2025\/09\/1003538447-300x199.jpg 300w\" sizes=\"(max-width: 723px) 100vw, 723px\" \/><figcaption class=\"wp-element-caption\">A Alema refor\u00e7a que, em momento algum, requereu ou sequer insinuou a abertura de investiga\u00e7\u00f5es contra o governador Carlos Brand\u00e3o<\/figcaption><\/figure>\n\n\n\n<p>A Procuradoria da Assembleia Legislativa do Maranh\u00e3o ingressou, nesta quarta-feira (3), com Agravo Regimental a fim de reformar a decis\u00e3o monocr\u00e1tica proferida pelo ministro do Supremo Tribunal Federal, Fl\u00e1vio Dino, no \u00e2mbito das A\u00e7\u00f5es Direta de Inconstitucionalidade n\u2070 7603, 7605 e 7780, que tratam da composi\u00e7\u00e3o do Tribunal de Contas do Estado do Maranh\u00e3o (TCE-MA). Na pr\u00e1tica, o recurso pede a revis\u00e3o do despacho que determinou o desmembramento de peti\u00e7\u00f5es e o envio de documentos \u00e0 Pol\u00edcia Federal. Tamb\u00e9m requer que o processo seja levado ao plen\u00e1rio do STF para julgamento das medidas cautelares e dos agravos pendentes.<\/p>\n\n\n\n<p>Entre os pontos destacados na peti\u00e7\u00e3o, a Alema refor\u00e7a que, em momento algum, requereu ou sequer insinuou a abertura de investiga\u00e7\u00f5es contra o governador Carlos Brand\u00e3o (PSB), at\u00e9 porque o procedimento acarretaria demora ainda maior na aprecia\u00e7\u00e3o da ADI e por n\u00e3o ser a inst\u00e2ncia correta para julgamento de autoridade com foro privilegiado. \u201cA Assembleia, em momento algum, requereu ou sequer insinuou a abertura de investiga\u00e7\u00f5es contra o Excelent\u00edssimo Senhor Governador do Estado, conforme j\u00e1 amplamente demonstrado nos autos, por meio de recurso pr\u00f3prio ainda pendente de aprecia\u00e7\u00e3o por esta Suprema Corte\u201d, destaca o documento.<\/p>\n\n\n\n<p>A Assembleia tamb\u00e9m expressa que trabalha, desde o princ\u00edpio, pela celeridade no julgamento da a\u00e7\u00e3o. \u201c\u00c9, portanto, absolutamente descabida e ofensiva \u00e0 institucionalidade a tentativa de imputar ao Legislativo estadual qualquer conduta procrastinat\u00f3ria. Se h\u00e1, no curso do processo, iniciativas que atentam contra a boa-f\u00e9 processual e buscam obstruir o regular exerc\u00edcio da jurisdi\u00e7\u00e3o constitucional, estas n\u00e3o t\u00eam origem no Parlamento maranhense, mas na atua\u00e7\u00e3o de terceiros que, sem legitimidade adequada, procuram transformar a Suprema Corte em arena\u201d.<\/p>\n\n\n\n<p>Ressalta, ainda, que as medidas cautelares anteriormente deferidas nas ADIs n\u2070 7603, 7605 e 7780, todas sobre a escolha de conselheiro para o TCE-MA, permanecem pendentes de aprecia\u00e7\u00e3o pelo plen\u00e1rio do STF.<\/p>\n\n\n\n<p>\u201cTal aus\u00eancia deliberativa, por mais que derivada da din\u00e2mica pr\u00f3pria do processo, n\u00e3o pode ser perpetuada diante das graves repercuss\u00f5es institucionais envolvidas, especialmente quando se constata, como no caso concreto, que o Tribunal de Contas do Estado do Maranh\u00e3o permanece desfalcado de dois membros efetivos, situa\u00e7\u00e3o que fragiliza sua capacidade funcional e compromete o desempenho de sua miss\u00e3o constitucional de fiscaliza\u00e7\u00e3o e controle externo da Administra\u00e7\u00e3o P\u00fablica\u201d, reitera.<\/p>\n\n\n\n<p><strong><mark style=\"color:#cf2e2e\" class=\"has-inline-color\">Clique <a href=\"https:\/\/acrobat.adobe.com\/id\/urn:aaid:sc:VA6C2:ba1f0f84-e434-40e0-b74f-f8373a7d995c\">aqui<\/a> e  leia o agravo.<\/mark><\/strong><\/p>\n","protected":false},"excerpt":{"rendered":"<p>A Procuradoria da Assembleia Legislativa do Maranh\u00e3o ingressou, nesta quarta-feira (3), com Agravo Regimental a fim de reformar a decis\u00e3o [&hellip;]<\/p>\n","protected":false},"author":2,"featured_media":0,"comment_status":"open","ping_status":"open","sticky":false,"template":"","format":"standard","meta":{"site-sidebar-layout":"default","site-content-layout":"","ast-site-content-layout":"default","site-content-style":"default","site-sidebar-style":"default","ast-global-header-display":"","ast-banner-title-visibility":"","ast-main-header-display":"","ast-hfb-above-header-display":"","ast-hfb-below-header-display":"","ast-hfb-mobile-header-display":"","site-post-title":"","ast-breadcrumbs-content":"","ast-featured-img":"","footer-sml-layout":"","ast-disable-related-posts":"","theme-transparent-header-meta":"","adv-header-id-meta":"","stick-header-meta":"","header-above-stick-meta":"","header-main-stick-meta":"","header-below-stick-meta":"","astra-migrate-meta-layouts":"default","ast-page-background-enabled":"default","ast-page-background-meta":{"desktop":{"background-color":"var(--ast-global-color-5)","background-image":"","background-repeat":"repeat","background-position":"center center","background-size":"auto","background-attachment":"scroll","background-type":"","background-media":"","overlay-type":"","overlay-color":"","overlay-opacity":"","overlay-gradient":""},"tablet":{"background-color":"","background-image":"","background-repeat":"repeat","background-position":"center center","background-size":"auto","background-attachment":"scroll","background-type":"","background-media":"","overlay-type":"","overlay-color":"","overlay-opacity":"","overlay-gradient":""},"mobile":{"background-color":"","background-image":"","background-repeat":"repeat","background-position":"center center","background-size":"auto","background-attachment":"scroll","background-type":"","background-media":"","overlay-type":"","overlay-color":"","overlay-opacity":"","overlay-gradient":""}},"ast-content-background-meta":{"desktop":{"background-color":"var(--ast-global-color-4)","background-image":"","background-repeat":"repeat","background-position":"center center","background-size":"auto","background-attachment":"scroll","background-type":"","background-media":"","overlay-type":"","overlay-color":"","overlay-opacity":"","overlay-gradient":""},"tablet":{"background-color":"var(--ast-global-color-4)","background-image":"","background-repeat":"repeat","background-position":"center center","background-size":"auto","background-attachment":"scroll","background-type":"","background-media":"","overlay-type":"","overlay-color":"","overlay-opacity":"","overlay-gradient":""},"mobile":{"background-color":"var(--ast-global-color-4)","background-image":"","background-repeat":"repeat","background-position":"center center","background-size":"auto","background-attachment":"scroll","background-type":"","background-media":"","overlay-type":"","overlay-color":"","overlay-opacity":"","overlay-gradient":""}},"footnotes":""},"categories":[1],"tags":[],"class_list":["post-148041","post","type-post","status-publish","format-standard","hentry","category-sem-categoria"],"yoast_head":"<!-- This site is optimized with the Yoast SEO plugin v26.6 - https:\/\/yoast.com\/wordpress\/plugins\/seo\/ -->\n<title>Assembleia Legislativa recorre ao STF contra decis\u00e3o de Fl\u00e1vio Dino e refor\u00e7a defesa da celeridade processual - Daniel Matos<\/title>\n<meta name=\"robots\" content=\"index, follow, max-snippet:-1, max-image-preview:large, max-video-preview:-1\" \/>\n<link rel=\"canonical\" href=\"https:\/\/www.blogsoestado.com\/danielmatos\/assembleia-legislativa-recorre-ao-stf-contra-decisao-de-flavio-dino-e-reforca-defesa-da-celeridade-processual\/\" \/>\n<meta property=\"og:locale\" content=\"pt_BR\" \/>\n<meta property=\"og:type\" content=\"article\" \/>\n<meta property=\"og:title\" content=\"Assembleia Legislativa recorre ao STF contra decis\u00e3o de Fl\u00e1vio Dino e refor\u00e7a defesa da celeridade processual - Daniel Matos\" \/>\n<meta property=\"og:description\" content=\"A Procuradoria da Assembleia Legislativa do Maranh\u00e3o ingressou, nesta quarta-feira (3), com Agravo Regimental a fim de reformar a decis\u00e3o [&hellip;]\" \/>\n<meta property=\"og:url\" content=\"https:\/\/www.blogsoestado.com\/danielmatos\/assembleia-legislativa-recorre-ao-stf-contra-decisao-de-flavio-dino-e-reforca-defesa-da-celeridade-processual\/\" \/>\n<meta property=\"og:site_name\" content=\"Daniel Matos\" \/>\n<meta property=\"article:published_time\" content=\"2025-09-04T13:41:49+00:00\" \/>\n<meta property=\"article:modified_time\" content=\"2025-09-04T13:41:53+00:00\" \/>\n<meta property=\"og:image\" content=\"https:\/\/www.blogsoestado.com\/danielmatos\/wp-content\/uploads\/sites\/2\/2025\/09\/1003538447.jpg\" \/>\n\t<meta property=\"og:image:width\" content=\"723\" \/>\n\t<meta property=\"og:image:height\" content=\"480\" \/>\n\t<meta property=\"og:image:type\" content=\"image\/jpeg\" \/>\n<meta name=\"author\" content=\"Daniel Matos\" \/>\n<meta name=\"twitter:card\" content=\"summary_large_image\" \/>\n<meta name=\"twitter:label1\" content=\"Escrito por\" \/>\n\t<meta name=\"twitter:data1\" content=\"Daniel Matos\" \/>\n\t<meta name=\"twitter:label2\" content=\"Est. tempo de leitura\" \/>\n\t<meta name=\"twitter:data2\" content=\"3 minutos\" \/>\n<script type=\"application\/ld+json\" class=\"yoast-schema-graph\">{\"@context\":\"https:\/\/schema.org\",\"@graph\":[{\"@type\":\"WebPage\",\"@id\":\"https:\/\/www.blogsoestado.com\/danielmatos\/assembleia-legislativa-recorre-ao-stf-contra-decisao-de-flavio-dino-e-reforca-defesa-da-celeridade-processual\/\",\"url\":\"https:\/\/www.blogsoestado.com\/danielmatos\/assembleia-legislativa-recorre-ao-stf-contra-decisao-de-flavio-dino-e-reforca-defesa-da-celeridade-processual\/\",\"name\":\"Assembleia Legislativa recorre ao STF contra decis\u00e3o de Fl\u00e1vio Dino e refor\u00e7a defesa da celeridade processual - Daniel Matos\",\"isPartOf\":{\"@id\":\"https:\/\/www.blogsoestado.com\/danielmatos\/#website\"},\"primaryImageOfPage\":{\"@id\":\"https:\/\/www.blogsoestado.com\/danielmatos\/assembleia-legislativa-recorre-ao-stf-contra-decisao-de-flavio-dino-e-reforca-defesa-da-celeridade-processual\/#primaryimage\"},\"image\":{\"@id\":\"https:\/\/www.blogsoestado.com\/danielmatos\/assembleia-legislativa-recorre-ao-stf-contra-decisao-de-flavio-dino-e-reforca-defesa-da-celeridade-processual\/#primaryimage\"},\"thumbnailUrl\":\"https:\/\/www.blogsoestado.com\/danielmatos\/wp-content\/uploads\/sites\/2\/2025\/09\/1003538447.jpg\",\"datePublished\":\"2025-09-04T13:41:49+00:00\",\"dateModified\":\"2025-09-04T13:41:53+00:00\",\"author\":{\"@id\":\"https:\/\/www.blogsoestado.com\/danielmatos\/#\/schema\/person\/9a209d407cd45631f131e1285b661bb0\"},\"breadcrumb\":{\"@id\":\"https:\/\/www.blogsoestado.com\/danielmatos\/assembleia-legislativa-recorre-ao-stf-contra-decisao-de-flavio-dino-e-reforca-defesa-da-celeridade-processual\/#breadcrumb\"},\"inLanguage\":\"pt-BR\",\"potentialAction\":[{\"@type\":\"ReadAction\",\"target\":[\"https:\/\/www.blogsoestado.com\/danielmatos\/assembleia-legislativa-recorre-ao-stf-contra-decisao-de-flavio-dino-e-reforca-defesa-da-celeridade-processual\/\"]}]},{\"@type\":\"ImageObject\",\"inLanguage\":\"pt-BR\",\"@id\":\"https:\/\/www.blogsoestado.com\/danielmatos\/assembleia-legislativa-recorre-ao-stf-contra-decisao-de-flavio-dino-e-reforca-defesa-da-celeridade-processual\/#primaryimage\",\"url\":\"https:\/\/www.blogsoestado.com\/danielmatos\/wp-content\/uploads\/sites\/2\/2025\/09\/1003538447.jpg\",\"contentUrl\":\"https:\/\/www.blogsoestado.com\/danielmatos\/wp-content\/uploads\/sites\/2\/2025\/09\/1003538447.jpg\",\"width\":723,\"height\":480},{\"@type\":\"BreadcrumbList\",\"@id\":\"https:\/\/www.blogsoestado.com\/danielmatos\/assembleia-legislativa-recorre-ao-stf-contra-decisao-de-flavio-dino-e-reforca-defesa-da-celeridade-processual\/#breadcrumb\",\"itemListElement\":[{\"@type\":\"ListItem\",\"position\":1,\"name\":\"In\u00edcio\",\"item\":\"https:\/\/www.blogsoestado.com\/danielmatos\/\"},{\"@type\":\"ListItem\",\"position\":2,\"name\":\"Assembleia Legislativa recorre ao STF contra decis\u00e3o de Fl\u00e1vio Dino e refor\u00e7a defesa da celeridade processual\"}]},{\"@type\":\"WebSite\",\"@id\":\"https:\/\/www.blogsoestado.com\/danielmatos\/#website\",\"url\":\"https:\/\/www.blogsoestado.com\/danielmatos\/\",\"name\":\"Daniel Matos\",\"description\":\"\",\"potentialAction\":[{\"@type\":\"SearchAction\",\"target\":{\"@type\":\"EntryPoint\",\"urlTemplate\":\"https:\/\/www.blogsoestado.com\/danielmatos\/?s={search_term_string}\"},\"query-input\":{\"@type\":\"PropertyValueSpecification\",\"valueRequired\":true,\"valueName\":\"search_term_string\"}}],\"inLanguage\":\"pt-BR\"},{\"@type\":\"Person\",\"@id\":\"https:\/\/www.blogsoestado.com\/danielmatos\/#\/schema\/person\/9a209d407cd45631f131e1285b661bb0\",\"name\":\"Daniel Matos\",\"image\":{\"@type\":\"ImageObject\",\"inLanguage\":\"pt-BR\",\"@id\":\"https:\/\/www.blogsoestado.com\/danielmatos\/#\/schema\/person\/image\/\",\"url\":\"https:\/\/secure.gravatar.com\/avatar\/2f26c36ee355da19a257f0dfef43952a2588b324ca35d6719e859fe338ac0392?s=96&d=mm&r=g\",\"contentUrl\":\"https:\/\/secure.gravatar.com\/avatar\/2f26c36ee355da19a257f0dfef43952a2588b324ca35d6719e859fe338ac0392?s=96&d=mm&r=g\",\"caption\":\"Daniel Matos\"},\"url\":\"https:\/\/www.blogsoestado.com\/danielmatos\/author\/danielmatos\/\"}]}<\/script>\n<!-- \/ Yoast SEO plugin. -->","yoast_head_json":{"title":"Assembleia Legislativa recorre ao STF contra decis\u00e3o de Fl\u00e1vio Dino e refor\u00e7a defesa da celeridade processual - Daniel Matos","robots":{"index":"index","follow":"follow","max-snippet":"max-snippet:-1","max-image-preview":"max-image-preview:large","max-video-preview":"max-video-preview:-1"},"canonical":"https:\/\/www.blogsoestado.com\/danielmatos\/assembleia-legislativa-recorre-ao-stf-contra-decisao-de-flavio-dino-e-reforca-defesa-da-celeridade-processual\/","og_locale":"pt_BR","og_type":"article","og_title":"Assembleia Legislativa recorre ao STF contra decis\u00e3o de Fl\u00e1vio Dino e refor\u00e7a defesa da celeridade processual - Daniel Matos","og_description":"A Procuradoria da Assembleia Legislativa do Maranh\u00e3o ingressou, nesta quarta-feira (3), com Agravo Regimental a fim de reformar a decis\u00e3o [&hellip;]","og_url":"https:\/\/www.blogsoestado.com\/danielmatos\/assembleia-legislativa-recorre-ao-stf-contra-decisao-de-flavio-dino-e-reforca-defesa-da-celeridade-processual\/","og_site_name":"Daniel Matos","article_published_time":"2025-09-04T13:41:49+00:00","article_modified_time":"2025-09-04T13:41:53+00:00","og_image":[{"width":723,"height":480,"url":"https:\/\/www.blogsoestado.com\/danielmatos\/wp-content\/uploads\/sites\/2\/2025\/09\/1003538447.jpg","type":"image\/jpeg"}],"author":"Daniel Matos","twitter_card":"summary_large_image","twitter_misc":{"Escrito por":"Daniel Matos","Est. tempo de leitura":"3 minutos"},"schema":{"@context":"https:\/\/schema.org","@graph":[{"@type":"WebPage","@id":"https:\/\/www.blogsoestado.com\/danielmatos\/assembleia-legislativa-recorre-ao-stf-contra-decisao-de-flavio-dino-e-reforca-defesa-da-celeridade-processual\/","url":"https:\/\/www.blogsoestado.com\/danielmatos\/assembleia-legislativa-recorre-ao-stf-contra-decisao-de-flavio-dino-e-reforca-defesa-da-celeridade-processual\/","name":"Assembleia Legislativa recorre ao STF contra decis\u00e3o de Fl\u00e1vio Dino e refor\u00e7a defesa da celeridade processual - Daniel Matos","isPartOf":{"@id":"https:\/\/www.blogsoestado.com\/danielmatos\/#website"},"primaryImageOfPage":{"@id":"https:\/\/www.blogsoestado.com\/danielmatos\/assembleia-legislativa-recorre-ao-stf-contra-decisao-de-flavio-dino-e-reforca-defesa-da-celeridade-processual\/#primaryimage"},"image":{"@id":"https:\/\/www.blogsoestado.com\/danielmatos\/assembleia-legislativa-recorre-ao-stf-contra-decisao-de-flavio-dino-e-reforca-defesa-da-celeridade-processual\/#primaryimage"},"thumbnailUrl":"https:\/\/www.blogsoestado.com\/danielmatos\/wp-content\/uploads\/sites\/2\/2025\/09\/1003538447.jpg","datePublished":"2025-09-04T13:41:49+00:00","dateModified":"2025-09-04T13:41:53+00:00","author":{"@id":"https:\/\/www.blogsoestado.com\/danielmatos\/#\/schema\/person\/9a209d407cd45631f131e1285b661bb0"},"breadcrumb":{"@id":"https:\/\/www.blogsoestado.com\/danielmatos\/assembleia-legislativa-recorre-ao-stf-contra-decisao-de-flavio-dino-e-reforca-defesa-da-celeridade-processual\/#breadcrumb"},"inLanguage":"pt-BR","potentialAction":[{"@type":"ReadAction","target":["https:\/\/www.blogsoestado.com\/danielmatos\/assembleia-legislativa-recorre-ao-stf-contra-decisao-de-flavio-dino-e-reforca-defesa-da-celeridade-processual\/"]}]},{"@type":"ImageObject","inLanguage":"pt-BR","@id":"https:\/\/www.blogsoestado.com\/danielmatos\/assembleia-legislativa-recorre-ao-stf-contra-decisao-de-flavio-dino-e-reforca-defesa-da-celeridade-processual\/#primaryimage","url":"https:\/\/www.blogsoestado.com\/danielmatos\/wp-content\/uploads\/sites\/2\/2025\/09\/1003538447.jpg","contentUrl":"https:\/\/www.blogsoestado.com\/danielmatos\/wp-content\/uploads\/sites\/2\/2025\/09\/1003538447.jpg","width":723,"height":480},{"@type":"BreadcrumbList","@id":"https:\/\/www.blogsoestado.com\/danielmatos\/assembleia-legislativa-recorre-ao-stf-contra-decisao-de-flavio-dino-e-reforca-defesa-da-celeridade-processual\/#breadcrumb","itemListElement":[{"@type":"ListItem","position":1,"name":"In\u00edcio","item":"https:\/\/www.blogsoestado.com\/danielmatos\/"},{"@type":"ListItem","position":2,"name":"Assembleia Legislativa recorre ao STF contra decis\u00e3o de Fl\u00e1vio Dino e refor\u00e7a defesa da celeridade processual"}]},{"@type":"WebSite","@id":"https:\/\/www.blogsoestado.com\/danielmatos\/#website","url":"https:\/\/www.blogsoestado.com\/danielmatos\/","name":"Daniel Matos","description":"","potentialAction":[{"@type":"SearchAction","target":{"@type":"EntryPoint","urlTemplate":"https:\/\/www.blogsoestado.com\/danielmatos\/?s={search_term_string}"},"query-input":{"@type":"PropertyValueSpecification","valueRequired":true,"valueName":"search_term_string"}}],"inLanguage":"pt-BR"},{"@type":"Person","@id":"https:\/\/www.blogsoestado.com\/danielmatos\/#\/schema\/person\/9a209d407cd45631f131e1285b661bb0","name":"Daniel Matos","image":{"@type":"ImageObject","inLanguage":"pt-BR","@id":"https:\/\/www.blogsoestado.com\/danielmatos\/#\/schema\/person\/image\/","url":"https:\/\/secure.gravatar.com\/avatar\/2f26c36ee355da19a257f0dfef43952a2588b324ca35d6719e859fe338ac0392?s=96&d=mm&r=g","contentUrl":"https:\/\/secure.gravatar.com\/avatar\/2f26c36ee355da19a257f0dfef43952a2588b324ca35d6719e859fe338ac0392?s=96&d=mm&r=g","caption":"Daniel Matos"},"url":"https:\/\/www.blogsoestado.com\/danielmatos\/author\/danielmatos\/"}]}},"jetpack_featured_media_url":"","_links":{"self":[{"href":"https:\/\/www.blogsoestado.com\/danielmatos\/wp-json\/wp\/v2\/posts\/148041","targetHints":{"allow":["GET"]}}],"collection":[{"href":"https:\/\/www.blogsoestado.com\/danielmatos\/wp-json\/wp\/v2\/posts"}],"about":[{"href":"https:\/\/www.blogsoestado.com\/danielmatos\/wp-json\/wp\/v2\/types\/post"}],"author":[{"embeddable":true,"href":"https:\/\/www.blogsoestado.com\/danielmatos\/wp-json\/wp\/v2\/users\/2"}],"replies":[{"embeddable":true,"href":"https:\/\/www.blogsoestado.com\/danielmatos\/wp-json\/wp\/v2\/comments?post=148041"}],"version-history":[{"count":1,"href":"https:\/\/www.blogsoestado.com\/danielmatos\/wp-json\/wp\/v2\/posts\/148041\/revisions"}],"predecessor-version":[{"id":148043,"href":"https:\/\/www.blogsoestado.com\/danielmatos\/wp-json\/wp\/v2\/posts\/148041\/revisions\/148043"}],"wp:attachment":[{"href":"https:\/\/www.blogsoestado.com\/danielmatos\/wp-json\/wp\/v2\/media?parent=148041"}],"wp:term":[{"taxonomy":"category","embeddable":true,"href":"https:\/\/www.blogsoestado.com\/danielmatos\/wp-json\/wp\/v2\/categories?post=148041"},{"taxonomy":"post_tag","embeddable":true,"href":"https:\/\/www.blogsoestado.com\/danielmatos\/wp-json\/wp\/v2\/tags?post=148041"}],"curies":[{"name":"wp","href":"https:\/\/api.w.org\/{rel}","templated":true}]}}