{"id":148130,"date":"2025-09-07T12:53:13","date_gmt":"2025-09-07T15:53:13","guid":{"rendered":"https:\/\/www.blogsoestado.com\/danielmatos\/?p=148130"},"modified":"2025-09-07T12:53:16","modified_gmt":"2025-09-07T15:53:16","slug":"grupo-potiguar-doa-mesas-e-cadeiras-para-praca-de-alimentacao-do-novo-terminal-da-cidade","status":"publish","type":"post","link":"https:\/\/www.blogsoestado.com\/danielmatos\/grupo-potiguar-doa-mesas-e-cadeiras-para-praca-de-alimentacao-do-novo-terminal-da-cidade\/","title":{"rendered":"Grupo Potiguar doa mesas e cadeiras para Pra\u00e7a de Alimenta\u00e7\u00e3o do novo Terminal da Cidade"},"content":{"rendered":"\n<p><strong><mark style=\"color:#cf2e2e\" class=\"has-inline-color\">Empresa genuinamente maranhense a Potiguar reafirma seu apoio \u00e0s iniciativas que gerem mais trabalho, renda e qualidade de vida<\/mark><\/strong><\/p>\n\n\n\n<figure class=\"wp-block-image aligncenter size-large\"><img fetchpriority=\"high\" decoding=\"async\" width=\"1024\" height=\"682\" src=\"https:\/\/www.blogsoestado.com\/danielmatos\/wp-content\/uploads\/sites\/2\/2025\/09\/1003570061-1024x682.jpg\" alt=\"\" class=\"wp-image-148131\" srcset=\"https:\/\/www.blogsoestado.com\/danielmatos\/wp-content\/uploads\/sites\/2\/2025\/09\/1003570061-1024x682.jpg 1024w, https:\/\/www.blogsoestado.com\/danielmatos\/wp-content\/uploads\/sites\/2\/2025\/09\/1003570061-300x200.jpg 300w, https:\/\/www.blogsoestado.com\/danielmatos\/wp-content\/uploads\/sites\/2\/2025\/09\/1003570061-768x512.jpg 768w, https:\/\/www.blogsoestado.com\/danielmatos\/wp-content\/uploads\/sites\/2\/2025\/09\/1003570061.jpg 1280w\" sizes=\"(max-width: 1024px) 100vw, 1024px\" \/><figcaption class=\"wp-element-caption\">O prefeito Eduardo Braide e a viice-prefeita Ism\u00eania Miranda com secret\u00e1rios municipais e o Diretor Comercial do Grupo Potiguar Adriano Pestana, na solenidade de inaugura\u00e7\u00e3o do Terminal da Cidade<\/figcaption><\/figure>\n\n\n\n<p>O Grupo Potiguar refor\u00e7ou, mais uma vez, sua parceria com a Prefeitura de S\u00e3o Lu\u00eds ao doar um conjunto de 30 mesas e cadeiras para a Pra\u00e7a de Alimenta\u00e7\u00e3o do rec\u00e9m-inaugurado Terminal da Cidade, localizado na BR-135 pr\u00f3ximo ao aeroporto.<\/p>\n\n\n\n<p>O espa\u00e7o foi entregue pelo prefeito Eduardo Braide nessa sexta \u2013 feira (5.9) como um presente \u00e0 popula\u00e7\u00e3o em comemora\u00e7\u00e3o ao anivers\u00e1rio de 413 anos da capital maranhense, que aniversaria dia 8 de setembro.<\/p>\n\n\n\n<figure class=\"wp-block-image aligncenter size-large\"><img decoding=\"async\" width=\"1024\" height=\"682\" src=\"https:\/\/www.blogsoestado.com\/danielmatos\/wp-content\/uploads\/sites\/2\/2025\/09\/1003570067-1024x682.jpg\" alt=\"\" class=\"wp-image-148132\" srcset=\"https:\/\/www.blogsoestado.com\/danielmatos\/wp-content\/uploads\/sites\/2\/2025\/09\/1003570067-1024x682.jpg 1024w, https:\/\/www.blogsoestado.com\/danielmatos\/wp-content\/uploads\/sites\/2\/2025\/09\/1003570067-300x200.jpg 300w, https:\/\/www.blogsoestado.com\/danielmatos\/wp-content\/uploads\/sites\/2\/2025\/09\/1003570067-768x512.jpg 768w, https:\/\/www.blogsoestado.com\/danielmatos\/wp-content\/uploads\/sites\/2\/2025\/09\/1003570067.jpg 1280w\" sizes=\"(max-width: 1024px) 100vw, 1024px\" \/><figcaption class=\"wp-element-caption\">Felipe Muss\u00e1lem (AMDES); a vice-refeita Ism\u00eania Miranda; o Prefeito Eduardo Braide e Adriano Pestana (Grupo Potiguar) no novo Terminal da Cidade.<\/figcaption><\/figure>\n\n\n\n<p>O novo Terminal \u00e9 um equipamento moderno que oferece mais seguran\u00e7a, conforto e organiza\u00e7\u00e3o para passageiros em tr\u00e2nsito em t\u00e1xis, vans e ve\u00edculos em geral, com baias de embarque e desembarque, pra\u00e7a de alimenta\u00e7\u00e3o coberta com 30 boxes, playground infantil, quatro banheiros e acessibilidade para pessoas com defici\u00eancia.<\/p>\n\n\n\n<p>Representando o Grupo Potiguar na cerim\u00f4nia de inaugura\u00e7\u00e3o, o Diretor Comercial Adriano Pestana destacou a satisfa\u00e7\u00e3o em contribuir para o bem-estar da popula\u00e7\u00e3o.<\/p>\n\n\n\n<figure class=\"wp-block-image aligncenter size-large\"><img decoding=\"async\" width=\"1024\" height=\"682\" src=\"https:\/\/www.blogsoestado.com\/danielmatos\/wp-content\/uploads\/sites\/2\/2025\/09\/1003570068-1024x682.jpg\" alt=\"\" class=\"wp-image-148133\" srcset=\"https:\/\/www.blogsoestado.com\/danielmatos\/wp-content\/uploads\/sites\/2\/2025\/09\/1003570068-1024x682.jpg 1024w, https:\/\/www.blogsoestado.com\/danielmatos\/wp-content\/uploads\/sites\/2\/2025\/09\/1003570068-300x200.jpg 300w, https:\/\/www.blogsoestado.com\/danielmatos\/wp-content\/uploads\/sites\/2\/2025\/09\/1003570068-768x512.jpg 768w, https:\/\/www.blogsoestado.com\/danielmatos\/wp-content\/uploads\/sites\/2\/2025\/09\/1003570068.jpg 1280w\" sizes=\"(max-width: 1024px) 100vw, 1024px\" \/><figcaption class=\"wp-element-caption\">O prefeito de S\u00e3o Lu\u00eds, Eduardo Braide, agradeceu o apoio do Grupo Potiguar e destacou a empresa como \u201cverdadeiramente cidad\u00e3\u201d<\/figcaption><\/figure>\n\n\n\n<p>\u201cEstamos felizes em poder participar dessa iniciativa, com a doa\u00e7\u00e3o de um jogo completo de trinta mesas e cadeiras para os Boxes da Pra\u00e7a de Alimenta\u00e7\u00e3o do Terminal; um espa\u00e7o que tamb\u00e9m vai gerar trabalho e renda para muitas fam\u00edlias. A Potiguar tem como miss\u00e3o apoiar a cidade e seus moradores, para que todos tenham mais qualidade de vida. E esse equipamento novo \u00e9 voltado para isso tamb\u00e9m\u201d, afirmou.<\/p>\n\n\n\n<p>Durante a entrega, o prefeito Eduardo Braide agradeceu \u00e0 empresa pelo apoio cont\u00ednuo e fez quest\u00e3o de destacar a Potiguar como uma empresa genuinamente maranhens e cidad\u00e3.<\/p>\n\n\n\n<figure class=\"wp-block-image aligncenter size-large\"><img loading=\"lazy\" decoding=\"async\" width=\"1024\" height=\"682\" src=\"https:\/\/www.blogsoestado.com\/danielmatos\/wp-content\/uploads\/sites\/2\/2025\/09\/1003570069-1024x682.jpg\" alt=\"\" class=\"wp-image-148134\" srcset=\"https:\/\/www.blogsoestado.com\/danielmatos\/wp-content\/uploads\/sites\/2\/2025\/09\/1003570069-1024x682.jpg 1024w, https:\/\/www.blogsoestado.com\/danielmatos\/wp-content\/uploads\/sites\/2\/2025\/09\/1003570069-300x200.jpg 300w, https:\/\/www.blogsoestado.com\/danielmatos\/wp-content\/uploads\/sites\/2\/2025\/09\/1003570069-768x512.jpg 768w, https:\/\/www.blogsoestado.com\/danielmatos\/wp-content\/uploads\/sites\/2\/2025\/09\/1003570069.jpg 1280w\" sizes=\"(max-width: 1024px) 100vw, 1024px\" \/><figcaption class=\"wp-element-caption\">Felipe Muss\u00e1lem, presidente da AMDES, e o diretor Comercial do Grupo Potiguar, Adriano Pestana, com uma das comerciantes beneficiadas com doa\u00e7\u00e3o de mesas e cadeiras da Pra\u00e7a de Alimenta\u00e7\u00e3o<\/figcaption><\/figure>\n\n\n\n<p>\u201cA Potiguar j\u00e1 \u00e9 parceria da Prefeitura em diversas a\u00e7\u00f5es; e agora quero agradecer mais uma vez pelo apoio, com a doa\u00e7\u00e3o para esse espa\u00e7o t\u00e3o importante que \u00e9 a Pra\u00e7a de Alimenta\u00e7\u00e3o do Terminal da Cidade. A Potiguar \u00e9 uma empresa genuinamente maranhense que \u00e9 exemplo de qualidade e bons produtos, al\u00e9m de ser uma empresa verdadeiramente cidad\u00e3, que apoia S\u00e3o Lu\u00eds. Vida longa \u00e0 Potiguar\u201d, disse o prefeito.<\/p>\n\n\n\n<p>O presidente da Ag\u00eancia Municipal de Desenvolvimento Econ\u00f4mico e Social (AMDES), Felipe Mussal\u00e9m, respons\u00e1vel pela articula\u00e7\u00e3o institucional junto \u00e0s empresas, tamb\u00e9m ressaltou a relev\u00e2ncia da contribui\u00e7\u00e3o do Grupo Potiguar: \u201cPoder contar com uma empresa como o Grupo Potiguar \u00e9 muito importante. A cidade \u00e9 para todos e todos ganham com esse novo Terminal. Gra\u00e7as \u00e0 Potiguar, a Pra\u00e7a de Alimenta\u00e7\u00e3o oferece ainda mais conforto com as mesas e cadeiras doadas pela empresa atrav\u00e9s da nossa articula\u00e7\u00e3o\u201d.<\/p>\n\n\n\n<figure class=\"wp-block-image aligncenter size-large\"><img loading=\"lazy\" decoding=\"async\" width=\"1024\" height=\"768\" src=\"https:\/\/www.blogsoestado.com\/danielmatos\/wp-content\/uploads\/sites\/2\/2025\/09\/1003570070-1024x768.jpg\" alt=\"\" class=\"wp-image-148135\" srcset=\"https:\/\/www.blogsoestado.com\/danielmatos\/wp-content\/uploads\/sites\/2\/2025\/09\/1003570070-1024x768.jpg 1024w, https:\/\/www.blogsoestado.com\/danielmatos\/wp-content\/uploads\/sites\/2\/2025\/09\/1003570070-300x225.jpg 300w, https:\/\/www.blogsoestado.com\/danielmatos\/wp-content\/uploads\/sites\/2\/2025\/09\/1003570070-768x576.jpg 768w, https:\/\/www.blogsoestado.com\/danielmatos\/wp-content\/uploads\/sites\/2\/2025\/09\/1003570070.jpg 1280w\" sizes=\"(max-width: 1024px) 100vw, 1024px\" \/><figcaption class=\"wp-element-caption\">A Pra\u00e7a de Alimenta\u00e7\u00e3o do novo Terminal da Cidade conta com mesas e cadeiras novas, sendo todo o conjunto doado pelo Grupo Potiguar<\/figcaption><\/figure>\n\n\n\n<p>Com a parceria, o Grupo Potiguar reafirma seu compromisso com a cidade de S\u00e3o Lu\u00eds, fortalecendo iniciativas que unem desenvolvimento urbano, gera\u00e7\u00e3o de oportunidades, qualidade de vida e valoriza\u00e7\u00e3o da vida comunit\u00e1ria.<\/p>\n","protected":false},"excerpt":{"rendered":"<p>Empresa genuinamente maranhense a Potiguar reafirma seu apoio \u00e0s iniciativas que gerem mais trabalho, renda e qualidade de vida O [&hellip;]<\/p>\n","protected":false},"author":2,"featured_media":0,"comment_status":"open","ping_status":"open","sticky":false,"template":"","format":"standard","meta":{"site-sidebar-layout":"default","site-content-layout":"","ast-site-content-layout":"default","site-content-style":"default","site-sidebar-style":"default","ast-global-header-display":"","ast-banner-title-visibility":"","ast-main-header-display":"","ast-hfb-above-header-display":"","ast-hfb-below-header-display":"","ast-hfb-mobile-header-display":"","site-post-title":"","ast-breadcrumbs-content":"","ast-featured-img":"","footer-sml-layout":"","ast-disable-related-posts":"","theme-transparent-header-meta":"","adv-header-id-meta":"","stick-header-meta":"","header-above-stick-meta":"","header-main-stick-meta":"","header-below-stick-meta":"","astra-migrate-meta-layouts":"default","ast-page-background-enabled":"default","ast-page-background-meta":{"desktop":{"background-color":"var(--ast-global-color-5)","background-image":"","background-repeat":"repeat","background-position":"center center","background-size":"auto","background-attachment":"scroll","background-type":"","background-media":"","overlay-type":"","overlay-color":"","overlay-opacity":"","overlay-gradient":""},"tablet":{"background-color":"","background-image":"","background-repeat":"repeat","background-position":"center center","background-size":"auto","background-attachment":"scroll","background-type":"","background-media":"","overlay-type":"","overlay-color":"","overlay-opacity":"","overlay-gradient":""},"mobile":{"background-color":"","background-image":"","background-repeat":"repeat","background-position":"center center","background-size":"auto","background-attachment":"scroll","background-type":"","background-media":"","overlay-type":"","overlay-color":"","overlay-opacity":"","overlay-gradient":""}},"ast-content-background-meta":{"desktop":{"background-color":"var(--ast-global-color-4)","background-image":"","background-repeat":"repeat","background-position":"center center","background-size":"auto","background-attachment":"scroll","background-type":"","background-media":"","overlay-type":"","overlay-color":"","overlay-opacity":"","overlay-gradient":""},"tablet":{"background-color":"var(--ast-global-color-4)","background-image":"","background-repeat":"repeat","background-position":"center center","background-size":"auto","background-attachment":"scroll","background-type":"","background-media":"","overlay-type":"","overlay-color":"","overlay-opacity":"","overlay-gradient":""},"mobile":{"background-color":"var(--ast-global-color-4)","background-image":"","background-repeat":"repeat","background-position":"center center","background-size":"auto","background-attachment":"scroll","background-type":"","background-media":"","overlay-type":"","overlay-color":"","overlay-opacity":"","overlay-gradient":""}},"footnotes":""},"categories":[1],"tags":[],"class_list":["post-148130","post","type-post","status-publish","format-standard","hentry","category-sem-categoria"],"yoast_head":"<!-- This site is optimized with the Yoast SEO plugin v26.6 - https:\/\/yoast.com\/wordpress\/plugins\/seo\/ -->\n<title>Grupo Potiguar doa mesas e cadeiras para Pra\u00e7a de Alimenta\u00e7\u00e3o do novo Terminal da Cidade - Daniel Matos<\/title>\n<meta name=\"robots\" content=\"index, follow, max-snippet:-1, max-image-preview:large, max-video-preview:-1\" \/>\n<link rel=\"canonical\" href=\"https:\/\/www.blogsoestado.com\/danielmatos\/grupo-potiguar-doa-mesas-e-cadeiras-para-praca-de-alimentacao-do-novo-terminal-da-cidade\/\" \/>\n<meta property=\"og:locale\" content=\"pt_BR\" \/>\n<meta property=\"og:type\" content=\"article\" \/>\n<meta property=\"og:title\" content=\"Grupo Potiguar doa mesas e cadeiras para Pra\u00e7a de Alimenta\u00e7\u00e3o do novo Terminal da Cidade - Daniel Matos\" \/>\n<meta property=\"og:description\" content=\"Empresa genuinamente maranhense a Potiguar reafirma seu apoio \u00e0s iniciativas que gerem mais trabalho, renda e qualidade de vida O [&hellip;]\" \/>\n<meta property=\"og:url\" content=\"https:\/\/www.blogsoestado.com\/danielmatos\/grupo-potiguar-doa-mesas-e-cadeiras-para-praca-de-alimentacao-do-novo-terminal-da-cidade\/\" \/>\n<meta property=\"og:site_name\" content=\"Daniel Matos\" \/>\n<meta property=\"article:published_time\" content=\"2025-09-07T15:53:13+00:00\" \/>\n<meta property=\"article:modified_time\" content=\"2025-09-07T15:53:16+00:00\" \/>\n<meta property=\"og:image\" content=\"https:\/\/www.blogsoestado.com\/danielmatos\/wp-content\/uploads\/sites\/2\/2025\/09\/1003570061.jpg\" \/>\n\t<meta property=\"og:image:width\" content=\"1280\" \/>\n\t<meta property=\"og:image:height\" content=\"853\" \/>\n\t<meta property=\"og:image:type\" content=\"image\/jpeg\" \/>\n<meta name=\"author\" content=\"Daniel Matos\" \/>\n<meta name=\"twitter:card\" content=\"summary_large_image\" \/>\n<meta name=\"twitter:label1\" content=\"Escrito por\" \/>\n\t<meta name=\"twitter:data1\" content=\"Daniel Matos\" \/>\n\t<meta name=\"twitter:label2\" content=\"Est. tempo de leitura\" \/>\n\t<meta name=\"twitter:data2\" content=\"5 minutos\" \/>\n<script type=\"application\/ld+json\" class=\"yoast-schema-graph\">{\"@context\":\"https:\/\/schema.org\",\"@graph\":[{\"@type\":\"WebPage\",\"@id\":\"https:\/\/www.blogsoestado.com\/danielmatos\/grupo-potiguar-doa-mesas-e-cadeiras-para-praca-de-alimentacao-do-novo-terminal-da-cidade\/\",\"url\":\"https:\/\/www.blogsoestado.com\/danielmatos\/grupo-potiguar-doa-mesas-e-cadeiras-para-praca-de-alimentacao-do-novo-terminal-da-cidade\/\",\"name\":\"Grupo Potiguar doa mesas e cadeiras para Pra\u00e7a de Alimenta\u00e7\u00e3o do novo Terminal da Cidade - Daniel Matos\",\"isPartOf\":{\"@id\":\"https:\/\/www.blogsoestado.com\/danielmatos\/#website\"},\"primaryImageOfPage\":{\"@id\":\"https:\/\/www.blogsoestado.com\/danielmatos\/grupo-potiguar-doa-mesas-e-cadeiras-para-praca-de-alimentacao-do-novo-terminal-da-cidade\/#primaryimage\"},\"image\":{\"@id\":\"https:\/\/www.blogsoestado.com\/danielmatos\/grupo-potiguar-doa-mesas-e-cadeiras-para-praca-de-alimentacao-do-novo-terminal-da-cidade\/#primaryimage\"},\"thumbnailUrl\":\"https:\/\/www.blogsoestado.com\/danielmatos\/wp-content\/uploads\/sites\/2\/2025\/09\/1003570061-1024x682.jpg\",\"datePublished\":\"2025-09-07T15:53:13+00:00\",\"dateModified\":\"2025-09-07T15:53:16+00:00\",\"author\":{\"@id\":\"https:\/\/www.blogsoestado.com\/danielmatos\/#\/schema\/person\/9a209d407cd45631f131e1285b661bb0\"},\"breadcrumb\":{\"@id\":\"https:\/\/www.blogsoestado.com\/danielmatos\/grupo-potiguar-doa-mesas-e-cadeiras-para-praca-de-alimentacao-do-novo-terminal-da-cidade\/#breadcrumb\"},\"inLanguage\":\"pt-BR\",\"potentialAction\":[{\"@type\":\"ReadAction\",\"target\":[\"https:\/\/www.blogsoestado.com\/danielmatos\/grupo-potiguar-doa-mesas-e-cadeiras-para-praca-de-alimentacao-do-novo-terminal-da-cidade\/\"]}]},{\"@type\":\"ImageObject\",\"inLanguage\":\"pt-BR\",\"@id\":\"https:\/\/www.blogsoestado.com\/danielmatos\/grupo-potiguar-doa-mesas-e-cadeiras-para-praca-de-alimentacao-do-novo-terminal-da-cidade\/#primaryimage\",\"url\":\"https:\/\/www.blogsoestado.com\/danielmatos\/wp-content\/uploads\/sites\/2\/2025\/09\/1003570061.jpg\",\"contentUrl\":\"https:\/\/www.blogsoestado.com\/danielmatos\/wp-content\/uploads\/sites\/2\/2025\/09\/1003570061.jpg\",\"width\":1280,\"height\":853},{\"@type\":\"BreadcrumbList\",\"@id\":\"https:\/\/www.blogsoestado.com\/danielmatos\/grupo-potiguar-doa-mesas-e-cadeiras-para-praca-de-alimentacao-do-novo-terminal-da-cidade\/#breadcrumb\",\"itemListElement\":[{\"@type\":\"ListItem\",\"position\":1,\"name\":\"In\u00edcio\",\"item\":\"https:\/\/www.blogsoestado.com\/danielmatos\/\"},{\"@type\":\"ListItem\",\"position\":2,\"name\":\"Grupo Potiguar doa mesas e cadeiras para Pra\u00e7a de Alimenta\u00e7\u00e3o do novo Terminal da Cidade\"}]},{\"@type\":\"WebSite\",\"@id\":\"https:\/\/www.blogsoestado.com\/danielmatos\/#website\",\"url\":\"https:\/\/www.blogsoestado.com\/danielmatos\/\",\"name\":\"Daniel Matos\",\"description\":\"\",\"potentialAction\":[{\"@type\":\"SearchAction\",\"target\":{\"@type\":\"EntryPoint\",\"urlTemplate\":\"https:\/\/www.blogsoestado.com\/danielmatos\/?s={search_term_string}\"},\"query-input\":{\"@type\":\"PropertyValueSpecification\",\"valueRequired\":true,\"valueName\":\"search_term_string\"}}],\"inLanguage\":\"pt-BR\"},{\"@type\":\"Person\",\"@id\":\"https:\/\/www.blogsoestado.com\/danielmatos\/#\/schema\/person\/9a209d407cd45631f131e1285b661bb0\",\"name\":\"Daniel Matos\",\"image\":{\"@type\":\"ImageObject\",\"inLanguage\":\"pt-BR\",\"@id\":\"https:\/\/www.blogsoestado.com\/danielmatos\/#\/schema\/person\/image\/\",\"url\":\"https:\/\/secure.gravatar.com\/avatar\/2f26c36ee355da19a257f0dfef43952a2588b324ca35d6719e859fe338ac0392?s=96&d=mm&r=g\",\"contentUrl\":\"https:\/\/secure.gravatar.com\/avatar\/2f26c36ee355da19a257f0dfef43952a2588b324ca35d6719e859fe338ac0392?s=96&d=mm&r=g\",\"caption\":\"Daniel Matos\"},\"url\":\"https:\/\/www.blogsoestado.com\/danielmatos\/author\/danielmatos\/\"}]}<\/script>\n<!-- \/ Yoast SEO plugin. -->","yoast_head_json":{"title":"Grupo Potiguar doa mesas e cadeiras para Pra\u00e7a de Alimenta\u00e7\u00e3o do novo Terminal da Cidade - Daniel Matos","robots":{"index":"index","follow":"follow","max-snippet":"max-snippet:-1","max-image-preview":"max-image-preview:large","max-video-preview":"max-video-preview:-1"},"canonical":"https:\/\/www.blogsoestado.com\/danielmatos\/grupo-potiguar-doa-mesas-e-cadeiras-para-praca-de-alimentacao-do-novo-terminal-da-cidade\/","og_locale":"pt_BR","og_type":"article","og_title":"Grupo Potiguar doa mesas e cadeiras para Pra\u00e7a de Alimenta\u00e7\u00e3o do novo Terminal da Cidade - Daniel Matos","og_description":"Empresa genuinamente maranhense a Potiguar reafirma seu apoio \u00e0s iniciativas que gerem mais trabalho, renda e qualidade de vida O [&hellip;]","og_url":"https:\/\/www.blogsoestado.com\/danielmatos\/grupo-potiguar-doa-mesas-e-cadeiras-para-praca-de-alimentacao-do-novo-terminal-da-cidade\/","og_site_name":"Daniel Matos","article_published_time":"2025-09-07T15:53:13+00:00","article_modified_time":"2025-09-07T15:53:16+00:00","og_image":[{"width":1280,"height":853,"url":"https:\/\/www.blogsoestado.com\/danielmatos\/wp-content\/uploads\/sites\/2\/2025\/09\/1003570061.jpg","type":"image\/jpeg"}],"author":"Daniel Matos","twitter_card":"summary_large_image","twitter_misc":{"Escrito por":"Daniel Matos","Est. tempo de leitura":"5 minutos"},"schema":{"@context":"https:\/\/schema.org","@graph":[{"@type":"WebPage","@id":"https:\/\/www.blogsoestado.com\/danielmatos\/grupo-potiguar-doa-mesas-e-cadeiras-para-praca-de-alimentacao-do-novo-terminal-da-cidade\/","url":"https:\/\/www.blogsoestado.com\/danielmatos\/grupo-potiguar-doa-mesas-e-cadeiras-para-praca-de-alimentacao-do-novo-terminal-da-cidade\/","name":"Grupo Potiguar doa mesas e cadeiras para Pra\u00e7a de Alimenta\u00e7\u00e3o do novo Terminal da Cidade - Daniel Matos","isPartOf":{"@id":"https:\/\/www.blogsoestado.com\/danielmatos\/#website"},"primaryImageOfPage":{"@id":"https:\/\/www.blogsoestado.com\/danielmatos\/grupo-potiguar-doa-mesas-e-cadeiras-para-praca-de-alimentacao-do-novo-terminal-da-cidade\/#primaryimage"},"image":{"@id":"https:\/\/www.blogsoestado.com\/danielmatos\/grupo-potiguar-doa-mesas-e-cadeiras-para-praca-de-alimentacao-do-novo-terminal-da-cidade\/#primaryimage"},"thumbnailUrl":"https:\/\/www.blogsoestado.com\/danielmatos\/wp-content\/uploads\/sites\/2\/2025\/09\/1003570061-1024x682.jpg","datePublished":"2025-09-07T15:53:13+00:00","dateModified":"2025-09-07T15:53:16+00:00","author":{"@id":"https:\/\/www.blogsoestado.com\/danielmatos\/#\/schema\/person\/9a209d407cd45631f131e1285b661bb0"},"breadcrumb":{"@id":"https:\/\/www.blogsoestado.com\/danielmatos\/grupo-potiguar-doa-mesas-e-cadeiras-para-praca-de-alimentacao-do-novo-terminal-da-cidade\/#breadcrumb"},"inLanguage":"pt-BR","potentialAction":[{"@type":"ReadAction","target":["https:\/\/www.blogsoestado.com\/danielmatos\/grupo-potiguar-doa-mesas-e-cadeiras-para-praca-de-alimentacao-do-novo-terminal-da-cidade\/"]}]},{"@type":"ImageObject","inLanguage":"pt-BR","@id":"https:\/\/www.blogsoestado.com\/danielmatos\/grupo-potiguar-doa-mesas-e-cadeiras-para-praca-de-alimentacao-do-novo-terminal-da-cidade\/#primaryimage","url":"https:\/\/www.blogsoestado.com\/danielmatos\/wp-content\/uploads\/sites\/2\/2025\/09\/1003570061.jpg","contentUrl":"https:\/\/www.blogsoestado.com\/danielmatos\/wp-content\/uploads\/sites\/2\/2025\/09\/1003570061.jpg","width":1280,"height":853},{"@type":"BreadcrumbList","@id":"https:\/\/www.blogsoestado.com\/danielmatos\/grupo-potiguar-doa-mesas-e-cadeiras-para-praca-de-alimentacao-do-novo-terminal-da-cidade\/#breadcrumb","itemListElement":[{"@type":"ListItem","position":1,"name":"In\u00edcio","item":"https:\/\/www.blogsoestado.com\/danielmatos\/"},{"@type":"ListItem","position":2,"name":"Grupo Potiguar doa mesas e cadeiras para Pra\u00e7a de Alimenta\u00e7\u00e3o do novo Terminal da Cidade"}]},{"@type":"WebSite","@id":"https:\/\/www.blogsoestado.com\/danielmatos\/#website","url":"https:\/\/www.blogsoestado.com\/danielmatos\/","name":"Daniel Matos","description":"","potentialAction":[{"@type":"SearchAction","target":{"@type":"EntryPoint","urlTemplate":"https:\/\/www.blogsoestado.com\/danielmatos\/?s={search_term_string}"},"query-input":{"@type":"PropertyValueSpecification","valueRequired":true,"valueName":"search_term_string"}}],"inLanguage":"pt-BR"},{"@type":"Person","@id":"https:\/\/www.blogsoestado.com\/danielmatos\/#\/schema\/person\/9a209d407cd45631f131e1285b661bb0","name":"Daniel Matos","image":{"@type":"ImageObject","inLanguage":"pt-BR","@id":"https:\/\/www.blogsoestado.com\/danielmatos\/#\/schema\/person\/image\/","url":"https:\/\/secure.gravatar.com\/avatar\/2f26c36ee355da19a257f0dfef43952a2588b324ca35d6719e859fe338ac0392?s=96&d=mm&r=g","contentUrl":"https:\/\/secure.gravatar.com\/avatar\/2f26c36ee355da19a257f0dfef43952a2588b324ca35d6719e859fe338ac0392?s=96&d=mm&r=g","caption":"Daniel Matos"},"url":"https:\/\/www.blogsoestado.com\/danielmatos\/author\/danielmatos\/"}]}},"jetpack_featured_media_url":"","_links":{"self":[{"href":"https:\/\/www.blogsoestado.com\/danielmatos\/wp-json\/wp\/v2\/posts\/148130","targetHints":{"allow":["GET"]}}],"collection":[{"href":"https:\/\/www.blogsoestado.com\/danielmatos\/wp-json\/wp\/v2\/posts"}],"about":[{"href":"https:\/\/www.blogsoestado.com\/danielmatos\/wp-json\/wp\/v2\/types\/post"}],"author":[{"embeddable":true,"href":"https:\/\/www.blogsoestado.com\/danielmatos\/wp-json\/wp\/v2\/users\/2"}],"replies":[{"embeddable":true,"href":"https:\/\/www.blogsoestado.com\/danielmatos\/wp-json\/wp\/v2\/comments?post=148130"}],"version-history":[{"count":1,"href":"https:\/\/www.blogsoestado.com\/danielmatos\/wp-json\/wp\/v2\/posts\/148130\/revisions"}],"predecessor-version":[{"id":148136,"href":"https:\/\/www.blogsoestado.com\/danielmatos\/wp-json\/wp\/v2\/posts\/148130\/revisions\/148136"}],"wp:attachment":[{"href":"https:\/\/www.blogsoestado.com\/danielmatos\/wp-json\/wp\/v2\/media?parent=148130"}],"wp:term":[{"taxonomy":"category","embeddable":true,"href":"https:\/\/www.blogsoestado.com\/danielmatos\/wp-json\/wp\/v2\/categories?post=148130"},{"taxonomy":"post_tag","embeddable":true,"href":"https:\/\/www.blogsoestado.com\/danielmatos\/wp-json\/wp\/v2\/tags?post=148130"}],"curies":[{"name":"wp","href":"https:\/\/api.w.org\/{rel}","templated":true}]}}