{"id":148152,"date":"2025-09-08T12:00:11","date_gmt":"2025-09-08T15:00:11","guid":{"rendered":"https:\/\/www.blogsoestado.com\/danielmatos\/?p=148152"},"modified":"2025-09-08T12:00:13","modified_gmt":"2025-09-08T15:00:13","slug":"evento-voltado-a-bioeconomia-no-cerrado-maranhense-integra-mobiliza-slz-2025","status":"publish","type":"post","link":"https:\/\/www.blogsoestado.com\/danielmatos\/evento-voltado-a-bioeconomia-no-cerrado-maranhense-integra-mobiliza-slz-2025\/","title":{"rendered":"Evento voltado \u00e0 bioeconomia no Cerrado maranhense integra Mobiliza SLZ 2025"},"content":{"rendered":"\n<p><em><strong><mark style=\"color:#cf2e2e\" class=\"has-inline-color\">Neg\u00f3cios que utilizam recursos da biodiversidade do Cerrado maranhense de forma sustent\u00e1vel v\u00e3o compartilhar conhecimento e divulgar seus produtos e servi\u00e7os durante o &#8220;Inova Ilha&#8221;<\/mark><\/strong><\/em><\/p>\n\n\n\n<figure class=\"wp-block-image aligncenter size-full\"><img fetchpriority=\"high\" decoding=\"async\" width=\"1023\" height=\"768\" src=\"https:\/\/www.blogsoestado.com\/danielmatos\/wp-content\/uploads\/sites\/2\/2025\/09\/1003578649.jpg\" alt=\"\" class=\"wp-image-148156\" srcset=\"https:\/\/www.blogsoestado.com\/danielmatos\/wp-content\/uploads\/sites\/2\/2025\/09\/1003578649.jpg 1023w, https:\/\/www.blogsoestado.com\/danielmatos\/wp-content\/uploads\/sites\/2\/2025\/09\/1003578649-300x225.jpg 300w, https:\/\/www.blogsoestado.com\/danielmatos\/wp-content\/uploads\/sites\/2\/2025\/09\/1003578649-768x577.jpg 768w\" sizes=\"(max-width: 1023px) 100vw, 1023px\" \/><figcaption class=\"wp-element-caption\"><em>\u201cInova Ilha\u201d ocorrer\u00e1 na Ag\u00eancia Marandu, localizada na Largo do Carmo, 432, Centro (Foto: Divulga\u00e7\u00e3o\/Mobiliza SLZ)<\/em><\/figcaption><\/figure>\n\n\n\n<p>Nesta quinta-feira (11), a agenda do Mobiliza SLZ 2025 vai contar com evento dedicado \u00e0 bioeconomia no Cerrado maranhense: o &#8220;Inova Ilha&#8221;. A a\u00e7\u00e3o vai apresentar boas pr\u00e1ticas, experi\u00eancias, produtos e servi\u00e7os de empreendedores atuantes no segmento, que s\u00e3o atendidos pelo programa Inova Cerrado, do Sebrae. Promovido pelo Sebrae Maranh\u00e3o, Fapema, Tropos Lab e Ag\u00eancia Marandu, o evento acontecer\u00e1 o dia todo, a partir das 9h, na Ag\u00eancia Marandu, no Centro. Pela manh\u00e3, haver\u00e1 programa\u00e7\u00e3o fechada para as startups participantes do programa, mas durante a tarde e in\u00edcio da noite ser\u00e3o oferecidas atividades gratuitas e abertas ao p\u00fablico.<\/p>\n\n\n\n<p><strong>Agenda aberta ao p\u00fablico<\/strong>&nbsp;\u2014 Das 14h \u00e0s 15h, est\u00e3o previstas quatro a\u00e7\u00f5es simult\u00e2neas: a &#8220;Exposi\u00e7\u00e3o cient\u00edfica da mat\u00e9ria-prima ao produto&#8221;, que vai mostrar, de forma interativa, a jornada de um material at\u00e9 a sua transforma\u00e7\u00e3o em produto final; o painel &#8220;O impacto da ind\u00fastria da beleza no meio ambiente&#8221;, com quiz sobre o assunto e premia\u00e7\u00e3o para o primeiro colocado; o &#8220;Laborat\u00f3rio de Compliance&#8221;, que oferecer\u00e1 consultorias individualizadas nas \u00e1reas de Propriedade Intelectual, LGPD e Prote\u00e7\u00e3o de Dados, Contratos Empresariais e Direito Societ\u00e1rio; e a oficina &#8220;Do res\u00edduo \u00e0 solu\u00e7\u00e3o funcional&#8221;.<\/p>\n\n\n\n<figure class=\"wp-block-image aligncenter size-large\"><img decoding=\"async\" width=\"1024\" height=\"678\" src=\"https:\/\/www.blogsoestado.com\/danielmatos\/wp-content\/uploads\/sites\/2\/2025\/09\/1003578638-1024x678.jpg\" alt=\"\" class=\"wp-image-148153\" srcset=\"https:\/\/www.blogsoestado.com\/danielmatos\/wp-content\/uploads\/sites\/2\/2025\/09\/1003578638-1024x678.jpg 1024w, https:\/\/www.blogsoestado.com\/danielmatos\/wp-content\/uploads\/sites\/2\/2025\/09\/1003578638-300x199.jpg 300w, https:\/\/www.blogsoestado.com\/danielmatos\/wp-content\/uploads\/sites\/2\/2025\/09\/1003578638-768x508.jpg 768w, https:\/\/www.blogsoestado.com\/danielmatos\/wp-content\/uploads\/sites\/2\/2025\/09\/1003578638.jpg 1280w\" sizes=\"(max-width: 1024px) 100vw, 1024px\" \/><figcaption class=\"wp-element-caption\"><em>Ag\u00eancia de Inova\u00e7\u00e3o e Empreendedorismo da UEMA, a Marandu, est\u00e1 entre os organizadores do \u201cInova Ilha\u201d (Foto: Divulga\u00e7\u00e3o\/Mobiliza SLZ)<\/em><\/figcaption><\/figure>\n\n\n\n<p>Das 15h \u00e0s 16h, ser\u00e1 a vez da &#8220;Oficina de Perfumaria Ancestral&#8221;, que prop\u00f5e um encontro sensorial e sagrado por meio dos aromas; o &#8220;Workshop de la\u00e7o de fibra de buriti&#8221;; a oficina &#8220;Banho de Floresta&#8221;, que vai unir ci\u00eancia e sensorialidade para integrar corpo e natureza; e a palestra &#8220;Saneamento Rural: Desafios e Solu\u00e7\u00f5es Sustent\u00e1veis&#8221;, abordando a import\u00e2ncia do saneamento b\u00e1sico no meio rural e os impactos da falta de infraestrutura na sa\u00fade p\u00fablica, no meio ambiente e na qualidade de vida das comunidades.<\/p>\n\n\n\n<p>Das 16h \u00e0s 17h, ser\u00e3o realizados o workshop &#8220;Inova\u00e7\u00e3o Sustent\u00e1vel na Agropecu\u00e1ria: Res\u00edduos como Recursos&#8221;, com palestras e exposi\u00e7\u00e3o de banners para apresentar solu\u00e7\u00f5es de startups que transformam res\u00edduos agroindustriais em mat\u00e9rias-primas valiosas; a exposi\u00e7\u00e3o &#8220;Emp\u00f3rio Colaborativo de Produtos Naturais&#8221;, onde o p\u00fablico experimentar\u00e1 produtos inovadores, apresentados de forma colaborativa por pequenos produtores e marcas criativas; a &#8220;Oficina de pintura intuitiva&#8221;; e a oficina &#8220;Acessibilidade agora: como usar recursos acess\u00edveis em sistemas e sites em produ\u00e7\u00e3o&#8221;.<\/p>\n\n\n\n<figure class=\"wp-block-image aligncenter size-large\"><img decoding=\"async\" width=\"1024\" height=\"768\" src=\"https:\/\/www.blogsoestado.com\/danielmatos\/wp-content\/uploads\/sites\/2\/2025\/09\/1003578647-1024x768.jpg\" alt=\"\" class=\"wp-image-148155\" srcset=\"https:\/\/www.blogsoestado.com\/danielmatos\/wp-content\/uploads\/sites\/2\/2025\/09\/1003578647-1024x768.jpg 1024w, https:\/\/www.blogsoestado.com\/danielmatos\/wp-content\/uploads\/sites\/2\/2025\/09\/1003578647-300x225.jpg 300w, https:\/\/www.blogsoestado.com\/danielmatos\/wp-content\/uploads\/sites\/2\/2025\/09\/1003578647-768x576.jpg 768w, https:\/\/www.blogsoestado.com\/danielmatos\/wp-content\/uploads\/sites\/2\/2025\/09\/1003578647-1536x1152.jpg 1536w, https:\/\/www.blogsoestado.com\/danielmatos\/wp-content\/uploads\/sites\/2\/2025\/09\/1003578647-2048x1536.jpg 2048w\" sizes=\"(max-width: 1024px) 100vw, 1024px\" \/><figcaption class=\"wp-element-caption\"><em>Empreendedores do Inova Cerrado v\u00e3o realizar exposi\u00e7\u00f5es e oferecer oficinas, workshops, painel, palestra e laborat\u00f3rio (Foto: Divulga\u00e7\u00e3o\/Mobiliza SLZ)<\/em><\/figcaption><\/figure>\n\n\n\n<p>Das 17h \u00e0s 19h30, na \u00e1rea externa, ocorrer\u00e1 um happy hour com mostra e exposi\u00e7\u00e3o de produtos, servi\u00e7os e solu\u00e7\u00f5es da bioeconomia do Cerrado, apresenta\u00e7\u00e3o cultural e coquetel, al\u00e9m de momento de interc\u00e2mbio cultural com o vencedor da Expo Favela Innovation Paris, o empreendedor Oury Barry, fundador da empresa francesa M\u00e9diLiv. O interc\u00e2mbio \u00e9 fruto de uma parceria com a Central \u00danica das Favelas (CUFA).<\/p>\n\n\n\n<p><strong>Sustentabilidade<\/strong>&nbsp;\u2014 &#8220;O que deixamos fala por n\u00f3s&#8221; \u00e9 a mensagem que o Mobiliza SLZ deseja reverberar nesta quinta edi\u00e7\u00e3o. A proposta \u00e9 gerar reflex\u00f5es sobre o impacto dos res\u00edduos produzidos pelo ser humano e mostrar como, com criatividade, \u00e9 poss\u00edvel encontrar solu\u00e7\u00f5es que reduzam efeitos danosos ao meio ambiente e \u00e0s pessoas, a fim de deixar um legado positivo para as pr\u00f3ximas gera\u00e7\u00f5es. Isso ser\u00e1 feito n\u00e3o somente por meio dos programas oferecidos ao p\u00fablico, mas tamb\u00e9m pela conscientiza\u00e7\u00e3o dos produtores das atividades acerca da import\u00e2ncia de escolhas mais sustent\u00e1veis dentro e fora do movimento.<\/p>\n\n\n\n<figure class=\"wp-block-image aligncenter size-large\"><img loading=\"lazy\" decoding=\"async\" width=\"1024\" height=\"768\" src=\"https:\/\/www.blogsoestado.com\/danielmatos\/wp-content\/uploads\/sites\/2\/2025\/09\/1003578648-1024x768.jpg\" alt=\"\" class=\"wp-image-148154\" srcset=\"https:\/\/www.blogsoestado.com\/danielmatos\/wp-content\/uploads\/sites\/2\/2025\/09\/1003578648-1024x768.jpg 1024w, https:\/\/www.blogsoestado.com\/danielmatos\/wp-content\/uploads\/sites\/2\/2025\/09\/1003578648-300x225.jpg 300w, https:\/\/www.blogsoestado.com\/danielmatos\/wp-content\/uploads\/sites\/2\/2025\/09\/1003578648-768x576.jpg 768w, https:\/\/www.blogsoestado.com\/danielmatos\/wp-content\/uploads\/sites\/2\/2025\/09\/1003578648.jpg 1280w\" sizes=\"(max-width: 1024px) 100vw, 1024px\" \/><figcaption class=\"wp-element-caption\"><em>Feira \u201cEncontro de Brech\u00f3s\u201d participa do Mobiliza SLZ desde a primeira edi\u00e7\u00e3o do movimento (Foto: Divulga\u00e7\u00e3o\/Mobiliza SLZ)<\/em><\/figcaption><\/figure>\n\n\n\n<p>Al\u00e9m do Inova Ilha, o movimento contar\u00e1 com outras a\u00e7\u00f5es com foco na sustentabilidade, a exemplo da oficina de sacolas recicladas, uma das agendas do evento &#8220;Trilhas para a Prosperidade&#8221;, que ser\u00e1 realizada nesta sexta-feira (12), \u00e0s 9h30, na regi\u00e3o do Itaqui-Bacanga; da tradicional feira criativa &#8220;Encontro de Brech\u00f3s&#8221;, sexta (12) e s\u00e1bado (13), das 16h \u00e0s 20h, na Pra\u00e7a do Museu Ferrovi\u00e1rio e Portu\u00e1rio do Maranh\u00e3o (REFFSA), Centro; e da &#8220;ECOWOD \u2013 Corrida Consciente 2025&#8221;, s\u00e1bado (13), com in\u00edcio \u00e0s 8h, na Avenida Litor\u00e2nea.<\/p>\n\n\n\n<p>A programa\u00e7\u00e3o completa do Mobiliza SLZ 2025 pode ser consultada diretamente no site oficial do movimento, em&nbsp;<a href=\"https:\/\/mobilizaslz.com.br\/\" target=\"_blank\" rel=\"noreferrer noopener\">mobilizaslz.com.br<\/a>, ou no Instagram @mobilizasaoluis.<\/p>\n","protected":false},"excerpt":{"rendered":"<p>Neg\u00f3cios que utilizam recursos da biodiversidade do Cerrado maranhense de forma sustent\u00e1vel v\u00e3o compartilhar conhecimento e divulgar seus produtos e [&hellip;]<\/p>\n","protected":false},"author":2,"featured_media":0,"comment_status":"open","ping_status":"open","sticky":false,"template":"","format":"standard","meta":{"site-sidebar-layout":"default","site-content-layout":"","ast-site-content-layout":"default","site-content-style":"default","site-sidebar-style":"default","ast-global-header-display":"","ast-banner-title-visibility":"","ast-main-header-display":"","ast-hfb-above-header-display":"","ast-hfb-below-header-display":"","ast-hfb-mobile-header-display":"","site-post-title":"","ast-breadcrumbs-content":"","ast-featured-img":"","footer-sml-layout":"","ast-disable-related-posts":"","theme-transparent-header-meta":"","adv-header-id-meta":"","stick-header-meta":"","header-above-stick-meta":"","header-main-stick-meta":"","header-below-stick-meta":"","astra-migrate-meta-layouts":"default","ast-page-background-enabled":"default","ast-page-background-meta":{"desktop":{"background-color":"var(--ast-global-color-5)","background-image":"","background-repeat":"repeat","background-position":"center center","background-size":"auto","background-attachment":"scroll","background-type":"","background-media":"","overlay-type":"","overlay-color":"","overlay-opacity":"","overlay-gradient":""},"tablet":{"background-color":"","background-image":"","background-repeat":"repeat","background-position":"center center","background-size":"auto","background-attachment":"scroll","background-type":"","background-media":"","overlay-type":"","overlay-color":"","overlay-opacity":"","overlay-gradient":""},"mobile":{"background-color":"","background-image":"","background-repeat":"repeat","background-position":"center center","background-size":"auto","background-attachment":"scroll","background-type":"","background-media":"","overlay-type":"","overlay-color":"","overlay-opacity":"","overlay-gradient":""}},"ast-content-background-meta":{"desktop":{"background-color":"var(--ast-global-color-4)","background-image":"","background-repeat":"repeat","background-position":"center center","background-size":"auto","background-attachment":"scroll","background-type":"","background-media":"","overlay-type":"","overlay-color":"","overlay-opacity":"","overlay-gradient":""},"tablet":{"background-color":"var(--ast-global-color-4)","background-image":"","background-repeat":"repeat","background-position":"center center","background-size":"auto","background-attachment":"scroll","background-type":"","background-media":"","overlay-type":"","overlay-color":"","overlay-opacity":"","overlay-gradient":""},"mobile":{"background-color":"var(--ast-global-color-4)","background-image":"","background-repeat":"repeat","background-position":"center center","background-size":"auto","background-attachment":"scroll","background-type":"","background-media":"","overlay-type":"","overlay-color":"","overlay-opacity":"","overlay-gradient":""}},"footnotes":""},"categories":[1],"tags":[],"class_list":["post-148152","post","type-post","status-publish","format-standard","hentry","category-sem-categoria"],"yoast_head":"<!-- This site is optimized with the Yoast SEO plugin v26.6 - https:\/\/yoast.com\/wordpress\/plugins\/seo\/ -->\n<title>Evento voltado \u00e0 bioeconomia no Cerrado maranhense integra Mobiliza SLZ 2025 - Daniel Matos<\/title>\n<meta name=\"robots\" content=\"index, follow, max-snippet:-1, max-image-preview:large, max-video-preview:-1\" \/>\n<link rel=\"canonical\" href=\"https:\/\/www.blogsoestado.com\/danielmatos\/evento-voltado-a-bioeconomia-no-cerrado-maranhense-integra-mobiliza-slz-2025\/\" \/>\n<meta property=\"og:locale\" content=\"pt_BR\" \/>\n<meta property=\"og:type\" content=\"article\" \/>\n<meta property=\"og:title\" content=\"Evento voltado \u00e0 bioeconomia no Cerrado maranhense integra Mobiliza SLZ 2025 - Daniel Matos\" \/>\n<meta property=\"og:description\" content=\"Neg\u00f3cios que utilizam recursos da biodiversidade do Cerrado maranhense de forma sustent\u00e1vel v\u00e3o compartilhar conhecimento e divulgar seus produtos e [&hellip;]\" \/>\n<meta property=\"og:url\" content=\"https:\/\/www.blogsoestado.com\/danielmatos\/evento-voltado-a-bioeconomia-no-cerrado-maranhense-integra-mobiliza-slz-2025\/\" \/>\n<meta property=\"og:site_name\" content=\"Daniel Matos\" \/>\n<meta property=\"article:published_time\" content=\"2025-09-08T15:00:11+00:00\" \/>\n<meta property=\"article:modified_time\" content=\"2025-09-08T15:00:13+00:00\" \/>\n<meta property=\"og:image\" content=\"https:\/\/www.blogsoestado.com\/danielmatos\/wp-content\/uploads\/sites\/2\/2025\/09\/1003578649.jpg\" \/>\n\t<meta property=\"og:image:width\" content=\"1023\" \/>\n\t<meta property=\"og:image:height\" content=\"768\" \/>\n\t<meta property=\"og:image:type\" content=\"image\/jpeg\" \/>\n<meta name=\"author\" content=\"Daniel Matos\" \/>\n<meta name=\"twitter:card\" content=\"summary_large_image\" \/>\n<meta name=\"twitter:label1\" content=\"Escrito por\" \/>\n\t<meta name=\"twitter:data1\" content=\"Daniel Matos\" \/>\n\t<meta name=\"twitter:label2\" content=\"Est. tempo de leitura\" \/>\n\t<meta name=\"twitter:data2\" content=\"5 minutos\" \/>\n<script type=\"application\/ld+json\" class=\"yoast-schema-graph\">{\"@context\":\"https:\/\/schema.org\",\"@graph\":[{\"@type\":\"WebPage\",\"@id\":\"https:\/\/www.blogsoestado.com\/danielmatos\/evento-voltado-a-bioeconomia-no-cerrado-maranhense-integra-mobiliza-slz-2025\/\",\"url\":\"https:\/\/www.blogsoestado.com\/danielmatos\/evento-voltado-a-bioeconomia-no-cerrado-maranhense-integra-mobiliza-slz-2025\/\",\"name\":\"Evento voltado \u00e0 bioeconomia no Cerrado maranhense integra Mobiliza SLZ 2025 - Daniel Matos\",\"isPartOf\":{\"@id\":\"https:\/\/www.blogsoestado.com\/danielmatos\/#website\"},\"primaryImageOfPage\":{\"@id\":\"https:\/\/www.blogsoestado.com\/danielmatos\/evento-voltado-a-bioeconomia-no-cerrado-maranhense-integra-mobiliza-slz-2025\/#primaryimage\"},\"image\":{\"@id\":\"https:\/\/www.blogsoestado.com\/danielmatos\/evento-voltado-a-bioeconomia-no-cerrado-maranhense-integra-mobiliza-slz-2025\/#primaryimage\"},\"thumbnailUrl\":\"https:\/\/www.blogsoestado.com\/danielmatos\/wp-content\/uploads\/sites\/2\/2025\/09\/1003578649.jpg\",\"datePublished\":\"2025-09-08T15:00:11+00:00\",\"dateModified\":\"2025-09-08T15:00:13+00:00\",\"author\":{\"@id\":\"https:\/\/www.blogsoestado.com\/danielmatos\/#\/schema\/person\/9a209d407cd45631f131e1285b661bb0\"},\"breadcrumb\":{\"@id\":\"https:\/\/www.blogsoestado.com\/danielmatos\/evento-voltado-a-bioeconomia-no-cerrado-maranhense-integra-mobiliza-slz-2025\/#breadcrumb\"},\"inLanguage\":\"pt-BR\",\"potentialAction\":[{\"@type\":\"ReadAction\",\"target\":[\"https:\/\/www.blogsoestado.com\/danielmatos\/evento-voltado-a-bioeconomia-no-cerrado-maranhense-integra-mobiliza-slz-2025\/\"]}]},{\"@type\":\"ImageObject\",\"inLanguage\":\"pt-BR\",\"@id\":\"https:\/\/www.blogsoestado.com\/danielmatos\/evento-voltado-a-bioeconomia-no-cerrado-maranhense-integra-mobiliza-slz-2025\/#primaryimage\",\"url\":\"https:\/\/www.blogsoestado.com\/danielmatos\/wp-content\/uploads\/sites\/2\/2025\/09\/1003578649.jpg\",\"contentUrl\":\"https:\/\/www.blogsoestado.com\/danielmatos\/wp-content\/uploads\/sites\/2\/2025\/09\/1003578649.jpg\",\"width\":1023,\"height\":768},{\"@type\":\"BreadcrumbList\",\"@id\":\"https:\/\/www.blogsoestado.com\/danielmatos\/evento-voltado-a-bioeconomia-no-cerrado-maranhense-integra-mobiliza-slz-2025\/#breadcrumb\",\"itemListElement\":[{\"@type\":\"ListItem\",\"position\":1,\"name\":\"In\u00edcio\",\"item\":\"https:\/\/www.blogsoestado.com\/danielmatos\/\"},{\"@type\":\"ListItem\",\"position\":2,\"name\":\"Evento voltado \u00e0 bioeconomia no Cerrado maranhense integra Mobiliza SLZ 2025\"}]},{\"@type\":\"WebSite\",\"@id\":\"https:\/\/www.blogsoestado.com\/danielmatos\/#website\",\"url\":\"https:\/\/www.blogsoestado.com\/danielmatos\/\",\"name\":\"Daniel Matos\",\"description\":\"\",\"potentialAction\":[{\"@type\":\"SearchAction\",\"target\":{\"@type\":\"EntryPoint\",\"urlTemplate\":\"https:\/\/www.blogsoestado.com\/danielmatos\/?s={search_term_string}\"},\"query-input\":{\"@type\":\"PropertyValueSpecification\",\"valueRequired\":true,\"valueName\":\"search_term_string\"}}],\"inLanguage\":\"pt-BR\"},{\"@type\":\"Person\",\"@id\":\"https:\/\/www.blogsoestado.com\/danielmatos\/#\/schema\/person\/9a209d407cd45631f131e1285b661bb0\",\"name\":\"Daniel Matos\",\"image\":{\"@type\":\"ImageObject\",\"inLanguage\":\"pt-BR\",\"@id\":\"https:\/\/www.blogsoestado.com\/danielmatos\/#\/schema\/person\/image\/\",\"url\":\"https:\/\/secure.gravatar.com\/avatar\/2f26c36ee355da19a257f0dfef43952a2588b324ca35d6719e859fe338ac0392?s=96&d=mm&r=g\",\"contentUrl\":\"https:\/\/secure.gravatar.com\/avatar\/2f26c36ee355da19a257f0dfef43952a2588b324ca35d6719e859fe338ac0392?s=96&d=mm&r=g\",\"caption\":\"Daniel Matos\"},\"url\":\"https:\/\/www.blogsoestado.com\/danielmatos\/author\/danielmatos\/\"}]}<\/script>\n<!-- \/ Yoast SEO plugin. -->","yoast_head_json":{"title":"Evento voltado \u00e0 bioeconomia no Cerrado maranhense integra Mobiliza SLZ 2025 - Daniel Matos","robots":{"index":"index","follow":"follow","max-snippet":"max-snippet:-1","max-image-preview":"max-image-preview:large","max-video-preview":"max-video-preview:-1"},"canonical":"https:\/\/www.blogsoestado.com\/danielmatos\/evento-voltado-a-bioeconomia-no-cerrado-maranhense-integra-mobiliza-slz-2025\/","og_locale":"pt_BR","og_type":"article","og_title":"Evento voltado \u00e0 bioeconomia no Cerrado maranhense integra Mobiliza SLZ 2025 - Daniel Matos","og_description":"Neg\u00f3cios que utilizam recursos da biodiversidade do Cerrado maranhense de forma sustent\u00e1vel v\u00e3o compartilhar conhecimento e divulgar seus produtos e [&hellip;]","og_url":"https:\/\/www.blogsoestado.com\/danielmatos\/evento-voltado-a-bioeconomia-no-cerrado-maranhense-integra-mobiliza-slz-2025\/","og_site_name":"Daniel Matos","article_published_time":"2025-09-08T15:00:11+00:00","article_modified_time":"2025-09-08T15:00:13+00:00","og_image":[{"width":1023,"height":768,"url":"https:\/\/www.blogsoestado.com\/danielmatos\/wp-content\/uploads\/sites\/2\/2025\/09\/1003578649.jpg","type":"image\/jpeg"}],"author":"Daniel Matos","twitter_card":"summary_large_image","twitter_misc":{"Escrito por":"Daniel Matos","Est. tempo de leitura":"5 minutos"},"schema":{"@context":"https:\/\/schema.org","@graph":[{"@type":"WebPage","@id":"https:\/\/www.blogsoestado.com\/danielmatos\/evento-voltado-a-bioeconomia-no-cerrado-maranhense-integra-mobiliza-slz-2025\/","url":"https:\/\/www.blogsoestado.com\/danielmatos\/evento-voltado-a-bioeconomia-no-cerrado-maranhense-integra-mobiliza-slz-2025\/","name":"Evento voltado \u00e0 bioeconomia no Cerrado maranhense integra Mobiliza SLZ 2025 - Daniel Matos","isPartOf":{"@id":"https:\/\/www.blogsoestado.com\/danielmatos\/#website"},"primaryImageOfPage":{"@id":"https:\/\/www.blogsoestado.com\/danielmatos\/evento-voltado-a-bioeconomia-no-cerrado-maranhense-integra-mobiliza-slz-2025\/#primaryimage"},"image":{"@id":"https:\/\/www.blogsoestado.com\/danielmatos\/evento-voltado-a-bioeconomia-no-cerrado-maranhense-integra-mobiliza-slz-2025\/#primaryimage"},"thumbnailUrl":"https:\/\/www.blogsoestado.com\/danielmatos\/wp-content\/uploads\/sites\/2\/2025\/09\/1003578649.jpg","datePublished":"2025-09-08T15:00:11+00:00","dateModified":"2025-09-08T15:00:13+00:00","author":{"@id":"https:\/\/www.blogsoestado.com\/danielmatos\/#\/schema\/person\/9a209d407cd45631f131e1285b661bb0"},"breadcrumb":{"@id":"https:\/\/www.blogsoestado.com\/danielmatos\/evento-voltado-a-bioeconomia-no-cerrado-maranhense-integra-mobiliza-slz-2025\/#breadcrumb"},"inLanguage":"pt-BR","potentialAction":[{"@type":"ReadAction","target":["https:\/\/www.blogsoestado.com\/danielmatos\/evento-voltado-a-bioeconomia-no-cerrado-maranhense-integra-mobiliza-slz-2025\/"]}]},{"@type":"ImageObject","inLanguage":"pt-BR","@id":"https:\/\/www.blogsoestado.com\/danielmatos\/evento-voltado-a-bioeconomia-no-cerrado-maranhense-integra-mobiliza-slz-2025\/#primaryimage","url":"https:\/\/www.blogsoestado.com\/danielmatos\/wp-content\/uploads\/sites\/2\/2025\/09\/1003578649.jpg","contentUrl":"https:\/\/www.blogsoestado.com\/danielmatos\/wp-content\/uploads\/sites\/2\/2025\/09\/1003578649.jpg","width":1023,"height":768},{"@type":"BreadcrumbList","@id":"https:\/\/www.blogsoestado.com\/danielmatos\/evento-voltado-a-bioeconomia-no-cerrado-maranhense-integra-mobiliza-slz-2025\/#breadcrumb","itemListElement":[{"@type":"ListItem","position":1,"name":"In\u00edcio","item":"https:\/\/www.blogsoestado.com\/danielmatos\/"},{"@type":"ListItem","position":2,"name":"Evento voltado \u00e0 bioeconomia no Cerrado maranhense integra Mobiliza SLZ 2025"}]},{"@type":"WebSite","@id":"https:\/\/www.blogsoestado.com\/danielmatos\/#website","url":"https:\/\/www.blogsoestado.com\/danielmatos\/","name":"Daniel Matos","description":"","potentialAction":[{"@type":"SearchAction","target":{"@type":"EntryPoint","urlTemplate":"https:\/\/www.blogsoestado.com\/danielmatos\/?s={search_term_string}"},"query-input":{"@type":"PropertyValueSpecification","valueRequired":true,"valueName":"search_term_string"}}],"inLanguage":"pt-BR"},{"@type":"Person","@id":"https:\/\/www.blogsoestado.com\/danielmatos\/#\/schema\/person\/9a209d407cd45631f131e1285b661bb0","name":"Daniel Matos","image":{"@type":"ImageObject","inLanguage":"pt-BR","@id":"https:\/\/www.blogsoestado.com\/danielmatos\/#\/schema\/person\/image\/","url":"https:\/\/secure.gravatar.com\/avatar\/2f26c36ee355da19a257f0dfef43952a2588b324ca35d6719e859fe338ac0392?s=96&d=mm&r=g","contentUrl":"https:\/\/secure.gravatar.com\/avatar\/2f26c36ee355da19a257f0dfef43952a2588b324ca35d6719e859fe338ac0392?s=96&d=mm&r=g","caption":"Daniel Matos"},"url":"https:\/\/www.blogsoestado.com\/danielmatos\/author\/danielmatos\/"}]}},"jetpack_featured_media_url":"","_links":{"self":[{"href":"https:\/\/www.blogsoestado.com\/danielmatos\/wp-json\/wp\/v2\/posts\/148152","targetHints":{"allow":["GET"]}}],"collection":[{"href":"https:\/\/www.blogsoestado.com\/danielmatos\/wp-json\/wp\/v2\/posts"}],"about":[{"href":"https:\/\/www.blogsoestado.com\/danielmatos\/wp-json\/wp\/v2\/types\/post"}],"author":[{"embeddable":true,"href":"https:\/\/www.blogsoestado.com\/danielmatos\/wp-json\/wp\/v2\/users\/2"}],"replies":[{"embeddable":true,"href":"https:\/\/www.blogsoestado.com\/danielmatos\/wp-json\/wp\/v2\/comments?post=148152"}],"version-history":[{"count":1,"href":"https:\/\/www.blogsoestado.com\/danielmatos\/wp-json\/wp\/v2\/posts\/148152\/revisions"}],"predecessor-version":[{"id":148157,"href":"https:\/\/www.blogsoestado.com\/danielmatos\/wp-json\/wp\/v2\/posts\/148152\/revisions\/148157"}],"wp:attachment":[{"href":"https:\/\/www.blogsoestado.com\/danielmatos\/wp-json\/wp\/v2\/media?parent=148152"}],"wp:term":[{"taxonomy":"category","embeddable":true,"href":"https:\/\/www.blogsoestado.com\/danielmatos\/wp-json\/wp\/v2\/categories?post=148152"},{"taxonomy":"post_tag","embeddable":true,"href":"https:\/\/www.blogsoestado.com\/danielmatos\/wp-json\/wp\/v2\/tags?post=148152"}],"curies":[{"name":"wp","href":"https:\/\/api.w.org\/{rel}","templated":true}]}}