{"id":148158,"date":"2025-09-08T12:50:56","date_gmt":"2025-09-08T15:50:56","guid":{"rendered":"https:\/\/www.blogsoestado.com\/danielmatos\/?p=148158"},"modified":"2025-09-08T12:50:59","modified_gmt":"2025-09-08T15:50:59","slug":"vereador-cleber-verde-filho-consolida-apoio-a-pre-candidatura-de-julio-filho","status":"publish","type":"post","link":"https:\/\/www.blogsoestado.com\/danielmatos\/vereador-cleber-verde-filho-consolida-apoio-a-pre-candidatura-de-julio-filho\/","title":{"rendered":"Vereador Cleber Verde Filho consolida apoio \u00e0 pr\u00e9-candidatura de J\u00falio Filho"},"content":{"rendered":"\n<figure class=\"wp-block-image aligncenter size-large\"><img fetchpriority=\"high\" decoding=\"async\" width=\"837\" height=\"1024\" src=\"https:\/\/www.blogsoestado.com\/danielmatos\/wp-content\/uploads\/sites\/2\/2025\/09\/1003579620-837x1024.jpg\" alt=\"\" class=\"wp-image-148159\" srcset=\"https:\/\/www.blogsoestado.com\/danielmatos\/wp-content\/uploads\/sites\/2\/2025\/09\/1003579620-837x1024.jpg 837w, https:\/\/www.blogsoestado.com\/danielmatos\/wp-content\/uploads\/sites\/2\/2025\/09\/1003579620-245x300.jpg 245w, https:\/\/www.blogsoestado.com\/danielmatos\/wp-content\/uploads\/sites\/2\/2025\/09\/1003579620-768x939.jpg 768w, https:\/\/www.blogsoestado.com\/danielmatos\/wp-content\/uploads\/sites\/2\/2025\/09\/1003579620.jpg 960w\" sizes=\"(max-width: 837px) 100vw, 837px\" \/><figcaption class=\"wp-element-caption\">J\u00falio Filho com o vereador Cleber Verde Filho entre o prefeito de S\u00e3o Jos\u00e9 de Ribamar, Dr. Julinho, e o deputado federal Cl\u00e9ber Verde<\/figcaption><\/figure>\n\n\n\n<p>Na manh\u00e3 desta segunda-feira (8), o pr\u00e9-candidato a Deputado Estadual, J\u00falio Filho, recebeu a visita do ent\u00e3o deputado federal Cleber Verde e seu filho, o vereador de S\u00e3o Lu\u00eds, Cleber Verde Filho. Na ocasi\u00e3o, o edil confirmou seu apoio a J\u00falio Filho.<\/p>\n\n\n\n<p>O an\u00fancio foi feito durante um caf\u00e9 da manh\u00e3 realizado no escrit\u00f3rio de J\u00falio Filho, localizado no Ara\u00e7agy. O encontro tamb\u00e9m contou com a presen\u00e7a do atual prefeito de S\u00e3o Jos\u00e9 de Ribamar, Dr. Julinho (PODEMOS).<\/p>\n\n\n\n<p>A uni\u00e3o pol\u00edtica foi selada entre os dois para 2026, ganhou for\u00e7a com a ades\u00e3o estrat\u00e9gica do vereador Cleber Verde Filho. A entrada dele fortalece a pr\u00e9-campanha de J\u00falio Filho \u00e0 Assembleia Legislativa, que visa representar o terceiro maior col\u00e9gio eleitoral do estado.<\/p>\n\n\n\n<p>A parceria, que deve ser ampliada para outras lideran\u00e7as do MDB de 2024, foi celebrada por ambos. &#8220;Sem d\u00favida, quem ganha \u00e9 a popula\u00e7\u00e3o&#8221;, afirmou Cleber. J\u00falio Filho disse se sentir &#8220;presenteado&#8221; com o apoio. \u2018\u2019Fico muito feliz com o apoio do vereador. Me sinto presenteado, embora S\u00e3o Lu\u00eds seja a aniversariante do dia\u2019\u2019, felicitou.<\/p>\n","protected":false},"excerpt":{"rendered":"<p>Na manh\u00e3 desta segunda-feira (8), o pr\u00e9-candidato a Deputado Estadual, J\u00falio Filho, recebeu a visita do ent\u00e3o deputado federal Cleber [&hellip;]<\/p>\n","protected":false},"author":2,"featured_media":0,"comment_status":"open","ping_status":"open","sticky":false,"template":"","format":"standard","meta":{"site-sidebar-layout":"default","site-content-layout":"","ast-site-content-layout":"default","site-content-style":"default","site-sidebar-style":"default","ast-global-header-display":"","ast-banner-title-visibility":"","ast-main-header-display":"","ast-hfb-above-header-display":"","ast-hfb-below-header-display":"","ast-hfb-mobile-header-display":"","site-post-title":"","ast-breadcrumbs-content":"","ast-featured-img":"","footer-sml-layout":"","ast-disable-related-posts":"","theme-transparent-header-meta":"","adv-header-id-meta":"","stick-header-meta":"","header-above-stick-meta":"","header-main-stick-meta":"","header-below-stick-meta":"","astra-migrate-meta-layouts":"default","ast-page-background-enabled":"default","ast-page-background-meta":{"desktop":{"background-color":"var(--ast-global-color-5)","background-image":"","background-repeat":"repeat","background-position":"center center","background-size":"auto","background-attachment":"scroll","background-type":"","background-media":"","overlay-type":"","overlay-color":"","overlay-opacity":"","overlay-gradient":""},"tablet":{"background-color":"","background-image":"","background-repeat":"repeat","background-position":"center center","background-size":"auto","background-attachment":"scroll","background-type":"","background-media":"","overlay-type":"","overlay-color":"","overlay-opacity":"","overlay-gradient":""},"mobile":{"background-color":"","background-image":"","background-repeat":"repeat","background-position":"center center","background-size":"auto","background-attachment":"scroll","background-type":"","background-media":"","overlay-type":"","overlay-color":"","overlay-opacity":"","overlay-gradient":""}},"ast-content-background-meta":{"desktop":{"background-color":"var(--ast-global-color-4)","background-image":"","background-repeat":"repeat","background-position":"center center","background-size":"auto","background-attachment":"scroll","background-type":"","background-media":"","overlay-type":"","overlay-color":"","overlay-opacity":"","overlay-gradient":""},"tablet":{"background-color":"var(--ast-global-color-4)","background-image":"","background-repeat":"repeat","background-position":"center center","background-size":"auto","background-attachment":"scroll","background-type":"","background-media":"","overlay-type":"","overlay-color":"","overlay-opacity":"","overlay-gradient":""},"mobile":{"background-color":"var(--ast-global-color-4)","background-image":"","background-repeat":"repeat","background-position":"center center","background-size":"auto","background-attachment":"scroll","background-type":"","background-media":"","overlay-type":"","overlay-color":"","overlay-opacity":"","overlay-gradient":""}},"footnotes":""},"categories":[1],"tags":[],"class_list":["post-148158","post","type-post","status-publish","format-standard","hentry","category-sem-categoria"],"yoast_head":"<!-- This site is optimized with the Yoast SEO plugin v26.6 - https:\/\/yoast.com\/wordpress\/plugins\/seo\/ -->\n<title>Vereador Cleber Verde Filho consolida apoio \u00e0 pr\u00e9-candidatura de J\u00falio Filho - Daniel Matos<\/title>\n<meta name=\"robots\" content=\"index, follow, max-snippet:-1, max-image-preview:large, max-video-preview:-1\" \/>\n<link rel=\"canonical\" href=\"https:\/\/www.blogsoestado.com\/danielmatos\/vereador-cleber-verde-filho-consolida-apoio-a-pre-candidatura-de-julio-filho\/\" \/>\n<meta property=\"og:locale\" content=\"pt_BR\" \/>\n<meta property=\"og:type\" content=\"article\" \/>\n<meta property=\"og:title\" content=\"Vereador Cleber Verde Filho consolida apoio \u00e0 pr\u00e9-candidatura de J\u00falio Filho - Daniel Matos\" \/>\n<meta property=\"og:description\" content=\"Na manh\u00e3 desta segunda-feira (8), o pr\u00e9-candidato a Deputado Estadual, J\u00falio Filho, recebeu a visita do ent\u00e3o deputado federal Cleber [&hellip;]\" \/>\n<meta property=\"og:url\" content=\"https:\/\/www.blogsoestado.com\/danielmatos\/vereador-cleber-verde-filho-consolida-apoio-a-pre-candidatura-de-julio-filho\/\" \/>\n<meta property=\"og:site_name\" content=\"Daniel Matos\" \/>\n<meta property=\"article:published_time\" content=\"2025-09-08T15:50:56+00:00\" \/>\n<meta property=\"article:modified_time\" content=\"2025-09-08T15:50:59+00:00\" \/>\n<meta property=\"og:image\" content=\"https:\/\/www.blogsoestado.com\/danielmatos\/wp-content\/uploads\/sites\/2\/2025\/09\/1003579620.jpg\" \/>\n\t<meta property=\"og:image:width\" content=\"960\" \/>\n\t<meta property=\"og:image:height\" content=\"1174\" \/>\n\t<meta property=\"og:image:type\" content=\"image\/jpeg\" \/>\n<meta name=\"author\" content=\"Daniel Matos\" \/>\n<meta name=\"twitter:card\" content=\"summary_large_image\" \/>\n<meta name=\"twitter:label1\" content=\"Escrito por\" \/>\n\t<meta name=\"twitter:data1\" content=\"Daniel Matos\" \/>\n\t<meta name=\"twitter:label2\" content=\"Est. tempo de leitura\" \/>\n\t<meta name=\"twitter:data2\" content=\"2 minutos\" \/>\n<script type=\"application\/ld+json\" class=\"yoast-schema-graph\">{\"@context\":\"https:\/\/schema.org\",\"@graph\":[{\"@type\":\"WebPage\",\"@id\":\"https:\/\/www.blogsoestado.com\/danielmatos\/vereador-cleber-verde-filho-consolida-apoio-a-pre-candidatura-de-julio-filho\/\",\"url\":\"https:\/\/www.blogsoestado.com\/danielmatos\/vereador-cleber-verde-filho-consolida-apoio-a-pre-candidatura-de-julio-filho\/\",\"name\":\"Vereador Cleber Verde Filho consolida apoio \u00e0 pr\u00e9-candidatura de J\u00falio Filho - Daniel Matos\",\"isPartOf\":{\"@id\":\"https:\/\/www.blogsoestado.com\/danielmatos\/#website\"},\"primaryImageOfPage\":{\"@id\":\"https:\/\/www.blogsoestado.com\/danielmatos\/vereador-cleber-verde-filho-consolida-apoio-a-pre-candidatura-de-julio-filho\/#primaryimage\"},\"image\":{\"@id\":\"https:\/\/www.blogsoestado.com\/danielmatos\/vereador-cleber-verde-filho-consolida-apoio-a-pre-candidatura-de-julio-filho\/#primaryimage\"},\"thumbnailUrl\":\"https:\/\/www.blogsoestado.com\/danielmatos\/wp-content\/uploads\/sites\/2\/2025\/09\/1003579620-837x1024.jpg\",\"datePublished\":\"2025-09-08T15:50:56+00:00\",\"dateModified\":\"2025-09-08T15:50:59+00:00\",\"author\":{\"@id\":\"https:\/\/www.blogsoestado.com\/danielmatos\/#\/schema\/person\/9a209d407cd45631f131e1285b661bb0\"},\"breadcrumb\":{\"@id\":\"https:\/\/www.blogsoestado.com\/danielmatos\/vereador-cleber-verde-filho-consolida-apoio-a-pre-candidatura-de-julio-filho\/#breadcrumb\"},\"inLanguage\":\"pt-BR\",\"potentialAction\":[{\"@type\":\"ReadAction\",\"target\":[\"https:\/\/www.blogsoestado.com\/danielmatos\/vereador-cleber-verde-filho-consolida-apoio-a-pre-candidatura-de-julio-filho\/\"]}]},{\"@type\":\"ImageObject\",\"inLanguage\":\"pt-BR\",\"@id\":\"https:\/\/www.blogsoestado.com\/danielmatos\/vereador-cleber-verde-filho-consolida-apoio-a-pre-candidatura-de-julio-filho\/#primaryimage\",\"url\":\"https:\/\/www.blogsoestado.com\/danielmatos\/wp-content\/uploads\/sites\/2\/2025\/09\/1003579620.jpg\",\"contentUrl\":\"https:\/\/www.blogsoestado.com\/danielmatos\/wp-content\/uploads\/sites\/2\/2025\/09\/1003579620.jpg\",\"width\":960,\"height\":1174},{\"@type\":\"BreadcrumbList\",\"@id\":\"https:\/\/www.blogsoestado.com\/danielmatos\/vereador-cleber-verde-filho-consolida-apoio-a-pre-candidatura-de-julio-filho\/#breadcrumb\",\"itemListElement\":[{\"@type\":\"ListItem\",\"position\":1,\"name\":\"In\u00edcio\",\"item\":\"https:\/\/www.blogsoestado.com\/danielmatos\/\"},{\"@type\":\"ListItem\",\"position\":2,\"name\":\"Vereador Cleber Verde Filho consolida apoio \u00e0 pr\u00e9-candidatura de J\u00falio Filho\"}]},{\"@type\":\"WebSite\",\"@id\":\"https:\/\/www.blogsoestado.com\/danielmatos\/#website\",\"url\":\"https:\/\/www.blogsoestado.com\/danielmatos\/\",\"name\":\"Daniel Matos\",\"description\":\"\",\"potentialAction\":[{\"@type\":\"SearchAction\",\"target\":{\"@type\":\"EntryPoint\",\"urlTemplate\":\"https:\/\/www.blogsoestado.com\/danielmatos\/?s={search_term_string}\"},\"query-input\":{\"@type\":\"PropertyValueSpecification\",\"valueRequired\":true,\"valueName\":\"search_term_string\"}}],\"inLanguage\":\"pt-BR\"},{\"@type\":\"Person\",\"@id\":\"https:\/\/www.blogsoestado.com\/danielmatos\/#\/schema\/person\/9a209d407cd45631f131e1285b661bb0\",\"name\":\"Daniel Matos\",\"image\":{\"@type\":\"ImageObject\",\"inLanguage\":\"pt-BR\",\"@id\":\"https:\/\/www.blogsoestado.com\/danielmatos\/#\/schema\/person\/image\/\",\"url\":\"https:\/\/secure.gravatar.com\/avatar\/2f26c36ee355da19a257f0dfef43952a2588b324ca35d6719e859fe338ac0392?s=96&d=mm&r=g\",\"contentUrl\":\"https:\/\/secure.gravatar.com\/avatar\/2f26c36ee355da19a257f0dfef43952a2588b324ca35d6719e859fe338ac0392?s=96&d=mm&r=g\",\"caption\":\"Daniel Matos\"},\"url\":\"https:\/\/www.blogsoestado.com\/danielmatos\/author\/danielmatos\/\"}]}<\/script>\n<!-- \/ Yoast SEO plugin. -->","yoast_head_json":{"title":"Vereador Cleber Verde Filho consolida apoio \u00e0 pr\u00e9-candidatura de J\u00falio Filho - Daniel Matos","robots":{"index":"index","follow":"follow","max-snippet":"max-snippet:-1","max-image-preview":"max-image-preview:large","max-video-preview":"max-video-preview:-1"},"canonical":"https:\/\/www.blogsoestado.com\/danielmatos\/vereador-cleber-verde-filho-consolida-apoio-a-pre-candidatura-de-julio-filho\/","og_locale":"pt_BR","og_type":"article","og_title":"Vereador Cleber Verde Filho consolida apoio \u00e0 pr\u00e9-candidatura de J\u00falio Filho - Daniel Matos","og_description":"Na manh\u00e3 desta segunda-feira (8), o pr\u00e9-candidato a Deputado Estadual, J\u00falio Filho, recebeu a visita do ent\u00e3o deputado federal Cleber [&hellip;]","og_url":"https:\/\/www.blogsoestado.com\/danielmatos\/vereador-cleber-verde-filho-consolida-apoio-a-pre-candidatura-de-julio-filho\/","og_site_name":"Daniel Matos","article_published_time":"2025-09-08T15:50:56+00:00","article_modified_time":"2025-09-08T15:50:59+00:00","og_image":[{"width":960,"height":1174,"url":"https:\/\/www.blogsoestado.com\/danielmatos\/wp-content\/uploads\/sites\/2\/2025\/09\/1003579620.jpg","type":"image\/jpeg"}],"author":"Daniel Matos","twitter_card":"summary_large_image","twitter_misc":{"Escrito por":"Daniel Matos","Est. tempo de leitura":"2 minutos"},"schema":{"@context":"https:\/\/schema.org","@graph":[{"@type":"WebPage","@id":"https:\/\/www.blogsoestado.com\/danielmatos\/vereador-cleber-verde-filho-consolida-apoio-a-pre-candidatura-de-julio-filho\/","url":"https:\/\/www.blogsoestado.com\/danielmatos\/vereador-cleber-verde-filho-consolida-apoio-a-pre-candidatura-de-julio-filho\/","name":"Vereador Cleber Verde Filho consolida apoio \u00e0 pr\u00e9-candidatura de J\u00falio Filho - Daniel Matos","isPartOf":{"@id":"https:\/\/www.blogsoestado.com\/danielmatos\/#website"},"primaryImageOfPage":{"@id":"https:\/\/www.blogsoestado.com\/danielmatos\/vereador-cleber-verde-filho-consolida-apoio-a-pre-candidatura-de-julio-filho\/#primaryimage"},"image":{"@id":"https:\/\/www.blogsoestado.com\/danielmatos\/vereador-cleber-verde-filho-consolida-apoio-a-pre-candidatura-de-julio-filho\/#primaryimage"},"thumbnailUrl":"https:\/\/www.blogsoestado.com\/danielmatos\/wp-content\/uploads\/sites\/2\/2025\/09\/1003579620-837x1024.jpg","datePublished":"2025-09-08T15:50:56+00:00","dateModified":"2025-09-08T15:50:59+00:00","author":{"@id":"https:\/\/www.blogsoestado.com\/danielmatos\/#\/schema\/person\/9a209d407cd45631f131e1285b661bb0"},"breadcrumb":{"@id":"https:\/\/www.blogsoestado.com\/danielmatos\/vereador-cleber-verde-filho-consolida-apoio-a-pre-candidatura-de-julio-filho\/#breadcrumb"},"inLanguage":"pt-BR","potentialAction":[{"@type":"ReadAction","target":["https:\/\/www.blogsoestado.com\/danielmatos\/vereador-cleber-verde-filho-consolida-apoio-a-pre-candidatura-de-julio-filho\/"]}]},{"@type":"ImageObject","inLanguage":"pt-BR","@id":"https:\/\/www.blogsoestado.com\/danielmatos\/vereador-cleber-verde-filho-consolida-apoio-a-pre-candidatura-de-julio-filho\/#primaryimage","url":"https:\/\/www.blogsoestado.com\/danielmatos\/wp-content\/uploads\/sites\/2\/2025\/09\/1003579620.jpg","contentUrl":"https:\/\/www.blogsoestado.com\/danielmatos\/wp-content\/uploads\/sites\/2\/2025\/09\/1003579620.jpg","width":960,"height":1174},{"@type":"BreadcrumbList","@id":"https:\/\/www.blogsoestado.com\/danielmatos\/vereador-cleber-verde-filho-consolida-apoio-a-pre-candidatura-de-julio-filho\/#breadcrumb","itemListElement":[{"@type":"ListItem","position":1,"name":"In\u00edcio","item":"https:\/\/www.blogsoestado.com\/danielmatos\/"},{"@type":"ListItem","position":2,"name":"Vereador Cleber Verde Filho consolida apoio \u00e0 pr\u00e9-candidatura de J\u00falio Filho"}]},{"@type":"WebSite","@id":"https:\/\/www.blogsoestado.com\/danielmatos\/#website","url":"https:\/\/www.blogsoestado.com\/danielmatos\/","name":"Daniel Matos","description":"","potentialAction":[{"@type":"SearchAction","target":{"@type":"EntryPoint","urlTemplate":"https:\/\/www.blogsoestado.com\/danielmatos\/?s={search_term_string}"},"query-input":{"@type":"PropertyValueSpecification","valueRequired":true,"valueName":"search_term_string"}}],"inLanguage":"pt-BR"},{"@type":"Person","@id":"https:\/\/www.blogsoestado.com\/danielmatos\/#\/schema\/person\/9a209d407cd45631f131e1285b661bb0","name":"Daniel Matos","image":{"@type":"ImageObject","inLanguage":"pt-BR","@id":"https:\/\/www.blogsoestado.com\/danielmatos\/#\/schema\/person\/image\/","url":"https:\/\/secure.gravatar.com\/avatar\/2f26c36ee355da19a257f0dfef43952a2588b324ca35d6719e859fe338ac0392?s=96&d=mm&r=g","contentUrl":"https:\/\/secure.gravatar.com\/avatar\/2f26c36ee355da19a257f0dfef43952a2588b324ca35d6719e859fe338ac0392?s=96&d=mm&r=g","caption":"Daniel Matos"},"url":"https:\/\/www.blogsoestado.com\/danielmatos\/author\/danielmatos\/"}]}},"jetpack_featured_media_url":"","_links":{"self":[{"href":"https:\/\/www.blogsoestado.com\/danielmatos\/wp-json\/wp\/v2\/posts\/148158","targetHints":{"allow":["GET"]}}],"collection":[{"href":"https:\/\/www.blogsoestado.com\/danielmatos\/wp-json\/wp\/v2\/posts"}],"about":[{"href":"https:\/\/www.blogsoestado.com\/danielmatos\/wp-json\/wp\/v2\/types\/post"}],"author":[{"embeddable":true,"href":"https:\/\/www.blogsoestado.com\/danielmatos\/wp-json\/wp\/v2\/users\/2"}],"replies":[{"embeddable":true,"href":"https:\/\/www.blogsoestado.com\/danielmatos\/wp-json\/wp\/v2\/comments?post=148158"}],"version-history":[{"count":1,"href":"https:\/\/www.blogsoestado.com\/danielmatos\/wp-json\/wp\/v2\/posts\/148158\/revisions"}],"predecessor-version":[{"id":148160,"href":"https:\/\/www.blogsoestado.com\/danielmatos\/wp-json\/wp\/v2\/posts\/148158\/revisions\/148160"}],"wp:attachment":[{"href":"https:\/\/www.blogsoestado.com\/danielmatos\/wp-json\/wp\/v2\/media?parent=148158"}],"wp:term":[{"taxonomy":"category","embeddable":true,"href":"https:\/\/www.blogsoestado.com\/danielmatos\/wp-json\/wp\/v2\/categories?post=148158"},{"taxonomy":"post_tag","embeddable":true,"href":"https:\/\/www.blogsoestado.com\/danielmatos\/wp-json\/wp\/v2\/tags?post=148158"}],"curies":[{"name":"wp","href":"https:\/\/api.w.org\/{rel}","templated":true}]}}