{"id":148215,"date":"2025-09-09T14:57:24","date_gmt":"2025-09-09T17:57:24","guid":{"rendered":"https:\/\/www.blogsoestado.com\/danielmatos\/?p=148215"},"modified":"2025-09-09T15:05:56","modified_gmt":"2025-09-09T18:05:56","slug":"dacio-alves-viana-da-simplicidade-a-referencia-internacional-em-fe-educacao-e-transformacao-social","status":"publish","type":"post","link":"https:\/\/www.blogsoestado.com\/danielmatos\/dacio-alves-viana-da-simplicidade-a-referencia-internacional-em-fe-educacao-e-transformacao-social\/","title":{"rendered":"D\u00e1cio Alves Viana: da simplicidade \u00e0 refer\u00eancia internacional em f\u00e9, educa\u00e7\u00e3o e transforma\u00e7\u00e3o social"},"content":{"rendered":"\n<figure class=\"wp-block-image aligncenter size-full\"><img fetchpriority=\"high\" decoding=\"async\" width=\"828\" height=\"441\" src=\"https:\/\/www.blogsoestado.com\/danielmatos\/wp-content\/uploads\/sites\/2\/2025\/09\/1003593107.jpg\" alt=\"\" class=\"wp-image-148216\" srcset=\"https:\/\/www.blogsoestado.com\/danielmatos\/wp-content\/uploads\/sites\/2\/2025\/09\/1003593107.jpg 828w, https:\/\/www.blogsoestado.com\/danielmatos\/wp-content\/uploads\/sites\/2\/2025\/09\/1003593107-300x160.jpg 300w, https:\/\/www.blogsoestado.com\/danielmatos\/wp-content\/uploads\/sites\/2\/2025\/09\/1003593107-768x409.jpg 768w\" sizes=\"(max-width: 828px) 100vw, 828px\" \/><figcaption class=\"wp-element-caption\">D\u00e1cio Alves \u00e9 de origem humilde, mas sempre acalentou sonhos grandes<\/figcaption><\/figure>\n\n\n\n<p>Existem hist\u00f3rias que n\u00e3o podem ser contadas apenas como biografias. Elas precisam ser narradas como verdadeiras epopeias de vida. Assim \u00e9 a trajet\u00f3ria do Comendador D\u00e1cio Alves Viana, um homem que nasceu na simplicidade de Lago Verde, Maranh\u00e3o, em 21 de novembro de 1985, e que hoje se tornou refer\u00eancia de sucesso, f\u00e9 e transforma\u00e7\u00e3o social.<\/p>\n\n\n\n<p><strong>Origem humilde e sonhos grandes<\/strong><\/p>\n\n\n\n<p>Desde cedo, D\u00e1cio aprendeu que a luta era inevit\u00e1vel. Aos 11 anos, ainda na primeira s\u00e9rie, vendia bolo e geladinho de porta em porta para ajudar no sustento da fam\u00edlia. Seu pai, Jos\u00e9 de Ribamar Alves Viana, trabalhava com capina de rua, enquanto sua m\u00e3e, Maria de Jesus Alves Viana, quebrava coco para garantir a sobreviv\u00eancia da casa.<br>Em 1993, seu pai foi ordenado ao Minist\u00e9rio Pastoral pela CEADEMA e a fam\u00edlia passou a viver em povoados humildes, como Olho d\u2019\u00c1gua do Lapela, munic\u00edpio de Concei\u00e7\u00e3o do Lago A\u00e7u, onde n\u00e3o havia estrada nem energia el\u00e9trica. Entre tantas dificuldades, nasceu em D\u00e1cio a certeza de que a educa\u00e7\u00e3o seria a chave para mudar destinos. <strong><mark style=\"color:#cf2e2e\" class=\"has-inline-color\">Clique no link abaixo e assista ao v\u00eddeo:<\/mark><\/strong><\/p>\n\n\n\n<p><a href=\"https:\/\/photos.app.goo.gl\/FeKuFNnrc98M5oUK8\">https:\/\/photos.app.goo.gl\/FeKuFNnrc98M5oUK8<\/a><\/p>\n\n\n\n<p><strong>Educa\u00e7\u00e3o como miss\u00e3o de vida<\/strong><\/p>\n\n\n\n<p>Movido por essa f\u00e9, h\u00e1 13 anos, com apenas R$ 500 emprestados pelo pai, D\u00e1cio fundou o Instituto Pedreirense de Educa\u00e7\u00e3o (IPEDE). O que come\u00e7ou pequeno transformou-se em um gigante da educa\u00e7\u00e3o no Maranh\u00e3o. Hoje, o IPEDE conta com tr\u00eas faculdades, quinze escolas t\u00e9cnicas, mais de oito mil alunos j\u00e1 formados e outros 4.500 em sala de aula. Mais de mil bolsas de estudo 100% gratuitas foram concedidas a jovens de baixa renda, beneficiando indiretamente mais de 10 mil fam\u00edlias por meio de suas a\u00e7\u00f5es sociais.<\/p>\n\n\n\n<p><strong>Reconhecimento nacional e internacional<\/strong><\/p>\n\n\n\n<p>O esfor\u00e7o e a dedica\u00e7\u00e3o de D\u00e1cio foram reconhecidos por meio de premia\u00e7\u00f5es e honrarias. Ele j\u00e1 recebeu a Medalha Tiradentes, uma das maiores honrarias militares do Brasil, foi laureado com duas medalhas de ouro como gestor e recebeu o Pr\u00eamio Empresa Brasileira do Ano em duas ocasi\u00f5es. <strong><mark style=\"color:#cf2e2e\" class=\"has-inline-color\">Clique no link abaixo e assista ao v\u00eddeo:<\/mark><\/strong><\/p>\n\n\n\n<p><a href=\"https:\/\/photos.app.goo.gl\/7Da1P1najaYiQ2Zp6\">https:\/\/photos.app.goo.gl\/7Da1P1najaYiQ2Zp6<\/a><\/p>\n\n\n\n<p>Tamb\u00e9m conquistou o Quality Brasil, Mercosul e Latino Am\u00e9rica, uma das maiores premia\u00e7\u00f5es do continente, al\u00e9m dos t\u00edtulos de Comendador e Chanceler Internacional em pa\u00edses como M\u00e9xico, Panam\u00e1 e Chile. Na \u00e1rea da sa\u00fade, foi eleito conselheiro do COREN\/Maranh\u00e3o nos anos de 2001 e 2022.<\/p>\n\n\n\n<p><strong>F\u00e9, fam\u00edlia e legado<\/strong><\/p>\n\n\n\n<p>Crist\u00e3o fidedigno, pai de Darlison Viana, formado em Pedagogia, Enfermagem e Mestre em Administra\u00e7\u00e3o, D\u00e1cio Alves Viana \u00e9 mais do que um empres\u00e1rio de sucesso: \u00e9 um exemplo de f\u00e9, humildade e perseveran\u00e7a.<br>Sua frase \u2014 \u201cVejo objetivos a serem alcan\u00e7ados\u201d \u2014 traduz a alma de um homem que nunca deixou de acreditar, mesmo quando tudo parecia imposs\u00edvel.<\/p>\n\n\n\n<p><strong>Inspira\u00e7\u00e3o para novas gera\u00e7\u00f5es<\/strong><\/p>\n\n\n\n<p>Do menino que vendia bolo e geladinho ao Comendador Internacional, D\u00e1cio Alves Viana \u00e9 hoje uma luz que inspira milhares de jovens maranhenses e brasileiros. Sua vida \u00e9 um c\u00e2ntico de supera\u00e7\u00e3o, uma prova de que, quando se tem f\u00e9, coragem e determina\u00e7\u00e3o, n\u00e3o existem barreiras que possam deter um sonho.<\/p>\n","protected":false},"excerpt":{"rendered":"<p>Existem hist\u00f3rias que n\u00e3o podem ser contadas apenas como biografias. Elas precisam ser narradas como verdadeiras epopeias de vida. Assim [&hellip;]<\/p>\n","protected":false},"author":2,"featured_media":0,"comment_status":"open","ping_status":"open","sticky":false,"template":"","format":"standard","meta":{"site-sidebar-layout":"default","site-content-layout":"","ast-site-content-layout":"default","site-content-style":"default","site-sidebar-style":"default","ast-global-header-display":"","ast-banner-title-visibility":"","ast-main-header-display":"","ast-hfb-above-header-display":"","ast-hfb-below-header-display":"","ast-hfb-mobile-header-display":"","site-post-title":"","ast-breadcrumbs-content":"","ast-featured-img":"","footer-sml-layout":"","ast-disable-related-posts":"","theme-transparent-header-meta":"","adv-header-id-meta":"","stick-header-meta":"","header-above-stick-meta":"","header-main-stick-meta":"","header-below-stick-meta":"","astra-migrate-meta-layouts":"default","ast-page-background-enabled":"default","ast-page-background-meta":{"desktop":{"background-color":"var(--ast-global-color-5)","background-image":"","background-repeat":"repeat","background-position":"center center","background-size":"auto","background-attachment":"scroll","background-type":"","background-media":"","overlay-type":"","overlay-color":"","overlay-opacity":"","overlay-gradient":""},"tablet":{"background-color":"","background-image":"","background-repeat":"repeat","background-position":"center center","background-size":"auto","background-attachment":"scroll","background-type":"","background-media":"","overlay-type":"","overlay-color":"","overlay-opacity":"","overlay-gradient":""},"mobile":{"background-color":"","background-image":"","background-repeat":"repeat","background-position":"center center","background-size":"auto","background-attachment":"scroll","background-type":"","background-media":"","overlay-type":"","overlay-color":"","overlay-opacity":"","overlay-gradient":""}},"ast-content-background-meta":{"desktop":{"background-color":"var(--ast-global-color-4)","background-image":"","background-repeat":"repeat","background-position":"center center","background-size":"auto","background-attachment":"scroll","background-type":"","background-media":"","overlay-type":"","overlay-color":"","overlay-opacity":"","overlay-gradient":""},"tablet":{"background-color":"var(--ast-global-color-4)","background-image":"","background-repeat":"repeat","background-position":"center center","background-size":"auto","background-attachment":"scroll","background-type":"","background-media":"","overlay-type":"","overlay-color":"","overlay-opacity":"","overlay-gradient":""},"mobile":{"background-color":"var(--ast-global-color-4)","background-image":"","background-repeat":"repeat","background-position":"center center","background-size":"auto","background-attachment":"scroll","background-type":"","background-media":"","overlay-type":"","overlay-color":"","overlay-opacity":"","overlay-gradient":""}},"footnotes":""},"categories":[1],"tags":[],"class_list":["post-148215","post","type-post","status-publish","format-standard","hentry","category-sem-categoria"],"yoast_head":"<!-- This site is optimized with the Yoast SEO plugin v26.6 - https:\/\/yoast.com\/wordpress\/plugins\/seo\/ -->\n<title>D\u00e1cio Alves Viana: da simplicidade \u00e0 refer\u00eancia internacional em f\u00e9, educa\u00e7\u00e3o e transforma\u00e7\u00e3o social - Daniel Matos<\/title>\n<meta name=\"robots\" content=\"index, follow, max-snippet:-1, max-image-preview:large, max-video-preview:-1\" \/>\n<link rel=\"canonical\" href=\"https:\/\/www.blogsoestado.com\/danielmatos\/dacio-alves-viana-da-simplicidade-a-referencia-internacional-em-fe-educacao-e-transformacao-social\/\" \/>\n<meta property=\"og:locale\" content=\"pt_BR\" \/>\n<meta property=\"og:type\" content=\"article\" \/>\n<meta property=\"og:title\" content=\"D\u00e1cio Alves Viana: da simplicidade \u00e0 refer\u00eancia internacional em f\u00e9, educa\u00e7\u00e3o e transforma\u00e7\u00e3o social - Daniel Matos\" \/>\n<meta property=\"og:description\" content=\"Existem hist\u00f3rias que n\u00e3o podem ser contadas apenas como biografias. Elas precisam ser narradas como verdadeiras epopeias de vida. Assim [&hellip;]\" \/>\n<meta property=\"og:url\" content=\"https:\/\/www.blogsoestado.com\/danielmatos\/dacio-alves-viana-da-simplicidade-a-referencia-internacional-em-fe-educacao-e-transformacao-social\/\" \/>\n<meta property=\"og:site_name\" content=\"Daniel Matos\" \/>\n<meta property=\"article:published_time\" content=\"2025-09-09T17:57:24+00:00\" \/>\n<meta property=\"article:modified_time\" content=\"2025-09-09T18:05:56+00:00\" \/>\n<meta property=\"og:image\" content=\"https:\/\/www.blogsoestado.com\/danielmatos\/wp-content\/uploads\/sites\/2\/2025\/09\/1003593107.jpg\" \/>\n\t<meta property=\"og:image:width\" content=\"828\" \/>\n\t<meta property=\"og:image:height\" content=\"441\" \/>\n\t<meta property=\"og:image:type\" content=\"image\/jpeg\" \/>\n<meta name=\"author\" content=\"Daniel Matos\" \/>\n<meta name=\"twitter:card\" content=\"summary_large_image\" \/>\n<meta name=\"twitter:label1\" content=\"Escrito por\" \/>\n\t<meta name=\"twitter:data1\" content=\"Daniel Matos\" \/>\n\t<meta name=\"twitter:label2\" content=\"Est. tempo de leitura\" \/>\n\t<meta name=\"twitter:data2\" content=\"4 minutos\" \/>\n<script type=\"application\/ld+json\" class=\"yoast-schema-graph\">{\"@context\":\"https:\/\/schema.org\",\"@graph\":[{\"@type\":\"WebPage\",\"@id\":\"https:\/\/www.blogsoestado.com\/danielmatos\/dacio-alves-viana-da-simplicidade-a-referencia-internacional-em-fe-educacao-e-transformacao-social\/\",\"url\":\"https:\/\/www.blogsoestado.com\/danielmatos\/dacio-alves-viana-da-simplicidade-a-referencia-internacional-em-fe-educacao-e-transformacao-social\/\",\"name\":\"D\u00e1cio Alves Viana: da simplicidade \u00e0 refer\u00eancia internacional em f\u00e9, educa\u00e7\u00e3o e transforma\u00e7\u00e3o social - Daniel Matos\",\"isPartOf\":{\"@id\":\"https:\/\/www.blogsoestado.com\/danielmatos\/#website\"},\"primaryImageOfPage\":{\"@id\":\"https:\/\/www.blogsoestado.com\/danielmatos\/dacio-alves-viana-da-simplicidade-a-referencia-internacional-em-fe-educacao-e-transformacao-social\/#primaryimage\"},\"image\":{\"@id\":\"https:\/\/www.blogsoestado.com\/danielmatos\/dacio-alves-viana-da-simplicidade-a-referencia-internacional-em-fe-educacao-e-transformacao-social\/#primaryimage\"},\"thumbnailUrl\":\"https:\/\/www.blogsoestado.com\/danielmatos\/wp-content\/uploads\/sites\/2\/2025\/09\/1003593107.jpg\",\"datePublished\":\"2025-09-09T17:57:24+00:00\",\"dateModified\":\"2025-09-09T18:05:56+00:00\",\"author\":{\"@id\":\"https:\/\/www.blogsoestado.com\/danielmatos\/#\/schema\/person\/9a209d407cd45631f131e1285b661bb0\"},\"breadcrumb\":{\"@id\":\"https:\/\/www.blogsoestado.com\/danielmatos\/dacio-alves-viana-da-simplicidade-a-referencia-internacional-em-fe-educacao-e-transformacao-social\/#breadcrumb\"},\"inLanguage\":\"pt-BR\",\"potentialAction\":[{\"@type\":\"ReadAction\",\"target\":[\"https:\/\/www.blogsoestado.com\/danielmatos\/dacio-alves-viana-da-simplicidade-a-referencia-internacional-em-fe-educacao-e-transformacao-social\/\"]}]},{\"@type\":\"ImageObject\",\"inLanguage\":\"pt-BR\",\"@id\":\"https:\/\/www.blogsoestado.com\/danielmatos\/dacio-alves-viana-da-simplicidade-a-referencia-internacional-em-fe-educacao-e-transformacao-social\/#primaryimage\",\"url\":\"https:\/\/www.blogsoestado.com\/danielmatos\/wp-content\/uploads\/sites\/2\/2025\/09\/1003593107.jpg\",\"contentUrl\":\"https:\/\/www.blogsoestado.com\/danielmatos\/wp-content\/uploads\/sites\/2\/2025\/09\/1003593107.jpg\",\"width\":828,\"height\":441},{\"@type\":\"BreadcrumbList\",\"@id\":\"https:\/\/www.blogsoestado.com\/danielmatos\/dacio-alves-viana-da-simplicidade-a-referencia-internacional-em-fe-educacao-e-transformacao-social\/#breadcrumb\",\"itemListElement\":[{\"@type\":\"ListItem\",\"position\":1,\"name\":\"In\u00edcio\",\"item\":\"https:\/\/www.blogsoestado.com\/danielmatos\/\"},{\"@type\":\"ListItem\",\"position\":2,\"name\":\"D\u00e1cio Alves Viana: da simplicidade \u00e0 refer\u00eancia internacional em f\u00e9, educa\u00e7\u00e3o e transforma\u00e7\u00e3o social\"}]},{\"@type\":\"WebSite\",\"@id\":\"https:\/\/www.blogsoestado.com\/danielmatos\/#website\",\"url\":\"https:\/\/www.blogsoestado.com\/danielmatos\/\",\"name\":\"Daniel Matos\",\"description\":\"\",\"potentialAction\":[{\"@type\":\"SearchAction\",\"target\":{\"@type\":\"EntryPoint\",\"urlTemplate\":\"https:\/\/www.blogsoestado.com\/danielmatos\/?s={search_term_string}\"},\"query-input\":{\"@type\":\"PropertyValueSpecification\",\"valueRequired\":true,\"valueName\":\"search_term_string\"}}],\"inLanguage\":\"pt-BR\"},{\"@type\":\"Person\",\"@id\":\"https:\/\/www.blogsoestado.com\/danielmatos\/#\/schema\/person\/9a209d407cd45631f131e1285b661bb0\",\"name\":\"Daniel Matos\",\"image\":{\"@type\":\"ImageObject\",\"inLanguage\":\"pt-BR\",\"@id\":\"https:\/\/www.blogsoestado.com\/danielmatos\/#\/schema\/person\/image\/\",\"url\":\"https:\/\/secure.gravatar.com\/avatar\/2f26c36ee355da19a257f0dfef43952a2588b324ca35d6719e859fe338ac0392?s=96&d=mm&r=g\",\"contentUrl\":\"https:\/\/secure.gravatar.com\/avatar\/2f26c36ee355da19a257f0dfef43952a2588b324ca35d6719e859fe338ac0392?s=96&d=mm&r=g\",\"caption\":\"Daniel Matos\"},\"url\":\"https:\/\/www.blogsoestado.com\/danielmatos\/author\/danielmatos\/\"}]}<\/script>\n<!-- \/ Yoast SEO plugin. -->","yoast_head_json":{"title":"D\u00e1cio Alves Viana: da simplicidade \u00e0 refer\u00eancia internacional em f\u00e9, educa\u00e7\u00e3o e transforma\u00e7\u00e3o social - Daniel Matos","robots":{"index":"index","follow":"follow","max-snippet":"max-snippet:-1","max-image-preview":"max-image-preview:large","max-video-preview":"max-video-preview:-1"},"canonical":"https:\/\/www.blogsoestado.com\/danielmatos\/dacio-alves-viana-da-simplicidade-a-referencia-internacional-em-fe-educacao-e-transformacao-social\/","og_locale":"pt_BR","og_type":"article","og_title":"D\u00e1cio Alves Viana: da simplicidade \u00e0 refer\u00eancia internacional em f\u00e9, educa\u00e7\u00e3o e transforma\u00e7\u00e3o social - Daniel Matos","og_description":"Existem hist\u00f3rias que n\u00e3o podem ser contadas apenas como biografias. Elas precisam ser narradas como verdadeiras epopeias de vida. Assim [&hellip;]","og_url":"https:\/\/www.blogsoestado.com\/danielmatos\/dacio-alves-viana-da-simplicidade-a-referencia-internacional-em-fe-educacao-e-transformacao-social\/","og_site_name":"Daniel Matos","article_published_time":"2025-09-09T17:57:24+00:00","article_modified_time":"2025-09-09T18:05:56+00:00","og_image":[{"width":828,"height":441,"url":"https:\/\/www.blogsoestado.com\/danielmatos\/wp-content\/uploads\/sites\/2\/2025\/09\/1003593107.jpg","type":"image\/jpeg"}],"author":"Daniel Matos","twitter_card":"summary_large_image","twitter_misc":{"Escrito por":"Daniel Matos","Est. tempo de leitura":"4 minutos"},"schema":{"@context":"https:\/\/schema.org","@graph":[{"@type":"WebPage","@id":"https:\/\/www.blogsoestado.com\/danielmatos\/dacio-alves-viana-da-simplicidade-a-referencia-internacional-em-fe-educacao-e-transformacao-social\/","url":"https:\/\/www.blogsoestado.com\/danielmatos\/dacio-alves-viana-da-simplicidade-a-referencia-internacional-em-fe-educacao-e-transformacao-social\/","name":"D\u00e1cio Alves Viana: da simplicidade \u00e0 refer\u00eancia internacional em f\u00e9, educa\u00e7\u00e3o e transforma\u00e7\u00e3o social - Daniel Matos","isPartOf":{"@id":"https:\/\/www.blogsoestado.com\/danielmatos\/#website"},"primaryImageOfPage":{"@id":"https:\/\/www.blogsoestado.com\/danielmatos\/dacio-alves-viana-da-simplicidade-a-referencia-internacional-em-fe-educacao-e-transformacao-social\/#primaryimage"},"image":{"@id":"https:\/\/www.blogsoestado.com\/danielmatos\/dacio-alves-viana-da-simplicidade-a-referencia-internacional-em-fe-educacao-e-transformacao-social\/#primaryimage"},"thumbnailUrl":"https:\/\/www.blogsoestado.com\/danielmatos\/wp-content\/uploads\/sites\/2\/2025\/09\/1003593107.jpg","datePublished":"2025-09-09T17:57:24+00:00","dateModified":"2025-09-09T18:05:56+00:00","author":{"@id":"https:\/\/www.blogsoestado.com\/danielmatos\/#\/schema\/person\/9a209d407cd45631f131e1285b661bb0"},"breadcrumb":{"@id":"https:\/\/www.blogsoestado.com\/danielmatos\/dacio-alves-viana-da-simplicidade-a-referencia-internacional-em-fe-educacao-e-transformacao-social\/#breadcrumb"},"inLanguage":"pt-BR","potentialAction":[{"@type":"ReadAction","target":["https:\/\/www.blogsoestado.com\/danielmatos\/dacio-alves-viana-da-simplicidade-a-referencia-internacional-em-fe-educacao-e-transformacao-social\/"]}]},{"@type":"ImageObject","inLanguage":"pt-BR","@id":"https:\/\/www.blogsoestado.com\/danielmatos\/dacio-alves-viana-da-simplicidade-a-referencia-internacional-em-fe-educacao-e-transformacao-social\/#primaryimage","url":"https:\/\/www.blogsoestado.com\/danielmatos\/wp-content\/uploads\/sites\/2\/2025\/09\/1003593107.jpg","contentUrl":"https:\/\/www.blogsoestado.com\/danielmatos\/wp-content\/uploads\/sites\/2\/2025\/09\/1003593107.jpg","width":828,"height":441},{"@type":"BreadcrumbList","@id":"https:\/\/www.blogsoestado.com\/danielmatos\/dacio-alves-viana-da-simplicidade-a-referencia-internacional-em-fe-educacao-e-transformacao-social\/#breadcrumb","itemListElement":[{"@type":"ListItem","position":1,"name":"In\u00edcio","item":"https:\/\/www.blogsoestado.com\/danielmatos\/"},{"@type":"ListItem","position":2,"name":"D\u00e1cio Alves Viana: da simplicidade \u00e0 refer\u00eancia internacional em f\u00e9, educa\u00e7\u00e3o e transforma\u00e7\u00e3o social"}]},{"@type":"WebSite","@id":"https:\/\/www.blogsoestado.com\/danielmatos\/#website","url":"https:\/\/www.blogsoestado.com\/danielmatos\/","name":"Daniel Matos","description":"","potentialAction":[{"@type":"SearchAction","target":{"@type":"EntryPoint","urlTemplate":"https:\/\/www.blogsoestado.com\/danielmatos\/?s={search_term_string}"},"query-input":{"@type":"PropertyValueSpecification","valueRequired":true,"valueName":"search_term_string"}}],"inLanguage":"pt-BR"},{"@type":"Person","@id":"https:\/\/www.blogsoestado.com\/danielmatos\/#\/schema\/person\/9a209d407cd45631f131e1285b661bb0","name":"Daniel Matos","image":{"@type":"ImageObject","inLanguage":"pt-BR","@id":"https:\/\/www.blogsoestado.com\/danielmatos\/#\/schema\/person\/image\/","url":"https:\/\/secure.gravatar.com\/avatar\/2f26c36ee355da19a257f0dfef43952a2588b324ca35d6719e859fe338ac0392?s=96&d=mm&r=g","contentUrl":"https:\/\/secure.gravatar.com\/avatar\/2f26c36ee355da19a257f0dfef43952a2588b324ca35d6719e859fe338ac0392?s=96&d=mm&r=g","caption":"Daniel Matos"},"url":"https:\/\/www.blogsoestado.com\/danielmatos\/author\/danielmatos\/"}]}},"jetpack_featured_media_url":"","_links":{"self":[{"href":"https:\/\/www.blogsoestado.com\/danielmatos\/wp-json\/wp\/v2\/posts\/148215","targetHints":{"allow":["GET"]}}],"collection":[{"href":"https:\/\/www.blogsoestado.com\/danielmatos\/wp-json\/wp\/v2\/posts"}],"about":[{"href":"https:\/\/www.blogsoestado.com\/danielmatos\/wp-json\/wp\/v2\/types\/post"}],"author":[{"embeddable":true,"href":"https:\/\/www.blogsoestado.com\/danielmatos\/wp-json\/wp\/v2\/users\/2"}],"replies":[{"embeddable":true,"href":"https:\/\/www.blogsoestado.com\/danielmatos\/wp-json\/wp\/v2\/comments?post=148215"}],"version-history":[{"count":3,"href":"https:\/\/www.blogsoestado.com\/danielmatos\/wp-json\/wp\/v2\/posts\/148215\/revisions"}],"predecessor-version":[{"id":148221,"href":"https:\/\/www.blogsoestado.com\/danielmatos\/wp-json\/wp\/v2\/posts\/148215\/revisions\/148221"}],"wp:attachment":[{"href":"https:\/\/www.blogsoestado.com\/danielmatos\/wp-json\/wp\/v2\/media?parent=148215"}],"wp:term":[{"taxonomy":"category","embeddable":true,"href":"https:\/\/www.blogsoestado.com\/danielmatos\/wp-json\/wp\/v2\/categories?post=148215"},{"taxonomy":"post_tag","embeddable":true,"href":"https:\/\/www.blogsoestado.com\/danielmatos\/wp-json\/wp\/v2\/tags?post=148215"}],"curies":[{"name":"wp","href":"https:\/\/api.w.org\/{rel}","templated":true}]}}