{"id":148222,"date":"2025-09-09T15:18:18","date_gmt":"2025-09-09T18:18:18","guid":{"rendered":"https:\/\/www.blogsoestado.com\/danielmatos\/?p=148222"},"modified":"2025-09-09T15:19:43","modified_gmt":"2025-09-09T18:19:43","slug":"amovinho-sediara-evento-para-lancamento-de-livro-sobre-vinhos","status":"publish","type":"post","link":"https:\/\/www.blogsoestado.com\/danielmatos\/amovinho-sediara-evento-para-lancamento-de-livro-sobre-vinhos\/","title":{"rendered":"AmoVinho sediar\u00e1 evento para lan\u00e7amento de livro sobre vinhos"},"content":{"rendered":"\n<p><em><strong><mark style=\"color:#cf2e2e\" class=\"has-inline-color\">Evento ser\u00e1 realizado no dia 11 de setembro, \u00e0s 19h30<\/mark><\/strong><\/em><\/p>\n\n\n\n<figure class=\"wp-block-image aligncenter size-full\"><img fetchpriority=\"high\" decoding=\"async\" width=\"1024\" height=\"482\" src=\"https:\/\/www.blogsoestado.com\/danielmatos\/wp-content\/uploads\/sites\/2\/2025\/09\/1003594193.jpg\" alt=\"\" class=\"wp-image-148223\" srcset=\"https:\/\/www.blogsoestado.com\/danielmatos\/wp-content\/uploads\/sites\/2\/2025\/09\/1003594193.jpg 1024w, https:\/\/www.blogsoestado.com\/danielmatos\/wp-content\/uploads\/sites\/2\/2025\/09\/1003594193-300x141.jpg 300w, https:\/\/www.blogsoestado.com\/danielmatos\/wp-content\/uploads\/sites\/2\/2025\/09\/1003594193-768x362.jpg 768w\" sizes=\"(max-width: 1024px) 100vw, 1024px\" \/><\/figure>\n\n\n\n<p><strong>S\u00c3O LU\u00cdS<\/strong>&nbsp;\u2013 A AmoVinho Bistr\u00f4 &amp; Adega (Parque Shalon) ser\u00e1 palco, no dia 11 de setembro, \u00e0s 19h30, para o lan\u00e7amento do livro \u2018Contos de Vinho 2 \u2013 Hist\u00f3rias e Curiosidades por Tr\u00e1s dos R\u00f3tulos\u2019, de autoria de Taiana Jung e Rui Marcos.<\/p>\n\n\n\n<p>Os autores visitaram vin\u00edcolas, conversaram com especialistas, participaram de muitas degusta\u00e7\u00f5es e garimparam hist\u00f3rias sobre 50 novos r\u00f3tulos. A obra, em seu volume 2, ficou ainda mais completa, pois re\u00fane vinhos de 16 pa\u00edses, desde produtores consagrados, como Fran\u00e7a, It\u00e1lia, Portugal, Argentina e Chile, at\u00e9 de regi\u00f5es menos conhecidas, como Bol\u00edvia, Rom\u00eania e Marrocos.<\/p>\n\n\n\n<p>Assim como no primeiro volume, lan\u00e7ado em 2021 e j\u00e1 na quinta edi\u00e7\u00e3o, \u2018Contos de vinho 2\u2019 traz hist\u00f3rias de r\u00f3tulos ic\u00f4nicos, mas tamb\u00e9m de vinhos do dia a dia, sempre com textos leves e saborosos.&nbsp;<\/p>\n\n\n\n<p>Est\u00e3o no livro alguns cl\u00e1ssicos, como o cobi\u00e7ado Amarone della Valpolicella Montresor, o precursor dos supertoscanos Tignanello e o emblem\u00e1tico champanhe Cristal. Mas tem tamb\u00e9m descobertas dos autores, como o uruguaio Cetus, o sedutor \u201cblend\u201d norte-americano M\u00e9nage \u00e0 Trois e o vinho de sobremesa romeno Wine Chocolate Sweet.<\/p>\n\n\n\n<p>Taiana \u00e9 professora da p\u00f3s-gradua\u00e7\u00e3o Master ESG na ESPM e \u00e9 reconhecida como uma das principais vozes em responsabilidade social do pa\u00eds. Rui \u00e9 doutorando em Administra\u00e7\u00e3o e, tamb\u00e9m, se especializou em cursos da Associa\u00e7\u00e3o Brasileira de Sommelier (ABS). Atualmente, faz curadoria e media\u00e7\u00e3o de grupos de degusta\u00e7\u00e3o. Os dois j\u00e1 viajaram por mais de 25 pa\u00edses.<\/p>\n","protected":false},"excerpt":{"rendered":"<p>Evento ser\u00e1 realizado no dia 11 de setembro, \u00e0s 19h30 S\u00c3O LU\u00cdS&nbsp;\u2013 A AmoVinho Bistr\u00f4 &amp; Adega (Parque Shalon) ser\u00e1 [&hellip;]<\/p>\n","protected":false},"author":2,"featured_media":0,"comment_status":"open","ping_status":"open","sticky":false,"template":"","format":"standard","meta":{"site-sidebar-layout":"default","site-content-layout":"","ast-site-content-layout":"default","site-content-style":"default","site-sidebar-style":"default","ast-global-header-display":"","ast-banner-title-visibility":"","ast-main-header-display":"","ast-hfb-above-header-display":"","ast-hfb-below-header-display":"","ast-hfb-mobile-header-display":"","site-post-title":"","ast-breadcrumbs-content":"","ast-featured-img":"","footer-sml-layout":"","ast-disable-related-posts":"","theme-transparent-header-meta":"","adv-header-id-meta":"","stick-header-meta":"","header-above-stick-meta":"","header-main-stick-meta":"","header-below-stick-meta":"","astra-migrate-meta-layouts":"default","ast-page-background-enabled":"default","ast-page-background-meta":{"desktop":{"background-color":"var(--ast-global-color-5)","background-image":"","background-repeat":"repeat","background-position":"center center","background-size":"auto","background-attachment":"scroll","background-type":"","background-media":"","overlay-type":"","overlay-color":"","overlay-opacity":"","overlay-gradient":""},"tablet":{"background-color":"","background-image":"","background-repeat":"repeat","background-position":"center center","background-size":"auto","background-attachment":"scroll","background-type":"","background-media":"","overlay-type":"","overlay-color":"","overlay-opacity":"","overlay-gradient":""},"mobile":{"background-color":"","background-image":"","background-repeat":"repeat","background-position":"center center","background-size":"auto","background-attachment":"scroll","background-type":"","background-media":"","overlay-type":"","overlay-color":"","overlay-opacity":"","overlay-gradient":""}},"ast-content-background-meta":{"desktop":{"background-color":"var(--ast-global-color-4)","background-image":"","background-repeat":"repeat","background-position":"center center","background-size":"auto","background-attachment":"scroll","background-type":"","background-media":"","overlay-type":"","overlay-color":"","overlay-opacity":"","overlay-gradient":""},"tablet":{"background-color":"var(--ast-global-color-4)","background-image":"","background-repeat":"repeat","background-position":"center center","background-size":"auto","background-attachment":"scroll","background-type":"","background-media":"","overlay-type":"","overlay-color":"","overlay-opacity":"","overlay-gradient":""},"mobile":{"background-color":"var(--ast-global-color-4)","background-image":"","background-repeat":"repeat","background-position":"center center","background-size":"auto","background-attachment":"scroll","background-type":"","background-media":"","overlay-type":"","overlay-color":"","overlay-opacity":"","overlay-gradient":""}},"footnotes":""},"categories":[1],"tags":[],"class_list":["post-148222","post","type-post","status-publish","format-standard","hentry","category-sem-categoria"],"yoast_head":"<!-- This site is optimized with the Yoast SEO plugin v26.6 - https:\/\/yoast.com\/wordpress\/plugins\/seo\/ -->\n<title>AmoVinho sediar\u00e1 evento para lan\u00e7amento de livro sobre vinhos - Daniel Matos<\/title>\n<meta name=\"robots\" content=\"index, follow, max-snippet:-1, max-image-preview:large, max-video-preview:-1\" \/>\n<link rel=\"canonical\" href=\"https:\/\/www.blogsoestado.com\/danielmatos\/amovinho-sediara-evento-para-lancamento-de-livro-sobre-vinhos\/\" \/>\n<meta property=\"og:locale\" content=\"pt_BR\" \/>\n<meta property=\"og:type\" content=\"article\" \/>\n<meta property=\"og:title\" content=\"AmoVinho sediar\u00e1 evento para lan\u00e7amento de livro sobre vinhos - Daniel Matos\" \/>\n<meta property=\"og:description\" content=\"Evento ser\u00e1 realizado no dia 11 de setembro, \u00e0s 19h30 S\u00c3O LU\u00cdS&nbsp;\u2013 A AmoVinho Bistr\u00f4 &amp; Adega (Parque Shalon) ser\u00e1 [&hellip;]\" \/>\n<meta property=\"og:url\" content=\"https:\/\/www.blogsoestado.com\/danielmatos\/amovinho-sediara-evento-para-lancamento-de-livro-sobre-vinhos\/\" \/>\n<meta property=\"og:site_name\" content=\"Daniel Matos\" \/>\n<meta property=\"article:published_time\" content=\"2025-09-09T18:18:18+00:00\" \/>\n<meta property=\"article:modified_time\" content=\"2025-09-09T18:19:43+00:00\" \/>\n<meta property=\"og:image\" content=\"https:\/\/www.blogsoestado.com\/danielmatos\/wp-content\/uploads\/sites\/2\/2025\/09\/1003594193.jpg\" \/>\n\t<meta property=\"og:image:width\" content=\"1024\" \/>\n\t<meta property=\"og:image:height\" content=\"482\" \/>\n\t<meta property=\"og:image:type\" content=\"image\/jpeg\" \/>\n<meta name=\"author\" content=\"Daniel Matos\" \/>\n<meta name=\"twitter:card\" content=\"summary_large_image\" \/>\n<meta name=\"twitter:label1\" content=\"Escrito por\" \/>\n\t<meta name=\"twitter:data1\" content=\"Daniel Matos\" \/>\n\t<meta name=\"twitter:label2\" content=\"Est. tempo de leitura\" \/>\n\t<meta name=\"twitter:data2\" content=\"2 minutos\" \/>\n<script type=\"application\/ld+json\" class=\"yoast-schema-graph\">{\"@context\":\"https:\/\/schema.org\",\"@graph\":[{\"@type\":\"WebPage\",\"@id\":\"https:\/\/www.blogsoestado.com\/danielmatos\/amovinho-sediara-evento-para-lancamento-de-livro-sobre-vinhos\/\",\"url\":\"https:\/\/www.blogsoestado.com\/danielmatos\/amovinho-sediara-evento-para-lancamento-de-livro-sobre-vinhos\/\",\"name\":\"AmoVinho sediar\u00e1 evento para lan\u00e7amento de livro sobre vinhos - Daniel Matos\",\"isPartOf\":{\"@id\":\"https:\/\/www.blogsoestado.com\/danielmatos\/#website\"},\"primaryImageOfPage\":{\"@id\":\"https:\/\/www.blogsoestado.com\/danielmatos\/amovinho-sediara-evento-para-lancamento-de-livro-sobre-vinhos\/#primaryimage\"},\"image\":{\"@id\":\"https:\/\/www.blogsoestado.com\/danielmatos\/amovinho-sediara-evento-para-lancamento-de-livro-sobre-vinhos\/#primaryimage\"},\"thumbnailUrl\":\"https:\/\/www.blogsoestado.com\/danielmatos\/wp-content\/uploads\/sites\/2\/2025\/09\/1003594193.jpg\",\"datePublished\":\"2025-09-09T18:18:18+00:00\",\"dateModified\":\"2025-09-09T18:19:43+00:00\",\"author\":{\"@id\":\"https:\/\/www.blogsoestado.com\/danielmatos\/#\/schema\/person\/9a209d407cd45631f131e1285b661bb0\"},\"breadcrumb\":{\"@id\":\"https:\/\/www.blogsoestado.com\/danielmatos\/amovinho-sediara-evento-para-lancamento-de-livro-sobre-vinhos\/#breadcrumb\"},\"inLanguage\":\"pt-BR\",\"potentialAction\":[{\"@type\":\"ReadAction\",\"target\":[\"https:\/\/www.blogsoestado.com\/danielmatos\/amovinho-sediara-evento-para-lancamento-de-livro-sobre-vinhos\/\"]}]},{\"@type\":\"ImageObject\",\"inLanguage\":\"pt-BR\",\"@id\":\"https:\/\/www.blogsoestado.com\/danielmatos\/amovinho-sediara-evento-para-lancamento-de-livro-sobre-vinhos\/#primaryimage\",\"url\":\"https:\/\/www.blogsoestado.com\/danielmatos\/wp-content\/uploads\/sites\/2\/2025\/09\/1003594193.jpg\",\"contentUrl\":\"https:\/\/www.blogsoestado.com\/danielmatos\/wp-content\/uploads\/sites\/2\/2025\/09\/1003594193.jpg\",\"width\":1024,\"height\":482},{\"@type\":\"BreadcrumbList\",\"@id\":\"https:\/\/www.blogsoestado.com\/danielmatos\/amovinho-sediara-evento-para-lancamento-de-livro-sobre-vinhos\/#breadcrumb\",\"itemListElement\":[{\"@type\":\"ListItem\",\"position\":1,\"name\":\"In\u00edcio\",\"item\":\"https:\/\/www.blogsoestado.com\/danielmatos\/\"},{\"@type\":\"ListItem\",\"position\":2,\"name\":\"AmoVinho sediar\u00e1 evento para lan\u00e7amento de livro sobre vinhos\"}]},{\"@type\":\"WebSite\",\"@id\":\"https:\/\/www.blogsoestado.com\/danielmatos\/#website\",\"url\":\"https:\/\/www.blogsoestado.com\/danielmatos\/\",\"name\":\"Daniel Matos\",\"description\":\"\",\"potentialAction\":[{\"@type\":\"SearchAction\",\"target\":{\"@type\":\"EntryPoint\",\"urlTemplate\":\"https:\/\/www.blogsoestado.com\/danielmatos\/?s={search_term_string}\"},\"query-input\":{\"@type\":\"PropertyValueSpecification\",\"valueRequired\":true,\"valueName\":\"search_term_string\"}}],\"inLanguage\":\"pt-BR\"},{\"@type\":\"Person\",\"@id\":\"https:\/\/www.blogsoestado.com\/danielmatos\/#\/schema\/person\/9a209d407cd45631f131e1285b661bb0\",\"name\":\"Daniel Matos\",\"image\":{\"@type\":\"ImageObject\",\"inLanguage\":\"pt-BR\",\"@id\":\"https:\/\/www.blogsoestado.com\/danielmatos\/#\/schema\/person\/image\/\",\"url\":\"https:\/\/secure.gravatar.com\/avatar\/2f26c36ee355da19a257f0dfef43952a2588b324ca35d6719e859fe338ac0392?s=96&d=mm&r=g\",\"contentUrl\":\"https:\/\/secure.gravatar.com\/avatar\/2f26c36ee355da19a257f0dfef43952a2588b324ca35d6719e859fe338ac0392?s=96&d=mm&r=g\",\"caption\":\"Daniel Matos\"},\"url\":\"https:\/\/www.blogsoestado.com\/danielmatos\/author\/danielmatos\/\"}]}<\/script>\n<!-- \/ Yoast SEO plugin. -->","yoast_head_json":{"title":"AmoVinho sediar\u00e1 evento para lan\u00e7amento de livro sobre vinhos - Daniel Matos","robots":{"index":"index","follow":"follow","max-snippet":"max-snippet:-1","max-image-preview":"max-image-preview:large","max-video-preview":"max-video-preview:-1"},"canonical":"https:\/\/www.blogsoestado.com\/danielmatos\/amovinho-sediara-evento-para-lancamento-de-livro-sobre-vinhos\/","og_locale":"pt_BR","og_type":"article","og_title":"AmoVinho sediar\u00e1 evento para lan\u00e7amento de livro sobre vinhos - Daniel Matos","og_description":"Evento ser\u00e1 realizado no dia 11 de setembro, \u00e0s 19h30 S\u00c3O LU\u00cdS&nbsp;\u2013 A AmoVinho Bistr\u00f4 &amp; Adega (Parque Shalon) ser\u00e1 [&hellip;]","og_url":"https:\/\/www.blogsoestado.com\/danielmatos\/amovinho-sediara-evento-para-lancamento-de-livro-sobre-vinhos\/","og_site_name":"Daniel Matos","article_published_time":"2025-09-09T18:18:18+00:00","article_modified_time":"2025-09-09T18:19:43+00:00","og_image":[{"width":1024,"height":482,"url":"https:\/\/www.blogsoestado.com\/danielmatos\/wp-content\/uploads\/sites\/2\/2025\/09\/1003594193.jpg","type":"image\/jpeg"}],"author":"Daniel Matos","twitter_card":"summary_large_image","twitter_misc":{"Escrito por":"Daniel Matos","Est. tempo de leitura":"2 minutos"},"schema":{"@context":"https:\/\/schema.org","@graph":[{"@type":"WebPage","@id":"https:\/\/www.blogsoestado.com\/danielmatos\/amovinho-sediara-evento-para-lancamento-de-livro-sobre-vinhos\/","url":"https:\/\/www.blogsoestado.com\/danielmatos\/amovinho-sediara-evento-para-lancamento-de-livro-sobre-vinhos\/","name":"AmoVinho sediar\u00e1 evento para lan\u00e7amento de livro sobre vinhos - Daniel Matos","isPartOf":{"@id":"https:\/\/www.blogsoestado.com\/danielmatos\/#website"},"primaryImageOfPage":{"@id":"https:\/\/www.blogsoestado.com\/danielmatos\/amovinho-sediara-evento-para-lancamento-de-livro-sobre-vinhos\/#primaryimage"},"image":{"@id":"https:\/\/www.blogsoestado.com\/danielmatos\/amovinho-sediara-evento-para-lancamento-de-livro-sobre-vinhos\/#primaryimage"},"thumbnailUrl":"https:\/\/www.blogsoestado.com\/danielmatos\/wp-content\/uploads\/sites\/2\/2025\/09\/1003594193.jpg","datePublished":"2025-09-09T18:18:18+00:00","dateModified":"2025-09-09T18:19:43+00:00","author":{"@id":"https:\/\/www.blogsoestado.com\/danielmatos\/#\/schema\/person\/9a209d407cd45631f131e1285b661bb0"},"breadcrumb":{"@id":"https:\/\/www.blogsoestado.com\/danielmatos\/amovinho-sediara-evento-para-lancamento-de-livro-sobre-vinhos\/#breadcrumb"},"inLanguage":"pt-BR","potentialAction":[{"@type":"ReadAction","target":["https:\/\/www.blogsoestado.com\/danielmatos\/amovinho-sediara-evento-para-lancamento-de-livro-sobre-vinhos\/"]}]},{"@type":"ImageObject","inLanguage":"pt-BR","@id":"https:\/\/www.blogsoestado.com\/danielmatos\/amovinho-sediara-evento-para-lancamento-de-livro-sobre-vinhos\/#primaryimage","url":"https:\/\/www.blogsoestado.com\/danielmatos\/wp-content\/uploads\/sites\/2\/2025\/09\/1003594193.jpg","contentUrl":"https:\/\/www.blogsoestado.com\/danielmatos\/wp-content\/uploads\/sites\/2\/2025\/09\/1003594193.jpg","width":1024,"height":482},{"@type":"BreadcrumbList","@id":"https:\/\/www.blogsoestado.com\/danielmatos\/amovinho-sediara-evento-para-lancamento-de-livro-sobre-vinhos\/#breadcrumb","itemListElement":[{"@type":"ListItem","position":1,"name":"In\u00edcio","item":"https:\/\/www.blogsoestado.com\/danielmatos\/"},{"@type":"ListItem","position":2,"name":"AmoVinho sediar\u00e1 evento para lan\u00e7amento de livro sobre vinhos"}]},{"@type":"WebSite","@id":"https:\/\/www.blogsoestado.com\/danielmatos\/#website","url":"https:\/\/www.blogsoestado.com\/danielmatos\/","name":"Daniel Matos","description":"","potentialAction":[{"@type":"SearchAction","target":{"@type":"EntryPoint","urlTemplate":"https:\/\/www.blogsoestado.com\/danielmatos\/?s={search_term_string}"},"query-input":{"@type":"PropertyValueSpecification","valueRequired":true,"valueName":"search_term_string"}}],"inLanguage":"pt-BR"},{"@type":"Person","@id":"https:\/\/www.blogsoestado.com\/danielmatos\/#\/schema\/person\/9a209d407cd45631f131e1285b661bb0","name":"Daniel Matos","image":{"@type":"ImageObject","inLanguage":"pt-BR","@id":"https:\/\/www.blogsoestado.com\/danielmatos\/#\/schema\/person\/image\/","url":"https:\/\/secure.gravatar.com\/avatar\/2f26c36ee355da19a257f0dfef43952a2588b324ca35d6719e859fe338ac0392?s=96&d=mm&r=g","contentUrl":"https:\/\/secure.gravatar.com\/avatar\/2f26c36ee355da19a257f0dfef43952a2588b324ca35d6719e859fe338ac0392?s=96&d=mm&r=g","caption":"Daniel Matos"},"url":"https:\/\/www.blogsoestado.com\/danielmatos\/author\/danielmatos\/"}]}},"jetpack_featured_media_url":"","_links":{"self":[{"href":"https:\/\/www.blogsoestado.com\/danielmatos\/wp-json\/wp\/v2\/posts\/148222","targetHints":{"allow":["GET"]}}],"collection":[{"href":"https:\/\/www.blogsoestado.com\/danielmatos\/wp-json\/wp\/v2\/posts"}],"about":[{"href":"https:\/\/www.blogsoestado.com\/danielmatos\/wp-json\/wp\/v2\/types\/post"}],"author":[{"embeddable":true,"href":"https:\/\/www.blogsoestado.com\/danielmatos\/wp-json\/wp\/v2\/users\/2"}],"replies":[{"embeddable":true,"href":"https:\/\/www.blogsoestado.com\/danielmatos\/wp-json\/wp\/v2\/comments?post=148222"}],"version-history":[{"count":2,"href":"https:\/\/www.blogsoestado.com\/danielmatos\/wp-json\/wp\/v2\/posts\/148222\/revisions"}],"predecessor-version":[{"id":148225,"href":"https:\/\/www.blogsoestado.com\/danielmatos\/wp-json\/wp\/v2\/posts\/148222\/revisions\/148225"}],"wp:attachment":[{"href":"https:\/\/www.blogsoestado.com\/danielmatos\/wp-json\/wp\/v2\/media?parent=148222"}],"wp:term":[{"taxonomy":"category","embeddable":true,"href":"https:\/\/www.blogsoestado.com\/danielmatos\/wp-json\/wp\/v2\/categories?post=148222"},{"taxonomy":"post_tag","embeddable":true,"href":"https:\/\/www.blogsoestado.com\/danielmatos\/wp-json\/wp\/v2\/tags?post=148222"}],"curies":[{"name":"wp","href":"https:\/\/api.w.org\/{rel}","templated":true}]}}