{"id":148252,"date":"2025-09-10T10:22:55","date_gmt":"2025-09-10T13:22:55","guid":{"rendered":"https:\/\/www.blogsoestado.com\/danielmatos\/?p=148252"},"modified":"2025-09-10T10:22:59","modified_gmt":"2025-09-10T13:22:59","slug":"comedia-muleque-te-doido-um-filme-fora-de-serie-estreia-dia-18-de-setembro-nos-cinemas","status":"publish","type":"post","link":"https:\/\/www.blogsoestado.com\/danielmatos\/comedia-muleque-te-doido-um-filme-fora-de-serie-estreia-dia-18-de-setembro-nos-cinemas\/","title":{"rendered":"Com\u00e9dia &#8220;Muleque T\u00e9 Doido &#8211; Um Filme Fora De S\u00e9rie\u201d estreia dia 18 de setembro nos cinemas"},"content":{"rendered":"\n<figure class=\"wp-block-image aligncenter size-large\"><img fetchpriority=\"high\" decoding=\"async\" width=\"703\" height=\"1024\" src=\"https:\/\/www.blogsoestado.com\/danielmatos\/wp-content\/uploads\/sites\/2\/2025\/09\/1003603155-703x1024.jpg\" alt=\"\" class=\"wp-image-148253\" srcset=\"https:\/\/www.blogsoestado.com\/danielmatos\/wp-content\/uploads\/sites\/2\/2025\/09\/1003603155-703x1024.jpg 703w, https:\/\/www.blogsoestado.com\/danielmatos\/wp-content\/uploads\/sites\/2\/2025\/09\/1003603155-206x300.jpg 206w, https:\/\/www.blogsoestado.com\/danielmatos\/wp-content\/uploads\/sites\/2\/2025\/09\/1003603155-768x1119.jpg 768w, https:\/\/www.blogsoestado.com\/danielmatos\/wp-content\/uploads\/sites\/2\/2025\/09\/1003603155-1054x1536.jpg 1054w, https:\/\/www.blogsoestado.com\/danielmatos\/wp-content\/uploads\/sites\/2\/2025\/09\/1003603155.jpg 1098w\" sizes=\"(max-width: 703px) 100vw, 703px\" \/><\/figure>\n\n\n\n<p>A maior saga do cinema brasileiro lan\u00e7a mais um sucesso com divers\u00e3o garantida para toda fam\u00edlia.<\/p>\n\n\n\n<p>PRODU\u00c7\u00c3O:<\/p>\n\n\n\n<p>RA\u00c7A RUIM FILMES<br>LENGO STUDIUS<br>COPRODU\u00c7\u00c3O<br>METEORA AUDIOVISUAL<\/p>\n\n\n\n<p>FILME:<\/p>\n\n\n\n<p>MULEQUE T\u00c9 DOIDO &#8211;<br>UM FILME FORA DE S\u00c9RIE.<\/p>\n\n\n\n<p>DURA\u00c7\u00c3O:<br>1H 33MIN<\/p>\n\n\n\n<p>G\u00caNERO:<br>COM\u00c9DIA<\/p>\n\n\n\n<p>ROTEIRO E DIRE\u00c7\u00c3O:<br>ERLANES DUARTE<\/p>\n\n\n\n<p>LAN\u00c7AMENTO: 2025<\/p>\n\n\n\n<p>Muleque T\u00e9 Doido \u2013 Um Filme Fora De S\u00e9rie! \u00c9 uma reedi\u00e7\u00e3o de Muleque T\u00e9 Doido \u2013 A S\u00e9rie, exibida pela TV Mirante\/Rede Globo. O sucesso de audi\u00eancia e cr\u00edtica, leva a maior franquia de filmes do Maranh\u00e3o de volta aos cinemas.<\/p>\n\n\n\n<p>O filme traz momentos in\u00e9ditos de tirar o f\u00f4lego e faz uma grande homenagem ao saudoso Marcos Santos, int\u00e9rprete do eterno Sorriso, que se foi em setembro de 2024. Sua obra e seu legado ficar\u00e3o marcados para sempre no cora\u00e7\u00e3o dos brasileiros, especialmente dos maranhenses. <\/p>\n\n\n\n<p>A franquia &#8220;Muleque T\u00e9 Doido&#8221; \u00e9 uma das maiores do cinema nacional. Com 4 filmes lan\u00e7ados, os longas j\u00e1 levaram mais de 140 mil pessoas aos cinemas da regi\u00e3o e somam mais de 20 milh\u00f5es de visualiza\u00e7\u00f5es nas plataformas digitais. A saga \u00e9 permeada por personagens ic\u00f4nicos da cultura popular nordestina, com enfoque nas lendas da regi\u00e3o e fazendo de suas paisagens e do acervo arquitet\u00f4nico do estado do Maranh\u00e3o, um destaque dentro da proposta cinematogr\u00e1fica. O filme conta com participa\u00e7\u00f5es especiais de artistas maranhenses com destaque nacional.<\/p>\n\n\n\n<p>\u201cMuleque T\u00e9 Doido \u2013 Um Filme Fora De S\u00e9rie! \u00c9 pura divers\u00e3o! Ele traz toda com\u00e9dia dos filmes anteriores, por\u00e9m, emociona e desperta o sentimento de pertencimento quando aborda recortes de figuras populares e cenas que permeiam o imagin\u00e1rio popular nordestino. A sensa\u00e7\u00e3o \u00e9 de dever cumprido.<\/p>\n\n\n\n<p>Construir uma franquia de sucesso, que chega a mais um filme lan\u00e7ado nos cinemas, \u00e9 uma tarefa quase imposs\u00edvel. A paix\u00e3o pela s\u00e9tima arte e a f\u00e9 em Deus nos levam a lugares inimagin\u00e1veis. Somos gratos pelo p\u00fablico que nos  acompanha e nos enche de carinho e orgulho. Combust\u00edvel essencial para continuarmos nossa jornada no cinema brasileiro, proporcionando entretenimento \u00e0s pessoas e levando muita alegria para os quatro cantos do pa\u00eds\u201d, conta o diretor Erlanes Duarte.<\/p>\n\n\n\n<p><em><strong>F D DA SILVA (Ra\u00e7a Ruim Filmes)<\/strong><\/em><\/p>\n\n\n\n<p>Ra\u00e7a Ruim Filmes, \u00e9 hoje, uma das maiores produtoras do norte-nordeste e se estabelece com uma das grandes distribuidoras da regi\u00e3o, potencializando a<br>difus\u00e3o e distribui\u00e7\u00e3o de filmes nos cinemas e plataformas digitais.<\/p>\n\n\n\n<p><em><strong>SINOPSE<\/strong><\/em><\/p>\n\n\n\n<p>Em &#8220;Muleque T\u00e9 Doido \u2013 Um Filme Fora De S\u00e9rie!\u201d Erlanes, um m\u00fasico endividado, busca formar uma banda em S\u00e3o Lu\u00eds, unindo for\u00e7as com a exc\u00eantrica Guida, o ing\u00eanuo Sorriso e o talentoso percussionista Nikima. Com desafios pessoais e financeiros, eles enfrentam as vilanias de Z\u00e9 Mucura e sua gangue. O longa mistura m\u00fasica, amizade e supera\u00e7\u00e3o em uma jornada emocionante cheia de humor e descobertas! Acompanhe seus personagens preferidos enfrentando situa\u00e7\u00f5es loucas e bizarras que far\u00e3o voc\u00ea morrer de rir, nessa incr\u00edvel aventura. O sucesso est\u00e1 de volta! Convidando voc\u00ea e sua fam\u00edlia para fazerem parte dessa cativante com\u00e9dia. <\/p>\n\n\n\n<figure class=\"wp-block-image aligncenter size-large\"><img decoding=\"async\" width=\"720\" height=\"1024\" src=\"https:\/\/www.blogsoestado.com\/danielmatos\/wp-content\/uploads\/sites\/2\/2025\/09\/1003603154-720x1024.jpg\" alt=\"\" class=\"wp-image-148254\" srcset=\"https:\/\/www.blogsoestado.com\/danielmatos\/wp-content\/uploads\/sites\/2\/2025\/09\/1003603154-720x1024.jpg 720w, https:\/\/www.blogsoestado.com\/danielmatos\/wp-content\/uploads\/sites\/2\/2025\/09\/1003603154-211x300.jpg 211w, https:\/\/www.blogsoestado.com\/danielmatos\/wp-content\/uploads\/sites\/2\/2025\/09\/1003603154-768x1092.jpg 768w, https:\/\/www.blogsoestado.com\/danielmatos\/wp-content\/uploads\/sites\/2\/2025\/09\/1003603154-1080x1536.jpg 1080w, https:\/\/www.blogsoestado.com\/danielmatos\/wp-content\/uploads\/sites\/2\/2025\/09\/1003603154.jpg 1114w\" sizes=\"(max-width: 720px) 100vw, 720px\" \/><\/figure>\n\n\n\n<p><strong>Muleque T\u00e9 Doido \u2013 Um Filme Fora e S\u00e9rie!<\/strong><\/p>\n\n\n\n<p>ELENCO:<\/p>\n\n\n\n<p>Erlanes Duarte, J\u00fanior Andr\u00e9, Nikima El Mago, Marcos Santos.<\/p>\n\n\n\n<p>Servi\u00e7o<\/p>\n\n\n\n<p>&#8220;Muleque T\u00e9 Doido \u2013 Um Filme Fora De S\u00e9rie!&#8221; &#8211; dire\u00e7\u00e3o de Erlanes Duarte estreia dia 18 de setembro nos cinemas selecionados.<\/p>\n\n\n\n<p>Ficha T\u00e9cnica<br>Produ\u00e7\u00e3o<br>Ra\u00e7a Ruim Filmes<br>Lengo Studius<\/p>\n\n\n\n<p>Coprodu\u00e7\u00e3o<br>Meteora Audiovisual<\/p>\n\n\n\n<p>Roteiro e Dire\u00e7\u00e3o<br>Erlanes Duarte<\/p>\n\n\n\n<p>Produ\u00e7\u00e3o Executiva<br>Guilbert Macedo<br>Erlanes Duarte<br>Rodrygo Vera Cruz<br>Assistente de Dire\u00e7\u00e3o<br>Hill Fraz\u00e3o<br>Diana Lima<br>Dire\u00e7\u00e3o de Fotografia<br>Paulo Malheiros<\/p>\n\n\n\n<p>Dire\u00e7\u00e3o de Trilha Sonora<br>Erlanes Duarte<br>Lengo Brown<br>Dire\u00e7\u00e3o de Produ\u00e7\u00e3o<br>Diana Lima<br>Dire\u00e7\u00e3o de Arte<br>Laura Lisboa<br>John Gon\u00e7alves<br>Figurino<br>Diana Lima<br>Elza Gon\u00e7alves<br>Efeitos Visuais<br>John Gon\u00e7alves<br>Andr\u00e9 Parga<br>Edi\u00e7\u00e3o e Finaliza\u00e7\u00e3o<br>Andr\u00e9 Parga<br>John Gon\u00e7alves<br>Erlanes Duarte<br>Fot\u00f3grafo Still<br>Ricardo Silva<br><em>FRANQUIA MULEQUE T\u00c9 DOIDO<\/em><\/p>\n\n\n\n<p>MULEQUE T\u00c9 DOIDO \u2013 O FILME, foi um marco no cinema do Maranh\u00e3o. O filme levou milhares de espectadores aos cinemas de S\u00e3o Lu\u00eds, deixando um legado importante no que tange, fomento da cadeia produtiva do audiovisual do estado e a forma\u00e7\u00e3o de plateia. Muleque T\u00e9 Doido \u2013 O Filme, foi o primeiro filme maranhense a levar milhares de espectadores aos cinemas de S\u00e3o Lu\u00eds.<\/p>\n\n\n\n<p>MULEQUE T\u00c9 DOIDO 2 \u2013 A LENDA DE DOM SEBASTI\u00c3O continua a saga dos personagens, Erlanes, Nikima, Guida e sorriso, apresentados no filme anterior, que ap\u00f3s salvar toda cidade de S\u00e3o Lu\u00eds da iminente destrui\u00e7\u00e3o causada pela serpente encantada, envolvem-se em outra aventura, que gira em torno da lenda do rei Dom Sebasti\u00e3o, sua ilha e o Touro encantado. Reverberando o sucesso do primeiro filme, \u201cMULEQUE T\u00c9 DOIDO 2 \u2013 A LENDA DE DOM SEBASTI\u00c3O\u201d quebrou todos os recordes do cinema maranhense de todos os tempos, sendo o d\u00e9cimo quinto filme mais visto do Brasil em novembro de 2016, colocando o Maranh\u00e3o no mapa do cinema nacional. <\/p>\n\n\n\n<p>O segundo filme da franquia, marcou hist\u00f3ria na TV Aberta do Maranh\u00e3o, pelo ineditismo. Pela primeira vez um filme maranhense foi exibido em TV Aberta para milh\u00f5es de pessoas em todo estado, atrav\u00e9s do Supercine.<\/p>\n\n\n\n<p>MULEQUE T\u00c9 DOIDO \u2013 MAIS DOIDO AINDA, \u00e9 o terceiro filme da franquia. Na semana de estreia ocupou a d\u00e9cima sexta posi\u00e7\u00e3o entre todos os filmes em exibi\u00e7\u00e3o no Brasil. Agora a RA\u00c7A RUIM FILMES, expandindo e ampliando seus trabalhos, conseguiu o ineditismo de colocar o filme em outras pra\u00e7as de exibi\u00e7\u00e3o, com destaque para Bel\u00e9m do Par\u00e1 e para Imperatriz no Maranh\u00e3o. O terceiro filme tamb\u00e9m foi exibido na TV aberta do Maranh\u00e3o, no Supercine para milh\u00f5es de pessoas.<\/p>\n\n\n\n<p>MULEQUE T\u00c9 DOIDO 4 \u2013 MORREU MARIA PRE\u00c1! \u00c9 o quarto filme da franquia e fecha a saga com chave de ouro. Lan\u00e7ado em novembro de 2023, a obra resgatou com chave de ouro e maneira divertida, por meio do g\u00eanero com\u00e9dia, lendas e \u201ccausos\u201d que permeiam o imagin\u00e1rio popular da Cidade de S\u00e3o Lu\u00eds e de todo o Estado do Maranh\u00e3o. O filme ocupou a d\u00e9cima primeira posi\u00e7\u00e3o entre os filmes mais assistidos da semana e quebrou mais uma vez, seu pr\u00f3prio recorde nos cinemas do Maranh\u00e3o. O longa contou com a participa\u00e7\u00e3o especial do eterno trapalh\u00e3o Ded\u00e9 Santana, finalizando a saga de maneira \u00e9pica e emocionante. O filme est\u00e1 dispon\u00edvel nos streamings com sucesso de vendas.<\/p>\n","protected":false},"excerpt":{"rendered":"<p>A maior saga do cinema brasileiro lan\u00e7a mais um sucesso com divers\u00e3o garantida para toda fam\u00edlia. PRODU\u00c7\u00c3O: RA\u00c7A RUIM FILMESLENGO [&hellip;]<\/p>\n","protected":false},"author":2,"featured_media":0,"comment_status":"open","ping_status":"open","sticky":false,"template":"","format":"standard","meta":{"site-sidebar-layout":"default","site-content-layout":"","ast-site-content-layout":"default","site-content-style":"default","site-sidebar-style":"default","ast-global-header-display":"","ast-banner-title-visibility":"","ast-main-header-display":"","ast-hfb-above-header-display":"","ast-hfb-below-header-display":"","ast-hfb-mobile-header-display":"","site-post-title":"","ast-breadcrumbs-content":"","ast-featured-img":"","footer-sml-layout":"","ast-disable-related-posts":"","theme-transparent-header-meta":"","adv-header-id-meta":"","stick-header-meta":"","header-above-stick-meta":"","header-main-stick-meta":"","header-below-stick-meta":"","astra-migrate-meta-layouts":"default","ast-page-background-enabled":"default","ast-page-background-meta":{"desktop":{"background-color":"var(--ast-global-color-5)","background-image":"","background-repeat":"repeat","background-position":"center center","background-size":"auto","background-attachment":"scroll","background-type":"","background-media":"","overlay-type":"","overlay-color":"","overlay-opacity":"","overlay-gradient":""},"tablet":{"background-color":"","background-image":"","background-repeat":"repeat","background-position":"center center","background-size":"auto","background-attachment":"scroll","background-type":"","background-media":"","overlay-type":"","overlay-color":"","overlay-opacity":"","overlay-gradient":""},"mobile":{"background-color":"","background-image":"","background-repeat":"repeat","background-position":"center center","background-size":"auto","background-attachment":"scroll","background-type":"","background-media":"","overlay-type":"","overlay-color":"","overlay-opacity":"","overlay-gradient":""}},"ast-content-background-meta":{"desktop":{"background-color":"var(--ast-global-color-4)","background-image":"","background-repeat":"repeat","background-position":"center center","background-size":"auto","background-attachment":"scroll","background-type":"","background-media":"","overlay-type":"","overlay-color":"","overlay-opacity":"","overlay-gradient":""},"tablet":{"background-color":"var(--ast-global-color-4)","background-image":"","background-repeat":"repeat","background-position":"center center","background-size":"auto","background-attachment":"scroll","background-type":"","background-media":"","overlay-type":"","overlay-color":"","overlay-opacity":"","overlay-gradient":""},"mobile":{"background-color":"var(--ast-global-color-4)","background-image":"","background-repeat":"repeat","background-position":"center center","background-size":"auto","background-attachment":"scroll","background-type":"","background-media":"","overlay-type":"","overlay-color":"","overlay-opacity":"","overlay-gradient":""}},"footnotes":""},"categories":[1],"tags":[],"class_list":["post-148252","post","type-post","status-publish","format-standard","hentry","category-sem-categoria"],"yoast_head":"<!-- This site is optimized with the Yoast SEO plugin v26.6 - https:\/\/yoast.com\/wordpress\/plugins\/seo\/ -->\n<title>Com\u00e9dia &quot;Muleque T\u00e9 Doido - Um Filme Fora De S\u00e9rie\u201d estreia dia 18 de setembro nos cinemas - Daniel Matos<\/title>\n<meta name=\"robots\" content=\"index, follow, max-snippet:-1, max-image-preview:large, max-video-preview:-1\" \/>\n<link rel=\"canonical\" href=\"https:\/\/www.blogsoestado.com\/danielmatos\/comedia-muleque-te-doido-um-filme-fora-de-serie-estreia-dia-18-de-setembro-nos-cinemas\/\" \/>\n<meta property=\"og:locale\" content=\"pt_BR\" \/>\n<meta property=\"og:type\" content=\"article\" \/>\n<meta property=\"og:title\" content=\"Com\u00e9dia &quot;Muleque T\u00e9 Doido - Um Filme Fora De S\u00e9rie\u201d estreia dia 18 de setembro nos cinemas - Daniel Matos\" \/>\n<meta property=\"og:description\" content=\"A maior saga do cinema brasileiro lan\u00e7a mais um sucesso com divers\u00e3o garantida para toda fam\u00edlia. PRODU\u00c7\u00c3O: RA\u00c7A RUIM FILMESLENGO [&hellip;]\" \/>\n<meta property=\"og:url\" content=\"https:\/\/www.blogsoestado.com\/danielmatos\/comedia-muleque-te-doido-um-filme-fora-de-serie-estreia-dia-18-de-setembro-nos-cinemas\/\" \/>\n<meta property=\"og:site_name\" content=\"Daniel Matos\" \/>\n<meta property=\"article:published_time\" content=\"2025-09-10T13:22:55+00:00\" \/>\n<meta property=\"article:modified_time\" content=\"2025-09-10T13:22:59+00:00\" \/>\n<meta property=\"og:image\" content=\"https:\/\/www.blogsoestado.com\/danielmatos\/wp-content\/uploads\/sites\/2\/2025\/09\/1003603155.jpg\" \/>\n\t<meta property=\"og:image:width\" content=\"1098\" \/>\n\t<meta property=\"og:image:height\" content=\"1600\" \/>\n\t<meta property=\"og:image:type\" content=\"image\/jpeg\" \/>\n<meta name=\"author\" content=\"Daniel Matos\" \/>\n<meta name=\"twitter:card\" content=\"summary_large_image\" \/>\n<meta name=\"twitter:label1\" content=\"Escrito por\" \/>\n\t<meta name=\"twitter:data1\" content=\"Daniel Matos\" \/>\n\t<meta name=\"twitter:label2\" content=\"Est. tempo de leitura\" \/>\n\t<meta name=\"twitter:data2\" content=\"6 minutos\" \/>\n<script type=\"application\/ld+json\" class=\"yoast-schema-graph\">{\"@context\":\"https:\/\/schema.org\",\"@graph\":[{\"@type\":\"WebPage\",\"@id\":\"https:\/\/www.blogsoestado.com\/danielmatos\/comedia-muleque-te-doido-um-filme-fora-de-serie-estreia-dia-18-de-setembro-nos-cinemas\/\",\"url\":\"https:\/\/www.blogsoestado.com\/danielmatos\/comedia-muleque-te-doido-um-filme-fora-de-serie-estreia-dia-18-de-setembro-nos-cinemas\/\",\"name\":\"Com\u00e9dia \\\"Muleque T\u00e9 Doido - Um Filme Fora De S\u00e9rie\u201d estreia dia 18 de setembro nos cinemas - Daniel Matos\",\"isPartOf\":{\"@id\":\"https:\/\/www.blogsoestado.com\/danielmatos\/#website\"},\"primaryImageOfPage\":{\"@id\":\"https:\/\/www.blogsoestado.com\/danielmatos\/comedia-muleque-te-doido-um-filme-fora-de-serie-estreia-dia-18-de-setembro-nos-cinemas\/#primaryimage\"},\"image\":{\"@id\":\"https:\/\/www.blogsoestado.com\/danielmatos\/comedia-muleque-te-doido-um-filme-fora-de-serie-estreia-dia-18-de-setembro-nos-cinemas\/#primaryimage\"},\"thumbnailUrl\":\"https:\/\/www.blogsoestado.com\/danielmatos\/wp-content\/uploads\/sites\/2\/2025\/09\/1003603155-703x1024.jpg\",\"datePublished\":\"2025-09-10T13:22:55+00:00\",\"dateModified\":\"2025-09-10T13:22:59+00:00\",\"author\":{\"@id\":\"https:\/\/www.blogsoestado.com\/danielmatos\/#\/schema\/person\/9a209d407cd45631f131e1285b661bb0\"},\"breadcrumb\":{\"@id\":\"https:\/\/www.blogsoestado.com\/danielmatos\/comedia-muleque-te-doido-um-filme-fora-de-serie-estreia-dia-18-de-setembro-nos-cinemas\/#breadcrumb\"},\"inLanguage\":\"pt-BR\",\"potentialAction\":[{\"@type\":\"ReadAction\",\"target\":[\"https:\/\/www.blogsoestado.com\/danielmatos\/comedia-muleque-te-doido-um-filme-fora-de-serie-estreia-dia-18-de-setembro-nos-cinemas\/\"]}]},{\"@type\":\"ImageObject\",\"inLanguage\":\"pt-BR\",\"@id\":\"https:\/\/www.blogsoestado.com\/danielmatos\/comedia-muleque-te-doido-um-filme-fora-de-serie-estreia-dia-18-de-setembro-nos-cinemas\/#primaryimage\",\"url\":\"https:\/\/www.blogsoestado.com\/danielmatos\/wp-content\/uploads\/sites\/2\/2025\/09\/1003603155.jpg\",\"contentUrl\":\"https:\/\/www.blogsoestado.com\/danielmatos\/wp-content\/uploads\/sites\/2\/2025\/09\/1003603155.jpg\",\"width\":1098,\"height\":1600},{\"@type\":\"BreadcrumbList\",\"@id\":\"https:\/\/www.blogsoestado.com\/danielmatos\/comedia-muleque-te-doido-um-filme-fora-de-serie-estreia-dia-18-de-setembro-nos-cinemas\/#breadcrumb\",\"itemListElement\":[{\"@type\":\"ListItem\",\"position\":1,\"name\":\"In\u00edcio\",\"item\":\"https:\/\/www.blogsoestado.com\/danielmatos\/\"},{\"@type\":\"ListItem\",\"position\":2,\"name\":\"Com\u00e9dia &#8220;Muleque T\u00e9 Doido &#8211; Um Filme Fora De S\u00e9rie\u201d estreia dia 18 de setembro nos cinemas\"}]},{\"@type\":\"WebSite\",\"@id\":\"https:\/\/www.blogsoestado.com\/danielmatos\/#website\",\"url\":\"https:\/\/www.blogsoestado.com\/danielmatos\/\",\"name\":\"Daniel Matos\",\"description\":\"\",\"potentialAction\":[{\"@type\":\"SearchAction\",\"target\":{\"@type\":\"EntryPoint\",\"urlTemplate\":\"https:\/\/www.blogsoestado.com\/danielmatos\/?s={search_term_string}\"},\"query-input\":{\"@type\":\"PropertyValueSpecification\",\"valueRequired\":true,\"valueName\":\"search_term_string\"}}],\"inLanguage\":\"pt-BR\"},{\"@type\":\"Person\",\"@id\":\"https:\/\/www.blogsoestado.com\/danielmatos\/#\/schema\/person\/9a209d407cd45631f131e1285b661bb0\",\"name\":\"Daniel Matos\",\"image\":{\"@type\":\"ImageObject\",\"inLanguage\":\"pt-BR\",\"@id\":\"https:\/\/www.blogsoestado.com\/danielmatos\/#\/schema\/person\/image\/\",\"url\":\"https:\/\/secure.gravatar.com\/avatar\/2f26c36ee355da19a257f0dfef43952a2588b324ca35d6719e859fe338ac0392?s=96&d=mm&r=g\",\"contentUrl\":\"https:\/\/secure.gravatar.com\/avatar\/2f26c36ee355da19a257f0dfef43952a2588b324ca35d6719e859fe338ac0392?s=96&d=mm&r=g\",\"caption\":\"Daniel Matos\"},\"url\":\"https:\/\/www.blogsoestado.com\/danielmatos\/author\/danielmatos\/\"}]}<\/script>\n<!-- \/ Yoast SEO plugin. -->","yoast_head_json":{"title":"Com\u00e9dia \"Muleque T\u00e9 Doido - Um Filme Fora De S\u00e9rie\u201d estreia dia 18 de setembro nos cinemas - Daniel Matos","robots":{"index":"index","follow":"follow","max-snippet":"max-snippet:-1","max-image-preview":"max-image-preview:large","max-video-preview":"max-video-preview:-1"},"canonical":"https:\/\/www.blogsoestado.com\/danielmatos\/comedia-muleque-te-doido-um-filme-fora-de-serie-estreia-dia-18-de-setembro-nos-cinemas\/","og_locale":"pt_BR","og_type":"article","og_title":"Com\u00e9dia \"Muleque T\u00e9 Doido - Um Filme Fora De S\u00e9rie\u201d estreia dia 18 de setembro nos cinemas - Daniel Matos","og_description":"A maior saga do cinema brasileiro lan\u00e7a mais um sucesso com divers\u00e3o garantida para toda fam\u00edlia. PRODU\u00c7\u00c3O: RA\u00c7A RUIM FILMESLENGO [&hellip;]","og_url":"https:\/\/www.blogsoestado.com\/danielmatos\/comedia-muleque-te-doido-um-filme-fora-de-serie-estreia-dia-18-de-setembro-nos-cinemas\/","og_site_name":"Daniel Matos","article_published_time":"2025-09-10T13:22:55+00:00","article_modified_time":"2025-09-10T13:22:59+00:00","og_image":[{"width":1098,"height":1600,"url":"https:\/\/www.blogsoestado.com\/danielmatos\/wp-content\/uploads\/sites\/2\/2025\/09\/1003603155.jpg","type":"image\/jpeg"}],"author":"Daniel Matos","twitter_card":"summary_large_image","twitter_misc":{"Escrito por":"Daniel Matos","Est. tempo de leitura":"6 minutos"},"schema":{"@context":"https:\/\/schema.org","@graph":[{"@type":"WebPage","@id":"https:\/\/www.blogsoestado.com\/danielmatos\/comedia-muleque-te-doido-um-filme-fora-de-serie-estreia-dia-18-de-setembro-nos-cinemas\/","url":"https:\/\/www.blogsoestado.com\/danielmatos\/comedia-muleque-te-doido-um-filme-fora-de-serie-estreia-dia-18-de-setembro-nos-cinemas\/","name":"Com\u00e9dia \"Muleque T\u00e9 Doido - Um Filme Fora De S\u00e9rie\u201d estreia dia 18 de setembro nos cinemas - Daniel Matos","isPartOf":{"@id":"https:\/\/www.blogsoestado.com\/danielmatos\/#website"},"primaryImageOfPage":{"@id":"https:\/\/www.blogsoestado.com\/danielmatos\/comedia-muleque-te-doido-um-filme-fora-de-serie-estreia-dia-18-de-setembro-nos-cinemas\/#primaryimage"},"image":{"@id":"https:\/\/www.blogsoestado.com\/danielmatos\/comedia-muleque-te-doido-um-filme-fora-de-serie-estreia-dia-18-de-setembro-nos-cinemas\/#primaryimage"},"thumbnailUrl":"https:\/\/www.blogsoestado.com\/danielmatos\/wp-content\/uploads\/sites\/2\/2025\/09\/1003603155-703x1024.jpg","datePublished":"2025-09-10T13:22:55+00:00","dateModified":"2025-09-10T13:22:59+00:00","author":{"@id":"https:\/\/www.blogsoestado.com\/danielmatos\/#\/schema\/person\/9a209d407cd45631f131e1285b661bb0"},"breadcrumb":{"@id":"https:\/\/www.blogsoestado.com\/danielmatos\/comedia-muleque-te-doido-um-filme-fora-de-serie-estreia-dia-18-de-setembro-nos-cinemas\/#breadcrumb"},"inLanguage":"pt-BR","potentialAction":[{"@type":"ReadAction","target":["https:\/\/www.blogsoestado.com\/danielmatos\/comedia-muleque-te-doido-um-filme-fora-de-serie-estreia-dia-18-de-setembro-nos-cinemas\/"]}]},{"@type":"ImageObject","inLanguage":"pt-BR","@id":"https:\/\/www.blogsoestado.com\/danielmatos\/comedia-muleque-te-doido-um-filme-fora-de-serie-estreia-dia-18-de-setembro-nos-cinemas\/#primaryimage","url":"https:\/\/www.blogsoestado.com\/danielmatos\/wp-content\/uploads\/sites\/2\/2025\/09\/1003603155.jpg","contentUrl":"https:\/\/www.blogsoestado.com\/danielmatos\/wp-content\/uploads\/sites\/2\/2025\/09\/1003603155.jpg","width":1098,"height":1600},{"@type":"BreadcrumbList","@id":"https:\/\/www.blogsoestado.com\/danielmatos\/comedia-muleque-te-doido-um-filme-fora-de-serie-estreia-dia-18-de-setembro-nos-cinemas\/#breadcrumb","itemListElement":[{"@type":"ListItem","position":1,"name":"In\u00edcio","item":"https:\/\/www.blogsoestado.com\/danielmatos\/"},{"@type":"ListItem","position":2,"name":"Com\u00e9dia &#8220;Muleque T\u00e9 Doido &#8211; Um Filme Fora De S\u00e9rie\u201d estreia dia 18 de setembro nos cinemas"}]},{"@type":"WebSite","@id":"https:\/\/www.blogsoestado.com\/danielmatos\/#website","url":"https:\/\/www.blogsoestado.com\/danielmatos\/","name":"Daniel Matos","description":"","potentialAction":[{"@type":"SearchAction","target":{"@type":"EntryPoint","urlTemplate":"https:\/\/www.blogsoestado.com\/danielmatos\/?s={search_term_string}"},"query-input":{"@type":"PropertyValueSpecification","valueRequired":true,"valueName":"search_term_string"}}],"inLanguage":"pt-BR"},{"@type":"Person","@id":"https:\/\/www.blogsoestado.com\/danielmatos\/#\/schema\/person\/9a209d407cd45631f131e1285b661bb0","name":"Daniel Matos","image":{"@type":"ImageObject","inLanguage":"pt-BR","@id":"https:\/\/www.blogsoestado.com\/danielmatos\/#\/schema\/person\/image\/","url":"https:\/\/secure.gravatar.com\/avatar\/2f26c36ee355da19a257f0dfef43952a2588b324ca35d6719e859fe338ac0392?s=96&d=mm&r=g","contentUrl":"https:\/\/secure.gravatar.com\/avatar\/2f26c36ee355da19a257f0dfef43952a2588b324ca35d6719e859fe338ac0392?s=96&d=mm&r=g","caption":"Daniel Matos"},"url":"https:\/\/www.blogsoestado.com\/danielmatos\/author\/danielmatos\/"}]}},"jetpack_featured_media_url":"","_links":{"self":[{"href":"https:\/\/www.blogsoestado.com\/danielmatos\/wp-json\/wp\/v2\/posts\/148252","targetHints":{"allow":["GET"]}}],"collection":[{"href":"https:\/\/www.blogsoestado.com\/danielmatos\/wp-json\/wp\/v2\/posts"}],"about":[{"href":"https:\/\/www.blogsoestado.com\/danielmatos\/wp-json\/wp\/v2\/types\/post"}],"author":[{"embeddable":true,"href":"https:\/\/www.blogsoestado.com\/danielmatos\/wp-json\/wp\/v2\/users\/2"}],"replies":[{"embeddable":true,"href":"https:\/\/www.blogsoestado.com\/danielmatos\/wp-json\/wp\/v2\/comments?post=148252"}],"version-history":[{"count":1,"href":"https:\/\/www.blogsoestado.com\/danielmatos\/wp-json\/wp\/v2\/posts\/148252\/revisions"}],"predecessor-version":[{"id":148255,"href":"https:\/\/www.blogsoestado.com\/danielmatos\/wp-json\/wp\/v2\/posts\/148252\/revisions\/148255"}],"wp:attachment":[{"href":"https:\/\/www.blogsoestado.com\/danielmatos\/wp-json\/wp\/v2\/media?parent=148252"}],"wp:term":[{"taxonomy":"category","embeddable":true,"href":"https:\/\/www.blogsoestado.com\/danielmatos\/wp-json\/wp\/v2\/categories?post=148252"},{"taxonomy":"post_tag","embeddable":true,"href":"https:\/\/www.blogsoestado.com\/danielmatos\/wp-json\/wp\/v2\/tags?post=148252"}],"curies":[{"name":"wp","href":"https:\/\/api.w.org\/{rel}","templated":true}]}}