{"id":149,"date":"2007-11-23T16:54:10","date_gmt":"2007-11-23T16:54:10","guid":{"rendered":"https:\/\/www.blogsoestado.com\/danielmatos\/2007\/11\/23\/apos-rebeliao-com-morte-de-interno-funac-tera-plano-emergencial\/"},"modified":"2007-11-23T16:54:10","modified_gmt":"2007-11-23T16:54:10","slug":"apos-rebeliao-com-morte-de-interno-funac-tera-plano-emergencial","status":"publish","type":"post","link":"https:\/\/www.blogsoestado.com\/danielmatos\/apos-rebeliao-com-morte-de-interno-funac-tera-plano-emergencial\/","title":{"rendered":"Ap\u00f3s rebeli\u00e3o com morte de interno, Funac ter\u00e1 plano emergencial"},"content":{"rendered":"<p><font size=\"4\"><b><\/b><\/font><\/p>\n<p><img src='https:\/\/www.blogsoestado.com\/danielmatos\/files\/2008\/05\/cardoso funac.jpg' \/><br \/>Elis\u00e2ngela Cardoso, presidente da Funac<\/p>\n<p><font size=\"3\">Um plano emergencial de seguran\u00e7a ser\u00e1 implantado imediatamente no Centro da Juventude Esperan\u00e7a, unidade de interna\u00e7\u00e3o de adolescentes em conflito com a lei, mantido pela Funda\u00e7\u00e3o da Crian\u00e7a e do Adolescente (Funac), no bairro da Maiobinha. A informa\u00e7\u00e3o \u00e9 da diretora-presidente da Funac, Elis\u00e2ngela Cardoso, que esteve reunida, nesta sexta-feira, com o major da Pol\u00edcia Militar, Luis Eduardo Vaz.<\/p>\n<p>\u0093As provid\u00eancias ser\u00e3o voltadas para evitar novos motins at\u00e9 que o plano de seguran\u00e7a definitivo seja conclu\u00eddo\u0094, explicou Elis\u00e2ngela. A decis\u00e3o foi tomada depois da \u00faltima rebeli\u00e3o, na segunda-feira (19), considerada uma das mais violentas entre as dez ocorr\u00eancias registradas este ano.<\/p>\n<p>O saldo final foi a morte de um adolescente e 17 feridos, sendo 14 adolescentes e tr\u00eas educadores. Al\u00e9m disso, a ala A do CJE foi completamente destru\u00edda com a a\u00e7\u00e3o dos infratores. O centro tem hoje 53 internos entre 13 e 21 anos. A penalidade varia de seis meses a tr\u00eas anos de reclus\u00e3o, de acordo com a infra\u00e7\u00e3o cometida, pena estabelecida no Estatuto da Crian\u00e7a e do Adolescente.<\/p>\n<p>\u0093N\u00e3o enfrentamos o mesmo problema nas demais unidades que tamb\u00e9m v\u00e3o ser atendidas pelo Plano de Seguran\u00e7a que est\u00e1 sendo elaborado, visando garantir a seguran\u00e7a das unidades, al\u00e9m da capacita\u00e7\u00e3o do corpo funcional nas seguintes tem\u00e1ticas: negocia\u00e7\u00e3o de conflitos, no\u00e7\u00f5es de intelig\u00eancia e defesa pessoal\u0094, esclareceu, Elis\u00e2ngela Cardoso.<\/p>\n<p>Ao todo a Funac mant\u00e9m seis unidades \u0096 quatro em S\u00e3o Lu\u00eds e duas em Imperatriz. Na capital funcionam as unidades de interna\u00e7\u00e3o, a de interna\u00e7\u00e3o provis\u00f3ria, a semiliberdade e uma unidade de interna\u00e7\u00e3o feminina, que possui apenas tr\u00eas internas. Imperatriz conta uma unidade provis\u00f3ria e uma semiliberdade.<\/p>\n<p>A coordenadora de programas socioeducativos da Funac, Alexandrina Abreu, defende o aumento do efetivo policial na unidade da Maiobinha. \u0093S\u00e3o apenas dois policiais na unidade. Esperamos mudan\u00e7as nessa \u00e1rea\u0094, revelou. O CJE possui 175 funcion\u00e1rios entre monitores, socioeducadores, t\u00e9cnicos, administrativo e operacional.<\/p>\n<p>O major Vaz disse que ser\u00e3o implantadas algumas iniciativas visando a\u00e7\u00f5es preventivas de rebeli\u00f5es. \u0093As a\u00e7\u00f5es dever\u00e3o ser integradas e deveremos contar com o apoio de outras secretarias como Cultura, Esporte, Sa\u00fade, Educa\u00e7\u00e3o e Trabalho e Economia Solid\u00e1ria\u0094, destacou.<\/p>\n<p>A diretora administrativa da Funac, Anailde Everton Serra, revelou que acredita numa mudan\u00e7a de comportamento na unidade de interna\u00e7\u00e3o com a implanta\u00e7\u00e3o do plano de seguran\u00e7a. \u0093Hoje, o p\u00fablico tem conhecimento do que realmente acontece na unidade da Maiobinha. O n\u00famero de ocorr\u00eancias, total de dez, significa que aumentaram as rebeli\u00f5es, com isso se faz necess\u00e1rio implantar novas a\u00e7\u00f5es que venham mudar essa situa\u00e7\u00e3o\u0094, defende.<\/p>\n<p>\u0093Hoje a proposta \u00e9 construir uma rela\u00e7\u00e3o de confian\u00e7a entre monitores, t\u00e9cnicos, socioeducadores e adolescentes, que junto com a jornada pedag\u00f3gica aplicada na unidade e uma pol\u00edtica de profissionaliza\u00e7\u00e3o permanente, contribuir\u00e1 para a ressocializa\u00e7\u00e3o desses adolescentes e jovens\u0094, concluiu a presidente da Funac.<\/p>\n<p><b>Fonte:<\/b> Assessoria de Comunica\u00e7\u00e3o do Governo do Estado<\/font><\/p>\n","protected":false},"excerpt":{"rendered":"<p>Elis\u00e2ngela Cardoso, presidente da Funac Um plano emergencial de seguran\u00e7a ser\u00e1 implantado imediatamente no Centro da Juventude Esperan\u00e7a, unidade de [&hellip;]<\/p>\n","protected":false},"author":0,"featured_media":0,"comment_status":"open","ping_status":"open","sticky":false,"template":"","format":"standard","meta":{"site-sidebar-layout":"default","site-content-layout":"","ast-site-content-layout":"default","site-content-style":"default","site-sidebar-style":"default","ast-global-header-display":"","ast-banner-title-visibility":"","ast-main-header-display":"","ast-hfb-above-header-display":"","ast-hfb-below-header-display":"","ast-hfb-mobile-header-display":"","site-post-title":"","ast-breadcrumbs-content":"","ast-featured-img":"","footer-sml-layout":"","ast-disable-related-posts":"","theme-transparent-header-meta":"","adv-header-id-meta":"","stick-header-meta":"","header-above-stick-meta":"","header-main-stick-meta":"","header-below-stick-meta":"","astra-migrate-meta-layouts":"default","ast-page-background-enabled":"default","ast-page-background-meta":{"desktop":{"background-color":"var(--ast-global-color-5)","background-image":"","background-repeat":"repeat","background-position":"center center","background-size":"auto","background-attachment":"scroll","background-type":"","background-media":"","overlay-type":"","overlay-color":"","overlay-opacity":"","overlay-gradient":""},"tablet":{"background-color":"","background-image":"","background-repeat":"repeat","background-position":"center center","background-size":"auto","background-attachment":"scroll","background-type":"","background-media":"","overlay-type":"","overlay-color":"","overlay-opacity":"","overlay-gradient":""},"mobile":{"background-color":"","background-image":"","background-repeat":"repeat","background-position":"center center","background-size":"auto","background-attachment":"scroll","background-type":"","background-media":"","overlay-type":"","overlay-color":"","overlay-opacity":"","overlay-gradient":""}},"ast-content-background-meta":{"desktop":{"background-color":"var(--ast-global-color-4)","background-image":"","background-repeat":"repeat","background-position":"center center","background-size":"auto","background-attachment":"scroll","background-type":"","background-media":"","overlay-type":"","overlay-color":"","overlay-opacity":"","overlay-gradient":""},"tablet":{"background-color":"var(--ast-global-color-4)","background-image":"","background-repeat":"repeat","background-position":"center center","background-size":"auto","background-attachment":"scroll","background-type":"","background-media":"","overlay-type":"","overlay-color":"","overlay-opacity":"","overlay-gradient":""},"mobile":{"background-color":"var(--ast-global-color-4)","background-image":"","background-repeat":"repeat","background-position":"center center","background-size":"auto","background-attachment":"scroll","background-type":"","background-media":"","overlay-type":"","overlay-color":"","overlay-opacity":"","overlay-gradient":""}},"footnotes":""},"categories":[1],"tags":[],"class_list":["post-149","post","type-post","status-publish","format-standard","hentry","category-sem-categoria"],"yoast_head":"<!-- This site is optimized with the Yoast SEO plugin v26.6 - https:\/\/yoast.com\/wordpress\/plugins\/seo\/ -->\n<title>Ap\u00f3s rebeli\u00e3o com morte de interno, Funac ter\u00e1 plano emergencial - Daniel Matos<\/title>\n<meta name=\"robots\" content=\"index, follow, max-snippet:-1, max-image-preview:large, max-video-preview:-1\" \/>\n<link rel=\"canonical\" href=\"https:\/\/www.blogsoestado.com\/danielmatos\/apos-rebeliao-com-morte-de-interno-funac-tera-plano-emergencial\/\" \/>\n<meta property=\"og:locale\" content=\"pt_BR\" \/>\n<meta property=\"og:type\" content=\"article\" \/>\n<meta property=\"og:title\" content=\"Ap\u00f3s rebeli\u00e3o com morte de interno, Funac ter\u00e1 plano emergencial - Daniel Matos\" \/>\n<meta property=\"og:description\" content=\"Elis\u00e2ngela Cardoso, presidente da Funac Um plano emergencial de seguran\u00e7a ser\u00e1 implantado imediatamente no Centro da Juventude Esperan\u00e7a, unidade de [&hellip;]\" \/>\n<meta property=\"og:url\" content=\"https:\/\/www.blogsoestado.com\/danielmatos\/apos-rebeliao-com-morte-de-interno-funac-tera-plano-emergencial\/\" \/>\n<meta property=\"og:site_name\" content=\"Daniel Matos\" \/>\n<meta property=\"article:published_time\" content=\"2007-11-23T16:54:10+00:00\" \/>\n<meta name=\"twitter:card\" content=\"summary_large_image\" \/>\n<meta name=\"twitter:label1\" content=\"Est. tempo de leitura\" \/>\n\t<meta name=\"twitter:data1\" content=\"3 minutos\" \/>\n<script type=\"application\/ld+json\" class=\"yoast-schema-graph\">{\"@context\":\"https:\/\/schema.org\",\"@graph\":[{\"@type\":\"WebPage\",\"@id\":\"https:\/\/www.blogsoestado.com\/danielmatos\/apos-rebeliao-com-morte-de-interno-funac-tera-plano-emergencial\/\",\"url\":\"https:\/\/www.blogsoestado.com\/danielmatos\/apos-rebeliao-com-morte-de-interno-funac-tera-plano-emergencial\/\",\"name\":\"Ap\u00f3s rebeli\u00e3o com morte de interno, Funac ter\u00e1 plano emergencial - Daniel Matos\",\"isPartOf\":{\"@id\":\"https:\/\/www.blogsoestado.com\/danielmatos\/#website\"},\"datePublished\":\"2007-11-23T16:54:10+00:00\",\"author\":{\"@id\":\"\"},\"breadcrumb\":{\"@id\":\"https:\/\/www.blogsoestado.com\/danielmatos\/apos-rebeliao-com-morte-de-interno-funac-tera-plano-emergencial\/#breadcrumb\"},\"inLanguage\":\"pt-BR\",\"potentialAction\":[{\"@type\":\"ReadAction\",\"target\":[\"https:\/\/www.blogsoestado.com\/danielmatos\/apos-rebeliao-com-morte-de-interno-funac-tera-plano-emergencial\/\"]}]},{\"@type\":\"BreadcrumbList\",\"@id\":\"https:\/\/www.blogsoestado.com\/danielmatos\/apos-rebeliao-com-morte-de-interno-funac-tera-plano-emergencial\/#breadcrumb\",\"itemListElement\":[{\"@type\":\"ListItem\",\"position\":1,\"name\":\"In\u00edcio\",\"item\":\"https:\/\/www.blogsoestado.com\/danielmatos\/\"},{\"@type\":\"ListItem\",\"position\":2,\"name\":\"Ap\u00f3s rebeli\u00e3o com morte de interno, Funac ter\u00e1 plano emergencial\"}]},{\"@type\":\"WebSite\",\"@id\":\"https:\/\/www.blogsoestado.com\/danielmatos\/#website\",\"url\":\"https:\/\/www.blogsoestado.com\/danielmatos\/\",\"name\":\"Daniel Matos\",\"description\":\"\",\"potentialAction\":[{\"@type\":\"SearchAction\",\"target\":{\"@type\":\"EntryPoint\",\"urlTemplate\":\"https:\/\/www.blogsoestado.com\/danielmatos\/?s={search_term_string}\"},\"query-input\":{\"@type\":\"PropertyValueSpecification\",\"valueRequired\":true,\"valueName\":\"search_term_string\"}}],\"inLanguage\":\"pt-BR\"}]}<\/script>\n<!-- \/ Yoast SEO plugin. -->","yoast_head_json":{"title":"Ap\u00f3s rebeli\u00e3o com morte de interno, Funac ter\u00e1 plano emergencial - Daniel Matos","robots":{"index":"index","follow":"follow","max-snippet":"max-snippet:-1","max-image-preview":"max-image-preview:large","max-video-preview":"max-video-preview:-1"},"canonical":"https:\/\/www.blogsoestado.com\/danielmatos\/apos-rebeliao-com-morte-de-interno-funac-tera-plano-emergencial\/","og_locale":"pt_BR","og_type":"article","og_title":"Ap\u00f3s rebeli\u00e3o com morte de interno, Funac ter\u00e1 plano emergencial - Daniel Matos","og_description":"Elis\u00e2ngela Cardoso, presidente da Funac Um plano emergencial de seguran\u00e7a ser\u00e1 implantado imediatamente no Centro da Juventude Esperan\u00e7a, unidade de [&hellip;]","og_url":"https:\/\/www.blogsoestado.com\/danielmatos\/apos-rebeliao-com-morte-de-interno-funac-tera-plano-emergencial\/","og_site_name":"Daniel Matos","article_published_time":"2007-11-23T16:54:10+00:00","twitter_card":"summary_large_image","twitter_misc":{"Est. tempo de leitura":"3 minutos"},"schema":{"@context":"https:\/\/schema.org","@graph":[{"@type":"WebPage","@id":"https:\/\/www.blogsoestado.com\/danielmatos\/apos-rebeliao-com-morte-de-interno-funac-tera-plano-emergencial\/","url":"https:\/\/www.blogsoestado.com\/danielmatos\/apos-rebeliao-com-morte-de-interno-funac-tera-plano-emergencial\/","name":"Ap\u00f3s rebeli\u00e3o com morte de interno, Funac ter\u00e1 plano emergencial - Daniel Matos","isPartOf":{"@id":"https:\/\/www.blogsoestado.com\/danielmatos\/#website"},"datePublished":"2007-11-23T16:54:10+00:00","author":{"@id":""},"breadcrumb":{"@id":"https:\/\/www.blogsoestado.com\/danielmatos\/apos-rebeliao-com-morte-de-interno-funac-tera-plano-emergencial\/#breadcrumb"},"inLanguage":"pt-BR","potentialAction":[{"@type":"ReadAction","target":["https:\/\/www.blogsoestado.com\/danielmatos\/apos-rebeliao-com-morte-de-interno-funac-tera-plano-emergencial\/"]}]},{"@type":"BreadcrumbList","@id":"https:\/\/www.blogsoestado.com\/danielmatos\/apos-rebeliao-com-morte-de-interno-funac-tera-plano-emergencial\/#breadcrumb","itemListElement":[{"@type":"ListItem","position":1,"name":"In\u00edcio","item":"https:\/\/www.blogsoestado.com\/danielmatos\/"},{"@type":"ListItem","position":2,"name":"Ap\u00f3s rebeli\u00e3o com morte de interno, Funac ter\u00e1 plano emergencial"}]},{"@type":"WebSite","@id":"https:\/\/www.blogsoestado.com\/danielmatos\/#website","url":"https:\/\/www.blogsoestado.com\/danielmatos\/","name":"Daniel Matos","description":"","potentialAction":[{"@type":"SearchAction","target":{"@type":"EntryPoint","urlTemplate":"https:\/\/www.blogsoestado.com\/danielmatos\/?s={search_term_string}"},"query-input":{"@type":"PropertyValueSpecification","valueRequired":true,"valueName":"search_term_string"}}],"inLanguage":"pt-BR"}]}},"jetpack_featured_media_url":"","_links":{"self":[{"href":"https:\/\/www.blogsoestado.com\/danielmatos\/wp-json\/wp\/v2\/posts\/149","targetHints":{"allow":["GET"]}}],"collection":[{"href":"https:\/\/www.blogsoestado.com\/danielmatos\/wp-json\/wp\/v2\/posts"}],"about":[{"href":"https:\/\/www.blogsoestado.com\/danielmatos\/wp-json\/wp\/v2\/types\/post"}],"replies":[{"embeddable":true,"href":"https:\/\/www.blogsoestado.com\/danielmatos\/wp-json\/wp\/v2\/comments?post=149"}],"version-history":[{"count":0,"href":"https:\/\/www.blogsoestado.com\/danielmatos\/wp-json\/wp\/v2\/posts\/149\/revisions"}],"wp:attachment":[{"href":"https:\/\/www.blogsoestado.com\/danielmatos\/wp-json\/wp\/v2\/media?parent=149"}],"wp:term":[{"taxonomy":"category","embeddable":true,"href":"https:\/\/www.blogsoestado.com\/danielmatos\/wp-json\/wp\/v2\/categories?post=149"},{"taxonomy":"post_tag","embeddable":true,"href":"https:\/\/www.blogsoestado.com\/danielmatos\/wp-json\/wp\/v2\/tags?post=149"}],"curies":[{"name":"wp","href":"https:\/\/api.w.org\/{rel}","templated":true}]}}