{"id":149137,"date":"2025-10-03T00:50:59","date_gmt":"2025-10-03T03:50:59","guid":{"rendered":"https:\/\/www.blogsoestado.com\/danielmatos\/?p=149137"},"modified":"2025-10-03T00:51:03","modified_gmt":"2025-10-03T03:51:03","slug":"uma-noite-para-cantar-junto-bruno-marrone-em-sao-luis","status":"publish","type":"post","link":"https:\/\/www.blogsoestado.com\/danielmatos\/uma-noite-para-cantar-junto-bruno-marrone-em-sao-luis\/","title":{"rendered":"Uma noite para cantar junto: Bruno &amp; Marrone em S\u00e3o Lu\u00eds"},"content":{"rendered":"\n<p><em><strong><mark style=\"color:#cf2e2e\" class=\"has-inline-color\">Sucessos inesquec\u00edveis, convidados especiais e experi\u00eancias premium marcam o show \u201cInevit\u00e1vel \u2013 A Festa\u201d, no dia 04 de outubro, no S\u00e3o Lu\u00eds Shopping<\/mark><\/strong><\/em><\/p>\n\n\n\n<figure class=\"wp-block-image aligncenter size-full\"><img fetchpriority=\"high\" decoding=\"async\" width=\"900\" height=\"506\" src=\"https:\/\/www.blogsoestado.com\/danielmatos\/wp-content\/uploads\/sites\/2\/2025\/10\/1003859832.webp\" alt=\"\" class=\"wp-image-149138\" srcset=\"https:\/\/www.blogsoestado.com\/danielmatos\/wp-content\/uploads\/sites\/2\/2025\/10\/1003859832.webp 900w, https:\/\/www.blogsoestado.com\/danielmatos\/wp-content\/uploads\/sites\/2\/2025\/10\/1003859832-300x169.webp 300w, https:\/\/www.blogsoestado.com\/danielmatos\/wp-content\/uploads\/sites\/2\/2025\/10\/1003859832-768x432.webp 768w\" sizes=\"(max-width: 900px) 100vw, 900px\" \/><figcaption class=\"wp-element-caption\">Com o projeto especial \u201cInevit\u00e1vel \u2013 A Festa\u201d, os artistas prometem transformar a \u00e1rea externa do S\u00e3o Lu\u00eds Shopping em um grande encontro de m\u00fasica, emo\u00e7\u00e3o e exclusividade<\/figcaption><\/figure>\n\n\n\n<p>Neste s\u00e1bado, 4 de outubro, S\u00e3o Lu\u00eds vai viver uma noite \u00fanica ao som de Bruno &amp; Marrone, uma das maiores duplas sertanejas do Brasil. Com o projeto especial \u201cInevit\u00e1vel \u2013 A Festa\u201d, os artistas prometem transformar a \u00e1rea externa do S\u00e3o Lu\u00eds Shopping em um grande encontro de m\u00fasica, emo\u00e7\u00e3o e exclusividade. <strong>Assista ao v\u00eddeo:<\/strong><\/p>\n\n\n\n<figure class=\"wp-block-embed is-type-video is-provider-youtube wp-block-embed-youtube wp-embed-aspect-16-9 wp-has-aspect-ratio\"><div class=\"wp-block-embed__wrapper\">\n<iframe title=\"Bruno &amp; Marrone - Inevit\u00e1vel (Clipe Oficial)\" width=\"500\" height=\"281\" src=\"https:\/\/www.youtube.com\/embed\/7xCU4-GdT7k?feature=oembed\" frameborder=\"0\" allow=\"accelerometer; autoplay; clipboard-write; encrypted-media; gyroscope; picture-in-picture; web-share\" referrerpolicy=\"strict-origin-when-cross-origin\" allowfullscreen><\/iframe>\n<\/div><\/figure>\n\n\n\n<p>Al\u00e9m dos sucessos que marcaram gera\u00e7\u00f5es, como \u201cDormi na Pra\u00e7a\u201d, \u201cBoate Azul\u201d e \u201cChoram as Rosas\u201d, o p\u00fablico vai conferir um espet\u00e1culo diferenciado, com surpresas e momentos especiais preparados pela dupla.<\/p>\n\n\n\n<figure class=\"wp-block-image aligncenter size-full\"><img decoding=\"async\" width=\"863\" height=\"527\" src=\"https:\/\/www.blogsoestado.com\/danielmatos\/wp-content\/uploads\/sites\/2\/2025\/10\/1003859834.webp\" alt=\"\" class=\"wp-image-149139\" srcset=\"https:\/\/www.blogsoestado.com\/danielmatos\/wp-content\/uploads\/sites\/2\/2025\/10\/1003859834.webp 863w, https:\/\/www.blogsoestado.com\/danielmatos\/wp-content\/uploads\/sites\/2\/2025\/10\/1003859834-300x183.webp 300w, https:\/\/www.blogsoestado.com\/danielmatos\/wp-content\/uploads\/sites\/2\/2025\/10\/1003859834-768x469.webp 768w\" sizes=\"(max-width: 863px) 100vw, 863px\" \/><figcaption class=\"wp-element-caption\">Dino Fonseca levar\u00e1 vers\u00f5es de cl\u00e1ssicos do rock internacional dos anos 70, 80 e 90<\/figcaption><\/figure>\n\n\n\n<p>Para completar a experi\u00eancia, o evento ter\u00e1 a participa\u00e7\u00e3o de Enzo Rabelo, jovem talento que j\u00e1 conquistou o pa\u00eds, e Dino Fonseca, que levar\u00e1 vers\u00f5es de cl\u00e1ssicos do rock internacional dos anos 70, 80 e 90. A escolha de Dino Fonseca como parte do projeto refor\u00e7a a proposta de diversidade musical.<\/p>\n\n\n\n<p>O cantor, conhecido por seu talento e versatilidade, ser\u00e1 respons\u00e1vel por um momento especial dedicado a cl\u00e1ssicos da m\u00fasica mundial, com arranjos ac\u00fasticos que conquistaram o p\u00fablico no projeto \u201cAcoustic Sessions\u201d, sucesso em 2022. Em seu repert\u00f3rio, Dino revisita grandes sucessos trazendo covers de bandas como A-ha, Beatles, Bon Jovi e Queen.<\/p>\n\n\n\n<figure class=\"wp-block-image aligncenter size-full\"><img decoding=\"async\" width=\"984\" height=\"656\" src=\"https:\/\/www.blogsoestado.com\/danielmatos\/wp-content\/uploads\/sites\/2\/2025\/10\/1003859841.webp\" alt=\"\" class=\"wp-image-149141\" srcset=\"https:\/\/www.blogsoestado.com\/danielmatos\/wp-content\/uploads\/sites\/2\/2025\/10\/1003859841.webp 984w, https:\/\/www.blogsoestado.com\/danielmatos\/wp-content\/uploads\/sites\/2\/2025\/10\/1003859841-300x200.webp 300w, https:\/\/www.blogsoestado.com\/danielmatos\/wp-content\/uploads\/sites\/2\/2025\/10\/1003859841-768x512.webp 768w\" sizes=\"(max-width: 984px) 100vw, 984px\" \/><figcaption class=\"wp-element-caption\">Enzo Rabelo, filho de Bruno, apresentar\u00e1 suas m\u00fasicas autorais, como os sucessos \u201cPerfeitinha\u201d e \u201cTijolinho por Tijolinho\u201d, al\u00e9m de seus mais recentes singles \u201cDesculpa\u201d e \u201cVers\u00f5es\u201d<\/figcaption><\/figure>\n\n\n\n<p>Enquanto Enzo Rabelo, filho de Bruno, apresentar\u00e1 suas m\u00fasicas autorais, como os sucessos \u201cPerfeitinha\u201d e \u201cTijolinho por Tijolinho\u201d, al\u00e9m de seus mais recentes singles \u201cDesculpa\u201d e \u201cVers\u00f5es\u201d.<\/p>\n\n\n\n<p>\u201cA Festa, pode ter eu com o Enzo, o Marrone junto com o Dino, que canta rock e m\u00fasicas internacionais. A gente quis entregar algo a mais ao p\u00fablico, uma experi\u00eancia completa\u201d, afirma o cantor Bruno.<\/p>\n\n\n\n<figure class=\"wp-block-image aligncenter size-full\"><img loading=\"lazy\" decoding=\"async\" width=\"621\" height=\"391\" src=\"https:\/\/www.blogsoestado.com\/danielmatos\/wp-content\/uploads\/sites\/2\/2025\/10\/1003859845.png\" alt=\"\" class=\"wp-image-149140\" srcset=\"https:\/\/www.blogsoestado.com\/danielmatos\/wp-content\/uploads\/sites\/2\/2025\/10\/1003859845.png 621w, https:\/\/www.blogsoestado.com\/danielmatos\/wp-content\/uploads\/sites\/2\/2025\/10\/1003859845-300x189.png 300w\" sizes=\"(max-width: 621px) 100vw, 621px\" \/><figcaption class=\"wp-element-caption\">O cantor Enzo Rabelo, jovem talento que j\u00e1 conquistou o pa\u00eds, ser\u00e1 outra atra\u00e7\u00e3o da noite <\/figcaption><\/figure>\n\n\n\n<p><strong>Experi\u00eancias exclusivas<\/strong><\/p>\n\n\n\n<p>Mesas Diamante: para 4 pessoas, com vis\u00e3o privilegiada e servi\u00e7o completo.<\/p>\n\n\n\n<p>Espa\u00e7o Premium: acesso ao frontstage, ativa\u00e7\u00f5es especiais e bares exclusivos.<\/p>\n\n\n\n<p>Su\u00edtes Exclusivas: at\u00e9 15 pessoas, com servi\u00e7o de bar premium, banheiros climatizados e atendimento personalizado.<\/p>\n\n\n\n<p><strong>Servi\u00e7o<\/strong><\/p>\n\n\n\n<p><strong>Inevit\u00e1vel \u2013 A Festa<\/strong><\/p>\n\n\n\n<p>Quando: S\u00e1bado, dia 04 de outubro<\/p>\n\n\n\n<p>Onde: \u00c1rea externa do S\u00e3o Lu\u00eds Shopping<\/p>\n\n\n\n<p>Atra\u00e7\u00f5es: Bruno &amp; Marrone, Dino Fonseca e Enzo Rabelo<\/p>\n\n\n\n<p>Ingressos: Loja 4M\u00e3os Store (S\u00e3o Lu\u00eds Shopping) e&nbsp;<a href=\"http:\/\/www.bemingressos.com.br\/\" target=\"_blank\" rel=\"noreferrer noopener\">www.bemingressos.com.br<\/a><\/p>\n\n\n\n<p>Informa\u00e7\u00f5es: Instagram <a href=\"http:\/\/@4maos\">@4maos<\/a><\/p>\n\n\n\n<p><strong>Realiza\u00e7\u00e3o: <\/strong>4M\u00e3os Entretenimento, Worldshow e Mode Creative<\/p>\n","protected":false},"excerpt":{"rendered":"<p>Sucessos inesquec\u00edveis, convidados especiais e experi\u00eancias premium marcam o show \u201cInevit\u00e1vel \u2013 A Festa\u201d, no dia 04 de outubro, no [&hellip;]<\/p>\n","protected":false},"author":2,"featured_media":0,"comment_status":"open","ping_status":"open","sticky":false,"template":"","format":"standard","meta":{"site-sidebar-layout":"default","site-content-layout":"","ast-site-content-layout":"default","site-content-style":"default","site-sidebar-style":"default","ast-global-header-display":"","ast-banner-title-visibility":"","ast-main-header-display":"","ast-hfb-above-header-display":"","ast-hfb-below-header-display":"","ast-hfb-mobile-header-display":"","site-post-title":"","ast-breadcrumbs-content":"","ast-featured-img":"","footer-sml-layout":"","ast-disable-related-posts":"","theme-transparent-header-meta":"","adv-header-id-meta":"","stick-header-meta":"","header-above-stick-meta":"","header-main-stick-meta":"","header-below-stick-meta":"","astra-migrate-meta-layouts":"default","ast-page-background-enabled":"default","ast-page-background-meta":{"desktop":{"background-color":"var(--ast-global-color-5)","background-image":"","background-repeat":"repeat","background-position":"center center","background-size":"auto","background-attachment":"scroll","background-type":"","background-media":"","overlay-type":"","overlay-color":"","overlay-opacity":"","overlay-gradient":""},"tablet":{"background-color":"","background-image":"","background-repeat":"repeat","background-position":"center center","background-size":"auto","background-attachment":"scroll","background-type":"","background-media":"","overlay-type":"","overlay-color":"","overlay-opacity":"","overlay-gradient":""},"mobile":{"background-color":"","background-image":"","background-repeat":"repeat","background-position":"center center","background-size":"auto","background-attachment":"scroll","background-type":"","background-media":"","overlay-type":"","overlay-color":"","overlay-opacity":"","overlay-gradient":""}},"ast-content-background-meta":{"desktop":{"background-color":"var(--ast-global-color-4)","background-image":"","background-repeat":"repeat","background-position":"center center","background-size":"auto","background-attachment":"scroll","background-type":"","background-media":"","overlay-type":"","overlay-color":"","overlay-opacity":"","overlay-gradient":""},"tablet":{"background-color":"var(--ast-global-color-4)","background-image":"","background-repeat":"repeat","background-position":"center center","background-size":"auto","background-attachment":"scroll","background-type":"","background-media":"","overlay-type":"","overlay-color":"","overlay-opacity":"","overlay-gradient":""},"mobile":{"background-color":"var(--ast-global-color-4)","background-image":"","background-repeat":"repeat","background-position":"center center","background-size":"auto","background-attachment":"scroll","background-type":"","background-media":"","overlay-type":"","overlay-color":"","overlay-opacity":"","overlay-gradient":""}},"footnotes":""},"categories":[1],"tags":[],"class_list":["post-149137","post","type-post","status-publish","format-standard","hentry","category-sem-categoria"],"yoast_head":"<!-- This site is optimized with the Yoast SEO plugin v26.6 - https:\/\/yoast.com\/wordpress\/plugins\/seo\/ -->\n<title>Uma noite para cantar junto: Bruno &amp; Marrone em S\u00e3o Lu\u00eds - Daniel Matos<\/title>\n<meta name=\"robots\" content=\"index, follow, max-snippet:-1, max-image-preview:large, max-video-preview:-1\" \/>\n<link rel=\"canonical\" href=\"https:\/\/www.blogsoestado.com\/danielmatos\/uma-noite-para-cantar-junto-bruno-marrone-em-sao-luis\/\" \/>\n<meta property=\"og:locale\" content=\"pt_BR\" \/>\n<meta property=\"og:type\" content=\"article\" \/>\n<meta property=\"og:title\" content=\"Uma noite para cantar junto: Bruno &amp; Marrone em S\u00e3o Lu\u00eds - Daniel Matos\" \/>\n<meta property=\"og:description\" content=\"Sucessos inesquec\u00edveis, convidados especiais e experi\u00eancias premium marcam o show \u201cInevit\u00e1vel \u2013 A Festa\u201d, no dia 04 de outubro, no [&hellip;]\" \/>\n<meta property=\"og:url\" content=\"https:\/\/www.blogsoestado.com\/danielmatos\/uma-noite-para-cantar-junto-bruno-marrone-em-sao-luis\/\" \/>\n<meta property=\"og:site_name\" content=\"Daniel Matos\" \/>\n<meta property=\"article:published_time\" content=\"2025-10-03T03:50:59+00:00\" \/>\n<meta property=\"article:modified_time\" content=\"2025-10-03T03:51:03+00:00\" \/>\n<meta property=\"og:image\" content=\"https:\/\/www.blogsoestado.com\/danielmatos\/wp-content\/uploads\/sites\/2\/2025\/10\/1003859832.webp\" \/>\n\t<meta property=\"og:image:width\" content=\"900\" \/>\n\t<meta property=\"og:image:height\" content=\"506\" \/>\n\t<meta property=\"og:image:type\" content=\"image\/webp\" \/>\n<meta name=\"author\" content=\"Daniel Matos\" \/>\n<meta name=\"twitter:card\" content=\"summary_large_image\" \/>\n<meta name=\"twitter:label1\" content=\"Escrito por\" \/>\n\t<meta name=\"twitter:data1\" content=\"Daniel Matos\" \/>\n\t<meta name=\"twitter:label2\" content=\"Est. tempo de leitura\" \/>\n\t<meta name=\"twitter:data2\" content=\"4 minutos\" \/>\n<script type=\"application\/ld+json\" class=\"yoast-schema-graph\">{\"@context\":\"https:\/\/schema.org\",\"@graph\":[{\"@type\":\"WebPage\",\"@id\":\"https:\/\/www.blogsoestado.com\/danielmatos\/uma-noite-para-cantar-junto-bruno-marrone-em-sao-luis\/\",\"url\":\"https:\/\/www.blogsoestado.com\/danielmatos\/uma-noite-para-cantar-junto-bruno-marrone-em-sao-luis\/\",\"name\":\"Uma noite para cantar junto: Bruno &amp; Marrone em S\u00e3o Lu\u00eds - Daniel Matos\",\"isPartOf\":{\"@id\":\"https:\/\/www.blogsoestado.com\/danielmatos\/#website\"},\"primaryImageOfPage\":{\"@id\":\"https:\/\/www.blogsoestado.com\/danielmatos\/uma-noite-para-cantar-junto-bruno-marrone-em-sao-luis\/#primaryimage\"},\"image\":{\"@id\":\"https:\/\/www.blogsoestado.com\/danielmatos\/uma-noite-para-cantar-junto-bruno-marrone-em-sao-luis\/#primaryimage\"},\"thumbnailUrl\":\"https:\/\/www.blogsoestado.com\/danielmatos\/wp-content\/uploads\/sites\/2\/2025\/10\/1003859832.webp\",\"datePublished\":\"2025-10-03T03:50:59+00:00\",\"dateModified\":\"2025-10-03T03:51:03+00:00\",\"author\":{\"@id\":\"https:\/\/www.blogsoestado.com\/danielmatos\/#\/schema\/person\/9a209d407cd45631f131e1285b661bb0\"},\"breadcrumb\":{\"@id\":\"https:\/\/www.blogsoestado.com\/danielmatos\/uma-noite-para-cantar-junto-bruno-marrone-em-sao-luis\/#breadcrumb\"},\"inLanguage\":\"pt-BR\",\"potentialAction\":[{\"@type\":\"ReadAction\",\"target\":[\"https:\/\/www.blogsoestado.com\/danielmatos\/uma-noite-para-cantar-junto-bruno-marrone-em-sao-luis\/\"]}]},{\"@type\":\"ImageObject\",\"inLanguage\":\"pt-BR\",\"@id\":\"https:\/\/www.blogsoestado.com\/danielmatos\/uma-noite-para-cantar-junto-bruno-marrone-em-sao-luis\/#primaryimage\",\"url\":\"https:\/\/www.blogsoestado.com\/danielmatos\/wp-content\/uploads\/sites\/2\/2025\/10\/1003859832.webp\",\"contentUrl\":\"https:\/\/www.blogsoestado.com\/danielmatos\/wp-content\/uploads\/sites\/2\/2025\/10\/1003859832.webp\",\"width\":900,\"height\":506},{\"@type\":\"BreadcrumbList\",\"@id\":\"https:\/\/www.blogsoestado.com\/danielmatos\/uma-noite-para-cantar-junto-bruno-marrone-em-sao-luis\/#breadcrumb\",\"itemListElement\":[{\"@type\":\"ListItem\",\"position\":1,\"name\":\"In\u00edcio\",\"item\":\"https:\/\/www.blogsoestado.com\/danielmatos\/\"},{\"@type\":\"ListItem\",\"position\":2,\"name\":\"Uma noite para cantar junto: Bruno &amp; Marrone em S\u00e3o Lu\u00eds\"}]},{\"@type\":\"WebSite\",\"@id\":\"https:\/\/www.blogsoestado.com\/danielmatos\/#website\",\"url\":\"https:\/\/www.blogsoestado.com\/danielmatos\/\",\"name\":\"Daniel Matos\",\"description\":\"\",\"potentialAction\":[{\"@type\":\"SearchAction\",\"target\":{\"@type\":\"EntryPoint\",\"urlTemplate\":\"https:\/\/www.blogsoestado.com\/danielmatos\/?s={search_term_string}\"},\"query-input\":{\"@type\":\"PropertyValueSpecification\",\"valueRequired\":true,\"valueName\":\"search_term_string\"}}],\"inLanguage\":\"pt-BR\"},{\"@type\":\"Person\",\"@id\":\"https:\/\/www.blogsoestado.com\/danielmatos\/#\/schema\/person\/9a209d407cd45631f131e1285b661bb0\",\"name\":\"Daniel Matos\",\"image\":{\"@type\":\"ImageObject\",\"inLanguage\":\"pt-BR\",\"@id\":\"https:\/\/www.blogsoestado.com\/danielmatos\/#\/schema\/person\/image\/\",\"url\":\"https:\/\/secure.gravatar.com\/avatar\/2f26c36ee355da19a257f0dfef43952a2588b324ca35d6719e859fe338ac0392?s=96&d=mm&r=g\",\"contentUrl\":\"https:\/\/secure.gravatar.com\/avatar\/2f26c36ee355da19a257f0dfef43952a2588b324ca35d6719e859fe338ac0392?s=96&d=mm&r=g\",\"caption\":\"Daniel Matos\"},\"url\":\"https:\/\/www.blogsoestado.com\/danielmatos\/author\/danielmatos\/\"}]}<\/script>\n<!-- \/ Yoast SEO plugin. -->","yoast_head_json":{"title":"Uma noite para cantar junto: Bruno &amp; Marrone em S\u00e3o Lu\u00eds - Daniel Matos","robots":{"index":"index","follow":"follow","max-snippet":"max-snippet:-1","max-image-preview":"max-image-preview:large","max-video-preview":"max-video-preview:-1"},"canonical":"https:\/\/www.blogsoestado.com\/danielmatos\/uma-noite-para-cantar-junto-bruno-marrone-em-sao-luis\/","og_locale":"pt_BR","og_type":"article","og_title":"Uma noite para cantar junto: Bruno &amp; Marrone em S\u00e3o Lu\u00eds - Daniel Matos","og_description":"Sucessos inesquec\u00edveis, convidados especiais e experi\u00eancias premium marcam o show \u201cInevit\u00e1vel \u2013 A Festa\u201d, no dia 04 de outubro, no [&hellip;]","og_url":"https:\/\/www.blogsoestado.com\/danielmatos\/uma-noite-para-cantar-junto-bruno-marrone-em-sao-luis\/","og_site_name":"Daniel Matos","article_published_time":"2025-10-03T03:50:59+00:00","article_modified_time":"2025-10-03T03:51:03+00:00","og_image":[{"width":900,"height":506,"url":"https:\/\/www.blogsoestado.com\/danielmatos\/wp-content\/uploads\/sites\/2\/2025\/10\/1003859832.webp","type":"image\/webp"}],"author":"Daniel Matos","twitter_card":"summary_large_image","twitter_misc":{"Escrito por":"Daniel Matos","Est. tempo de leitura":"4 minutos"},"schema":{"@context":"https:\/\/schema.org","@graph":[{"@type":"WebPage","@id":"https:\/\/www.blogsoestado.com\/danielmatos\/uma-noite-para-cantar-junto-bruno-marrone-em-sao-luis\/","url":"https:\/\/www.blogsoestado.com\/danielmatos\/uma-noite-para-cantar-junto-bruno-marrone-em-sao-luis\/","name":"Uma noite para cantar junto: Bruno &amp; Marrone em S\u00e3o Lu\u00eds - Daniel Matos","isPartOf":{"@id":"https:\/\/www.blogsoestado.com\/danielmatos\/#website"},"primaryImageOfPage":{"@id":"https:\/\/www.blogsoestado.com\/danielmatos\/uma-noite-para-cantar-junto-bruno-marrone-em-sao-luis\/#primaryimage"},"image":{"@id":"https:\/\/www.blogsoestado.com\/danielmatos\/uma-noite-para-cantar-junto-bruno-marrone-em-sao-luis\/#primaryimage"},"thumbnailUrl":"https:\/\/www.blogsoestado.com\/danielmatos\/wp-content\/uploads\/sites\/2\/2025\/10\/1003859832.webp","datePublished":"2025-10-03T03:50:59+00:00","dateModified":"2025-10-03T03:51:03+00:00","author":{"@id":"https:\/\/www.blogsoestado.com\/danielmatos\/#\/schema\/person\/9a209d407cd45631f131e1285b661bb0"},"breadcrumb":{"@id":"https:\/\/www.blogsoestado.com\/danielmatos\/uma-noite-para-cantar-junto-bruno-marrone-em-sao-luis\/#breadcrumb"},"inLanguage":"pt-BR","potentialAction":[{"@type":"ReadAction","target":["https:\/\/www.blogsoestado.com\/danielmatos\/uma-noite-para-cantar-junto-bruno-marrone-em-sao-luis\/"]}]},{"@type":"ImageObject","inLanguage":"pt-BR","@id":"https:\/\/www.blogsoestado.com\/danielmatos\/uma-noite-para-cantar-junto-bruno-marrone-em-sao-luis\/#primaryimage","url":"https:\/\/www.blogsoestado.com\/danielmatos\/wp-content\/uploads\/sites\/2\/2025\/10\/1003859832.webp","contentUrl":"https:\/\/www.blogsoestado.com\/danielmatos\/wp-content\/uploads\/sites\/2\/2025\/10\/1003859832.webp","width":900,"height":506},{"@type":"BreadcrumbList","@id":"https:\/\/www.blogsoestado.com\/danielmatos\/uma-noite-para-cantar-junto-bruno-marrone-em-sao-luis\/#breadcrumb","itemListElement":[{"@type":"ListItem","position":1,"name":"In\u00edcio","item":"https:\/\/www.blogsoestado.com\/danielmatos\/"},{"@type":"ListItem","position":2,"name":"Uma noite para cantar junto: Bruno &amp; Marrone em S\u00e3o Lu\u00eds"}]},{"@type":"WebSite","@id":"https:\/\/www.blogsoestado.com\/danielmatos\/#website","url":"https:\/\/www.blogsoestado.com\/danielmatos\/","name":"Daniel Matos","description":"","potentialAction":[{"@type":"SearchAction","target":{"@type":"EntryPoint","urlTemplate":"https:\/\/www.blogsoestado.com\/danielmatos\/?s={search_term_string}"},"query-input":{"@type":"PropertyValueSpecification","valueRequired":true,"valueName":"search_term_string"}}],"inLanguage":"pt-BR"},{"@type":"Person","@id":"https:\/\/www.blogsoestado.com\/danielmatos\/#\/schema\/person\/9a209d407cd45631f131e1285b661bb0","name":"Daniel Matos","image":{"@type":"ImageObject","inLanguage":"pt-BR","@id":"https:\/\/www.blogsoestado.com\/danielmatos\/#\/schema\/person\/image\/","url":"https:\/\/secure.gravatar.com\/avatar\/2f26c36ee355da19a257f0dfef43952a2588b324ca35d6719e859fe338ac0392?s=96&d=mm&r=g","contentUrl":"https:\/\/secure.gravatar.com\/avatar\/2f26c36ee355da19a257f0dfef43952a2588b324ca35d6719e859fe338ac0392?s=96&d=mm&r=g","caption":"Daniel Matos"},"url":"https:\/\/www.blogsoestado.com\/danielmatos\/author\/danielmatos\/"}]}},"jetpack_featured_media_url":"","_links":{"self":[{"href":"https:\/\/www.blogsoestado.com\/danielmatos\/wp-json\/wp\/v2\/posts\/149137","targetHints":{"allow":["GET"]}}],"collection":[{"href":"https:\/\/www.blogsoestado.com\/danielmatos\/wp-json\/wp\/v2\/posts"}],"about":[{"href":"https:\/\/www.blogsoestado.com\/danielmatos\/wp-json\/wp\/v2\/types\/post"}],"author":[{"embeddable":true,"href":"https:\/\/www.blogsoestado.com\/danielmatos\/wp-json\/wp\/v2\/users\/2"}],"replies":[{"embeddable":true,"href":"https:\/\/www.blogsoestado.com\/danielmatos\/wp-json\/wp\/v2\/comments?post=149137"}],"version-history":[{"count":1,"href":"https:\/\/www.blogsoestado.com\/danielmatos\/wp-json\/wp\/v2\/posts\/149137\/revisions"}],"predecessor-version":[{"id":149142,"href":"https:\/\/www.blogsoestado.com\/danielmatos\/wp-json\/wp\/v2\/posts\/149137\/revisions\/149142"}],"wp:attachment":[{"href":"https:\/\/www.blogsoestado.com\/danielmatos\/wp-json\/wp\/v2\/media?parent=149137"}],"wp:term":[{"taxonomy":"category","embeddable":true,"href":"https:\/\/www.blogsoestado.com\/danielmatos\/wp-json\/wp\/v2\/categories?post=149137"},{"taxonomy":"post_tag","embeddable":true,"href":"https:\/\/www.blogsoestado.com\/danielmatos\/wp-json\/wp\/v2\/tags?post=149137"}],"curies":[{"name":"wp","href":"https:\/\/api.w.org\/{rel}","templated":true}]}}