{"id":1492,"date":"2009-10-20T12:36:24","date_gmt":"2009-10-20T14:36:24","guid":{"rendered":"https:\/\/www.blogsoestado.com\/danielmatos\/?p=1492"},"modified":"2009-10-20T12:36:24","modified_gmt":"2009-10-20T14:36:24","slug":"mp-denuncia-mais-33-pessoas-por-atos-de-vandalismo-em-cururupu","status":"publish","type":"post","link":"https:\/\/www.blogsoestado.com\/danielmatos\/mp-denuncia-mais-33-pessoas-por-atos-de-vandalismo-em-cururupu\/","title":{"rendered":"MP denuncia mais 33 pessoas por atos de vandalismo em Cururupu"},"content":{"rendered":"<p><a href=\"https:\/\/www.blogsoestado.com\/danielmatos\/files\/2009\/10\/cururupu.jpg\"><img fetchpriority=\"high\" decoding=\"async\" class=\"alignright size-medium wp-image-1493\" src=\"https:\/\/www.blogsoestado.com\/danielmatos\/files\/2009\/10\/cururupu.jpg\" alt=\"\" width=\"448\" height=\"299\" \/><\/a>O Minist\u00e9rio P\u00fablico do Maranh\u00e3o ofereceu den\u00fancia, em 15 de outubro, contra 33 pessoas envolvidas nos atos de vandalismo ocorridos, no dia 27 de agosto, no munic\u00edpio de Cururupu (localizado a 431 km de S\u00e3o Lu\u00eds), que causaram danos contra bens m\u00f3veis e im\u00f3veis pertencentes ao estado e \u00e0 empresa Telemar.<\/p>\n<p>Na ocasi\u00e3o, foram incendiadas viaturas da Pol\u00edcia Militar e o pr\u00e9dio da Delegacia de Pol\u00edcia, ocasionando a fuga de presos e o roubo de bens do \u00f3rg\u00e3o. Os atos de vandalismo objetivavam o linchamento do preso Manoel Carlos Coelho Fonseca, acusado da morte do idoso Jos\u00e9 Mariano Fran\u00e7a Monteiro.<\/p>\n<p>No m\u00eas passado, a Promotoria de Justi\u00e7a da Comarca de Cururupu j\u00e1 tinha oferecido den\u00fancia contra 16 pessoas.<\/p>\n<p>Desta vez, foram denunciados Duvanilson Pinto (Duvinha), Wagner Dias (Xoxo), Roberto Gomes Trov\u00e3o (Claudio Cabeludo), Wildson Jorge Rodrigues Silva (Santinho da Areia Branca), Antonilson Silva Vilela (Tontonho ou Tot\u00f3), Nilton M\u00e1ximo Monteiro Pereira (Quitandinha), Domingos Silva (Seu Domingo), Emerson Marinho (Neco), Sebasti\u00e3o Pires Santos (Andr\u00e9 ou Baixinho), Gleidson Garcia de Melo (Pampam), Izaias Vieira Junior (J\u00fanior de Zairinha), Renato Castro Santos (Cirandinha), Jos\u00e9 Antonio Reis (Boi Velho ou Boi Grande), Heraldo Gomes Filho ou Heraldo Filho Gomes (Filhinho), Valmiran de Jesus Cunha Vieira (Valmiran), Alex Chaves de Melo (Didi), F\u00e1bio Jorge Santos Tavares (F\u00e1bio Mototaxista), Elismagno Marque (Guinhoso), Nilton Mario Chagas (Borracheiro), Jocivan Castro (Cico), Paulo S\u00e9rgio Guedes de Castro (D-10), Max Rony do Ros\u00e1rio Silva (Fino), Antomar Fonseca Mafra, Ant\u00f4nio Jos\u00e9 Gomes Santos (Non\u00f3ia), Lailson Santos Cordeiro (Bode), Raphael Reis Miranda (Do Mal), Jos\u00e9 de Ribamar Costa (Ribinha), Ronald Pimentel Cunha, Raquel Abreu de Oliveira, Edson Carvalho Chaves (Boleiro), Geovanilson Silva (Jofran), Ednaldo Silva Louzeiro Filho e Waltean Santos Cadete (Team).<\/p>\n<p>A participa\u00e7\u00e3o dos denunciados nos atos de vandalismo est\u00e1 evidenciada por meio de provas testemunhais, confiss\u00e3o e outras colhidas pela pol\u00edcia.<\/p>\n<p>De acordo com o promotor de Justi\u00e7a Francisco de Assis Silva Filho, autor da A\u00e7\u00e3o Penal, por inexist\u00eancia de qualifica\u00e7\u00f5es, ainda falta denunciar outras pessoas envolvidas no caso.<\/p>\n<p><strong>Fonte:<\/strong> Minist\u00e9rio P\u00fablico Estadual<\/p>\n","protected":false},"excerpt":{"rendered":"<p>O Minist\u00e9rio P\u00fablico do Maranh\u00e3o ofereceu den\u00fancia, em 15 de outubro, contra 33 pessoas envolvidas nos atos de vandalismo ocorridos, [&hellip;]<\/p>\n","protected":false},"author":0,"featured_media":0,"comment_status":"open","ping_status":"open","sticky":false,"template":"","format":"standard","meta":{"site-sidebar-layout":"default","site-content-layout":"","ast-site-content-layout":"default","site-content-style":"default","site-sidebar-style":"default","ast-global-header-display":"","ast-banner-title-visibility":"","ast-main-header-display":"","ast-hfb-above-header-display":"","ast-hfb-below-header-display":"","ast-hfb-mobile-header-display":"","site-post-title":"","ast-breadcrumbs-content":"","ast-featured-img":"","footer-sml-layout":"","ast-disable-related-posts":"","theme-transparent-header-meta":"","adv-header-id-meta":"","stick-header-meta":"","header-above-stick-meta":"","header-main-stick-meta":"","header-below-stick-meta":"","astra-migrate-meta-layouts":"default","ast-page-background-enabled":"default","ast-page-background-meta":{"desktop":{"background-color":"var(--ast-global-color-5)","background-image":"","background-repeat":"repeat","background-position":"center center","background-size":"auto","background-attachment":"scroll","background-type":"","background-media":"","overlay-type":"","overlay-color":"","overlay-opacity":"","overlay-gradient":""},"tablet":{"background-color":"","background-image":"","background-repeat":"repeat","background-position":"center center","background-size":"auto","background-attachment":"scroll","background-type":"","background-media":"","overlay-type":"","overlay-color":"","overlay-opacity":"","overlay-gradient":""},"mobile":{"background-color":"","background-image":"","background-repeat":"repeat","background-position":"center center","background-size":"auto","background-attachment":"scroll","background-type":"","background-media":"","overlay-type":"","overlay-color":"","overlay-opacity":"","overlay-gradient":""}},"ast-content-background-meta":{"desktop":{"background-color":"var(--ast-global-color-4)","background-image":"","background-repeat":"repeat","background-position":"center center","background-size":"auto","background-attachment":"scroll","background-type":"","background-media":"","overlay-type":"","overlay-color":"","overlay-opacity":"","overlay-gradient":""},"tablet":{"background-color":"var(--ast-global-color-4)","background-image":"","background-repeat":"repeat","background-position":"center center","background-size":"auto","background-attachment":"scroll","background-type":"","background-media":"","overlay-type":"","overlay-color":"","overlay-opacity":"","overlay-gradient":""},"mobile":{"background-color":"var(--ast-global-color-4)","background-image":"","background-repeat":"repeat","background-position":"center center","background-size":"auto","background-attachment":"scroll","background-type":"","background-media":"","overlay-type":"","overlay-color":"","overlay-opacity":"","overlay-gradient":""}},"footnotes":""},"categories":[1],"tags":[],"class_list":["post-1492","post","type-post","status-publish","format-standard","hentry","category-sem-categoria"],"yoast_head":"<!-- This site is optimized with the Yoast SEO plugin v26.6 - https:\/\/yoast.com\/wordpress\/plugins\/seo\/ -->\n<title>MP denuncia mais 33 pessoas por atos de vandalismo em Cururupu - Daniel Matos<\/title>\n<meta name=\"robots\" content=\"index, follow, max-snippet:-1, max-image-preview:large, max-video-preview:-1\" \/>\n<link rel=\"canonical\" href=\"https:\/\/www.blogsoestado.com\/danielmatos\/mp-denuncia-mais-33-pessoas-por-atos-de-vandalismo-em-cururupu\/\" \/>\n<meta property=\"og:locale\" content=\"pt_BR\" \/>\n<meta property=\"og:type\" content=\"article\" \/>\n<meta property=\"og:title\" content=\"MP denuncia mais 33 pessoas por atos de vandalismo em Cururupu - Daniel Matos\" \/>\n<meta property=\"og:description\" content=\"O Minist\u00e9rio P\u00fablico do Maranh\u00e3o ofereceu den\u00fancia, em 15 de outubro, contra 33 pessoas envolvidas nos atos de vandalismo ocorridos, [&hellip;]\" \/>\n<meta property=\"og:url\" content=\"https:\/\/www.blogsoestado.com\/danielmatos\/mp-denuncia-mais-33-pessoas-por-atos-de-vandalismo-em-cururupu\/\" \/>\n<meta property=\"og:site_name\" content=\"Daniel Matos\" \/>\n<meta property=\"article:published_time\" content=\"2009-10-20T14:36:24+00:00\" \/>\n<meta property=\"og:image\" content=\"https:\/\/www.blogsoestado.com\/danielmatos\/files\/2009\/10\/cururupu.jpg\" \/>\n<meta name=\"twitter:card\" content=\"summary_large_image\" \/>\n<meta name=\"twitter:label1\" content=\"Est. tempo de leitura\" \/>\n\t<meta name=\"twitter:data1\" content=\"2 minutos\" \/>\n<script type=\"application\/ld+json\" class=\"yoast-schema-graph\">{\"@context\":\"https:\/\/schema.org\",\"@graph\":[{\"@type\":\"WebPage\",\"@id\":\"https:\/\/www.blogsoestado.com\/danielmatos\/mp-denuncia-mais-33-pessoas-por-atos-de-vandalismo-em-cururupu\/\",\"url\":\"https:\/\/www.blogsoestado.com\/danielmatos\/mp-denuncia-mais-33-pessoas-por-atos-de-vandalismo-em-cururupu\/\",\"name\":\"MP denuncia mais 33 pessoas por atos de vandalismo em Cururupu - Daniel Matos\",\"isPartOf\":{\"@id\":\"https:\/\/www.blogsoestado.com\/danielmatos\/#website\"},\"primaryImageOfPage\":{\"@id\":\"https:\/\/www.blogsoestado.com\/danielmatos\/mp-denuncia-mais-33-pessoas-por-atos-de-vandalismo-em-cururupu\/#primaryimage\"},\"image\":{\"@id\":\"https:\/\/www.blogsoestado.com\/danielmatos\/mp-denuncia-mais-33-pessoas-por-atos-de-vandalismo-em-cururupu\/#primaryimage\"},\"thumbnailUrl\":\"https:\/\/www.blogsoestado.com\/danielmatos\/files\/2009\/10\/cururupu.jpg\",\"datePublished\":\"2009-10-20T14:36:24+00:00\",\"author\":{\"@id\":\"\"},\"breadcrumb\":{\"@id\":\"https:\/\/www.blogsoestado.com\/danielmatos\/mp-denuncia-mais-33-pessoas-por-atos-de-vandalismo-em-cururupu\/#breadcrumb\"},\"inLanguage\":\"pt-BR\",\"potentialAction\":[{\"@type\":\"ReadAction\",\"target\":[\"https:\/\/www.blogsoestado.com\/danielmatos\/mp-denuncia-mais-33-pessoas-por-atos-de-vandalismo-em-cururupu\/\"]}]},{\"@type\":\"ImageObject\",\"inLanguage\":\"pt-BR\",\"@id\":\"https:\/\/www.blogsoestado.com\/danielmatos\/mp-denuncia-mais-33-pessoas-por-atos-de-vandalismo-em-cururupu\/#primaryimage\",\"url\":\"https:\/\/www.blogsoestado.com\/danielmatos\/files\/2009\/10\/cururupu.jpg\",\"contentUrl\":\"https:\/\/www.blogsoestado.com\/danielmatos\/files\/2009\/10\/cururupu.jpg\"},{\"@type\":\"BreadcrumbList\",\"@id\":\"https:\/\/www.blogsoestado.com\/danielmatos\/mp-denuncia-mais-33-pessoas-por-atos-de-vandalismo-em-cururupu\/#breadcrumb\",\"itemListElement\":[{\"@type\":\"ListItem\",\"position\":1,\"name\":\"In\u00edcio\",\"item\":\"https:\/\/www.blogsoestado.com\/danielmatos\/\"},{\"@type\":\"ListItem\",\"position\":2,\"name\":\"MP denuncia mais 33 pessoas por atos de vandalismo em Cururupu\"}]},{\"@type\":\"WebSite\",\"@id\":\"https:\/\/www.blogsoestado.com\/danielmatos\/#website\",\"url\":\"https:\/\/www.blogsoestado.com\/danielmatos\/\",\"name\":\"Daniel Matos\",\"description\":\"\",\"potentialAction\":[{\"@type\":\"SearchAction\",\"target\":{\"@type\":\"EntryPoint\",\"urlTemplate\":\"https:\/\/www.blogsoestado.com\/danielmatos\/?s={search_term_string}\"},\"query-input\":{\"@type\":\"PropertyValueSpecification\",\"valueRequired\":true,\"valueName\":\"search_term_string\"}}],\"inLanguage\":\"pt-BR\"}]}<\/script>\n<!-- \/ Yoast SEO plugin. -->","yoast_head_json":{"title":"MP denuncia mais 33 pessoas por atos de vandalismo em Cururupu - Daniel Matos","robots":{"index":"index","follow":"follow","max-snippet":"max-snippet:-1","max-image-preview":"max-image-preview:large","max-video-preview":"max-video-preview:-1"},"canonical":"https:\/\/www.blogsoestado.com\/danielmatos\/mp-denuncia-mais-33-pessoas-por-atos-de-vandalismo-em-cururupu\/","og_locale":"pt_BR","og_type":"article","og_title":"MP denuncia mais 33 pessoas por atos de vandalismo em Cururupu - Daniel Matos","og_description":"O Minist\u00e9rio P\u00fablico do Maranh\u00e3o ofereceu den\u00fancia, em 15 de outubro, contra 33 pessoas envolvidas nos atos de vandalismo ocorridos, [&hellip;]","og_url":"https:\/\/www.blogsoestado.com\/danielmatos\/mp-denuncia-mais-33-pessoas-por-atos-de-vandalismo-em-cururupu\/","og_site_name":"Daniel Matos","article_published_time":"2009-10-20T14:36:24+00:00","og_image":[{"url":"https:\/\/www.blogsoestado.com\/danielmatos\/files\/2009\/10\/cururupu.jpg","type":"","width":"","height":""}],"twitter_card":"summary_large_image","twitter_misc":{"Est. tempo de leitura":"2 minutos"},"schema":{"@context":"https:\/\/schema.org","@graph":[{"@type":"WebPage","@id":"https:\/\/www.blogsoestado.com\/danielmatos\/mp-denuncia-mais-33-pessoas-por-atos-de-vandalismo-em-cururupu\/","url":"https:\/\/www.blogsoestado.com\/danielmatos\/mp-denuncia-mais-33-pessoas-por-atos-de-vandalismo-em-cururupu\/","name":"MP denuncia mais 33 pessoas por atos de vandalismo em Cururupu - Daniel Matos","isPartOf":{"@id":"https:\/\/www.blogsoestado.com\/danielmatos\/#website"},"primaryImageOfPage":{"@id":"https:\/\/www.blogsoestado.com\/danielmatos\/mp-denuncia-mais-33-pessoas-por-atos-de-vandalismo-em-cururupu\/#primaryimage"},"image":{"@id":"https:\/\/www.blogsoestado.com\/danielmatos\/mp-denuncia-mais-33-pessoas-por-atos-de-vandalismo-em-cururupu\/#primaryimage"},"thumbnailUrl":"https:\/\/www.blogsoestado.com\/danielmatos\/files\/2009\/10\/cururupu.jpg","datePublished":"2009-10-20T14:36:24+00:00","author":{"@id":""},"breadcrumb":{"@id":"https:\/\/www.blogsoestado.com\/danielmatos\/mp-denuncia-mais-33-pessoas-por-atos-de-vandalismo-em-cururupu\/#breadcrumb"},"inLanguage":"pt-BR","potentialAction":[{"@type":"ReadAction","target":["https:\/\/www.blogsoestado.com\/danielmatos\/mp-denuncia-mais-33-pessoas-por-atos-de-vandalismo-em-cururupu\/"]}]},{"@type":"ImageObject","inLanguage":"pt-BR","@id":"https:\/\/www.blogsoestado.com\/danielmatos\/mp-denuncia-mais-33-pessoas-por-atos-de-vandalismo-em-cururupu\/#primaryimage","url":"https:\/\/www.blogsoestado.com\/danielmatos\/files\/2009\/10\/cururupu.jpg","contentUrl":"https:\/\/www.blogsoestado.com\/danielmatos\/files\/2009\/10\/cururupu.jpg"},{"@type":"BreadcrumbList","@id":"https:\/\/www.blogsoestado.com\/danielmatos\/mp-denuncia-mais-33-pessoas-por-atos-de-vandalismo-em-cururupu\/#breadcrumb","itemListElement":[{"@type":"ListItem","position":1,"name":"In\u00edcio","item":"https:\/\/www.blogsoestado.com\/danielmatos\/"},{"@type":"ListItem","position":2,"name":"MP denuncia mais 33 pessoas por atos de vandalismo em Cururupu"}]},{"@type":"WebSite","@id":"https:\/\/www.blogsoestado.com\/danielmatos\/#website","url":"https:\/\/www.blogsoestado.com\/danielmatos\/","name":"Daniel Matos","description":"","potentialAction":[{"@type":"SearchAction","target":{"@type":"EntryPoint","urlTemplate":"https:\/\/www.blogsoestado.com\/danielmatos\/?s={search_term_string}"},"query-input":{"@type":"PropertyValueSpecification","valueRequired":true,"valueName":"search_term_string"}}],"inLanguage":"pt-BR"}]}},"jetpack_featured_media_url":"","_links":{"self":[{"href":"https:\/\/www.blogsoestado.com\/danielmatos\/wp-json\/wp\/v2\/posts\/1492","targetHints":{"allow":["GET"]}}],"collection":[{"href":"https:\/\/www.blogsoestado.com\/danielmatos\/wp-json\/wp\/v2\/posts"}],"about":[{"href":"https:\/\/www.blogsoestado.com\/danielmatos\/wp-json\/wp\/v2\/types\/post"}],"replies":[{"embeddable":true,"href":"https:\/\/www.blogsoestado.com\/danielmatos\/wp-json\/wp\/v2\/comments?post=1492"}],"version-history":[{"count":0,"href":"https:\/\/www.blogsoestado.com\/danielmatos\/wp-json\/wp\/v2\/posts\/1492\/revisions"}],"wp:attachment":[{"href":"https:\/\/www.blogsoestado.com\/danielmatos\/wp-json\/wp\/v2\/media?parent=1492"}],"wp:term":[{"taxonomy":"category","embeddable":true,"href":"https:\/\/www.blogsoestado.com\/danielmatos\/wp-json\/wp\/v2\/categories?post=1492"},{"taxonomy":"post_tag","embeddable":true,"href":"https:\/\/www.blogsoestado.com\/danielmatos\/wp-json\/wp\/v2\/tags?post=1492"}],"curies":[{"name":"wp","href":"https:\/\/api.w.org\/{rel}","templated":true}]}}