{"id":149478,"date":"2025-10-10T14:10:04","date_gmt":"2025-10-10T17:10:04","guid":{"rendered":"https:\/\/www.blogsoestado.com\/danielmatos\/?p=149478"},"modified":"2025-10-10T14:10:08","modified_gmt":"2025-10-10T17:10:08","slug":"hospital-universitario-da-ufma-tera-investimento-de-r-25-milhoes-do-mec","status":"publish","type":"post","link":"https:\/\/www.blogsoestado.com\/danielmatos\/hospital-universitario-da-ufma-tera-investimento-de-r-25-milhoes-do-mec\/","title":{"rendered":"Hospital Universit\u00e1rio da UFMA ter\u00e1 investimento de R$ 25 milh\u00f5es do MEC"},"content":{"rendered":"\n<p><strong><mark style=\"color:#cf2e2e\" class=\"has-inline-color\">Recursos do novo PAC impulsionam reforma do Ambulat\u00f3rio de Especialidades. Tamb\u00e9m foi anunciado in\u00edcio das negocia\u00e7\u00f5es para novo pr\u00e9dio<\/mark><\/strong><\/p>\n\n\n\n<figure class=\"wp-block-image aligncenter size-full\"><img fetchpriority=\"high\" decoding=\"async\" width=\"768\" height=\"432\" src=\"https:\/\/www.blogsoestado.com\/danielmatos\/wp-content\/uploads\/sites\/2\/2025\/10\/1003935589.jpg\" alt=\"\" class=\"wp-image-149479\" srcset=\"https:\/\/www.blogsoestado.com\/danielmatos\/wp-content\/uploads\/sites\/2\/2025\/10\/1003935589.jpg 768w, https:\/\/www.blogsoestado.com\/danielmatos\/wp-content\/uploads\/sites\/2\/2025\/10\/1003935589-300x169.jpg 300w\" sizes=\"(max-width: 768px) 100vw, 768px\" \/><figcaption class=\"wp-element-caption\">Ato de assinatura da ordem de servi\u00e7o para elabora\u00e7\u00e3o dos projetos arquitet\u00f4nicos e de engenharia da reforma e amplia\u00e7\u00e3o do Ambulat\u00f3rio de Especialidades do HU-UFMA<\/figcaption><\/figure>\n\n\n\n<p><strong>S\u00e3o Lu\u00eds (MA) &#8211;<\/strong>\u00a0O\u00a0Hospital Universit\u00e1rio da Universidade\u00a0Federal do\u00a0Maranh\u00e3o\u00a0(HU-UFMA\/Ebserh) deu mais um passo rumo \u00e0 moderniza\u00e7\u00e3o de sua estrutura e amplia\u00e7\u00e3o da capacidade assistencial, nesta sexta-feira (10). Com a presen\u00e7a do ministro da Educa\u00e7\u00e3o, Camilo Santana, e do presidente em exerc\u00edcio da Ebserh, Daniel Beltrammi, foi assinada a ordem de servi\u00e7o para elabora\u00e7\u00e3o dos projetos arquitet\u00f4nicos e de engenharia da reforma e amplia\u00e7\u00e3o do Ambulat\u00f3rio de Especialidades.\u00a0Na ocasi\u00e3o, tamb\u00e9m foi anunciado o in\u00edcio das negocia\u00e7\u00f5es com o governo do Estado para a aquisi\u00e7\u00e3o de mais um pr\u00e9dio destinado ao HU-UFMA.\u00a0\u00a0<\/p>\n\n\n\n<p>\u201cAutorizamos hoje a elabora\u00e7\u00e3o do projeto, no valor de R$ 699 mil, que antecede obras estimadas em R$ 25 milh\u00f5es, financiadas com recursos do Novo PAC. O novo espa\u00e7o vai concentrar todas as atividades ambulatoriais do hospital, em uma \u00e1rea cedida pelo Ex\u00e9rcito Brasileiro\u201d, afirmou o ministro.&nbsp;<\/p>\n\n\n\n<p>Camilo Santana acrescentou que est\u00e1 em andamento uma negocia\u00e7\u00e3o com o governo estadual para viabilizar a aquisi\u00e7\u00e3o de uma \u00e1rea vizinha ao hospital, o que permitir\u00e1 ampliar ainda mais a estrutura do HU-UFMA.&nbsp;<\/p>\n\n\n\n<p>\u201cEsse \u00e9 um investimento fundamental para garantir n\u00e3o apenas a qualidade da forma\u00e7\u00e3o dos profissionais de sa\u00fade da universidade, mas tamb\u00e9m a melhoria cont\u00ednua do atendimento \u00e0 popula\u00e7\u00e3o de todo o&nbsp;Maranh\u00e3o&nbsp;e de outros estados\u201d,&nbsp;afirmou.&nbsp;<\/p>\n\n\n\n<figure class=\"wp-block-image aligncenter size-full\"><img decoding=\"async\" width=\"768\" height=\"354\" src=\"https:\/\/www.blogsoestado.com\/danielmatos\/wp-content\/uploads\/sites\/2\/2025\/10\/1003935593.jpg\" alt=\"\" class=\"wp-image-149480\" srcset=\"https:\/\/www.blogsoestado.com\/danielmatos\/wp-content\/uploads\/sites\/2\/2025\/10\/1003935593.jpg 768w, https:\/\/www.blogsoestado.com\/danielmatos\/wp-content\/uploads\/sites\/2\/2025\/10\/1003935593-300x138.jpg 300w\" sizes=\"(max-width: 768px) 100vw, 768px\" \/><figcaption class=\"wp-element-caption\">O reitor da UFMA, Fernando Carvalho, assina a ordem de servi\u00e7o para elabora\u00e7\u00e3o dos projetos arquitet\u00f4nicos e de engenharia da reforma e amplia\u00e7\u00e3o do Ambulat\u00f3rio de Especialidades<\/figcaption><\/figure>\n\n\n\n<p><strong>Novo pr\u00e9dio ambulatorial&nbsp;<\/strong><\/p>\n\n\n\n<p>Atualmente, o hospital conta com uma estrutura f\u00edsica&nbsp;dividida&nbsp;em duas unidades hospitalares e nove pr\u00e9dios anexos distribu\u00eddos no entorno.&nbsp;O projeto prev\u00ea&nbsp;a unifica\u00e7\u00e3o de ambulat\u00f3rios em um s\u00f3 lugar, com&nbsp;30 consult\u00f3rios, tr\u00eas salas de procedimentos, tr\u00eas salas de consultas de enfermagem, tr\u00eas salas de inala\u00e7\u00e3o\/sintomas gripais e uma sala de gesso.&nbsp;&nbsp;<\/p>\n\n\n\n<p>\u201cO HU-UFMA tem muito a celebrar. Recentemente, realizou o primeiro transplante de cora\u00e7\u00e3o do&nbsp;Maranh\u00e3o&nbsp;e o primeiro transplante de medula \u00f3ssea aut\u00f3logo do estado.&nbsp;\u00c9&nbsp;hoje o hospital com o maior n\u00famero de vagas no Programa de Forma\u00e7\u00e3o de Recursos Humanos em Sa\u00fade Brasil-Angola. Agora, soma-se a tudo isso o an\u00fancio de novos investimentos. S\u00e3o muitos motivos para comemorar e seguir acreditando na for\u00e7a do SUS e na miss\u00e3o da Ebserh\u201d, ressaltou Daniel Beltrammi.&nbsp;&nbsp;<\/p>\n\n\n\n<p>A superintendente do HU-UFMA, Joyce Santos Lages,&nbsp;destacou&nbsp;o compromisso da institui\u00e7\u00e3o.&nbsp;\u201cO que n\u00f3s fazemos hoje ficou pequeno para nossa estrutura e n\u00f3s precisamos fazer mais. A compet\u00eancia desta equipe aumenta a cada dia, n\u00e3o s\u00f3 no assistir, mas tamb\u00e9m no formar.&nbsp;Estamos dando in\u00edcio&nbsp;em&nbsp;uma nova etapa na hist\u00f3ria do HU-UFMA\u201d,&nbsp;disse.&nbsp;<\/p>\n\n\n\n<figure class=\"wp-block-image aligncenter size-full\"><img decoding=\"async\" width=\"768\" height=\"576\" src=\"https:\/\/www.blogsoestado.com\/danielmatos\/wp-content\/uploads\/sites\/2\/2025\/10\/1003935573.jpg\" alt=\"\" class=\"wp-image-149481\" srcset=\"https:\/\/www.blogsoestado.com\/danielmatos\/wp-content\/uploads\/sites\/2\/2025\/10\/1003935573.jpg 768w, https:\/\/www.blogsoestado.com\/danielmatos\/wp-content\/uploads\/sites\/2\/2025\/10\/1003935573-300x225.jpg 300w\" sizes=\"(max-width: 768px) 100vw, 768px\" \/><figcaption class=\"wp-element-caption\">O ex-reitor da UFMA e assessor institucional da reitoria, Natalino Salgado, com o reitor Fernando Carvalho, o presidente em exerc\u00edcio da Ebserh, Daniel Beltrammi; e a diretora-geral do HU-UFMA, Joyce Lages<\/figcaption><\/figure>\n\n\n\n<p><strong>Cerim\u00f4nia&nbsp;<\/strong><\/p>\n\n\n\n<p>A solenidade foi realizada no audit\u00f3rio central da Unidade Materno Infantil&nbsp;e contou com a presen\u00e7a&nbsp;do reitor da Universidade Federal do&nbsp;Maranh\u00e3o, Fernando Carvalho,&nbsp;da secret\u00e1ria Municipal de Sa\u00fade,&nbsp;Ana Carolina Mitri&nbsp;e&nbsp;do assessor institucional da reitoria, Natalino&nbsp;Salgado Filho.&nbsp;Durante a visita, o ministro Camilo Santana e a comitiva conheceram a Sala da Classe Hospitalar, projeto que garante a continuidade dos estudos de pacientes em interna\u00e7\u00e3o de longa dura\u00e7\u00e3o.&nbsp;&nbsp;<\/p>\n","protected":false},"excerpt":{"rendered":"<p>Recursos do novo PAC impulsionam reforma do Ambulat\u00f3rio de Especialidades. Tamb\u00e9m foi anunciado in\u00edcio das negocia\u00e7\u00f5es para novo pr\u00e9dio S\u00e3o [&hellip;]<\/p>\n","protected":false},"author":2,"featured_media":0,"comment_status":"open","ping_status":"open","sticky":false,"template":"","format":"standard","meta":{"site-sidebar-layout":"default","site-content-layout":"","ast-site-content-layout":"default","site-content-style":"default","site-sidebar-style":"default","ast-global-header-display":"","ast-banner-title-visibility":"","ast-main-header-display":"","ast-hfb-above-header-display":"","ast-hfb-below-header-display":"","ast-hfb-mobile-header-display":"","site-post-title":"","ast-breadcrumbs-content":"","ast-featured-img":"","footer-sml-layout":"","ast-disable-related-posts":"","theme-transparent-header-meta":"","adv-header-id-meta":"","stick-header-meta":"","header-above-stick-meta":"","header-main-stick-meta":"","header-below-stick-meta":"","astra-migrate-meta-layouts":"default","ast-page-background-enabled":"default","ast-page-background-meta":{"desktop":{"background-color":"var(--ast-global-color-5)","background-image":"","background-repeat":"repeat","background-position":"center center","background-size":"auto","background-attachment":"scroll","background-type":"","background-media":"","overlay-type":"","overlay-color":"","overlay-opacity":"","overlay-gradient":""},"tablet":{"background-color":"","background-image":"","background-repeat":"repeat","background-position":"center center","background-size":"auto","background-attachment":"scroll","background-type":"","background-media":"","overlay-type":"","overlay-color":"","overlay-opacity":"","overlay-gradient":""},"mobile":{"background-color":"","background-image":"","background-repeat":"repeat","background-position":"center center","background-size":"auto","background-attachment":"scroll","background-type":"","background-media":"","overlay-type":"","overlay-color":"","overlay-opacity":"","overlay-gradient":""}},"ast-content-background-meta":{"desktop":{"background-color":"var(--ast-global-color-4)","background-image":"","background-repeat":"repeat","background-position":"center center","background-size":"auto","background-attachment":"scroll","background-type":"","background-media":"","overlay-type":"","overlay-color":"","overlay-opacity":"","overlay-gradient":""},"tablet":{"background-color":"var(--ast-global-color-4)","background-image":"","background-repeat":"repeat","background-position":"center center","background-size":"auto","background-attachment":"scroll","background-type":"","background-media":"","overlay-type":"","overlay-color":"","overlay-opacity":"","overlay-gradient":""},"mobile":{"background-color":"var(--ast-global-color-4)","background-image":"","background-repeat":"repeat","background-position":"center center","background-size":"auto","background-attachment":"scroll","background-type":"","background-media":"","overlay-type":"","overlay-color":"","overlay-opacity":"","overlay-gradient":""}},"footnotes":""},"categories":[1],"tags":[],"class_list":["post-149478","post","type-post","status-publish","format-standard","hentry","category-sem-categoria"],"yoast_head":"<!-- This site is optimized with the Yoast SEO plugin v26.6 - https:\/\/yoast.com\/wordpress\/plugins\/seo\/ -->\n<title>Hospital Universit\u00e1rio da UFMA ter\u00e1 investimento de R$ 25 milh\u00f5es do MEC - Daniel Matos<\/title>\n<meta name=\"robots\" content=\"index, follow, max-snippet:-1, max-image-preview:large, max-video-preview:-1\" \/>\n<link rel=\"canonical\" href=\"https:\/\/www.blogsoestado.com\/danielmatos\/hospital-universitario-da-ufma-tera-investimento-de-r-25-milhoes-do-mec\/\" \/>\n<meta property=\"og:locale\" content=\"pt_BR\" \/>\n<meta property=\"og:type\" content=\"article\" \/>\n<meta property=\"og:title\" content=\"Hospital Universit\u00e1rio da UFMA ter\u00e1 investimento de R$ 25 milh\u00f5es do MEC - Daniel Matos\" \/>\n<meta property=\"og:description\" content=\"Recursos do novo PAC impulsionam reforma do Ambulat\u00f3rio de Especialidades. Tamb\u00e9m foi anunciado in\u00edcio das negocia\u00e7\u00f5es para novo pr\u00e9dio S\u00e3o [&hellip;]\" \/>\n<meta property=\"og:url\" content=\"https:\/\/www.blogsoestado.com\/danielmatos\/hospital-universitario-da-ufma-tera-investimento-de-r-25-milhoes-do-mec\/\" \/>\n<meta property=\"og:site_name\" content=\"Daniel Matos\" \/>\n<meta property=\"article:published_time\" content=\"2025-10-10T17:10:04+00:00\" \/>\n<meta property=\"article:modified_time\" content=\"2025-10-10T17:10:08+00:00\" \/>\n<meta property=\"og:image\" content=\"https:\/\/www.blogsoestado.com\/danielmatos\/wp-content\/uploads\/sites\/2\/2025\/10\/1003935589.jpg\" \/>\n\t<meta property=\"og:image:width\" content=\"768\" \/>\n\t<meta property=\"og:image:height\" content=\"432\" \/>\n\t<meta property=\"og:image:type\" content=\"image\/jpeg\" \/>\n<meta name=\"author\" content=\"Daniel Matos\" \/>\n<meta name=\"twitter:card\" content=\"summary_large_image\" \/>\n<meta name=\"twitter:label1\" content=\"Escrito por\" \/>\n\t<meta name=\"twitter:data1\" content=\"Daniel Matos\" \/>\n\t<meta name=\"twitter:label2\" content=\"Est. tempo de leitura\" \/>\n\t<meta name=\"twitter:data2\" content=\"4 minutos\" \/>\n<script type=\"application\/ld+json\" class=\"yoast-schema-graph\">{\"@context\":\"https:\/\/schema.org\",\"@graph\":[{\"@type\":\"WebPage\",\"@id\":\"https:\/\/www.blogsoestado.com\/danielmatos\/hospital-universitario-da-ufma-tera-investimento-de-r-25-milhoes-do-mec\/\",\"url\":\"https:\/\/www.blogsoestado.com\/danielmatos\/hospital-universitario-da-ufma-tera-investimento-de-r-25-milhoes-do-mec\/\",\"name\":\"Hospital Universit\u00e1rio da UFMA ter\u00e1 investimento de R$ 25 milh\u00f5es do MEC - Daniel Matos\",\"isPartOf\":{\"@id\":\"https:\/\/www.blogsoestado.com\/danielmatos\/#website\"},\"primaryImageOfPage\":{\"@id\":\"https:\/\/www.blogsoestado.com\/danielmatos\/hospital-universitario-da-ufma-tera-investimento-de-r-25-milhoes-do-mec\/#primaryimage\"},\"image\":{\"@id\":\"https:\/\/www.blogsoestado.com\/danielmatos\/hospital-universitario-da-ufma-tera-investimento-de-r-25-milhoes-do-mec\/#primaryimage\"},\"thumbnailUrl\":\"https:\/\/www.blogsoestado.com\/danielmatos\/wp-content\/uploads\/sites\/2\/2025\/10\/1003935589.jpg\",\"datePublished\":\"2025-10-10T17:10:04+00:00\",\"dateModified\":\"2025-10-10T17:10:08+00:00\",\"author\":{\"@id\":\"https:\/\/www.blogsoestado.com\/danielmatos\/#\/schema\/person\/9a209d407cd45631f131e1285b661bb0\"},\"breadcrumb\":{\"@id\":\"https:\/\/www.blogsoestado.com\/danielmatos\/hospital-universitario-da-ufma-tera-investimento-de-r-25-milhoes-do-mec\/#breadcrumb\"},\"inLanguage\":\"pt-BR\",\"potentialAction\":[{\"@type\":\"ReadAction\",\"target\":[\"https:\/\/www.blogsoestado.com\/danielmatos\/hospital-universitario-da-ufma-tera-investimento-de-r-25-milhoes-do-mec\/\"]}]},{\"@type\":\"ImageObject\",\"inLanguage\":\"pt-BR\",\"@id\":\"https:\/\/www.blogsoestado.com\/danielmatos\/hospital-universitario-da-ufma-tera-investimento-de-r-25-milhoes-do-mec\/#primaryimage\",\"url\":\"https:\/\/www.blogsoestado.com\/danielmatos\/wp-content\/uploads\/sites\/2\/2025\/10\/1003935589.jpg\",\"contentUrl\":\"https:\/\/www.blogsoestado.com\/danielmatos\/wp-content\/uploads\/sites\/2\/2025\/10\/1003935589.jpg\",\"width\":768,\"height\":432},{\"@type\":\"BreadcrumbList\",\"@id\":\"https:\/\/www.blogsoestado.com\/danielmatos\/hospital-universitario-da-ufma-tera-investimento-de-r-25-milhoes-do-mec\/#breadcrumb\",\"itemListElement\":[{\"@type\":\"ListItem\",\"position\":1,\"name\":\"In\u00edcio\",\"item\":\"https:\/\/www.blogsoestado.com\/danielmatos\/\"},{\"@type\":\"ListItem\",\"position\":2,\"name\":\"Hospital Universit\u00e1rio da UFMA ter\u00e1 investimento de R$ 25 milh\u00f5es do MEC\"}]},{\"@type\":\"WebSite\",\"@id\":\"https:\/\/www.blogsoestado.com\/danielmatos\/#website\",\"url\":\"https:\/\/www.blogsoestado.com\/danielmatos\/\",\"name\":\"Daniel Matos\",\"description\":\"\",\"potentialAction\":[{\"@type\":\"SearchAction\",\"target\":{\"@type\":\"EntryPoint\",\"urlTemplate\":\"https:\/\/www.blogsoestado.com\/danielmatos\/?s={search_term_string}\"},\"query-input\":{\"@type\":\"PropertyValueSpecification\",\"valueRequired\":true,\"valueName\":\"search_term_string\"}}],\"inLanguage\":\"pt-BR\"},{\"@type\":\"Person\",\"@id\":\"https:\/\/www.blogsoestado.com\/danielmatos\/#\/schema\/person\/9a209d407cd45631f131e1285b661bb0\",\"name\":\"Daniel Matos\",\"image\":{\"@type\":\"ImageObject\",\"inLanguage\":\"pt-BR\",\"@id\":\"https:\/\/www.blogsoestado.com\/danielmatos\/#\/schema\/person\/image\/\",\"url\":\"https:\/\/secure.gravatar.com\/avatar\/2f26c36ee355da19a257f0dfef43952a2588b324ca35d6719e859fe338ac0392?s=96&d=mm&r=g\",\"contentUrl\":\"https:\/\/secure.gravatar.com\/avatar\/2f26c36ee355da19a257f0dfef43952a2588b324ca35d6719e859fe338ac0392?s=96&d=mm&r=g\",\"caption\":\"Daniel Matos\"},\"url\":\"https:\/\/www.blogsoestado.com\/danielmatos\/author\/danielmatos\/\"}]}<\/script>\n<!-- \/ Yoast SEO plugin. -->","yoast_head_json":{"title":"Hospital Universit\u00e1rio da UFMA ter\u00e1 investimento de R$ 25 milh\u00f5es do MEC - Daniel Matos","robots":{"index":"index","follow":"follow","max-snippet":"max-snippet:-1","max-image-preview":"max-image-preview:large","max-video-preview":"max-video-preview:-1"},"canonical":"https:\/\/www.blogsoestado.com\/danielmatos\/hospital-universitario-da-ufma-tera-investimento-de-r-25-milhoes-do-mec\/","og_locale":"pt_BR","og_type":"article","og_title":"Hospital Universit\u00e1rio da UFMA ter\u00e1 investimento de R$ 25 milh\u00f5es do MEC - Daniel Matos","og_description":"Recursos do novo PAC impulsionam reforma do Ambulat\u00f3rio de Especialidades. Tamb\u00e9m foi anunciado in\u00edcio das negocia\u00e7\u00f5es para novo pr\u00e9dio S\u00e3o [&hellip;]","og_url":"https:\/\/www.blogsoestado.com\/danielmatos\/hospital-universitario-da-ufma-tera-investimento-de-r-25-milhoes-do-mec\/","og_site_name":"Daniel Matos","article_published_time":"2025-10-10T17:10:04+00:00","article_modified_time":"2025-10-10T17:10:08+00:00","og_image":[{"width":768,"height":432,"url":"https:\/\/www.blogsoestado.com\/danielmatos\/wp-content\/uploads\/sites\/2\/2025\/10\/1003935589.jpg","type":"image\/jpeg"}],"author":"Daniel Matos","twitter_card":"summary_large_image","twitter_misc":{"Escrito por":"Daniel Matos","Est. tempo de leitura":"4 minutos"},"schema":{"@context":"https:\/\/schema.org","@graph":[{"@type":"WebPage","@id":"https:\/\/www.blogsoestado.com\/danielmatos\/hospital-universitario-da-ufma-tera-investimento-de-r-25-milhoes-do-mec\/","url":"https:\/\/www.blogsoestado.com\/danielmatos\/hospital-universitario-da-ufma-tera-investimento-de-r-25-milhoes-do-mec\/","name":"Hospital Universit\u00e1rio da UFMA ter\u00e1 investimento de R$ 25 milh\u00f5es do MEC - Daniel Matos","isPartOf":{"@id":"https:\/\/www.blogsoestado.com\/danielmatos\/#website"},"primaryImageOfPage":{"@id":"https:\/\/www.blogsoestado.com\/danielmatos\/hospital-universitario-da-ufma-tera-investimento-de-r-25-milhoes-do-mec\/#primaryimage"},"image":{"@id":"https:\/\/www.blogsoestado.com\/danielmatos\/hospital-universitario-da-ufma-tera-investimento-de-r-25-milhoes-do-mec\/#primaryimage"},"thumbnailUrl":"https:\/\/www.blogsoestado.com\/danielmatos\/wp-content\/uploads\/sites\/2\/2025\/10\/1003935589.jpg","datePublished":"2025-10-10T17:10:04+00:00","dateModified":"2025-10-10T17:10:08+00:00","author":{"@id":"https:\/\/www.blogsoestado.com\/danielmatos\/#\/schema\/person\/9a209d407cd45631f131e1285b661bb0"},"breadcrumb":{"@id":"https:\/\/www.blogsoestado.com\/danielmatos\/hospital-universitario-da-ufma-tera-investimento-de-r-25-milhoes-do-mec\/#breadcrumb"},"inLanguage":"pt-BR","potentialAction":[{"@type":"ReadAction","target":["https:\/\/www.blogsoestado.com\/danielmatos\/hospital-universitario-da-ufma-tera-investimento-de-r-25-milhoes-do-mec\/"]}]},{"@type":"ImageObject","inLanguage":"pt-BR","@id":"https:\/\/www.blogsoestado.com\/danielmatos\/hospital-universitario-da-ufma-tera-investimento-de-r-25-milhoes-do-mec\/#primaryimage","url":"https:\/\/www.blogsoestado.com\/danielmatos\/wp-content\/uploads\/sites\/2\/2025\/10\/1003935589.jpg","contentUrl":"https:\/\/www.blogsoestado.com\/danielmatos\/wp-content\/uploads\/sites\/2\/2025\/10\/1003935589.jpg","width":768,"height":432},{"@type":"BreadcrumbList","@id":"https:\/\/www.blogsoestado.com\/danielmatos\/hospital-universitario-da-ufma-tera-investimento-de-r-25-milhoes-do-mec\/#breadcrumb","itemListElement":[{"@type":"ListItem","position":1,"name":"In\u00edcio","item":"https:\/\/www.blogsoestado.com\/danielmatos\/"},{"@type":"ListItem","position":2,"name":"Hospital Universit\u00e1rio da UFMA ter\u00e1 investimento de R$ 25 milh\u00f5es do MEC"}]},{"@type":"WebSite","@id":"https:\/\/www.blogsoestado.com\/danielmatos\/#website","url":"https:\/\/www.blogsoestado.com\/danielmatos\/","name":"Daniel Matos","description":"","potentialAction":[{"@type":"SearchAction","target":{"@type":"EntryPoint","urlTemplate":"https:\/\/www.blogsoestado.com\/danielmatos\/?s={search_term_string}"},"query-input":{"@type":"PropertyValueSpecification","valueRequired":true,"valueName":"search_term_string"}}],"inLanguage":"pt-BR"},{"@type":"Person","@id":"https:\/\/www.blogsoestado.com\/danielmatos\/#\/schema\/person\/9a209d407cd45631f131e1285b661bb0","name":"Daniel Matos","image":{"@type":"ImageObject","inLanguage":"pt-BR","@id":"https:\/\/www.blogsoestado.com\/danielmatos\/#\/schema\/person\/image\/","url":"https:\/\/secure.gravatar.com\/avatar\/2f26c36ee355da19a257f0dfef43952a2588b324ca35d6719e859fe338ac0392?s=96&d=mm&r=g","contentUrl":"https:\/\/secure.gravatar.com\/avatar\/2f26c36ee355da19a257f0dfef43952a2588b324ca35d6719e859fe338ac0392?s=96&d=mm&r=g","caption":"Daniel Matos"},"url":"https:\/\/www.blogsoestado.com\/danielmatos\/author\/danielmatos\/"}]}},"jetpack_featured_media_url":"","_links":{"self":[{"href":"https:\/\/www.blogsoestado.com\/danielmatos\/wp-json\/wp\/v2\/posts\/149478","targetHints":{"allow":["GET"]}}],"collection":[{"href":"https:\/\/www.blogsoestado.com\/danielmatos\/wp-json\/wp\/v2\/posts"}],"about":[{"href":"https:\/\/www.blogsoestado.com\/danielmatos\/wp-json\/wp\/v2\/types\/post"}],"author":[{"embeddable":true,"href":"https:\/\/www.blogsoestado.com\/danielmatos\/wp-json\/wp\/v2\/users\/2"}],"replies":[{"embeddable":true,"href":"https:\/\/www.blogsoestado.com\/danielmatos\/wp-json\/wp\/v2\/comments?post=149478"}],"version-history":[{"count":1,"href":"https:\/\/www.blogsoestado.com\/danielmatos\/wp-json\/wp\/v2\/posts\/149478\/revisions"}],"predecessor-version":[{"id":149482,"href":"https:\/\/www.blogsoestado.com\/danielmatos\/wp-json\/wp\/v2\/posts\/149478\/revisions\/149482"}],"wp:attachment":[{"href":"https:\/\/www.blogsoestado.com\/danielmatos\/wp-json\/wp\/v2\/media?parent=149478"}],"wp:term":[{"taxonomy":"category","embeddable":true,"href":"https:\/\/www.blogsoestado.com\/danielmatos\/wp-json\/wp\/v2\/categories?post=149478"},{"taxonomy":"post_tag","embeddable":true,"href":"https:\/\/www.blogsoestado.com\/danielmatos\/wp-json\/wp\/v2\/tags?post=149478"}],"curies":[{"name":"wp","href":"https:\/\/api.w.org\/{rel}","templated":true}]}}