{"id":149537,"date":"2025-10-12T15:20:00","date_gmt":"2025-10-12T18:20:00","guid":{"rendered":"https:\/\/www.blogsoestado.com\/danielmatos\/?p=149537"},"modified":"2025-10-12T18:51:18","modified_gmt":"2025-10-12T21:51:18","slug":"piloto-maranhense-lucas-fecury-estreia-com-podio-em-competicao-automobilistica-nos-eua","status":"publish","type":"post","link":"https:\/\/www.blogsoestado.com\/danielmatos\/piloto-maranhense-lucas-fecury-estreia-com-podio-em-competicao-automobilistica-nos-eua\/","title":{"rendered":"Piloto maranhense Lucas Fecury estreia com p\u00f3dio em competi\u00e7\u00e3o automobil\u00edstica nos EUA"},"content":{"rendered":"\n<figure class=\"wp-block-image aligncenter size-large\"><img fetchpriority=\"high\" decoding=\"async\" width=\"1024\" height=\"1016\" src=\"https:\/\/www.blogsoestado.com\/danielmatos\/wp-content\/uploads\/sites\/2\/2025\/10\/1003950839-1024x1016.jpg\" alt=\"\" class=\"wp-image-149542\" srcset=\"https:\/\/www.blogsoestado.com\/danielmatos\/wp-content\/uploads\/sites\/2\/2025\/10\/1003950839-1024x1016.jpg 1024w, https:\/\/www.blogsoestado.com\/danielmatos\/wp-content\/uploads\/sites\/2\/2025\/10\/1003950839-300x298.jpg 300w, https:\/\/www.blogsoestado.com\/danielmatos\/wp-content\/uploads\/sites\/2\/2025\/10\/1003950839-150x150.jpg 150w, https:\/\/www.blogsoestado.com\/danielmatos\/wp-content\/uploads\/sites\/2\/2025\/10\/1003950839-768x762.jpg 768w, https:\/\/www.blogsoestado.com\/danielmatos\/wp-content\/uploads\/sites\/2\/2025\/10\/1003950839.jpg 1080w\" sizes=\"(max-width: 1024px) 100vw, 1024px\" \/><figcaption class=\"wp-element-caption\">Lucas Fecury conquistou a segunda posi\u00e7\u00e3o em sua estreia no Motul Petit Le Mans, no IMSA VP Racing SportsCar Challenge, em Atlanta, no <\/figcaption><\/figure>\n\n\n\n<p>O piloto maranhense Lucas Fecury, de 22 anos,  estreou com p\u00f3dio na etapa do Motul Petit Le Mans, no IMSA VP Racing SportsCar Challenge, categoria de base da IMSA, pela equipe Toney Driver Development. Ele conquistou a segunda posi\u00e7\u00e3o na prova, disputada na \u00faltima sexta-feira (10), em Atlanta, no Estados Unidos, e comemorou bastante o resultado, destacando que o bom desempenho abre caminho para um futuro ainda mais promissor no automobilismo.<\/p>\n\n\n\n<p>Foi a primeira corrida de Lucas Fecury em prot\u00f3tipos fechados na classe LMP3. Ele pilotou o Ligier JS P320 da Toney Driver Development, equipe que estreou na IMSA VP Racing SportsCar Challenge em Daytona, em janeiro de 2025. A categoria, que serve como degrau para o IMSA WeatherTech SportsCar Championship, promove corridas sprint de 45 minutos, sem paradas obrigat\u00f3rias para reabastecimento ou troca de pilotos, usando carros das classes LMP3 e GSX.<\/p>\n\n\n\n<figure class=\"wp-block-image aligncenter size-large\"><img decoding=\"async\" width=\"576\" height=\"1024\" src=\"https:\/\/www.blogsoestado.com\/danielmatos\/wp-content\/uploads\/sites\/2\/2025\/10\/1003950846-576x1024.jpg\" alt=\"\" class=\"wp-image-149543\" srcset=\"https:\/\/www.blogsoestado.com\/danielmatos\/wp-content\/uploads\/sites\/2\/2025\/10\/1003950846-576x1024.jpg 576w, https:\/\/www.blogsoestado.com\/danielmatos\/wp-content\/uploads\/sites\/2\/2025\/10\/1003950846-169x300.jpg 169w, https:\/\/www.blogsoestado.com\/danielmatos\/wp-content\/uploads\/sites\/2\/2025\/10\/1003950846-768x1365.jpg 768w, https:\/\/www.blogsoestado.com\/danielmatos\/wp-content\/uploads\/sites\/2\/2025\/10\/1003950846-864x1536.jpg 864w, https:\/\/www.blogsoestado.com\/danielmatos\/wp-content\/uploads\/sites\/2\/2025\/10\/1003950846.jpg 900w\" sizes=\"(max-width: 576px) 100vw, 576px\" \/><figcaption class=\"wp-element-caption\">Lucas Fecury comemora o p\u00f3dio com a m\u00e3e, Carla Fecury, aniversariante do dia <\/figcaption><\/figure>\n\n\n\n<p>&#8220;Sem palavras para este final de semana. Com certeza, abrindo caminho para um novo cap\u00edtulo da vida, com o p\u00e9 direito&#8221;, declarou Lucas Fecury, que no dia anterior j\u00e1 havia chegado em terceiro em corrida realizada no mesmo aut\u00f3dromo.<\/p>\n\n\n\n<p>O resultado foi motivo de dupla comemora\u00e7\u00e3o para Lucas Fecury, que dedicou o p\u00f3dio \u00e0 mae, Carla Fecury, que fazia anivers\u00e1rio na data. Pai do piloto, o ex-senador da Rep\u00fablica, ex-deputado federal e empres\u00e1rio Cl\u00f3vis Fecury, tamb\u00e9m estava presente e festejou bastante com a fam\u00edlia.<\/p>\n\n\n\n<figure class=\"wp-block-embed is-type-video is-provider-youtube wp-block-embed-youtube wp-embed-aspect-9-16 wp-has-aspect-ratio\"><div class=\"wp-block-embed__wrapper\">\n<iframe title=\"Piloto maranhense Lucas Fecury estreia com p\u00f3dio em competi\u00e7\u00e3o de automobilismo nos EUA\" width=\"422\" height=\"750\" src=\"https:\/\/www.youtube.com\/embed\/Rj-6GTMPnVs?feature=oembed\" frameborder=\"0\" allow=\"accelerometer; autoplay; clipboard-write; encrypted-media; gyroscope; picture-in-picture; web-share\" referrerpolicy=\"strict-origin-when-cross-origin\" allowfullscreen><\/iframe>\n<\/div><\/figure>\n\n\n\n<p><strong>Temporada marcante<\/strong> <\/p>\n\n\n\n<p>Em 2025, Fecury competiu na USF2000, uma das categorias de acesso \u00e0 IndyCar, pela Exclusive Autosport. Sua temporada come\u00e7ou em mar\u00e7o, em St. Petersburg, com testes pr\u00e9vios em NOLA, e incluiu corridas em circuitos como Portland, Road America e Mid-Ohio. Ap\u00f3s um 2024 de adapta\u00e7\u00e3o com a DEForce Racing, onde conseguiu top-10 em Road America e Mid-Ohio, o piloto buscou maior consist\u00eancia em 2025, acumulando experi\u00eancia em circuitos mistos e ovals para almejar a Indy Pro 2000.<\/p>\n\n\n\n<p><strong>Saiba mais <\/strong><\/p>\n\n\n\n<p><strong>Petit Le Mans<\/strong> \u00e9 uma corrida de resist\u00eancia&nbsp;<a href=\"https:\/\/pt.wikipedia.org\/wiki\/Corrida_com_carros_esportivos\">de carros desportivos<\/a>&nbsp;realizada anualmente em&nbsp;<a href=\"https:\/\/pt.wikipedia.org\/wiki\/Road_Atlanta\">Road Atlanta,<\/a>&nbsp;em&nbsp;<a href=\"https:\/\/pt.wikipedia.org\/wiki\/Braselton\">Braselton, Ge\u00f3rgia<\/a>, Estados Unidos. A corrida \u00e9 realizada com dura\u00e7\u00e3o de 10 horas desde 2014, tendo sido realizada anteriormente com 1.000 milhas (1.600&nbsp;km) ou 10 horas, (o que ocorresse primeiro).&nbsp;<sup><a href=\"https:\/\/pt.wikipedia.org\/wiki\/Petit_Le_Mans#cite_note-1\">[1]<\/a><\/sup>&nbsp;Al\u00e9m da classifica\u00e7\u00e3o geral, as equipas competem por vit\u00f3rias \u00e0 classe em diferentes categorias, divididas em prot\u00f3tipos e&nbsp;<a href=\"https:\/\/pt.wikipedia.org\/wiki\/Gran_turismo_(automobilismo)\">grand tourers<\/a>&nbsp;.<\/p>\n","protected":false},"excerpt":{"rendered":"<p>O piloto maranhense Lucas Fecury, de 22 anos, estreou com p\u00f3dio na etapa do Motul Petit Le Mans, no IMSA [&hellip;]<\/p>\n","protected":false},"author":2,"featured_media":0,"comment_status":"open","ping_status":"open","sticky":false,"template":"","format":"standard","meta":{"site-sidebar-layout":"default","site-content-layout":"","ast-site-content-layout":"default","site-content-style":"default","site-sidebar-style":"default","ast-global-header-display":"","ast-banner-title-visibility":"","ast-main-header-display":"","ast-hfb-above-header-display":"","ast-hfb-below-header-display":"","ast-hfb-mobile-header-display":"","site-post-title":"","ast-breadcrumbs-content":"","ast-featured-img":"","footer-sml-layout":"","ast-disable-related-posts":"","theme-transparent-header-meta":"","adv-header-id-meta":"","stick-header-meta":"","header-above-stick-meta":"","header-main-stick-meta":"","header-below-stick-meta":"","astra-migrate-meta-layouts":"default","ast-page-background-enabled":"default","ast-page-background-meta":{"desktop":{"background-color":"var(--ast-global-color-5)","background-image":"","background-repeat":"repeat","background-position":"center center","background-size":"auto","background-attachment":"scroll","background-type":"","background-media":"","overlay-type":"","overlay-color":"","overlay-opacity":"","overlay-gradient":""},"tablet":{"background-color":"","background-image":"","background-repeat":"repeat","background-position":"center center","background-size":"auto","background-attachment":"scroll","background-type":"","background-media":"","overlay-type":"","overlay-color":"","overlay-opacity":"","overlay-gradient":""},"mobile":{"background-color":"","background-image":"","background-repeat":"repeat","background-position":"center center","background-size":"auto","background-attachment":"scroll","background-type":"","background-media":"","overlay-type":"","overlay-color":"","overlay-opacity":"","overlay-gradient":""}},"ast-content-background-meta":{"desktop":{"background-color":"var(--ast-global-color-4)","background-image":"","background-repeat":"repeat","background-position":"center center","background-size":"auto","background-attachment":"scroll","background-type":"","background-media":"","overlay-type":"","overlay-color":"","overlay-opacity":"","overlay-gradient":""},"tablet":{"background-color":"var(--ast-global-color-4)","background-image":"","background-repeat":"repeat","background-position":"center center","background-size":"auto","background-attachment":"scroll","background-type":"","background-media":"","overlay-type":"","overlay-color":"","overlay-opacity":"","overlay-gradient":""},"mobile":{"background-color":"var(--ast-global-color-4)","background-image":"","background-repeat":"repeat","background-position":"center center","background-size":"auto","background-attachment":"scroll","background-type":"","background-media":"","overlay-type":"","overlay-color":"","overlay-opacity":"","overlay-gradient":""}},"footnotes":""},"categories":[1],"tags":[],"class_list":["post-149537","post","type-post","status-publish","format-standard","hentry","category-sem-categoria"],"yoast_head":"<!-- This site is optimized with the Yoast SEO plugin v26.6 - https:\/\/yoast.com\/wordpress\/plugins\/seo\/ -->\n<title>Piloto maranhense Lucas Fecury estreia com p\u00f3dio em competi\u00e7\u00e3o automobil\u00edstica nos EUA - Daniel Matos<\/title>\n<meta name=\"robots\" content=\"index, follow, max-snippet:-1, max-image-preview:large, max-video-preview:-1\" \/>\n<link rel=\"canonical\" href=\"https:\/\/www.blogsoestado.com\/danielmatos\/piloto-maranhense-lucas-fecury-estreia-com-podio-em-competicao-automobilistica-nos-eua\/\" \/>\n<meta property=\"og:locale\" content=\"pt_BR\" \/>\n<meta property=\"og:type\" content=\"article\" \/>\n<meta property=\"og:title\" content=\"Piloto maranhense Lucas Fecury estreia com p\u00f3dio em competi\u00e7\u00e3o automobil\u00edstica nos EUA - Daniel Matos\" \/>\n<meta property=\"og:description\" content=\"O piloto maranhense Lucas Fecury, de 22 anos, estreou com p\u00f3dio na etapa do Motul Petit Le Mans, no IMSA [&hellip;]\" \/>\n<meta property=\"og:url\" content=\"https:\/\/www.blogsoestado.com\/danielmatos\/piloto-maranhense-lucas-fecury-estreia-com-podio-em-competicao-automobilistica-nos-eua\/\" \/>\n<meta property=\"og:site_name\" content=\"Daniel Matos\" \/>\n<meta property=\"article:published_time\" content=\"2025-10-12T18:20:00+00:00\" \/>\n<meta property=\"article:modified_time\" content=\"2025-10-12T21:51:18+00:00\" \/>\n<meta property=\"og:image\" content=\"https:\/\/www.blogsoestado.com\/danielmatos\/wp-content\/uploads\/sites\/2\/2025\/10\/1003950839.jpg\" \/>\n\t<meta property=\"og:image:width\" content=\"1080\" \/>\n\t<meta property=\"og:image:height\" content=\"1072\" \/>\n\t<meta property=\"og:image:type\" content=\"image\/jpeg\" \/>\n<meta name=\"author\" content=\"Daniel Matos\" \/>\n<meta name=\"twitter:card\" content=\"summary_large_image\" \/>\n<meta name=\"twitter:label1\" content=\"Escrito por\" \/>\n\t<meta name=\"twitter:data1\" content=\"Daniel Matos\" \/>\n\t<meta name=\"twitter:label2\" content=\"Est. tempo de leitura\" \/>\n\t<meta name=\"twitter:data2\" content=\"3 minutos\" \/>\n<script type=\"application\/ld+json\" class=\"yoast-schema-graph\">{\"@context\":\"https:\/\/schema.org\",\"@graph\":[{\"@type\":\"WebPage\",\"@id\":\"https:\/\/www.blogsoestado.com\/danielmatos\/piloto-maranhense-lucas-fecury-estreia-com-podio-em-competicao-automobilistica-nos-eua\/\",\"url\":\"https:\/\/www.blogsoestado.com\/danielmatos\/piloto-maranhense-lucas-fecury-estreia-com-podio-em-competicao-automobilistica-nos-eua\/\",\"name\":\"Piloto maranhense Lucas Fecury estreia com p\u00f3dio em competi\u00e7\u00e3o automobil\u00edstica nos EUA - Daniel Matos\",\"isPartOf\":{\"@id\":\"https:\/\/www.blogsoestado.com\/danielmatos\/#website\"},\"primaryImageOfPage\":{\"@id\":\"https:\/\/www.blogsoestado.com\/danielmatos\/piloto-maranhense-lucas-fecury-estreia-com-podio-em-competicao-automobilistica-nos-eua\/#primaryimage\"},\"image\":{\"@id\":\"https:\/\/www.blogsoestado.com\/danielmatos\/piloto-maranhense-lucas-fecury-estreia-com-podio-em-competicao-automobilistica-nos-eua\/#primaryimage\"},\"thumbnailUrl\":\"https:\/\/www.blogsoestado.com\/danielmatos\/wp-content\/uploads\/sites\/2\/2025\/10\/1003950839-1024x1016.jpg\",\"datePublished\":\"2025-10-12T18:20:00+00:00\",\"dateModified\":\"2025-10-12T21:51:18+00:00\",\"author\":{\"@id\":\"https:\/\/www.blogsoestado.com\/danielmatos\/#\/schema\/person\/9a209d407cd45631f131e1285b661bb0\"},\"breadcrumb\":{\"@id\":\"https:\/\/www.blogsoestado.com\/danielmatos\/piloto-maranhense-lucas-fecury-estreia-com-podio-em-competicao-automobilistica-nos-eua\/#breadcrumb\"},\"inLanguage\":\"pt-BR\",\"potentialAction\":[{\"@type\":\"ReadAction\",\"target\":[\"https:\/\/www.blogsoestado.com\/danielmatos\/piloto-maranhense-lucas-fecury-estreia-com-podio-em-competicao-automobilistica-nos-eua\/\"]}]},{\"@type\":\"ImageObject\",\"inLanguage\":\"pt-BR\",\"@id\":\"https:\/\/www.blogsoestado.com\/danielmatos\/piloto-maranhense-lucas-fecury-estreia-com-podio-em-competicao-automobilistica-nos-eua\/#primaryimage\",\"url\":\"https:\/\/www.blogsoestado.com\/danielmatos\/wp-content\/uploads\/sites\/2\/2025\/10\/1003950839.jpg\",\"contentUrl\":\"https:\/\/www.blogsoestado.com\/danielmatos\/wp-content\/uploads\/sites\/2\/2025\/10\/1003950839.jpg\",\"width\":1080,\"height\":1072},{\"@type\":\"BreadcrumbList\",\"@id\":\"https:\/\/www.blogsoestado.com\/danielmatos\/piloto-maranhense-lucas-fecury-estreia-com-podio-em-competicao-automobilistica-nos-eua\/#breadcrumb\",\"itemListElement\":[{\"@type\":\"ListItem\",\"position\":1,\"name\":\"In\u00edcio\",\"item\":\"https:\/\/www.blogsoestado.com\/danielmatos\/\"},{\"@type\":\"ListItem\",\"position\":2,\"name\":\"Piloto maranhense Lucas Fecury estreia com p\u00f3dio em competi\u00e7\u00e3o automobil\u00edstica nos EUA\"}]},{\"@type\":\"WebSite\",\"@id\":\"https:\/\/www.blogsoestado.com\/danielmatos\/#website\",\"url\":\"https:\/\/www.blogsoestado.com\/danielmatos\/\",\"name\":\"Daniel Matos\",\"description\":\"\",\"potentialAction\":[{\"@type\":\"SearchAction\",\"target\":{\"@type\":\"EntryPoint\",\"urlTemplate\":\"https:\/\/www.blogsoestado.com\/danielmatos\/?s={search_term_string}\"},\"query-input\":{\"@type\":\"PropertyValueSpecification\",\"valueRequired\":true,\"valueName\":\"search_term_string\"}}],\"inLanguage\":\"pt-BR\"},{\"@type\":\"Person\",\"@id\":\"https:\/\/www.blogsoestado.com\/danielmatos\/#\/schema\/person\/9a209d407cd45631f131e1285b661bb0\",\"name\":\"Daniel Matos\",\"image\":{\"@type\":\"ImageObject\",\"inLanguage\":\"pt-BR\",\"@id\":\"https:\/\/www.blogsoestado.com\/danielmatos\/#\/schema\/person\/image\/\",\"url\":\"https:\/\/secure.gravatar.com\/avatar\/2f26c36ee355da19a257f0dfef43952a2588b324ca35d6719e859fe338ac0392?s=96&d=mm&r=g\",\"contentUrl\":\"https:\/\/secure.gravatar.com\/avatar\/2f26c36ee355da19a257f0dfef43952a2588b324ca35d6719e859fe338ac0392?s=96&d=mm&r=g\",\"caption\":\"Daniel Matos\"},\"url\":\"https:\/\/www.blogsoestado.com\/danielmatos\/author\/danielmatos\/\"}]}<\/script>\n<!-- \/ Yoast SEO plugin. -->","yoast_head_json":{"title":"Piloto maranhense Lucas Fecury estreia com p\u00f3dio em competi\u00e7\u00e3o automobil\u00edstica nos EUA - Daniel Matos","robots":{"index":"index","follow":"follow","max-snippet":"max-snippet:-1","max-image-preview":"max-image-preview:large","max-video-preview":"max-video-preview:-1"},"canonical":"https:\/\/www.blogsoestado.com\/danielmatos\/piloto-maranhense-lucas-fecury-estreia-com-podio-em-competicao-automobilistica-nos-eua\/","og_locale":"pt_BR","og_type":"article","og_title":"Piloto maranhense Lucas Fecury estreia com p\u00f3dio em competi\u00e7\u00e3o automobil\u00edstica nos EUA - Daniel Matos","og_description":"O piloto maranhense Lucas Fecury, de 22 anos, estreou com p\u00f3dio na etapa do Motul Petit Le Mans, no IMSA [&hellip;]","og_url":"https:\/\/www.blogsoestado.com\/danielmatos\/piloto-maranhense-lucas-fecury-estreia-com-podio-em-competicao-automobilistica-nos-eua\/","og_site_name":"Daniel Matos","article_published_time":"2025-10-12T18:20:00+00:00","article_modified_time":"2025-10-12T21:51:18+00:00","og_image":[{"width":1080,"height":1072,"url":"https:\/\/www.blogsoestado.com\/danielmatos\/wp-content\/uploads\/sites\/2\/2025\/10\/1003950839.jpg","type":"image\/jpeg"}],"author":"Daniel Matos","twitter_card":"summary_large_image","twitter_misc":{"Escrito por":"Daniel Matos","Est. tempo de leitura":"3 minutos"},"schema":{"@context":"https:\/\/schema.org","@graph":[{"@type":"WebPage","@id":"https:\/\/www.blogsoestado.com\/danielmatos\/piloto-maranhense-lucas-fecury-estreia-com-podio-em-competicao-automobilistica-nos-eua\/","url":"https:\/\/www.blogsoestado.com\/danielmatos\/piloto-maranhense-lucas-fecury-estreia-com-podio-em-competicao-automobilistica-nos-eua\/","name":"Piloto maranhense Lucas Fecury estreia com p\u00f3dio em competi\u00e7\u00e3o automobil\u00edstica nos EUA - Daniel Matos","isPartOf":{"@id":"https:\/\/www.blogsoestado.com\/danielmatos\/#website"},"primaryImageOfPage":{"@id":"https:\/\/www.blogsoestado.com\/danielmatos\/piloto-maranhense-lucas-fecury-estreia-com-podio-em-competicao-automobilistica-nos-eua\/#primaryimage"},"image":{"@id":"https:\/\/www.blogsoestado.com\/danielmatos\/piloto-maranhense-lucas-fecury-estreia-com-podio-em-competicao-automobilistica-nos-eua\/#primaryimage"},"thumbnailUrl":"https:\/\/www.blogsoestado.com\/danielmatos\/wp-content\/uploads\/sites\/2\/2025\/10\/1003950839-1024x1016.jpg","datePublished":"2025-10-12T18:20:00+00:00","dateModified":"2025-10-12T21:51:18+00:00","author":{"@id":"https:\/\/www.blogsoestado.com\/danielmatos\/#\/schema\/person\/9a209d407cd45631f131e1285b661bb0"},"breadcrumb":{"@id":"https:\/\/www.blogsoestado.com\/danielmatos\/piloto-maranhense-lucas-fecury-estreia-com-podio-em-competicao-automobilistica-nos-eua\/#breadcrumb"},"inLanguage":"pt-BR","potentialAction":[{"@type":"ReadAction","target":["https:\/\/www.blogsoestado.com\/danielmatos\/piloto-maranhense-lucas-fecury-estreia-com-podio-em-competicao-automobilistica-nos-eua\/"]}]},{"@type":"ImageObject","inLanguage":"pt-BR","@id":"https:\/\/www.blogsoestado.com\/danielmatos\/piloto-maranhense-lucas-fecury-estreia-com-podio-em-competicao-automobilistica-nos-eua\/#primaryimage","url":"https:\/\/www.blogsoestado.com\/danielmatos\/wp-content\/uploads\/sites\/2\/2025\/10\/1003950839.jpg","contentUrl":"https:\/\/www.blogsoestado.com\/danielmatos\/wp-content\/uploads\/sites\/2\/2025\/10\/1003950839.jpg","width":1080,"height":1072},{"@type":"BreadcrumbList","@id":"https:\/\/www.blogsoestado.com\/danielmatos\/piloto-maranhense-lucas-fecury-estreia-com-podio-em-competicao-automobilistica-nos-eua\/#breadcrumb","itemListElement":[{"@type":"ListItem","position":1,"name":"In\u00edcio","item":"https:\/\/www.blogsoestado.com\/danielmatos\/"},{"@type":"ListItem","position":2,"name":"Piloto maranhense Lucas Fecury estreia com p\u00f3dio em competi\u00e7\u00e3o automobil\u00edstica nos EUA"}]},{"@type":"WebSite","@id":"https:\/\/www.blogsoestado.com\/danielmatos\/#website","url":"https:\/\/www.blogsoestado.com\/danielmatos\/","name":"Daniel Matos","description":"","potentialAction":[{"@type":"SearchAction","target":{"@type":"EntryPoint","urlTemplate":"https:\/\/www.blogsoestado.com\/danielmatos\/?s={search_term_string}"},"query-input":{"@type":"PropertyValueSpecification","valueRequired":true,"valueName":"search_term_string"}}],"inLanguage":"pt-BR"},{"@type":"Person","@id":"https:\/\/www.blogsoestado.com\/danielmatos\/#\/schema\/person\/9a209d407cd45631f131e1285b661bb0","name":"Daniel Matos","image":{"@type":"ImageObject","inLanguage":"pt-BR","@id":"https:\/\/www.blogsoestado.com\/danielmatos\/#\/schema\/person\/image\/","url":"https:\/\/secure.gravatar.com\/avatar\/2f26c36ee355da19a257f0dfef43952a2588b324ca35d6719e859fe338ac0392?s=96&d=mm&r=g","contentUrl":"https:\/\/secure.gravatar.com\/avatar\/2f26c36ee355da19a257f0dfef43952a2588b324ca35d6719e859fe338ac0392?s=96&d=mm&r=g","caption":"Daniel Matos"},"url":"https:\/\/www.blogsoestado.com\/danielmatos\/author\/danielmatos\/"}]}},"jetpack_featured_media_url":"","_links":{"self":[{"href":"https:\/\/www.blogsoestado.com\/danielmatos\/wp-json\/wp\/v2\/posts\/149537","targetHints":{"allow":["GET"]}}],"collection":[{"href":"https:\/\/www.blogsoestado.com\/danielmatos\/wp-json\/wp\/v2\/posts"}],"about":[{"href":"https:\/\/www.blogsoestado.com\/danielmatos\/wp-json\/wp\/v2\/types\/post"}],"author":[{"embeddable":true,"href":"https:\/\/www.blogsoestado.com\/danielmatos\/wp-json\/wp\/v2\/users\/2"}],"replies":[{"embeddable":true,"href":"https:\/\/www.blogsoestado.com\/danielmatos\/wp-json\/wp\/v2\/comments?post=149537"}],"version-history":[{"count":3,"href":"https:\/\/www.blogsoestado.com\/danielmatos\/wp-json\/wp\/v2\/posts\/149537\/revisions"}],"predecessor-version":[{"id":149549,"href":"https:\/\/www.blogsoestado.com\/danielmatos\/wp-json\/wp\/v2\/posts\/149537\/revisions\/149549"}],"wp:attachment":[{"href":"https:\/\/www.blogsoestado.com\/danielmatos\/wp-json\/wp\/v2\/media?parent=149537"}],"wp:term":[{"taxonomy":"category","embeddable":true,"href":"https:\/\/www.blogsoestado.com\/danielmatos\/wp-json\/wp\/v2\/categories?post=149537"},{"taxonomy":"post_tag","embeddable":true,"href":"https:\/\/www.blogsoestado.com\/danielmatos\/wp-json\/wp\/v2\/tags?post=149537"}],"curies":[{"name":"wp","href":"https:\/\/api.w.org\/{rel}","templated":true}]}}