{"id":149550,"date":"2025-10-12T20:48:44","date_gmt":"2025-10-12T23:48:44","guid":{"rendered":"https:\/\/www.blogsoestado.com\/danielmatos\/?p=149550"},"modified":"2025-10-12T20:48:47","modified_gmt":"2025-10-12T23:48:47","slug":"e-fundamental-mantermos-o-parlamento-de-sao-luis-forte-e-independente-afirma-astro-de-ogum-em-almoco-de-alinhamento","status":"publish","type":"post","link":"https:\/\/www.blogsoestado.com\/danielmatos\/e-fundamental-mantermos-o-parlamento-de-sao-luis-forte-e-independente-afirma-astro-de-ogum-em-almoco-de-alinhamento\/","title":{"rendered":"&#8220;\u00c9 fundamental mantermos o Parlamento de S\u00e3o Lu\u00eds forte e independente\u201d, afirma Astro de Ogum em almo\u00e7o de alinhamento"},"content":{"rendered":"\n<p><em><strong><mark style=\"color:#cf2e2e\" class=\"has-inline-color\">Evento no Barrac\u00e3o de Zinco refor\u00e7ou uni\u00e3o pol\u00edtica e consolidou apoio \u00e0 candidatura de Beto Castro \u00e0 presid\u00eancia da C\u00e2mara<\/mark><\/strong><\/em><\/p>\n\n\n\n<figure class=\"wp-block-image aligncenter size-large\"><img fetchpriority=\"high\" decoding=\"async\" width=\"1024\" height=\"768\" src=\"https:\/\/www.blogsoestado.com\/danielmatos\/wp-content\/uploads\/sites\/2\/2025\/10\/1003953065-1024x768.jpg\" alt=\"\" class=\"wp-image-149551\" srcset=\"https:\/\/www.blogsoestado.com\/danielmatos\/wp-content\/uploads\/sites\/2\/2025\/10\/1003953065-1024x768.jpg 1024w, https:\/\/www.blogsoestado.com\/danielmatos\/wp-content\/uploads\/sites\/2\/2025\/10\/1003953065-300x225.jpg 300w, https:\/\/www.blogsoestado.com\/danielmatos\/wp-content\/uploads\/sites\/2\/2025\/10\/1003953065-768x576.jpg 768w, https:\/\/www.blogsoestado.com\/danielmatos\/wp-content\/uploads\/sites\/2\/2025\/10\/1003953065.jpg 1280w\" sizes=\"(max-width: 1024px) 100vw, 1024px\" \/><figcaption class=\"wp-element-caption\">Di\u00e1logo entre os vereadores Raimundo J\u00fanior, Astro de Ogum e Beto Castro, com a presen\u00e7a da ex-vereadora Barbara Soeiro, que representou o filho Oct\u00e1vio Soeiro no encontro pol\u00edtico<\/figcaption><\/figure>\n\n\n\n<p>O Barrac\u00e3o de Zinco, localizado na Avenida Litor\u00e2nea e de propriedade do vereador Astro de Ogum (PCdoB), foi palco, neste s\u00e1bado (11), de um almo\u00e7o de alinhamento que reuniu mais de uma dezena de vereadores da C\u00e2mara Municipal de S\u00e3o Lu\u00eds. O encontro, marcado por coes\u00e3o e di\u00e1logo pol\u00edtico, evidenciou o fortalecimento do grupo que apoia Beto Castro (Avante) na corrida pela presid\u00eancia da Casa para o bi\u00eanio 2027\/2028.<\/p>\n\n\n\n<p>Durante o evento, o decano e ex-presidente do Legislativo, Astro de Ogum, refor\u00e7ou o compromisso com a autonomia e a estabilidade institucional. \u201c\u00c9 fundamental mantermos o Parlamento ludovicense forte e independente. A C\u00e2mara precisa ser protagonista de suas decis\u00f5es e guardi\u00e3 do equil\u00edbrio entre os poderes. O que vemos hoje \u00e9 um grupo que compreende esse papel e est\u00e1 disposto a defend\u00ea-lo com serenidade e firmeza\u201d, disse de forma enf\u00e1tica.<\/p>\n\n\n\n<p>J\u00e1 o candidato Beto Castro (Avante), por sua vez, destacou o car\u00e1ter democr\u00e1tico do movimento e o amadurecimento pol\u00edtico do grupo. \u201cEstamos construindo um novo momento para a C\u00e2mara, baseado no di\u00e1logo e na confian\u00e7a m\u00fatua. O que nos une \u00e9 o compromisso com a cidade e o respeito \u00e0 vontade dos vereadores. A independ\u00eancia do Legislativo \u00e9 um valor que precisa ser preservado e fortalecido\u201d, pontuou.<\/p>\n\n\n\n<figure class=\"wp-block-image aligncenter size-large\"><img decoding=\"async\" width=\"1024\" height=\"768\" src=\"https:\/\/www.blogsoestado.com\/danielmatos\/wp-content\/uploads\/sites\/2\/2025\/10\/1003953068-1024x768.jpg\" alt=\"\" class=\"wp-image-149552\" srcset=\"https:\/\/www.blogsoestado.com\/danielmatos\/wp-content\/uploads\/sites\/2\/2025\/10\/1003953068-1024x768.jpg 1024w, https:\/\/www.blogsoestado.com\/danielmatos\/wp-content\/uploads\/sites\/2\/2025\/10\/1003953068-300x225.jpg 300w, https:\/\/www.blogsoestado.com\/danielmatos\/wp-content\/uploads\/sites\/2\/2025\/10\/1003953068-768x576.jpg 768w, https:\/\/www.blogsoestado.com\/danielmatos\/wp-content\/uploads\/sites\/2\/2025\/10\/1003953068-1536x1152.jpg 1536w, https:\/\/www.blogsoestado.com\/danielmatos\/wp-content\/uploads\/sites\/2\/2025\/10\/1003953068.jpg 1600w\" sizes=\"(max-width: 1024px) 100vw, 1024px\" \/><figcaption class=\"wp-element-caption\">O vereador Beto Castro entre os colegas Marlon Bot\u00e3o e Romeo Amin<\/figcaption><\/figure>\n\n\n\n<p>No total, 22 vereadores j\u00e1 declaram apoio a Beto Castro, dos quais estiveram presentes, al\u00e9m do anfitri\u00e3o Astro de Ogum (PCdoB) e do pr\u00f3prio candidato \u00e0 presid\u00eancia, Beto Castro (Avante), o atual presidente da C\u00e2mara, Paulo Victor (PSB), e os vereadores Wendel Martins (Podemos), Romeo Amim \u2013 Coletivo Unidos (PRD), Cleber Filho (MDB), Marlon Bot\u00e3o (PSB), Marcelo Poeta (PSB), Andrey Monteiro (PV), Raimundo Penha (PDT), Ant\u00f4nio Garcez (PP) e Raimundo J\u00fanior (Podemos).<\/p>\n\n\n\n<p>O vereador Oct\u00e1vio Soeiro (PSB) foi representado pela m\u00e3e, a ex-vereadora B\u00e1rbara Soeiro, e os demais que j\u00e1 declararam apoio justificaram a aus\u00eancia por estarem em viagem fora do estado ou comandando festas em suas bases em homenagem ao Dia das Crian\u00e7as.<\/p>\n\n\n\n<p>Embora o regimento interno preveja que a elei\u00e7\u00e3o da Mesa Diretora ocorra apenas em abril de 2026, o clima pol\u00edtico j\u00e1 demonstra sintonia e alinhamento. O grupo mostrou que pretende conduzir o processo com independ\u00eancia e di\u00e1logo, reafirmando a maturidade pol\u00edtica que marca a atual legislatura.<\/p>\n\n\n\n<figure class=\"wp-block-image aligncenter size-large\"><img decoding=\"async\" width=\"1024\" height=\"768\" src=\"https:\/\/www.blogsoestado.com\/danielmatos\/wp-content\/uploads\/sites\/2\/2025\/10\/1003953067-1024x768.jpg\" alt=\"\" class=\"wp-image-149553\" srcset=\"https:\/\/www.blogsoestado.com\/danielmatos\/wp-content\/uploads\/sites\/2\/2025\/10\/1003953067-1024x768.jpg 1024w, https:\/\/www.blogsoestado.com\/danielmatos\/wp-content\/uploads\/sites\/2\/2025\/10\/1003953067-300x225.jpg 300w, https:\/\/www.blogsoestado.com\/danielmatos\/wp-content\/uploads\/sites\/2\/2025\/10\/1003953067-768x576.jpg 768w, https:\/\/www.blogsoestado.com\/danielmatos\/wp-content\/uploads\/sites\/2\/2025\/10\/1003953067-1536x1152.jpg 1536w, https:\/\/www.blogsoestado.com\/danielmatos\/wp-content\/uploads\/sites\/2\/2025\/10\/1003953067.jpg 1600w\" sizes=\"(max-width: 1024px) 100vw, 1024px\" \/><figcaption class=\"wp-element-caption\">O encontro foi marcado por coes\u00e3o e di\u00e1logo pol\u00edtico e evidenciou o fortalecimento do grupo que apoia Beto Castro na corrida pela presid\u00eancia da C\u00e2mara Municipal de S\u00e3o Lu\u00eds <\/figcaption><\/figure>\n\n\n\n<p>O encontro terminou em tom de confian\u00e7a e convic\u00e7\u00e3o, e a mensagem deixada no Barrac\u00e3o de Zinco foi que, unida, a C\u00e2mara Municipal de S\u00e3o Lu\u00eds fala com voz pr\u00f3pria, consciente e determinada a manter sua autonomia institucional.<\/p>\n","protected":false},"excerpt":{"rendered":"<p>Evento no Barrac\u00e3o de Zinco refor\u00e7ou uni\u00e3o pol\u00edtica e consolidou apoio \u00e0 candidatura de Beto Castro \u00e0 presid\u00eancia da C\u00e2mara [&hellip;]<\/p>\n","protected":false},"author":2,"featured_media":0,"comment_status":"open","ping_status":"open","sticky":false,"template":"","format":"standard","meta":{"site-sidebar-layout":"default","site-content-layout":"","ast-site-content-layout":"default","site-content-style":"default","site-sidebar-style":"default","ast-global-header-display":"","ast-banner-title-visibility":"","ast-main-header-display":"","ast-hfb-above-header-display":"","ast-hfb-below-header-display":"","ast-hfb-mobile-header-display":"","site-post-title":"","ast-breadcrumbs-content":"","ast-featured-img":"","footer-sml-layout":"","ast-disable-related-posts":"","theme-transparent-header-meta":"","adv-header-id-meta":"","stick-header-meta":"","header-above-stick-meta":"","header-main-stick-meta":"","header-below-stick-meta":"","astra-migrate-meta-layouts":"default","ast-page-background-enabled":"default","ast-page-background-meta":{"desktop":{"background-color":"var(--ast-global-color-5)","background-image":"","background-repeat":"repeat","background-position":"center center","background-size":"auto","background-attachment":"scroll","background-type":"","background-media":"","overlay-type":"","overlay-color":"","overlay-opacity":"","overlay-gradient":""},"tablet":{"background-color":"","background-image":"","background-repeat":"repeat","background-position":"center center","background-size":"auto","background-attachment":"scroll","background-type":"","background-media":"","overlay-type":"","overlay-color":"","overlay-opacity":"","overlay-gradient":""},"mobile":{"background-color":"","background-image":"","background-repeat":"repeat","background-position":"center center","background-size":"auto","background-attachment":"scroll","background-type":"","background-media":"","overlay-type":"","overlay-color":"","overlay-opacity":"","overlay-gradient":""}},"ast-content-background-meta":{"desktop":{"background-color":"var(--ast-global-color-4)","background-image":"","background-repeat":"repeat","background-position":"center center","background-size":"auto","background-attachment":"scroll","background-type":"","background-media":"","overlay-type":"","overlay-color":"","overlay-opacity":"","overlay-gradient":""},"tablet":{"background-color":"var(--ast-global-color-4)","background-image":"","background-repeat":"repeat","background-position":"center center","background-size":"auto","background-attachment":"scroll","background-type":"","background-media":"","overlay-type":"","overlay-color":"","overlay-opacity":"","overlay-gradient":""},"mobile":{"background-color":"var(--ast-global-color-4)","background-image":"","background-repeat":"repeat","background-position":"center center","background-size":"auto","background-attachment":"scroll","background-type":"","background-media":"","overlay-type":"","overlay-color":"","overlay-opacity":"","overlay-gradient":""}},"footnotes":""},"categories":[1],"tags":[],"class_list":["post-149550","post","type-post","status-publish","format-standard","hentry","category-sem-categoria"],"yoast_head":"<!-- This site is optimized with the Yoast SEO plugin v26.6 - https:\/\/yoast.com\/wordpress\/plugins\/seo\/ -->\n<title>&quot;\u00c9 fundamental mantermos o Parlamento de S\u00e3o Lu\u00eds forte e independente\u201d, afirma Astro de Ogum em almo\u00e7o de alinhamento - Daniel Matos<\/title>\n<meta name=\"robots\" content=\"index, follow, max-snippet:-1, max-image-preview:large, max-video-preview:-1\" \/>\n<link rel=\"canonical\" href=\"https:\/\/www.blogsoestado.com\/danielmatos\/e-fundamental-mantermos-o-parlamento-de-sao-luis-forte-e-independente-afirma-astro-de-ogum-em-almoco-de-alinhamento\/\" \/>\n<meta property=\"og:locale\" content=\"pt_BR\" \/>\n<meta property=\"og:type\" content=\"article\" \/>\n<meta property=\"og:title\" content=\"&quot;\u00c9 fundamental mantermos o Parlamento de S\u00e3o Lu\u00eds forte e independente\u201d, afirma Astro de Ogum em almo\u00e7o de alinhamento - Daniel Matos\" \/>\n<meta property=\"og:description\" content=\"Evento no Barrac\u00e3o de Zinco refor\u00e7ou uni\u00e3o pol\u00edtica e consolidou apoio \u00e0 candidatura de Beto Castro \u00e0 presid\u00eancia da C\u00e2mara [&hellip;]\" \/>\n<meta property=\"og:url\" content=\"https:\/\/www.blogsoestado.com\/danielmatos\/e-fundamental-mantermos-o-parlamento-de-sao-luis-forte-e-independente-afirma-astro-de-ogum-em-almoco-de-alinhamento\/\" \/>\n<meta property=\"og:site_name\" content=\"Daniel Matos\" \/>\n<meta property=\"article:published_time\" content=\"2025-10-12T23:48:44+00:00\" \/>\n<meta property=\"article:modified_time\" content=\"2025-10-12T23:48:47+00:00\" \/>\n<meta property=\"og:image\" content=\"https:\/\/www.blogsoestado.com\/danielmatos\/wp-content\/uploads\/sites\/2\/2025\/10\/1003953065.jpg\" \/>\n\t<meta property=\"og:image:width\" content=\"1280\" \/>\n\t<meta property=\"og:image:height\" content=\"960\" \/>\n\t<meta property=\"og:image:type\" content=\"image\/jpeg\" \/>\n<meta name=\"author\" content=\"Daniel Matos\" \/>\n<meta name=\"twitter:card\" content=\"summary_large_image\" \/>\n<meta name=\"twitter:label1\" content=\"Escrito por\" \/>\n\t<meta name=\"twitter:data1\" content=\"Daniel Matos\" \/>\n\t<meta name=\"twitter:label2\" content=\"Est. tempo de leitura\" \/>\n\t<meta name=\"twitter:data2\" content=\"4 minutos\" \/>\n<script type=\"application\/ld+json\" class=\"yoast-schema-graph\">{\"@context\":\"https:\/\/schema.org\",\"@graph\":[{\"@type\":\"WebPage\",\"@id\":\"https:\/\/www.blogsoestado.com\/danielmatos\/e-fundamental-mantermos-o-parlamento-de-sao-luis-forte-e-independente-afirma-astro-de-ogum-em-almoco-de-alinhamento\/\",\"url\":\"https:\/\/www.blogsoestado.com\/danielmatos\/e-fundamental-mantermos-o-parlamento-de-sao-luis-forte-e-independente-afirma-astro-de-ogum-em-almoco-de-alinhamento\/\",\"name\":\"\\\"\u00c9 fundamental mantermos o Parlamento de S\u00e3o Lu\u00eds forte e independente\u201d, afirma Astro de Ogum em almo\u00e7o de alinhamento - Daniel Matos\",\"isPartOf\":{\"@id\":\"https:\/\/www.blogsoestado.com\/danielmatos\/#website\"},\"primaryImageOfPage\":{\"@id\":\"https:\/\/www.blogsoestado.com\/danielmatos\/e-fundamental-mantermos-o-parlamento-de-sao-luis-forte-e-independente-afirma-astro-de-ogum-em-almoco-de-alinhamento\/#primaryimage\"},\"image\":{\"@id\":\"https:\/\/www.blogsoestado.com\/danielmatos\/e-fundamental-mantermos-o-parlamento-de-sao-luis-forte-e-independente-afirma-astro-de-ogum-em-almoco-de-alinhamento\/#primaryimage\"},\"thumbnailUrl\":\"https:\/\/www.blogsoestado.com\/danielmatos\/wp-content\/uploads\/sites\/2\/2025\/10\/1003953065-1024x768.jpg\",\"datePublished\":\"2025-10-12T23:48:44+00:00\",\"dateModified\":\"2025-10-12T23:48:47+00:00\",\"author\":{\"@id\":\"https:\/\/www.blogsoestado.com\/danielmatos\/#\/schema\/person\/9a209d407cd45631f131e1285b661bb0\"},\"breadcrumb\":{\"@id\":\"https:\/\/www.blogsoestado.com\/danielmatos\/e-fundamental-mantermos-o-parlamento-de-sao-luis-forte-e-independente-afirma-astro-de-ogum-em-almoco-de-alinhamento\/#breadcrumb\"},\"inLanguage\":\"pt-BR\",\"potentialAction\":[{\"@type\":\"ReadAction\",\"target\":[\"https:\/\/www.blogsoestado.com\/danielmatos\/e-fundamental-mantermos-o-parlamento-de-sao-luis-forte-e-independente-afirma-astro-de-ogum-em-almoco-de-alinhamento\/\"]}]},{\"@type\":\"ImageObject\",\"inLanguage\":\"pt-BR\",\"@id\":\"https:\/\/www.blogsoestado.com\/danielmatos\/e-fundamental-mantermos-o-parlamento-de-sao-luis-forte-e-independente-afirma-astro-de-ogum-em-almoco-de-alinhamento\/#primaryimage\",\"url\":\"https:\/\/www.blogsoestado.com\/danielmatos\/wp-content\/uploads\/sites\/2\/2025\/10\/1003953065.jpg\",\"contentUrl\":\"https:\/\/www.blogsoestado.com\/danielmatos\/wp-content\/uploads\/sites\/2\/2025\/10\/1003953065.jpg\",\"width\":1280,\"height\":960},{\"@type\":\"BreadcrumbList\",\"@id\":\"https:\/\/www.blogsoestado.com\/danielmatos\/e-fundamental-mantermos-o-parlamento-de-sao-luis-forte-e-independente-afirma-astro-de-ogum-em-almoco-de-alinhamento\/#breadcrumb\",\"itemListElement\":[{\"@type\":\"ListItem\",\"position\":1,\"name\":\"In\u00edcio\",\"item\":\"https:\/\/www.blogsoestado.com\/danielmatos\/\"},{\"@type\":\"ListItem\",\"position\":2,\"name\":\"&#8220;\u00c9 fundamental mantermos o Parlamento de S\u00e3o Lu\u00eds forte e independente\u201d, afirma Astro de Ogum em almo\u00e7o de alinhamento\"}]},{\"@type\":\"WebSite\",\"@id\":\"https:\/\/www.blogsoestado.com\/danielmatos\/#website\",\"url\":\"https:\/\/www.blogsoestado.com\/danielmatos\/\",\"name\":\"Daniel Matos\",\"description\":\"\",\"potentialAction\":[{\"@type\":\"SearchAction\",\"target\":{\"@type\":\"EntryPoint\",\"urlTemplate\":\"https:\/\/www.blogsoestado.com\/danielmatos\/?s={search_term_string}\"},\"query-input\":{\"@type\":\"PropertyValueSpecification\",\"valueRequired\":true,\"valueName\":\"search_term_string\"}}],\"inLanguage\":\"pt-BR\"},{\"@type\":\"Person\",\"@id\":\"https:\/\/www.blogsoestado.com\/danielmatos\/#\/schema\/person\/9a209d407cd45631f131e1285b661bb0\",\"name\":\"Daniel Matos\",\"image\":{\"@type\":\"ImageObject\",\"inLanguage\":\"pt-BR\",\"@id\":\"https:\/\/www.blogsoestado.com\/danielmatos\/#\/schema\/person\/image\/\",\"url\":\"https:\/\/secure.gravatar.com\/avatar\/2f26c36ee355da19a257f0dfef43952a2588b324ca35d6719e859fe338ac0392?s=96&d=mm&r=g\",\"contentUrl\":\"https:\/\/secure.gravatar.com\/avatar\/2f26c36ee355da19a257f0dfef43952a2588b324ca35d6719e859fe338ac0392?s=96&d=mm&r=g\",\"caption\":\"Daniel Matos\"},\"url\":\"https:\/\/www.blogsoestado.com\/danielmatos\/author\/danielmatos\/\"}]}<\/script>\n<!-- \/ Yoast SEO plugin. -->","yoast_head_json":{"title":"\"\u00c9 fundamental mantermos o Parlamento de S\u00e3o Lu\u00eds forte e independente\u201d, afirma Astro de Ogum em almo\u00e7o de alinhamento - Daniel Matos","robots":{"index":"index","follow":"follow","max-snippet":"max-snippet:-1","max-image-preview":"max-image-preview:large","max-video-preview":"max-video-preview:-1"},"canonical":"https:\/\/www.blogsoestado.com\/danielmatos\/e-fundamental-mantermos-o-parlamento-de-sao-luis-forte-e-independente-afirma-astro-de-ogum-em-almoco-de-alinhamento\/","og_locale":"pt_BR","og_type":"article","og_title":"\"\u00c9 fundamental mantermos o Parlamento de S\u00e3o Lu\u00eds forte e independente\u201d, afirma Astro de Ogum em almo\u00e7o de alinhamento - Daniel Matos","og_description":"Evento no Barrac\u00e3o de Zinco refor\u00e7ou uni\u00e3o pol\u00edtica e consolidou apoio \u00e0 candidatura de Beto Castro \u00e0 presid\u00eancia da C\u00e2mara [&hellip;]","og_url":"https:\/\/www.blogsoestado.com\/danielmatos\/e-fundamental-mantermos-o-parlamento-de-sao-luis-forte-e-independente-afirma-astro-de-ogum-em-almoco-de-alinhamento\/","og_site_name":"Daniel Matos","article_published_time":"2025-10-12T23:48:44+00:00","article_modified_time":"2025-10-12T23:48:47+00:00","og_image":[{"width":1280,"height":960,"url":"https:\/\/www.blogsoestado.com\/danielmatos\/wp-content\/uploads\/sites\/2\/2025\/10\/1003953065.jpg","type":"image\/jpeg"}],"author":"Daniel Matos","twitter_card":"summary_large_image","twitter_misc":{"Escrito por":"Daniel Matos","Est. tempo de leitura":"4 minutos"},"schema":{"@context":"https:\/\/schema.org","@graph":[{"@type":"WebPage","@id":"https:\/\/www.blogsoestado.com\/danielmatos\/e-fundamental-mantermos-o-parlamento-de-sao-luis-forte-e-independente-afirma-astro-de-ogum-em-almoco-de-alinhamento\/","url":"https:\/\/www.blogsoestado.com\/danielmatos\/e-fundamental-mantermos-o-parlamento-de-sao-luis-forte-e-independente-afirma-astro-de-ogum-em-almoco-de-alinhamento\/","name":"\"\u00c9 fundamental mantermos o Parlamento de S\u00e3o Lu\u00eds forte e independente\u201d, afirma Astro de Ogum em almo\u00e7o de alinhamento - Daniel Matos","isPartOf":{"@id":"https:\/\/www.blogsoestado.com\/danielmatos\/#website"},"primaryImageOfPage":{"@id":"https:\/\/www.blogsoestado.com\/danielmatos\/e-fundamental-mantermos-o-parlamento-de-sao-luis-forte-e-independente-afirma-astro-de-ogum-em-almoco-de-alinhamento\/#primaryimage"},"image":{"@id":"https:\/\/www.blogsoestado.com\/danielmatos\/e-fundamental-mantermos-o-parlamento-de-sao-luis-forte-e-independente-afirma-astro-de-ogum-em-almoco-de-alinhamento\/#primaryimage"},"thumbnailUrl":"https:\/\/www.blogsoestado.com\/danielmatos\/wp-content\/uploads\/sites\/2\/2025\/10\/1003953065-1024x768.jpg","datePublished":"2025-10-12T23:48:44+00:00","dateModified":"2025-10-12T23:48:47+00:00","author":{"@id":"https:\/\/www.blogsoestado.com\/danielmatos\/#\/schema\/person\/9a209d407cd45631f131e1285b661bb0"},"breadcrumb":{"@id":"https:\/\/www.blogsoestado.com\/danielmatos\/e-fundamental-mantermos-o-parlamento-de-sao-luis-forte-e-independente-afirma-astro-de-ogum-em-almoco-de-alinhamento\/#breadcrumb"},"inLanguage":"pt-BR","potentialAction":[{"@type":"ReadAction","target":["https:\/\/www.blogsoestado.com\/danielmatos\/e-fundamental-mantermos-o-parlamento-de-sao-luis-forte-e-independente-afirma-astro-de-ogum-em-almoco-de-alinhamento\/"]}]},{"@type":"ImageObject","inLanguage":"pt-BR","@id":"https:\/\/www.blogsoestado.com\/danielmatos\/e-fundamental-mantermos-o-parlamento-de-sao-luis-forte-e-independente-afirma-astro-de-ogum-em-almoco-de-alinhamento\/#primaryimage","url":"https:\/\/www.blogsoestado.com\/danielmatos\/wp-content\/uploads\/sites\/2\/2025\/10\/1003953065.jpg","contentUrl":"https:\/\/www.blogsoestado.com\/danielmatos\/wp-content\/uploads\/sites\/2\/2025\/10\/1003953065.jpg","width":1280,"height":960},{"@type":"BreadcrumbList","@id":"https:\/\/www.blogsoestado.com\/danielmatos\/e-fundamental-mantermos-o-parlamento-de-sao-luis-forte-e-independente-afirma-astro-de-ogum-em-almoco-de-alinhamento\/#breadcrumb","itemListElement":[{"@type":"ListItem","position":1,"name":"In\u00edcio","item":"https:\/\/www.blogsoestado.com\/danielmatos\/"},{"@type":"ListItem","position":2,"name":"&#8220;\u00c9 fundamental mantermos o Parlamento de S\u00e3o Lu\u00eds forte e independente\u201d, afirma Astro de Ogum em almo\u00e7o de alinhamento"}]},{"@type":"WebSite","@id":"https:\/\/www.blogsoestado.com\/danielmatos\/#website","url":"https:\/\/www.blogsoestado.com\/danielmatos\/","name":"Daniel Matos","description":"","potentialAction":[{"@type":"SearchAction","target":{"@type":"EntryPoint","urlTemplate":"https:\/\/www.blogsoestado.com\/danielmatos\/?s={search_term_string}"},"query-input":{"@type":"PropertyValueSpecification","valueRequired":true,"valueName":"search_term_string"}}],"inLanguage":"pt-BR"},{"@type":"Person","@id":"https:\/\/www.blogsoestado.com\/danielmatos\/#\/schema\/person\/9a209d407cd45631f131e1285b661bb0","name":"Daniel Matos","image":{"@type":"ImageObject","inLanguage":"pt-BR","@id":"https:\/\/www.blogsoestado.com\/danielmatos\/#\/schema\/person\/image\/","url":"https:\/\/secure.gravatar.com\/avatar\/2f26c36ee355da19a257f0dfef43952a2588b324ca35d6719e859fe338ac0392?s=96&d=mm&r=g","contentUrl":"https:\/\/secure.gravatar.com\/avatar\/2f26c36ee355da19a257f0dfef43952a2588b324ca35d6719e859fe338ac0392?s=96&d=mm&r=g","caption":"Daniel Matos"},"url":"https:\/\/www.blogsoestado.com\/danielmatos\/author\/danielmatos\/"}]}},"jetpack_featured_media_url":"","_links":{"self":[{"href":"https:\/\/www.blogsoestado.com\/danielmatos\/wp-json\/wp\/v2\/posts\/149550","targetHints":{"allow":["GET"]}}],"collection":[{"href":"https:\/\/www.blogsoestado.com\/danielmatos\/wp-json\/wp\/v2\/posts"}],"about":[{"href":"https:\/\/www.blogsoestado.com\/danielmatos\/wp-json\/wp\/v2\/types\/post"}],"author":[{"embeddable":true,"href":"https:\/\/www.blogsoestado.com\/danielmatos\/wp-json\/wp\/v2\/users\/2"}],"replies":[{"embeddable":true,"href":"https:\/\/www.blogsoestado.com\/danielmatos\/wp-json\/wp\/v2\/comments?post=149550"}],"version-history":[{"count":1,"href":"https:\/\/www.blogsoestado.com\/danielmatos\/wp-json\/wp\/v2\/posts\/149550\/revisions"}],"predecessor-version":[{"id":149554,"href":"https:\/\/www.blogsoestado.com\/danielmatos\/wp-json\/wp\/v2\/posts\/149550\/revisions\/149554"}],"wp:attachment":[{"href":"https:\/\/www.blogsoestado.com\/danielmatos\/wp-json\/wp\/v2\/media?parent=149550"}],"wp:term":[{"taxonomy":"category","embeddable":true,"href":"https:\/\/www.blogsoestado.com\/danielmatos\/wp-json\/wp\/v2\/categories?post=149550"},{"taxonomy":"post_tag","embeddable":true,"href":"https:\/\/www.blogsoestado.com\/danielmatos\/wp-json\/wp\/v2\/tags?post=149550"}],"curies":[{"name":"wp","href":"https:\/\/api.w.org\/{rel}","templated":true}]}}