{"id":149569,"date":"2025-10-13T11:05:58","date_gmt":"2025-10-13T14:05:58","guid":{"rendered":"https:\/\/www.blogsoestado.com\/danielmatos\/?p=149569"},"modified":"2025-10-13T11:06:01","modified_gmt":"2025-10-13T14:06:01","slug":"marlon-botao-propoe-dispensa-remunerada-para-guardas-municipais-e-agentes-de-transito-convocados-como-testemunhas","status":"publish","type":"post","link":"https:\/\/www.blogsoestado.com\/danielmatos\/marlon-botao-propoe-dispensa-remunerada-para-guardas-municipais-e-agentes-de-transito-convocados-como-testemunhas\/","title":{"rendered":"Marlon Bot\u00e3o prop\u00f5e dispensa remunerada para guardas municipais e agentes de tr\u00e2nsito convocados como testemunhas"},"content":{"rendered":"\n<figure class=\"wp-block-image aligncenter size-full\"><img fetchpriority=\"high\" decoding=\"async\" width=\"759\" height=\"500\" src=\"https:\/\/www.blogsoestado.com\/danielmatos\/wp-content\/uploads\/sites\/2\/2025\/10\/1003957045.jpg\" alt=\"\" class=\"wp-image-149570\" srcset=\"https:\/\/www.blogsoestado.com\/danielmatos\/wp-content\/uploads\/sites\/2\/2025\/10\/1003957045.jpg 759w, https:\/\/www.blogsoestado.com\/danielmatos\/wp-content\/uploads\/sites\/2\/2025\/10\/1003957045-300x198.jpg 300w\" sizes=\"(max-width: 759px) 100vw, 759px\" \/><figcaption class=\"wp-element-caption\">O vereador Marlon Bot\u00e3o sustenta que a iniciativa busca reparar uma lacuna na regula\u00e7\u00e3o municipal e proteger servidores<\/figcaption><\/figure>\n\n\n\n<p>A C\u00e2mara Municipal de S\u00e3o Lu\u00eds recebeu e encaminhou, no dia 7 de outubro, para an\u00e1lise da Comiss\u00e3o de Justi\u00e7a o Projeto de Lei n\u00ba 224\/2025, de autoria do vereador Marlon Bot\u00e3o (PSB), que assegura a dispensa do servi\u00e7o, sem preju\u00edzo da remunera\u00e7\u00e3o, jornada ou exig\u00eancia de compensa\u00e7\u00e3o, aos servidores da Guarda Municipal e aos agentes de tr\u00e2nsito da SMTT convocados ou intimados a comparecer a audi\u00eancias judiciais na condi\u00e7\u00e3o de testemunhas, sempre que o comparecimento decorra do exerc\u00edcio de suas fun\u00e7\u00f5es.&nbsp;<\/p>\n\n\n\n<p>De acordo com o PL, a dispensa abrange apenas os dias e hor\u00e1rios estritamente necess\u00e1rios para o comparecimento, incluindo, quando pertinente, o tempo de deslocamento. Para fazer jus ao benef\u00edcio, o servidor dever\u00e1 apresentar, com anteced\u00eancia m\u00ednima de 48 horas quando poss\u00edvel, a intima\u00e7\u00e3o ou convoca\u00e7\u00e3o oficial; posteriormente, ser\u00e1 exigido o comprovante de comparecimento expedido pela autoridade judicial competente. A mat\u00e9ria tamb\u00e9m estende a garantia a audi\u00eancias em processos administrativos ou judiciais nos quais o Munic\u00edpio figure como parte, desde que a participa\u00e7\u00e3o guarde rela\u00e7\u00e3o direta com o exerc\u00edcio funcional.&nbsp;<\/p>\n\n\n\n<p>O projeto veda expressamente o desconto em folha, o lan\u00e7amento de falta injustificada e a exig\u00eancia de compensa\u00e7\u00e3o de hor\u00e1rio ou folga em raz\u00e3o do comparecimento \u00e0s audi\u00eancias previstas.&nbsp;&nbsp;<\/p>\n\n\n\n<p>Na justificativa que acompanha o texto, o autor sustenta que a iniciativa busca reparar uma lacuna na regula\u00e7\u00e3o municipal e proteger servidores que, no desempenho de suas atribui\u00e7\u00f5es, s\u00e3o chamados a colaborar com a Justi\u00e7a. O parlamentar lembra que o comparecimento a audi\u00eancias, muitas vezes em processos criminais ou de interesse do Munic\u00edpio, n\u00e3o se configura como ato de interesse pessoal, mas como extens\u00e3o do dever funcional, raz\u00e3o pela qual n\u00e3o deve onerar o servidor<em>.&nbsp;&nbsp;<\/em><\/p>\n\n\n\n<p>\u201cNossa proposta visa garantir que servidores que prestam um servi\u00e7o p\u00fablico essencial, ao colaborar com o Judici\u00e1rio no exerc\u00edcio de sua fun\u00e7\u00e3o n\u00e3o sejam penalizados com descontos ou perda de jornada. \u00c9 uma medida de justi\u00e7a institucional: proteger quem cumpre o dever de zelar pela ordem e pela seguran\u00e7a da cidade\u201d, destaca Marlon Bot\u00e3o na justificativa do projeto.&nbsp;<\/p>\n","protected":false},"excerpt":{"rendered":"<p>A C\u00e2mara Municipal de S\u00e3o Lu\u00eds recebeu e encaminhou, no dia 7 de outubro, para an\u00e1lise da Comiss\u00e3o de Justi\u00e7a [&hellip;]<\/p>\n","protected":false},"author":2,"featured_media":0,"comment_status":"open","ping_status":"open","sticky":false,"template":"","format":"standard","meta":{"site-sidebar-layout":"default","site-content-layout":"","ast-site-content-layout":"default","site-content-style":"default","site-sidebar-style":"default","ast-global-header-display":"","ast-banner-title-visibility":"","ast-main-header-display":"","ast-hfb-above-header-display":"","ast-hfb-below-header-display":"","ast-hfb-mobile-header-display":"","site-post-title":"","ast-breadcrumbs-content":"","ast-featured-img":"","footer-sml-layout":"","ast-disable-related-posts":"","theme-transparent-header-meta":"","adv-header-id-meta":"","stick-header-meta":"","header-above-stick-meta":"","header-main-stick-meta":"","header-below-stick-meta":"","astra-migrate-meta-layouts":"default","ast-page-background-enabled":"default","ast-page-background-meta":{"desktop":{"background-color":"var(--ast-global-color-5)","background-image":"","background-repeat":"repeat","background-position":"center center","background-size":"auto","background-attachment":"scroll","background-type":"","background-media":"","overlay-type":"","overlay-color":"","overlay-opacity":"","overlay-gradient":""},"tablet":{"background-color":"","background-image":"","background-repeat":"repeat","background-position":"center center","background-size":"auto","background-attachment":"scroll","background-type":"","background-media":"","overlay-type":"","overlay-color":"","overlay-opacity":"","overlay-gradient":""},"mobile":{"background-color":"","background-image":"","background-repeat":"repeat","background-position":"center center","background-size":"auto","background-attachment":"scroll","background-type":"","background-media":"","overlay-type":"","overlay-color":"","overlay-opacity":"","overlay-gradient":""}},"ast-content-background-meta":{"desktop":{"background-color":"var(--ast-global-color-4)","background-image":"","background-repeat":"repeat","background-position":"center center","background-size":"auto","background-attachment":"scroll","background-type":"","background-media":"","overlay-type":"","overlay-color":"","overlay-opacity":"","overlay-gradient":""},"tablet":{"background-color":"var(--ast-global-color-4)","background-image":"","background-repeat":"repeat","background-position":"center center","background-size":"auto","background-attachment":"scroll","background-type":"","background-media":"","overlay-type":"","overlay-color":"","overlay-opacity":"","overlay-gradient":""},"mobile":{"background-color":"var(--ast-global-color-4)","background-image":"","background-repeat":"repeat","background-position":"center center","background-size":"auto","background-attachment":"scroll","background-type":"","background-media":"","overlay-type":"","overlay-color":"","overlay-opacity":"","overlay-gradient":""}},"footnotes":""},"categories":[1],"tags":[],"class_list":["post-149569","post","type-post","status-publish","format-standard","hentry","category-sem-categoria"],"yoast_head":"<!-- This site is optimized with the Yoast SEO plugin v26.6 - https:\/\/yoast.com\/wordpress\/plugins\/seo\/ -->\n<title>Marlon Bot\u00e3o prop\u00f5e dispensa remunerada para guardas municipais e agentes de tr\u00e2nsito convocados como testemunhas - Daniel Matos<\/title>\n<meta name=\"robots\" content=\"index, follow, max-snippet:-1, max-image-preview:large, max-video-preview:-1\" \/>\n<link rel=\"canonical\" href=\"https:\/\/www.blogsoestado.com\/danielmatos\/marlon-botao-propoe-dispensa-remunerada-para-guardas-municipais-e-agentes-de-transito-convocados-como-testemunhas\/\" \/>\n<meta property=\"og:locale\" content=\"pt_BR\" \/>\n<meta property=\"og:type\" content=\"article\" \/>\n<meta property=\"og:title\" content=\"Marlon Bot\u00e3o prop\u00f5e dispensa remunerada para guardas municipais e agentes de tr\u00e2nsito convocados como testemunhas - Daniel Matos\" \/>\n<meta property=\"og:description\" content=\"A C\u00e2mara Municipal de S\u00e3o Lu\u00eds recebeu e encaminhou, no dia 7 de outubro, para an\u00e1lise da Comiss\u00e3o de Justi\u00e7a [&hellip;]\" \/>\n<meta property=\"og:url\" content=\"https:\/\/www.blogsoestado.com\/danielmatos\/marlon-botao-propoe-dispensa-remunerada-para-guardas-municipais-e-agentes-de-transito-convocados-como-testemunhas\/\" \/>\n<meta property=\"og:site_name\" content=\"Daniel Matos\" \/>\n<meta property=\"article:published_time\" content=\"2025-10-13T14:05:58+00:00\" \/>\n<meta property=\"article:modified_time\" content=\"2025-10-13T14:06:01+00:00\" \/>\n<meta property=\"og:image\" content=\"https:\/\/www.blogsoestado.com\/danielmatos\/wp-content\/uploads\/sites\/2\/2025\/10\/1003957045.jpg\" \/>\n\t<meta property=\"og:image:width\" content=\"759\" \/>\n\t<meta property=\"og:image:height\" content=\"500\" \/>\n\t<meta property=\"og:image:type\" content=\"image\/jpeg\" \/>\n<meta name=\"author\" content=\"Daniel Matos\" \/>\n<meta name=\"twitter:card\" content=\"summary_large_image\" \/>\n<meta name=\"twitter:label1\" content=\"Escrito por\" \/>\n\t<meta name=\"twitter:data1\" content=\"Daniel Matos\" \/>\n\t<meta name=\"twitter:label2\" content=\"Est. tempo de leitura\" \/>\n\t<meta name=\"twitter:data2\" content=\"3 minutos\" \/>\n<script type=\"application\/ld+json\" class=\"yoast-schema-graph\">{\"@context\":\"https:\/\/schema.org\",\"@graph\":[{\"@type\":\"WebPage\",\"@id\":\"https:\/\/www.blogsoestado.com\/danielmatos\/marlon-botao-propoe-dispensa-remunerada-para-guardas-municipais-e-agentes-de-transito-convocados-como-testemunhas\/\",\"url\":\"https:\/\/www.blogsoestado.com\/danielmatos\/marlon-botao-propoe-dispensa-remunerada-para-guardas-municipais-e-agentes-de-transito-convocados-como-testemunhas\/\",\"name\":\"Marlon Bot\u00e3o prop\u00f5e dispensa remunerada para guardas municipais e agentes de tr\u00e2nsito convocados como testemunhas - Daniel Matos\",\"isPartOf\":{\"@id\":\"https:\/\/www.blogsoestado.com\/danielmatos\/#website\"},\"primaryImageOfPage\":{\"@id\":\"https:\/\/www.blogsoestado.com\/danielmatos\/marlon-botao-propoe-dispensa-remunerada-para-guardas-municipais-e-agentes-de-transito-convocados-como-testemunhas\/#primaryimage\"},\"image\":{\"@id\":\"https:\/\/www.blogsoestado.com\/danielmatos\/marlon-botao-propoe-dispensa-remunerada-para-guardas-municipais-e-agentes-de-transito-convocados-como-testemunhas\/#primaryimage\"},\"thumbnailUrl\":\"https:\/\/www.blogsoestado.com\/danielmatos\/wp-content\/uploads\/sites\/2\/2025\/10\/1003957045.jpg\",\"datePublished\":\"2025-10-13T14:05:58+00:00\",\"dateModified\":\"2025-10-13T14:06:01+00:00\",\"author\":{\"@id\":\"https:\/\/www.blogsoestado.com\/danielmatos\/#\/schema\/person\/9a209d407cd45631f131e1285b661bb0\"},\"breadcrumb\":{\"@id\":\"https:\/\/www.blogsoestado.com\/danielmatos\/marlon-botao-propoe-dispensa-remunerada-para-guardas-municipais-e-agentes-de-transito-convocados-como-testemunhas\/#breadcrumb\"},\"inLanguage\":\"pt-BR\",\"potentialAction\":[{\"@type\":\"ReadAction\",\"target\":[\"https:\/\/www.blogsoestado.com\/danielmatos\/marlon-botao-propoe-dispensa-remunerada-para-guardas-municipais-e-agentes-de-transito-convocados-como-testemunhas\/\"]}]},{\"@type\":\"ImageObject\",\"inLanguage\":\"pt-BR\",\"@id\":\"https:\/\/www.blogsoestado.com\/danielmatos\/marlon-botao-propoe-dispensa-remunerada-para-guardas-municipais-e-agentes-de-transito-convocados-como-testemunhas\/#primaryimage\",\"url\":\"https:\/\/www.blogsoestado.com\/danielmatos\/wp-content\/uploads\/sites\/2\/2025\/10\/1003957045.jpg\",\"contentUrl\":\"https:\/\/www.blogsoestado.com\/danielmatos\/wp-content\/uploads\/sites\/2\/2025\/10\/1003957045.jpg\",\"width\":759,\"height\":500},{\"@type\":\"BreadcrumbList\",\"@id\":\"https:\/\/www.blogsoestado.com\/danielmatos\/marlon-botao-propoe-dispensa-remunerada-para-guardas-municipais-e-agentes-de-transito-convocados-como-testemunhas\/#breadcrumb\",\"itemListElement\":[{\"@type\":\"ListItem\",\"position\":1,\"name\":\"In\u00edcio\",\"item\":\"https:\/\/www.blogsoestado.com\/danielmatos\/\"},{\"@type\":\"ListItem\",\"position\":2,\"name\":\"Marlon Bot\u00e3o prop\u00f5e dispensa remunerada para guardas municipais e agentes de tr\u00e2nsito convocados como testemunhas\"}]},{\"@type\":\"WebSite\",\"@id\":\"https:\/\/www.blogsoestado.com\/danielmatos\/#website\",\"url\":\"https:\/\/www.blogsoestado.com\/danielmatos\/\",\"name\":\"Daniel Matos\",\"description\":\"\",\"potentialAction\":[{\"@type\":\"SearchAction\",\"target\":{\"@type\":\"EntryPoint\",\"urlTemplate\":\"https:\/\/www.blogsoestado.com\/danielmatos\/?s={search_term_string}\"},\"query-input\":{\"@type\":\"PropertyValueSpecification\",\"valueRequired\":true,\"valueName\":\"search_term_string\"}}],\"inLanguage\":\"pt-BR\"},{\"@type\":\"Person\",\"@id\":\"https:\/\/www.blogsoestado.com\/danielmatos\/#\/schema\/person\/9a209d407cd45631f131e1285b661bb0\",\"name\":\"Daniel Matos\",\"image\":{\"@type\":\"ImageObject\",\"inLanguage\":\"pt-BR\",\"@id\":\"https:\/\/www.blogsoestado.com\/danielmatos\/#\/schema\/person\/image\/\",\"url\":\"https:\/\/secure.gravatar.com\/avatar\/2f26c36ee355da19a257f0dfef43952a2588b324ca35d6719e859fe338ac0392?s=96&d=mm&r=g\",\"contentUrl\":\"https:\/\/secure.gravatar.com\/avatar\/2f26c36ee355da19a257f0dfef43952a2588b324ca35d6719e859fe338ac0392?s=96&d=mm&r=g\",\"caption\":\"Daniel Matos\"},\"url\":\"https:\/\/www.blogsoestado.com\/danielmatos\/author\/danielmatos\/\"}]}<\/script>\n<!-- \/ Yoast SEO plugin. -->","yoast_head_json":{"title":"Marlon Bot\u00e3o prop\u00f5e dispensa remunerada para guardas municipais e agentes de tr\u00e2nsito convocados como testemunhas - Daniel Matos","robots":{"index":"index","follow":"follow","max-snippet":"max-snippet:-1","max-image-preview":"max-image-preview:large","max-video-preview":"max-video-preview:-1"},"canonical":"https:\/\/www.blogsoestado.com\/danielmatos\/marlon-botao-propoe-dispensa-remunerada-para-guardas-municipais-e-agentes-de-transito-convocados-como-testemunhas\/","og_locale":"pt_BR","og_type":"article","og_title":"Marlon Bot\u00e3o prop\u00f5e dispensa remunerada para guardas municipais e agentes de tr\u00e2nsito convocados como testemunhas - Daniel Matos","og_description":"A C\u00e2mara Municipal de S\u00e3o Lu\u00eds recebeu e encaminhou, no dia 7 de outubro, para an\u00e1lise da Comiss\u00e3o de Justi\u00e7a [&hellip;]","og_url":"https:\/\/www.blogsoestado.com\/danielmatos\/marlon-botao-propoe-dispensa-remunerada-para-guardas-municipais-e-agentes-de-transito-convocados-como-testemunhas\/","og_site_name":"Daniel Matos","article_published_time":"2025-10-13T14:05:58+00:00","article_modified_time":"2025-10-13T14:06:01+00:00","og_image":[{"width":759,"height":500,"url":"https:\/\/www.blogsoestado.com\/danielmatos\/wp-content\/uploads\/sites\/2\/2025\/10\/1003957045.jpg","type":"image\/jpeg"}],"author":"Daniel Matos","twitter_card":"summary_large_image","twitter_misc":{"Escrito por":"Daniel Matos","Est. tempo de leitura":"3 minutos"},"schema":{"@context":"https:\/\/schema.org","@graph":[{"@type":"WebPage","@id":"https:\/\/www.blogsoestado.com\/danielmatos\/marlon-botao-propoe-dispensa-remunerada-para-guardas-municipais-e-agentes-de-transito-convocados-como-testemunhas\/","url":"https:\/\/www.blogsoestado.com\/danielmatos\/marlon-botao-propoe-dispensa-remunerada-para-guardas-municipais-e-agentes-de-transito-convocados-como-testemunhas\/","name":"Marlon Bot\u00e3o prop\u00f5e dispensa remunerada para guardas municipais e agentes de tr\u00e2nsito convocados como testemunhas - Daniel Matos","isPartOf":{"@id":"https:\/\/www.blogsoestado.com\/danielmatos\/#website"},"primaryImageOfPage":{"@id":"https:\/\/www.blogsoestado.com\/danielmatos\/marlon-botao-propoe-dispensa-remunerada-para-guardas-municipais-e-agentes-de-transito-convocados-como-testemunhas\/#primaryimage"},"image":{"@id":"https:\/\/www.blogsoestado.com\/danielmatos\/marlon-botao-propoe-dispensa-remunerada-para-guardas-municipais-e-agentes-de-transito-convocados-como-testemunhas\/#primaryimage"},"thumbnailUrl":"https:\/\/www.blogsoestado.com\/danielmatos\/wp-content\/uploads\/sites\/2\/2025\/10\/1003957045.jpg","datePublished":"2025-10-13T14:05:58+00:00","dateModified":"2025-10-13T14:06:01+00:00","author":{"@id":"https:\/\/www.blogsoestado.com\/danielmatos\/#\/schema\/person\/9a209d407cd45631f131e1285b661bb0"},"breadcrumb":{"@id":"https:\/\/www.blogsoestado.com\/danielmatos\/marlon-botao-propoe-dispensa-remunerada-para-guardas-municipais-e-agentes-de-transito-convocados-como-testemunhas\/#breadcrumb"},"inLanguage":"pt-BR","potentialAction":[{"@type":"ReadAction","target":["https:\/\/www.blogsoestado.com\/danielmatos\/marlon-botao-propoe-dispensa-remunerada-para-guardas-municipais-e-agentes-de-transito-convocados-como-testemunhas\/"]}]},{"@type":"ImageObject","inLanguage":"pt-BR","@id":"https:\/\/www.blogsoestado.com\/danielmatos\/marlon-botao-propoe-dispensa-remunerada-para-guardas-municipais-e-agentes-de-transito-convocados-como-testemunhas\/#primaryimage","url":"https:\/\/www.blogsoestado.com\/danielmatos\/wp-content\/uploads\/sites\/2\/2025\/10\/1003957045.jpg","contentUrl":"https:\/\/www.blogsoestado.com\/danielmatos\/wp-content\/uploads\/sites\/2\/2025\/10\/1003957045.jpg","width":759,"height":500},{"@type":"BreadcrumbList","@id":"https:\/\/www.blogsoestado.com\/danielmatos\/marlon-botao-propoe-dispensa-remunerada-para-guardas-municipais-e-agentes-de-transito-convocados-como-testemunhas\/#breadcrumb","itemListElement":[{"@type":"ListItem","position":1,"name":"In\u00edcio","item":"https:\/\/www.blogsoestado.com\/danielmatos\/"},{"@type":"ListItem","position":2,"name":"Marlon Bot\u00e3o prop\u00f5e dispensa remunerada para guardas municipais e agentes de tr\u00e2nsito convocados como testemunhas"}]},{"@type":"WebSite","@id":"https:\/\/www.blogsoestado.com\/danielmatos\/#website","url":"https:\/\/www.blogsoestado.com\/danielmatos\/","name":"Daniel Matos","description":"","potentialAction":[{"@type":"SearchAction","target":{"@type":"EntryPoint","urlTemplate":"https:\/\/www.blogsoestado.com\/danielmatos\/?s={search_term_string}"},"query-input":{"@type":"PropertyValueSpecification","valueRequired":true,"valueName":"search_term_string"}}],"inLanguage":"pt-BR"},{"@type":"Person","@id":"https:\/\/www.blogsoestado.com\/danielmatos\/#\/schema\/person\/9a209d407cd45631f131e1285b661bb0","name":"Daniel Matos","image":{"@type":"ImageObject","inLanguage":"pt-BR","@id":"https:\/\/www.blogsoestado.com\/danielmatos\/#\/schema\/person\/image\/","url":"https:\/\/secure.gravatar.com\/avatar\/2f26c36ee355da19a257f0dfef43952a2588b324ca35d6719e859fe338ac0392?s=96&d=mm&r=g","contentUrl":"https:\/\/secure.gravatar.com\/avatar\/2f26c36ee355da19a257f0dfef43952a2588b324ca35d6719e859fe338ac0392?s=96&d=mm&r=g","caption":"Daniel Matos"},"url":"https:\/\/www.blogsoestado.com\/danielmatos\/author\/danielmatos\/"}]}},"jetpack_featured_media_url":"","_links":{"self":[{"href":"https:\/\/www.blogsoestado.com\/danielmatos\/wp-json\/wp\/v2\/posts\/149569","targetHints":{"allow":["GET"]}}],"collection":[{"href":"https:\/\/www.blogsoestado.com\/danielmatos\/wp-json\/wp\/v2\/posts"}],"about":[{"href":"https:\/\/www.blogsoestado.com\/danielmatos\/wp-json\/wp\/v2\/types\/post"}],"author":[{"embeddable":true,"href":"https:\/\/www.blogsoestado.com\/danielmatos\/wp-json\/wp\/v2\/users\/2"}],"replies":[{"embeddable":true,"href":"https:\/\/www.blogsoestado.com\/danielmatos\/wp-json\/wp\/v2\/comments?post=149569"}],"version-history":[{"count":1,"href":"https:\/\/www.blogsoestado.com\/danielmatos\/wp-json\/wp\/v2\/posts\/149569\/revisions"}],"predecessor-version":[{"id":149571,"href":"https:\/\/www.blogsoestado.com\/danielmatos\/wp-json\/wp\/v2\/posts\/149569\/revisions\/149571"}],"wp:attachment":[{"href":"https:\/\/www.blogsoestado.com\/danielmatos\/wp-json\/wp\/v2\/media?parent=149569"}],"wp:term":[{"taxonomy":"category","embeddable":true,"href":"https:\/\/www.blogsoestado.com\/danielmatos\/wp-json\/wp\/v2\/categories?post=149569"},{"taxonomy":"post_tag","embeddable":true,"href":"https:\/\/www.blogsoestado.com\/danielmatos\/wp-json\/wp\/v2\/tags?post=149569"}],"curies":[{"name":"wp","href":"https:\/\/api.w.org\/{rel}","templated":true}]}}