{"id":149572,"date":"2025-10-13T11:36:48","date_gmt":"2025-10-13T14:36:48","guid":{"rendered":"https:\/\/www.blogsoestado.com\/danielmatos\/?p=149572"},"modified":"2025-10-13T11:36:52","modified_gmt":"2025-10-13T14:36:52","slug":"colheita-de-afetos-e-memorias","status":"publish","type":"post","link":"https:\/\/www.blogsoestado.com\/danielmatos\/colheita-de-afetos-e-memorias\/","title":{"rendered":"Colheita de afetos e mem\u00f3rias"},"content":{"rendered":"\n<p><strong>Por Natalino Salgado Filho*<\/strong><\/p>\n\n\n\n<figure class=\"wp-block-image aligncenter size-large\"><img fetchpriority=\"high\" decoding=\"async\" width=\"1024\" height=\"675\" src=\"https:\/\/www.blogsoestado.com\/danielmatos\/wp-content\/uploads\/sites\/2\/2025\/10\/1003957213-1024x675.png\" alt=\"\" class=\"wp-image-149574\" srcset=\"https:\/\/www.blogsoestado.com\/danielmatos\/wp-content\/uploads\/sites\/2\/2025\/10\/1003957213-1024x675.png 1024w, https:\/\/www.blogsoestado.com\/danielmatos\/wp-content\/uploads\/sites\/2\/2025\/10\/1003957213-300x198.png 300w, https:\/\/www.blogsoestado.com\/danielmatos\/wp-content\/uploads\/sites\/2\/2025\/10\/1003957213-768x506.png 768w, https:\/\/www.blogsoestado.com\/danielmatos\/wp-content\/uploads\/sites\/2\/2025\/10\/1003957213.png 1080w\" sizes=\"(max-width: 1024px) 100vw, 1024px\" \/><figcaption class=\"wp-element-caption\">A escritora Ceres Costa Fernandes entre os confrades da Academia Maranhense de Letras Natalino Salgado Filho e Lourival Serejo <\/figcaption><\/figure>\n\n\n\n<p>O nome Ceres j\u00e1 traz em si o alegre press\u00e1gio de colheita e abund\u00e2ncia. E foi exatamente isso o que aconteceu no Convento das Merc\u00eas, na noite de quinta-feira (9): uma colheita de palavras, afetos e mem\u00f3rias, sob o brilho sereno de uma lua que iluminava o p\u00e1tio e parecia aben\u00e7oar o momento que a escritora, ensa\u00edsta e cronista Ceres Costa Fernandes brindou seus leitores com quatro obras: os relan\u00e7amentos &#8220;Apontamentos de Literatura Medieval&#8221; e &#8220;Caf\u00e9 Liter\u00e1rio&#8221;, e os in\u00e9ditos &#8220;Contos de Desamor&#8221; e &#8220;De Peixes &amp; Solid\u00e3o&#8221;.<\/p>\n\n\n\n<p>O ambiente n\u00e3o poderia ser mais especial: al\u00e9m da presen\u00e7a marcante de escritores, acad\u00eamicos, artistas e leitores, a noite foi temperada pela boa m\u00fasica. Uma pocket banda, com cordas e teclados, envolveu o evento em uma atmosfera sonora delicada, que se entrela\u00e7ava com as palavras da autora, tornando o lan\u00e7amento n\u00e3o apenas uma celebra\u00e7\u00e3o liter\u00e1ria, mas uma experi\u00eancia est\u00e9tica completa.<\/p>\n\n\n\n<figure class=\"wp-block-image aligncenter size-large\"><img decoding=\"async\" width=\"1024\" height=\"676\" src=\"https:\/\/www.blogsoestado.com\/danielmatos\/wp-content\/uploads\/sites\/2\/2025\/10\/1003957214-1024x676.png\" alt=\"\" class=\"wp-image-149575\" srcset=\"https:\/\/www.blogsoestado.com\/danielmatos\/wp-content\/uploads\/sites\/2\/2025\/10\/1003957214-1024x676.png 1024w, https:\/\/www.blogsoestado.com\/danielmatos\/wp-content\/uploads\/sites\/2\/2025\/10\/1003957214-300x198.png 300w, https:\/\/www.blogsoestado.com\/danielmatos\/wp-content\/uploads\/sites\/2\/2025\/10\/1003957214-768x507.png 768w, https:\/\/www.blogsoestado.com\/danielmatos\/wp-content\/uploads\/sites\/2\/2025\/10\/1003957214.png 1080w\" sizes=\"(max-width: 1024px) 100vw, 1024px\" \/><figcaption class=\"wp-element-caption\">Ceres Costa Fernandes com os confrades da AML F\u00e9lix Alberto Lima e Natalino Salgado Filho e o professor Ramiro Azevedo<\/figcaption><\/figure>\n\n\n\n<p>Ceres evocou lembran\u00e7as do Caf\u00e9 Liter\u00e1rio, projeto que idealizou e que marcou a vida cultural maranhense, reunindo, durante anos, palestrantes renomados e plateias numerosas. &#8220;Foi um trabalho prazeroso, que parecia apenas divers\u00e3o, encontro, companhia&#8221;, disse, lembrando com carinho os dias em que a literatura, o pensamento e o di\u00e1logo encheram de vida e brilho o Centro de Criatividade Odylo Costa, filho.<\/p>\n\n\n\n<p>Falando de sua pr\u00f3pria obra, Ceres confessou: &#8220;Minhas cr\u00f4nicas s\u00e3o espelhos de mim mesma, dos meus medos, dos meus desencantos, da minha constante mudan\u00e7a de ideias. S\u00e3o Lu\u00eds \u00e9 meu maior cen\u00e1rio&#8221;. Da inf\u00e2ncia rica de significados aos encontros com escritores franceses, portugueses e Monteiro Lobato, sua forma\u00e7\u00e3o liter\u00e1ria revela-se como um mosaico sofisticado.<\/p>\n\n\n\n<figure class=\"wp-block-image aligncenter size-large\"><img decoding=\"async\" width=\"1024\" height=\"682\" src=\"https:\/\/www.blogsoestado.com\/danielmatos\/wp-content\/uploads\/sites\/2\/2025\/10\/1003957215-1024x682.png\" alt=\"\" class=\"wp-image-149573\" srcset=\"https:\/\/www.blogsoestado.com\/danielmatos\/wp-content\/uploads\/sites\/2\/2025\/10\/1003957215-1024x682.png 1024w, https:\/\/www.blogsoestado.com\/danielmatos\/wp-content\/uploads\/sites\/2\/2025\/10\/1003957215-300x200.png 300w, https:\/\/www.blogsoestado.com\/danielmatos\/wp-content\/uploads\/sites\/2\/2025\/10\/1003957215-768x511.png 768w, https:\/\/www.blogsoestado.com\/danielmatos\/wp-content\/uploads\/sites\/2\/2025\/10\/1003957215.png 1080w\" sizes=\"(max-width: 1024px) 100vw, 1024px\" \/><figcaption class=\"wp-element-caption\">Os acad\u00eamicos Natalino Salgado Filho e Daniel Blume e amigos <\/figcaption><\/figure>\n\n\n\n<p>Nos in\u00e9ditos, ela tocou o cora\u00e7\u00e3o do p\u00fablico: em &#8220;Contos de Desamor&#8221;, ela comentou que ondas distintas invadem os que amam e os que desamam; em &#8220;De Peixes &amp; Solid\u00e3o&#8221;, ela explicou que se trata de delicada hist\u00f3ria que envolve um menino, sua av\u00f3 e um peixe.<\/p>\n\n\n\n<p>Daniel Blume, um de seus interlocutores no breve bate-papo com o qual a escritora brindou o p\u00fablico sobre seu processo de escrita e sua cosmovis\u00e3o, afirmou ser Ceres a maior escritora brasileira viva e a igualou \u00e0 igualmente genial Lya Luft. Naquela noite enluarada, ficou evidente que Ceres Costa Fernandes domina essa arte rara: saber quando a palavra precisa florir e quando o sil\u00eancio \u00e9 tamb\u00e9m literatura. Entre livros, m\u00fasica e a lua cheia, S\u00e3o Lu\u00eds testemunhou uma noite de beleza rara, onde a colheita de Ceres foi celebrada como um presente \u00e0 cidade e \u00e0 literatura maranhense. Com afeto e muito carinho a uma especial amiga. Parab\u00e9ns!<\/p>\n","protected":false},"excerpt":{"rendered":"<p>Por Natalino Salgado Filho* O nome Ceres j\u00e1 traz em si o alegre press\u00e1gio de colheita e abund\u00e2ncia. E foi [&hellip;]<\/p>\n","protected":false},"author":2,"featured_media":0,"comment_status":"open","ping_status":"open","sticky":false,"template":"","format":"standard","meta":{"site-sidebar-layout":"default","site-content-layout":"","ast-site-content-layout":"default","site-content-style":"default","site-sidebar-style":"default","ast-global-header-display":"","ast-banner-title-visibility":"","ast-main-header-display":"","ast-hfb-above-header-display":"","ast-hfb-below-header-display":"","ast-hfb-mobile-header-display":"","site-post-title":"","ast-breadcrumbs-content":"","ast-featured-img":"","footer-sml-layout":"","ast-disable-related-posts":"","theme-transparent-header-meta":"","adv-header-id-meta":"","stick-header-meta":"","header-above-stick-meta":"","header-main-stick-meta":"","header-below-stick-meta":"","astra-migrate-meta-layouts":"default","ast-page-background-enabled":"default","ast-page-background-meta":{"desktop":{"background-color":"var(--ast-global-color-5)","background-image":"","background-repeat":"repeat","background-position":"center center","background-size":"auto","background-attachment":"scroll","background-type":"","background-media":"","overlay-type":"","overlay-color":"","overlay-opacity":"","overlay-gradient":""},"tablet":{"background-color":"","background-image":"","background-repeat":"repeat","background-position":"center center","background-size":"auto","background-attachment":"scroll","background-type":"","background-media":"","overlay-type":"","overlay-color":"","overlay-opacity":"","overlay-gradient":""},"mobile":{"background-color":"","background-image":"","background-repeat":"repeat","background-position":"center center","background-size":"auto","background-attachment":"scroll","background-type":"","background-media":"","overlay-type":"","overlay-color":"","overlay-opacity":"","overlay-gradient":""}},"ast-content-background-meta":{"desktop":{"background-color":"var(--ast-global-color-4)","background-image":"","background-repeat":"repeat","background-position":"center center","background-size":"auto","background-attachment":"scroll","background-type":"","background-media":"","overlay-type":"","overlay-color":"","overlay-opacity":"","overlay-gradient":""},"tablet":{"background-color":"var(--ast-global-color-4)","background-image":"","background-repeat":"repeat","background-position":"center center","background-size":"auto","background-attachment":"scroll","background-type":"","background-media":"","overlay-type":"","overlay-color":"","overlay-opacity":"","overlay-gradient":""},"mobile":{"background-color":"var(--ast-global-color-4)","background-image":"","background-repeat":"repeat","background-position":"center center","background-size":"auto","background-attachment":"scroll","background-type":"","background-media":"","overlay-type":"","overlay-color":"","overlay-opacity":"","overlay-gradient":""}},"footnotes":""},"categories":[1],"tags":[],"class_list":["post-149572","post","type-post","status-publish","format-standard","hentry","category-sem-categoria"],"yoast_head":"<!-- This site is optimized with the Yoast SEO plugin v26.6 - https:\/\/yoast.com\/wordpress\/plugins\/seo\/ -->\n<title>Colheita de afetos e mem\u00f3rias - Daniel Matos<\/title>\n<meta name=\"robots\" content=\"index, follow, max-snippet:-1, max-image-preview:large, max-video-preview:-1\" \/>\n<link rel=\"canonical\" href=\"https:\/\/www.blogsoestado.com\/danielmatos\/colheita-de-afetos-e-memorias\/\" \/>\n<meta property=\"og:locale\" content=\"pt_BR\" \/>\n<meta property=\"og:type\" content=\"article\" \/>\n<meta property=\"og:title\" content=\"Colheita de afetos e mem\u00f3rias - Daniel Matos\" \/>\n<meta property=\"og:description\" content=\"Por Natalino Salgado Filho* O nome Ceres j\u00e1 traz em si o alegre press\u00e1gio de colheita e abund\u00e2ncia. E foi [&hellip;]\" \/>\n<meta property=\"og:url\" content=\"https:\/\/www.blogsoestado.com\/danielmatos\/colheita-de-afetos-e-memorias\/\" \/>\n<meta property=\"og:site_name\" content=\"Daniel Matos\" \/>\n<meta property=\"article:published_time\" content=\"2025-10-13T14:36:48+00:00\" \/>\n<meta property=\"article:modified_time\" content=\"2025-10-13T14:36:52+00:00\" \/>\n<meta property=\"og:image\" content=\"https:\/\/www.blogsoestado.com\/danielmatos\/wp-content\/uploads\/sites\/2\/2025\/10\/1003957213.png\" \/>\n\t<meta property=\"og:image:width\" content=\"1080\" \/>\n\t<meta property=\"og:image:height\" content=\"712\" \/>\n\t<meta property=\"og:image:type\" content=\"image\/png\" \/>\n<meta name=\"author\" content=\"Daniel Matos\" \/>\n<meta name=\"twitter:card\" content=\"summary_large_image\" \/>\n<meta name=\"twitter:label1\" content=\"Escrito por\" \/>\n\t<meta name=\"twitter:data1\" content=\"Daniel Matos\" \/>\n\t<meta name=\"twitter:label2\" content=\"Est. tempo de leitura\" \/>\n\t<meta name=\"twitter:data2\" content=\"4 minutos\" \/>\n<script type=\"application\/ld+json\" class=\"yoast-schema-graph\">{\"@context\":\"https:\/\/schema.org\",\"@graph\":[{\"@type\":\"WebPage\",\"@id\":\"https:\/\/www.blogsoestado.com\/danielmatos\/colheita-de-afetos-e-memorias\/\",\"url\":\"https:\/\/www.blogsoestado.com\/danielmatos\/colheita-de-afetos-e-memorias\/\",\"name\":\"Colheita de afetos e mem\u00f3rias - Daniel Matos\",\"isPartOf\":{\"@id\":\"https:\/\/www.blogsoestado.com\/danielmatos\/#website\"},\"primaryImageOfPage\":{\"@id\":\"https:\/\/www.blogsoestado.com\/danielmatos\/colheita-de-afetos-e-memorias\/#primaryimage\"},\"image\":{\"@id\":\"https:\/\/www.blogsoestado.com\/danielmatos\/colheita-de-afetos-e-memorias\/#primaryimage\"},\"thumbnailUrl\":\"https:\/\/www.blogsoestado.com\/danielmatos\/wp-content\/uploads\/sites\/2\/2025\/10\/1003957213-1024x675.png\",\"datePublished\":\"2025-10-13T14:36:48+00:00\",\"dateModified\":\"2025-10-13T14:36:52+00:00\",\"author\":{\"@id\":\"https:\/\/www.blogsoestado.com\/danielmatos\/#\/schema\/person\/9a209d407cd45631f131e1285b661bb0\"},\"breadcrumb\":{\"@id\":\"https:\/\/www.blogsoestado.com\/danielmatos\/colheita-de-afetos-e-memorias\/#breadcrumb\"},\"inLanguage\":\"pt-BR\",\"potentialAction\":[{\"@type\":\"ReadAction\",\"target\":[\"https:\/\/www.blogsoestado.com\/danielmatos\/colheita-de-afetos-e-memorias\/\"]}]},{\"@type\":\"ImageObject\",\"inLanguage\":\"pt-BR\",\"@id\":\"https:\/\/www.blogsoestado.com\/danielmatos\/colheita-de-afetos-e-memorias\/#primaryimage\",\"url\":\"https:\/\/www.blogsoestado.com\/danielmatos\/wp-content\/uploads\/sites\/2\/2025\/10\/1003957213.png\",\"contentUrl\":\"https:\/\/www.blogsoestado.com\/danielmatos\/wp-content\/uploads\/sites\/2\/2025\/10\/1003957213.png\",\"width\":1080,\"height\":712},{\"@type\":\"BreadcrumbList\",\"@id\":\"https:\/\/www.blogsoestado.com\/danielmatos\/colheita-de-afetos-e-memorias\/#breadcrumb\",\"itemListElement\":[{\"@type\":\"ListItem\",\"position\":1,\"name\":\"In\u00edcio\",\"item\":\"https:\/\/www.blogsoestado.com\/danielmatos\/\"},{\"@type\":\"ListItem\",\"position\":2,\"name\":\"Colheita de afetos e mem\u00f3rias\"}]},{\"@type\":\"WebSite\",\"@id\":\"https:\/\/www.blogsoestado.com\/danielmatos\/#website\",\"url\":\"https:\/\/www.blogsoestado.com\/danielmatos\/\",\"name\":\"Daniel Matos\",\"description\":\"\",\"potentialAction\":[{\"@type\":\"SearchAction\",\"target\":{\"@type\":\"EntryPoint\",\"urlTemplate\":\"https:\/\/www.blogsoestado.com\/danielmatos\/?s={search_term_string}\"},\"query-input\":{\"@type\":\"PropertyValueSpecification\",\"valueRequired\":true,\"valueName\":\"search_term_string\"}}],\"inLanguage\":\"pt-BR\"},{\"@type\":\"Person\",\"@id\":\"https:\/\/www.blogsoestado.com\/danielmatos\/#\/schema\/person\/9a209d407cd45631f131e1285b661bb0\",\"name\":\"Daniel Matos\",\"image\":{\"@type\":\"ImageObject\",\"inLanguage\":\"pt-BR\",\"@id\":\"https:\/\/www.blogsoestado.com\/danielmatos\/#\/schema\/person\/image\/\",\"url\":\"https:\/\/secure.gravatar.com\/avatar\/2f26c36ee355da19a257f0dfef43952a2588b324ca35d6719e859fe338ac0392?s=96&d=mm&r=g\",\"contentUrl\":\"https:\/\/secure.gravatar.com\/avatar\/2f26c36ee355da19a257f0dfef43952a2588b324ca35d6719e859fe338ac0392?s=96&d=mm&r=g\",\"caption\":\"Daniel Matos\"},\"url\":\"https:\/\/www.blogsoestado.com\/danielmatos\/author\/danielmatos\/\"}]}<\/script>\n<!-- \/ Yoast SEO plugin. -->","yoast_head_json":{"title":"Colheita de afetos e mem\u00f3rias - Daniel Matos","robots":{"index":"index","follow":"follow","max-snippet":"max-snippet:-1","max-image-preview":"max-image-preview:large","max-video-preview":"max-video-preview:-1"},"canonical":"https:\/\/www.blogsoestado.com\/danielmatos\/colheita-de-afetos-e-memorias\/","og_locale":"pt_BR","og_type":"article","og_title":"Colheita de afetos e mem\u00f3rias - Daniel Matos","og_description":"Por Natalino Salgado Filho* O nome Ceres j\u00e1 traz em si o alegre press\u00e1gio de colheita e abund\u00e2ncia. E foi [&hellip;]","og_url":"https:\/\/www.blogsoestado.com\/danielmatos\/colheita-de-afetos-e-memorias\/","og_site_name":"Daniel Matos","article_published_time":"2025-10-13T14:36:48+00:00","article_modified_time":"2025-10-13T14:36:52+00:00","og_image":[{"width":1080,"height":712,"url":"https:\/\/www.blogsoestado.com\/danielmatos\/wp-content\/uploads\/sites\/2\/2025\/10\/1003957213.png","type":"image\/png"}],"author":"Daniel Matos","twitter_card":"summary_large_image","twitter_misc":{"Escrito por":"Daniel Matos","Est. tempo de leitura":"4 minutos"},"schema":{"@context":"https:\/\/schema.org","@graph":[{"@type":"WebPage","@id":"https:\/\/www.blogsoestado.com\/danielmatos\/colheita-de-afetos-e-memorias\/","url":"https:\/\/www.blogsoestado.com\/danielmatos\/colheita-de-afetos-e-memorias\/","name":"Colheita de afetos e mem\u00f3rias - Daniel Matos","isPartOf":{"@id":"https:\/\/www.blogsoestado.com\/danielmatos\/#website"},"primaryImageOfPage":{"@id":"https:\/\/www.blogsoestado.com\/danielmatos\/colheita-de-afetos-e-memorias\/#primaryimage"},"image":{"@id":"https:\/\/www.blogsoestado.com\/danielmatos\/colheita-de-afetos-e-memorias\/#primaryimage"},"thumbnailUrl":"https:\/\/www.blogsoestado.com\/danielmatos\/wp-content\/uploads\/sites\/2\/2025\/10\/1003957213-1024x675.png","datePublished":"2025-10-13T14:36:48+00:00","dateModified":"2025-10-13T14:36:52+00:00","author":{"@id":"https:\/\/www.blogsoestado.com\/danielmatos\/#\/schema\/person\/9a209d407cd45631f131e1285b661bb0"},"breadcrumb":{"@id":"https:\/\/www.blogsoestado.com\/danielmatos\/colheita-de-afetos-e-memorias\/#breadcrumb"},"inLanguage":"pt-BR","potentialAction":[{"@type":"ReadAction","target":["https:\/\/www.blogsoestado.com\/danielmatos\/colheita-de-afetos-e-memorias\/"]}]},{"@type":"ImageObject","inLanguage":"pt-BR","@id":"https:\/\/www.blogsoestado.com\/danielmatos\/colheita-de-afetos-e-memorias\/#primaryimage","url":"https:\/\/www.blogsoestado.com\/danielmatos\/wp-content\/uploads\/sites\/2\/2025\/10\/1003957213.png","contentUrl":"https:\/\/www.blogsoestado.com\/danielmatos\/wp-content\/uploads\/sites\/2\/2025\/10\/1003957213.png","width":1080,"height":712},{"@type":"BreadcrumbList","@id":"https:\/\/www.blogsoestado.com\/danielmatos\/colheita-de-afetos-e-memorias\/#breadcrumb","itemListElement":[{"@type":"ListItem","position":1,"name":"In\u00edcio","item":"https:\/\/www.blogsoestado.com\/danielmatos\/"},{"@type":"ListItem","position":2,"name":"Colheita de afetos e mem\u00f3rias"}]},{"@type":"WebSite","@id":"https:\/\/www.blogsoestado.com\/danielmatos\/#website","url":"https:\/\/www.blogsoestado.com\/danielmatos\/","name":"Daniel Matos","description":"","potentialAction":[{"@type":"SearchAction","target":{"@type":"EntryPoint","urlTemplate":"https:\/\/www.blogsoestado.com\/danielmatos\/?s={search_term_string}"},"query-input":{"@type":"PropertyValueSpecification","valueRequired":true,"valueName":"search_term_string"}}],"inLanguage":"pt-BR"},{"@type":"Person","@id":"https:\/\/www.blogsoestado.com\/danielmatos\/#\/schema\/person\/9a209d407cd45631f131e1285b661bb0","name":"Daniel Matos","image":{"@type":"ImageObject","inLanguage":"pt-BR","@id":"https:\/\/www.blogsoestado.com\/danielmatos\/#\/schema\/person\/image\/","url":"https:\/\/secure.gravatar.com\/avatar\/2f26c36ee355da19a257f0dfef43952a2588b324ca35d6719e859fe338ac0392?s=96&d=mm&r=g","contentUrl":"https:\/\/secure.gravatar.com\/avatar\/2f26c36ee355da19a257f0dfef43952a2588b324ca35d6719e859fe338ac0392?s=96&d=mm&r=g","caption":"Daniel Matos"},"url":"https:\/\/www.blogsoestado.com\/danielmatos\/author\/danielmatos\/"}]}},"jetpack_featured_media_url":"","_links":{"self":[{"href":"https:\/\/www.blogsoestado.com\/danielmatos\/wp-json\/wp\/v2\/posts\/149572","targetHints":{"allow":["GET"]}}],"collection":[{"href":"https:\/\/www.blogsoestado.com\/danielmatos\/wp-json\/wp\/v2\/posts"}],"about":[{"href":"https:\/\/www.blogsoestado.com\/danielmatos\/wp-json\/wp\/v2\/types\/post"}],"author":[{"embeddable":true,"href":"https:\/\/www.blogsoestado.com\/danielmatos\/wp-json\/wp\/v2\/users\/2"}],"replies":[{"embeddable":true,"href":"https:\/\/www.blogsoestado.com\/danielmatos\/wp-json\/wp\/v2\/comments?post=149572"}],"version-history":[{"count":1,"href":"https:\/\/www.blogsoestado.com\/danielmatos\/wp-json\/wp\/v2\/posts\/149572\/revisions"}],"predecessor-version":[{"id":149576,"href":"https:\/\/www.blogsoestado.com\/danielmatos\/wp-json\/wp\/v2\/posts\/149572\/revisions\/149576"}],"wp:attachment":[{"href":"https:\/\/www.blogsoestado.com\/danielmatos\/wp-json\/wp\/v2\/media?parent=149572"}],"wp:term":[{"taxonomy":"category","embeddable":true,"href":"https:\/\/www.blogsoestado.com\/danielmatos\/wp-json\/wp\/v2\/categories?post=149572"},{"taxonomy":"post_tag","embeddable":true,"href":"https:\/\/www.blogsoestado.com\/danielmatos\/wp-json\/wp\/v2\/tags?post=149572"}],"curies":[{"name":"wp","href":"https:\/\/api.w.org\/{rel}","templated":true}]}}