{"id":149582,"date":"2025-10-13T14:07:33","date_gmt":"2025-10-13T17:07:33","guid":{"rendered":"https:\/\/www.blogsoestado.com\/danielmatos\/?p=149582"},"modified":"2025-10-13T14:07:37","modified_gmt":"2025-10-13T17:07:37","slug":"grupo-potiguar-reforca-conscientizacao-sobre-prevencao-do-cancer-de-mama-em-acoes-do-outubro-rosa","status":"publish","type":"post","link":"https:\/\/www.blogsoestado.com\/danielmatos\/grupo-potiguar-reforca-conscientizacao-sobre-prevencao-do-cancer-de-mama-em-acoes-do-outubro-rosa\/","title":{"rendered":"Grupo Potiguar refor\u00e7a conscientiza\u00e7\u00e3o sobre preven\u00e7\u00e3o do c\u00e2ncer de mama em a\u00e7\u00f5es do Outubro Rosa"},"content":{"rendered":"\n<figure class=\"wp-block-image aligncenter size-large\"><img fetchpriority=\"high\" decoding=\"async\" width=\"1024\" height=\"768\" src=\"https:\/\/www.blogsoestado.com\/danielmatos\/wp-content\/uploads\/sites\/2\/2025\/10\/1003958682-1024x768.jpg\" alt=\"\" class=\"wp-image-149583\" srcset=\"https:\/\/www.blogsoestado.com\/danielmatos\/wp-content\/uploads\/sites\/2\/2025\/10\/1003958682-1024x768.jpg 1024w, https:\/\/www.blogsoestado.com\/danielmatos\/wp-content\/uploads\/sites\/2\/2025\/10\/1003958682-300x225.jpg 300w, https:\/\/www.blogsoestado.com\/danielmatos\/wp-content\/uploads\/sites\/2\/2025\/10\/1003958682-768x576.jpg 768w, https:\/\/www.blogsoestado.com\/danielmatos\/wp-content\/uploads\/sites\/2\/2025\/10\/1003958682.jpg 1280w\" sizes=\"(max-width: 1024px) 100vw, 1024px\" \/><figcaption class=\"wp-element-caption\">Palestra da Coordenadora do SESC-Sa\u00fade em S\u00e3o Lu\u00eds, Geisa Cutrim, na programa\u00e7\u00e3o do Outubro Rosa na loja Potiguar do Centro<\/figcaption><\/figure>\n\n\n\n<p>Em sintonia com a campanha Outubro Rosa, o Grupo Potiguar tem promovido, ao longo do m\u00eas, uma s\u00e9rie de encontros em suas lojas voltados \u00e0 conscientiza\u00e7\u00e3o sobre o c\u00e2ncer de mama.<\/p>\n\n\n\n<p>As a\u00e7\u00f5es, voltadas principalmente \u00e0s colaboradoras, buscam refor\u00e7ar a import\u00e2ncia do autocuidado, do diagn\u00f3stico precoce e da informa\u00e7\u00e3o como aliadas na preven\u00e7\u00e3o da doen\u00e7a.<\/p>\n\n\n\n<p><strong>Hist\u00f3rias que inspiram e fortalecem<\/strong><\/p>\n\n\n\n<p>Nas unidades da Forquilha e da Cohama, o evento contou com o depimento emocionante de Mariana Barros, representante comercial e parceira da Potiguar h\u00e1 uma d\u00e9cada. Aos 29 anos, em 2018, Mariana recebeu o diagn\u00f3stico de c\u00e2ncer de mama. Ap\u00f3s tratamento e sete anos de acompanhamento m\u00e9dico, ela celebrou recentemente o diagn\u00f3stico de cura, transformando sua hist\u00f3ria de supera\u00e7\u00e3o em um exemplo de f\u00e9 e coragem.<\/p>\n\n\n\n<figure class=\"wp-block-image aligncenter size-large\"><img decoding=\"async\" width=\"1024\" height=\"472\" src=\"https:\/\/www.blogsoestado.com\/danielmatos\/wp-content\/uploads\/sites\/2\/2025\/10\/1003958681-1024x472.jpg\" alt=\"\" class=\"wp-image-149584\" srcset=\"https:\/\/www.blogsoestado.com\/danielmatos\/wp-content\/uploads\/sites\/2\/2025\/10\/1003958681-1024x472.jpg 1024w, https:\/\/www.blogsoestado.com\/danielmatos\/wp-content\/uploads\/sites\/2\/2025\/10\/1003958681-300x138.jpg 300w, https:\/\/www.blogsoestado.com\/danielmatos\/wp-content\/uploads\/sites\/2\/2025\/10\/1003958681-768x354.jpg 768w, https:\/\/www.blogsoestado.com\/danielmatos\/wp-content\/uploads\/sites\/2\/2025\/10\/1003958681.jpg 1280w\" sizes=\"(max-width: 1024px) 100vw, 1024px\" \/><figcaption class=\"wp-element-caption\">A representante comercial Mariana Barros deu seu testemunho de tratamento e cura do c\u00e2ncer de mama na loja Potiguar da Cohama<\/figcaption><\/figure>\n\n\n\n<p>\u201cN\u00e3o existe idade m\u00ednima para o cuidado. O toque e a aten\u00e7\u00e3o aos sinais do corpo salvam vidas\u201d, destacou Mariana, que emocionou as participantes ao relatar os desafios e aprendizados vividos durante o processo de tratamento at\u00e9 a cura.<\/p>\n\n\n\n<p>Os encontros contaram ainda com a presen\u00e7a da Lindeza Cosmeteria, que ofereceu mimos e descontos em produtos de bem-estar, refor\u00e7ando o conceito de que o autocuidado tamb\u00e9m envolve momentos de carinho e autoestima.<\/p>\n\n\n\n<figure class=\"wp-block-image aligncenter size-large\"><img decoding=\"async\" width=\"1024\" height=\"598\" src=\"https:\/\/www.blogsoestado.com\/danielmatos\/wp-content\/uploads\/sites\/2\/2025\/10\/1003958684-1024x598.jpg\" alt=\"\" class=\"wp-image-149585\" srcset=\"https:\/\/www.blogsoestado.com\/danielmatos\/wp-content\/uploads\/sites\/2\/2025\/10\/1003958684-1024x598.jpg 1024w, https:\/\/www.blogsoestado.com\/danielmatos\/wp-content\/uploads\/sites\/2\/2025\/10\/1003958684-300x175.jpg 300w, https:\/\/www.blogsoestado.com\/danielmatos\/wp-content\/uploads\/sites\/2\/2025\/10\/1003958684-768x449.jpg 768w, https:\/\/www.blogsoestado.com\/danielmatos\/wp-content\/uploads\/sites\/2\/2025\/10\/1003958684.jpg 1280w\" sizes=\"(max-width: 1024px) 100vw, 1024px\" \/><figcaption class=\"wp-element-caption\">A palestrante convidada, Mariana Barros,.entre as colaboradoras da Potiguar da Forquilha no evento alusivo ao Outubro Rosa<\/figcaption><\/figure>\n\n\n\n<p>Na loja do Centro, a programa\u00e7\u00e3o contou com a parceria do Servi\u00e7o Social do Com\u00e9rcio (SESC). A atividade foi conduzida por Geisa, coordenadora do SESC-Sa\u00fade em S\u00e3o Lu\u00eds, que destacou a import\u00e2ncia de manter h\u00e1bitos saud\u00e1veis e realizar exames preventivos regularmente. A a\u00e7\u00e3o teve ainda sorteios de brindes de bem-estar, promovendo um ambiente de integra\u00e7\u00e3o e aprendizado entre colaboradoras e clientes.<\/p>\n\n\n\n<p><strong>Compromisso com a sa\u00fade e o bem-estar<\/strong><\/p>\n\n\n\n<p>Com iniciativas como essas, o Grupo Potiguar refor\u00e7a seu compromisso social com a sa\u00fade das mulheres, levando informa\u00e7\u00e3o e acolhimento para dentro do ambiente de trabalho. A campanha Outubro Rosa, mais do que um s\u00edmbolo, se consolida como um movimento de conscientiza\u00e7\u00e3o cont\u00ednuo, em que cada di\u00e1logo, palestra ou gesto solid\u00e1rio contribui para salvar vidas e fortalecer o protagonismo feminino.<\/p>\n\n\n\n<figure class=\"wp-block-image aligncenter size-large\"><img loading=\"lazy\" decoding=\"async\" width=\"1024\" height=\"768\" src=\"https:\/\/www.blogsoestado.com\/danielmatos\/wp-content\/uploads\/sites\/2\/2025\/10\/1003958686-1-1024x768.jpg\" alt=\"\" class=\"wp-image-149588\" srcset=\"https:\/\/www.blogsoestado.com\/danielmatos\/wp-content\/uploads\/sites\/2\/2025\/10\/1003958686-1-1024x768.jpg 1024w, https:\/\/www.blogsoestado.com\/danielmatos\/wp-content\/uploads\/sites\/2\/2025\/10\/1003958686-1-300x225.jpg 300w, https:\/\/www.blogsoestado.com\/danielmatos\/wp-content\/uploads\/sites\/2\/2025\/10\/1003958686-1-768x576.jpg 768w, https:\/\/www.blogsoestado.com\/danielmatos\/wp-content\/uploads\/sites\/2\/2025\/10\/1003958686-1.jpg 1280w\" sizes=\"(max-width: 1024px) 100vw, 1024px\" \/><figcaption class=\"wp-element-caption\">A coordenadora do SESC-Sa\u00fade em S\u00e3o Lu\u00eds Geisa Cutrim com colaboradores da Potiguar Centro no evento de conscientiza\u00e7\u00e3o sobre a preven\u00e7\u00e3o do c\u00e2ncer de mama.<\/figcaption><\/figure>\n\n\n\n<p>Com a\u00e7\u00f5es que unem informa\u00e7\u00e3o, emo\u00e7\u00e3o e solidariedade, o Grupo Potiguar reafirma que cuidar \u00e9 tamb\u00e9m uma forma de empoderar as mulheres e colaboradoras.<\/p>\n","protected":false},"excerpt":{"rendered":"<p>Em sintonia com a campanha Outubro Rosa, o Grupo Potiguar tem promovido, ao longo do m\u00eas, uma s\u00e9rie de encontros [&hellip;]<\/p>\n","protected":false},"author":2,"featured_media":0,"comment_status":"open","ping_status":"open","sticky":false,"template":"","format":"standard","meta":{"site-sidebar-layout":"default","site-content-layout":"","ast-site-content-layout":"default","site-content-style":"default","site-sidebar-style":"default","ast-global-header-display":"","ast-banner-title-visibility":"","ast-main-header-display":"","ast-hfb-above-header-display":"","ast-hfb-below-header-display":"","ast-hfb-mobile-header-display":"","site-post-title":"","ast-breadcrumbs-content":"","ast-featured-img":"","footer-sml-layout":"","ast-disable-related-posts":"","theme-transparent-header-meta":"","adv-header-id-meta":"","stick-header-meta":"","header-above-stick-meta":"","header-main-stick-meta":"","header-below-stick-meta":"","astra-migrate-meta-layouts":"default","ast-page-background-enabled":"default","ast-page-background-meta":{"desktop":{"background-color":"var(--ast-global-color-5)","background-image":"","background-repeat":"repeat","background-position":"center center","background-size":"auto","background-attachment":"scroll","background-type":"","background-media":"","overlay-type":"","overlay-color":"","overlay-opacity":"","overlay-gradient":""},"tablet":{"background-color":"","background-image":"","background-repeat":"repeat","background-position":"center center","background-size":"auto","background-attachment":"scroll","background-type":"","background-media":"","overlay-type":"","overlay-color":"","overlay-opacity":"","overlay-gradient":""},"mobile":{"background-color":"","background-image":"","background-repeat":"repeat","background-position":"center center","background-size":"auto","background-attachment":"scroll","background-type":"","background-media":"","overlay-type":"","overlay-color":"","overlay-opacity":"","overlay-gradient":""}},"ast-content-background-meta":{"desktop":{"background-color":"var(--ast-global-color-4)","background-image":"","background-repeat":"repeat","background-position":"center center","background-size":"auto","background-attachment":"scroll","background-type":"","background-media":"","overlay-type":"","overlay-color":"","overlay-opacity":"","overlay-gradient":""},"tablet":{"background-color":"var(--ast-global-color-4)","background-image":"","background-repeat":"repeat","background-position":"center center","background-size":"auto","background-attachment":"scroll","background-type":"","background-media":"","overlay-type":"","overlay-color":"","overlay-opacity":"","overlay-gradient":""},"mobile":{"background-color":"var(--ast-global-color-4)","background-image":"","background-repeat":"repeat","background-position":"center center","background-size":"auto","background-attachment":"scroll","background-type":"","background-media":"","overlay-type":"","overlay-color":"","overlay-opacity":"","overlay-gradient":""}},"footnotes":""},"categories":[1],"tags":[],"class_list":["post-149582","post","type-post","status-publish","format-standard","hentry","category-sem-categoria"],"yoast_head":"<!-- This site is optimized with the Yoast SEO plugin v26.6 - https:\/\/yoast.com\/wordpress\/plugins\/seo\/ -->\n<title>Grupo Potiguar refor\u00e7a conscientiza\u00e7\u00e3o sobre preven\u00e7\u00e3o do c\u00e2ncer de mama em a\u00e7\u00f5es do Outubro Rosa - Daniel Matos<\/title>\n<meta name=\"robots\" content=\"index, follow, max-snippet:-1, max-image-preview:large, max-video-preview:-1\" \/>\n<link rel=\"canonical\" href=\"https:\/\/www.blogsoestado.com\/danielmatos\/grupo-potiguar-reforca-conscientizacao-sobre-prevencao-do-cancer-de-mama-em-acoes-do-outubro-rosa\/\" \/>\n<meta property=\"og:locale\" content=\"pt_BR\" \/>\n<meta property=\"og:type\" content=\"article\" \/>\n<meta property=\"og:title\" content=\"Grupo Potiguar refor\u00e7a conscientiza\u00e7\u00e3o sobre preven\u00e7\u00e3o do c\u00e2ncer de mama em a\u00e7\u00f5es do Outubro Rosa - Daniel Matos\" \/>\n<meta property=\"og:description\" content=\"Em sintonia com a campanha Outubro Rosa, o Grupo Potiguar tem promovido, ao longo do m\u00eas, uma s\u00e9rie de encontros [&hellip;]\" \/>\n<meta property=\"og:url\" content=\"https:\/\/www.blogsoestado.com\/danielmatos\/grupo-potiguar-reforca-conscientizacao-sobre-prevencao-do-cancer-de-mama-em-acoes-do-outubro-rosa\/\" \/>\n<meta property=\"og:site_name\" content=\"Daniel Matos\" \/>\n<meta property=\"article:published_time\" content=\"2025-10-13T17:07:33+00:00\" \/>\n<meta property=\"article:modified_time\" content=\"2025-10-13T17:07:37+00:00\" \/>\n<meta property=\"og:image\" content=\"https:\/\/www.blogsoestado.com\/danielmatos\/wp-content\/uploads\/sites\/2\/2025\/10\/1003958682.jpg\" \/>\n\t<meta property=\"og:image:width\" content=\"1280\" \/>\n\t<meta property=\"og:image:height\" content=\"960\" \/>\n\t<meta property=\"og:image:type\" content=\"image\/jpeg\" \/>\n<meta name=\"author\" content=\"Daniel Matos\" \/>\n<meta name=\"twitter:card\" content=\"summary_large_image\" \/>\n<meta name=\"twitter:label1\" content=\"Escrito por\" \/>\n\t<meta name=\"twitter:data1\" content=\"Daniel Matos\" \/>\n\t<meta name=\"twitter:label2\" content=\"Est. tempo de leitura\" \/>\n\t<meta name=\"twitter:data2\" content=\"4 minutos\" \/>\n<script type=\"application\/ld+json\" class=\"yoast-schema-graph\">{\"@context\":\"https:\/\/schema.org\",\"@graph\":[{\"@type\":\"WebPage\",\"@id\":\"https:\/\/www.blogsoestado.com\/danielmatos\/grupo-potiguar-reforca-conscientizacao-sobre-prevencao-do-cancer-de-mama-em-acoes-do-outubro-rosa\/\",\"url\":\"https:\/\/www.blogsoestado.com\/danielmatos\/grupo-potiguar-reforca-conscientizacao-sobre-prevencao-do-cancer-de-mama-em-acoes-do-outubro-rosa\/\",\"name\":\"Grupo Potiguar refor\u00e7a conscientiza\u00e7\u00e3o sobre preven\u00e7\u00e3o do c\u00e2ncer de mama em a\u00e7\u00f5es do Outubro Rosa - Daniel Matos\",\"isPartOf\":{\"@id\":\"https:\/\/www.blogsoestado.com\/danielmatos\/#website\"},\"primaryImageOfPage\":{\"@id\":\"https:\/\/www.blogsoestado.com\/danielmatos\/grupo-potiguar-reforca-conscientizacao-sobre-prevencao-do-cancer-de-mama-em-acoes-do-outubro-rosa\/#primaryimage\"},\"image\":{\"@id\":\"https:\/\/www.blogsoestado.com\/danielmatos\/grupo-potiguar-reforca-conscientizacao-sobre-prevencao-do-cancer-de-mama-em-acoes-do-outubro-rosa\/#primaryimage\"},\"thumbnailUrl\":\"https:\/\/www.blogsoestado.com\/danielmatos\/wp-content\/uploads\/sites\/2\/2025\/10\/1003958682-1024x768.jpg\",\"datePublished\":\"2025-10-13T17:07:33+00:00\",\"dateModified\":\"2025-10-13T17:07:37+00:00\",\"author\":{\"@id\":\"https:\/\/www.blogsoestado.com\/danielmatos\/#\/schema\/person\/9a209d407cd45631f131e1285b661bb0\"},\"breadcrumb\":{\"@id\":\"https:\/\/www.blogsoestado.com\/danielmatos\/grupo-potiguar-reforca-conscientizacao-sobre-prevencao-do-cancer-de-mama-em-acoes-do-outubro-rosa\/#breadcrumb\"},\"inLanguage\":\"pt-BR\",\"potentialAction\":[{\"@type\":\"ReadAction\",\"target\":[\"https:\/\/www.blogsoestado.com\/danielmatos\/grupo-potiguar-reforca-conscientizacao-sobre-prevencao-do-cancer-de-mama-em-acoes-do-outubro-rosa\/\"]}]},{\"@type\":\"ImageObject\",\"inLanguage\":\"pt-BR\",\"@id\":\"https:\/\/www.blogsoestado.com\/danielmatos\/grupo-potiguar-reforca-conscientizacao-sobre-prevencao-do-cancer-de-mama-em-acoes-do-outubro-rosa\/#primaryimage\",\"url\":\"https:\/\/www.blogsoestado.com\/danielmatos\/wp-content\/uploads\/sites\/2\/2025\/10\/1003958682.jpg\",\"contentUrl\":\"https:\/\/www.blogsoestado.com\/danielmatos\/wp-content\/uploads\/sites\/2\/2025\/10\/1003958682.jpg\",\"width\":1280,\"height\":960},{\"@type\":\"BreadcrumbList\",\"@id\":\"https:\/\/www.blogsoestado.com\/danielmatos\/grupo-potiguar-reforca-conscientizacao-sobre-prevencao-do-cancer-de-mama-em-acoes-do-outubro-rosa\/#breadcrumb\",\"itemListElement\":[{\"@type\":\"ListItem\",\"position\":1,\"name\":\"In\u00edcio\",\"item\":\"https:\/\/www.blogsoestado.com\/danielmatos\/\"},{\"@type\":\"ListItem\",\"position\":2,\"name\":\"Grupo Potiguar refor\u00e7a conscientiza\u00e7\u00e3o sobre preven\u00e7\u00e3o do c\u00e2ncer de mama em a\u00e7\u00f5es do Outubro Rosa\"}]},{\"@type\":\"WebSite\",\"@id\":\"https:\/\/www.blogsoestado.com\/danielmatos\/#website\",\"url\":\"https:\/\/www.blogsoestado.com\/danielmatos\/\",\"name\":\"Daniel Matos\",\"description\":\"\",\"potentialAction\":[{\"@type\":\"SearchAction\",\"target\":{\"@type\":\"EntryPoint\",\"urlTemplate\":\"https:\/\/www.blogsoestado.com\/danielmatos\/?s={search_term_string}\"},\"query-input\":{\"@type\":\"PropertyValueSpecification\",\"valueRequired\":true,\"valueName\":\"search_term_string\"}}],\"inLanguage\":\"pt-BR\"},{\"@type\":\"Person\",\"@id\":\"https:\/\/www.blogsoestado.com\/danielmatos\/#\/schema\/person\/9a209d407cd45631f131e1285b661bb0\",\"name\":\"Daniel Matos\",\"image\":{\"@type\":\"ImageObject\",\"inLanguage\":\"pt-BR\",\"@id\":\"https:\/\/www.blogsoestado.com\/danielmatos\/#\/schema\/person\/image\/\",\"url\":\"https:\/\/secure.gravatar.com\/avatar\/2f26c36ee355da19a257f0dfef43952a2588b324ca35d6719e859fe338ac0392?s=96&d=mm&r=g\",\"contentUrl\":\"https:\/\/secure.gravatar.com\/avatar\/2f26c36ee355da19a257f0dfef43952a2588b324ca35d6719e859fe338ac0392?s=96&d=mm&r=g\",\"caption\":\"Daniel Matos\"},\"url\":\"https:\/\/www.blogsoestado.com\/danielmatos\/author\/danielmatos\/\"}]}<\/script>\n<!-- \/ Yoast SEO plugin. -->","yoast_head_json":{"title":"Grupo Potiguar refor\u00e7a conscientiza\u00e7\u00e3o sobre preven\u00e7\u00e3o do c\u00e2ncer de mama em a\u00e7\u00f5es do Outubro Rosa - Daniel Matos","robots":{"index":"index","follow":"follow","max-snippet":"max-snippet:-1","max-image-preview":"max-image-preview:large","max-video-preview":"max-video-preview:-1"},"canonical":"https:\/\/www.blogsoestado.com\/danielmatos\/grupo-potiguar-reforca-conscientizacao-sobre-prevencao-do-cancer-de-mama-em-acoes-do-outubro-rosa\/","og_locale":"pt_BR","og_type":"article","og_title":"Grupo Potiguar refor\u00e7a conscientiza\u00e7\u00e3o sobre preven\u00e7\u00e3o do c\u00e2ncer de mama em a\u00e7\u00f5es do Outubro Rosa - Daniel Matos","og_description":"Em sintonia com a campanha Outubro Rosa, o Grupo Potiguar tem promovido, ao longo do m\u00eas, uma s\u00e9rie de encontros [&hellip;]","og_url":"https:\/\/www.blogsoestado.com\/danielmatos\/grupo-potiguar-reforca-conscientizacao-sobre-prevencao-do-cancer-de-mama-em-acoes-do-outubro-rosa\/","og_site_name":"Daniel Matos","article_published_time":"2025-10-13T17:07:33+00:00","article_modified_time":"2025-10-13T17:07:37+00:00","og_image":[{"width":1280,"height":960,"url":"https:\/\/www.blogsoestado.com\/danielmatos\/wp-content\/uploads\/sites\/2\/2025\/10\/1003958682.jpg","type":"image\/jpeg"}],"author":"Daniel Matos","twitter_card":"summary_large_image","twitter_misc":{"Escrito por":"Daniel Matos","Est. tempo de leitura":"4 minutos"},"schema":{"@context":"https:\/\/schema.org","@graph":[{"@type":"WebPage","@id":"https:\/\/www.blogsoestado.com\/danielmatos\/grupo-potiguar-reforca-conscientizacao-sobre-prevencao-do-cancer-de-mama-em-acoes-do-outubro-rosa\/","url":"https:\/\/www.blogsoestado.com\/danielmatos\/grupo-potiguar-reforca-conscientizacao-sobre-prevencao-do-cancer-de-mama-em-acoes-do-outubro-rosa\/","name":"Grupo Potiguar refor\u00e7a conscientiza\u00e7\u00e3o sobre preven\u00e7\u00e3o do c\u00e2ncer de mama em a\u00e7\u00f5es do Outubro Rosa - Daniel Matos","isPartOf":{"@id":"https:\/\/www.blogsoestado.com\/danielmatos\/#website"},"primaryImageOfPage":{"@id":"https:\/\/www.blogsoestado.com\/danielmatos\/grupo-potiguar-reforca-conscientizacao-sobre-prevencao-do-cancer-de-mama-em-acoes-do-outubro-rosa\/#primaryimage"},"image":{"@id":"https:\/\/www.blogsoestado.com\/danielmatos\/grupo-potiguar-reforca-conscientizacao-sobre-prevencao-do-cancer-de-mama-em-acoes-do-outubro-rosa\/#primaryimage"},"thumbnailUrl":"https:\/\/www.blogsoestado.com\/danielmatos\/wp-content\/uploads\/sites\/2\/2025\/10\/1003958682-1024x768.jpg","datePublished":"2025-10-13T17:07:33+00:00","dateModified":"2025-10-13T17:07:37+00:00","author":{"@id":"https:\/\/www.blogsoestado.com\/danielmatos\/#\/schema\/person\/9a209d407cd45631f131e1285b661bb0"},"breadcrumb":{"@id":"https:\/\/www.blogsoestado.com\/danielmatos\/grupo-potiguar-reforca-conscientizacao-sobre-prevencao-do-cancer-de-mama-em-acoes-do-outubro-rosa\/#breadcrumb"},"inLanguage":"pt-BR","potentialAction":[{"@type":"ReadAction","target":["https:\/\/www.blogsoestado.com\/danielmatos\/grupo-potiguar-reforca-conscientizacao-sobre-prevencao-do-cancer-de-mama-em-acoes-do-outubro-rosa\/"]}]},{"@type":"ImageObject","inLanguage":"pt-BR","@id":"https:\/\/www.blogsoestado.com\/danielmatos\/grupo-potiguar-reforca-conscientizacao-sobre-prevencao-do-cancer-de-mama-em-acoes-do-outubro-rosa\/#primaryimage","url":"https:\/\/www.blogsoestado.com\/danielmatos\/wp-content\/uploads\/sites\/2\/2025\/10\/1003958682.jpg","contentUrl":"https:\/\/www.blogsoestado.com\/danielmatos\/wp-content\/uploads\/sites\/2\/2025\/10\/1003958682.jpg","width":1280,"height":960},{"@type":"BreadcrumbList","@id":"https:\/\/www.blogsoestado.com\/danielmatos\/grupo-potiguar-reforca-conscientizacao-sobre-prevencao-do-cancer-de-mama-em-acoes-do-outubro-rosa\/#breadcrumb","itemListElement":[{"@type":"ListItem","position":1,"name":"In\u00edcio","item":"https:\/\/www.blogsoestado.com\/danielmatos\/"},{"@type":"ListItem","position":2,"name":"Grupo Potiguar refor\u00e7a conscientiza\u00e7\u00e3o sobre preven\u00e7\u00e3o do c\u00e2ncer de mama em a\u00e7\u00f5es do Outubro Rosa"}]},{"@type":"WebSite","@id":"https:\/\/www.blogsoestado.com\/danielmatos\/#website","url":"https:\/\/www.blogsoestado.com\/danielmatos\/","name":"Daniel Matos","description":"","potentialAction":[{"@type":"SearchAction","target":{"@type":"EntryPoint","urlTemplate":"https:\/\/www.blogsoestado.com\/danielmatos\/?s={search_term_string}"},"query-input":{"@type":"PropertyValueSpecification","valueRequired":true,"valueName":"search_term_string"}}],"inLanguage":"pt-BR"},{"@type":"Person","@id":"https:\/\/www.blogsoestado.com\/danielmatos\/#\/schema\/person\/9a209d407cd45631f131e1285b661bb0","name":"Daniel Matos","image":{"@type":"ImageObject","inLanguage":"pt-BR","@id":"https:\/\/www.blogsoestado.com\/danielmatos\/#\/schema\/person\/image\/","url":"https:\/\/secure.gravatar.com\/avatar\/2f26c36ee355da19a257f0dfef43952a2588b324ca35d6719e859fe338ac0392?s=96&d=mm&r=g","contentUrl":"https:\/\/secure.gravatar.com\/avatar\/2f26c36ee355da19a257f0dfef43952a2588b324ca35d6719e859fe338ac0392?s=96&d=mm&r=g","caption":"Daniel Matos"},"url":"https:\/\/www.blogsoestado.com\/danielmatos\/author\/danielmatos\/"}]}},"jetpack_featured_media_url":"","_links":{"self":[{"href":"https:\/\/www.blogsoestado.com\/danielmatos\/wp-json\/wp\/v2\/posts\/149582","targetHints":{"allow":["GET"]}}],"collection":[{"href":"https:\/\/www.blogsoestado.com\/danielmatos\/wp-json\/wp\/v2\/posts"}],"about":[{"href":"https:\/\/www.blogsoestado.com\/danielmatos\/wp-json\/wp\/v2\/types\/post"}],"author":[{"embeddable":true,"href":"https:\/\/www.blogsoestado.com\/danielmatos\/wp-json\/wp\/v2\/users\/2"}],"replies":[{"embeddable":true,"href":"https:\/\/www.blogsoestado.com\/danielmatos\/wp-json\/wp\/v2\/comments?post=149582"}],"version-history":[{"count":1,"href":"https:\/\/www.blogsoestado.com\/danielmatos\/wp-json\/wp\/v2\/posts\/149582\/revisions"}],"predecessor-version":[{"id":149589,"href":"https:\/\/www.blogsoestado.com\/danielmatos\/wp-json\/wp\/v2\/posts\/149582\/revisions\/149589"}],"wp:attachment":[{"href":"https:\/\/www.blogsoestado.com\/danielmatos\/wp-json\/wp\/v2\/media?parent=149582"}],"wp:term":[{"taxonomy":"category","embeddable":true,"href":"https:\/\/www.blogsoestado.com\/danielmatos\/wp-json\/wp\/v2\/categories?post=149582"},{"taxonomy":"post_tag","embeddable":true,"href":"https:\/\/www.blogsoestado.com\/danielmatos\/wp-json\/wp\/v2\/tags?post=149582"}],"curies":[{"name":"wp","href":"https:\/\/api.w.org\/{rel}","templated":true}]}}