{"id":149593,"date":"2025-10-13T19:03:39","date_gmt":"2025-10-13T22:03:39","guid":{"rendered":"https:\/\/www.blogsoestado.com\/danielmatos\/?p=149593"},"modified":"2025-10-13T19:58:24","modified_gmt":"2025-10-13T22:58:24","slug":"ministerio-da-saude-informa-duas-suspeitas-de-intoxicacao-por-metanol-sao-investigadas-no-maranhao","status":"publish","type":"post","link":"https:\/\/www.blogsoestado.com\/danielmatos\/ministerio-da-saude-informa-duas-suspeitas-de-intoxicacao-por-metanol-sao-investigadas-no-maranhao\/","title":{"rendered":"Minist\u00e9rio da Sa\u00fade informa duas suspeitas de intoxica\u00e7\u00e3o por metanol s\u00e3o investigadas no Maranh\u00e3o"},"content":{"rendered":"\n<p><strong><mark style=\"color:#cf2e2e\" class=\"has-inline-color\">Em compara\u00e7\u00e3o \u00e0 \u00faltima<\/mark><\/strong> <strong><mark style=\"color:#cf2e2e\" class=\"has-inline-color\">atualiza\u00e7\u00e3o, 71 notifica\u00e7\u00f5es foram descartadas e o n\u00famero de casos suspeitos em todo o pa\u00eds caiu para 181<\/mark><\/strong><\/p>\n\n\n\n<figure class=\"wp-block-image aligncenter size-full\"><img fetchpriority=\"high\" decoding=\"async\" width=\"768\" height=\"354\" src=\"https:\/\/www.blogsoestado.com\/danielmatos\/wp-content\/uploads\/sites\/2\/2025\/10\/1003962338.jpg\" alt=\"\" class=\"wp-image-149594\" srcset=\"https:\/\/www.blogsoestado.com\/danielmatos\/wp-content\/uploads\/sites\/2\/2025\/10\/1003962338.jpg 768w, https:\/\/www.blogsoestado.com\/danielmatos\/wp-content\/uploads\/sites\/2\/2025\/10\/1003962338-300x138.jpg 300w\" sizes=\"(max-width: 768px) 100vw, 768px\" \/><figcaption class=\"wp-element-caption\">A atualiza\u00e7\u00e3o das notifica\u00e7\u00f5es de intoxica\u00e7\u00e3o por metanol, decorrentes do consumo de bebidas alco\u00f3licas, ser\u00e1 realizada nos dias de funcionamento da Sala de Situa\u00e7\u00e3o<\/figcaption><\/figure>\n\n\n\n<p>O Minist\u00e9rio da Sa\u00fade atualizou, nesta segunda-feira (13), o n\u00famero de notifica\u00e7\u00f5es de\u00a0<a href=\"https:\/\/www.gov.br\/saude\/pt-br\/composicao\/svsa\/resposta-a-emergencias\/sala-de-situacao-de-saude\/intoxicacao-por-metanol\" target=\"_blank\" rel=\"noreferrer noopener\">intoxica\u00e7\u00e3o por metanol<\/a>\u00a0ap\u00f3s consumo de bebida alco\u00f3lica. At\u00e9 o momento, 213 notifica\u00e7\u00f5es foram registradas, sendo 32 casos confirmados e 181 em investiga\u00e7\u00e3o. Outras 320 suspeitas foram descartadas. No Maranh\u00e3o, duas pessoas com sintomas de intoxica\u00e7\u00e3o pela subst\u00e2ncia, nos munic\u00edpios de S\u00e3o Lu\u00eds e Pa\u00e7o do Lumiar, t\u00eam o estado de sa\u00fade sob monitoramento.<\/p>\n\n\n\n<p>Os casos de intoxica\u00e7\u00e3o confirmados foram em S\u00e3o Paulo (28), Paran\u00e1 (3) e Rio Grande do Sul (1). Quanto aos \u00f3bitos, 5 foram confirmados em SP e outros 9 seguem em investiga\u00e7\u00e3o: 3 em SP, 3 em PE, 1 no MS, 1 em MG e 1 no CE.<\/p>\n\n\n\n<p>Em rela\u00e7\u00e3o aos casos suspeitos, S\u00e3o Paulo \u00e9 o estado com maior concentra\u00e7\u00e3o, contabilizando 100 casos em investiga\u00e7\u00e3o. Em seguida, aparecem Pernambuco com 43 suspeitas, Esp\u00edrito Santo (9), Rio Grande do Sul (6), Rio de Janeiro (5), Mato Grosso do Sul (4), Piau\u00ed (4), Goi\u00e1s (3),&nbsp;<strong>Maranh\u00e3o&nbsp;(2)<\/strong>, Alagoas (2), Minas Gerais (1), Paran\u00e1 (1), Rond\u00f4nia (1).<\/p>\n\n\n\n<p><a href=\"https:\/\/www.gov.br\/saude\/pt-br\/assuntos\/noticias\/2025\/outubro\/arquivos\/casos-e-obitos-13-10-2025-1.pdf\/view\" target=\"_blank\" rel=\"noreferrer noopener\">Acesse os dados completos<\/a><\/p>\n\n\n\n<p>Os registros de casos nos munic\u00edpios de Garanhuns (PE) e Ipojuca (PE) tiveram suas informa\u00e7\u00f5es de munic\u00edpio de resid\u00eancia atualizadas para Macei\u00f3 (AL) e S\u00e3o Paulo (SP), respectivamente.<\/p>\n\n\n\n<p><strong>Atualiza\u00e7\u00e3o<\/strong><\/p>\n\n\n\n<p>A atualiza\u00e7\u00e3o das notifica\u00e7\u00f5es de intoxica\u00e7\u00e3o por metanol, decorrentes do consumo de bebidas alco\u00f3licas, ser\u00e1 realizada nos dias de funcionamento da Sala de Situa\u00e7\u00e3o \u2014 segundas, quartas e sextas-feiras \u2014, ap\u00f3s \u00e0s 17h.<\/p>\n","protected":false},"excerpt":{"rendered":"<p>Em compara\u00e7\u00e3o \u00e0 \u00faltima atualiza\u00e7\u00e3o, 71 notifica\u00e7\u00f5es foram descartadas e o n\u00famero de casos suspeitos em todo o pa\u00eds caiu [&hellip;]<\/p>\n","protected":false},"author":2,"featured_media":0,"comment_status":"open","ping_status":"open","sticky":false,"template":"","format":"standard","meta":{"site-sidebar-layout":"default","site-content-layout":"","ast-site-content-layout":"default","site-content-style":"default","site-sidebar-style":"default","ast-global-header-display":"","ast-banner-title-visibility":"","ast-main-header-display":"","ast-hfb-above-header-display":"","ast-hfb-below-header-display":"","ast-hfb-mobile-header-display":"","site-post-title":"","ast-breadcrumbs-content":"","ast-featured-img":"","footer-sml-layout":"","ast-disable-related-posts":"","theme-transparent-header-meta":"","adv-header-id-meta":"","stick-header-meta":"","header-above-stick-meta":"","header-main-stick-meta":"","header-below-stick-meta":"","astra-migrate-meta-layouts":"default","ast-page-background-enabled":"default","ast-page-background-meta":{"desktop":{"background-color":"var(--ast-global-color-5)","background-image":"","background-repeat":"repeat","background-position":"center center","background-size":"auto","background-attachment":"scroll","background-type":"","background-media":"","overlay-type":"","overlay-color":"","overlay-opacity":"","overlay-gradient":""},"tablet":{"background-color":"","background-image":"","background-repeat":"repeat","background-position":"center center","background-size":"auto","background-attachment":"scroll","background-type":"","background-media":"","overlay-type":"","overlay-color":"","overlay-opacity":"","overlay-gradient":""},"mobile":{"background-color":"","background-image":"","background-repeat":"repeat","background-position":"center center","background-size":"auto","background-attachment":"scroll","background-type":"","background-media":"","overlay-type":"","overlay-color":"","overlay-opacity":"","overlay-gradient":""}},"ast-content-background-meta":{"desktop":{"background-color":"var(--ast-global-color-4)","background-image":"","background-repeat":"repeat","background-position":"center center","background-size":"auto","background-attachment":"scroll","background-type":"","background-media":"","overlay-type":"","overlay-color":"","overlay-opacity":"","overlay-gradient":""},"tablet":{"background-color":"var(--ast-global-color-4)","background-image":"","background-repeat":"repeat","background-position":"center center","background-size":"auto","background-attachment":"scroll","background-type":"","background-media":"","overlay-type":"","overlay-color":"","overlay-opacity":"","overlay-gradient":""},"mobile":{"background-color":"var(--ast-global-color-4)","background-image":"","background-repeat":"repeat","background-position":"center center","background-size":"auto","background-attachment":"scroll","background-type":"","background-media":"","overlay-type":"","overlay-color":"","overlay-opacity":"","overlay-gradient":""}},"footnotes":""},"categories":[1],"tags":[],"class_list":["post-149593","post","type-post","status-publish","format-standard","hentry","category-sem-categoria"],"yoast_head":"<!-- This site is optimized with the Yoast SEO plugin v26.6 - https:\/\/yoast.com\/wordpress\/plugins\/seo\/ -->\n<title>Minist\u00e9rio da Sa\u00fade informa duas suspeitas de intoxica\u00e7\u00e3o por metanol s\u00e3o investigadas no Maranh\u00e3o - Daniel Matos<\/title>\n<meta name=\"robots\" content=\"index, follow, max-snippet:-1, max-image-preview:large, max-video-preview:-1\" \/>\n<link rel=\"canonical\" href=\"https:\/\/www.blogsoestado.com\/danielmatos\/ministerio-da-saude-informa-duas-suspeitas-de-intoxicacao-por-metanol-sao-investigadas-no-maranhao\/\" \/>\n<meta property=\"og:locale\" content=\"pt_BR\" \/>\n<meta property=\"og:type\" content=\"article\" \/>\n<meta property=\"og:title\" content=\"Minist\u00e9rio da Sa\u00fade informa duas suspeitas de intoxica\u00e7\u00e3o por metanol s\u00e3o investigadas no Maranh\u00e3o - Daniel Matos\" \/>\n<meta property=\"og:description\" content=\"Em compara\u00e7\u00e3o \u00e0 \u00faltima atualiza\u00e7\u00e3o, 71 notifica\u00e7\u00f5es foram descartadas e o n\u00famero de casos suspeitos em todo o pa\u00eds caiu [&hellip;]\" \/>\n<meta property=\"og:url\" content=\"https:\/\/www.blogsoestado.com\/danielmatos\/ministerio-da-saude-informa-duas-suspeitas-de-intoxicacao-por-metanol-sao-investigadas-no-maranhao\/\" \/>\n<meta property=\"og:site_name\" content=\"Daniel Matos\" \/>\n<meta property=\"article:published_time\" content=\"2025-10-13T22:03:39+00:00\" \/>\n<meta property=\"article:modified_time\" content=\"2025-10-13T22:58:24+00:00\" \/>\n<meta property=\"og:image\" content=\"https:\/\/www.blogsoestado.com\/danielmatos\/wp-content\/uploads\/sites\/2\/2025\/10\/1003962338.jpg\" \/>\n\t<meta property=\"og:image:width\" content=\"768\" \/>\n\t<meta property=\"og:image:height\" content=\"354\" \/>\n\t<meta property=\"og:image:type\" content=\"image\/jpeg\" \/>\n<meta name=\"author\" content=\"Daniel Matos\" \/>\n<meta name=\"twitter:card\" content=\"summary_large_image\" \/>\n<meta name=\"twitter:label1\" content=\"Escrito por\" \/>\n\t<meta name=\"twitter:data1\" content=\"Daniel Matos\" \/>\n\t<meta name=\"twitter:label2\" content=\"Est. tempo de leitura\" \/>\n\t<meta name=\"twitter:data2\" content=\"2 minutos\" \/>\n<script type=\"application\/ld+json\" class=\"yoast-schema-graph\">{\"@context\":\"https:\/\/schema.org\",\"@graph\":[{\"@type\":\"WebPage\",\"@id\":\"https:\/\/www.blogsoestado.com\/danielmatos\/ministerio-da-saude-informa-duas-suspeitas-de-intoxicacao-por-metanol-sao-investigadas-no-maranhao\/\",\"url\":\"https:\/\/www.blogsoestado.com\/danielmatos\/ministerio-da-saude-informa-duas-suspeitas-de-intoxicacao-por-metanol-sao-investigadas-no-maranhao\/\",\"name\":\"Minist\u00e9rio da Sa\u00fade informa duas suspeitas de intoxica\u00e7\u00e3o por metanol s\u00e3o investigadas no Maranh\u00e3o - Daniel Matos\",\"isPartOf\":{\"@id\":\"https:\/\/www.blogsoestado.com\/danielmatos\/#website\"},\"primaryImageOfPage\":{\"@id\":\"https:\/\/www.blogsoestado.com\/danielmatos\/ministerio-da-saude-informa-duas-suspeitas-de-intoxicacao-por-metanol-sao-investigadas-no-maranhao\/#primaryimage\"},\"image\":{\"@id\":\"https:\/\/www.blogsoestado.com\/danielmatos\/ministerio-da-saude-informa-duas-suspeitas-de-intoxicacao-por-metanol-sao-investigadas-no-maranhao\/#primaryimage\"},\"thumbnailUrl\":\"https:\/\/www.blogsoestado.com\/danielmatos\/wp-content\/uploads\/sites\/2\/2025\/10\/1003962338.jpg\",\"datePublished\":\"2025-10-13T22:03:39+00:00\",\"dateModified\":\"2025-10-13T22:58:24+00:00\",\"author\":{\"@id\":\"https:\/\/www.blogsoestado.com\/danielmatos\/#\/schema\/person\/9a209d407cd45631f131e1285b661bb0\"},\"breadcrumb\":{\"@id\":\"https:\/\/www.blogsoestado.com\/danielmatos\/ministerio-da-saude-informa-duas-suspeitas-de-intoxicacao-por-metanol-sao-investigadas-no-maranhao\/#breadcrumb\"},\"inLanguage\":\"pt-BR\",\"potentialAction\":[{\"@type\":\"ReadAction\",\"target\":[\"https:\/\/www.blogsoestado.com\/danielmatos\/ministerio-da-saude-informa-duas-suspeitas-de-intoxicacao-por-metanol-sao-investigadas-no-maranhao\/\"]}]},{\"@type\":\"ImageObject\",\"inLanguage\":\"pt-BR\",\"@id\":\"https:\/\/www.blogsoestado.com\/danielmatos\/ministerio-da-saude-informa-duas-suspeitas-de-intoxicacao-por-metanol-sao-investigadas-no-maranhao\/#primaryimage\",\"url\":\"https:\/\/www.blogsoestado.com\/danielmatos\/wp-content\/uploads\/sites\/2\/2025\/10\/1003962338.jpg\",\"contentUrl\":\"https:\/\/www.blogsoestado.com\/danielmatos\/wp-content\/uploads\/sites\/2\/2025\/10\/1003962338.jpg\",\"width\":768,\"height\":354},{\"@type\":\"BreadcrumbList\",\"@id\":\"https:\/\/www.blogsoestado.com\/danielmatos\/ministerio-da-saude-informa-duas-suspeitas-de-intoxicacao-por-metanol-sao-investigadas-no-maranhao\/#breadcrumb\",\"itemListElement\":[{\"@type\":\"ListItem\",\"position\":1,\"name\":\"In\u00edcio\",\"item\":\"https:\/\/www.blogsoestado.com\/danielmatos\/\"},{\"@type\":\"ListItem\",\"position\":2,\"name\":\"Minist\u00e9rio da Sa\u00fade informa duas suspeitas de intoxica\u00e7\u00e3o por metanol s\u00e3o investigadas no Maranh\u00e3o\"}]},{\"@type\":\"WebSite\",\"@id\":\"https:\/\/www.blogsoestado.com\/danielmatos\/#website\",\"url\":\"https:\/\/www.blogsoestado.com\/danielmatos\/\",\"name\":\"Daniel Matos\",\"description\":\"\",\"potentialAction\":[{\"@type\":\"SearchAction\",\"target\":{\"@type\":\"EntryPoint\",\"urlTemplate\":\"https:\/\/www.blogsoestado.com\/danielmatos\/?s={search_term_string}\"},\"query-input\":{\"@type\":\"PropertyValueSpecification\",\"valueRequired\":true,\"valueName\":\"search_term_string\"}}],\"inLanguage\":\"pt-BR\"},{\"@type\":\"Person\",\"@id\":\"https:\/\/www.blogsoestado.com\/danielmatos\/#\/schema\/person\/9a209d407cd45631f131e1285b661bb0\",\"name\":\"Daniel Matos\",\"image\":{\"@type\":\"ImageObject\",\"inLanguage\":\"pt-BR\",\"@id\":\"https:\/\/www.blogsoestado.com\/danielmatos\/#\/schema\/person\/image\/\",\"url\":\"https:\/\/secure.gravatar.com\/avatar\/2f26c36ee355da19a257f0dfef43952a2588b324ca35d6719e859fe338ac0392?s=96&d=mm&r=g\",\"contentUrl\":\"https:\/\/secure.gravatar.com\/avatar\/2f26c36ee355da19a257f0dfef43952a2588b324ca35d6719e859fe338ac0392?s=96&d=mm&r=g\",\"caption\":\"Daniel Matos\"},\"url\":\"https:\/\/www.blogsoestado.com\/danielmatos\/author\/danielmatos\/\"}]}<\/script>\n<!-- \/ Yoast SEO plugin. -->","yoast_head_json":{"title":"Minist\u00e9rio da Sa\u00fade informa duas suspeitas de intoxica\u00e7\u00e3o por metanol s\u00e3o investigadas no Maranh\u00e3o - Daniel Matos","robots":{"index":"index","follow":"follow","max-snippet":"max-snippet:-1","max-image-preview":"max-image-preview:large","max-video-preview":"max-video-preview:-1"},"canonical":"https:\/\/www.blogsoestado.com\/danielmatos\/ministerio-da-saude-informa-duas-suspeitas-de-intoxicacao-por-metanol-sao-investigadas-no-maranhao\/","og_locale":"pt_BR","og_type":"article","og_title":"Minist\u00e9rio da Sa\u00fade informa duas suspeitas de intoxica\u00e7\u00e3o por metanol s\u00e3o investigadas no Maranh\u00e3o - Daniel Matos","og_description":"Em compara\u00e7\u00e3o \u00e0 \u00faltima atualiza\u00e7\u00e3o, 71 notifica\u00e7\u00f5es foram descartadas e o n\u00famero de casos suspeitos em todo o pa\u00eds caiu [&hellip;]","og_url":"https:\/\/www.blogsoestado.com\/danielmatos\/ministerio-da-saude-informa-duas-suspeitas-de-intoxicacao-por-metanol-sao-investigadas-no-maranhao\/","og_site_name":"Daniel Matos","article_published_time":"2025-10-13T22:03:39+00:00","article_modified_time":"2025-10-13T22:58:24+00:00","og_image":[{"width":768,"height":354,"url":"https:\/\/www.blogsoestado.com\/danielmatos\/wp-content\/uploads\/sites\/2\/2025\/10\/1003962338.jpg","type":"image\/jpeg"}],"author":"Daniel Matos","twitter_card":"summary_large_image","twitter_misc":{"Escrito por":"Daniel Matos","Est. tempo de leitura":"2 minutos"},"schema":{"@context":"https:\/\/schema.org","@graph":[{"@type":"WebPage","@id":"https:\/\/www.blogsoestado.com\/danielmatos\/ministerio-da-saude-informa-duas-suspeitas-de-intoxicacao-por-metanol-sao-investigadas-no-maranhao\/","url":"https:\/\/www.blogsoestado.com\/danielmatos\/ministerio-da-saude-informa-duas-suspeitas-de-intoxicacao-por-metanol-sao-investigadas-no-maranhao\/","name":"Minist\u00e9rio da Sa\u00fade informa duas suspeitas de intoxica\u00e7\u00e3o por metanol s\u00e3o investigadas no Maranh\u00e3o - Daniel Matos","isPartOf":{"@id":"https:\/\/www.blogsoestado.com\/danielmatos\/#website"},"primaryImageOfPage":{"@id":"https:\/\/www.blogsoestado.com\/danielmatos\/ministerio-da-saude-informa-duas-suspeitas-de-intoxicacao-por-metanol-sao-investigadas-no-maranhao\/#primaryimage"},"image":{"@id":"https:\/\/www.blogsoestado.com\/danielmatos\/ministerio-da-saude-informa-duas-suspeitas-de-intoxicacao-por-metanol-sao-investigadas-no-maranhao\/#primaryimage"},"thumbnailUrl":"https:\/\/www.blogsoestado.com\/danielmatos\/wp-content\/uploads\/sites\/2\/2025\/10\/1003962338.jpg","datePublished":"2025-10-13T22:03:39+00:00","dateModified":"2025-10-13T22:58:24+00:00","author":{"@id":"https:\/\/www.blogsoestado.com\/danielmatos\/#\/schema\/person\/9a209d407cd45631f131e1285b661bb0"},"breadcrumb":{"@id":"https:\/\/www.blogsoestado.com\/danielmatos\/ministerio-da-saude-informa-duas-suspeitas-de-intoxicacao-por-metanol-sao-investigadas-no-maranhao\/#breadcrumb"},"inLanguage":"pt-BR","potentialAction":[{"@type":"ReadAction","target":["https:\/\/www.blogsoestado.com\/danielmatos\/ministerio-da-saude-informa-duas-suspeitas-de-intoxicacao-por-metanol-sao-investigadas-no-maranhao\/"]}]},{"@type":"ImageObject","inLanguage":"pt-BR","@id":"https:\/\/www.blogsoestado.com\/danielmatos\/ministerio-da-saude-informa-duas-suspeitas-de-intoxicacao-por-metanol-sao-investigadas-no-maranhao\/#primaryimage","url":"https:\/\/www.blogsoestado.com\/danielmatos\/wp-content\/uploads\/sites\/2\/2025\/10\/1003962338.jpg","contentUrl":"https:\/\/www.blogsoestado.com\/danielmatos\/wp-content\/uploads\/sites\/2\/2025\/10\/1003962338.jpg","width":768,"height":354},{"@type":"BreadcrumbList","@id":"https:\/\/www.blogsoestado.com\/danielmatos\/ministerio-da-saude-informa-duas-suspeitas-de-intoxicacao-por-metanol-sao-investigadas-no-maranhao\/#breadcrumb","itemListElement":[{"@type":"ListItem","position":1,"name":"In\u00edcio","item":"https:\/\/www.blogsoestado.com\/danielmatos\/"},{"@type":"ListItem","position":2,"name":"Minist\u00e9rio da Sa\u00fade informa duas suspeitas de intoxica\u00e7\u00e3o por metanol s\u00e3o investigadas no Maranh\u00e3o"}]},{"@type":"WebSite","@id":"https:\/\/www.blogsoestado.com\/danielmatos\/#website","url":"https:\/\/www.blogsoestado.com\/danielmatos\/","name":"Daniel Matos","description":"","potentialAction":[{"@type":"SearchAction","target":{"@type":"EntryPoint","urlTemplate":"https:\/\/www.blogsoestado.com\/danielmatos\/?s={search_term_string}"},"query-input":{"@type":"PropertyValueSpecification","valueRequired":true,"valueName":"search_term_string"}}],"inLanguage":"pt-BR"},{"@type":"Person","@id":"https:\/\/www.blogsoestado.com\/danielmatos\/#\/schema\/person\/9a209d407cd45631f131e1285b661bb0","name":"Daniel Matos","image":{"@type":"ImageObject","inLanguage":"pt-BR","@id":"https:\/\/www.blogsoestado.com\/danielmatos\/#\/schema\/person\/image\/","url":"https:\/\/secure.gravatar.com\/avatar\/2f26c36ee355da19a257f0dfef43952a2588b324ca35d6719e859fe338ac0392?s=96&d=mm&r=g","contentUrl":"https:\/\/secure.gravatar.com\/avatar\/2f26c36ee355da19a257f0dfef43952a2588b324ca35d6719e859fe338ac0392?s=96&d=mm&r=g","caption":"Daniel Matos"},"url":"https:\/\/www.blogsoestado.com\/danielmatos\/author\/danielmatos\/"}]}},"jetpack_featured_media_url":"","_links":{"self":[{"href":"https:\/\/www.blogsoestado.com\/danielmatos\/wp-json\/wp\/v2\/posts\/149593","targetHints":{"allow":["GET"]}}],"collection":[{"href":"https:\/\/www.blogsoestado.com\/danielmatos\/wp-json\/wp\/v2\/posts"}],"about":[{"href":"https:\/\/www.blogsoestado.com\/danielmatos\/wp-json\/wp\/v2\/types\/post"}],"author":[{"embeddable":true,"href":"https:\/\/www.blogsoestado.com\/danielmatos\/wp-json\/wp\/v2\/users\/2"}],"replies":[{"embeddable":true,"href":"https:\/\/www.blogsoestado.com\/danielmatos\/wp-json\/wp\/v2\/comments?post=149593"}],"version-history":[{"count":3,"href":"https:\/\/www.blogsoestado.com\/danielmatos\/wp-json\/wp\/v2\/posts\/149593\/revisions"}],"predecessor-version":[{"id":149597,"href":"https:\/\/www.blogsoestado.com\/danielmatos\/wp-json\/wp\/v2\/posts\/149593\/revisions\/149597"}],"wp:attachment":[{"href":"https:\/\/www.blogsoestado.com\/danielmatos\/wp-json\/wp\/v2\/media?parent=149593"}],"wp:term":[{"taxonomy":"category","embeddable":true,"href":"https:\/\/www.blogsoestado.com\/danielmatos\/wp-json\/wp\/v2\/categories?post=149593"},{"taxonomy":"post_tag","embeddable":true,"href":"https:\/\/www.blogsoestado.com\/danielmatos\/wp-json\/wp\/v2\/tags?post=149593"}],"curies":[{"name":"wp","href":"https:\/\/api.w.org\/{rel}","templated":true}]}}