{"id":149601,"date":"2025-10-14T07:50:23","date_gmt":"2025-10-14T10:50:23","guid":{"rendered":"https:\/\/www.blogsoestado.com\/danielmatos\/?p=149601"},"modified":"2025-10-14T07:50:26","modified_gmt":"2025-10-14T10:50:26","slug":"equatorial-maranhao-leva-o-projeto-e-geladeira-nova-para-sao-jose-de-ribamar","status":"publish","type":"post","link":"https:\/\/www.blogsoestado.com\/danielmatos\/equatorial-maranhao-leva-o-projeto-e-geladeira-nova-para-sao-jose-de-ribamar\/","title":{"rendered":"Equatorial Maranh\u00e3o leva o projeto E+ Geladeira Nova para S\u00e3o Jos\u00e9 de Ribamar"},"content":{"rendered":"\n<p><strong><mark style=\"color:#cf2e2e\" class=\"has-inline-color\">Ainda no munic\u00edpio, Distribuidora vai ofertar oportunidades de capacita\u00e7\u00e3o, que ser\u00e3o levadas tamb\u00e9m para Coelho Neto<\/mark><\/strong><\/p>\n\n\n\n<figure class=\"wp-block-image aligncenter size-large\"><img fetchpriority=\"high\" decoding=\"async\" width=\"1024\" height=\"678\" src=\"https:\/\/www.blogsoestado.com\/danielmatos\/wp-content\/uploads\/sites\/2\/2025\/10\/1003965688-1024x678.jpg\" alt=\"\" class=\"wp-image-149602\" srcset=\"https:\/\/www.blogsoestado.com\/danielmatos\/wp-content\/uploads\/sites\/2\/2025\/10\/1003965688-1024x678.jpg 1024w, https:\/\/www.blogsoestado.com\/danielmatos\/wp-content\/uploads\/sites\/2\/2025\/10\/1003965688-300x199.jpg 300w, https:\/\/www.blogsoestado.com\/danielmatos\/wp-content\/uploads\/sites\/2\/2025\/10\/1003965688-768x508.jpg 768w, https:\/\/www.blogsoestado.com\/danielmatos\/wp-content\/uploads\/sites\/2\/2025\/10\/1003965688-1536x1017.jpg 1536w, https:\/\/www.blogsoestado.com\/danielmatos\/wp-content\/uploads\/sites\/2\/2025\/10\/1003965688.jpg 1600w\" sizes=\"(max-width: 1024px) 100vw, 1024px\" \/><figcaption class=\"wp-element-caption\">O projeto, voltado para fam\u00edlias de baixa renda cadastradas na Tarifa Social de Energia El\u00e9trica, faz parte do Programa de Efici\u00eancia Energ\u00e9tica da Ag\u00eancia Nacional de Energia El\u00e9trica (PEE\/ANEEL)<\/figcaption><\/figure>\n\n\n\n<p>Nesta semana, a Equatorial Maranh\u00e3o realiza uma s\u00e9rie de a\u00e7\u00f5es em diferentes munic\u00edpios do estado, com atividades voltadas ao consumo consciente de energia, \u00e0 sustentabilidade e \u00e0 gera\u00e7\u00e3o de oportunidades. A programa\u00e7\u00e3o inclui o cadastro para o sorteio Projeto E+ Geladeira Nova e oficinas profissionalizantes gratuitas, em S\u00e3o Jos\u00e9 de Ribamar. Os moradores de Coelho Neto tamb\u00e9m ser\u00e3o contemplados com oportunidades de capacita\u00e7\u00e3o durante a semana.<\/p>\n\n\n\n<p><strong>E+ Geladeira Nova<\/strong><\/p>\n\n\n\n<p>Os cadastros para o Projeto E+ Geladeira Nova acontecem de 13 a 15 de outubro, das 9h \u00e0s 16h, no CRAS Sede, localizado na Rua Jo\u00e3o Alves Carneiro, no bairro Marap\u00f3ia. O sorteio ser\u00e1 realizado no dia 16 de outubro, \u00e0s 15h, no Parque da Cidade, e a entrega das geladeiras acontecer\u00e1 no dia 17 de outubro, a partir das 8h, tamb\u00e9m no local.<\/p>\n\n\n\n<p>Durante a a\u00e7\u00e3o, os moradores poder\u00e3o ser contemplados com uma geladeira ou um ventilador novo. Para participar, \u00e9 necess\u00e1rio estar cadastrado na Tarifa Social de Energia El\u00e9trica, residir em S\u00e3o Jos\u00e9 de Ribamar e levar o RG, CPF e conta de luz mais recente, estar adimplente com a Distribuidora e ter uma geladeira velha em uso, e em caso de contempla\u00e7\u00e3o do ventilador novo, o cliente tamb\u00e9m precisa ter um ventilador velho em uso.<\/p>\n\n\n\n<p>O projeto, voltado para fam\u00edlias de baixa renda cadastradas na Tarifa Social de Energia El\u00e9trica, faz parte do Programa de Efici\u00eancia Energ\u00e9tica da Ag\u00eancia Nacional de Energia El\u00e9trica (PEE\/ANEEL) e sorteia eletrodom\u00e9sticos com Selo A de Efici\u00eancia Energ\u00e9tica do PROCEL, que podem consumir at\u00e9 40% menos energia em compara\u00e7\u00e3o a equipamentos antigos.<\/p>\n\n\n\n<p>Al\u00e9m da substitui\u00e7\u00e3o de eletrodom\u00e9sticos, a popula\u00e7\u00e3o ter\u00e1 acesso a outros servi\u00e7os como cadastro na Tarifa Social, negocia\u00e7\u00e3o de d\u00e9bitos com condi\u00e7\u00f5es facilitadas e troca de l\u00e2mpadas.<\/p>\n\n\n\n<p><strong>E+ Profissional<\/strong><\/p>\n\n\n\n<p>Com foco em promover capacita\u00e7\u00e3o e oportunidades no mercado, a Equatorial Maranh\u00e3o tamb\u00e9m vai oferecer cursos gratuitos por meio do E+ Profissional.<\/p>\n\n\n\n<p>Em S\u00e3o Jos\u00e9 de Ribamar, a programa\u00e7\u00e3o inclui o Curso de Designer de Sobrancelhas, que ser\u00e1 realizado no dia 15 de outubro, das 9h \u00e0s 12h, e o Curso de Limpeza de Pele, no dia 16 de outubro, tamb\u00e9m das 9h \u00e0s 12h. Ambos est\u00e3o com as inscri\u00e7\u00f5es abertas at\u00e9 o dia 14 de outubro, no CRAS Sede.<\/p>\n\n\n\n<figure class=\"wp-block-image aligncenter size-large\"><img decoding=\"async\" width=\"1024\" height=\"678\" src=\"https:\/\/www.blogsoestado.com\/danielmatos\/wp-content\/uploads\/sites\/2\/2025\/10\/1003965692-1024x678.jpg\" alt=\"\" class=\"wp-image-149603\" srcset=\"https:\/\/www.blogsoestado.com\/danielmatos\/wp-content\/uploads\/sites\/2\/2025\/10\/1003965692-1024x678.jpg 1024w, https:\/\/www.blogsoestado.com\/danielmatos\/wp-content\/uploads\/sites\/2\/2025\/10\/1003965692-300x199.jpg 300w, https:\/\/www.blogsoestado.com\/danielmatos\/wp-content\/uploads\/sites\/2\/2025\/10\/1003965692-768x509.jpg 768w, https:\/\/www.blogsoestado.com\/danielmatos\/wp-content\/uploads\/sites\/2\/2025\/10\/1003965692-1536x1018.jpg 1536w, https:\/\/www.blogsoestado.com\/danielmatos\/wp-content\/uploads\/sites\/2\/2025\/10\/1003965692.jpg 1600w\" sizes=\"(max-width: 1024px) 100vw, 1024px\" \/><figcaption class=\"wp-element-caption\">Geladeiras t\u00eam Selo A de Efici\u00eancia Energ\u00e9tica do PROCEL, que podem consumir at\u00e9 40% menos energia em compara\u00e7\u00e3o a equipamentos antigos<\/figcaption><\/figure>\n\n\n\n<p>No munic\u00edpio de Coelho Neto, os moradores poder\u00e3o participar da Oficina de Designer de Sobrancelhas. As inscri\u00e7\u00f5es podem ser feitas at\u00e9 o dia 16 de outubro, das 8h \u00e0s 12h, na Sede da Secret\u00e1ria de Assist\u00eancia Social. A oficina acontecer\u00e1 tamb\u00e9m no dia 16 de outubro, das 14h \u00e0s 18h.<\/p>\n\n\n\n<p>Para se inscrever no Projeto E+ Profissional, \u00e9 necess\u00e1rio ser cadastrado na Tarifa social Baixa renda, levar RG, CPF e conta de luz mais recente.<\/p>\n\n\n\n<p>Com essas a\u00e7\u00f5es, a Equatorial Maranh\u00e3o refor\u00e7a seu compromisso em promover efici\u00eancia energ\u00e9tica, incentivando a sustentabilidade e oferecendo oportunidades de capacita\u00e7\u00e3o para a popula\u00e7\u00e3o maranhense.<\/p>\n\n\n\n<p><strong>Servi\u00e7o<\/strong><\/p>\n\n\n\n<p>E+ Geladeira Nova \u2013 S\u00e3o Jos\u00e9 de Ribamar<br>Cadastro: 13 a 15 de outubro<br>Hor\u00e1rio: 9h \u00e0s 16h<br>Local: CRAS Sede, Rua Jo\u00e3o Alves Carneiro, Marap\u00f3ia<br>Sorteio: 16 de outubro, \u00e0s 15h, no Parque da Cidade<br>Entrega: 17 de outubro, a partir das 8h, no Parque da Cidade<\/p>\n\n\n\n<p>E+ Profissional<br>Curso de Designer de Sobrancelhas \u2013 S\u00e3o Jos\u00e9 de Ribamar<br>Inscri\u00e7\u00f5es: 13 e 14 de outubro<br>Hor\u00e1rio: 9h \u00e0s 16h<br>Local: CRAS Sede, Rua Jo\u00e3o Alves Carneiro, Marap\u00f3ia<br>Dia do curso: 15 de outubro, das 9h \u00e0s 12h.<\/p>\n\n\n\n<p>Curso de Limpeza de Pele \u2013 S\u00e3o Jos\u00e9 de Ribamar<br>Inscri\u00e7\u00f5es: 13 e 14 de outubro<br>Hor\u00e1rio: 9h \u00e0s 16h<br>Local: CRAS Sede, Rua Jo\u00e3o Alves Carneiro, Marap\u00f3ia<br>Dia do curso: 16 de outubro, das 9h \u00e0s 12h.<\/p>\n\n\n\n<p>Oficina de Designer de Sobrancelhas \u2013 Coelho Neto<br>Inscri\u00e7\u00f5es: at\u00e9 16 de outubro<br>Hor\u00e1rio: 8h \u00e0s 12h<br>Local: Sede da Secret\u00e1ria de Assist\u00eancia Social, Rua Santo Ant\u00f4nio, s\/n.<br>Oficina: 16 de outubro, das 14h \u00e0s 18h.<\/p>\n","protected":false},"excerpt":{"rendered":"<p>Ainda no munic\u00edpio, Distribuidora vai ofertar oportunidades de capacita\u00e7\u00e3o, que ser\u00e3o levadas tamb\u00e9m para Coelho Neto Nesta semana, a Equatorial [&hellip;]<\/p>\n","protected":false},"author":2,"featured_media":0,"comment_status":"open","ping_status":"open","sticky":false,"template":"","format":"standard","meta":{"site-sidebar-layout":"default","site-content-layout":"","ast-site-content-layout":"default","site-content-style":"default","site-sidebar-style":"default","ast-global-header-display":"","ast-banner-title-visibility":"","ast-main-header-display":"","ast-hfb-above-header-display":"","ast-hfb-below-header-display":"","ast-hfb-mobile-header-display":"","site-post-title":"","ast-breadcrumbs-content":"","ast-featured-img":"","footer-sml-layout":"","ast-disable-related-posts":"","theme-transparent-header-meta":"","adv-header-id-meta":"","stick-header-meta":"","header-above-stick-meta":"","header-main-stick-meta":"","header-below-stick-meta":"","astra-migrate-meta-layouts":"default","ast-page-background-enabled":"default","ast-page-background-meta":{"desktop":{"background-color":"var(--ast-global-color-5)","background-image":"","background-repeat":"repeat","background-position":"center center","background-size":"auto","background-attachment":"scroll","background-type":"","background-media":"","overlay-type":"","overlay-color":"","overlay-opacity":"","overlay-gradient":""},"tablet":{"background-color":"","background-image":"","background-repeat":"repeat","background-position":"center center","background-size":"auto","background-attachment":"scroll","background-type":"","background-media":"","overlay-type":"","overlay-color":"","overlay-opacity":"","overlay-gradient":""},"mobile":{"background-color":"","background-image":"","background-repeat":"repeat","background-position":"center center","background-size":"auto","background-attachment":"scroll","background-type":"","background-media":"","overlay-type":"","overlay-color":"","overlay-opacity":"","overlay-gradient":""}},"ast-content-background-meta":{"desktop":{"background-color":"var(--ast-global-color-4)","background-image":"","background-repeat":"repeat","background-position":"center center","background-size":"auto","background-attachment":"scroll","background-type":"","background-media":"","overlay-type":"","overlay-color":"","overlay-opacity":"","overlay-gradient":""},"tablet":{"background-color":"var(--ast-global-color-4)","background-image":"","background-repeat":"repeat","background-position":"center center","background-size":"auto","background-attachment":"scroll","background-type":"","background-media":"","overlay-type":"","overlay-color":"","overlay-opacity":"","overlay-gradient":""},"mobile":{"background-color":"var(--ast-global-color-4)","background-image":"","background-repeat":"repeat","background-position":"center center","background-size":"auto","background-attachment":"scroll","background-type":"","background-media":"","overlay-type":"","overlay-color":"","overlay-opacity":"","overlay-gradient":""}},"footnotes":""},"categories":[1],"tags":[],"class_list":["post-149601","post","type-post","status-publish","format-standard","hentry","category-sem-categoria"],"yoast_head":"<!-- This site is optimized with the Yoast SEO plugin v26.6 - https:\/\/yoast.com\/wordpress\/plugins\/seo\/ -->\n<title>Equatorial Maranh\u00e3o leva o projeto E+ Geladeira Nova para S\u00e3o Jos\u00e9 de Ribamar - Daniel Matos<\/title>\n<meta name=\"robots\" content=\"index, follow, max-snippet:-1, max-image-preview:large, max-video-preview:-1\" \/>\n<link rel=\"canonical\" href=\"https:\/\/www.blogsoestado.com\/danielmatos\/equatorial-maranhao-leva-o-projeto-e-geladeira-nova-para-sao-jose-de-ribamar\/\" \/>\n<meta property=\"og:locale\" content=\"pt_BR\" \/>\n<meta property=\"og:type\" content=\"article\" \/>\n<meta property=\"og:title\" content=\"Equatorial Maranh\u00e3o leva o projeto E+ Geladeira Nova para S\u00e3o Jos\u00e9 de Ribamar - Daniel Matos\" \/>\n<meta property=\"og:description\" content=\"Ainda no munic\u00edpio, Distribuidora vai ofertar oportunidades de capacita\u00e7\u00e3o, que ser\u00e3o levadas tamb\u00e9m para Coelho Neto Nesta semana, a Equatorial [&hellip;]\" \/>\n<meta property=\"og:url\" content=\"https:\/\/www.blogsoestado.com\/danielmatos\/equatorial-maranhao-leva-o-projeto-e-geladeira-nova-para-sao-jose-de-ribamar\/\" \/>\n<meta property=\"og:site_name\" content=\"Daniel Matos\" \/>\n<meta property=\"article:published_time\" content=\"2025-10-14T10:50:23+00:00\" \/>\n<meta property=\"article:modified_time\" content=\"2025-10-14T10:50:26+00:00\" \/>\n<meta property=\"og:image\" content=\"https:\/\/www.blogsoestado.com\/danielmatos\/wp-content\/uploads\/sites\/2\/2025\/10\/1003965688.jpg\" \/>\n\t<meta property=\"og:image:width\" content=\"1600\" \/>\n\t<meta property=\"og:image:height\" content=\"1059\" \/>\n\t<meta property=\"og:image:type\" content=\"image\/jpeg\" \/>\n<meta name=\"author\" content=\"Daniel Matos\" \/>\n<meta name=\"twitter:card\" content=\"summary_large_image\" \/>\n<meta name=\"twitter:label1\" content=\"Escrito por\" \/>\n\t<meta name=\"twitter:data1\" content=\"Daniel Matos\" \/>\n\t<meta name=\"twitter:label2\" content=\"Est. tempo de leitura\" \/>\n\t<meta name=\"twitter:data2\" content=\"5 minutos\" \/>\n<script type=\"application\/ld+json\" class=\"yoast-schema-graph\">{\"@context\":\"https:\/\/schema.org\",\"@graph\":[{\"@type\":\"WebPage\",\"@id\":\"https:\/\/www.blogsoestado.com\/danielmatos\/equatorial-maranhao-leva-o-projeto-e-geladeira-nova-para-sao-jose-de-ribamar\/\",\"url\":\"https:\/\/www.blogsoestado.com\/danielmatos\/equatorial-maranhao-leva-o-projeto-e-geladeira-nova-para-sao-jose-de-ribamar\/\",\"name\":\"Equatorial Maranh\u00e3o leva o projeto E+ Geladeira Nova para S\u00e3o Jos\u00e9 de Ribamar - Daniel Matos\",\"isPartOf\":{\"@id\":\"https:\/\/www.blogsoestado.com\/danielmatos\/#website\"},\"primaryImageOfPage\":{\"@id\":\"https:\/\/www.blogsoestado.com\/danielmatos\/equatorial-maranhao-leva-o-projeto-e-geladeira-nova-para-sao-jose-de-ribamar\/#primaryimage\"},\"image\":{\"@id\":\"https:\/\/www.blogsoestado.com\/danielmatos\/equatorial-maranhao-leva-o-projeto-e-geladeira-nova-para-sao-jose-de-ribamar\/#primaryimage\"},\"thumbnailUrl\":\"https:\/\/www.blogsoestado.com\/danielmatos\/wp-content\/uploads\/sites\/2\/2025\/10\/1003965688-1024x678.jpg\",\"datePublished\":\"2025-10-14T10:50:23+00:00\",\"dateModified\":\"2025-10-14T10:50:26+00:00\",\"author\":{\"@id\":\"https:\/\/www.blogsoestado.com\/danielmatos\/#\/schema\/person\/9a209d407cd45631f131e1285b661bb0\"},\"breadcrumb\":{\"@id\":\"https:\/\/www.blogsoestado.com\/danielmatos\/equatorial-maranhao-leva-o-projeto-e-geladeira-nova-para-sao-jose-de-ribamar\/#breadcrumb\"},\"inLanguage\":\"pt-BR\",\"potentialAction\":[{\"@type\":\"ReadAction\",\"target\":[\"https:\/\/www.blogsoestado.com\/danielmatos\/equatorial-maranhao-leva-o-projeto-e-geladeira-nova-para-sao-jose-de-ribamar\/\"]}]},{\"@type\":\"ImageObject\",\"inLanguage\":\"pt-BR\",\"@id\":\"https:\/\/www.blogsoestado.com\/danielmatos\/equatorial-maranhao-leva-o-projeto-e-geladeira-nova-para-sao-jose-de-ribamar\/#primaryimage\",\"url\":\"https:\/\/www.blogsoestado.com\/danielmatos\/wp-content\/uploads\/sites\/2\/2025\/10\/1003965688.jpg\",\"contentUrl\":\"https:\/\/www.blogsoestado.com\/danielmatos\/wp-content\/uploads\/sites\/2\/2025\/10\/1003965688.jpg\",\"width\":1600,\"height\":1059},{\"@type\":\"BreadcrumbList\",\"@id\":\"https:\/\/www.blogsoestado.com\/danielmatos\/equatorial-maranhao-leva-o-projeto-e-geladeira-nova-para-sao-jose-de-ribamar\/#breadcrumb\",\"itemListElement\":[{\"@type\":\"ListItem\",\"position\":1,\"name\":\"In\u00edcio\",\"item\":\"https:\/\/www.blogsoestado.com\/danielmatos\/\"},{\"@type\":\"ListItem\",\"position\":2,\"name\":\"Equatorial Maranh\u00e3o leva o projeto E+ Geladeira Nova para S\u00e3o Jos\u00e9 de Ribamar\"}]},{\"@type\":\"WebSite\",\"@id\":\"https:\/\/www.blogsoestado.com\/danielmatos\/#website\",\"url\":\"https:\/\/www.blogsoestado.com\/danielmatos\/\",\"name\":\"Daniel Matos\",\"description\":\"\",\"potentialAction\":[{\"@type\":\"SearchAction\",\"target\":{\"@type\":\"EntryPoint\",\"urlTemplate\":\"https:\/\/www.blogsoestado.com\/danielmatos\/?s={search_term_string}\"},\"query-input\":{\"@type\":\"PropertyValueSpecification\",\"valueRequired\":true,\"valueName\":\"search_term_string\"}}],\"inLanguage\":\"pt-BR\"},{\"@type\":\"Person\",\"@id\":\"https:\/\/www.blogsoestado.com\/danielmatos\/#\/schema\/person\/9a209d407cd45631f131e1285b661bb0\",\"name\":\"Daniel Matos\",\"image\":{\"@type\":\"ImageObject\",\"inLanguage\":\"pt-BR\",\"@id\":\"https:\/\/www.blogsoestado.com\/danielmatos\/#\/schema\/person\/image\/\",\"url\":\"https:\/\/secure.gravatar.com\/avatar\/2f26c36ee355da19a257f0dfef43952a2588b324ca35d6719e859fe338ac0392?s=96&d=mm&r=g\",\"contentUrl\":\"https:\/\/secure.gravatar.com\/avatar\/2f26c36ee355da19a257f0dfef43952a2588b324ca35d6719e859fe338ac0392?s=96&d=mm&r=g\",\"caption\":\"Daniel Matos\"},\"url\":\"https:\/\/www.blogsoestado.com\/danielmatos\/author\/danielmatos\/\"}]}<\/script>\n<!-- \/ Yoast SEO plugin. -->","yoast_head_json":{"title":"Equatorial Maranh\u00e3o leva o projeto E+ Geladeira Nova para S\u00e3o Jos\u00e9 de Ribamar - Daniel Matos","robots":{"index":"index","follow":"follow","max-snippet":"max-snippet:-1","max-image-preview":"max-image-preview:large","max-video-preview":"max-video-preview:-1"},"canonical":"https:\/\/www.blogsoestado.com\/danielmatos\/equatorial-maranhao-leva-o-projeto-e-geladeira-nova-para-sao-jose-de-ribamar\/","og_locale":"pt_BR","og_type":"article","og_title":"Equatorial Maranh\u00e3o leva o projeto E+ Geladeira Nova para S\u00e3o Jos\u00e9 de Ribamar - Daniel Matos","og_description":"Ainda no munic\u00edpio, Distribuidora vai ofertar oportunidades de capacita\u00e7\u00e3o, que ser\u00e3o levadas tamb\u00e9m para Coelho Neto Nesta semana, a Equatorial [&hellip;]","og_url":"https:\/\/www.blogsoestado.com\/danielmatos\/equatorial-maranhao-leva-o-projeto-e-geladeira-nova-para-sao-jose-de-ribamar\/","og_site_name":"Daniel Matos","article_published_time":"2025-10-14T10:50:23+00:00","article_modified_time":"2025-10-14T10:50:26+00:00","og_image":[{"width":1600,"height":1059,"url":"https:\/\/www.blogsoestado.com\/danielmatos\/wp-content\/uploads\/sites\/2\/2025\/10\/1003965688.jpg","type":"image\/jpeg"}],"author":"Daniel Matos","twitter_card":"summary_large_image","twitter_misc":{"Escrito por":"Daniel Matos","Est. tempo de leitura":"5 minutos"},"schema":{"@context":"https:\/\/schema.org","@graph":[{"@type":"WebPage","@id":"https:\/\/www.blogsoestado.com\/danielmatos\/equatorial-maranhao-leva-o-projeto-e-geladeira-nova-para-sao-jose-de-ribamar\/","url":"https:\/\/www.blogsoestado.com\/danielmatos\/equatorial-maranhao-leva-o-projeto-e-geladeira-nova-para-sao-jose-de-ribamar\/","name":"Equatorial Maranh\u00e3o leva o projeto E+ Geladeira Nova para S\u00e3o Jos\u00e9 de Ribamar - Daniel Matos","isPartOf":{"@id":"https:\/\/www.blogsoestado.com\/danielmatos\/#website"},"primaryImageOfPage":{"@id":"https:\/\/www.blogsoestado.com\/danielmatos\/equatorial-maranhao-leva-o-projeto-e-geladeira-nova-para-sao-jose-de-ribamar\/#primaryimage"},"image":{"@id":"https:\/\/www.blogsoestado.com\/danielmatos\/equatorial-maranhao-leva-o-projeto-e-geladeira-nova-para-sao-jose-de-ribamar\/#primaryimage"},"thumbnailUrl":"https:\/\/www.blogsoestado.com\/danielmatos\/wp-content\/uploads\/sites\/2\/2025\/10\/1003965688-1024x678.jpg","datePublished":"2025-10-14T10:50:23+00:00","dateModified":"2025-10-14T10:50:26+00:00","author":{"@id":"https:\/\/www.blogsoestado.com\/danielmatos\/#\/schema\/person\/9a209d407cd45631f131e1285b661bb0"},"breadcrumb":{"@id":"https:\/\/www.blogsoestado.com\/danielmatos\/equatorial-maranhao-leva-o-projeto-e-geladeira-nova-para-sao-jose-de-ribamar\/#breadcrumb"},"inLanguage":"pt-BR","potentialAction":[{"@type":"ReadAction","target":["https:\/\/www.blogsoestado.com\/danielmatos\/equatorial-maranhao-leva-o-projeto-e-geladeira-nova-para-sao-jose-de-ribamar\/"]}]},{"@type":"ImageObject","inLanguage":"pt-BR","@id":"https:\/\/www.blogsoestado.com\/danielmatos\/equatorial-maranhao-leva-o-projeto-e-geladeira-nova-para-sao-jose-de-ribamar\/#primaryimage","url":"https:\/\/www.blogsoestado.com\/danielmatos\/wp-content\/uploads\/sites\/2\/2025\/10\/1003965688.jpg","contentUrl":"https:\/\/www.blogsoestado.com\/danielmatos\/wp-content\/uploads\/sites\/2\/2025\/10\/1003965688.jpg","width":1600,"height":1059},{"@type":"BreadcrumbList","@id":"https:\/\/www.blogsoestado.com\/danielmatos\/equatorial-maranhao-leva-o-projeto-e-geladeira-nova-para-sao-jose-de-ribamar\/#breadcrumb","itemListElement":[{"@type":"ListItem","position":1,"name":"In\u00edcio","item":"https:\/\/www.blogsoestado.com\/danielmatos\/"},{"@type":"ListItem","position":2,"name":"Equatorial Maranh\u00e3o leva o projeto E+ Geladeira Nova para S\u00e3o Jos\u00e9 de Ribamar"}]},{"@type":"WebSite","@id":"https:\/\/www.blogsoestado.com\/danielmatos\/#website","url":"https:\/\/www.blogsoestado.com\/danielmatos\/","name":"Daniel Matos","description":"","potentialAction":[{"@type":"SearchAction","target":{"@type":"EntryPoint","urlTemplate":"https:\/\/www.blogsoestado.com\/danielmatos\/?s={search_term_string}"},"query-input":{"@type":"PropertyValueSpecification","valueRequired":true,"valueName":"search_term_string"}}],"inLanguage":"pt-BR"},{"@type":"Person","@id":"https:\/\/www.blogsoestado.com\/danielmatos\/#\/schema\/person\/9a209d407cd45631f131e1285b661bb0","name":"Daniel Matos","image":{"@type":"ImageObject","inLanguage":"pt-BR","@id":"https:\/\/www.blogsoestado.com\/danielmatos\/#\/schema\/person\/image\/","url":"https:\/\/secure.gravatar.com\/avatar\/2f26c36ee355da19a257f0dfef43952a2588b324ca35d6719e859fe338ac0392?s=96&d=mm&r=g","contentUrl":"https:\/\/secure.gravatar.com\/avatar\/2f26c36ee355da19a257f0dfef43952a2588b324ca35d6719e859fe338ac0392?s=96&d=mm&r=g","caption":"Daniel Matos"},"url":"https:\/\/www.blogsoestado.com\/danielmatos\/author\/danielmatos\/"}]}},"jetpack_featured_media_url":"","_links":{"self":[{"href":"https:\/\/www.blogsoestado.com\/danielmatos\/wp-json\/wp\/v2\/posts\/149601","targetHints":{"allow":["GET"]}}],"collection":[{"href":"https:\/\/www.blogsoestado.com\/danielmatos\/wp-json\/wp\/v2\/posts"}],"about":[{"href":"https:\/\/www.blogsoestado.com\/danielmatos\/wp-json\/wp\/v2\/types\/post"}],"author":[{"embeddable":true,"href":"https:\/\/www.blogsoestado.com\/danielmatos\/wp-json\/wp\/v2\/users\/2"}],"replies":[{"embeddable":true,"href":"https:\/\/www.blogsoestado.com\/danielmatos\/wp-json\/wp\/v2\/comments?post=149601"}],"version-history":[{"count":1,"href":"https:\/\/www.blogsoestado.com\/danielmatos\/wp-json\/wp\/v2\/posts\/149601\/revisions"}],"predecessor-version":[{"id":149604,"href":"https:\/\/www.blogsoestado.com\/danielmatos\/wp-json\/wp\/v2\/posts\/149601\/revisions\/149604"}],"wp:attachment":[{"href":"https:\/\/www.blogsoestado.com\/danielmatos\/wp-json\/wp\/v2\/media?parent=149601"}],"wp:term":[{"taxonomy":"category","embeddable":true,"href":"https:\/\/www.blogsoestado.com\/danielmatos\/wp-json\/wp\/v2\/categories?post=149601"},{"taxonomy":"post_tag","embeddable":true,"href":"https:\/\/www.blogsoestado.com\/danielmatos\/wp-json\/wp\/v2\/tags?post=149601"}],"curies":[{"name":"wp","href":"https:\/\/api.w.org\/{rel}","templated":true}]}}