{"id":149605,"date":"2025-10-14T08:27:36","date_gmt":"2025-10-14T11:27:36","guid":{"rendered":"https:\/\/www.blogsoestado.com\/danielmatos\/?p=149605"},"modified":"2025-10-14T08:27:39","modified_gmt":"2025-10-14T11:27:39","slug":"futebol-cidadania-e-esperanca-entram-em-campo-na-nova-temporada-da-escolinha-ctm","status":"publish","type":"post","link":"https:\/\/www.blogsoestado.com\/danielmatos\/futebol-cidadania-e-esperanca-entram-em-campo-na-nova-temporada-da-escolinha-ctm\/","title":{"rendered":"Futebol, cidadania e esperan\u00e7a entram em campo na nova temporada da Escolinha CTM"},"content":{"rendered":"\n<p><strong><mark style=\"color:#cf2e2e\" class=\"has-inline-color\">Projeto social de S\u00e3o Jos\u00e9 de Ribamar, apoiado pela Potiguar e pelo Governo do Estado, celebra nova fase com foco em preven\u00e7\u00e3o e inclus\u00e3o social<\/mark><\/strong><\/p>\n\n\n\n<figure class=\"wp-block-image aligncenter size-large\"><img fetchpriority=\"high\" decoding=\"async\" width=\"1024\" height=\"683\" src=\"https:\/\/www.blogsoestado.com\/danielmatos\/wp-content\/uploads\/sites\/2\/2025\/10\/1003966067-1024x683.jpg\" alt=\"\" class=\"wp-image-149606\" srcset=\"https:\/\/www.blogsoestado.com\/danielmatos\/wp-content\/uploads\/sites\/2\/2025\/10\/1003966067-1024x683.jpg 1024w, https:\/\/www.blogsoestado.com\/danielmatos\/wp-content\/uploads\/sites\/2\/2025\/10\/1003966067-300x200.jpg 300w, https:\/\/www.blogsoestado.com\/danielmatos\/wp-content\/uploads\/sites\/2\/2025\/10\/1003966067-768x512.jpg 768w, https:\/\/www.blogsoestado.com\/danielmatos\/wp-content\/uploads\/sites\/2\/2025\/10\/1003966067.jpg 1368w\" sizes=\"(max-width: 1024px) 100vw, 1024px\" \/><figcaption class=\"wp-element-caption\">Familiares e alunos reunidos na solenidade de aberturada nova temporada do projeto social no bairro do Pinda\u00ed em S\u00e3o Jos\u00e9 de Ribamar<\/figcaption><\/figure>\n\n\n\n<p>A sede da Escolinha de Futebol CTM, no bairro Pinda\u00ed, em S\u00e3o Jos\u00e9 de Ribamar, foi palco na \u00faltima quinta-feira (9) da abertura da sexta temporada do projeto social que tem mudado a realidade de crian\u00e7as e adolescentes em situa\u00e7\u00e3o de vulnerabilidade.<\/p>\n\n\n\n<p>A iniciativa, mantida pela Comunidade Terap\u00eautica do Maranh\u00e3o (CTM), \u00e9 viabilizada por meio da Lei Estadual de Incentivo ao Esporte, com patroc\u00ednio da Potiguar e apoio do Governo do Maranh\u00e3o, via Secretaria de Esporte e Lazer (Sedel).<\/p>\n\n\n\n<p>Na cerim\u00f4nia de abertura, os alunos receberam uniformes completos e participaram de homenagens aos patrocinadores. A Potiguar foi representada pela Diretora de Marketing do Grupo Potiguar Camila Brasil, enquanto o Governo do Estado esteve presente por meio do secret\u00e1rio adjunto da Sedel, Dr. Gutemberg Ara\u00fajo, que representou o secret\u00e1rio Celso Dias.<\/p>\n\n\n\n<figure class=\"wp-block-image aligncenter size-large\"><img decoding=\"async\" width=\"1024\" height=\"683\" src=\"https:\/\/www.blogsoestado.com\/danielmatos\/wp-content\/uploads\/sites\/2\/2025\/10\/1003966065-1024x683.jpg\" alt=\"\" class=\"wp-image-149607\" srcset=\"https:\/\/www.blogsoestado.com\/danielmatos\/wp-content\/uploads\/sites\/2\/2025\/10\/1003966065-1024x683.jpg 1024w, https:\/\/www.blogsoestado.com\/danielmatos\/wp-content\/uploads\/sites\/2\/2025\/10\/1003966065-300x200.jpg 300w, https:\/\/www.blogsoestado.com\/danielmatos\/wp-content\/uploads\/sites\/2\/2025\/10\/1003966065-768x512.jpg 768w, https:\/\/www.blogsoestado.com\/danielmatos\/wp-content\/uploads\/sites\/2\/2025\/10\/1003966065.jpg 1368w\" sizes=\"(max-width: 1024px) 100vw, 1024px\" \/><figcaption class=\"wp-element-caption\">O Pres. da CTM Edvaldo Cordeiro com o time de volunt\u00e1rios do projeto social Escolinha de Futebol CTM<\/figcaption><\/figure>\n\n\n\n<p>\u201c\u00c9 uma grande satisfa\u00e7\u00e3o estarmos apoiando esse projeto, que muda a vida de 120 crian\u00e7as. A Potiguar acredita que mudar a vida das pessoas \u00e9 um ato de amor ao p\u00f3ximo, e n\u00f3s fazemos isso n\u00e3o s\u00f3 comercialmente, com a venda de produtos de material de constru\u00e7\u00e3o com os quais as pessoas realizam o sonho da casa; mas tamb\u00e9m ajudamos a mudar vidas atrav\u00e9s do esporte, com o apoio a projetos como esse da Escolinha de Futebol CTM\u201d, declarou Camila Brasil.<\/p>\n\n\n\n<p>O Secret\u00e1rio Adjunto da SEDEL Dr. Gutemberg Ara\u00fajo fez quest\u00e3o de elogiar a seriedade do projeto social, que segundo ele, merece todo o apoio p\u00fablico e privado:<\/p>\n\n\n\n<p>\u201cA SEDEL se orgulha dos impactos positivos da nossa Lei Estadual de Incentivo ao Esporte, e no caso da Escolinha CTM, ficamos muito felizes em constatar o alto n\u00edvel de excel\u00eancia e seriedade desse projeto que ajuda a formar bons cidad\u00e3os. S\u00f3 temos que aplaudir e deixar as portas abertas da SEDEL para a CTM\u201d, destacou o Dr. Gutemberg Ara\u00fajo.<\/p>\n\n\n\n<figure class=\"wp-block-image aligncenter size-large\"><img decoding=\"async\" width=\"1024\" height=\"683\" src=\"https:\/\/www.blogsoestado.com\/danielmatos\/wp-content\/uploads\/sites\/2\/2025\/10\/1003966062-1024x683.jpg\" alt=\"\" class=\"wp-image-149608\" srcset=\"https:\/\/www.blogsoestado.com\/danielmatos\/wp-content\/uploads\/sites\/2\/2025\/10\/1003966062-1024x683.jpg 1024w, https:\/\/www.blogsoestado.com\/danielmatos\/wp-content\/uploads\/sites\/2\/2025\/10\/1003966062-300x200.jpg 300w, https:\/\/www.blogsoestado.com\/danielmatos\/wp-content\/uploads\/sites\/2\/2025\/10\/1003966062-768x512.jpg 768w, https:\/\/www.blogsoestado.com\/danielmatos\/wp-content\/uploads\/sites\/2\/2025\/10\/1003966062.jpg 1368w\" sizes=\"(max-width: 1024px) 100vw, 1024px\" \/><figcaption class=\"wp-element-caption\">Camila Brasil (Potiguar) e o Sec. Adjunto Dr. Gutemberg Ara\u00fajo (SEDEL) foram homenageados com placas de gratid\u00e3o<\/figcaption><\/figure>\n\n\n\n<p>Com o apoio do Grupo Potiguar e do Governo do Estado, a Escolinha CTM reafirma sua voca\u00e7\u00e3o: usar o futebol como ferramenta de inclus\u00e3o, cidadania e esperan\u00e7a de um futuro mais digno e promissor para todas as crian\u00e7as beneficiadas.<\/p>\n\n\n\n<p>O evento marcou a renova\u00e7\u00e3o de um compromisso com a transforma\u00e7\u00e3o social. O Presidente da CTM Pastor Edvaldo Cordeiro abriu a solenidade destacando a import\u00e2ncia das fam\u00edlias, dos patrocindaores e dos volunt\u00e1rios que, unidos, fazem a diferen\u00e7a na vida de centenas de jovens. Em seguida, ele entregou placas de reconhecimento aos patrocinadores.<\/p>\n\n\n\n<figure class=\"wp-block-image aligncenter size-large\"><img loading=\"lazy\" decoding=\"async\" width=\"1024\" height=\"683\" src=\"https:\/\/www.blogsoestado.com\/danielmatos\/wp-content\/uploads\/sites\/2\/2025\/10\/1003966063-1024x683.jpg\" alt=\"\" class=\"wp-image-149609\" srcset=\"https:\/\/www.blogsoestado.com\/danielmatos\/wp-content\/uploads\/sites\/2\/2025\/10\/1003966063-1024x683.jpg 1024w, https:\/\/www.blogsoestado.com\/danielmatos\/wp-content\/uploads\/sites\/2\/2025\/10\/1003966063-300x200.jpg 300w, https:\/\/www.blogsoestado.com\/danielmatos\/wp-content\/uploads\/sites\/2\/2025\/10\/1003966063-768x512.jpg 768w, https:\/\/www.blogsoestado.com\/danielmatos\/wp-content\/uploads\/sites\/2\/2025\/10\/1003966063.jpg 1368w\" sizes=\"(max-width: 1024px) 100vw, 1024px\" \/><figcaption class=\"wp-element-caption\">Reunidos no campo os patrocinadores, volunt\u00e1rios e monitores e os alunos da sexta temporada da Escolinha de Futebol CTM<\/figcaption><\/figure>\n\n\n\n<p>\u201cAcreditamos que resguardar a inf\u00e2ncia dos malef\u00edcios das drogas \u00e9 mais eficaz e de menor custo do que tratar os adultos. \u00c9 assim, muito felizes com todo o apoio recebido da Potiguar e do Governo, que vamos para mais uma temporada exitosa. Al\u00e9m das crian\u00e7as, tamb\u00e9m vamos ajudar a transformar cada uma das 120 fam\u00edlias envolvidas, al\u00e9m dos alunos\u201d lembrou o Pastor Edvaldo Cordeiro de Jesus, presidente da CTM e respons\u00e1vel pelo projeto.<\/p>\n\n\n\n<p>O Coordenador da Escolinha de Futebol CTM \u00c9dison Lages celebra os resultados desde o in\u00edcio do projeto em 2017: \u201cDeus tem nos aben\u00e7oado e muitas crian\u00e7as j\u00e1 foram beneficiadas. Alguns se tornaram atletas e est\u00e3o em clubes profissionais, e o mais importante, formamos cidad\u00e3os de bem, muitos ex \u2013 alunos j\u00e1 est\u00e3o trabalhando e vivendo uma vida digna e produtiva, com os ensinamentos que receberam aqui. Agradecemos aos nossos mantendeores que viabilizam a realiza\u00e7\u00e3o desse sonho e nos ajudam a transformar vidas\u201d frisou Lages, que h\u00e1 oito anos atua como volunt\u00e1rio no projeto.<\/p>\n\n\n\n<figure class=\"wp-block-image aligncenter size-large\"><img loading=\"lazy\" decoding=\"async\" width=\"1024\" height=\"683\" src=\"https:\/\/www.blogsoestado.com\/danielmatos\/wp-content\/uploads\/sites\/2\/2025\/10\/1003966064-1024x683.jpg\" alt=\"\" class=\"wp-image-149610\" srcset=\"https:\/\/www.blogsoestado.com\/danielmatos\/wp-content\/uploads\/sites\/2\/2025\/10\/1003966064-1024x683.jpg 1024w, https:\/\/www.blogsoestado.com\/danielmatos\/wp-content\/uploads\/sites\/2\/2025\/10\/1003966064-300x200.jpg 300w, https:\/\/www.blogsoestado.com\/danielmatos\/wp-content\/uploads\/sites\/2\/2025\/10\/1003966064-768x512.jpg 768w, https:\/\/www.blogsoestado.com\/danielmatos\/wp-content\/uploads\/sites\/2\/2025\/10\/1003966064.jpg 1368w\" sizes=\"(max-width: 1024px) 100vw, 1024px\" \/><figcaption class=\"wp-element-caption\">Na abertura da sexta temporada da Escolinha de Futebol CTM, o Presidente Edvaldo Cordeiro agradeceu o empenho dos volunt\u00e1rios, das fam\u00edlias e dos patrocinadores que ajudam a transformar vidas<\/figcaption><\/figure>\n\n\n\n<p><strong>Um campo que gera oportunidades<\/strong><\/p>\n\n\n\n<p>Criada em 2017, a Escolinha CTM nasceu do desejo de oferecer novas perspectivas a crian\u00e7as do bairro Pinda\u00ed que estavam vulner\u00e1veis e em risco pelo ambiente marcado pelas drogas que proliferam na regi\u00e3o. O que come\u00e7ou com apenas 25 alunos tornou-se uma refer\u00eancia local: hoje, s\u00e3o 120 jovens atendidos, com idades entre 7 e 17 anos, divididos nas categorias Sub-11, Sub-13 e Sub-15.<\/p>\n\n\n\n<p>Ao longo de oito anos, mais de 800 jovens j\u00e1 foram beneficiados diretamente, e cerca de 4.500 pessoas impactadas de forma direta e indireta. O campo, antes vazio, agora \u00e9 sin\u00f4nimo de conviv\u00eancia, disciplina e esperan\u00e7a.<\/p>\n\n\n\n<p>Nessa sexta temporada, muitos atletas j\u00e1 sonham em se profissionalizar e prometem se dedicar aos treinos, como Jo\u00e3o Luis Nojosa, de 12 anos: \u201cJogo como meio de campo e fui muito bem recebido na escolinha, ganhei muitos amigos. Eu vim com meus primos que jogavam aqui e agora sonho em ser um grande jogador de futebol no futuro. Quero ser famoso, e poder ajudar minha fam\u00edlia e dar muito orgulho aos meus pais\u201d revela o jovem que afirma ter melhorado tamb\u00e9m as notas na escola, desde que come\u00e7ou a treinar futebol, pois se sente mais relaxado e agora consegue prestar mais aten\u00e7\u00e3o nas aulas.<\/p>\n\n\n\n<figure class=\"wp-block-image aligncenter size-large\"><img loading=\"lazy\" decoding=\"async\" width=\"1024\" height=\"683\" src=\"https:\/\/www.blogsoestado.com\/danielmatos\/wp-content\/uploads\/sites\/2\/2025\/10\/1003966066-1024x683.jpg\" alt=\"\" class=\"wp-image-149611\" srcset=\"https:\/\/www.blogsoestado.com\/danielmatos\/wp-content\/uploads\/sites\/2\/2025\/10\/1003966066-1024x683.jpg 1024w, https:\/\/www.blogsoestado.com\/danielmatos\/wp-content\/uploads\/sites\/2\/2025\/10\/1003966066-300x200.jpg 300w, https:\/\/www.blogsoestado.com\/danielmatos\/wp-content\/uploads\/sites\/2\/2025\/10\/1003966066-768x512.jpg 768w, https:\/\/www.blogsoestado.com\/danielmatos\/wp-content\/uploads\/sites\/2\/2025\/10\/1003966066.jpg 1368w\" sizes=\"(max-width: 1024px) 100vw, 1024px\" \/><figcaption class=\"wp-element-caption\">O aluno Jo\u00e3o Lu\u00eds Nojosa que sonha em ser um jogador profissional com o Cordenador Escolinha de Futebol CTM \u00c9dison Lages<\/figcaption><\/figure>\n\n\n\n<p><strong>Transformando vidas muito al\u00e9m do futebol<\/strong><\/p>\n\n\n\n<p>A proposta do projeto vai al\u00e9m dos fundamentos esportivos. A CTM mant\u00e9m um acompanhamento psicossocial e pedag\u00f3gico constante, envolvendo psic\u00f3logos, pedagogos e educadores f\u00edsicos. As atividades incluem palestras, campanhas educativas, refor\u00e7o escolar e aconselhamento familiar \u2014 sempre com foco na preven\u00e7\u00e3o ao uso de drogas e no fortalecimento dos la\u00e7os comunit\u00e1rios.<\/p>\n\n\n\n<p>O trabalho em rede envolve ainda o apoio de institui\u00e7\u00f5es p\u00fablicas e privadas. Entre as a\u00e7\u00f5es realizadas est\u00e3o palestras do Departamento de Narc\u00f3ticos (Denarc), campanhas de incentivo \u00e0 leitura e \u00e0 alimenta\u00e7\u00e3o saud\u00e1vel, al\u00e9m de projetos de orienta\u00e7\u00e3o familiar.<\/p>\n\n\n\n<figure class=\"wp-block-image aligncenter size-large\"><img loading=\"lazy\" decoding=\"async\" width=\"1024\" height=\"576\" src=\"https:\/\/www.blogsoestado.com\/danielmatos\/wp-content\/uploads\/sites\/2\/2025\/10\/1003966068-1024x576.jpg\" alt=\"\" class=\"wp-image-149612\" srcset=\"https:\/\/www.blogsoestado.com\/danielmatos\/wp-content\/uploads\/sites\/2\/2025\/10\/1003966068-1024x576.jpg 1024w, https:\/\/www.blogsoestado.com\/danielmatos\/wp-content\/uploads\/sites\/2\/2025\/10\/1003966068-300x169.jpg 300w, https:\/\/www.blogsoestado.com\/danielmatos\/wp-content\/uploads\/sites\/2\/2025\/10\/1003966068-768x432.jpg 768w, https:\/\/www.blogsoestado.com\/danielmatos\/wp-content\/uploads\/sites\/2\/2025\/10\/1003966068.jpg 1280w\" sizes=\"(max-width: 1024px) 100vw, 1024px\" \/><figcaption class=\"wp-element-caption\">O aluno Enzo Cabral com a m\u00e3e Francisca Cabral<\/figcaption><\/figure>\n\n\n\n<p>Os resultados j\u00e1 aparecem dentro e fora de campo. A dona de casa Francisca Cabral \u00e9 m\u00e3e do Enzo Cabral e est\u00e1 muito feliz com as mudan\u00e7as do filho: \u201cO Enzo participa da escolinha j\u00e1 h\u00e1 tr\u00eas anos e ele mudou muito. Antes era um garoto muto t\u00edmido, e hoje ele \u00e9 soci\u00e1vel e bem desenrolado. S\u00f3 tenho esse filho e ele tem me dado muitas alegrias pelo comportamento em campo e fora dele. S\u00f3 saber que est\u00e1 fora dos perigos da rua, \u00e9 uma tranquilidade. Sou muito grata \u00e0 CTM\u201d, conta a m\u00e3e.<\/p>\n","protected":false},"excerpt":{"rendered":"<p>Projeto social de S\u00e3o Jos\u00e9 de Ribamar, apoiado pela Potiguar e pelo Governo do Estado, celebra nova fase com foco [&hellip;]<\/p>\n","protected":false},"author":2,"featured_media":0,"comment_status":"open","ping_status":"open","sticky":false,"template":"","format":"standard","meta":{"site-sidebar-layout":"default","site-content-layout":"","ast-site-content-layout":"default","site-content-style":"default","site-sidebar-style":"default","ast-global-header-display":"","ast-banner-title-visibility":"","ast-main-header-display":"","ast-hfb-above-header-display":"","ast-hfb-below-header-display":"","ast-hfb-mobile-header-display":"","site-post-title":"","ast-breadcrumbs-content":"","ast-featured-img":"","footer-sml-layout":"","ast-disable-related-posts":"","theme-transparent-header-meta":"","adv-header-id-meta":"","stick-header-meta":"","header-above-stick-meta":"","header-main-stick-meta":"","header-below-stick-meta":"","astra-migrate-meta-layouts":"default","ast-page-background-enabled":"default","ast-page-background-meta":{"desktop":{"background-color":"var(--ast-global-color-5)","background-image":"","background-repeat":"repeat","background-position":"center center","background-size":"auto","background-attachment":"scroll","background-type":"","background-media":"","overlay-type":"","overlay-color":"","overlay-opacity":"","overlay-gradient":""},"tablet":{"background-color":"","background-image":"","background-repeat":"repeat","background-position":"center center","background-size":"auto","background-attachment":"scroll","background-type":"","background-media":"","overlay-type":"","overlay-color":"","overlay-opacity":"","overlay-gradient":""},"mobile":{"background-color":"","background-image":"","background-repeat":"repeat","background-position":"center center","background-size":"auto","background-attachment":"scroll","background-type":"","background-media":"","overlay-type":"","overlay-color":"","overlay-opacity":"","overlay-gradient":""}},"ast-content-background-meta":{"desktop":{"background-color":"var(--ast-global-color-4)","background-image":"","background-repeat":"repeat","background-position":"center center","background-size":"auto","background-attachment":"scroll","background-type":"","background-media":"","overlay-type":"","overlay-color":"","overlay-opacity":"","overlay-gradient":""},"tablet":{"background-color":"var(--ast-global-color-4)","background-image":"","background-repeat":"repeat","background-position":"center center","background-size":"auto","background-attachment":"scroll","background-type":"","background-media":"","overlay-type":"","overlay-color":"","overlay-opacity":"","overlay-gradient":""},"mobile":{"background-color":"var(--ast-global-color-4)","background-image":"","background-repeat":"repeat","background-position":"center center","background-size":"auto","background-attachment":"scroll","background-type":"","background-media":"","overlay-type":"","overlay-color":"","overlay-opacity":"","overlay-gradient":""}},"footnotes":""},"categories":[1],"tags":[],"class_list":["post-149605","post","type-post","status-publish","format-standard","hentry","category-sem-categoria"],"yoast_head":"<!-- This site is optimized with the Yoast SEO plugin v26.6 - https:\/\/yoast.com\/wordpress\/plugins\/seo\/ -->\n<title>Futebol, cidadania e esperan\u00e7a entram em campo na nova temporada da Escolinha CTM - Daniel Matos<\/title>\n<meta name=\"robots\" content=\"index, follow, max-snippet:-1, max-image-preview:large, max-video-preview:-1\" \/>\n<link rel=\"canonical\" href=\"https:\/\/www.blogsoestado.com\/danielmatos\/futebol-cidadania-e-esperanca-entram-em-campo-na-nova-temporada-da-escolinha-ctm\/\" \/>\n<meta property=\"og:locale\" content=\"pt_BR\" \/>\n<meta property=\"og:type\" content=\"article\" \/>\n<meta property=\"og:title\" content=\"Futebol, cidadania e esperan\u00e7a entram em campo na nova temporada da Escolinha CTM - Daniel Matos\" \/>\n<meta property=\"og:description\" content=\"Projeto social de S\u00e3o Jos\u00e9 de Ribamar, apoiado pela Potiguar e pelo Governo do Estado, celebra nova fase com foco [&hellip;]\" \/>\n<meta property=\"og:url\" content=\"https:\/\/www.blogsoestado.com\/danielmatos\/futebol-cidadania-e-esperanca-entram-em-campo-na-nova-temporada-da-escolinha-ctm\/\" \/>\n<meta property=\"og:site_name\" content=\"Daniel Matos\" \/>\n<meta property=\"article:published_time\" content=\"2025-10-14T11:27:36+00:00\" \/>\n<meta property=\"article:modified_time\" content=\"2025-10-14T11:27:39+00:00\" \/>\n<meta property=\"og:image\" content=\"https:\/\/www.blogsoestado.com\/danielmatos\/wp-content\/uploads\/sites\/2\/2025\/10\/1003966067.jpg\" \/>\n\t<meta property=\"og:image:width\" content=\"1368\" \/>\n\t<meta property=\"og:image:height\" content=\"912\" \/>\n\t<meta property=\"og:image:type\" content=\"image\/jpeg\" \/>\n<meta name=\"author\" content=\"Daniel Matos\" \/>\n<meta name=\"twitter:card\" content=\"summary_large_image\" \/>\n<meta name=\"twitter:label1\" content=\"Escrito por\" \/>\n\t<meta name=\"twitter:data1\" content=\"Daniel Matos\" \/>\n\t<meta name=\"twitter:label2\" content=\"Est. tempo de leitura\" \/>\n\t<meta name=\"twitter:data2\" content=\"8 minutos\" \/>\n<script type=\"application\/ld+json\" class=\"yoast-schema-graph\">{\"@context\":\"https:\/\/schema.org\",\"@graph\":[{\"@type\":\"WebPage\",\"@id\":\"https:\/\/www.blogsoestado.com\/danielmatos\/futebol-cidadania-e-esperanca-entram-em-campo-na-nova-temporada-da-escolinha-ctm\/\",\"url\":\"https:\/\/www.blogsoestado.com\/danielmatos\/futebol-cidadania-e-esperanca-entram-em-campo-na-nova-temporada-da-escolinha-ctm\/\",\"name\":\"Futebol, cidadania e esperan\u00e7a entram em campo na nova temporada da Escolinha CTM - Daniel Matos\",\"isPartOf\":{\"@id\":\"https:\/\/www.blogsoestado.com\/danielmatos\/#website\"},\"primaryImageOfPage\":{\"@id\":\"https:\/\/www.blogsoestado.com\/danielmatos\/futebol-cidadania-e-esperanca-entram-em-campo-na-nova-temporada-da-escolinha-ctm\/#primaryimage\"},\"image\":{\"@id\":\"https:\/\/www.blogsoestado.com\/danielmatos\/futebol-cidadania-e-esperanca-entram-em-campo-na-nova-temporada-da-escolinha-ctm\/#primaryimage\"},\"thumbnailUrl\":\"https:\/\/www.blogsoestado.com\/danielmatos\/wp-content\/uploads\/sites\/2\/2025\/10\/1003966067-1024x683.jpg\",\"datePublished\":\"2025-10-14T11:27:36+00:00\",\"dateModified\":\"2025-10-14T11:27:39+00:00\",\"author\":{\"@id\":\"https:\/\/www.blogsoestado.com\/danielmatos\/#\/schema\/person\/9a209d407cd45631f131e1285b661bb0\"},\"breadcrumb\":{\"@id\":\"https:\/\/www.blogsoestado.com\/danielmatos\/futebol-cidadania-e-esperanca-entram-em-campo-na-nova-temporada-da-escolinha-ctm\/#breadcrumb\"},\"inLanguage\":\"pt-BR\",\"potentialAction\":[{\"@type\":\"ReadAction\",\"target\":[\"https:\/\/www.blogsoestado.com\/danielmatos\/futebol-cidadania-e-esperanca-entram-em-campo-na-nova-temporada-da-escolinha-ctm\/\"]}]},{\"@type\":\"ImageObject\",\"inLanguage\":\"pt-BR\",\"@id\":\"https:\/\/www.blogsoestado.com\/danielmatos\/futebol-cidadania-e-esperanca-entram-em-campo-na-nova-temporada-da-escolinha-ctm\/#primaryimage\",\"url\":\"https:\/\/www.blogsoestado.com\/danielmatos\/wp-content\/uploads\/sites\/2\/2025\/10\/1003966067.jpg\",\"contentUrl\":\"https:\/\/www.blogsoestado.com\/danielmatos\/wp-content\/uploads\/sites\/2\/2025\/10\/1003966067.jpg\",\"width\":1368,\"height\":912},{\"@type\":\"BreadcrumbList\",\"@id\":\"https:\/\/www.blogsoestado.com\/danielmatos\/futebol-cidadania-e-esperanca-entram-em-campo-na-nova-temporada-da-escolinha-ctm\/#breadcrumb\",\"itemListElement\":[{\"@type\":\"ListItem\",\"position\":1,\"name\":\"In\u00edcio\",\"item\":\"https:\/\/www.blogsoestado.com\/danielmatos\/\"},{\"@type\":\"ListItem\",\"position\":2,\"name\":\"Futebol, cidadania e esperan\u00e7a entram em campo na nova temporada da Escolinha CTM\"}]},{\"@type\":\"WebSite\",\"@id\":\"https:\/\/www.blogsoestado.com\/danielmatos\/#website\",\"url\":\"https:\/\/www.blogsoestado.com\/danielmatos\/\",\"name\":\"Daniel Matos\",\"description\":\"\",\"potentialAction\":[{\"@type\":\"SearchAction\",\"target\":{\"@type\":\"EntryPoint\",\"urlTemplate\":\"https:\/\/www.blogsoestado.com\/danielmatos\/?s={search_term_string}\"},\"query-input\":{\"@type\":\"PropertyValueSpecification\",\"valueRequired\":true,\"valueName\":\"search_term_string\"}}],\"inLanguage\":\"pt-BR\"},{\"@type\":\"Person\",\"@id\":\"https:\/\/www.blogsoestado.com\/danielmatos\/#\/schema\/person\/9a209d407cd45631f131e1285b661bb0\",\"name\":\"Daniel Matos\",\"image\":{\"@type\":\"ImageObject\",\"inLanguage\":\"pt-BR\",\"@id\":\"https:\/\/www.blogsoestado.com\/danielmatos\/#\/schema\/person\/image\/\",\"url\":\"https:\/\/secure.gravatar.com\/avatar\/2f26c36ee355da19a257f0dfef43952a2588b324ca35d6719e859fe338ac0392?s=96&d=mm&r=g\",\"contentUrl\":\"https:\/\/secure.gravatar.com\/avatar\/2f26c36ee355da19a257f0dfef43952a2588b324ca35d6719e859fe338ac0392?s=96&d=mm&r=g\",\"caption\":\"Daniel Matos\"},\"url\":\"https:\/\/www.blogsoestado.com\/danielmatos\/author\/danielmatos\/\"}]}<\/script>\n<!-- \/ Yoast SEO plugin. -->","yoast_head_json":{"title":"Futebol, cidadania e esperan\u00e7a entram em campo na nova temporada da Escolinha CTM - Daniel Matos","robots":{"index":"index","follow":"follow","max-snippet":"max-snippet:-1","max-image-preview":"max-image-preview:large","max-video-preview":"max-video-preview:-1"},"canonical":"https:\/\/www.blogsoestado.com\/danielmatos\/futebol-cidadania-e-esperanca-entram-em-campo-na-nova-temporada-da-escolinha-ctm\/","og_locale":"pt_BR","og_type":"article","og_title":"Futebol, cidadania e esperan\u00e7a entram em campo na nova temporada da Escolinha CTM - Daniel Matos","og_description":"Projeto social de S\u00e3o Jos\u00e9 de Ribamar, apoiado pela Potiguar e pelo Governo do Estado, celebra nova fase com foco [&hellip;]","og_url":"https:\/\/www.blogsoestado.com\/danielmatos\/futebol-cidadania-e-esperanca-entram-em-campo-na-nova-temporada-da-escolinha-ctm\/","og_site_name":"Daniel Matos","article_published_time":"2025-10-14T11:27:36+00:00","article_modified_time":"2025-10-14T11:27:39+00:00","og_image":[{"width":1368,"height":912,"url":"https:\/\/www.blogsoestado.com\/danielmatos\/wp-content\/uploads\/sites\/2\/2025\/10\/1003966067.jpg","type":"image\/jpeg"}],"author":"Daniel Matos","twitter_card":"summary_large_image","twitter_misc":{"Escrito por":"Daniel Matos","Est. tempo de leitura":"8 minutos"},"schema":{"@context":"https:\/\/schema.org","@graph":[{"@type":"WebPage","@id":"https:\/\/www.blogsoestado.com\/danielmatos\/futebol-cidadania-e-esperanca-entram-em-campo-na-nova-temporada-da-escolinha-ctm\/","url":"https:\/\/www.blogsoestado.com\/danielmatos\/futebol-cidadania-e-esperanca-entram-em-campo-na-nova-temporada-da-escolinha-ctm\/","name":"Futebol, cidadania e esperan\u00e7a entram em campo na nova temporada da Escolinha CTM - Daniel Matos","isPartOf":{"@id":"https:\/\/www.blogsoestado.com\/danielmatos\/#website"},"primaryImageOfPage":{"@id":"https:\/\/www.blogsoestado.com\/danielmatos\/futebol-cidadania-e-esperanca-entram-em-campo-na-nova-temporada-da-escolinha-ctm\/#primaryimage"},"image":{"@id":"https:\/\/www.blogsoestado.com\/danielmatos\/futebol-cidadania-e-esperanca-entram-em-campo-na-nova-temporada-da-escolinha-ctm\/#primaryimage"},"thumbnailUrl":"https:\/\/www.blogsoestado.com\/danielmatos\/wp-content\/uploads\/sites\/2\/2025\/10\/1003966067-1024x683.jpg","datePublished":"2025-10-14T11:27:36+00:00","dateModified":"2025-10-14T11:27:39+00:00","author":{"@id":"https:\/\/www.blogsoestado.com\/danielmatos\/#\/schema\/person\/9a209d407cd45631f131e1285b661bb0"},"breadcrumb":{"@id":"https:\/\/www.blogsoestado.com\/danielmatos\/futebol-cidadania-e-esperanca-entram-em-campo-na-nova-temporada-da-escolinha-ctm\/#breadcrumb"},"inLanguage":"pt-BR","potentialAction":[{"@type":"ReadAction","target":["https:\/\/www.blogsoestado.com\/danielmatos\/futebol-cidadania-e-esperanca-entram-em-campo-na-nova-temporada-da-escolinha-ctm\/"]}]},{"@type":"ImageObject","inLanguage":"pt-BR","@id":"https:\/\/www.blogsoestado.com\/danielmatos\/futebol-cidadania-e-esperanca-entram-em-campo-na-nova-temporada-da-escolinha-ctm\/#primaryimage","url":"https:\/\/www.blogsoestado.com\/danielmatos\/wp-content\/uploads\/sites\/2\/2025\/10\/1003966067.jpg","contentUrl":"https:\/\/www.blogsoestado.com\/danielmatos\/wp-content\/uploads\/sites\/2\/2025\/10\/1003966067.jpg","width":1368,"height":912},{"@type":"BreadcrumbList","@id":"https:\/\/www.blogsoestado.com\/danielmatos\/futebol-cidadania-e-esperanca-entram-em-campo-na-nova-temporada-da-escolinha-ctm\/#breadcrumb","itemListElement":[{"@type":"ListItem","position":1,"name":"In\u00edcio","item":"https:\/\/www.blogsoestado.com\/danielmatos\/"},{"@type":"ListItem","position":2,"name":"Futebol, cidadania e esperan\u00e7a entram em campo na nova temporada da Escolinha CTM"}]},{"@type":"WebSite","@id":"https:\/\/www.blogsoestado.com\/danielmatos\/#website","url":"https:\/\/www.blogsoestado.com\/danielmatos\/","name":"Daniel Matos","description":"","potentialAction":[{"@type":"SearchAction","target":{"@type":"EntryPoint","urlTemplate":"https:\/\/www.blogsoestado.com\/danielmatos\/?s={search_term_string}"},"query-input":{"@type":"PropertyValueSpecification","valueRequired":true,"valueName":"search_term_string"}}],"inLanguage":"pt-BR"},{"@type":"Person","@id":"https:\/\/www.blogsoestado.com\/danielmatos\/#\/schema\/person\/9a209d407cd45631f131e1285b661bb0","name":"Daniel Matos","image":{"@type":"ImageObject","inLanguage":"pt-BR","@id":"https:\/\/www.blogsoestado.com\/danielmatos\/#\/schema\/person\/image\/","url":"https:\/\/secure.gravatar.com\/avatar\/2f26c36ee355da19a257f0dfef43952a2588b324ca35d6719e859fe338ac0392?s=96&d=mm&r=g","contentUrl":"https:\/\/secure.gravatar.com\/avatar\/2f26c36ee355da19a257f0dfef43952a2588b324ca35d6719e859fe338ac0392?s=96&d=mm&r=g","caption":"Daniel Matos"},"url":"https:\/\/www.blogsoestado.com\/danielmatos\/author\/danielmatos\/"}]}},"jetpack_featured_media_url":"","_links":{"self":[{"href":"https:\/\/www.blogsoestado.com\/danielmatos\/wp-json\/wp\/v2\/posts\/149605","targetHints":{"allow":["GET"]}}],"collection":[{"href":"https:\/\/www.blogsoestado.com\/danielmatos\/wp-json\/wp\/v2\/posts"}],"about":[{"href":"https:\/\/www.blogsoestado.com\/danielmatos\/wp-json\/wp\/v2\/types\/post"}],"author":[{"embeddable":true,"href":"https:\/\/www.blogsoestado.com\/danielmatos\/wp-json\/wp\/v2\/users\/2"}],"replies":[{"embeddable":true,"href":"https:\/\/www.blogsoestado.com\/danielmatos\/wp-json\/wp\/v2\/comments?post=149605"}],"version-history":[{"count":1,"href":"https:\/\/www.blogsoestado.com\/danielmatos\/wp-json\/wp\/v2\/posts\/149605\/revisions"}],"predecessor-version":[{"id":149613,"href":"https:\/\/www.blogsoestado.com\/danielmatos\/wp-json\/wp\/v2\/posts\/149605\/revisions\/149613"}],"wp:attachment":[{"href":"https:\/\/www.blogsoestado.com\/danielmatos\/wp-json\/wp\/v2\/media?parent=149605"}],"wp:term":[{"taxonomy":"category","embeddable":true,"href":"https:\/\/www.blogsoestado.com\/danielmatos\/wp-json\/wp\/v2\/categories?post=149605"},{"taxonomy":"post_tag","embeddable":true,"href":"https:\/\/www.blogsoestado.com\/danielmatos\/wp-json\/wp\/v2\/tags?post=149605"}],"curies":[{"name":"wp","href":"https:\/\/api.w.org\/{rel}","templated":true}]}}