{"id":149618,"date":"2025-10-14T11:32:40","date_gmt":"2025-10-14T14:32:40","guid":{"rendered":"https:\/\/www.blogsoestado.com\/danielmatos\/?p=149618"},"modified":"2025-10-14T11:32:43","modified_gmt":"2025-10-14T14:32:43","slug":"tim-reabre-loja-no-sao-luis-shopping-com-mais-espaco-inovacao-e-acessibilidade","status":"publish","type":"post","link":"https:\/\/www.blogsoestado.com\/danielmatos\/tim-reabre-loja-no-sao-luis-shopping-com-mais-espaco-inovacao-e-acessibilidade\/","title":{"rendered":"TIM reabre loja no S\u00e3o Lu\u00eds Shopping com mais espa\u00e7o, inova\u00e7\u00e3o e acessibilidade"},"content":{"rendered":"\n<p><em><strong><mark style=\"color:#cf2e2e\" class=\"has-inline-color\">Localizada no t\u00e9rreo do centro de compras e com 186m\u00b2 de espa\u00e7os interativos, unidade passou por reforma para abrigar novos espa\u00e7os interativos<\/mark><\/strong><\/em><\/p>\n\n\n\n<figure class=\"wp-block-image aligncenter size-large\"><img fetchpriority=\"high\" decoding=\"async\" width=\"1024\" height=\"768\" src=\"https:\/\/www.blogsoestado.com\/danielmatos\/wp-content\/uploads\/sites\/2\/2025\/10\/1003968210-1024x768.jpg\" alt=\"\" class=\"wp-image-149619\" srcset=\"https:\/\/www.blogsoestado.com\/danielmatos\/wp-content\/uploads\/sites\/2\/2025\/10\/1003968210-1024x768.jpg 1024w, https:\/\/www.blogsoestado.com\/danielmatos\/wp-content\/uploads\/sites\/2\/2025\/10\/1003968210-300x225.jpg 300w, https:\/\/www.blogsoestado.com\/danielmatos\/wp-content\/uploads\/sites\/2\/2025\/10\/1003968210-768x576.jpg 768w, https:\/\/www.blogsoestado.com\/danielmatos\/wp-content\/uploads\/sites\/2\/2025\/10\/1003968210.jpg 1280w\" sizes=\"(max-width: 1024px) 100vw, 1024px\" \/><figcaption class=\"wp-element-caption\">O espa\u00e7o de 186m\u00b2 foi projetado para que os visitantes possam vivenciar experi\u00eancias, al\u00e9m de possuir um portf\u00f3lio robusto com variedade de produtos e servi\u00e7os<\/figcaption><\/figure>\n\n\n\n<p><strong>S\u00e3o Lu\u00eds, 14 de outubro de 2025 \u2013<\/strong> Depois de passar por uma amplia\u00e7\u00e3o e novo conceito, a TIM reabre sua loja do S\u00e3o Lu\u00eds Shopping, que fica no t\u00e9rreo, hoje (14\/10). O espa\u00e7o traz algumas novidades com foco na inclus\u00e3o, com um ambiente repaginado, equipamentos e aparelhos de \u00faltima gera\u00e7\u00e3o, ambientes diferenciados e um olhar especial \u00e0s quest\u00f5es de acessibilidade. Tudo para atender o p\u00fablico com ainda mais qualidade e conforto.<\/p>\n\n\n\n<p>O espa\u00e7o de 186m\u00b2 foi projetado para que os visitantes possam vivenciar experi\u00eancias, al\u00e9m de possuir um portf\u00f3lio robusto com variedade de produtos e servi\u00e7os. Na nova loja, o cliente poder\u00e1 navegar no 5G, conhecer uma casa conectada, interagir com plataformas de servi\u00e7os propiciados pela conectividade, bater papo e at\u00e9 trabalhar em home office em um espa\u00e7o confort\u00e1vel e com tudo ligado a equipamentos de \u00faltima gera\u00e7\u00e3o s\u00e3o alguns dos atrativos do novo ambiente.<\/p>\n\n\n\n<p>Com atendimento 100% digital, a loja refor\u00e7a o conceito de omnichannel, que re\u00fane todos os canais utilizados pela TIM, integrando espa\u00e7o f\u00edsico e virtual. O estabelecimento tem uma \u00e1rea para exposi\u00e7\u00e3o de smartphones, gadgets e outros acess\u00f3rios.<\/p>\n\n\n\n<p>A nova loja chega com descontos imperd\u00edveis, acompanhando as ofertas da Semana das Crian\u00e7as em todo o Brasil. Entre os destaques, o PlayStation 5 sai por R$ 2.399, a caixa de som JBL Boombox por R$ 1.299 e o novo lan\u00e7amento da Samsung Galaxy S25 FE com Boost por R$ 1.799. E para quem busca ainda mais economia, o Sald\u00e3o de Ofertas traz o Samsung A14 por apenas R$ 459. Ofertas em planos fidelizados.<br>No espa\u00e7o Casa Conectada, o visitante pode experimentar v\u00e1rios acess\u00f3rios e funcionalidades para deixar sua casa automatizada, al\u00e9m de experimentar servi\u00e7os de streaming por parceiros da TIM. No espa\u00e7o TIM Expert, um especialista ajuda os clientes em configura\u00e7\u00f5es avan\u00e7adas dos celulares, aplicativos e a tirar d\u00favidas de tecnologia. A loja possui dez funcion\u00e1rios.<\/p>\n\n\n\n<p>\u201cA inaugura\u00e7\u00e3o desta nova loja em S\u00e3o Lu\u00eds simboliza mais do que um investimento, \u00e9 um passo estrat\u00e9gico na consolida\u00e7\u00e3o da TIM como refer\u00eancia em tecnologia e experi\u00eancia do cliente. Queremos que cada ponto de contato com a marca reflita inova\u00e7\u00e3o, proximidade e qualidade. Ap\u00f3s levar o 5G \u00e0 cidade e expandir para 13 munic\u00edpios, seguimos comprometidos em acelerar o futuro digital do Maranh\u00e3o.\u201d afirma Graciela Berlezi, diretora de vendas da TIM Norte e Centro-Oeste.<\/p>\n\n\n\n<p>A TIM j\u00e1 leva o 5G a todos os bairros de S\u00e3o Lu\u00eds e segue ampliando sua presen\u00e7a no Maranh\u00e3o, onde a tecnologia de quinta gera\u00e7\u00e3o j\u00e1 est\u00e1 dispon\u00edvel em 13 munic\u00edpios. Al\u00e9m disso, a operadora alcan\u00e7ou a meta de cobrir 100% das cidades do Estado com a rede 4G.<\/p>\n\n\n\n<p>Servi\u00e7os:<br>Fernanda Veiga \u2013 (71) 99149-8124 fbacelar@timbrasil.com.br<\/p>\n","protected":false},"excerpt":{"rendered":"<p>Localizada no t\u00e9rreo do centro de compras e com 186m\u00b2 de espa\u00e7os interativos, unidade passou por reforma para abrigar novos [&hellip;]<\/p>\n","protected":false},"author":2,"featured_media":0,"comment_status":"open","ping_status":"open","sticky":false,"template":"","format":"standard","meta":{"site-sidebar-layout":"default","site-content-layout":"","ast-site-content-layout":"default","site-content-style":"default","site-sidebar-style":"default","ast-global-header-display":"","ast-banner-title-visibility":"","ast-main-header-display":"","ast-hfb-above-header-display":"","ast-hfb-below-header-display":"","ast-hfb-mobile-header-display":"","site-post-title":"","ast-breadcrumbs-content":"","ast-featured-img":"","footer-sml-layout":"","ast-disable-related-posts":"","theme-transparent-header-meta":"","adv-header-id-meta":"","stick-header-meta":"","header-above-stick-meta":"","header-main-stick-meta":"","header-below-stick-meta":"","astra-migrate-meta-layouts":"default","ast-page-background-enabled":"default","ast-page-background-meta":{"desktop":{"background-color":"var(--ast-global-color-5)","background-image":"","background-repeat":"repeat","background-position":"center center","background-size":"auto","background-attachment":"scroll","background-type":"","background-media":"","overlay-type":"","overlay-color":"","overlay-opacity":"","overlay-gradient":""},"tablet":{"background-color":"","background-image":"","background-repeat":"repeat","background-position":"center center","background-size":"auto","background-attachment":"scroll","background-type":"","background-media":"","overlay-type":"","overlay-color":"","overlay-opacity":"","overlay-gradient":""},"mobile":{"background-color":"","background-image":"","background-repeat":"repeat","background-position":"center center","background-size":"auto","background-attachment":"scroll","background-type":"","background-media":"","overlay-type":"","overlay-color":"","overlay-opacity":"","overlay-gradient":""}},"ast-content-background-meta":{"desktop":{"background-color":"var(--ast-global-color-4)","background-image":"","background-repeat":"repeat","background-position":"center center","background-size":"auto","background-attachment":"scroll","background-type":"","background-media":"","overlay-type":"","overlay-color":"","overlay-opacity":"","overlay-gradient":""},"tablet":{"background-color":"var(--ast-global-color-4)","background-image":"","background-repeat":"repeat","background-position":"center center","background-size":"auto","background-attachment":"scroll","background-type":"","background-media":"","overlay-type":"","overlay-color":"","overlay-opacity":"","overlay-gradient":""},"mobile":{"background-color":"var(--ast-global-color-4)","background-image":"","background-repeat":"repeat","background-position":"center center","background-size":"auto","background-attachment":"scroll","background-type":"","background-media":"","overlay-type":"","overlay-color":"","overlay-opacity":"","overlay-gradient":""}},"footnotes":""},"categories":[1],"tags":[],"class_list":["post-149618","post","type-post","status-publish","format-standard","hentry","category-sem-categoria"],"yoast_head":"<!-- This site is optimized with the Yoast SEO plugin v26.6 - https:\/\/yoast.com\/wordpress\/plugins\/seo\/ -->\n<title>TIM reabre loja no S\u00e3o Lu\u00eds Shopping com mais espa\u00e7o, inova\u00e7\u00e3o e acessibilidade - Daniel Matos<\/title>\n<meta name=\"robots\" content=\"index, follow, max-snippet:-1, max-image-preview:large, max-video-preview:-1\" \/>\n<link rel=\"canonical\" href=\"https:\/\/www.blogsoestado.com\/danielmatos\/tim-reabre-loja-no-sao-luis-shopping-com-mais-espaco-inovacao-e-acessibilidade\/\" \/>\n<meta property=\"og:locale\" content=\"pt_BR\" \/>\n<meta property=\"og:type\" content=\"article\" \/>\n<meta property=\"og:title\" content=\"TIM reabre loja no S\u00e3o Lu\u00eds Shopping com mais espa\u00e7o, inova\u00e7\u00e3o e acessibilidade - Daniel Matos\" \/>\n<meta property=\"og:description\" content=\"Localizada no t\u00e9rreo do centro de compras e com 186m\u00b2 de espa\u00e7os interativos, unidade passou por reforma para abrigar novos [&hellip;]\" \/>\n<meta property=\"og:url\" content=\"https:\/\/www.blogsoestado.com\/danielmatos\/tim-reabre-loja-no-sao-luis-shopping-com-mais-espaco-inovacao-e-acessibilidade\/\" \/>\n<meta property=\"og:site_name\" content=\"Daniel Matos\" \/>\n<meta property=\"article:published_time\" content=\"2025-10-14T14:32:40+00:00\" \/>\n<meta property=\"article:modified_time\" content=\"2025-10-14T14:32:43+00:00\" \/>\n<meta property=\"og:image\" content=\"https:\/\/www.blogsoestado.com\/danielmatos\/wp-content\/uploads\/sites\/2\/2025\/10\/1003968210.jpg\" \/>\n\t<meta property=\"og:image:width\" content=\"1280\" \/>\n\t<meta property=\"og:image:height\" content=\"960\" \/>\n\t<meta property=\"og:image:type\" content=\"image\/jpeg\" \/>\n<meta name=\"author\" content=\"Daniel Matos\" \/>\n<meta name=\"twitter:card\" content=\"summary_large_image\" \/>\n<meta name=\"twitter:label1\" content=\"Escrito por\" \/>\n\t<meta name=\"twitter:data1\" content=\"Daniel Matos\" \/>\n\t<meta name=\"twitter:label2\" content=\"Est. tempo de leitura\" \/>\n\t<meta name=\"twitter:data2\" content=\"3 minutos\" \/>\n<script type=\"application\/ld+json\" class=\"yoast-schema-graph\">{\"@context\":\"https:\/\/schema.org\",\"@graph\":[{\"@type\":\"WebPage\",\"@id\":\"https:\/\/www.blogsoestado.com\/danielmatos\/tim-reabre-loja-no-sao-luis-shopping-com-mais-espaco-inovacao-e-acessibilidade\/\",\"url\":\"https:\/\/www.blogsoestado.com\/danielmatos\/tim-reabre-loja-no-sao-luis-shopping-com-mais-espaco-inovacao-e-acessibilidade\/\",\"name\":\"TIM reabre loja no S\u00e3o Lu\u00eds Shopping com mais espa\u00e7o, inova\u00e7\u00e3o e acessibilidade - Daniel Matos\",\"isPartOf\":{\"@id\":\"https:\/\/www.blogsoestado.com\/danielmatos\/#website\"},\"primaryImageOfPage\":{\"@id\":\"https:\/\/www.blogsoestado.com\/danielmatos\/tim-reabre-loja-no-sao-luis-shopping-com-mais-espaco-inovacao-e-acessibilidade\/#primaryimage\"},\"image\":{\"@id\":\"https:\/\/www.blogsoestado.com\/danielmatos\/tim-reabre-loja-no-sao-luis-shopping-com-mais-espaco-inovacao-e-acessibilidade\/#primaryimage\"},\"thumbnailUrl\":\"https:\/\/www.blogsoestado.com\/danielmatos\/wp-content\/uploads\/sites\/2\/2025\/10\/1003968210-1024x768.jpg\",\"datePublished\":\"2025-10-14T14:32:40+00:00\",\"dateModified\":\"2025-10-14T14:32:43+00:00\",\"author\":{\"@id\":\"https:\/\/www.blogsoestado.com\/danielmatos\/#\/schema\/person\/9a209d407cd45631f131e1285b661bb0\"},\"breadcrumb\":{\"@id\":\"https:\/\/www.blogsoestado.com\/danielmatos\/tim-reabre-loja-no-sao-luis-shopping-com-mais-espaco-inovacao-e-acessibilidade\/#breadcrumb\"},\"inLanguage\":\"pt-BR\",\"potentialAction\":[{\"@type\":\"ReadAction\",\"target\":[\"https:\/\/www.blogsoestado.com\/danielmatos\/tim-reabre-loja-no-sao-luis-shopping-com-mais-espaco-inovacao-e-acessibilidade\/\"]}]},{\"@type\":\"ImageObject\",\"inLanguage\":\"pt-BR\",\"@id\":\"https:\/\/www.blogsoestado.com\/danielmatos\/tim-reabre-loja-no-sao-luis-shopping-com-mais-espaco-inovacao-e-acessibilidade\/#primaryimage\",\"url\":\"https:\/\/www.blogsoestado.com\/danielmatos\/wp-content\/uploads\/sites\/2\/2025\/10\/1003968210.jpg\",\"contentUrl\":\"https:\/\/www.blogsoestado.com\/danielmatos\/wp-content\/uploads\/sites\/2\/2025\/10\/1003968210.jpg\",\"width\":1280,\"height\":960},{\"@type\":\"BreadcrumbList\",\"@id\":\"https:\/\/www.blogsoestado.com\/danielmatos\/tim-reabre-loja-no-sao-luis-shopping-com-mais-espaco-inovacao-e-acessibilidade\/#breadcrumb\",\"itemListElement\":[{\"@type\":\"ListItem\",\"position\":1,\"name\":\"In\u00edcio\",\"item\":\"https:\/\/www.blogsoestado.com\/danielmatos\/\"},{\"@type\":\"ListItem\",\"position\":2,\"name\":\"TIM reabre loja no S\u00e3o Lu\u00eds Shopping com mais espa\u00e7o, inova\u00e7\u00e3o e acessibilidade\"}]},{\"@type\":\"WebSite\",\"@id\":\"https:\/\/www.blogsoestado.com\/danielmatos\/#website\",\"url\":\"https:\/\/www.blogsoestado.com\/danielmatos\/\",\"name\":\"Daniel Matos\",\"description\":\"\",\"potentialAction\":[{\"@type\":\"SearchAction\",\"target\":{\"@type\":\"EntryPoint\",\"urlTemplate\":\"https:\/\/www.blogsoestado.com\/danielmatos\/?s={search_term_string}\"},\"query-input\":{\"@type\":\"PropertyValueSpecification\",\"valueRequired\":true,\"valueName\":\"search_term_string\"}}],\"inLanguage\":\"pt-BR\"},{\"@type\":\"Person\",\"@id\":\"https:\/\/www.blogsoestado.com\/danielmatos\/#\/schema\/person\/9a209d407cd45631f131e1285b661bb0\",\"name\":\"Daniel Matos\",\"image\":{\"@type\":\"ImageObject\",\"inLanguage\":\"pt-BR\",\"@id\":\"https:\/\/www.blogsoestado.com\/danielmatos\/#\/schema\/person\/image\/\",\"url\":\"https:\/\/secure.gravatar.com\/avatar\/2f26c36ee355da19a257f0dfef43952a2588b324ca35d6719e859fe338ac0392?s=96&d=mm&r=g\",\"contentUrl\":\"https:\/\/secure.gravatar.com\/avatar\/2f26c36ee355da19a257f0dfef43952a2588b324ca35d6719e859fe338ac0392?s=96&d=mm&r=g\",\"caption\":\"Daniel Matos\"},\"url\":\"https:\/\/www.blogsoestado.com\/danielmatos\/author\/danielmatos\/\"}]}<\/script>\n<!-- \/ Yoast SEO plugin. -->","yoast_head_json":{"title":"TIM reabre loja no S\u00e3o Lu\u00eds Shopping com mais espa\u00e7o, inova\u00e7\u00e3o e acessibilidade - Daniel Matos","robots":{"index":"index","follow":"follow","max-snippet":"max-snippet:-1","max-image-preview":"max-image-preview:large","max-video-preview":"max-video-preview:-1"},"canonical":"https:\/\/www.blogsoestado.com\/danielmatos\/tim-reabre-loja-no-sao-luis-shopping-com-mais-espaco-inovacao-e-acessibilidade\/","og_locale":"pt_BR","og_type":"article","og_title":"TIM reabre loja no S\u00e3o Lu\u00eds Shopping com mais espa\u00e7o, inova\u00e7\u00e3o e acessibilidade - Daniel Matos","og_description":"Localizada no t\u00e9rreo do centro de compras e com 186m\u00b2 de espa\u00e7os interativos, unidade passou por reforma para abrigar novos [&hellip;]","og_url":"https:\/\/www.blogsoestado.com\/danielmatos\/tim-reabre-loja-no-sao-luis-shopping-com-mais-espaco-inovacao-e-acessibilidade\/","og_site_name":"Daniel Matos","article_published_time":"2025-10-14T14:32:40+00:00","article_modified_time":"2025-10-14T14:32:43+00:00","og_image":[{"width":1280,"height":960,"url":"https:\/\/www.blogsoestado.com\/danielmatos\/wp-content\/uploads\/sites\/2\/2025\/10\/1003968210.jpg","type":"image\/jpeg"}],"author":"Daniel Matos","twitter_card":"summary_large_image","twitter_misc":{"Escrito por":"Daniel Matos","Est. tempo de leitura":"3 minutos"},"schema":{"@context":"https:\/\/schema.org","@graph":[{"@type":"WebPage","@id":"https:\/\/www.blogsoestado.com\/danielmatos\/tim-reabre-loja-no-sao-luis-shopping-com-mais-espaco-inovacao-e-acessibilidade\/","url":"https:\/\/www.blogsoestado.com\/danielmatos\/tim-reabre-loja-no-sao-luis-shopping-com-mais-espaco-inovacao-e-acessibilidade\/","name":"TIM reabre loja no S\u00e3o Lu\u00eds Shopping com mais espa\u00e7o, inova\u00e7\u00e3o e acessibilidade - Daniel Matos","isPartOf":{"@id":"https:\/\/www.blogsoestado.com\/danielmatos\/#website"},"primaryImageOfPage":{"@id":"https:\/\/www.blogsoestado.com\/danielmatos\/tim-reabre-loja-no-sao-luis-shopping-com-mais-espaco-inovacao-e-acessibilidade\/#primaryimage"},"image":{"@id":"https:\/\/www.blogsoestado.com\/danielmatos\/tim-reabre-loja-no-sao-luis-shopping-com-mais-espaco-inovacao-e-acessibilidade\/#primaryimage"},"thumbnailUrl":"https:\/\/www.blogsoestado.com\/danielmatos\/wp-content\/uploads\/sites\/2\/2025\/10\/1003968210-1024x768.jpg","datePublished":"2025-10-14T14:32:40+00:00","dateModified":"2025-10-14T14:32:43+00:00","author":{"@id":"https:\/\/www.blogsoestado.com\/danielmatos\/#\/schema\/person\/9a209d407cd45631f131e1285b661bb0"},"breadcrumb":{"@id":"https:\/\/www.blogsoestado.com\/danielmatos\/tim-reabre-loja-no-sao-luis-shopping-com-mais-espaco-inovacao-e-acessibilidade\/#breadcrumb"},"inLanguage":"pt-BR","potentialAction":[{"@type":"ReadAction","target":["https:\/\/www.blogsoestado.com\/danielmatos\/tim-reabre-loja-no-sao-luis-shopping-com-mais-espaco-inovacao-e-acessibilidade\/"]}]},{"@type":"ImageObject","inLanguage":"pt-BR","@id":"https:\/\/www.blogsoestado.com\/danielmatos\/tim-reabre-loja-no-sao-luis-shopping-com-mais-espaco-inovacao-e-acessibilidade\/#primaryimage","url":"https:\/\/www.blogsoestado.com\/danielmatos\/wp-content\/uploads\/sites\/2\/2025\/10\/1003968210.jpg","contentUrl":"https:\/\/www.blogsoestado.com\/danielmatos\/wp-content\/uploads\/sites\/2\/2025\/10\/1003968210.jpg","width":1280,"height":960},{"@type":"BreadcrumbList","@id":"https:\/\/www.blogsoestado.com\/danielmatos\/tim-reabre-loja-no-sao-luis-shopping-com-mais-espaco-inovacao-e-acessibilidade\/#breadcrumb","itemListElement":[{"@type":"ListItem","position":1,"name":"In\u00edcio","item":"https:\/\/www.blogsoestado.com\/danielmatos\/"},{"@type":"ListItem","position":2,"name":"TIM reabre loja no S\u00e3o Lu\u00eds Shopping com mais espa\u00e7o, inova\u00e7\u00e3o e acessibilidade"}]},{"@type":"WebSite","@id":"https:\/\/www.blogsoestado.com\/danielmatos\/#website","url":"https:\/\/www.blogsoestado.com\/danielmatos\/","name":"Daniel Matos","description":"","potentialAction":[{"@type":"SearchAction","target":{"@type":"EntryPoint","urlTemplate":"https:\/\/www.blogsoestado.com\/danielmatos\/?s={search_term_string}"},"query-input":{"@type":"PropertyValueSpecification","valueRequired":true,"valueName":"search_term_string"}}],"inLanguage":"pt-BR"},{"@type":"Person","@id":"https:\/\/www.blogsoestado.com\/danielmatos\/#\/schema\/person\/9a209d407cd45631f131e1285b661bb0","name":"Daniel Matos","image":{"@type":"ImageObject","inLanguage":"pt-BR","@id":"https:\/\/www.blogsoestado.com\/danielmatos\/#\/schema\/person\/image\/","url":"https:\/\/secure.gravatar.com\/avatar\/2f26c36ee355da19a257f0dfef43952a2588b324ca35d6719e859fe338ac0392?s=96&d=mm&r=g","contentUrl":"https:\/\/secure.gravatar.com\/avatar\/2f26c36ee355da19a257f0dfef43952a2588b324ca35d6719e859fe338ac0392?s=96&d=mm&r=g","caption":"Daniel Matos"},"url":"https:\/\/www.blogsoestado.com\/danielmatos\/author\/danielmatos\/"}]}},"jetpack_featured_media_url":"","_links":{"self":[{"href":"https:\/\/www.blogsoestado.com\/danielmatos\/wp-json\/wp\/v2\/posts\/149618","targetHints":{"allow":["GET"]}}],"collection":[{"href":"https:\/\/www.blogsoestado.com\/danielmatos\/wp-json\/wp\/v2\/posts"}],"about":[{"href":"https:\/\/www.blogsoestado.com\/danielmatos\/wp-json\/wp\/v2\/types\/post"}],"author":[{"embeddable":true,"href":"https:\/\/www.blogsoestado.com\/danielmatos\/wp-json\/wp\/v2\/users\/2"}],"replies":[{"embeddable":true,"href":"https:\/\/www.blogsoestado.com\/danielmatos\/wp-json\/wp\/v2\/comments?post=149618"}],"version-history":[{"count":1,"href":"https:\/\/www.blogsoestado.com\/danielmatos\/wp-json\/wp\/v2\/posts\/149618\/revisions"}],"predecessor-version":[{"id":149620,"href":"https:\/\/www.blogsoestado.com\/danielmatos\/wp-json\/wp\/v2\/posts\/149618\/revisions\/149620"}],"wp:attachment":[{"href":"https:\/\/www.blogsoestado.com\/danielmatos\/wp-json\/wp\/v2\/media?parent=149618"}],"wp:term":[{"taxonomy":"category","embeddable":true,"href":"https:\/\/www.blogsoestado.com\/danielmatos\/wp-json\/wp\/v2\/categories?post=149618"},{"taxonomy":"post_tag","embeddable":true,"href":"https:\/\/www.blogsoestado.com\/danielmatos\/wp-json\/wp\/v2\/tags?post=149618"}],"curies":[{"name":"wp","href":"https:\/\/api.w.org\/{rel}","templated":true}]}}