{"id":149621,"date":"2025-10-14T15:43:44","date_gmt":"2025-10-14T18:43:44","guid":{"rendered":"https:\/\/www.blogsoestado.com\/danielmatos\/?p=149621"},"modified":"2025-10-14T17:10:10","modified_gmt":"2025-10-14T20:10:10","slug":"processo-envolvendo-promotor-acusado-de-extorsao-por-paulo-victor-volta-a-pauta-do-cnmp","status":"publish","type":"post","link":"https:\/\/www.blogsoestado.com\/danielmatos\/processo-envolvendo-promotor-acusado-de-extorsao-por-paulo-victor-volta-a-pauta-do-cnmp\/","title":{"rendered":"Processo envolvendo promotor acusado de extors\u00e3o por Paulo Victor volta \u00e0 pauta do CNMP"},"content":{"rendered":"\n<figure class=\"wp-block-image aligncenter size-full\"><img fetchpriority=\"high\" decoding=\"async\" width=\"1024\" height=\"800\" src=\"https:\/\/www.blogsoestado.com\/danielmatos\/wp-content\/uploads\/sites\/2\/2025\/10\/1003964889.jpg\" alt=\"\" class=\"wp-image-149623\" srcset=\"https:\/\/www.blogsoestado.com\/danielmatos\/wp-content\/uploads\/sites\/2\/2025\/10\/1003964889.jpg 1024w, https:\/\/www.blogsoestado.com\/danielmatos\/wp-content\/uploads\/sites\/2\/2025\/10\/1003964889-300x234.jpg 300w, https:\/\/www.blogsoestado.com\/danielmatos\/wp-content\/uploads\/sites\/2\/2025\/10\/1003964889-768x600.jpg 768w\" sizes=\"(max-width: 1024px) 100vw, 1024px\" \/><figcaption class=\"wp-element-caption\">Paulo Victor acusou o promotor Zanony Passos de extors\u00e3o, mas admitiu ter inclu\u00eddo na folha de pagamento da C\u00e2mara Municipal de S\u00e3o Lu\u00eds pessoas indicadas pelo promotor<\/figcaption><\/figure>\n\n\n\n<p>O processo que tem como r\u00e9u o promotor de justi\u00e7a Zanony Passos Silva Filho, afastado cautelarmente do cargo sob a acusa\u00e7\u00e3o de extors\u00e3o contra o presidente da C\u00e2mara Municipal de S\u00e3o Lu\u00eds, Paulo Victor, voltar\u00e1 \u00e0 pauta do Conselho Nacional do Minist\u00e9rio P\u00fablico na <a href=\"https:\/\/www.cnmp.mp.br\/portal\/todas-as-noticias\/18982-cnmp-publica-pauta-da-sessao-virtual-que-sera-realizada-de-16-a-20-de-outubro\">4\u00aa Sess\u00e3o Ordin\u00e1rio de 2025<\/a>, que ser\u00e1 realizada entre os dias 16 e 20 de outubro em plen\u00e1rio virtual. Na ocasi\u00e3o, os conselheiros v\u00e3o analisar e julgar embargos de declara\u00e7\u00e3o interpostos pelo Minist\u00e9rio P\u00fablico do Maranh\u00e3o. Tamb\u00e9m atua na causa o advogado Fabiano de Cristo Cabral Rodrigues J\u00fanior. O relator \u00e9 o conselheiro Jaime de C\u00e1ssio Miranda. O processo corre sob sigilo.<\/p>\n\n\n\n<p>O afastamento cautelar de Zanony Passou se deu em janeiro de 2024. Inicialmente, a penalidade foi de 120 dias fora do cargo, mas o prazo vem sendo prorrogado desde ent\u00e3o, com sucessivas tentativas frustradas do promotor de retornar as fun\u00e7\u00f5es. Ele era titular da 4\u00aa Promotoria de Justi\u00e7a de Defesa do Patrim\u00f4nio P\u00fablico e da Probidade Administrativa.<\/p>\n\n\n\n<p>Zanony Passos foi punido pelo CNMP com base em reclama\u00e7\u00e3o disciplinar apresentada por Paulo Victor, que em discurso na tribuna da C\u00e2mara Municipal, revelou que vinha sendo v\u00edtima de extors\u00e3o cometida pelo promotor. O vereador admitiu que chegou a contratar parentes do promotor para cessar as investiga\u00e7\u00f5es. <\/p>\n\n\n\n<p><strong>Abaixo, o item da pauta referente ao processo envolvendo do promotor do MPMA:<\/strong><\/p>\n\n\n\n<figure class=\"wp-block-image aligncenter size-large\"><img decoding=\"async\" width=\"1024\" height=\"613\" src=\"https:\/\/www.blogsoestado.com\/danielmatos\/wp-content\/uploads\/sites\/2\/2025\/10\/1003964919-1024x613.png\" alt=\"\" class=\"wp-image-149622\" srcset=\"https:\/\/www.blogsoestado.com\/danielmatos\/wp-content\/uploads\/sites\/2\/2025\/10\/1003964919-1024x613.png 1024w, https:\/\/www.blogsoestado.com\/danielmatos\/wp-content\/uploads\/sites\/2\/2025\/10\/1003964919-300x179.png 300w, https:\/\/www.blogsoestado.com\/danielmatos\/wp-content\/uploads\/sites\/2\/2025\/10\/1003964919-768x459.png 768w, https:\/\/www.blogsoestado.com\/danielmatos\/wp-content\/uploads\/sites\/2\/2025\/10\/1003964919.png 1080w\" sizes=\"(max-width: 1024px) 100vw, 1024px\" \/><\/figure>\n\n\n\n<p><strong>Investiga\u00e7\u00e3o do Gaeco <\/strong><\/p>\n\n\n\n<p>Paulo Victor chegou a ter a pris\u00e3o preventiva solicitada pelo Grupo de Atua\u00e7\u00e3o Especial de Combate \u00e0s Organiza\u00e7\u00f5es Criminosas (Gaeco), vinculado ao Minist\u00e9rio P\u00fablico do Maranh\u00e3o, no bojo de uma das investiga\u00e7\u00f5es que apuram suposta organiza\u00e7\u00e3o criminosa especializada em desvio e apropria\u00e7\u00e3o de recursos de emendas parlamentares     opera\u00e7\u00e3o. A medida, no entanto, foi negada pela Vara Especial Colegiada dos Crimes Organizados, que autorizou contra o vereador apenas o cumprimento de mandados de busca e apreens\u00e3o, afastamento de sigilo telem\u00e1tico e sequestro de bens e valores, em at\u00e9 R$ 5,6 milh\u00f5es.<\/p>\n\n\n\n<p>Posteriormente, a Primeira C\u00e2mara Criminal do Tribunal de Justi\u00e7a do Maranh\u00e3o trancou a investiga\u00e7\u00e3o e barrou as medidas cautelares contra o presidente da C\u00e2mara Municipal de S\u00e3o Lu\u00eds.<\/p>\n","protected":false},"excerpt":{"rendered":"<p>O processo que tem como r\u00e9u o promotor de justi\u00e7a Zanony Passos Silva Filho, afastado cautelarmente do cargo sob a [&hellip;]<\/p>\n","protected":false},"author":2,"featured_media":0,"comment_status":"open","ping_status":"open","sticky":false,"template":"","format":"standard","meta":{"site-sidebar-layout":"default","site-content-layout":"","ast-site-content-layout":"default","site-content-style":"default","site-sidebar-style":"default","ast-global-header-display":"","ast-banner-title-visibility":"","ast-main-header-display":"","ast-hfb-above-header-display":"","ast-hfb-below-header-display":"","ast-hfb-mobile-header-display":"","site-post-title":"","ast-breadcrumbs-content":"","ast-featured-img":"","footer-sml-layout":"","ast-disable-related-posts":"","theme-transparent-header-meta":"","adv-header-id-meta":"","stick-header-meta":"","header-above-stick-meta":"","header-main-stick-meta":"","header-below-stick-meta":"","astra-migrate-meta-layouts":"default","ast-page-background-enabled":"default","ast-page-background-meta":{"desktop":{"background-color":"var(--ast-global-color-5)","background-image":"","background-repeat":"repeat","background-position":"center center","background-size":"auto","background-attachment":"scroll","background-type":"","background-media":"","overlay-type":"","overlay-color":"","overlay-opacity":"","overlay-gradient":""},"tablet":{"background-color":"","background-image":"","background-repeat":"repeat","background-position":"center center","background-size":"auto","background-attachment":"scroll","background-type":"","background-media":"","overlay-type":"","overlay-color":"","overlay-opacity":"","overlay-gradient":""},"mobile":{"background-color":"","background-image":"","background-repeat":"repeat","background-position":"center center","background-size":"auto","background-attachment":"scroll","background-type":"","background-media":"","overlay-type":"","overlay-color":"","overlay-opacity":"","overlay-gradient":""}},"ast-content-background-meta":{"desktop":{"background-color":"var(--ast-global-color-4)","background-image":"","background-repeat":"repeat","background-position":"center center","background-size":"auto","background-attachment":"scroll","background-type":"","background-media":"","overlay-type":"","overlay-color":"","overlay-opacity":"","overlay-gradient":""},"tablet":{"background-color":"var(--ast-global-color-4)","background-image":"","background-repeat":"repeat","background-position":"center center","background-size":"auto","background-attachment":"scroll","background-type":"","background-media":"","overlay-type":"","overlay-color":"","overlay-opacity":"","overlay-gradient":""},"mobile":{"background-color":"var(--ast-global-color-4)","background-image":"","background-repeat":"repeat","background-position":"center center","background-size":"auto","background-attachment":"scroll","background-type":"","background-media":"","overlay-type":"","overlay-color":"","overlay-opacity":"","overlay-gradient":""}},"footnotes":""},"categories":[1],"tags":[],"class_list":["post-149621","post","type-post","status-publish","format-standard","hentry","category-sem-categoria"],"yoast_head":"<!-- This site is optimized with the Yoast SEO plugin v26.6 - https:\/\/yoast.com\/wordpress\/plugins\/seo\/ -->\n<title>Processo envolvendo promotor acusado de extors\u00e3o por Paulo Victor volta \u00e0 pauta do CNMP - Daniel Matos<\/title>\n<meta name=\"robots\" content=\"index, follow, max-snippet:-1, max-image-preview:large, max-video-preview:-1\" \/>\n<link rel=\"canonical\" href=\"https:\/\/www.blogsoestado.com\/danielmatos\/processo-envolvendo-promotor-acusado-de-extorsao-por-paulo-victor-volta-a-pauta-do-cnmp\/\" \/>\n<meta property=\"og:locale\" content=\"pt_BR\" \/>\n<meta property=\"og:type\" content=\"article\" \/>\n<meta property=\"og:title\" content=\"Processo envolvendo promotor acusado de extors\u00e3o por Paulo Victor volta \u00e0 pauta do CNMP - Daniel Matos\" \/>\n<meta property=\"og:description\" content=\"O processo que tem como r\u00e9u o promotor de justi\u00e7a Zanony Passos Silva Filho, afastado cautelarmente do cargo sob a [&hellip;]\" \/>\n<meta property=\"og:url\" content=\"https:\/\/www.blogsoestado.com\/danielmatos\/processo-envolvendo-promotor-acusado-de-extorsao-por-paulo-victor-volta-a-pauta-do-cnmp\/\" \/>\n<meta property=\"og:site_name\" content=\"Daniel Matos\" \/>\n<meta property=\"article:published_time\" content=\"2025-10-14T18:43:44+00:00\" \/>\n<meta property=\"article:modified_time\" content=\"2025-10-14T20:10:10+00:00\" \/>\n<meta property=\"og:image\" content=\"https:\/\/www.blogsoestado.com\/danielmatos\/wp-content\/uploads\/sites\/2\/2025\/10\/1003964889.jpg\" \/>\n\t<meta property=\"og:image:width\" content=\"1024\" \/>\n\t<meta property=\"og:image:height\" content=\"800\" \/>\n\t<meta property=\"og:image:type\" content=\"image\/jpeg\" \/>\n<meta name=\"author\" content=\"Daniel Matos\" \/>\n<meta name=\"twitter:card\" content=\"summary_large_image\" \/>\n<meta name=\"twitter:label1\" content=\"Escrito por\" \/>\n\t<meta name=\"twitter:data1\" content=\"Daniel Matos\" \/>\n\t<meta name=\"twitter:label2\" content=\"Est. tempo de leitura\" \/>\n\t<meta name=\"twitter:data2\" content=\"3 minutos\" \/>\n<script type=\"application\/ld+json\" class=\"yoast-schema-graph\">{\"@context\":\"https:\/\/schema.org\",\"@graph\":[{\"@type\":\"WebPage\",\"@id\":\"https:\/\/www.blogsoestado.com\/danielmatos\/processo-envolvendo-promotor-acusado-de-extorsao-por-paulo-victor-volta-a-pauta-do-cnmp\/\",\"url\":\"https:\/\/www.blogsoestado.com\/danielmatos\/processo-envolvendo-promotor-acusado-de-extorsao-por-paulo-victor-volta-a-pauta-do-cnmp\/\",\"name\":\"Processo envolvendo promotor acusado de extors\u00e3o por Paulo Victor volta \u00e0 pauta do CNMP - Daniel Matos\",\"isPartOf\":{\"@id\":\"https:\/\/www.blogsoestado.com\/danielmatos\/#website\"},\"primaryImageOfPage\":{\"@id\":\"https:\/\/www.blogsoestado.com\/danielmatos\/processo-envolvendo-promotor-acusado-de-extorsao-por-paulo-victor-volta-a-pauta-do-cnmp\/#primaryimage\"},\"image\":{\"@id\":\"https:\/\/www.blogsoestado.com\/danielmatos\/processo-envolvendo-promotor-acusado-de-extorsao-por-paulo-victor-volta-a-pauta-do-cnmp\/#primaryimage\"},\"thumbnailUrl\":\"https:\/\/www.blogsoestado.com\/danielmatos\/wp-content\/uploads\/sites\/2\/2025\/10\/1003964889.jpg\",\"datePublished\":\"2025-10-14T18:43:44+00:00\",\"dateModified\":\"2025-10-14T20:10:10+00:00\",\"author\":{\"@id\":\"https:\/\/www.blogsoestado.com\/danielmatos\/#\/schema\/person\/9a209d407cd45631f131e1285b661bb0\"},\"breadcrumb\":{\"@id\":\"https:\/\/www.blogsoestado.com\/danielmatos\/processo-envolvendo-promotor-acusado-de-extorsao-por-paulo-victor-volta-a-pauta-do-cnmp\/#breadcrumb\"},\"inLanguage\":\"pt-BR\",\"potentialAction\":[{\"@type\":\"ReadAction\",\"target\":[\"https:\/\/www.blogsoestado.com\/danielmatos\/processo-envolvendo-promotor-acusado-de-extorsao-por-paulo-victor-volta-a-pauta-do-cnmp\/\"]}]},{\"@type\":\"ImageObject\",\"inLanguage\":\"pt-BR\",\"@id\":\"https:\/\/www.blogsoestado.com\/danielmatos\/processo-envolvendo-promotor-acusado-de-extorsao-por-paulo-victor-volta-a-pauta-do-cnmp\/#primaryimage\",\"url\":\"https:\/\/www.blogsoestado.com\/danielmatos\/wp-content\/uploads\/sites\/2\/2025\/10\/1003964889.jpg\",\"contentUrl\":\"https:\/\/www.blogsoestado.com\/danielmatos\/wp-content\/uploads\/sites\/2\/2025\/10\/1003964889.jpg\",\"width\":1024,\"height\":800},{\"@type\":\"BreadcrumbList\",\"@id\":\"https:\/\/www.blogsoestado.com\/danielmatos\/processo-envolvendo-promotor-acusado-de-extorsao-por-paulo-victor-volta-a-pauta-do-cnmp\/#breadcrumb\",\"itemListElement\":[{\"@type\":\"ListItem\",\"position\":1,\"name\":\"In\u00edcio\",\"item\":\"https:\/\/www.blogsoestado.com\/danielmatos\/\"},{\"@type\":\"ListItem\",\"position\":2,\"name\":\"Processo envolvendo promotor acusado de extors\u00e3o por Paulo Victor volta \u00e0 pauta do CNMP\"}]},{\"@type\":\"WebSite\",\"@id\":\"https:\/\/www.blogsoestado.com\/danielmatos\/#website\",\"url\":\"https:\/\/www.blogsoestado.com\/danielmatos\/\",\"name\":\"Daniel Matos\",\"description\":\"\",\"potentialAction\":[{\"@type\":\"SearchAction\",\"target\":{\"@type\":\"EntryPoint\",\"urlTemplate\":\"https:\/\/www.blogsoestado.com\/danielmatos\/?s={search_term_string}\"},\"query-input\":{\"@type\":\"PropertyValueSpecification\",\"valueRequired\":true,\"valueName\":\"search_term_string\"}}],\"inLanguage\":\"pt-BR\"},{\"@type\":\"Person\",\"@id\":\"https:\/\/www.blogsoestado.com\/danielmatos\/#\/schema\/person\/9a209d407cd45631f131e1285b661bb0\",\"name\":\"Daniel Matos\",\"image\":{\"@type\":\"ImageObject\",\"inLanguage\":\"pt-BR\",\"@id\":\"https:\/\/www.blogsoestado.com\/danielmatos\/#\/schema\/person\/image\/\",\"url\":\"https:\/\/secure.gravatar.com\/avatar\/2f26c36ee355da19a257f0dfef43952a2588b324ca35d6719e859fe338ac0392?s=96&d=mm&r=g\",\"contentUrl\":\"https:\/\/secure.gravatar.com\/avatar\/2f26c36ee355da19a257f0dfef43952a2588b324ca35d6719e859fe338ac0392?s=96&d=mm&r=g\",\"caption\":\"Daniel Matos\"},\"url\":\"https:\/\/www.blogsoestado.com\/danielmatos\/author\/danielmatos\/\"}]}<\/script>\n<!-- \/ Yoast SEO plugin. -->","yoast_head_json":{"title":"Processo envolvendo promotor acusado de extors\u00e3o por Paulo Victor volta \u00e0 pauta do CNMP - Daniel Matos","robots":{"index":"index","follow":"follow","max-snippet":"max-snippet:-1","max-image-preview":"max-image-preview:large","max-video-preview":"max-video-preview:-1"},"canonical":"https:\/\/www.blogsoestado.com\/danielmatos\/processo-envolvendo-promotor-acusado-de-extorsao-por-paulo-victor-volta-a-pauta-do-cnmp\/","og_locale":"pt_BR","og_type":"article","og_title":"Processo envolvendo promotor acusado de extors\u00e3o por Paulo Victor volta \u00e0 pauta do CNMP - Daniel Matos","og_description":"O processo que tem como r\u00e9u o promotor de justi\u00e7a Zanony Passos Silva Filho, afastado cautelarmente do cargo sob a [&hellip;]","og_url":"https:\/\/www.blogsoestado.com\/danielmatos\/processo-envolvendo-promotor-acusado-de-extorsao-por-paulo-victor-volta-a-pauta-do-cnmp\/","og_site_name":"Daniel Matos","article_published_time":"2025-10-14T18:43:44+00:00","article_modified_time":"2025-10-14T20:10:10+00:00","og_image":[{"width":1024,"height":800,"url":"https:\/\/www.blogsoestado.com\/danielmatos\/wp-content\/uploads\/sites\/2\/2025\/10\/1003964889.jpg","type":"image\/jpeg"}],"author":"Daniel Matos","twitter_card":"summary_large_image","twitter_misc":{"Escrito por":"Daniel Matos","Est. tempo de leitura":"3 minutos"},"schema":{"@context":"https:\/\/schema.org","@graph":[{"@type":"WebPage","@id":"https:\/\/www.blogsoestado.com\/danielmatos\/processo-envolvendo-promotor-acusado-de-extorsao-por-paulo-victor-volta-a-pauta-do-cnmp\/","url":"https:\/\/www.blogsoestado.com\/danielmatos\/processo-envolvendo-promotor-acusado-de-extorsao-por-paulo-victor-volta-a-pauta-do-cnmp\/","name":"Processo envolvendo promotor acusado de extors\u00e3o por Paulo Victor volta \u00e0 pauta do CNMP - Daniel Matos","isPartOf":{"@id":"https:\/\/www.blogsoestado.com\/danielmatos\/#website"},"primaryImageOfPage":{"@id":"https:\/\/www.blogsoestado.com\/danielmatos\/processo-envolvendo-promotor-acusado-de-extorsao-por-paulo-victor-volta-a-pauta-do-cnmp\/#primaryimage"},"image":{"@id":"https:\/\/www.blogsoestado.com\/danielmatos\/processo-envolvendo-promotor-acusado-de-extorsao-por-paulo-victor-volta-a-pauta-do-cnmp\/#primaryimage"},"thumbnailUrl":"https:\/\/www.blogsoestado.com\/danielmatos\/wp-content\/uploads\/sites\/2\/2025\/10\/1003964889.jpg","datePublished":"2025-10-14T18:43:44+00:00","dateModified":"2025-10-14T20:10:10+00:00","author":{"@id":"https:\/\/www.blogsoestado.com\/danielmatos\/#\/schema\/person\/9a209d407cd45631f131e1285b661bb0"},"breadcrumb":{"@id":"https:\/\/www.blogsoestado.com\/danielmatos\/processo-envolvendo-promotor-acusado-de-extorsao-por-paulo-victor-volta-a-pauta-do-cnmp\/#breadcrumb"},"inLanguage":"pt-BR","potentialAction":[{"@type":"ReadAction","target":["https:\/\/www.blogsoestado.com\/danielmatos\/processo-envolvendo-promotor-acusado-de-extorsao-por-paulo-victor-volta-a-pauta-do-cnmp\/"]}]},{"@type":"ImageObject","inLanguage":"pt-BR","@id":"https:\/\/www.blogsoestado.com\/danielmatos\/processo-envolvendo-promotor-acusado-de-extorsao-por-paulo-victor-volta-a-pauta-do-cnmp\/#primaryimage","url":"https:\/\/www.blogsoestado.com\/danielmatos\/wp-content\/uploads\/sites\/2\/2025\/10\/1003964889.jpg","contentUrl":"https:\/\/www.blogsoestado.com\/danielmatos\/wp-content\/uploads\/sites\/2\/2025\/10\/1003964889.jpg","width":1024,"height":800},{"@type":"BreadcrumbList","@id":"https:\/\/www.blogsoestado.com\/danielmatos\/processo-envolvendo-promotor-acusado-de-extorsao-por-paulo-victor-volta-a-pauta-do-cnmp\/#breadcrumb","itemListElement":[{"@type":"ListItem","position":1,"name":"In\u00edcio","item":"https:\/\/www.blogsoestado.com\/danielmatos\/"},{"@type":"ListItem","position":2,"name":"Processo envolvendo promotor acusado de extors\u00e3o por Paulo Victor volta \u00e0 pauta do CNMP"}]},{"@type":"WebSite","@id":"https:\/\/www.blogsoestado.com\/danielmatos\/#website","url":"https:\/\/www.blogsoestado.com\/danielmatos\/","name":"Daniel Matos","description":"","potentialAction":[{"@type":"SearchAction","target":{"@type":"EntryPoint","urlTemplate":"https:\/\/www.blogsoestado.com\/danielmatos\/?s={search_term_string}"},"query-input":{"@type":"PropertyValueSpecification","valueRequired":true,"valueName":"search_term_string"}}],"inLanguage":"pt-BR"},{"@type":"Person","@id":"https:\/\/www.blogsoestado.com\/danielmatos\/#\/schema\/person\/9a209d407cd45631f131e1285b661bb0","name":"Daniel Matos","image":{"@type":"ImageObject","inLanguage":"pt-BR","@id":"https:\/\/www.blogsoestado.com\/danielmatos\/#\/schema\/person\/image\/","url":"https:\/\/secure.gravatar.com\/avatar\/2f26c36ee355da19a257f0dfef43952a2588b324ca35d6719e859fe338ac0392?s=96&d=mm&r=g","contentUrl":"https:\/\/secure.gravatar.com\/avatar\/2f26c36ee355da19a257f0dfef43952a2588b324ca35d6719e859fe338ac0392?s=96&d=mm&r=g","caption":"Daniel Matos"},"url":"https:\/\/www.blogsoestado.com\/danielmatos\/author\/danielmatos\/"}]}},"jetpack_featured_media_url":"","_links":{"self":[{"href":"https:\/\/www.blogsoestado.com\/danielmatos\/wp-json\/wp\/v2\/posts\/149621","targetHints":{"allow":["GET"]}}],"collection":[{"href":"https:\/\/www.blogsoestado.com\/danielmatos\/wp-json\/wp\/v2\/posts"}],"about":[{"href":"https:\/\/www.blogsoestado.com\/danielmatos\/wp-json\/wp\/v2\/types\/post"}],"author":[{"embeddable":true,"href":"https:\/\/www.blogsoestado.com\/danielmatos\/wp-json\/wp\/v2\/users\/2"}],"replies":[{"embeddable":true,"href":"https:\/\/www.blogsoestado.com\/danielmatos\/wp-json\/wp\/v2\/comments?post=149621"}],"version-history":[{"count":2,"href":"https:\/\/www.blogsoestado.com\/danielmatos\/wp-json\/wp\/v2\/posts\/149621\/revisions"}],"predecessor-version":[{"id":149625,"href":"https:\/\/www.blogsoestado.com\/danielmatos\/wp-json\/wp\/v2\/posts\/149621\/revisions\/149625"}],"wp:attachment":[{"href":"https:\/\/www.blogsoestado.com\/danielmatos\/wp-json\/wp\/v2\/media?parent=149621"}],"wp:term":[{"taxonomy":"category","embeddable":true,"href":"https:\/\/www.blogsoestado.com\/danielmatos\/wp-json\/wp\/v2\/categories?post=149621"},{"taxonomy":"post_tag","embeddable":true,"href":"https:\/\/www.blogsoestado.com\/danielmatos\/wp-json\/wp\/v2\/tags?post=149621"}],"curies":[{"name":"wp","href":"https:\/\/api.w.org\/{rel}","templated":true}]}}