{"id":149626,"date":"2025-10-14T17:41:29","date_gmt":"2025-10-14T20:41:29","guid":{"rendered":"https:\/\/www.blogsoestado.com\/danielmatos\/?p=149626"},"modified":"2025-10-14T17:41:31","modified_gmt":"2025-10-14T20:41:31","slug":"forca-tarefa-resgata-dezenas-de-trabalhadores-do-maranhao-em-situacao-analoga-a-escravidao-em-goias","status":"publish","type":"post","link":"https:\/\/www.blogsoestado.com\/danielmatos\/forca-tarefa-resgata-dezenas-de-trabalhadores-do-maranhao-em-situacao-analoga-a-escravidao-em-goias\/","title":{"rendered":"For\u00e7a-tarefa resgata dezenas de trabalhadores do Maranh\u00e3o em situa\u00e7\u00e3o an\u00e1loga \u00e0 escravid\u00e3o em Goi\u00e1s"},"content":{"rendered":"\n<p><strong><mark style=\"color:#cf2e2e\" class=\"has-inline-color\">Opera\u00e7\u00e3o coordenada pelo MTE, em parceria com o MPT e a PF, interditou frentes de trabalho e alojamentos em usina de cana-de-a\u00e7\u00facar que mantinha empregados em condi\u00e7\u00f5es degradantes<\/mark><\/strong><\/p>\n\n\n\n<figure class=\"wp-block-image aligncenter size-full\"><img fetchpriority=\"high\" decoding=\"async\" width=\"768\" height=\"576\" src=\"https:\/\/www.blogsoestado.com\/danielmatos\/wp-content\/uploads\/sites\/2\/2025\/10\/1003972304.jpg\" alt=\"\" class=\"wp-image-149627\" srcset=\"https:\/\/www.blogsoestado.com\/danielmatos\/wp-content\/uploads\/sites\/2\/2025\/10\/1003972304.jpg 768w, https:\/\/www.blogsoestado.com\/danielmatos\/wp-content\/uploads\/sites\/2\/2025\/10\/1003972304-300x225.jpg 300w\" sizes=\"(max-width: 768px) 100vw, 768px\" \/><figcaption class=\"wp-element-caption\">A opera\u00e7\u00e3o teve como objetivo combater o trabalho em condi\u00e7\u00f5es an\u00e1logas \u00e0 escravid\u00e3o em frentes de corte manual de cana-de-a\u00e7\u00facar<\/figcaption><\/figure>\n\n\n\n<p>Uma for\u00e7a-tarefa composta pelo Minist\u00e9rio do Trabalho e Emprego (MTE) \u2014 por meio da Superintend\u00eancia Regional do Trabalho e Emprego do Distrito Federal \u2014, pelo Minist\u00e9rio P\u00fablico do Trabalho (MPT) e pela Pol\u00edcia Federal (PF) resgatou, entre os dias 23 e 30 de setembro de 2025, 108 trabalhadores, dezenas deles aliciados no Maranh\u00e3o, submetidos a condi\u00e7\u00f5es degradantes no munic\u00edpio de Vila Boa de Goi\u00e1s, localizado na divisa com o Distrito Federal, a 364 quil\u00f4metros de Goi\u00e2nia.<\/p>\n\n\n\n<p>A opera\u00e7\u00e3o teve como objetivo combater o trabalho em condi\u00e7\u00f5es an\u00e1logas \u00e0 escravid\u00e3o em frentes de corte manual de cana-de-a\u00e7\u00facar que abasteciam uma usina de \u00e1lcool da regi\u00e3o.<\/p>\n\n\n\n<p>De acordo com informa\u00e7\u00f5es da equipe de auditores-fiscais do Trabalho que participou da a\u00e7\u00e3o, a maioria dos trabalhadores era oriunda do&nbsp;<strong>Maranh\u00e3o<\/strong>&nbsp;e havia sido recrutada por funcion\u00e1rios da pr\u00f3pria usina, respons\u00e1veis tamb\u00e9m pelo transporte em \u00f4nibus fretados at\u00e9 Goi\u00e1s. No local, as equipes constataram diversas irregularidades que configuram graves viola\u00e7\u00f5es aos direitos trabalhistas e humanos.<\/p>\n\n\n\n<p>Os fiscais constataram que, nas frentes de trabalho, n\u00e3o havia instala\u00e7\u00f5es sanit\u00e1rias nem locais adequados para as refei\u00e7\u00f5es. Os trabalhadores estavam expostos \u00e0 falta de higiene, a riscos de contamina\u00e7\u00e3o e a ataques de animais. As refei\u00e7\u00f5es eram realizadas no ch\u00e3o, sob o sol, em meio \u00e0 poeira e \u00e0 fuligem da cana queimada. Al\u00e9m disso, a \u00e1gua disponibilizada para consumo n\u00e3o era pot\u00e1vel. Um laudo t\u00e9cnico apresentado pela pr\u00f3pria empresa apontou a presen\u00e7a de coliformes termotolerantes (E. coli), micro-organismos capazes de causar doen\u00e7as como diarreia, gastroenterite e c\u00f3lera.<\/p>\n\n\n\n<p>Segundo os auditores-fiscais do Trabalho, as condi\u00e7\u00f5es dos alojamentos tamb\u00e9m eram extremamente prec\u00e1rias. Os trabalhadores estavam distribu\u00eddos em sete im\u00f3veis alugados pela empresa em Vila Boa, sem espa\u00e7amento adequado entre as camas, sem arm\u00e1rios e com condi\u00e7\u00f5es de higiene insatisfat\u00f3rias. Os ambientes eram muito quentes e n\u00e3o havia roupas de cama. Muitos utilizavam len\u00e7\u00f3is pr\u00f3prios, rasgados ou desgastados, e um deles chegou a dormir ao relento para escapar do calor excessivo. Entre os riscos graves e iminentes \u00e0 sa\u00fade e \u00e0 seguran\u00e7a, a fiscaliza\u00e7\u00e3o destacou a poss\u00edvel contamina\u00e7\u00e3o por micro-organismos patog\u00eanicos, a presen\u00e7a de animais pe\u00e7onhentos e o uso de \u00f4nibus irregulares no transporte da equipe.<\/p>\n\n\n\n<p>Diante das irregularidades constatadas, as frentes de corte, os alojamentos e os ve\u00edculos de transporte foram interditados, e as atividades imediatamente paralisadas. As v\u00edtimas foram retiradas dos locais e hospedadas em hot\u00e9is da cidade, em conformidade com a legisla\u00e7\u00e3o trabalhista.<\/p>\n\n\n\n<p>Os contratos de trabalho foram rescindidos, e todos os trabalhadores receberam as verbas rescis\u00f3rias devidas. O empregador firmou um Termo de Ajustamento de Conduta (TAC) com o Minist\u00e9rio P\u00fablico do Trabalho (MPT), comprometendo-se a cumprir integralmente a legisla\u00e7\u00e3o e a pagar indeniza\u00e7\u00f5es por danos morais individuais e coletivos.<\/p>\n\n\n\n<p>Os trabalhadores resgatados tamb\u00e9m ter\u00e3o direito a tr\u00eas parcelas do seguro-desemprego especial e ao retorno ao estado de origem, com transporte custeado pela empresa.<\/p>\n\n\n\n<p>O empregador cumpriu as determina\u00e7\u00f5es imediatas da fiscaliza\u00e7\u00e3o, e os procedimentos administrativos seguem em andamento. Ser\u00e3o lavrados autos de infra\u00e7\u00e3o referentes \u00e0s irregularidades identificadas.<\/p>\n\n\n\n<p><strong>Como fazer den\u00fancias<\/strong><\/p>\n\n\n\n<p>Den\u00fancias de trabalho em condi\u00e7\u00f5es an\u00e1logas \u00e0 escravid\u00e3o podem ser feitas de forma an\u00f4nima pelo Sistema Ip\u00ea, dispon\u00edvel no endere\u00e7o:&nbsp;<a href=\"https:\/\/ipe.sit.trabalho.gov.br\/#!\/\">https:\/\/ipe.sit.trabalho.gov.br\/#!\/<\/a><\/p>\n","protected":false},"excerpt":{"rendered":"<p>Opera\u00e7\u00e3o coordenada pelo MTE, em parceria com o MPT e a PF, interditou frentes de trabalho e alojamentos em usina [&hellip;]<\/p>\n","protected":false},"author":2,"featured_media":0,"comment_status":"open","ping_status":"open","sticky":false,"template":"","format":"standard","meta":{"site-sidebar-layout":"default","site-content-layout":"","ast-site-content-layout":"default","site-content-style":"default","site-sidebar-style":"default","ast-global-header-display":"","ast-banner-title-visibility":"","ast-main-header-display":"","ast-hfb-above-header-display":"","ast-hfb-below-header-display":"","ast-hfb-mobile-header-display":"","site-post-title":"","ast-breadcrumbs-content":"","ast-featured-img":"","footer-sml-layout":"","ast-disable-related-posts":"","theme-transparent-header-meta":"","adv-header-id-meta":"","stick-header-meta":"","header-above-stick-meta":"","header-main-stick-meta":"","header-below-stick-meta":"","astra-migrate-meta-layouts":"default","ast-page-background-enabled":"default","ast-page-background-meta":{"desktop":{"background-color":"var(--ast-global-color-5)","background-image":"","background-repeat":"repeat","background-position":"center center","background-size":"auto","background-attachment":"scroll","background-type":"","background-media":"","overlay-type":"","overlay-color":"","overlay-opacity":"","overlay-gradient":""},"tablet":{"background-color":"","background-image":"","background-repeat":"repeat","background-position":"center center","background-size":"auto","background-attachment":"scroll","background-type":"","background-media":"","overlay-type":"","overlay-color":"","overlay-opacity":"","overlay-gradient":""},"mobile":{"background-color":"","background-image":"","background-repeat":"repeat","background-position":"center center","background-size":"auto","background-attachment":"scroll","background-type":"","background-media":"","overlay-type":"","overlay-color":"","overlay-opacity":"","overlay-gradient":""}},"ast-content-background-meta":{"desktop":{"background-color":"var(--ast-global-color-4)","background-image":"","background-repeat":"repeat","background-position":"center center","background-size":"auto","background-attachment":"scroll","background-type":"","background-media":"","overlay-type":"","overlay-color":"","overlay-opacity":"","overlay-gradient":""},"tablet":{"background-color":"var(--ast-global-color-4)","background-image":"","background-repeat":"repeat","background-position":"center center","background-size":"auto","background-attachment":"scroll","background-type":"","background-media":"","overlay-type":"","overlay-color":"","overlay-opacity":"","overlay-gradient":""},"mobile":{"background-color":"var(--ast-global-color-4)","background-image":"","background-repeat":"repeat","background-position":"center center","background-size":"auto","background-attachment":"scroll","background-type":"","background-media":"","overlay-type":"","overlay-color":"","overlay-opacity":"","overlay-gradient":""}},"footnotes":""},"categories":[1],"tags":[],"class_list":["post-149626","post","type-post","status-publish","format-standard","hentry","category-sem-categoria"],"yoast_head":"<!-- This site is optimized with the Yoast SEO plugin v26.6 - https:\/\/yoast.com\/wordpress\/plugins\/seo\/ -->\n<title>For\u00e7a-tarefa resgata dezenas de trabalhadores do Maranh\u00e3o em situa\u00e7\u00e3o an\u00e1loga \u00e0 escravid\u00e3o em Goi\u00e1s - Daniel Matos<\/title>\n<meta name=\"robots\" content=\"index, follow, max-snippet:-1, max-image-preview:large, max-video-preview:-1\" \/>\n<link rel=\"canonical\" href=\"https:\/\/www.blogsoestado.com\/danielmatos\/forca-tarefa-resgata-dezenas-de-trabalhadores-do-maranhao-em-situacao-analoga-a-escravidao-em-goias\/\" \/>\n<meta property=\"og:locale\" content=\"pt_BR\" \/>\n<meta property=\"og:type\" content=\"article\" \/>\n<meta property=\"og:title\" content=\"For\u00e7a-tarefa resgata dezenas de trabalhadores do Maranh\u00e3o em situa\u00e7\u00e3o an\u00e1loga \u00e0 escravid\u00e3o em Goi\u00e1s - Daniel Matos\" \/>\n<meta property=\"og:description\" content=\"Opera\u00e7\u00e3o coordenada pelo MTE, em parceria com o MPT e a PF, interditou frentes de trabalho e alojamentos em usina [&hellip;]\" \/>\n<meta property=\"og:url\" content=\"https:\/\/www.blogsoestado.com\/danielmatos\/forca-tarefa-resgata-dezenas-de-trabalhadores-do-maranhao-em-situacao-analoga-a-escravidao-em-goias\/\" \/>\n<meta property=\"og:site_name\" content=\"Daniel Matos\" \/>\n<meta property=\"article:published_time\" content=\"2025-10-14T20:41:29+00:00\" \/>\n<meta property=\"article:modified_time\" content=\"2025-10-14T20:41:31+00:00\" \/>\n<meta property=\"og:image\" content=\"https:\/\/www.blogsoestado.com\/danielmatos\/wp-content\/uploads\/sites\/2\/2025\/10\/1003972304.jpg\" \/>\n\t<meta property=\"og:image:width\" content=\"768\" \/>\n\t<meta property=\"og:image:height\" content=\"576\" \/>\n\t<meta property=\"og:image:type\" content=\"image\/jpeg\" \/>\n<meta name=\"author\" content=\"Daniel Matos\" \/>\n<meta name=\"twitter:card\" content=\"summary_large_image\" \/>\n<meta name=\"twitter:label1\" content=\"Escrito por\" \/>\n\t<meta name=\"twitter:data1\" content=\"Daniel Matos\" \/>\n\t<meta name=\"twitter:label2\" content=\"Est. tempo de leitura\" \/>\n\t<meta name=\"twitter:data2\" content=\"4 minutos\" \/>\n<script type=\"application\/ld+json\" class=\"yoast-schema-graph\">{\"@context\":\"https:\/\/schema.org\",\"@graph\":[{\"@type\":\"WebPage\",\"@id\":\"https:\/\/www.blogsoestado.com\/danielmatos\/forca-tarefa-resgata-dezenas-de-trabalhadores-do-maranhao-em-situacao-analoga-a-escravidao-em-goias\/\",\"url\":\"https:\/\/www.blogsoestado.com\/danielmatos\/forca-tarefa-resgata-dezenas-de-trabalhadores-do-maranhao-em-situacao-analoga-a-escravidao-em-goias\/\",\"name\":\"For\u00e7a-tarefa resgata dezenas de trabalhadores do Maranh\u00e3o em situa\u00e7\u00e3o an\u00e1loga \u00e0 escravid\u00e3o em Goi\u00e1s - Daniel Matos\",\"isPartOf\":{\"@id\":\"https:\/\/www.blogsoestado.com\/danielmatos\/#website\"},\"primaryImageOfPage\":{\"@id\":\"https:\/\/www.blogsoestado.com\/danielmatos\/forca-tarefa-resgata-dezenas-de-trabalhadores-do-maranhao-em-situacao-analoga-a-escravidao-em-goias\/#primaryimage\"},\"image\":{\"@id\":\"https:\/\/www.blogsoestado.com\/danielmatos\/forca-tarefa-resgata-dezenas-de-trabalhadores-do-maranhao-em-situacao-analoga-a-escravidao-em-goias\/#primaryimage\"},\"thumbnailUrl\":\"https:\/\/www.blogsoestado.com\/danielmatos\/wp-content\/uploads\/sites\/2\/2025\/10\/1003972304.jpg\",\"datePublished\":\"2025-10-14T20:41:29+00:00\",\"dateModified\":\"2025-10-14T20:41:31+00:00\",\"author\":{\"@id\":\"https:\/\/www.blogsoestado.com\/danielmatos\/#\/schema\/person\/9a209d407cd45631f131e1285b661bb0\"},\"breadcrumb\":{\"@id\":\"https:\/\/www.blogsoestado.com\/danielmatos\/forca-tarefa-resgata-dezenas-de-trabalhadores-do-maranhao-em-situacao-analoga-a-escravidao-em-goias\/#breadcrumb\"},\"inLanguage\":\"pt-BR\",\"potentialAction\":[{\"@type\":\"ReadAction\",\"target\":[\"https:\/\/www.blogsoestado.com\/danielmatos\/forca-tarefa-resgata-dezenas-de-trabalhadores-do-maranhao-em-situacao-analoga-a-escravidao-em-goias\/\"]}]},{\"@type\":\"ImageObject\",\"inLanguage\":\"pt-BR\",\"@id\":\"https:\/\/www.blogsoestado.com\/danielmatos\/forca-tarefa-resgata-dezenas-de-trabalhadores-do-maranhao-em-situacao-analoga-a-escravidao-em-goias\/#primaryimage\",\"url\":\"https:\/\/www.blogsoestado.com\/danielmatos\/wp-content\/uploads\/sites\/2\/2025\/10\/1003972304.jpg\",\"contentUrl\":\"https:\/\/www.blogsoestado.com\/danielmatos\/wp-content\/uploads\/sites\/2\/2025\/10\/1003972304.jpg\",\"width\":768,\"height\":576},{\"@type\":\"BreadcrumbList\",\"@id\":\"https:\/\/www.blogsoestado.com\/danielmatos\/forca-tarefa-resgata-dezenas-de-trabalhadores-do-maranhao-em-situacao-analoga-a-escravidao-em-goias\/#breadcrumb\",\"itemListElement\":[{\"@type\":\"ListItem\",\"position\":1,\"name\":\"In\u00edcio\",\"item\":\"https:\/\/www.blogsoestado.com\/danielmatos\/\"},{\"@type\":\"ListItem\",\"position\":2,\"name\":\"For\u00e7a-tarefa resgata dezenas de trabalhadores do Maranh\u00e3o em situa\u00e7\u00e3o an\u00e1loga \u00e0 escravid\u00e3o em Goi\u00e1s\"}]},{\"@type\":\"WebSite\",\"@id\":\"https:\/\/www.blogsoestado.com\/danielmatos\/#website\",\"url\":\"https:\/\/www.blogsoestado.com\/danielmatos\/\",\"name\":\"Daniel Matos\",\"description\":\"\",\"potentialAction\":[{\"@type\":\"SearchAction\",\"target\":{\"@type\":\"EntryPoint\",\"urlTemplate\":\"https:\/\/www.blogsoestado.com\/danielmatos\/?s={search_term_string}\"},\"query-input\":{\"@type\":\"PropertyValueSpecification\",\"valueRequired\":true,\"valueName\":\"search_term_string\"}}],\"inLanguage\":\"pt-BR\"},{\"@type\":\"Person\",\"@id\":\"https:\/\/www.blogsoestado.com\/danielmatos\/#\/schema\/person\/9a209d407cd45631f131e1285b661bb0\",\"name\":\"Daniel Matos\",\"image\":{\"@type\":\"ImageObject\",\"inLanguage\":\"pt-BR\",\"@id\":\"https:\/\/www.blogsoestado.com\/danielmatos\/#\/schema\/person\/image\/\",\"url\":\"https:\/\/secure.gravatar.com\/avatar\/2f26c36ee355da19a257f0dfef43952a2588b324ca35d6719e859fe338ac0392?s=96&d=mm&r=g\",\"contentUrl\":\"https:\/\/secure.gravatar.com\/avatar\/2f26c36ee355da19a257f0dfef43952a2588b324ca35d6719e859fe338ac0392?s=96&d=mm&r=g\",\"caption\":\"Daniel Matos\"},\"url\":\"https:\/\/www.blogsoestado.com\/danielmatos\/author\/danielmatos\/\"}]}<\/script>\n<!-- \/ Yoast SEO plugin. -->","yoast_head_json":{"title":"For\u00e7a-tarefa resgata dezenas de trabalhadores do Maranh\u00e3o em situa\u00e7\u00e3o an\u00e1loga \u00e0 escravid\u00e3o em Goi\u00e1s - Daniel Matos","robots":{"index":"index","follow":"follow","max-snippet":"max-snippet:-1","max-image-preview":"max-image-preview:large","max-video-preview":"max-video-preview:-1"},"canonical":"https:\/\/www.blogsoestado.com\/danielmatos\/forca-tarefa-resgata-dezenas-de-trabalhadores-do-maranhao-em-situacao-analoga-a-escravidao-em-goias\/","og_locale":"pt_BR","og_type":"article","og_title":"For\u00e7a-tarefa resgata dezenas de trabalhadores do Maranh\u00e3o em situa\u00e7\u00e3o an\u00e1loga \u00e0 escravid\u00e3o em Goi\u00e1s - Daniel Matos","og_description":"Opera\u00e7\u00e3o coordenada pelo MTE, em parceria com o MPT e a PF, interditou frentes de trabalho e alojamentos em usina [&hellip;]","og_url":"https:\/\/www.blogsoestado.com\/danielmatos\/forca-tarefa-resgata-dezenas-de-trabalhadores-do-maranhao-em-situacao-analoga-a-escravidao-em-goias\/","og_site_name":"Daniel Matos","article_published_time":"2025-10-14T20:41:29+00:00","article_modified_time":"2025-10-14T20:41:31+00:00","og_image":[{"width":768,"height":576,"url":"https:\/\/www.blogsoestado.com\/danielmatos\/wp-content\/uploads\/sites\/2\/2025\/10\/1003972304.jpg","type":"image\/jpeg"}],"author":"Daniel Matos","twitter_card":"summary_large_image","twitter_misc":{"Escrito por":"Daniel Matos","Est. tempo de leitura":"4 minutos"},"schema":{"@context":"https:\/\/schema.org","@graph":[{"@type":"WebPage","@id":"https:\/\/www.blogsoestado.com\/danielmatos\/forca-tarefa-resgata-dezenas-de-trabalhadores-do-maranhao-em-situacao-analoga-a-escravidao-em-goias\/","url":"https:\/\/www.blogsoestado.com\/danielmatos\/forca-tarefa-resgata-dezenas-de-trabalhadores-do-maranhao-em-situacao-analoga-a-escravidao-em-goias\/","name":"For\u00e7a-tarefa resgata dezenas de trabalhadores do Maranh\u00e3o em situa\u00e7\u00e3o an\u00e1loga \u00e0 escravid\u00e3o em Goi\u00e1s - Daniel Matos","isPartOf":{"@id":"https:\/\/www.blogsoestado.com\/danielmatos\/#website"},"primaryImageOfPage":{"@id":"https:\/\/www.blogsoestado.com\/danielmatos\/forca-tarefa-resgata-dezenas-de-trabalhadores-do-maranhao-em-situacao-analoga-a-escravidao-em-goias\/#primaryimage"},"image":{"@id":"https:\/\/www.blogsoestado.com\/danielmatos\/forca-tarefa-resgata-dezenas-de-trabalhadores-do-maranhao-em-situacao-analoga-a-escravidao-em-goias\/#primaryimage"},"thumbnailUrl":"https:\/\/www.blogsoestado.com\/danielmatos\/wp-content\/uploads\/sites\/2\/2025\/10\/1003972304.jpg","datePublished":"2025-10-14T20:41:29+00:00","dateModified":"2025-10-14T20:41:31+00:00","author":{"@id":"https:\/\/www.blogsoestado.com\/danielmatos\/#\/schema\/person\/9a209d407cd45631f131e1285b661bb0"},"breadcrumb":{"@id":"https:\/\/www.blogsoestado.com\/danielmatos\/forca-tarefa-resgata-dezenas-de-trabalhadores-do-maranhao-em-situacao-analoga-a-escravidao-em-goias\/#breadcrumb"},"inLanguage":"pt-BR","potentialAction":[{"@type":"ReadAction","target":["https:\/\/www.blogsoestado.com\/danielmatos\/forca-tarefa-resgata-dezenas-de-trabalhadores-do-maranhao-em-situacao-analoga-a-escravidao-em-goias\/"]}]},{"@type":"ImageObject","inLanguage":"pt-BR","@id":"https:\/\/www.blogsoestado.com\/danielmatos\/forca-tarefa-resgata-dezenas-de-trabalhadores-do-maranhao-em-situacao-analoga-a-escravidao-em-goias\/#primaryimage","url":"https:\/\/www.blogsoestado.com\/danielmatos\/wp-content\/uploads\/sites\/2\/2025\/10\/1003972304.jpg","contentUrl":"https:\/\/www.blogsoestado.com\/danielmatos\/wp-content\/uploads\/sites\/2\/2025\/10\/1003972304.jpg","width":768,"height":576},{"@type":"BreadcrumbList","@id":"https:\/\/www.blogsoestado.com\/danielmatos\/forca-tarefa-resgata-dezenas-de-trabalhadores-do-maranhao-em-situacao-analoga-a-escravidao-em-goias\/#breadcrumb","itemListElement":[{"@type":"ListItem","position":1,"name":"In\u00edcio","item":"https:\/\/www.blogsoestado.com\/danielmatos\/"},{"@type":"ListItem","position":2,"name":"For\u00e7a-tarefa resgata dezenas de trabalhadores do Maranh\u00e3o em situa\u00e7\u00e3o an\u00e1loga \u00e0 escravid\u00e3o em Goi\u00e1s"}]},{"@type":"WebSite","@id":"https:\/\/www.blogsoestado.com\/danielmatos\/#website","url":"https:\/\/www.blogsoestado.com\/danielmatos\/","name":"Daniel Matos","description":"","potentialAction":[{"@type":"SearchAction","target":{"@type":"EntryPoint","urlTemplate":"https:\/\/www.blogsoestado.com\/danielmatos\/?s={search_term_string}"},"query-input":{"@type":"PropertyValueSpecification","valueRequired":true,"valueName":"search_term_string"}}],"inLanguage":"pt-BR"},{"@type":"Person","@id":"https:\/\/www.blogsoestado.com\/danielmatos\/#\/schema\/person\/9a209d407cd45631f131e1285b661bb0","name":"Daniel Matos","image":{"@type":"ImageObject","inLanguage":"pt-BR","@id":"https:\/\/www.blogsoestado.com\/danielmatos\/#\/schema\/person\/image\/","url":"https:\/\/secure.gravatar.com\/avatar\/2f26c36ee355da19a257f0dfef43952a2588b324ca35d6719e859fe338ac0392?s=96&d=mm&r=g","contentUrl":"https:\/\/secure.gravatar.com\/avatar\/2f26c36ee355da19a257f0dfef43952a2588b324ca35d6719e859fe338ac0392?s=96&d=mm&r=g","caption":"Daniel Matos"},"url":"https:\/\/www.blogsoestado.com\/danielmatos\/author\/danielmatos\/"}]}},"jetpack_featured_media_url":"","_links":{"self":[{"href":"https:\/\/www.blogsoestado.com\/danielmatos\/wp-json\/wp\/v2\/posts\/149626","targetHints":{"allow":["GET"]}}],"collection":[{"href":"https:\/\/www.blogsoestado.com\/danielmatos\/wp-json\/wp\/v2\/posts"}],"about":[{"href":"https:\/\/www.blogsoestado.com\/danielmatos\/wp-json\/wp\/v2\/types\/post"}],"author":[{"embeddable":true,"href":"https:\/\/www.blogsoestado.com\/danielmatos\/wp-json\/wp\/v2\/users\/2"}],"replies":[{"embeddable":true,"href":"https:\/\/www.blogsoestado.com\/danielmatos\/wp-json\/wp\/v2\/comments?post=149626"}],"version-history":[{"count":1,"href":"https:\/\/www.blogsoestado.com\/danielmatos\/wp-json\/wp\/v2\/posts\/149626\/revisions"}],"predecessor-version":[{"id":149628,"href":"https:\/\/www.blogsoestado.com\/danielmatos\/wp-json\/wp\/v2\/posts\/149626\/revisions\/149628"}],"wp:attachment":[{"href":"https:\/\/www.blogsoestado.com\/danielmatos\/wp-json\/wp\/v2\/media?parent=149626"}],"wp:term":[{"taxonomy":"category","embeddable":true,"href":"https:\/\/www.blogsoestado.com\/danielmatos\/wp-json\/wp\/v2\/categories?post=149626"},{"taxonomy":"post_tag","embeddable":true,"href":"https:\/\/www.blogsoestado.com\/danielmatos\/wp-json\/wp\/v2\/tags?post=149626"}],"curies":[{"name":"wp","href":"https:\/\/api.w.org\/{rel}","templated":true}]}}