{"id":149832,"date":"2025-10-20T18:10:19","date_gmt":"2025-10-20T21:10:19","guid":{"rendered":"https:\/\/www.blogsoestado.com\/danielmatos\/?p=149832"},"modified":"2025-10-20T18:10:22","modified_gmt":"2025-10-20T21:10:22","slug":"maranhense-ricardo-guterres-e-nomeado-diretor-do-fnde","status":"publish","type":"post","link":"https:\/\/www.blogsoestado.com\/danielmatos\/maranhense-ricardo-guterres-e-nomeado-diretor-do-fnde\/","title":{"rendered":"Maranhense Ricardo Guterres \u00e9 nomeado diretor do FNDE"},"content":{"rendered":"\n<figure class=\"wp-block-image aligncenter size-full\"><img fetchpriority=\"high\" decoding=\"async\" width=\"644\" height=\"915\" src=\"https:\/\/www.blogsoestado.com\/danielmatos\/wp-content\/uploads\/sites\/2\/2025\/10\/1004027643.jpg\" alt=\"\" class=\"wp-image-149833\" srcset=\"https:\/\/www.blogsoestado.com\/danielmatos\/wp-content\/uploads\/sites\/2\/2025\/10\/1004027643.jpg 644w, https:\/\/www.blogsoestado.com\/danielmatos\/wp-content\/uploads\/sites\/2\/2025\/10\/1004027643-211x300.jpg 211w\" sizes=\"(max-width: 644px) 100vw, 644px\" \/><figcaption class=\"wp-element-caption\">Ricardo Guterres foi nomeado diretor de A\u00e7\u00f5es Educacionais do Fundo Nacional de Desenvolvimento da Educa\u00e7\u00e3o (FNDE)<\/figcaption><\/figure>\n\n\n\n<p>O maranhense Lu\u00eds Ricardo Sousa Guterres foi nomeado para um cargo de alta dire\u00e7\u00e3o no Fundo Nacional de Desenvolvimento da Educa\u00e7\u00e3o (FNDE). Com vasta experi\u00eancia em gest\u00e3o p\u00fablica, no Maranh\u00e3o e no Distrito Federal, Guterres \u00e9 agora diretor de A\u00e7\u00f5es Educacionais do Fundo Nacional de Desenvolvimento Social. A nomea\u00e7\u00e3o, assinada pelo ministro da Casa Civil da Presid\u00eancia da Rep\u00fablica, Rui Costa, foi publicada nesta segunda-feira (20) no Di\u00e1rio Oficial da Uni\u00e3o (DOU).<\/p>\n\n\n\n<p>Ricardo Guterres \u00e9 graduado em Letras pela Universidade Ceuma, p\u00f3s-graduado em Pol\u00edticas P\u00fablicas e atualmente se dedica ao mestrando em Administra\u00e7\u00e3o P\u00fablica pelo Instituto Brasileiro de Ensino, Desenvolvimento e Pesquisa (IDP). Tamb\u00e9m cursou Administra\u00e7\u00e3o de Empresas na Funda\u00e7\u00e3o Get\u00falio Vargas (FGV-RJ).<\/p>\n\n\n\n<p>Entre os postos de maior relev\u00e2ncia que j\u00e1 ocupou na gest\u00e3o p\u00fablica, destacam-se os de secret\u00e1rio de Assuntos Estrat\u00e9gicos e de Minas e Energia no governo Roseana Sarney (MDB) e de Desenvolvimento Social no governo Ibaneis Rocha (MDB), no Distrito Federal. Tamb\u00e9m foi assessor especial da Empresa Maranhense de Administra\u00e7\u00e3o Portu\u00e1ria (EMAP) e atuou na Empresa de Portos do Brasil S.A. (PORTOBRAS) e na Empresa Brasileira de Turismo (EMBRATUR). Foi, ainda, assessor especial do Minist\u00e9rio da Educa\u00e7\u00e3o no governo Michel Temer e conselheiro de Pol\u00edtica Energ\u00e9tica da Presid\u00eancia da Rep\u00fablica na gest\u00e3o Dilma Rousseff.<\/p>\n\n\n\n<p>A nomea\u00e7\u00e3o de Guterres vem em meio \u00e0 \u201creorganiza\u00e7\u00e3o\u201d da base aliada promovida pelo Planalto, com exonera\u00e7\u00f5es de apadrinhados pelo Centr\u00e3o, ap\u00f3s uma s\u00e9rie de derrotas do governo Lula na C\u00e2mara.<\/p>\n\n\n\n<p>Confira o ato de nomea\u00e7\u00e3o de Ricardo Guterres publicado no Di\u00e1rio Oficial da Uni\u00e3o:<\/p>\n\n\n\n<figure class=\"wp-block-image aligncenter size-large\"><img decoding=\"async\" width=\"1024\" height=\"790\" src=\"https:\/\/www.blogsoestado.com\/danielmatos\/wp-content\/uploads\/sites\/2\/2025\/10\/1004027641-1024x790.jpg\" alt=\"\" class=\"wp-image-149835\" srcset=\"https:\/\/www.blogsoestado.com\/danielmatos\/wp-content\/uploads\/sites\/2\/2025\/10\/1004027641-1024x790.jpg 1024w, https:\/\/www.blogsoestado.com\/danielmatos\/wp-content\/uploads\/sites\/2\/2025\/10\/1004027641-300x232.jpg 300w, https:\/\/www.blogsoestado.com\/danielmatos\/wp-content\/uploads\/sites\/2\/2025\/10\/1004027641-768x593.jpg 768w, https:\/\/www.blogsoestado.com\/danielmatos\/wp-content\/uploads\/sites\/2\/2025\/10\/1004027641.jpg 1320w\" sizes=\"(max-width: 1024px) 100vw, 1024px\" \/><\/figure>\n","protected":false},"excerpt":{"rendered":"<p>O maranhense Lu\u00eds Ricardo Sousa Guterres foi nomeado para um cargo de alta dire\u00e7\u00e3o no Fundo Nacional de Desenvolvimento da [&hellip;]<\/p>\n","protected":false},"author":2,"featured_media":0,"comment_status":"open","ping_status":"open","sticky":false,"template":"","format":"standard","meta":{"site-sidebar-layout":"default","site-content-layout":"","ast-site-content-layout":"default","site-content-style":"default","site-sidebar-style":"default","ast-global-header-display":"","ast-banner-title-visibility":"","ast-main-header-display":"","ast-hfb-above-header-display":"","ast-hfb-below-header-display":"","ast-hfb-mobile-header-display":"","site-post-title":"","ast-breadcrumbs-content":"","ast-featured-img":"","footer-sml-layout":"","ast-disable-related-posts":"","theme-transparent-header-meta":"","adv-header-id-meta":"","stick-header-meta":"","header-above-stick-meta":"","header-main-stick-meta":"","header-below-stick-meta":"","astra-migrate-meta-layouts":"default","ast-page-background-enabled":"default","ast-page-background-meta":{"desktop":{"background-color":"var(--ast-global-color-5)","background-image":"","background-repeat":"repeat","background-position":"center center","background-size":"auto","background-attachment":"scroll","background-type":"","background-media":"","overlay-type":"","overlay-color":"","overlay-opacity":"","overlay-gradient":""},"tablet":{"background-color":"","background-image":"","background-repeat":"repeat","background-position":"center center","background-size":"auto","background-attachment":"scroll","background-type":"","background-media":"","overlay-type":"","overlay-color":"","overlay-opacity":"","overlay-gradient":""},"mobile":{"background-color":"","background-image":"","background-repeat":"repeat","background-position":"center center","background-size":"auto","background-attachment":"scroll","background-type":"","background-media":"","overlay-type":"","overlay-color":"","overlay-opacity":"","overlay-gradient":""}},"ast-content-background-meta":{"desktop":{"background-color":"var(--ast-global-color-4)","background-image":"","background-repeat":"repeat","background-position":"center center","background-size":"auto","background-attachment":"scroll","background-type":"","background-media":"","overlay-type":"","overlay-color":"","overlay-opacity":"","overlay-gradient":""},"tablet":{"background-color":"var(--ast-global-color-4)","background-image":"","background-repeat":"repeat","background-position":"center center","background-size":"auto","background-attachment":"scroll","background-type":"","background-media":"","overlay-type":"","overlay-color":"","overlay-opacity":"","overlay-gradient":""},"mobile":{"background-color":"var(--ast-global-color-4)","background-image":"","background-repeat":"repeat","background-position":"center center","background-size":"auto","background-attachment":"scroll","background-type":"","background-media":"","overlay-type":"","overlay-color":"","overlay-opacity":"","overlay-gradient":""}},"footnotes":""},"categories":[1],"tags":[],"class_list":["post-149832","post","type-post","status-publish","format-standard","hentry","category-sem-categoria"],"yoast_head":"<!-- This site is optimized with the Yoast SEO plugin v26.6 - https:\/\/yoast.com\/wordpress\/plugins\/seo\/ -->\n<title>Maranhense Ricardo Guterres \u00e9 nomeado diretor do FNDE - Daniel Matos<\/title>\n<meta name=\"robots\" content=\"index, follow, max-snippet:-1, max-image-preview:large, max-video-preview:-1\" \/>\n<link rel=\"canonical\" href=\"https:\/\/www.blogsoestado.com\/danielmatos\/maranhense-ricardo-guterres-e-nomeado-diretor-do-fnde\/\" \/>\n<meta property=\"og:locale\" content=\"pt_BR\" \/>\n<meta property=\"og:type\" content=\"article\" \/>\n<meta property=\"og:title\" content=\"Maranhense Ricardo Guterres \u00e9 nomeado diretor do FNDE - Daniel Matos\" \/>\n<meta property=\"og:description\" content=\"O maranhense Lu\u00eds Ricardo Sousa Guterres foi nomeado para um cargo de alta dire\u00e7\u00e3o no Fundo Nacional de Desenvolvimento da [&hellip;]\" \/>\n<meta property=\"og:url\" content=\"https:\/\/www.blogsoestado.com\/danielmatos\/maranhense-ricardo-guterres-e-nomeado-diretor-do-fnde\/\" \/>\n<meta property=\"og:site_name\" content=\"Daniel Matos\" \/>\n<meta property=\"article:published_time\" content=\"2025-10-20T21:10:19+00:00\" \/>\n<meta property=\"article:modified_time\" content=\"2025-10-20T21:10:22+00:00\" \/>\n<meta property=\"og:image\" content=\"https:\/\/www.blogsoestado.com\/danielmatos\/wp-content\/uploads\/sites\/2\/2025\/10\/1004027643.jpg\" \/>\n\t<meta property=\"og:image:width\" content=\"644\" \/>\n\t<meta property=\"og:image:height\" content=\"915\" \/>\n\t<meta property=\"og:image:type\" content=\"image\/jpeg\" \/>\n<meta name=\"author\" content=\"Daniel Matos\" \/>\n<meta name=\"twitter:card\" content=\"summary_large_image\" \/>\n<meta name=\"twitter:label1\" content=\"Escrito por\" \/>\n\t<meta name=\"twitter:data1\" content=\"Daniel Matos\" \/>\n\t<meta name=\"twitter:label2\" content=\"Est. tempo de leitura\" \/>\n\t<meta name=\"twitter:data2\" content=\"2 minutos\" \/>\n<script type=\"application\/ld+json\" class=\"yoast-schema-graph\">{\"@context\":\"https:\/\/schema.org\",\"@graph\":[{\"@type\":\"WebPage\",\"@id\":\"https:\/\/www.blogsoestado.com\/danielmatos\/maranhense-ricardo-guterres-e-nomeado-diretor-do-fnde\/\",\"url\":\"https:\/\/www.blogsoestado.com\/danielmatos\/maranhense-ricardo-guterres-e-nomeado-diretor-do-fnde\/\",\"name\":\"Maranhense Ricardo Guterres \u00e9 nomeado diretor do FNDE - Daniel Matos\",\"isPartOf\":{\"@id\":\"https:\/\/www.blogsoestado.com\/danielmatos\/#website\"},\"primaryImageOfPage\":{\"@id\":\"https:\/\/www.blogsoestado.com\/danielmatos\/maranhense-ricardo-guterres-e-nomeado-diretor-do-fnde\/#primaryimage\"},\"image\":{\"@id\":\"https:\/\/www.blogsoestado.com\/danielmatos\/maranhense-ricardo-guterres-e-nomeado-diretor-do-fnde\/#primaryimage\"},\"thumbnailUrl\":\"https:\/\/www.blogsoestado.com\/danielmatos\/wp-content\/uploads\/sites\/2\/2025\/10\/1004027643.jpg\",\"datePublished\":\"2025-10-20T21:10:19+00:00\",\"dateModified\":\"2025-10-20T21:10:22+00:00\",\"author\":{\"@id\":\"https:\/\/www.blogsoestado.com\/danielmatos\/#\/schema\/person\/9a209d407cd45631f131e1285b661bb0\"},\"breadcrumb\":{\"@id\":\"https:\/\/www.blogsoestado.com\/danielmatos\/maranhense-ricardo-guterres-e-nomeado-diretor-do-fnde\/#breadcrumb\"},\"inLanguage\":\"pt-BR\",\"potentialAction\":[{\"@type\":\"ReadAction\",\"target\":[\"https:\/\/www.blogsoestado.com\/danielmatos\/maranhense-ricardo-guterres-e-nomeado-diretor-do-fnde\/\"]}]},{\"@type\":\"ImageObject\",\"inLanguage\":\"pt-BR\",\"@id\":\"https:\/\/www.blogsoestado.com\/danielmatos\/maranhense-ricardo-guterres-e-nomeado-diretor-do-fnde\/#primaryimage\",\"url\":\"https:\/\/www.blogsoestado.com\/danielmatos\/wp-content\/uploads\/sites\/2\/2025\/10\/1004027643.jpg\",\"contentUrl\":\"https:\/\/www.blogsoestado.com\/danielmatos\/wp-content\/uploads\/sites\/2\/2025\/10\/1004027643.jpg\",\"width\":644,\"height\":915},{\"@type\":\"BreadcrumbList\",\"@id\":\"https:\/\/www.blogsoestado.com\/danielmatos\/maranhense-ricardo-guterres-e-nomeado-diretor-do-fnde\/#breadcrumb\",\"itemListElement\":[{\"@type\":\"ListItem\",\"position\":1,\"name\":\"In\u00edcio\",\"item\":\"https:\/\/www.blogsoestado.com\/danielmatos\/\"},{\"@type\":\"ListItem\",\"position\":2,\"name\":\"Maranhense Ricardo Guterres \u00e9 nomeado diretor do FNDE\"}]},{\"@type\":\"WebSite\",\"@id\":\"https:\/\/www.blogsoestado.com\/danielmatos\/#website\",\"url\":\"https:\/\/www.blogsoestado.com\/danielmatos\/\",\"name\":\"Daniel Matos\",\"description\":\"\",\"potentialAction\":[{\"@type\":\"SearchAction\",\"target\":{\"@type\":\"EntryPoint\",\"urlTemplate\":\"https:\/\/www.blogsoestado.com\/danielmatos\/?s={search_term_string}\"},\"query-input\":{\"@type\":\"PropertyValueSpecification\",\"valueRequired\":true,\"valueName\":\"search_term_string\"}}],\"inLanguage\":\"pt-BR\"},{\"@type\":\"Person\",\"@id\":\"https:\/\/www.blogsoestado.com\/danielmatos\/#\/schema\/person\/9a209d407cd45631f131e1285b661bb0\",\"name\":\"Daniel Matos\",\"image\":{\"@type\":\"ImageObject\",\"inLanguage\":\"pt-BR\",\"@id\":\"https:\/\/www.blogsoestado.com\/danielmatos\/#\/schema\/person\/image\/\",\"url\":\"https:\/\/secure.gravatar.com\/avatar\/2f26c36ee355da19a257f0dfef43952a2588b324ca35d6719e859fe338ac0392?s=96&d=mm&r=g\",\"contentUrl\":\"https:\/\/secure.gravatar.com\/avatar\/2f26c36ee355da19a257f0dfef43952a2588b324ca35d6719e859fe338ac0392?s=96&d=mm&r=g\",\"caption\":\"Daniel Matos\"},\"url\":\"https:\/\/www.blogsoestado.com\/danielmatos\/author\/danielmatos\/\"}]}<\/script>\n<!-- \/ Yoast SEO plugin. -->","yoast_head_json":{"title":"Maranhense Ricardo Guterres \u00e9 nomeado diretor do FNDE - Daniel Matos","robots":{"index":"index","follow":"follow","max-snippet":"max-snippet:-1","max-image-preview":"max-image-preview:large","max-video-preview":"max-video-preview:-1"},"canonical":"https:\/\/www.blogsoestado.com\/danielmatos\/maranhense-ricardo-guterres-e-nomeado-diretor-do-fnde\/","og_locale":"pt_BR","og_type":"article","og_title":"Maranhense Ricardo Guterres \u00e9 nomeado diretor do FNDE - Daniel Matos","og_description":"O maranhense Lu\u00eds Ricardo Sousa Guterres foi nomeado para um cargo de alta dire\u00e7\u00e3o no Fundo Nacional de Desenvolvimento da [&hellip;]","og_url":"https:\/\/www.blogsoestado.com\/danielmatos\/maranhense-ricardo-guterres-e-nomeado-diretor-do-fnde\/","og_site_name":"Daniel Matos","article_published_time":"2025-10-20T21:10:19+00:00","article_modified_time":"2025-10-20T21:10:22+00:00","og_image":[{"width":644,"height":915,"url":"https:\/\/www.blogsoestado.com\/danielmatos\/wp-content\/uploads\/sites\/2\/2025\/10\/1004027643.jpg","type":"image\/jpeg"}],"author":"Daniel Matos","twitter_card":"summary_large_image","twitter_misc":{"Escrito por":"Daniel Matos","Est. tempo de leitura":"2 minutos"},"schema":{"@context":"https:\/\/schema.org","@graph":[{"@type":"WebPage","@id":"https:\/\/www.blogsoestado.com\/danielmatos\/maranhense-ricardo-guterres-e-nomeado-diretor-do-fnde\/","url":"https:\/\/www.blogsoestado.com\/danielmatos\/maranhense-ricardo-guterres-e-nomeado-diretor-do-fnde\/","name":"Maranhense Ricardo Guterres \u00e9 nomeado diretor do FNDE - Daniel Matos","isPartOf":{"@id":"https:\/\/www.blogsoestado.com\/danielmatos\/#website"},"primaryImageOfPage":{"@id":"https:\/\/www.blogsoestado.com\/danielmatos\/maranhense-ricardo-guterres-e-nomeado-diretor-do-fnde\/#primaryimage"},"image":{"@id":"https:\/\/www.blogsoestado.com\/danielmatos\/maranhense-ricardo-guterres-e-nomeado-diretor-do-fnde\/#primaryimage"},"thumbnailUrl":"https:\/\/www.blogsoestado.com\/danielmatos\/wp-content\/uploads\/sites\/2\/2025\/10\/1004027643.jpg","datePublished":"2025-10-20T21:10:19+00:00","dateModified":"2025-10-20T21:10:22+00:00","author":{"@id":"https:\/\/www.blogsoestado.com\/danielmatos\/#\/schema\/person\/9a209d407cd45631f131e1285b661bb0"},"breadcrumb":{"@id":"https:\/\/www.blogsoestado.com\/danielmatos\/maranhense-ricardo-guterres-e-nomeado-diretor-do-fnde\/#breadcrumb"},"inLanguage":"pt-BR","potentialAction":[{"@type":"ReadAction","target":["https:\/\/www.blogsoestado.com\/danielmatos\/maranhense-ricardo-guterres-e-nomeado-diretor-do-fnde\/"]}]},{"@type":"ImageObject","inLanguage":"pt-BR","@id":"https:\/\/www.blogsoestado.com\/danielmatos\/maranhense-ricardo-guterres-e-nomeado-diretor-do-fnde\/#primaryimage","url":"https:\/\/www.blogsoestado.com\/danielmatos\/wp-content\/uploads\/sites\/2\/2025\/10\/1004027643.jpg","contentUrl":"https:\/\/www.blogsoestado.com\/danielmatos\/wp-content\/uploads\/sites\/2\/2025\/10\/1004027643.jpg","width":644,"height":915},{"@type":"BreadcrumbList","@id":"https:\/\/www.blogsoestado.com\/danielmatos\/maranhense-ricardo-guterres-e-nomeado-diretor-do-fnde\/#breadcrumb","itemListElement":[{"@type":"ListItem","position":1,"name":"In\u00edcio","item":"https:\/\/www.blogsoestado.com\/danielmatos\/"},{"@type":"ListItem","position":2,"name":"Maranhense Ricardo Guterres \u00e9 nomeado diretor do FNDE"}]},{"@type":"WebSite","@id":"https:\/\/www.blogsoestado.com\/danielmatos\/#website","url":"https:\/\/www.blogsoestado.com\/danielmatos\/","name":"Daniel Matos","description":"","potentialAction":[{"@type":"SearchAction","target":{"@type":"EntryPoint","urlTemplate":"https:\/\/www.blogsoestado.com\/danielmatos\/?s={search_term_string}"},"query-input":{"@type":"PropertyValueSpecification","valueRequired":true,"valueName":"search_term_string"}}],"inLanguage":"pt-BR"},{"@type":"Person","@id":"https:\/\/www.blogsoestado.com\/danielmatos\/#\/schema\/person\/9a209d407cd45631f131e1285b661bb0","name":"Daniel Matos","image":{"@type":"ImageObject","inLanguage":"pt-BR","@id":"https:\/\/www.blogsoestado.com\/danielmatos\/#\/schema\/person\/image\/","url":"https:\/\/secure.gravatar.com\/avatar\/2f26c36ee355da19a257f0dfef43952a2588b324ca35d6719e859fe338ac0392?s=96&d=mm&r=g","contentUrl":"https:\/\/secure.gravatar.com\/avatar\/2f26c36ee355da19a257f0dfef43952a2588b324ca35d6719e859fe338ac0392?s=96&d=mm&r=g","caption":"Daniel Matos"},"url":"https:\/\/www.blogsoestado.com\/danielmatos\/author\/danielmatos\/"}]}},"jetpack_featured_media_url":"","_links":{"self":[{"href":"https:\/\/www.blogsoestado.com\/danielmatos\/wp-json\/wp\/v2\/posts\/149832","targetHints":{"allow":["GET"]}}],"collection":[{"href":"https:\/\/www.blogsoestado.com\/danielmatos\/wp-json\/wp\/v2\/posts"}],"about":[{"href":"https:\/\/www.blogsoestado.com\/danielmatos\/wp-json\/wp\/v2\/types\/post"}],"author":[{"embeddable":true,"href":"https:\/\/www.blogsoestado.com\/danielmatos\/wp-json\/wp\/v2\/users\/2"}],"replies":[{"embeddable":true,"href":"https:\/\/www.blogsoestado.com\/danielmatos\/wp-json\/wp\/v2\/comments?post=149832"}],"version-history":[{"count":1,"href":"https:\/\/www.blogsoestado.com\/danielmatos\/wp-json\/wp\/v2\/posts\/149832\/revisions"}],"predecessor-version":[{"id":149836,"href":"https:\/\/www.blogsoestado.com\/danielmatos\/wp-json\/wp\/v2\/posts\/149832\/revisions\/149836"}],"wp:attachment":[{"href":"https:\/\/www.blogsoestado.com\/danielmatos\/wp-json\/wp\/v2\/media?parent=149832"}],"wp:term":[{"taxonomy":"category","embeddable":true,"href":"https:\/\/www.blogsoestado.com\/danielmatos\/wp-json\/wp\/v2\/categories?post=149832"},{"taxonomy":"post_tag","embeddable":true,"href":"https:\/\/www.blogsoestado.com\/danielmatos\/wp-json\/wp\/v2\/tags?post=149832"}],"curies":[{"name":"wp","href":"https:\/\/api.w.org\/{rel}","templated":true}]}}