{"id":149851,"date":"2025-10-21T11:30:36","date_gmt":"2025-10-21T14:30:36","guid":{"rendered":"https:\/\/www.blogsoestado.com\/danielmatos\/?p=149851"},"modified":"2025-10-21T11:30:39","modified_gmt":"2025-10-21T14:30:39","slug":"julio-filho-fortalece-alianca-com-sindicato-em-evento-do-dia-do-comerciario","status":"publish","type":"post","link":"https:\/\/www.blogsoestado.com\/danielmatos\/julio-filho-fortalece-alianca-com-sindicato-em-evento-do-dia-do-comerciario\/","title":{"rendered":"J\u00falio Filho fortalece alian\u00e7a com sindicato em evento do Dia do Comerci\u00e1rio"},"content":{"rendered":"\n<figure class=\"wp-block-image aligncenter size-large\"><img fetchpriority=\"high\" decoding=\"async\" width=\"1024\" height=\"682\" src=\"https:\/\/www.blogsoestado.com\/danielmatos\/wp-content\/uploads\/sites\/2\/2025\/10\/1004034049-1024x682.jpg\" alt=\"\" class=\"wp-image-149852\" srcset=\"https:\/\/www.blogsoestado.com\/danielmatos\/wp-content\/uploads\/sites\/2\/2025\/10\/1004034049-1024x682.jpg 1024w, https:\/\/www.blogsoestado.com\/danielmatos\/wp-content\/uploads\/sites\/2\/2025\/10\/1004034049-300x200.jpg 300w, https:\/\/www.blogsoestado.com\/danielmatos\/wp-content\/uploads\/sites\/2\/2025\/10\/1004034049-768x512.jpg 768w, https:\/\/www.blogsoestado.com\/danielmatos\/wp-content\/uploads\/sites\/2\/2025\/10\/1004034049-1536x1023.jpg 1536w, https:\/\/www.blogsoestado.com\/danielmatos\/wp-content\/uploads\/sites\/2\/2025\/10\/1004034049.jpg 1600w\" sizes=\"(max-width: 1024px) 100vw, 1024px\" \/><figcaption class=\"wp-element-caption\">J\u00falio Filho foi muito bem acolhido por trabalhadores comerci\u00e1rios durante o evento festivo<\/figcaption><\/figure>\n\n\n\n<p>A ascens\u00e3o pol\u00edtica do atual presidente do Partido Liberal (PL) de S\u00e3o Jos\u00e9 de Ribamar e pr\u00e9-candidato a deputado estadual, J\u00falio Filho, ficou evidente durante um grande evento em homenagem ao Dia do Comerci\u00e1rio, celebrado na noite da \u00faltima segunda-feira (20), no Multicenter SEBRAE.<\/p>\n\n\n\n<figure class=\"wp-block-image aligncenter size-large\"><img decoding=\"async\" width=\"1024\" height=\"682\" src=\"https:\/\/www.blogsoestado.com\/danielmatos\/wp-content\/uploads\/sites\/2\/2025\/10\/1004034053-1024x682.jpg\" alt=\"\" class=\"wp-image-149853\" srcset=\"https:\/\/www.blogsoestado.com\/danielmatos\/wp-content\/uploads\/sites\/2\/2025\/10\/1004034053-1024x682.jpg 1024w, https:\/\/www.blogsoestado.com\/danielmatos\/wp-content\/uploads\/sites\/2\/2025\/10\/1004034053-300x200.jpg 300w, https:\/\/www.blogsoestado.com\/danielmatos\/wp-content\/uploads\/sites\/2\/2025\/10\/1004034053-768x512.jpg 768w, https:\/\/www.blogsoestado.com\/danielmatos\/wp-content\/uploads\/sites\/2\/2025\/10\/1004034053-1536x1023.jpg 1536w, https:\/\/www.blogsoestado.com\/danielmatos\/wp-content\/uploads\/sites\/2\/2025\/10\/1004034053.jpg 1600w\" sizes=\"(max-width: 1024px) 100vw, 1024px\" \/><figcaption class=\"wp-element-caption\">A presen\u00e7a de J\u00falio Filho foi bastante festejada na comemora\u00e7\u00e3o do Dia do Comerci\u00e1rio<\/figcaption><\/figure>\n\n\n\n<p>A festividade, que reuniu centenas de trabalhadores do com\u00e9rcio, foi promovida pelo Sindicato dos Comerci\u00e1rios (SINDCOMERCI\u00c1RIOS) em parceria com J\u00falio e o deputado federal Cleber Verde. Na ocasi\u00e3o, o evento contou com atra\u00e7\u00f5es como Bumba Boi da Maioba, Brasas do Forr\u00f3, Banda Alta Tens\u00e3o e o Bumba-meu-boi Encanto do Olho D\u2019agua.<\/p>\n\n\n\n<figure class=\"wp-block-image aligncenter size-large\"><img decoding=\"async\" width=\"1024\" height=\"682\" src=\"https:\/\/www.blogsoestado.com\/danielmatos\/wp-content\/uploads\/sites\/2\/2025\/10\/1004034052-1024x682.jpg\" alt=\"\" class=\"wp-image-149854\" srcset=\"https:\/\/www.blogsoestado.com\/danielmatos\/wp-content\/uploads\/sites\/2\/2025\/10\/1004034052-1024x682.jpg 1024w, https:\/\/www.blogsoestado.com\/danielmatos\/wp-content\/uploads\/sites\/2\/2025\/10\/1004034052-300x200.jpg 300w, https:\/\/www.blogsoestado.com\/danielmatos\/wp-content\/uploads\/sites\/2\/2025\/10\/1004034052-768x512.jpg 768w, https:\/\/www.blogsoestado.com\/danielmatos\/wp-content\/uploads\/sites\/2\/2025\/10\/1004034052-1536x1023.jpg 1536w, https:\/\/www.blogsoestado.com\/danielmatos\/wp-content\/uploads\/sites\/2\/2025\/10\/1004034052.jpg 1600w\" sizes=\"(max-width: 1024px) 100vw, 1024px\" \/><figcaption class=\"wp-element-caption\">J\u00falio Filho manteve di\u00e1logo com trabalhadores e lideran\u00e7as da categoria dos comerci\u00e1rios<\/figcaption><\/figure>\n\n\n\n<p>A parceria na promo\u00e7\u00e3o do evento foi uma iniciativa que enfatizou a valoriza\u00e7\u00e3o dos comerci\u00e1rios da Grande Ilha, e demonstra a consolida\u00e7\u00e3o da base pol\u00edtica de J\u00falio Filho, que tem como uma das suas prioridades a defesa dos direitos dos trabalhadores. <\/p>\n\n\n\n<figure class=\"wp-block-image aligncenter size-large\"><img loading=\"lazy\" decoding=\"async\" width=\"683\" height=\"1024\" src=\"https:\/\/www.blogsoestado.com\/danielmatos\/wp-content\/uploads\/sites\/2\/2025\/10\/1004034054-683x1024.jpg\" alt=\"\" class=\"wp-image-149855\" srcset=\"https:\/\/www.blogsoestado.com\/danielmatos\/wp-content\/uploads\/sites\/2\/2025\/10\/1004034054-683x1024.jpg 683w, https:\/\/www.blogsoestado.com\/danielmatos\/wp-content\/uploads\/sites\/2\/2025\/10\/1004034054-200x300.jpg 200w, https:\/\/www.blogsoestado.com\/danielmatos\/wp-content\/uploads\/sites\/2\/2025\/10\/1004034054-768x1151.jpg 768w, https:\/\/www.blogsoestado.com\/danielmatos\/wp-content\/uploads\/sites\/2\/2025\/10\/1004034054.jpg 822w\" sizes=\"(max-width: 683px) 100vw, 683px\" \/><figcaption class=\"wp-element-caption\">J\u00falio Filho com o deputado federal Cl\u00e9ber Verde e o suplente de vereador de S\u00e3o Lu\u00eds Tiririca do Maranh\u00e3o<\/figcaption><\/figure>\n\n\n\n<p>&#8220;O com\u00e9rcio \u00e9 o cora\u00e7\u00e3o da nossa economia, e n\u00e3o medirei esfor\u00e7os para apoi\u00e1-lo. N\u00e3o poder\u00edamos deixar esse dia passar em branco. Essa festa \u00e9 uma maneira de homenagear os nossos comerci\u00e1rios. Eles podem contar sempre comigo&#8221;, disse J\u00falio Filho.<\/p>\n\n\n\n<figure class=\"wp-block-image aligncenter size-large\"><img loading=\"lazy\" decoding=\"async\" width=\"1024\" height=\"682\" src=\"https:\/\/www.blogsoestado.com\/danielmatos\/wp-content\/uploads\/sites\/2\/2025\/10\/1004034057-1024x682.jpg\" alt=\"\" class=\"wp-image-149856\" srcset=\"https:\/\/www.blogsoestado.com\/danielmatos\/wp-content\/uploads\/sites\/2\/2025\/10\/1004034057-1024x682.jpg 1024w, https:\/\/www.blogsoestado.com\/danielmatos\/wp-content\/uploads\/sites\/2\/2025\/10\/1004034057-300x200.jpg 300w, https:\/\/www.blogsoestado.com\/danielmatos\/wp-content\/uploads\/sites\/2\/2025\/10\/1004034057-768x512.jpg 768w, https:\/\/www.blogsoestado.com\/danielmatos\/wp-content\/uploads\/sites\/2\/2025\/10\/1004034057-1536x1023.jpg 1536w, https:\/\/www.blogsoestado.com\/danielmatos\/wp-content\/uploads\/sites\/2\/2025\/10\/1004034057.jpg 1600w\" sizes=\"(max-width: 1024px) 100vw, 1024px\" \/><figcaption class=\"wp-element-caption\">O pr\u00e9-candidato a deputado estadual J\u00falio Filho em registro com o deputado federal Cl\u00e9ber Verde e trabalhador comerci\u00e1rio <\/figcaption><\/figure>\n\n\n\n<p>O presidente do SINDCOMERCI\u00c1RIOS, Edmilson Santos, agradeceu a parceria dos pol\u00edticos e refor\u00e7ou o compromisso da entidade em lutar por melhores sal\u00e1rios e condi\u00e7\u00f5es de trabalho para a categoria. <\/p>\n\n\n\n<figure class=\"wp-block-image aligncenter size-large\"><img loading=\"lazy\" decoding=\"async\" width=\"1024\" height=\"682\" src=\"https:\/\/www.blogsoestado.com\/danielmatos\/wp-content\/uploads\/sites\/2\/2025\/10\/1004034059-1024x682.jpg\" alt=\"\" class=\"wp-image-149857\" srcset=\"https:\/\/www.blogsoestado.com\/danielmatos\/wp-content\/uploads\/sites\/2\/2025\/10\/1004034059-1024x682.jpg 1024w, https:\/\/www.blogsoestado.com\/danielmatos\/wp-content\/uploads\/sites\/2\/2025\/10\/1004034059-300x200.jpg 300w, https:\/\/www.blogsoestado.com\/danielmatos\/wp-content\/uploads\/sites\/2\/2025\/10\/1004034059-768x512.jpg 768w, https:\/\/www.blogsoestado.com\/danielmatos\/wp-content\/uploads\/sites\/2\/2025\/10\/1004034059-1536x1023.jpg 1536w, https:\/\/www.blogsoestado.com\/danielmatos\/wp-content\/uploads\/sites\/2\/2025\/10\/1004034059.jpg 1600w\" sizes=\"(max-width: 1024px) 100vw, 1024px\" \/><figcaption class=\"wp-element-caption\">J\u00falio Filho em momento de descontra\u00e7\u00e3o na festa do comerci\u00e1rio, no Multicenter Sebrae <\/figcaption><\/figure>\n\n\n\n<p>&#8220;Este evento simboliza a uni\u00e3o de for\u00e7as. Sozinhos, n\u00e3o chegamos a lugar nenhum, mas com parceiros comprometidos, como J\u00falio e Cleber, podemos alcan\u00e7ar conquistas ainda maiores&#8221;, declarou Santos.<\/p>\n","protected":false},"excerpt":{"rendered":"<p>A ascens\u00e3o pol\u00edtica do atual presidente do Partido Liberal (PL) de S\u00e3o Jos\u00e9 de Ribamar e pr\u00e9-candidato a deputado estadual, [&hellip;]<\/p>\n","protected":false},"author":2,"featured_media":0,"comment_status":"open","ping_status":"open","sticky":false,"template":"","format":"standard","meta":{"site-sidebar-layout":"default","site-content-layout":"","ast-site-content-layout":"default","site-content-style":"default","site-sidebar-style":"default","ast-global-header-display":"","ast-banner-title-visibility":"","ast-main-header-display":"","ast-hfb-above-header-display":"","ast-hfb-below-header-display":"","ast-hfb-mobile-header-display":"","site-post-title":"","ast-breadcrumbs-content":"","ast-featured-img":"","footer-sml-layout":"","ast-disable-related-posts":"","theme-transparent-header-meta":"","adv-header-id-meta":"","stick-header-meta":"","header-above-stick-meta":"","header-main-stick-meta":"","header-below-stick-meta":"","astra-migrate-meta-layouts":"default","ast-page-background-enabled":"default","ast-page-background-meta":{"desktop":{"background-color":"var(--ast-global-color-5)","background-image":"","background-repeat":"repeat","background-position":"center center","background-size":"auto","background-attachment":"scroll","background-type":"","background-media":"","overlay-type":"","overlay-color":"","overlay-opacity":"","overlay-gradient":""},"tablet":{"background-color":"","background-image":"","background-repeat":"repeat","background-position":"center center","background-size":"auto","background-attachment":"scroll","background-type":"","background-media":"","overlay-type":"","overlay-color":"","overlay-opacity":"","overlay-gradient":""},"mobile":{"background-color":"","background-image":"","background-repeat":"repeat","background-position":"center center","background-size":"auto","background-attachment":"scroll","background-type":"","background-media":"","overlay-type":"","overlay-color":"","overlay-opacity":"","overlay-gradient":""}},"ast-content-background-meta":{"desktop":{"background-color":"var(--ast-global-color-4)","background-image":"","background-repeat":"repeat","background-position":"center center","background-size":"auto","background-attachment":"scroll","background-type":"","background-media":"","overlay-type":"","overlay-color":"","overlay-opacity":"","overlay-gradient":""},"tablet":{"background-color":"var(--ast-global-color-4)","background-image":"","background-repeat":"repeat","background-position":"center center","background-size":"auto","background-attachment":"scroll","background-type":"","background-media":"","overlay-type":"","overlay-color":"","overlay-opacity":"","overlay-gradient":""},"mobile":{"background-color":"var(--ast-global-color-4)","background-image":"","background-repeat":"repeat","background-position":"center center","background-size":"auto","background-attachment":"scroll","background-type":"","background-media":"","overlay-type":"","overlay-color":"","overlay-opacity":"","overlay-gradient":""}},"footnotes":""},"categories":[1],"tags":[],"class_list":["post-149851","post","type-post","status-publish","format-standard","hentry","category-sem-categoria"],"yoast_head":"<!-- This site is optimized with the Yoast SEO plugin v26.6 - https:\/\/yoast.com\/wordpress\/plugins\/seo\/ -->\n<title>J\u00falio Filho fortalece alian\u00e7a com sindicato em evento do Dia do Comerci\u00e1rio - Daniel Matos<\/title>\n<meta name=\"robots\" content=\"index, follow, max-snippet:-1, max-image-preview:large, max-video-preview:-1\" \/>\n<link rel=\"canonical\" href=\"https:\/\/www.blogsoestado.com\/danielmatos\/julio-filho-fortalece-alianca-com-sindicato-em-evento-do-dia-do-comerciario\/\" \/>\n<meta property=\"og:locale\" content=\"pt_BR\" \/>\n<meta property=\"og:type\" content=\"article\" \/>\n<meta property=\"og:title\" content=\"J\u00falio Filho fortalece alian\u00e7a com sindicato em evento do Dia do Comerci\u00e1rio - Daniel Matos\" \/>\n<meta property=\"og:description\" content=\"A ascens\u00e3o pol\u00edtica do atual presidente do Partido Liberal (PL) de S\u00e3o Jos\u00e9 de Ribamar e pr\u00e9-candidato a deputado estadual, [&hellip;]\" \/>\n<meta property=\"og:url\" content=\"https:\/\/www.blogsoestado.com\/danielmatos\/julio-filho-fortalece-alianca-com-sindicato-em-evento-do-dia-do-comerciario\/\" \/>\n<meta property=\"og:site_name\" content=\"Daniel Matos\" \/>\n<meta property=\"article:published_time\" content=\"2025-10-21T14:30:36+00:00\" \/>\n<meta property=\"article:modified_time\" content=\"2025-10-21T14:30:39+00:00\" \/>\n<meta property=\"og:image\" content=\"https:\/\/www.blogsoestado.com\/danielmatos\/wp-content\/uploads\/sites\/2\/2025\/10\/1004034049.jpg\" \/>\n\t<meta property=\"og:image:width\" content=\"1600\" \/>\n\t<meta property=\"og:image:height\" content=\"1066\" \/>\n\t<meta property=\"og:image:type\" content=\"image\/jpeg\" \/>\n<meta name=\"author\" content=\"Daniel Matos\" \/>\n<meta name=\"twitter:card\" content=\"summary_large_image\" \/>\n<meta name=\"twitter:label1\" content=\"Escrito por\" \/>\n\t<meta name=\"twitter:data1\" content=\"Daniel Matos\" \/>\n\t<meta name=\"twitter:label2\" content=\"Est. tempo de leitura\" \/>\n\t<meta name=\"twitter:data2\" content=\"3 minutos\" \/>\n<script type=\"application\/ld+json\" class=\"yoast-schema-graph\">{\"@context\":\"https:\/\/schema.org\",\"@graph\":[{\"@type\":\"WebPage\",\"@id\":\"https:\/\/www.blogsoestado.com\/danielmatos\/julio-filho-fortalece-alianca-com-sindicato-em-evento-do-dia-do-comerciario\/\",\"url\":\"https:\/\/www.blogsoestado.com\/danielmatos\/julio-filho-fortalece-alianca-com-sindicato-em-evento-do-dia-do-comerciario\/\",\"name\":\"J\u00falio Filho fortalece alian\u00e7a com sindicato em evento do Dia do Comerci\u00e1rio - Daniel Matos\",\"isPartOf\":{\"@id\":\"https:\/\/www.blogsoestado.com\/danielmatos\/#website\"},\"primaryImageOfPage\":{\"@id\":\"https:\/\/www.blogsoestado.com\/danielmatos\/julio-filho-fortalece-alianca-com-sindicato-em-evento-do-dia-do-comerciario\/#primaryimage\"},\"image\":{\"@id\":\"https:\/\/www.blogsoestado.com\/danielmatos\/julio-filho-fortalece-alianca-com-sindicato-em-evento-do-dia-do-comerciario\/#primaryimage\"},\"thumbnailUrl\":\"https:\/\/www.blogsoestado.com\/danielmatos\/wp-content\/uploads\/sites\/2\/2025\/10\/1004034049-1024x682.jpg\",\"datePublished\":\"2025-10-21T14:30:36+00:00\",\"dateModified\":\"2025-10-21T14:30:39+00:00\",\"author\":{\"@id\":\"https:\/\/www.blogsoestado.com\/danielmatos\/#\/schema\/person\/9a209d407cd45631f131e1285b661bb0\"},\"breadcrumb\":{\"@id\":\"https:\/\/www.blogsoestado.com\/danielmatos\/julio-filho-fortalece-alianca-com-sindicato-em-evento-do-dia-do-comerciario\/#breadcrumb\"},\"inLanguage\":\"pt-BR\",\"potentialAction\":[{\"@type\":\"ReadAction\",\"target\":[\"https:\/\/www.blogsoestado.com\/danielmatos\/julio-filho-fortalece-alianca-com-sindicato-em-evento-do-dia-do-comerciario\/\"]}]},{\"@type\":\"ImageObject\",\"inLanguage\":\"pt-BR\",\"@id\":\"https:\/\/www.blogsoestado.com\/danielmatos\/julio-filho-fortalece-alianca-com-sindicato-em-evento-do-dia-do-comerciario\/#primaryimage\",\"url\":\"https:\/\/www.blogsoestado.com\/danielmatos\/wp-content\/uploads\/sites\/2\/2025\/10\/1004034049.jpg\",\"contentUrl\":\"https:\/\/www.blogsoestado.com\/danielmatos\/wp-content\/uploads\/sites\/2\/2025\/10\/1004034049.jpg\",\"width\":1600,\"height\":1066},{\"@type\":\"BreadcrumbList\",\"@id\":\"https:\/\/www.blogsoestado.com\/danielmatos\/julio-filho-fortalece-alianca-com-sindicato-em-evento-do-dia-do-comerciario\/#breadcrumb\",\"itemListElement\":[{\"@type\":\"ListItem\",\"position\":1,\"name\":\"In\u00edcio\",\"item\":\"https:\/\/www.blogsoestado.com\/danielmatos\/\"},{\"@type\":\"ListItem\",\"position\":2,\"name\":\"J\u00falio Filho fortalece alian\u00e7a com sindicato em evento do Dia do Comerci\u00e1rio\"}]},{\"@type\":\"WebSite\",\"@id\":\"https:\/\/www.blogsoestado.com\/danielmatos\/#website\",\"url\":\"https:\/\/www.blogsoestado.com\/danielmatos\/\",\"name\":\"Daniel Matos\",\"description\":\"\",\"potentialAction\":[{\"@type\":\"SearchAction\",\"target\":{\"@type\":\"EntryPoint\",\"urlTemplate\":\"https:\/\/www.blogsoestado.com\/danielmatos\/?s={search_term_string}\"},\"query-input\":{\"@type\":\"PropertyValueSpecification\",\"valueRequired\":true,\"valueName\":\"search_term_string\"}}],\"inLanguage\":\"pt-BR\"},{\"@type\":\"Person\",\"@id\":\"https:\/\/www.blogsoestado.com\/danielmatos\/#\/schema\/person\/9a209d407cd45631f131e1285b661bb0\",\"name\":\"Daniel Matos\",\"image\":{\"@type\":\"ImageObject\",\"inLanguage\":\"pt-BR\",\"@id\":\"https:\/\/www.blogsoestado.com\/danielmatos\/#\/schema\/person\/image\/\",\"url\":\"https:\/\/secure.gravatar.com\/avatar\/2f26c36ee355da19a257f0dfef43952a2588b324ca35d6719e859fe338ac0392?s=96&d=mm&r=g\",\"contentUrl\":\"https:\/\/secure.gravatar.com\/avatar\/2f26c36ee355da19a257f0dfef43952a2588b324ca35d6719e859fe338ac0392?s=96&d=mm&r=g\",\"caption\":\"Daniel Matos\"},\"url\":\"https:\/\/www.blogsoestado.com\/danielmatos\/author\/danielmatos\/\"}]}<\/script>\n<!-- \/ Yoast SEO plugin. -->","yoast_head_json":{"title":"J\u00falio Filho fortalece alian\u00e7a com sindicato em evento do Dia do Comerci\u00e1rio - Daniel Matos","robots":{"index":"index","follow":"follow","max-snippet":"max-snippet:-1","max-image-preview":"max-image-preview:large","max-video-preview":"max-video-preview:-1"},"canonical":"https:\/\/www.blogsoestado.com\/danielmatos\/julio-filho-fortalece-alianca-com-sindicato-em-evento-do-dia-do-comerciario\/","og_locale":"pt_BR","og_type":"article","og_title":"J\u00falio Filho fortalece alian\u00e7a com sindicato em evento do Dia do Comerci\u00e1rio - Daniel Matos","og_description":"A ascens\u00e3o pol\u00edtica do atual presidente do Partido Liberal (PL) de S\u00e3o Jos\u00e9 de Ribamar e pr\u00e9-candidato a deputado estadual, [&hellip;]","og_url":"https:\/\/www.blogsoestado.com\/danielmatos\/julio-filho-fortalece-alianca-com-sindicato-em-evento-do-dia-do-comerciario\/","og_site_name":"Daniel Matos","article_published_time":"2025-10-21T14:30:36+00:00","article_modified_time":"2025-10-21T14:30:39+00:00","og_image":[{"width":1600,"height":1066,"url":"https:\/\/www.blogsoestado.com\/danielmatos\/wp-content\/uploads\/sites\/2\/2025\/10\/1004034049.jpg","type":"image\/jpeg"}],"author":"Daniel Matos","twitter_card":"summary_large_image","twitter_misc":{"Escrito por":"Daniel Matos","Est. tempo de leitura":"3 minutos"},"schema":{"@context":"https:\/\/schema.org","@graph":[{"@type":"WebPage","@id":"https:\/\/www.blogsoestado.com\/danielmatos\/julio-filho-fortalece-alianca-com-sindicato-em-evento-do-dia-do-comerciario\/","url":"https:\/\/www.blogsoestado.com\/danielmatos\/julio-filho-fortalece-alianca-com-sindicato-em-evento-do-dia-do-comerciario\/","name":"J\u00falio Filho fortalece alian\u00e7a com sindicato em evento do Dia do Comerci\u00e1rio - Daniel Matos","isPartOf":{"@id":"https:\/\/www.blogsoestado.com\/danielmatos\/#website"},"primaryImageOfPage":{"@id":"https:\/\/www.blogsoestado.com\/danielmatos\/julio-filho-fortalece-alianca-com-sindicato-em-evento-do-dia-do-comerciario\/#primaryimage"},"image":{"@id":"https:\/\/www.blogsoestado.com\/danielmatos\/julio-filho-fortalece-alianca-com-sindicato-em-evento-do-dia-do-comerciario\/#primaryimage"},"thumbnailUrl":"https:\/\/www.blogsoestado.com\/danielmatos\/wp-content\/uploads\/sites\/2\/2025\/10\/1004034049-1024x682.jpg","datePublished":"2025-10-21T14:30:36+00:00","dateModified":"2025-10-21T14:30:39+00:00","author":{"@id":"https:\/\/www.blogsoestado.com\/danielmatos\/#\/schema\/person\/9a209d407cd45631f131e1285b661bb0"},"breadcrumb":{"@id":"https:\/\/www.blogsoestado.com\/danielmatos\/julio-filho-fortalece-alianca-com-sindicato-em-evento-do-dia-do-comerciario\/#breadcrumb"},"inLanguage":"pt-BR","potentialAction":[{"@type":"ReadAction","target":["https:\/\/www.blogsoestado.com\/danielmatos\/julio-filho-fortalece-alianca-com-sindicato-em-evento-do-dia-do-comerciario\/"]}]},{"@type":"ImageObject","inLanguage":"pt-BR","@id":"https:\/\/www.blogsoestado.com\/danielmatos\/julio-filho-fortalece-alianca-com-sindicato-em-evento-do-dia-do-comerciario\/#primaryimage","url":"https:\/\/www.blogsoestado.com\/danielmatos\/wp-content\/uploads\/sites\/2\/2025\/10\/1004034049.jpg","contentUrl":"https:\/\/www.blogsoestado.com\/danielmatos\/wp-content\/uploads\/sites\/2\/2025\/10\/1004034049.jpg","width":1600,"height":1066},{"@type":"BreadcrumbList","@id":"https:\/\/www.blogsoestado.com\/danielmatos\/julio-filho-fortalece-alianca-com-sindicato-em-evento-do-dia-do-comerciario\/#breadcrumb","itemListElement":[{"@type":"ListItem","position":1,"name":"In\u00edcio","item":"https:\/\/www.blogsoestado.com\/danielmatos\/"},{"@type":"ListItem","position":2,"name":"J\u00falio Filho fortalece alian\u00e7a com sindicato em evento do Dia do Comerci\u00e1rio"}]},{"@type":"WebSite","@id":"https:\/\/www.blogsoestado.com\/danielmatos\/#website","url":"https:\/\/www.blogsoestado.com\/danielmatos\/","name":"Daniel Matos","description":"","potentialAction":[{"@type":"SearchAction","target":{"@type":"EntryPoint","urlTemplate":"https:\/\/www.blogsoestado.com\/danielmatos\/?s={search_term_string}"},"query-input":{"@type":"PropertyValueSpecification","valueRequired":true,"valueName":"search_term_string"}}],"inLanguage":"pt-BR"},{"@type":"Person","@id":"https:\/\/www.blogsoestado.com\/danielmatos\/#\/schema\/person\/9a209d407cd45631f131e1285b661bb0","name":"Daniel Matos","image":{"@type":"ImageObject","inLanguage":"pt-BR","@id":"https:\/\/www.blogsoestado.com\/danielmatos\/#\/schema\/person\/image\/","url":"https:\/\/secure.gravatar.com\/avatar\/2f26c36ee355da19a257f0dfef43952a2588b324ca35d6719e859fe338ac0392?s=96&d=mm&r=g","contentUrl":"https:\/\/secure.gravatar.com\/avatar\/2f26c36ee355da19a257f0dfef43952a2588b324ca35d6719e859fe338ac0392?s=96&d=mm&r=g","caption":"Daniel Matos"},"url":"https:\/\/www.blogsoestado.com\/danielmatos\/author\/danielmatos\/"}]}},"jetpack_featured_media_url":"","_links":{"self":[{"href":"https:\/\/www.blogsoestado.com\/danielmatos\/wp-json\/wp\/v2\/posts\/149851","targetHints":{"allow":["GET"]}}],"collection":[{"href":"https:\/\/www.blogsoestado.com\/danielmatos\/wp-json\/wp\/v2\/posts"}],"about":[{"href":"https:\/\/www.blogsoestado.com\/danielmatos\/wp-json\/wp\/v2\/types\/post"}],"author":[{"embeddable":true,"href":"https:\/\/www.blogsoestado.com\/danielmatos\/wp-json\/wp\/v2\/users\/2"}],"replies":[{"embeddable":true,"href":"https:\/\/www.blogsoestado.com\/danielmatos\/wp-json\/wp\/v2\/comments?post=149851"}],"version-history":[{"count":1,"href":"https:\/\/www.blogsoestado.com\/danielmatos\/wp-json\/wp\/v2\/posts\/149851\/revisions"}],"predecessor-version":[{"id":149858,"href":"https:\/\/www.blogsoestado.com\/danielmatos\/wp-json\/wp\/v2\/posts\/149851\/revisions\/149858"}],"wp:attachment":[{"href":"https:\/\/www.blogsoestado.com\/danielmatos\/wp-json\/wp\/v2\/media?parent=149851"}],"wp:term":[{"taxonomy":"category","embeddable":true,"href":"https:\/\/www.blogsoestado.com\/danielmatos\/wp-json\/wp\/v2\/categories?post=149851"},{"taxonomy":"post_tag","embeddable":true,"href":"https:\/\/www.blogsoestado.com\/danielmatos\/wp-json\/wp\/v2\/tags?post=149851"}],"curies":[{"name":"wp","href":"https:\/\/api.w.org\/{rel}","templated":true}]}}