{"id":150032,"date":"2025-10-24T14:47:47","date_gmt":"2025-10-24T17:47:47","guid":{"rendered":"https:\/\/www.blogsoestado.com\/danielmatos\/?p=150032"},"modified":"2025-10-24T14:47:54","modified_gmt":"2025-10-24T17:47:54","slug":"carreta-da-mulher-maranhense-tera-edicao-especial-no-parque-da-lagoa-da-jansen-neste-sabado-25","status":"publish","type":"post","link":"https:\/\/www.blogsoestado.com\/danielmatos\/carreta-da-mulher-maranhense-tera-edicao-especial-no-parque-da-lagoa-da-jansen-neste-sabado-25\/","title":{"rendered":"Carreta da Mulher Maranhense ter\u00e1 edi\u00e7\u00e3o especial no Parque da Lagoa da Jansen neste s\u00e1bado (25)"},"content":{"rendered":"\n<figure class=\"wp-block-image aligncenter size-large\"><img fetchpriority=\"high\" decoding=\"async\" width=\"821\" height=\"1024\" src=\"https:\/\/www.blogsoestado.com\/danielmatos\/wp-content\/uploads\/sites\/2\/2025\/10\/1004069371-821x1024.png\" alt=\"\" class=\"wp-image-150033\" srcset=\"https:\/\/www.blogsoestado.com\/danielmatos\/wp-content\/uploads\/sites\/2\/2025\/10\/1004069371-821x1024.png 821w, https:\/\/www.blogsoestado.com\/danielmatos\/wp-content\/uploads\/sites\/2\/2025\/10\/1004069371-241x300.png 241w, https:\/\/www.blogsoestado.com\/danielmatos\/wp-content\/uploads\/sites\/2\/2025\/10\/1004069371-768x958.png 768w, https:\/\/www.blogsoestado.com\/danielmatos\/wp-content\/uploads\/sites\/2\/2025\/10\/1004069371.png 1080w\" sizes=\"(max-width: 821px) 100vw, 821px\" \/><\/figure>\n\n\n\n<p>Ap\u00f3s atender centenas de mulheres em diversos parques administrados pela Secretaria de Estado de Governo (Segov) em S\u00e3o Lu\u00eds, como os do Itapirac\u00f3, da Vila Palmeira e do Rangedor, a campanha Maranh\u00e3o Rosa 2025, com a Carreta da Mulher Maranhense, chega neste s\u00e1bado (25) ao Complexo da Lagoa da Jansen.<br><br>A a\u00e7\u00e3o, realizada em parceria pela Segov e secretarias estaduais de Sa\u00fade (SES) e da Mulher (Semu), come\u00e7a \u00e0s 8h e vai oferecer uma s\u00e9rie de servi\u00e7os voltados \u00e0 sa\u00fade da popula\u00e7\u00e3o, entre eles, mamografia; exames preventivos e vacina\u00e7\u00e3o.<\/p>\n\n\n\n<p>A entrada \u00e9 gratuita, aberta \u00e0s mulheres e ser\u00e1 realizada em frente \u00e0 Arena Domingos Leal, na Ponta D&#8217;areia, em S\u00e3o Lu\u00eds.<\/p>\n\n\n\n<p><strong>SERVI\u00c7O:<\/strong><\/p>\n\n\n\n<p><strong>O qu\u00ea:<\/strong>&nbsp;Carreta da Mulher Maranhense no Parque da Lagoa da Jansen, em S\u00e3o Lu\u00eds<\/p>\n\n\n\n<p><strong>Quando:<\/strong>&nbsp;S\u00e1bado (25), a partir das 8h<\/p>\n\n\n\n<p><strong>Onde:<\/strong>&nbsp;Complexo da Lagoa da Jansen \u2013 em frente \u00e0 Arena Domingos Leal<\/p>\n\n\n\n<p><strong>Sugest\u00e3o de porta-vozes:<\/strong>&nbsp;Bernardo Leite, Secret\u00e1rio Adjunto da Segov, e mulheres atendidas pelos servi\u00e7os do Maranh\u00e3o Rosa.<\/p>\n","protected":false},"excerpt":{"rendered":"<p>Ap\u00f3s atender centenas de mulheres em diversos parques administrados pela Secretaria de Estado de Governo (Segov) em S\u00e3o Lu\u00eds, como [&hellip;]<\/p>\n","protected":false},"author":2,"featured_media":0,"comment_status":"open","ping_status":"open","sticky":false,"template":"","format":"standard","meta":{"site-sidebar-layout":"default","site-content-layout":"","ast-site-content-layout":"default","site-content-style":"default","site-sidebar-style":"default","ast-global-header-display":"","ast-banner-title-visibility":"","ast-main-header-display":"","ast-hfb-above-header-display":"","ast-hfb-below-header-display":"","ast-hfb-mobile-header-display":"","site-post-title":"","ast-breadcrumbs-content":"","ast-featured-img":"","footer-sml-layout":"","ast-disable-related-posts":"","theme-transparent-header-meta":"","adv-header-id-meta":"","stick-header-meta":"","header-above-stick-meta":"","header-main-stick-meta":"","header-below-stick-meta":"","astra-migrate-meta-layouts":"default","ast-page-background-enabled":"default","ast-page-background-meta":{"desktop":{"background-color":"var(--ast-global-color-5)","background-image":"","background-repeat":"repeat","background-position":"center center","background-size":"auto","background-attachment":"scroll","background-type":"","background-media":"","overlay-type":"","overlay-color":"","overlay-opacity":"","overlay-gradient":""},"tablet":{"background-color":"","background-image":"","background-repeat":"repeat","background-position":"center center","background-size":"auto","background-attachment":"scroll","background-type":"","background-media":"","overlay-type":"","overlay-color":"","overlay-opacity":"","overlay-gradient":""},"mobile":{"background-color":"","background-image":"","background-repeat":"repeat","background-position":"center center","background-size":"auto","background-attachment":"scroll","background-type":"","background-media":"","overlay-type":"","overlay-color":"","overlay-opacity":"","overlay-gradient":""}},"ast-content-background-meta":{"desktop":{"background-color":"var(--ast-global-color-4)","background-image":"","background-repeat":"repeat","background-position":"center center","background-size":"auto","background-attachment":"scroll","background-type":"","background-media":"","overlay-type":"","overlay-color":"","overlay-opacity":"","overlay-gradient":""},"tablet":{"background-color":"var(--ast-global-color-4)","background-image":"","background-repeat":"repeat","background-position":"center center","background-size":"auto","background-attachment":"scroll","background-type":"","background-media":"","overlay-type":"","overlay-color":"","overlay-opacity":"","overlay-gradient":""},"mobile":{"background-color":"var(--ast-global-color-4)","background-image":"","background-repeat":"repeat","background-position":"center center","background-size":"auto","background-attachment":"scroll","background-type":"","background-media":"","overlay-type":"","overlay-color":"","overlay-opacity":"","overlay-gradient":""}},"footnotes":""},"categories":[1],"tags":[],"class_list":["post-150032","post","type-post","status-publish","format-standard","hentry","category-sem-categoria"],"yoast_head":"<!-- This site is optimized with the Yoast SEO plugin v26.6 - https:\/\/yoast.com\/wordpress\/plugins\/seo\/ -->\n<title>Carreta da Mulher Maranhense ter\u00e1 edi\u00e7\u00e3o especial no Parque da Lagoa da Jansen neste s\u00e1bado (25) - Daniel Matos<\/title>\n<meta name=\"robots\" content=\"index, follow, max-snippet:-1, max-image-preview:large, max-video-preview:-1\" \/>\n<link rel=\"canonical\" href=\"https:\/\/www.blogsoestado.com\/danielmatos\/carreta-da-mulher-maranhense-tera-edicao-especial-no-parque-da-lagoa-da-jansen-neste-sabado-25\/\" \/>\n<meta property=\"og:locale\" content=\"pt_BR\" \/>\n<meta property=\"og:type\" content=\"article\" \/>\n<meta property=\"og:title\" content=\"Carreta da Mulher Maranhense ter\u00e1 edi\u00e7\u00e3o especial no Parque da Lagoa da Jansen neste s\u00e1bado (25) - Daniel Matos\" \/>\n<meta property=\"og:description\" content=\"Ap\u00f3s atender centenas de mulheres em diversos parques administrados pela Secretaria de Estado de Governo (Segov) em S\u00e3o Lu\u00eds, como [&hellip;]\" \/>\n<meta property=\"og:url\" content=\"https:\/\/www.blogsoestado.com\/danielmatos\/carreta-da-mulher-maranhense-tera-edicao-especial-no-parque-da-lagoa-da-jansen-neste-sabado-25\/\" \/>\n<meta property=\"og:site_name\" content=\"Daniel Matos\" \/>\n<meta property=\"article:published_time\" content=\"2025-10-24T17:47:47+00:00\" \/>\n<meta property=\"article:modified_time\" content=\"2025-10-24T17:47:54+00:00\" \/>\n<meta property=\"og:image\" content=\"https:\/\/www.blogsoestado.com\/danielmatos\/wp-content\/uploads\/sites\/2\/2025\/10\/1004069371.png\" \/>\n\t<meta property=\"og:image:width\" content=\"1080\" \/>\n\t<meta property=\"og:image:height\" content=\"1347\" \/>\n\t<meta property=\"og:image:type\" content=\"image\/png\" \/>\n<meta name=\"author\" content=\"Daniel Matos\" \/>\n<meta name=\"twitter:card\" content=\"summary_large_image\" \/>\n<meta name=\"twitter:label1\" content=\"Escrito por\" \/>\n\t<meta name=\"twitter:data1\" content=\"Daniel Matos\" \/>\n\t<meta name=\"twitter:label2\" content=\"Est. tempo de leitura\" \/>\n\t<meta name=\"twitter:data2\" content=\"2 minutos\" \/>\n<script type=\"application\/ld+json\" class=\"yoast-schema-graph\">{\"@context\":\"https:\/\/schema.org\",\"@graph\":[{\"@type\":\"WebPage\",\"@id\":\"https:\/\/www.blogsoestado.com\/danielmatos\/carreta-da-mulher-maranhense-tera-edicao-especial-no-parque-da-lagoa-da-jansen-neste-sabado-25\/\",\"url\":\"https:\/\/www.blogsoestado.com\/danielmatos\/carreta-da-mulher-maranhense-tera-edicao-especial-no-parque-da-lagoa-da-jansen-neste-sabado-25\/\",\"name\":\"Carreta da Mulher Maranhense ter\u00e1 edi\u00e7\u00e3o especial no Parque da Lagoa da Jansen neste s\u00e1bado (25) - Daniel Matos\",\"isPartOf\":{\"@id\":\"https:\/\/www.blogsoestado.com\/danielmatos\/#website\"},\"primaryImageOfPage\":{\"@id\":\"https:\/\/www.blogsoestado.com\/danielmatos\/carreta-da-mulher-maranhense-tera-edicao-especial-no-parque-da-lagoa-da-jansen-neste-sabado-25\/#primaryimage\"},\"image\":{\"@id\":\"https:\/\/www.blogsoestado.com\/danielmatos\/carreta-da-mulher-maranhense-tera-edicao-especial-no-parque-da-lagoa-da-jansen-neste-sabado-25\/#primaryimage\"},\"thumbnailUrl\":\"https:\/\/www.blogsoestado.com\/danielmatos\/wp-content\/uploads\/sites\/2\/2025\/10\/1004069371-821x1024.png\",\"datePublished\":\"2025-10-24T17:47:47+00:00\",\"dateModified\":\"2025-10-24T17:47:54+00:00\",\"author\":{\"@id\":\"https:\/\/www.blogsoestado.com\/danielmatos\/#\/schema\/person\/9a209d407cd45631f131e1285b661bb0\"},\"breadcrumb\":{\"@id\":\"https:\/\/www.blogsoestado.com\/danielmatos\/carreta-da-mulher-maranhense-tera-edicao-especial-no-parque-da-lagoa-da-jansen-neste-sabado-25\/#breadcrumb\"},\"inLanguage\":\"pt-BR\",\"potentialAction\":[{\"@type\":\"ReadAction\",\"target\":[\"https:\/\/www.blogsoestado.com\/danielmatos\/carreta-da-mulher-maranhense-tera-edicao-especial-no-parque-da-lagoa-da-jansen-neste-sabado-25\/\"]}]},{\"@type\":\"ImageObject\",\"inLanguage\":\"pt-BR\",\"@id\":\"https:\/\/www.blogsoestado.com\/danielmatos\/carreta-da-mulher-maranhense-tera-edicao-especial-no-parque-da-lagoa-da-jansen-neste-sabado-25\/#primaryimage\",\"url\":\"https:\/\/www.blogsoestado.com\/danielmatos\/wp-content\/uploads\/sites\/2\/2025\/10\/1004069371.png\",\"contentUrl\":\"https:\/\/www.blogsoestado.com\/danielmatos\/wp-content\/uploads\/sites\/2\/2025\/10\/1004069371.png\",\"width\":1080,\"height\":1347},{\"@type\":\"BreadcrumbList\",\"@id\":\"https:\/\/www.blogsoestado.com\/danielmatos\/carreta-da-mulher-maranhense-tera-edicao-especial-no-parque-da-lagoa-da-jansen-neste-sabado-25\/#breadcrumb\",\"itemListElement\":[{\"@type\":\"ListItem\",\"position\":1,\"name\":\"In\u00edcio\",\"item\":\"https:\/\/www.blogsoestado.com\/danielmatos\/\"},{\"@type\":\"ListItem\",\"position\":2,\"name\":\"Carreta da Mulher Maranhense ter\u00e1 edi\u00e7\u00e3o especial no Parque da Lagoa da Jansen neste s\u00e1bado (25)\"}]},{\"@type\":\"WebSite\",\"@id\":\"https:\/\/www.blogsoestado.com\/danielmatos\/#website\",\"url\":\"https:\/\/www.blogsoestado.com\/danielmatos\/\",\"name\":\"Daniel Matos\",\"description\":\"\",\"potentialAction\":[{\"@type\":\"SearchAction\",\"target\":{\"@type\":\"EntryPoint\",\"urlTemplate\":\"https:\/\/www.blogsoestado.com\/danielmatos\/?s={search_term_string}\"},\"query-input\":{\"@type\":\"PropertyValueSpecification\",\"valueRequired\":true,\"valueName\":\"search_term_string\"}}],\"inLanguage\":\"pt-BR\"},{\"@type\":\"Person\",\"@id\":\"https:\/\/www.blogsoestado.com\/danielmatos\/#\/schema\/person\/9a209d407cd45631f131e1285b661bb0\",\"name\":\"Daniel Matos\",\"image\":{\"@type\":\"ImageObject\",\"inLanguage\":\"pt-BR\",\"@id\":\"https:\/\/www.blogsoestado.com\/danielmatos\/#\/schema\/person\/image\/\",\"url\":\"https:\/\/secure.gravatar.com\/avatar\/2f26c36ee355da19a257f0dfef43952a2588b324ca35d6719e859fe338ac0392?s=96&d=mm&r=g\",\"contentUrl\":\"https:\/\/secure.gravatar.com\/avatar\/2f26c36ee355da19a257f0dfef43952a2588b324ca35d6719e859fe338ac0392?s=96&d=mm&r=g\",\"caption\":\"Daniel Matos\"},\"url\":\"https:\/\/www.blogsoestado.com\/danielmatos\/author\/danielmatos\/\"}]}<\/script>\n<!-- \/ Yoast SEO plugin. -->","yoast_head_json":{"title":"Carreta da Mulher Maranhense ter\u00e1 edi\u00e7\u00e3o especial no Parque da Lagoa da Jansen neste s\u00e1bado (25) - Daniel Matos","robots":{"index":"index","follow":"follow","max-snippet":"max-snippet:-1","max-image-preview":"max-image-preview:large","max-video-preview":"max-video-preview:-1"},"canonical":"https:\/\/www.blogsoestado.com\/danielmatos\/carreta-da-mulher-maranhense-tera-edicao-especial-no-parque-da-lagoa-da-jansen-neste-sabado-25\/","og_locale":"pt_BR","og_type":"article","og_title":"Carreta da Mulher Maranhense ter\u00e1 edi\u00e7\u00e3o especial no Parque da Lagoa da Jansen neste s\u00e1bado (25) - Daniel Matos","og_description":"Ap\u00f3s atender centenas de mulheres em diversos parques administrados pela Secretaria de Estado de Governo (Segov) em S\u00e3o Lu\u00eds, como [&hellip;]","og_url":"https:\/\/www.blogsoestado.com\/danielmatos\/carreta-da-mulher-maranhense-tera-edicao-especial-no-parque-da-lagoa-da-jansen-neste-sabado-25\/","og_site_name":"Daniel Matos","article_published_time":"2025-10-24T17:47:47+00:00","article_modified_time":"2025-10-24T17:47:54+00:00","og_image":[{"width":1080,"height":1347,"url":"https:\/\/www.blogsoestado.com\/danielmatos\/wp-content\/uploads\/sites\/2\/2025\/10\/1004069371.png","type":"image\/png"}],"author":"Daniel Matos","twitter_card":"summary_large_image","twitter_misc":{"Escrito por":"Daniel Matos","Est. tempo de leitura":"2 minutos"},"schema":{"@context":"https:\/\/schema.org","@graph":[{"@type":"WebPage","@id":"https:\/\/www.blogsoestado.com\/danielmatos\/carreta-da-mulher-maranhense-tera-edicao-especial-no-parque-da-lagoa-da-jansen-neste-sabado-25\/","url":"https:\/\/www.blogsoestado.com\/danielmatos\/carreta-da-mulher-maranhense-tera-edicao-especial-no-parque-da-lagoa-da-jansen-neste-sabado-25\/","name":"Carreta da Mulher Maranhense ter\u00e1 edi\u00e7\u00e3o especial no Parque da Lagoa da Jansen neste s\u00e1bado (25) - Daniel Matos","isPartOf":{"@id":"https:\/\/www.blogsoestado.com\/danielmatos\/#website"},"primaryImageOfPage":{"@id":"https:\/\/www.blogsoestado.com\/danielmatos\/carreta-da-mulher-maranhense-tera-edicao-especial-no-parque-da-lagoa-da-jansen-neste-sabado-25\/#primaryimage"},"image":{"@id":"https:\/\/www.blogsoestado.com\/danielmatos\/carreta-da-mulher-maranhense-tera-edicao-especial-no-parque-da-lagoa-da-jansen-neste-sabado-25\/#primaryimage"},"thumbnailUrl":"https:\/\/www.blogsoestado.com\/danielmatos\/wp-content\/uploads\/sites\/2\/2025\/10\/1004069371-821x1024.png","datePublished":"2025-10-24T17:47:47+00:00","dateModified":"2025-10-24T17:47:54+00:00","author":{"@id":"https:\/\/www.blogsoestado.com\/danielmatos\/#\/schema\/person\/9a209d407cd45631f131e1285b661bb0"},"breadcrumb":{"@id":"https:\/\/www.blogsoestado.com\/danielmatos\/carreta-da-mulher-maranhense-tera-edicao-especial-no-parque-da-lagoa-da-jansen-neste-sabado-25\/#breadcrumb"},"inLanguage":"pt-BR","potentialAction":[{"@type":"ReadAction","target":["https:\/\/www.blogsoestado.com\/danielmatos\/carreta-da-mulher-maranhense-tera-edicao-especial-no-parque-da-lagoa-da-jansen-neste-sabado-25\/"]}]},{"@type":"ImageObject","inLanguage":"pt-BR","@id":"https:\/\/www.blogsoestado.com\/danielmatos\/carreta-da-mulher-maranhense-tera-edicao-especial-no-parque-da-lagoa-da-jansen-neste-sabado-25\/#primaryimage","url":"https:\/\/www.blogsoestado.com\/danielmatos\/wp-content\/uploads\/sites\/2\/2025\/10\/1004069371.png","contentUrl":"https:\/\/www.blogsoestado.com\/danielmatos\/wp-content\/uploads\/sites\/2\/2025\/10\/1004069371.png","width":1080,"height":1347},{"@type":"BreadcrumbList","@id":"https:\/\/www.blogsoestado.com\/danielmatos\/carreta-da-mulher-maranhense-tera-edicao-especial-no-parque-da-lagoa-da-jansen-neste-sabado-25\/#breadcrumb","itemListElement":[{"@type":"ListItem","position":1,"name":"In\u00edcio","item":"https:\/\/www.blogsoestado.com\/danielmatos\/"},{"@type":"ListItem","position":2,"name":"Carreta da Mulher Maranhense ter\u00e1 edi\u00e7\u00e3o especial no Parque da Lagoa da Jansen neste s\u00e1bado (25)"}]},{"@type":"WebSite","@id":"https:\/\/www.blogsoestado.com\/danielmatos\/#website","url":"https:\/\/www.blogsoestado.com\/danielmatos\/","name":"Daniel Matos","description":"","potentialAction":[{"@type":"SearchAction","target":{"@type":"EntryPoint","urlTemplate":"https:\/\/www.blogsoestado.com\/danielmatos\/?s={search_term_string}"},"query-input":{"@type":"PropertyValueSpecification","valueRequired":true,"valueName":"search_term_string"}}],"inLanguage":"pt-BR"},{"@type":"Person","@id":"https:\/\/www.blogsoestado.com\/danielmatos\/#\/schema\/person\/9a209d407cd45631f131e1285b661bb0","name":"Daniel Matos","image":{"@type":"ImageObject","inLanguage":"pt-BR","@id":"https:\/\/www.blogsoestado.com\/danielmatos\/#\/schema\/person\/image\/","url":"https:\/\/secure.gravatar.com\/avatar\/2f26c36ee355da19a257f0dfef43952a2588b324ca35d6719e859fe338ac0392?s=96&d=mm&r=g","contentUrl":"https:\/\/secure.gravatar.com\/avatar\/2f26c36ee355da19a257f0dfef43952a2588b324ca35d6719e859fe338ac0392?s=96&d=mm&r=g","caption":"Daniel Matos"},"url":"https:\/\/www.blogsoestado.com\/danielmatos\/author\/danielmatos\/"}]}},"jetpack_featured_media_url":"","_links":{"self":[{"href":"https:\/\/www.blogsoestado.com\/danielmatos\/wp-json\/wp\/v2\/posts\/150032","targetHints":{"allow":["GET"]}}],"collection":[{"href":"https:\/\/www.blogsoestado.com\/danielmatos\/wp-json\/wp\/v2\/posts"}],"about":[{"href":"https:\/\/www.blogsoestado.com\/danielmatos\/wp-json\/wp\/v2\/types\/post"}],"author":[{"embeddable":true,"href":"https:\/\/www.blogsoestado.com\/danielmatos\/wp-json\/wp\/v2\/users\/2"}],"replies":[{"embeddable":true,"href":"https:\/\/www.blogsoestado.com\/danielmatos\/wp-json\/wp\/v2\/comments?post=150032"}],"version-history":[{"count":1,"href":"https:\/\/www.blogsoestado.com\/danielmatos\/wp-json\/wp\/v2\/posts\/150032\/revisions"}],"predecessor-version":[{"id":150034,"href":"https:\/\/www.blogsoestado.com\/danielmatos\/wp-json\/wp\/v2\/posts\/150032\/revisions\/150034"}],"wp:attachment":[{"href":"https:\/\/www.blogsoestado.com\/danielmatos\/wp-json\/wp\/v2\/media?parent=150032"}],"wp:term":[{"taxonomy":"category","embeddable":true,"href":"https:\/\/www.blogsoestado.com\/danielmatos\/wp-json\/wp\/v2\/categories?post=150032"},{"taxonomy":"post_tag","embeddable":true,"href":"https:\/\/www.blogsoestado.com\/danielmatos\/wp-json\/wp\/v2\/tags?post=150032"}],"curies":[{"name":"wp","href":"https:\/\/api.w.org\/{rel}","templated":true}]}}