{"id":150046,"date":"2025-10-24T22:45:09","date_gmt":"2025-10-25T01:45:09","guid":{"rendered":"https:\/\/www.blogsoestado.com\/danielmatos\/?p=150046"},"modified":"2025-10-24T22:45:12","modified_gmt":"2025-10-25T01:45:12","slug":"equatorial-maranhao-e-defensoria-publica-do-estado-promovem-campanha-de-negociacao-de-dividas-de-energia-eletrica","status":"publish","type":"post","link":"https:\/\/www.blogsoestado.com\/danielmatos\/equatorial-maranhao-e-defensoria-publica-do-estado-promovem-campanha-de-negociacao-de-dividas-de-energia-eletrica\/","title":{"rendered":"Equatorial Maranh\u00e3o e Defensoria P\u00fablica do Estado promovem campanha de negocia\u00e7\u00e3o de d\u00edvidas de energia el\u00e9trica"},"content":{"rendered":"\n<figure class=\"wp-block-image aligncenter size-large\"><img fetchpriority=\"high\" decoding=\"async\" width=\"1024\" height=\"678\" src=\"https:\/\/www.blogsoestado.com\/danielmatos\/wp-content\/uploads\/sites\/2\/2025\/10\/1004074334-1024x678.jpg\" alt=\"\" class=\"wp-image-150047\" srcset=\"https:\/\/www.blogsoestado.com\/danielmatos\/wp-content\/uploads\/sites\/2\/2025\/10\/1004074334-1024x678.jpg 1024w, https:\/\/www.blogsoestado.com\/danielmatos\/wp-content\/uploads\/sites\/2\/2025\/10\/1004074334-300x199.jpg 300w, https:\/\/www.blogsoestado.com\/danielmatos\/wp-content\/uploads\/sites\/2\/2025\/10\/1004074334-768x509.jpg 768w, https:\/\/www.blogsoestado.com\/danielmatos\/wp-content\/uploads\/sites\/2\/2025\/10\/1004074334.jpg 1279w\" sizes=\"(max-width: 1024px) 100vw, 1024px\" \/><figcaption class=\"wp-element-caption\">Equatorial Maranh\u00e3o, em parceria com a Defensoria P\u00fablica do Maranh\u00e3o, lan\u00e7ou uma campanha especial de negocia\u00e7\u00e3o de d\u00edvidas de energia el\u00e9trica, que ser\u00e1 realizada at\u00e9 o dia 30 de novembro <\/figcaption><\/figure>\n\n\n\n<p>Parceria busca beneficiar consumidores em situa\u00e7\u00e3o de vulnerabilidade com descontos e atendimento especializado<br>A Equatorial Maranh\u00e3o, em parceria com a Defensoria P\u00fablica do Maranh\u00e3o, lan\u00e7ou uma campanha especial de negocia\u00e7\u00e3o de d\u00edvidas de energia el\u00e9trica, que ser\u00e1 realizada at\u00e9 o dia 30 de novembro. A a\u00e7\u00e3o tem como objetivo oferecer descontos na regulariza\u00e7\u00e3o de faturas atrasadas e proporcionar condi\u00e7\u00f5es facilitadas para a quita\u00e7\u00e3o dos d\u00e9bitos.<\/p>\n\n\n\n<p>Como parte da iniciativa, est\u00e3o sendo realizados atendimentos especiais para auxiliar os clientes na renegocia\u00e7\u00e3o das d\u00edvidas. Os atendimentos ocorrem de forma fixa, todas as quintas-feiras, pela manh\u00e3 e tarde, no N\u00facleo de Defesa do Consumidor, localizado na sede da Defensoria P\u00fablica, na Avenida J\u00fanior Coimbra, S\/N, no bairro Renascen\u00e7a II, em S\u00e3o Lu\u00eds.<br>Grande a\u00e7\u00e3o de negocia\u00e7\u00e3o de d\u00e9bitos na Vila Esperan\u00e7a (Zona Rural)<\/p>\n\n\n\n<p>Nesta sexta-feira, dia 24 de outubro, das 8h \u00e0s 12h, a unidade da Defensoria P\u00fablica da Zona Rural, localizada na BR-135, km 5, Vila Esperan\u00e7a (ao lado do Senai do Distrito Industrial), receber\u00e1 uma a\u00e7\u00e3o especial da Equatorial Maranh\u00e3o, com foco principal na negocia\u00e7\u00e3o de d\u00e9bitos de energia el\u00e9trica.<\/p>\n\n\n\n<p>Durante o evento, consumidores tamb\u00e9m poder\u00e3o acessar servi\u00e7os como cadastro na Tarifa Social de Energia El\u00e9trica, abertura de servi\u00e7os e informa\u00e7\u00f5es gerais.<\/p>\n\n\n\n<figure class=\"wp-block-image aligncenter size-large\"><img decoding=\"async\" width=\"1024\" height=\"718\" src=\"https:\/\/www.blogsoestado.com\/danielmatos\/wp-content\/uploads\/sites\/2\/2025\/10\/1004074335-1024x718.jpg\" alt=\"\" class=\"wp-image-150048\" srcset=\"https:\/\/www.blogsoestado.com\/danielmatos\/wp-content\/uploads\/sites\/2\/2025\/10\/1004074335-1024x718.jpg 1024w, https:\/\/www.blogsoestado.com\/danielmatos\/wp-content\/uploads\/sites\/2\/2025\/10\/1004074335-300x210.jpg 300w, https:\/\/www.blogsoestado.com\/danielmatos\/wp-content\/uploads\/sites\/2\/2025\/10\/1004074335-768x539.jpg 768w, https:\/\/www.blogsoestado.com\/danielmatos\/wp-content\/uploads\/sites\/2\/2025\/10\/1004074335-1536x1077.jpg 1536w, https:\/\/www.blogsoestado.com\/danielmatos\/wp-content\/uploads\/sites\/2\/2025\/10\/1004074335.jpg 1600w\" sizes=\"(max-width: 1024px) 100vw, 1024px\" \/><figcaption class=\"wp-element-caption\">A campanha \u00e9 uma oportunidade \u00fanica que refor\u00e7a o compromisso da Equatorial com a dignidade e o bem-estar dos maranhenses<\/figcaption><\/figure>\n\n\n\n<p><strong>Programa Descont\u00e3o Social: oportunidade imperd\u00edvel<\/strong><\/p>\n\n\n\n<p>Como parte do programa Descont\u00e3o Social, os clientes que j\u00e1 est\u00e3o cadastrados na Tarifa Social e consomem at\u00e9 80 kWh por m\u00eas ter\u00e3o condi\u00e7\u00f5es especiais para negociar suas d\u00edvidas, com descontos de at\u00e9 40%, entrada facilitada a partir de 5% do valor ou R$ 200, parcelamento em at\u00e9 120 vezes e 100% de isen\u00e7\u00e3o de juros, multas e corre\u00e7\u00e3o. A iniciativa busca facilitar o acesso dos consumidores em situa\u00e7\u00e3o de vulnerabilidade \u00e0 regulariza\u00e7\u00e3o de suas contas de energia e \u00e0 manuten\u00e7\u00e3o do fornecimento do servi\u00e7o essencial.<\/p>\n\n\n\n<p>Essa \u00e9 uma oportunidade \u00fanica que refor\u00e7a o compromisso da Equatorial com a dignidade e o bem-estar dos maranhenses, oferecendo alternativas justas e acess\u00edveis para que as fam\u00edlias consigam regularizar suas contas e manter o fornecimento de energia.<\/p>\n\n\n\n<p>Para ter acesso ao \u201cDescont\u00e3o Social\u201d, \u00e9 fundamental manter o cadastro atualizado no Cad\u00danico junto ao CRAS do munic\u00edpio, requisito essencial para garantir a manuten\u00e7\u00e3o do benef\u00edcio da Tarifa Social de Energia El\u00e9trica.<\/p>\n\n\n\n<p><strong>Servi\u00e7o<\/strong>:<\/p>\n\n\n\n<p>O qu\u00ea: Equatorial Maranh\u00e3o e Defensoria P\u00fablica do Estado promovem<br>campanha de negocia\u00e7\u00e3o de d\u00edvidas de energia el\u00e9trica;<br>Atendimento fixo: Todas as quintas-feiras, manh\u00e3 e tarde;<br>Local: N\u00facleo de Defesa do Consumidor na sede da Defensoria P\u00fablica do Estado &#8211; Avenida J\u00fanior Coimbra, S\/N, no bairro Renascen\u00e7a II, em S\u00e3o Lu\u00eds;<br>Atendimento especial: 24 de outubro (sexta-feira);<br>Hor\u00e1rio: Das 08h \u00e0s 12h;<br>Local: N\u00facleo da Defensoria na Zona Rural \u2013 BR-135, KM 05, Vila Esperan\u00e7a (ao lado do Senai do Distrito Industrial);<br>Importante: Levar documentos pessoais com foto!<\/p>\n","protected":false},"excerpt":{"rendered":"<p>Parceria busca beneficiar consumidores em situa\u00e7\u00e3o de vulnerabilidade com descontos e atendimento especializadoA Equatorial Maranh\u00e3o, em parceria com a Defensoria [&hellip;]<\/p>\n","protected":false},"author":2,"featured_media":0,"comment_status":"open","ping_status":"open","sticky":false,"template":"","format":"standard","meta":{"site-sidebar-layout":"default","site-content-layout":"","ast-site-content-layout":"default","site-content-style":"default","site-sidebar-style":"default","ast-global-header-display":"","ast-banner-title-visibility":"","ast-main-header-display":"","ast-hfb-above-header-display":"","ast-hfb-below-header-display":"","ast-hfb-mobile-header-display":"","site-post-title":"","ast-breadcrumbs-content":"","ast-featured-img":"","footer-sml-layout":"","ast-disable-related-posts":"","theme-transparent-header-meta":"","adv-header-id-meta":"","stick-header-meta":"","header-above-stick-meta":"","header-main-stick-meta":"","header-below-stick-meta":"","astra-migrate-meta-layouts":"default","ast-page-background-enabled":"default","ast-page-background-meta":{"desktop":{"background-color":"var(--ast-global-color-5)","background-image":"","background-repeat":"repeat","background-position":"center center","background-size":"auto","background-attachment":"scroll","background-type":"","background-media":"","overlay-type":"","overlay-color":"","overlay-opacity":"","overlay-gradient":""},"tablet":{"background-color":"","background-image":"","background-repeat":"repeat","background-position":"center center","background-size":"auto","background-attachment":"scroll","background-type":"","background-media":"","overlay-type":"","overlay-color":"","overlay-opacity":"","overlay-gradient":""},"mobile":{"background-color":"","background-image":"","background-repeat":"repeat","background-position":"center center","background-size":"auto","background-attachment":"scroll","background-type":"","background-media":"","overlay-type":"","overlay-color":"","overlay-opacity":"","overlay-gradient":""}},"ast-content-background-meta":{"desktop":{"background-color":"var(--ast-global-color-4)","background-image":"","background-repeat":"repeat","background-position":"center center","background-size":"auto","background-attachment":"scroll","background-type":"","background-media":"","overlay-type":"","overlay-color":"","overlay-opacity":"","overlay-gradient":""},"tablet":{"background-color":"var(--ast-global-color-4)","background-image":"","background-repeat":"repeat","background-position":"center center","background-size":"auto","background-attachment":"scroll","background-type":"","background-media":"","overlay-type":"","overlay-color":"","overlay-opacity":"","overlay-gradient":""},"mobile":{"background-color":"var(--ast-global-color-4)","background-image":"","background-repeat":"repeat","background-position":"center center","background-size":"auto","background-attachment":"scroll","background-type":"","background-media":"","overlay-type":"","overlay-color":"","overlay-opacity":"","overlay-gradient":""}},"footnotes":""},"categories":[1],"tags":[],"class_list":["post-150046","post","type-post","status-publish","format-standard","hentry","category-sem-categoria"],"yoast_head":"<!-- This site is optimized with the Yoast SEO plugin v26.6 - https:\/\/yoast.com\/wordpress\/plugins\/seo\/ -->\n<title>Equatorial Maranh\u00e3o e Defensoria P\u00fablica do Estado promovem campanha de negocia\u00e7\u00e3o de d\u00edvidas de energia el\u00e9trica - Daniel Matos<\/title>\n<meta name=\"robots\" content=\"index, follow, max-snippet:-1, max-image-preview:large, max-video-preview:-1\" \/>\n<link rel=\"canonical\" href=\"https:\/\/www.blogsoestado.com\/danielmatos\/equatorial-maranhao-e-defensoria-publica-do-estado-promovem-campanha-de-negociacao-de-dividas-de-energia-eletrica\/\" \/>\n<meta property=\"og:locale\" content=\"pt_BR\" \/>\n<meta property=\"og:type\" content=\"article\" \/>\n<meta property=\"og:title\" content=\"Equatorial Maranh\u00e3o e Defensoria P\u00fablica do Estado promovem campanha de negocia\u00e7\u00e3o de d\u00edvidas de energia el\u00e9trica - Daniel Matos\" \/>\n<meta property=\"og:description\" content=\"Parceria busca beneficiar consumidores em situa\u00e7\u00e3o de vulnerabilidade com descontos e atendimento especializadoA Equatorial Maranh\u00e3o, em parceria com a Defensoria [&hellip;]\" \/>\n<meta property=\"og:url\" content=\"https:\/\/www.blogsoestado.com\/danielmatos\/equatorial-maranhao-e-defensoria-publica-do-estado-promovem-campanha-de-negociacao-de-dividas-de-energia-eletrica\/\" \/>\n<meta property=\"og:site_name\" content=\"Daniel Matos\" \/>\n<meta property=\"article:published_time\" content=\"2025-10-25T01:45:09+00:00\" \/>\n<meta property=\"article:modified_time\" content=\"2025-10-25T01:45:12+00:00\" \/>\n<meta property=\"og:image\" content=\"https:\/\/www.blogsoestado.com\/danielmatos\/wp-content\/uploads\/sites\/2\/2025\/10\/1004074334.jpg\" \/>\n\t<meta property=\"og:image:width\" content=\"1279\" \/>\n\t<meta property=\"og:image:height\" content=\"847\" \/>\n\t<meta property=\"og:image:type\" content=\"image\/jpeg\" \/>\n<meta name=\"author\" content=\"Daniel Matos\" \/>\n<meta name=\"twitter:card\" content=\"summary_large_image\" \/>\n<meta name=\"twitter:label1\" content=\"Escrito por\" \/>\n\t<meta name=\"twitter:data1\" content=\"Daniel Matos\" \/>\n\t<meta name=\"twitter:label2\" content=\"Est. tempo de leitura\" \/>\n\t<meta name=\"twitter:data2\" content=\"4 minutos\" \/>\n<script type=\"application\/ld+json\" class=\"yoast-schema-graph\">{\"@context\":\"https:\/\/schema.org\",\"@graph\":[{\"@type\":\"WebPage\",\"@id\":\"https:\/\/www.blogsoestado.com\/danielmatos\/equatorial-maranhao-e-defensoria-publica-do-estado-promovem-campanha-de-negociacao-de-dividas-de-energia-eletrica\/\",\"url\":\"https:\/\/www.blogsoestado.com\/danielmatos\/equatorial-maranhao-e-defensoria-publica-do-estado-promovem-campanha-de-negociacao-de-dividas-de-energia-eletrica\/\",\"name\":\"Equatorial Maranh\u00e3o e Defensoria P\u00fablica do Estado promovem campanha de negocia\u00e7\u00e3o de d\u00edvidas de energia el\u00e9trica - Daniel Matos\",\"isPartOf\":{\"@id\":\"https:\/\/www.blogsoestado.com\/danielmatos\/#website\"},\"primaryImageOfPage\":{\"@id\":\"https:\/\/www.blogsoestado.com\/danielmatos\/equatorial-maranhao-e-defensoria-publica-do-estado-promovem-campanha-de-negociacao-de-dividas-de-energia-eletrica\/#primaryimage\"},\"image\":{\"@id\":\"https:\/\/www.blogsoestado.com\/danielmatos\/equatorial-maranhao-e-defensoria-publica-do-estado-promovem-campanha-de-negociacao-de-dividas-de-energia-eletrica\/#primaryimage\"},\"thumbnailUrl\":\"https:\/\/www.blogsoestado.com\/danielmatos\/wp-content\/uploads\/sites\/2\/2025\/10\/1004074334-1024x678.jpg\",\"datePublished\":\"2025-10-25T01:45:09+00:00\",\"dateModified\":\"2025-10-25T01:45:12+00:00\",\"author\":{\"@id\":\"https:\/\/www.blogsoestado.com\/danielmatos\/#\/schema\/person\/9a209d407cd45631f131e1285b661bb0\"},\"breadcrumb\":{\"@id\":\"https:\/\/www.blogsoestado.com\/danielmatos\/equatorial-maranhao-e-defensoria-publica-do-estado-promovem-campanha-de-negociacao-de-dividas-de-energia-eletrica\/#breadcrumb\"},\"inLanguage\":\"pt-BR\",\"potentialAction\":[{\"@type\":\"ReadAction\",\"target\":[\"https:\/\/www.blogsoestado.com\/danielmatos\/equatorial-maranhao-e-defensoria-publica-do-estado-promovem-campanha-de-negociacao-de-dividas-de-energia-eletrica\/\"]}]},{\"@type\":\"ImageObject\",\"inLanguage\":\"pt-BR\",\"@id\":\"https:\/\/www.blogsoestado.com\/danielmatos\/equatorial-maranhao-e-defensoria-publica-do-estado-promovem-campanha-de-negociacao-de-dividas-de-energia-eletrica\/#primaryimage\",\"url\":\"https:\/\/www.blogsoestado.com\/danielmatos\/wp-content\/uploads\/sites\/2\/2025\/10\/1004074334.jpg\",\"contentUrl\":\"https:\/\/www.blogsoestado.com\/danielmatos\/wp-content\/uploads\/sites\/2\/2025\/10\/1004074334.jpg\",\"width\":1279,\"height\":847},{\"@type\":\"BreadcrumbList\",\"@id\":\"https:\/\/www.blogsoestado.com\/danielmatos\/equatorial-maranhao-e-defensoria-publica-do-estado-promovem-campanha-de-negociacao-de-dividas-de-energia-eletrica\/#breadcrumb\",\"itemListElement\":[{\"@type\":\"ListItem\",\"position\":1,\"name\":\"In\u00edcio\",\"item\":\"https:\/\/www.blogsoestado.com\/danielmatos\/\"},{\"@type\":\"ListItem\",\"position\":2,\"name\":\"Equatorial Maranh\u00e3o e Defensoria P\u00fablica do Estado promovem campanha de negocia\u00e7\u00e3o de d\u00edvidas de energia el\u00e9trica\"}]},{\"@type\":\"WebSite\",\"@id\":\"https:\/\/www.blogsoestado.com\/danielmatos\/#website\",\"url\":\"https:\/\/www.blogsoestado.com\/danielmatos\/\",\"name\":\"Daniel Matos\",\"description\":\"\",\"potentialAction\":[{\"@type\":\"SearchAction\",\"target\":{\"@type\":\"EntryPoint\",\"urlTemplate\":\"https:\/\/www.blogsoestado.com\/danielmatos\/?s={search_term_string}\"},\"query-input\":{\"@type\":\"PropertyValueSpecification\",\"valueRequired\":true,\"valueName\":\"search_term_string\"}}],\"inLanguage\":\"pt-BR\"},{\"@type\":\"Person\",\"@id\":\"https:\/\/www.blogsoestado.com\/danielmatos\/#\/schema\/person\/9a209d407cd45631f131e1285b661bb0\",\"name\":\"Daniel Matos\",\"image\":{\"@type\":\"ImageObject\",\"inLanguage\":\"pt-BR\",\"@id\":\"https:\/\/www.blogsoestado.com\/danielmatos\/#\/schema\/person\/image\/\",\"url\":\"https:\/\/secure.gravatar.com\/avatar\/2f26c36ee355da19a257f0dfef43952a2588b324ca35d6719e859fe338ac0392?s=96&d=mm&r=g\",\"contentUrl\":\"https:\/\/secure.gravatar.com\/avatar\/2f26c36ee355da19a257f0dfef43952a2588b324ca35d6719e859fe338ac0392?s=96&d=mm&r=g\",\"caption\":\"Daniel Matos\"},\"url\":\"https:\/\/www.blogsoestado.com\/danielmatos\/author\/danielmatos\/\"}]}<\/script>\n<!-- \/ Yoast SEO plugin. -->","yoast_head_json":{"title":"Equatorial Maranh\u00e3o e Defensoria P\u00fablica do Estado promovem campanha de negocia\u00e7\u00e3o de d\u00edvidas de energia el\u00e9trica - Daniel Matos","robots":{"index":"index","follow":"follow","max-snippet":"max-snippet:-1","max-image-preview":"max-image-preview:large","max-video-preview":"max-video-preview:-1"},"canonical":"https:\/\/www.blogsoestado.com\/danielmatos\/equatorial-maranhao-e-defensoria-publica-do-estado-promovem-campanha-de-negociacao-de-dividas-de-energia-eletrica\/","og_locale":"pt_BR","og_type":"article","og_title":"Equatorial Maranh\u00e3o e Defensoria P\u00fablica do Estado promovem campanha de negocia\u00e7\u00e3o de d\u00edvidas de energia el\u00e9trica - Daniel Matos","og_description":"Parceria busca beneficiar consumidores em situa\u00e7\u00e3o de vulnerabilidade com descontos e atendimento especializadoA Equatorial Maranh\u00e3o, em parceria com a Defensoria [&hellip;]","og_url":"https:\/\/www.blogsoestado.com\/danielmatos\/equatorial-maranhao-e-defensoria-publica-do-estado-promovem-campanha-de-negociacao-de-dividas-de-energia-eletrica\/","og_site_name":"Daniel Matos","article_published_time":"2025-10-25T01:45:09+00:00","article_modified_time":"2025-10-25T01:45:12+00:00","og_image":[{"width":1279,"height":847,"url":"https:\/\/www.blogsoestado.com\/danielmatos\/wp-content\/uploads\/sites\/2\/2025\/10\/1004074334.jpg","type":"image\/jpeg"}],"author":"Daniel Matos","twitter_card":"summary_large_image","twitter_misc":{"Escrito por":"Daniel Matos","Est. tempo de leitura":"4 minutos"},"schema":{"@context":"https:\/\/schema.org","@graph":[{"@type":"WebPage","@id":"https:\/\/www.blogsoestado.com\/danielmatos\/equatorial-maranhao-e-defensoria-publica-do-estado-promovem-campanha-de-negociacao-de-dividas-de-energia-eletrica\/","url":"https:\/\/www.blogsoestado.com\/danielmatos\/equatorial-maranhao-e-defensoria-publica-do-estado-promovem-campanha-de-negociacao-de-dividas-de-energia-eletrica\/","name":"Equatorial Maranh\u00e3o e Defensoria P\u00fablica do Estado promovem campanha de negocia\u00e7\u00e3o de d\u00edvidas de energia el\u00e9trica - Daniel Matos","isPartOf":{"@id":"https:\/\/www.blogsoestado.com\/danielmatos\/#website"},"primaryImageOfPage":{"@id":"https:\/\/www.blogsoestado.com\/danielmatos\/equatorial-maranhao-e-defensoria-publica-do-estado-promovem-campanha-de-negociacao-de-dividas-de-energia-eletrica\/#primaryimage"},"image":{"@id":"https:\/\/www.blogsoestado.com\/danielmatos\/equatorial-maranhao-e-defensoria-publica-do-estado-promovem-campanha-de-negociacao-de-dividas-de-energia-eletrica\/#primaryimage"},"thumbnailUrl":"https:\/\/www.blogsoestado.com\/danielmatos\/wp-content\/uploads\/sites\/2\/2025\/10\/1004074334-1024x678.jpg","datePublished":"2025-10-25T01:45:09+00:00","dateModified":"2025-10-25T01:45:12+00:00","author":{"@id":"https:\/\/www.blogsoestado.com\/danielmatos\/#\/schema\/person\/9a209d407cd45631f131e1285b661bb0"},"breadcrumb":{"@id":"https:\/\/www.blogsoestado.com\/danielmatos\/equatorial-maranhao-e-defensoria-publica-do-estado-promovem-campanha-de-negociacao-de-dividas-de-energia-eletrica\/#breadcrumb"},"inLanguage":"pt-BR","potentialAction":[{"@type":"ReadAction","target":["https:\/\/www.blogsoestado.com\/danielmatos\/equatorial-maranhao-e-defensoria-publica-do-estado-promovem-campanha-de-negociacao-de-dividas-de-energia-eletrica\/"]}]},{"@type":"ImageObject","inLanguage":"pt-BR","@id":"https:\/\/www.blogsoestado.com\/danielmatos\/equatorial-maranhao-e-defensoria-publica-do-estado-promovem-campanha-de-negociacao-de-dividas-de-energia-eletrica\/#primaryimage","url":"https:\/\/www.blogsoestado.com\/danielmatos\/wp-content\/uploads\/sites\/2\/2025\/10\/1004074334.jpg","contentUrl":"https:\/\/www.blogsoestado.com\/danielmatos\/wp-content\/uploads\/sites\/2\/2025\/10\/1004074334.jpg","width":1279,"height":847},{"@type":"BreadcrumbList","@id":"https:\/\/www.blogsoestado.com\/danielmatos\/equatorial-maranhao-e-defensoria-publica-do-estado-promovem-campanha-de-negociacao-de-dividas-de-energia-eletrica\/#breadcrumb","itemListElement":[{"@type":"ListItem","position":1,"name":"In\u00edcio","item":"https:\/\/www.blogsoestado.com\/danielmatos\/"},{"@type":"ListItem","position":2,"name":"Equatorial Maranh\u00e3o e Defensoria P\u00fablica do Estado promovem campanha de negocia\u00e7\u00e3o de d\u00edvidas de energia el\u00e9trica"}]},{"@type":"WebSite","@id":"https:\/\/www.blogsoestado.com\/danielmatos\/#website","url":"https:\/\/www.blogsoestado.com\/danielmatos\/","name":"Daniel Matos","description":"","potentialAction":[{"@type":"SearchAction","target":{"@type":"EntryPoint","urlTemplate":"https:\/\/www.blogsoestado.com\/danielmatos\/?s={search_term_string}"},"query-input":{"@type":"PropertyValueSpecification","valueRequired":true,"valueName":"search_term_string"}}],"inLanguage":"pt-BR"},{"@type":"Person","@id":"https:\/\/www.blogsoestado.com\/danielmatos\/#\/schema\/person\/9a209d407cd45631f131e1285b661bb0","name":"Daniel Matos","image":{"@type":"ImageObject","inLanguage":"pt-BR","@id":"https:\/\/www.blogsoestado.com\/danielmatos\/#\/schema\/person\/image\/","url":"https:\/\/secure.gravatar.com\/avatar\/2f26c36ee355da19a257f0dfef43952a2588b324ca35d6719e859fe338ac0392?s=96&d=mm&r=g","contentUrl":"https:\/\/secure.gravatar.com\/avatar\/2f26c36ee355da19a257f0dfef43952a2588b324ca35d6719e859fe338ac0392?s=96&d=mm&r=g","caption":"Daniel Matos"},"url":"https:\/\/www.blogsoestado.com\/danielmatos\/author\/danielmatos\/"}]}},"jetpack_featured_media_url":"","_links":{"self":[{"href":"https:\/\/www.blogsoestado.com\/danielmatos\/wp-json\/wp\/v2\/posts\/150046","targetHints":{"allow":["GET"]}}],"collection":[{"href":"https:\/\/www.blogsoestado.com\/danielmatos\/wp-json\/wp\/v2\/posts"}],"about":[{"href":"https:\/\/www.blogsoestado.com\/danielmatos\/wp-json\/wp\/v2\/types\/post"}],"author":[{"embeddable":true,"href":"https:\/\/www.blogsoestado.com\/danielmatos\/wp-json\/wp\/v2\/users\/2"}],"replies":[{"embeddable":true,"href":"https:\/\/www.blogsoestado.com\/danielmatos\/wp-json\/wp\/v2\/comments?post=150046"}],"version-history":[{"count":1,"href":"https:\/\/www.blogsoestado.com\/danielmatos\/wp-json\/wp\/v2\/posts\/150046\/revisions"}],"predecessor-version":[{"id":150049,"href":"https:\/\/www.blogsoestado.com\/danielmatos\/wp-json\/wp\/v2\/posts\/150046\/revisions\/150049"}],"wp:attachment":[{"href":"https:\/\/www.blogsoestado.com\/danielmatos\/wp-json\/wp\/v2\/media?parent=150046"}],"wp:term":[{"taxonomy":"category","embeddable":true,"href":"https:\/\/www.blogsoestado.com\/danielmatos\/wp-json\/wp\/v2\/categories?post=150046"},{"taxonomy":"post_tag","embeddable":true,"href":"https:\/\/www.blogsoestado.com\/danielmatos\/wp-json\/wp\/v2\/tags?post=150046"}],"curies":[{"name":"wp","href":"https:\/\/api.w.org\/{rel}","templated":true}]}}