{"id":150069,"date":"2025-10-25T11:26:40","date_gmt":"2025-10-25T14:26:40","guid":{"rendered":"https:\/\/www.blogsoestado.com\/danielmatos\/?p=150069"},"modified":"2025-10-25T11:26:43","modified_gmt":"2025-10-25T14:26:43","slug":"alema-homenageia-paulo-braid-e-plinio-tuzzolo-com-medalha-manuel-beckman-e-titulo-de-cidadao-maranhense","status":"publish","type":"post","link":"https:\/\/www.blogsoestado.com\/danielmatos\/alema-homenageia-paulo-braid-e-plinio-tuzzolo-com-medalha-manuel-beckman-e-titulo-de-cidadao-maranhense\/","title":{"rendered":"Alema homenageia Paulo Braid e Plinio T\u00fazzolo com Medalha Manuel Beckman e T\u00edtulo de Cidad\u00e3o Maranhense"},"content":{"rendered":"\n<p><strong><mark style=\"color:#cf2e2e\" class=\"has-inline-color\">As honrarias foram propostas pelo deputado Glalbert Cutrim, que destacou a import\u00e2ncia das duas personalidades principalmente para a \u00e1rea da Sa\u00fade<\/mark><\/strong><\/p>\n\n\n\n<figure class=\"wp-block-image aligncenter size-large\"><img fetchpriority=\"high\" decoding=\"async\" width=\"1024\" height=\"683\" src=\"https:\/\/www.blogsoestado.com\/danielmatos\/wp-content\/uploads\/sites\/2\/2025\/10\/1004077421-1024x683.jpg\" alt=\"\" class=\"wp-image-150073\" srcset=\"https:\/\/www.blogsoestado.com\/danielmatos\/wp-content\/uploads\/sites\/2\/2025\/10\/1004077421-1024x683.jpg 1024w, https:\/\/www.blogsoestado.com\/danielmatos\/wp-content\/uploads\/sites\/2\/2025\/10\/1004077421-300x200.jpg 300w, https:\/\/www.blogsoestado.com\/danielmatos\/wp-content\/uploads\/sites\/2\/2025\/10\/1004077421-768x512.jpg 768w, https:\/\/www.blogsoestado.com\/danielmatos\/wp-content\/uploads\/sites\/2\/2025\/10\/1004077421.jpg 1280w\" sizes=\"(max-width: 1024px) 100vw, 1024px\" \/><figcaption class=\"wp-element-caption\">Pl\u00ednio T\u00fazzolo recebe o T\u00edtulo de Cidad\u00e3o Maranhense das m\u00e3os do deputado estadual Glalbert Cutrim<\/figcaption><\/figure>\n\n\n\n<p>Assembleia Legislativa do Maranh\u00e3o realizou, na manh\u00e3 desta sexta-feira (24), no Plen\u00e1rio Nagib Haickel, sess\u00e3o solene para entrega da Medalha Manuel Beckman ao empres\u00e1rio Paulo Braid Ribeiro e do T\u00edtulo de Cidad\u00e3o Maranhense ao administrador hospitalar Pl\u00ednio Val\u00e9rio T\u00fazzolo, diretor-geral do Hospital do Servidor Estadual (Hospital S\u00e3o Lu\u00eds \u2013 HSLZ). As homenagens foram propostas pelo deputado estadual Glalbert Cutrim, que destacou a import\u00e2ncia das duas personalidades para o desenvolvimento do Maranh\u00e3o, especialmente na \u00e1rea da sa\u00fade.<\/p>\n\n\n\n<p>\u201cEstou muito feliz de poder homenagear dois grandes homens que prestam excelente servi\u00e7o ao povo do Maranh\u00e3o. Medalha para o Dr. Paulo Braid, que \u00e9 uma pessoa que luta, que veio de baixo, ajuda as pessoas e, hoje, tem como lema sempre fazer o bem e cuidar da sa\u00fade da popula\u00e7\u00e3o do Maranh\u00e3o. E o Dr. Pl\u00ednio, que veio de S\u00e3o Paulo, h\u00e1 25 anos, est\u00e1 aqui conosco, sempre trabalhou na \u00e1rea da sa\u00fade como gestor de diversos hospitais p\u00fablicos . Fico muito feliz de poder homenage\u00e1-los com a maior honraria da Casa e o T\u00edtulo de Cidad\u00e3o Maranhense\u201d, afirmou Glalbert Cutrim.<\/p>\n\n\n\n<figure class=\"wp-block-image aligncenter size-large\"><img decoding=\"async\" width=\"1024\" height=\"682\" src=\"https:\/\/www.blogsoestado.com\/danielmatos\/wp-content\/uploads\/sites\/2\/2025\/10\/1004077374-1024x682.jpg\" alt=\"\" class=\"wp-image-150070\" srcset=\"https:\/\/www.blogsoestado.com\/danielmatos\/wp-content\/uploads\/sites\/2\/2025\/10\/1004077374-1024x682.jpg 1024w, https:\/\/www.blogsoestado.com\/danielmatos\/wp-content\/uploads\/sites\/2\/2025\/10\/1004077374-300x200.jpg 300w, https:\/\/www.blogsoestado.com\/danielmatos\/wp-content\/uploads\/sites\/2\/2025\/10\/1004077374-768x511.jpg 768w, https:\/\/www.blogsoestado.com\/danielmatos\/wp-content\/uploads\/sites\/2\/2025\/10\/1004077374.jpg 1280w\" sizes=\"(max-width: 1024px) 100vw, 1024px\" \/><figcaption class=\"wp-element-caption\">Pl\u00ednio Val\u00e9rio T\u00fazzolo recebe o T\u00edtulo de Cidad\u00e3o Maranhense em reconhecimento \u00e0 sua contribui\u00e7\u00e3o de mais de 35 anos \u00e0 gest\u00e3o hospitalar no Maranh\u00e3o<\/figcaption><\/figure>\n\n\n\n<p><strong>Reconhecimento<\/strong><\/p>\n\n\n\n<p>A Medalha Manuel Beckman, concedida a Paulo Braid Ribeiro, \u00e9 a mais alta honraria concedida pelo Parlamento Estadual e que reconhece personalidades que contribuem de forma relevante para o progresso do estado.<\/p>\n\n\n\n<p>Com uma trajet\u00f3ria marcada pelo empreendedorismo e pela solidariedade, Paulo Braid iniciou a carreira como vendedor aut\u00f4nomo de livros e seguros e tornou-se empres\u00e1rio de destaque em diversos segmentos, especialmente na \u00e1rea da sa\u00fade.<\/p>\n\n\n\n<figure class=\"wp-block-image aligncenter size-large\"><img decoding=\"async\" width=\"1024\" height=\"682\" src=\"https:\/\/www.blogsoestado.com\/danielmatos\/wp-content\/uploads\/sites\/2\/2025\/10\/1004077385-1024x682.jpg\" alt=\"\" class=\"wp-image-150071\" srcset=\"https:\/\/www.blogsoestado.com\/danielmatos\/wp-content\/uploads\/sites\/2\/2025\/10\/1004077385-1024x682.jpg 1024w, https:\/\/www.blogsoestado.com\/danielmatos\/wp-content\/uploads\/sites\/2\/2025\/10\/1004077385-300x200.jpg 300w, https:\/\/www.blogsoestado.com\/danielmatos\/wp-content\/uploads\/sites\/2\/2025\/10\/1004077385-768x511.jpg 768w, https:\/\/www.blogsoestado.com\/danielmatos\/wp-content\/uploads\/sites\/2\/2025\/10\/1004077385.jpg 1280w\" sizes=\"(max-width: 1024px) 100vw, 1024px\" \/><figcaption class=\"wp-element-caption\">Paulo Braid Ribeiro recebe a Medalha Manuel Beckman das m\u00e3os do deputado Glalbert Cutrim, propositor da honraria<\/figcaption><\/figure>\n\n\n\n<p>\u201c\u00c9 uma honra muito grande. Isso nos dignifica bastante, enriquece, inclusive. Para mim, essa medalha ficar\u00e1 sempre em meu cora\u00e7\u00e3o. A gratid\u00e3o e o reconhecimento ao nosso esfor\u00e7o e \u00e0 nossa luta, promovendo sa\u00fade de qualidade como nosso objetivo\u201d, disse Paulo Braid.<\/p>\n\n\n\n<p><strong>Compromisso e dedica\u00e7\u00e3o<\/strong><\/p>\n\n\n\n<p>J\u00e1 o T\u00edtulo de Cidad\u00e3o Maranhense concedido a Pl\u00ednio Val\u00e9rio T\u00fazzolo reconhece sua contribui\u00e7\u00e3o de mais de 35 anos \u00e0 gest\u00e3o hospitalar. Natural de S\u00e3o Paulo, T\u00fazzolo \u00e9 formado em Administra\u00e7\u00e3o Hospitalar pelo Instituto Brasileiro de Pesquisas Hospitalares (IPH) e em Administra\u00e7\u00e3o de Empresas pela Funda\u00e7\u00e3o Armando \u00c1lvares Penteado (FAAP).<\/p>\n\n\n\n<p>Em 2000, mudou-se para S\u00e3o Lu\u00eds para dirigir o Hospital Dr. Carlos Macieira, \u00e0 \u00e9poca sob administra\u00e7\u00e3o da Pr\u00f3-Sa\u00fade. Desde ent\u00e3o, consolidou uma trajet\u00f3ria de compromisso e dedica\u00e7\u00e3o \u00e0 sa\u00fade p\u00fablica do Maranh\u00e3o, atualmente como diretor-geral do Hospital do Servidor Estadual\/Hospital S\u00e3o Lu\u00eds (HSLZ).<\/p>\n\n\n\n<figure class=\"wp-block-image aligncenter size-large\"><img loading=\"lazy\" decoding=\"async\" width=\"1024\" height=\"682\" src=\"https:\/\/www.blogsoestado.com\/danielmatos\/wp-content\/uploads\/sites\/2\/2025\/10\/1004077393-1024x682.jpg\" alt=\"\" class=\"wp-image-150072\" srcset=\"https:\/\/www.blogsoestado.com\/danielmatos\/wp-content\/uploads\/sites\/2\/2025\/10\/1004077393-1024x682.jpg 1024w, https:\/\/www.blogsoestado.com\/danielmatos\/wp-content\/uploads\/sites\/2\/2025\/10\/1004077393-300x200.jpg 300w, https:\/\/www.blogsoestado.com\/danielmatos\/wp-content\/uploads\/sites\/2\/2025\/10\/1004077393-768x511.jpg 768w, https:\/\/www.blogsoestado.com\/danielmatos\/wp-content\/uploads\/sites\/2\/2025\/10\/1004077393.jpg 1280w\" sizes=\"(max-width: 1024px) 100vw, 1024px\" \/><figcaption class=\"wp-element-caption\">Cerim\u00f4nia contou com a presen\u00e7a de autoridades, familiares, amigos e representantes do setor da Sa\u00fade, que destacaram a trajet\u00f3ria de ambos os homenageados<\/figcaption><\/figure>\n\n\n\n<p>&#8220;\u00c9 o maior pr\u00eamio que eu poderia almejar. O reconhecimento atrav\u00e9s do Poder Legislativo e a outorga da cidadania maranhense, que me honra e me orgulha sobremaneira. Estou no Maranh\u00e3o h\u00e1 25 anos, sempre atuando na \u00e1rea de Sa\u00fade. A gente procurou desenvolver um trabalho que viesse ao encontro das necessidades de quem precisa de sa\u00fade. Quero externar aqui meu agradecimento a toda a comunidade maranhense, especialmente \u00e0s empresas que me geraram a oportunidade de estar aqui. Eu vim para ficar dois anos e j\u00e1 estou h\u00e1 25. Isso \u00e9, para mim, motivo de muito orgulho\u201d, disse Plinio Tuzzolo.<\/p>\n\n\n\n<p>A cerim\u00f4nia contou ainda com a presen\u00e7a de autoridades, familiares, amigos e representantes do setor da sa\u00fade, que destacaram a trajet\u00f3ria de ambos os homenageados e o impacto de suas atua\u00e7\u00f5es no fortalecimento do sistema hospitalar e na melhoria da qualidade de vida da popula\u00e7\u00e3o maranhense.<\/p>\n","protected":false},"excerpt":{"rendered":"<p>As honrarias foram propostas pelo deputado Glalbert Cutrim, que destacou a import\u00e2ncia das duas personalidades principalmente para a \u00e1rea da [&hellip;]<\/p>\n","protected":false},"author":2,"featured_media":0,"comment_status":"open","ping_status":"open","sticky":false,"template":"","format":"standard","meta":{"site-sidebar-layout":"default","site-content-layout":"","ast-site-content-layout":"default","site-content-style":"default","site-sidebar-style":"default","ast-global-header-display":"","ast-banner-title-visibility":"","ast-main-header-display":"","ast-hfb-above-header-display":"","ast-hfb-below-header-display":"","ast-hfb-mobile-header-display":"","site-post-title":"","ast-breadcrumbs-content":"","ast-featured-img":"","footer-sml-layout":"","ast-disable-related-posts":"","theme-transparent-header-meta":"","adv-header-id-meta":"","stick-header-meta":"","header-above-stick-meta":"","header-main-stick-meta":"","header-below-stick-meta":"","astra-migrate-meta-layouts":"default","ast-page-background-enabled":"default","ast-page-background-meta":{"desktop":{"background-color":"var(--ast-global-color-5)","background-image":"","background-repeat":"repeat","background-position":"center center","background-size":"auto","background-attachment":"scroll","background-type":"","background-media":"","overlay-type":"","overlay-color":"","overlay-opacity":"","overlay-gradient":""},"tablet":{"background-color":"","background-image":"","background-repeat":"repeat","background-position":"center center","background-size":"auto","background-attachment":"scroll","background-type":"","background-media":"","overlay-type":"","overlay-color":"","overlay-opacity":"","overlay-gradient":""},"mobile":{"background-color":"","background-image":"","background-repeat":"repeat","background-position":"center center","background-size":"auto","background-attachment":"scroll","background-type":"","background-media":"","overlay-type":"","overlay-color":"","overlay-opacity":"","overlay-gradient":""}},"ast-content-background-meta":{"desktop":{"background-color":"var(--ast-global-color-4)","background-image":"","background-repeat":"repeat","background-position":"center center","background-size":"auto","background-attachment":"scroll","background-type":"","background-media":"","overlay-type":"","overlay-color":"","overlay-opacity":"","overlay-gradient":""},"tablet":{"background-color":"var(--ast-global-color-4)","background-image":"","background-repeat":"repeat","background-position":"center center","background-size":"auto","background-attachment":"scroll","background-type":"","background-media":"","overlay-type":"","overlay-color":"","overlay-opacity":"","overlay-gradient":""},"mobile":{"background-color":"var(--ast-global-color-4)","background-image":"","background-repeat":"repeat","background-position":"center center","background-size":"auto","background-attachment":"scroll","background-type":"","background-media":"","overlay-type":"","overlay-color":"","overlay-opacity":"","overlay-gradient":""}},"footnotes":""},"categories":[1],"tags":[],"class_list":["post-150069","post","type-post","status-publish","format-standard","hentry","category-sem-categoria"],"yoast_head":"<!-- This site is optimized with the Yoast SEO plugin v26.6 - https:\/\/yoast.com\/wordpress\/plugins\/seo\/ -->\n<title>Alema homenageia Paulo Braid e Plinio T\u00fazzolo com Medalha Manuel Beckman e T\u00edtulo de Cidad\u00e3o Maranhense - Daniel Matos<\/title>\n<meta name=\"robots\" content=\"index, follow, max-snippet:-1, max-image-preview:large, max-video-preview:-1\" \/>\n<link rel=\"canonical\" href=\"https:\/\/www.blogsoestado.com\/danielmatos\/alema-homenageia-paulo-braid-e-plinio-tuzzolo-com-medalha-manuel-beckman-e-titulo-de-cidadao-maranhense\/\" \/>\n<meta property=\"og:locale\" content=\"pt_BR\" \/>\n<meta property=\"og:type\" content=\"article\" \/>\n<meta property=\"og:title\" content=\"Alema homenageia Paulo Braid e Plinio T\u00fazzolo com Medalha Manuel Beckman e T\u00edtulo de Cidad\u00e3o Maranhense - Daniel Matos\" \/>\n<meta property=\"og:description\" content=\"As honrarias foram propostas pelo deputado Glalbert Cutrim, que destacou a import\u00e2ncia das duas personalidades principalmente para a \u00e1rea da [&hellip;]\" \/>\n<meta property=\"og:url\" content=\"https:\/\/www.blogsoestado.com\/danielmatos\/alema-homenageia-paulo-braid-e-plinio-tuzzolo-com-medalha-manuel-beckman-e-titulo-de-cidadao-maranhense\/\" \/>\n<meta property=\"og:site_name\" content=\"Daniel Matos\" \/>\n<meta property=\"article:published_time\" content=\"2025-10-25T14:26:40+00:00\" \/>\n<meta property=\"article:modified_time\" content=\"2025-10-25T14:26:43+00:00\" \/>\n<meta property=\"og:image\" content=\"https:\/\/www.blogsoestado.com\/danielmatos\/wp-content\/uploads\/sites\/2\/2025\/10\/1004077421.jpg\" \/>\n\t<meta property=\"og:image:width\" content=\"1280\" \/>\n\t<meta property=\"og:image:height\" content=\"854\" \/>\n\t<meta property=\"og:image:type\" content=\"image\/jpeg\" \/>\n<meta name=\"author\" content=\"Daniel Matos\" \/>\n<meta name=\"twitter:card\" content=\"summary_large_image\" \/>\n<meta name=\"twitter:label1\" content=\"Escrito por\" \/>\n\t<meta name=\"twitter:data1\" content=\"Daniel Matos\" \/>\n\t<meta name=\"twitter:label2\" content=\"Est. tempo de leitura\" \/>\n\t<meta name=\"twitter:data2\" content=\"5 minutos\" \/>\n<script type=\"application\/ld+json\" class=\"yoast-schema-graph\">{\"@context\":\"https:\/\/schema.org\",\"@graph\":[{\"@type\":\"WebPage\",\"@id\":\"https:\/\/www.blogsoestado.com\/danielmatos\/alema-homenageia-paulo-braid-e-plinio-tuzzolo-com-medalha-manuel-beckman-e-titulo-de-cidadao-maranhense\/\",\"url\":\"https:\/\/www.blogsoestado.com\/danielmatos\/alema-homenageia-paulo-braid-e-plinio-tuzzolo-com-medalha-manuel-beckman-e-titulo-de-cidadao-maranhense\/\",\"name\":\"Alema homenageia Paulo Braid e Plinio T\u00fazzolo com Medalha Manuel Beckman e T\u00edtulo de Cidad\u00e3o Maranhense - Daniel Matos\",\"isPartOf\":{\"@id\":\"https:\/\/www.blogsoestado.com\/danielmatos\/#website\"},\"primaryImageOfPage\":{\"@id\":\"https:\/\/www.blogsoestado.com\/danielmatos\/alema-homenageia-paulo-braid-e-plinio-tuzzolo-com-medalha-manuel-beckman-e-titulo-de-cidadao-maranhense\/#primaryimage\"},\"image\":{\"@id\":\"https:\/\/www.blogsoestado.com\/danielmatos\/alema-homenageia-paulo-braid-e-plinio-tuzzolo-com-medalha-manuel-beckman-e-titulo-de-cidadao-maranhense\/#primaryimage\"},\"thumbnailUrl\":\"https:\/\/www.blogsoestado.com\/danielmatos\/wp-content\/uploads\/sites\/2\/2025\/10\/1004077421-1024x683.jpg\",\"datePublished\":\"2025-10-25T14:26:40+00:00\",\"dateModified\":\"2025-10-25T14:26:43+00:00\",\"author\":{\"@id\":\"https:\/\/www.blogsoestado.com\/danielmatos\/#\/schema\/person\/9a209d407cd45631f131e1285b661bb0\"},\"breadcrumb\":{\"@id\":\"https:\/\/www.blogsoestado.com\/danielmatos\/alema-homenageia-paulo-braid-e-plinio-tuzzolo-com-medalha-manuel-beckman-e-titulo-de-cidadao-maranhense\/#breadcrumb\"},\"inLanguage\":\"pt-BR\",\"potentialAction\":[{\"@type\":\"ReadAction\",\"target\":[\"https:\/\/www.blogsoestado.com\/danielmatos\/alema-homenageia-paulo-braid-e-plinio-tuzzolo-com-medalha-manuel-beckman-e-titulo-de-cidadao-maranhense\/\"]}]},{\"@type\":\"ImageObject\",\"inLanguage\":\"pt-BR\",\"@id\":\"https:\/\/www.blogsoestado.com\/danielmatos\/alema-homenageia-paulo-braid-e-plinio-tuzzolo-com-medalha-manuel-beckman-e-titulo-de-cidadao-maranhense\/#primaryimage\",\"url\":\"https:\/\/www.blogsoestado.com\/danielmatos\/wp-content\/uploads\/sites\/2\/2025\/10\/1004077421.jpg\",\"contentUrl\":\"https:\/\/www.blogsoestado.com\/danielmatos\/wp-content\/uploads\/sites\/2\/2025\/10\/1004077421.jpg\",\"width\":1280,\"height\":854},{\"@type\":\"BreadcrumbList\",\"@id\":\"https:\/\/www.blogsoestado.com\/danielmatos\/alema-homenageia-paulo-braid-e-plinio-tuzzolo-com-medalha-manuel-beckman-e-titulo-de-cidadao-maranhense\/#breadcrumb\",\"itemListElement\":[{\"@type\":\"ListItem\",\"position\":1,\"name\":\"In\u00edcio\",\"item\":\"https:\/\/www.blogsoestado.com\/danielmatos\/\"},{\"@type\":\"ListItem\",\"position\":2,\"name\":\"Alema homenageia Paulo Braid e Plinio T\u00fazzolo com Medalha Manuel Beckman e T\u00edtulo de Cidad\u00e3o Maranhense\"}]},{\"@type\":\"WebSite\",\"@id\":\"https:\/\/www.blogsoestado.com\/danielmatos\/#website\",\"url\":\"https:\/\/www.blogsoestado.com\/danielmatos\/\",\"name\":\"Daniel Matos\",\"description\":\"\",\"potentialAction\":[{\"@type\":\"SearchAction\",\"target\":{\"@type\":\"EntryPoint\",\"urlTemplate\":\"https:\/\/www.blogsoestado.com\/danielmatos\/?s={search_term_string}\"},\"query-input\":{\"@type\":\"PropertyValueSpecification\",\"valueRequired\":true,\"valueName\":\"search_term_string\"}}],\"inLanguage\":\"pt-BR\"},{\"@type\":\"Person\",\"@id\":\"https:\/\/www.blogsoestado.com\/danielmatos\/#\/schema\/person\/9a209d407cd45631f131e1285b661bb0\",\"name\":\"Daniel Matos\",\"image\":{\"@type\":\"ImageObject\",\"inLanguage\":\"pt-BR\",\"@id\":\"https:\/\/www.blogsoestado.com\/danielmatos\/#\/schema\/person\/image\/\",\"url\":\"https:\/\/secure.gravatar.com\/avatar\/2f26c36ee355da19a257f0dfef43952a2588b324ca35d6719e859fe338ac0392?s=96&d=mm&r=g\",\"contentUrl\":\"https:\/\/secure.gravatar.com\/avatar\/2f26c36ee355da19a257f0dfef43952a2588b324ca35d6719e859fe338ac0392?s=96&d=mm&r=g\",\"caption\":\"Daniel Matos\"},\"url\":\"https:\/\/www.blogsoestado.com\/danielmatos\/author\/danielmatos\/\"}]}<\/script>\n<!-- \/ Yoast SEO plugin. -->","yoast_head_json":{"title":"Alema homenageia Paulo Braid e Plinio T\u00fazzolo com Medalha Manuel Beckman e T\u00edtulo de Cidad\u00e3o Maranhense - Daniel Matos","robots":{"index":"index","follow":"follow","max-snippet":"max-snippet:-1","max-image-preview":"max-image-preview:large","max-video-preview":"max-video-preview:-1"},"canonical":"https:\/\/www.blogsoestado.com\/danielmatos\/alema-homenageia-paulo-braid-e-plinio-tuzzolo-com-medalha-manuel-beckman-e-titulo-de-cidadao-maranhense\/","og_locale":"pt_BR","og_type":"article","og_title":"Alema homenageia Paulo Braid e Plinio T\u00fazzolo com Medalha Manuel Beckman e T\u00edtulo de Cidad\u00e3o Maranhense - Daniel Matos","og_description":"As honrarias foram propostas pelo deputado Glalbert Cutrim, que destacou a import\u00e2ncia das duas personalidades principalmente para a \u00e1rea da [&hellip;]","og_url":"https:\/\/www.blogsoestado.com\/danielmatos\/alema-homenageia-paulo-braid-e-plinio-tuzzolo-com-medalha-manuel-beckman-e-titulo-de-cidadao-maranhense\/","og_site_name":"Daniel Matos","article_published_time":"2025-10-25T14:26:40+00:00","article_modified_time":"2025-10-25T14:26:43+00:00","og_image":[{"width":1280,"height":854,"url":"https:\/\/www.blogsoestado.com\/danielmatos\/wp-content\/uploads\/sites\/2\/2025\/10\/1004077421.jpg","type":"image\/jpeg"}],"author":"Daniel Matos","twitter_card":"summary_large_image","twitter_misc":{"Escrito por":"Daniel Matos","Est. tempo de leitura":"5 minutos"},"schema":{"@context":"https:\/\/schema.org","@graph":[{"@type":"WebPage","@id":"https:\/\/www.blogsoestado.com\/danielmatos\/alema-homenageia-paulo-braid-e-plinio-tuzzolo-com-medalha-manuel-beckman-e-titulo-de-cidadao-maranhense\/","url":"https:\/\/www.blogsoestado.com\/danielmatos\/alema-homenageia-paulo-braid-e-plinio-tuzzolo-com-medalha-manuel-beckman-e-titulo-de-cidadao-maranhense\/","name":"Alema homenageia Paulo Braid e Plinio T\u00fazzolo com Medalha Manuel Beckman e T\u00edtulo de Cidad\u00e3o Maranhense - Daniel Matos","isPartOf":{"@id":"https:\/\/www.blogsoestado.com\/danielmatos\/#website"},"primaryImageOfPage":{"@id":"https:\/\/www.blogsoestado.com\/danielmatos\/alema-homenageia-paulo-braid-e-plinio-tuzzolo-com-medalha-manuel-beckman-e-titulo-de-cidadao-maranhense\/#primaryimage"},"image":{"@id":"https:\/\/www.blogsoestado.com\/danielmatos\/alema-homenageia-paulo-braid-e-plinio-tuzzolo-com-medalha-manuel-beckman-e-titulo-de-cidadao-maranhense\/#primaryimage"},"thumbnailUrl":"https:\/\/www.blogsoestado.com\/danielmatos\/wp-content\/uploads\/sites\/2\/2025\/10\/1004077421-1024x683.jpg","datePublished":"2025-10-25T14:26:40+00:00","dateModified":"2025-10-25T14:26:43+00:00","author":{"@id":"https:\/\/www.blogsoestado.com\/danielmatos\/#\/schema\/person\/9a209d407cd45631f131e1285b661bb0"},"breadcrumb":{"@id":"https:\/\/www.blogsoestado.com\/danielmatos\/alema-homenageia-paulo-braid-e-plinio-tuzzolo-com-medalha-manuel-beckman-e-titulo-de-cidadao-maranhense\/#breadcrumb"},"inLanguage":"pt-BR","potentialAction":[{"@type":"ReadAction","target":["https:\/\/www.blogsoestado.com\/danielmatos\/alema-homenageia-paulo-braid-e-plinio-tuzzolo-com-medalha-manuel-beckman-e-titulo-de-cidadao-maranhense\/"]}]},{"@type":"ImageObject","inLanguage":"pt-BR","@id":"https:\/\/www.blogsoestado.com\/danielmatos\/alema-homenageia-paulo-braid-e-plinio-tuzzolo-com-medalha-manuel-beckman-e-titulo-de-cidadao-maranhense\/#primaryimage","url":"https:\/\/www.blogsoestado.com\/danielmatos\/wp-content\/uploads\/sites\/2\/2025\/10\/1004077421.jpg","contentUrl":"https:\/\/www.blogsoestado.com\/danielmatos\/wp-content\/uploads\/sites\/2\/2025\/10\/1004077421.jpg","width":1280,"height":854},{"@type":"BreadcrumbList","@id":"https:\/\/www.blogsoestado.com\/danielmatos\/alema-homenageia-paulo-braid-e-plinio-tuzzolo-com-medalha-manuel-beckman-e-titulo-de-cidadao-maranhense\/#breadcrumb","itemListElement":[{"@type":"ListItem","position":1,"name":"In\u00edcio","item":"https:\/\/www.blogsoestado.com\/danielmatos\/"},{"@type":"ListItem","position":2,"name":"Alema homenageia Paulo Braid e Plinio T\u00fazzolo com Medalha Manuel Beckman e T\u00edtulo de Cidad\u00e3o Maranhense"}]},{"@type":"WebSite","@id":"https:\/\/www.blogsoestado.com\/danielmatos\/#website","url":"https:\/\/www.blogsoestado.com\/danielmatos\/","name":"Daniel Matos","description":"","potentialAction":[{"@type":"SearchAction","target":{"@type":"EntryPoint","urlTemplate":"https:\/\/www.blogsoestado.com\/danielmatos\/?s={search_term_string}"},"query-input":{"@type":"PropertyValueSpecification","valueRequired":true,"valueName":"search_term_string"}}],"inLanguage":"pt-BR"},{"@type":"Person","@id":"https:\/\/www.blogsoestado.com\/danielmatos\/#\/schema\/person\/9a209d407cd45631f131e1285b661bb0","name":"Daniel Matos","image":{"@type":"ImageObject","inLanguage":"pt-BR","@id":"https:\/\/www.blogsoestado.com\/danielmatos\/#\/schema\/person\/image\/","url":"https:\/\/secure.gravatar.com\/avatar\/2f26c36ee355da19a257f0dfef43952a2588b324ca35d6719e859fe338ac0392?s=96&d=mm&r=g","contentUrl":"https:\/\/secure.gravatar.com\/avatar\/2f26c36ee355da19a257f0dfef43952a2588b324ca35d6719e859fe338ac0392?s=96&d=mm&r=g","caption":"Daniel Matos"},"url":"https:\/\/www.blogsoestado.com\/danielmatos\/author\/danielmatos\/"}]}},"jetpack_featured_media_url":"","_links":{"self":[{"href":"https:\/\/www.blogsoestado.com\/danielmatos\/wp-json\/wp\/v2\/posts\/150069","targetHints":{"allow":["GET"]}}],"collection":[{"href":"https:\/\/www.blogsoestado.com\/danielmatos\/wp-json\/wp\/v2\/posts"}],"about":[{"href":"https:\/\/www.blogsoestado.com\/danielmatos\/wp-json\/wp\/v2\/types\/post"}],"author":[{"embeddable":true,"href":"https:\/\/www.blogsoestado.com\/danielmatos\/wp-json\/wp\/v2\/users\/2"}],"replies":[{"embeddable":true,"href":"https:\/\/www.blogsoestado.com\/danielmatos\/wp-json\/wp\/v2\/comments?post=150069"}],"version-history":[{"count":1,"href":"https:\/\/www.blogsoestado.com\/danielmatos\/wp-json\/wp\/v2\/posts\/150069\/revisions"}],"predecessor-version":[{"id":150074,"href":"https:\/\/www.blogsoestado.com\/danielmatos\/wp-json\/wp\/v2\/posts\/150069\/revisions\/150074"}],"wp:attachment":[{"href":"https:\/\/www.blogsoestado.com\/danielmatos\/wp-json\/wp\/v2\/media?parent=150069"}],"wp:term":[{"taxonomy":"category","embeddable":true,"href":"https:\/\/www.blogsoestado.com\/danielmatos\/wp-json\/wp\/v2\/categories?post=150069"},{"taxonomy":"post_tag","embeddable":true,"href":"https:\/\/www.blogsoestado.com\/danielmatos\/wp-json\/wp\/v2\/tags?post=150069"}],"curies":[{"name":"wp","href":"https:\/\/api.w.org\/{rel}","templated":true}]}}