{"id":150076,"date":"2025-10-25T14:24:03","date_gmt":"2025-10-25T17:24:03","guid":{"rendered":"https:\/\/www.blogsoestado.com\/danielmatos\/?p=150076"},"modified":"2025-10-25T14:24:07","modified_gmt":"2025-10-25T17:24:07","slug":"le-petit-cirque-emociona-o-publico-com-sessao-inclusiva-em-sao-luis-e-reforca-o-poder-transformador-da-arte","status":"publish","type":"post","link":"https:\/\/www.blogsoestado.com\/danielmatos\/le-petit-cirque-emociona-o-publico-com-sessao-inclusiva-em-sao-luis-e-reforca-o-poder-transformador-da-arte\/","title":{"rendered":"Le Petit Cirque emociona o p\u00fablico com sess\u00e3o inclusiva em S\u00e3o Lu\u00eds e refor\u00e7a o poder transformador da arte"},"content":{"rendered":"\n<p><em><strong><mark style=\"color:#cf2e2e\" class=\"has-inline-color\">A a\u00e7\u00e3o foi realizada na \u00faltima sexta-feira (24), durante uma sess\u00e3o especial<\/mark><\/strong><\/em><\/p>\n\n\n\n<figure class=\"wp-block-image aligncenter size-large\"><img fetchpriority=\"high\" decoding=\"async\" width=\"768\" height=\"1024\" src=\"https:\/\/www.blogsoestado.com\/danielmatos\/wp-content\/uploads\/sites\/2\/2025\/10\/1004078348-768x1024.jpg\" alt=\"\" class=\"wp-image-150077\" srcset=\"https:\/\/www.blogsoestado.com\/danielmatos\/wp-content\/uploads\/sites\/2\/2025\/10\/1004078348-768x1024.jpg 768w, https:\/\/www.blogsoestado.com\/danielmatos\/wp-content\/uploads\/sites\/2\/2025\/10\/1004078348-225x300.jpg 225w, https:\/\/www.blogsoestado.com\/danielmatos\/wp-content\/uploads\/sites\/2\/2025\/10\/1004078348-1152x1536.jpg 1152w, https:\/\/www.blogsoestado.com\/danielmatos\/wp-content\/uploads\/sites\/2\/2025\/10\/1004078348-1536x2048.jpg 1536w, https:\/\/www.blogsoestado.com\/danielmatos\/wp-content\/uploads\/sites\/2\/2025\/10\/1004078348.jpg 1920w\" sizes=\"(max-width: 768px) 100vw, 768px\" \/><figcaption class=\"wp-element-caption\">Crian\u00e7as aplaudem apresenta\u00e7\u00e3o circense em libras<\/figcaption><\/figure>\n\n\n\n<p>Em uma noite repleta de emo\u00e7\u00e3o e encantamento, o Le Petit Cirque realizou, na \u00faltima sexta-feira (24), uma sess\u00e3o inclusiva e gratuita que ficar\u00e1 marcada na mem\u00f3ria do p\u00fablico maranhense. O espet\u00e1culo, apresentado sob a lona montada no estacionamento do S\u00e3o Lu\u00eds Shopping, foi adaptado especialmente para pessoas com defici\u00eancia, Transtorno do Espectro Autista (TEA) e alta sensibilidade sensorial, proporcionando uma experi\u00eancia acess\u00edvel, acolhedora e inesquec\u00edvel.<\/p>\n\n\n\n<figure class=\"wp-block-image aligncenter size-large\"><img decoding=\"async\" width=\"1024\" height=\"683\" src=\"https:\/\/www.blogsoestado.com\/danielmatos\/wp-content\/uploads\/sites\/2\/2025\/10\/1004078351-1-1024x683.jpg\" alt=\"\" class=\"wp-image-150079\" srcset=\"https:\/\/www.blogsoestado.com\/danielmatos\/wp-content\/uploads\/sites\/2\/2025\/10\/1004078351-1-1024x683.jpg 1024w, https:\/\/www.blogsoestado.com\/danielmatos\/wp-content\/uploads\/sites\/2\/2025\/10\/1004078351-1-300x200.jpg 300w, https:\/\/www.blogsoestado.com\/danielmatos\/wp-content\/uploads\/sites\/2\/2025\/10\/1004078351-1-768x512.jpg 768w, https:\/\/www.blogsoestado.com\/danielmatos\/wp-content\/uploads\/sites\/2\/2025\/10\/1004078351-1-1536x1024.jpg 1536w, https:\/\/www.blogsoestado.com\/danielmatos\/wp-content\/uploads\/sites\/2\/2025\/10\/1004078351-1-2048x1366.jpg 2048w\" sizes=\"(max-width: 1024px) 100vw, 1024px\" \/><figcaption class=\"wp-element-caption\">Com toda graciosidade, artistas deram show no picadeiro<\/figcaption><\/figure>\n\n\n\n<p>Com o apoio de institui\u00e7\u00f5es como o Hospital do C\u00e2ncer Aldenora Bello, APAE S\u00e3o Lu\u00eds, Ilha Azul, F\u00f3rum Jaracaty, S\u00e3o Lu\u00eds Shopping, e o Instituto Antonio Brunno, a iniciativa refor\u00e7ou a import\u00e2ncia da uni\u00e3o entre o setor cultural, social e privado na promo\u00e7\u00e3o da inclus\u00e3o e do acesso \u00e0 arte.<\/p>\n\n\n\n<figure class=\"wp-block-image aligncenter size-large\"><img decoding=\"async\" width=\"683\" height=\"1024\" src=\"https:\/\/www.blogsoestado.com\/danielmatos\/wp-content\/uploads\/sites\/2\/2025\/10\/1004078353-683x1024.jpg\" alt=\"\" class=\"wp-image-150080\" srcset=\"https:\/\/www.blogsoestado.com\/danielmatos\/wp-content\/uploads\/sites\/2\/2025\/10\/1004078353-683x1024.jpg 683w, https:\/\/www.blogsoestado.com\/danielmatos\/wp-content\/uploads\/sites\/2\/2025\/10\/1004078353-200x300.jpg 200w, https:\/\/www.blogsoestado.com\/danielmatos\/wp-content\/uploads\/sites\/2\/2025\/10\/1004078353-768x1152.jpg 768w, https:\/\/www.blogsoestado.com\/danielmatos\/wp-content\/uploads\/sites\/2\/2025\/10\/1004078353-1024x1536.jpg 1024w, https:\/\/www.blogsoestado.com\/danielmatos\/wp-content\/uploads\/sites\/2\/2025\/10\/1004078353-1366x2048.jpg 1366w, https:\/\/www.blogsoestado.com\/danielmatos\/wp-content\/uploads\/sites\/2\/2025\/10\/1004078353.jpg 1707w\" sizes=\"(max-width: 683px) 100vw, 683px\" \/><figcaption class=\"wp-element-caption\">Palha\u00e7o mostra toda a sua habilidade e equil\u00edbrio em performance com monociclo<\/figcaption><\/figure>\n\n\n\n<p>A sess\u00e3o contou com som reduzido, ilumina\u00e7\u00e3o suave e acompanhamento de profissionais capacitados, garantindo conforto e seguran\u00e7a para todos os presentes. Fam\u00edlias inteiras vibraram, sorriram e se emocionaram ao viver a magia do verdadeiro circo europeu.<\/p>\n\n\n\n<figure class=\"wp-block-image aligncenter size-large\"><img loading=\"lazy\" decoding=\"async\" width=\"1024\" height=\"683\" src=\"https:\/\/www.blogsoestado.com\/danielmatos\/wp-content\/uploads\/sites\/2\/2025\/10\/1004078352-1024x683.jpg\" alt=\"\" class=\"wp-image-150081\" srcset=\"https:\/\/www.blogsoestado.com\/danielmatos\/wp-content\/uploads\/sites\/2\/2025\/10\/1004078352-1024x683.jpg 1024w, https:\/\/www.blogsoestado.com\/danielmatos\/wp-content\/uploads\/sites\/2\/2025\/10\/1004078352-300x200.jpg 300w, https:\/\/www.blogsoestado.com\/danielmatos\/wp-content\/uploads\/sites\/2\/2025\/10\/1004078352-768x512.jpg 768w, https:\/\/www.blogsoestado.com\/danielmatos\/wp-content\/uploads\/sites\/2\/2025\/10\/1004078352-1536x1024.jpg 1536w, https:\/\/www.blogsoestado.com\/danielmatos\/wp-content\/uploads\/sites\/2\/2025\/10\/1004078352-2048x1366.jpg 2048w\" sizes=\"(max-width: 1024px) 100vw, 1024px\" \/><figcaption class=\"wp-element-caption\">Pessoas com defici\u00eancia, Transtorno do Espectro Autista (TEA) e alta sensibilidade sensorial participaram da sess\u00e3o, que foi inteiramente gratuita<\/figcaption><\/figure>\n\n\n\n<p>\u201cFoi um momento de pura alegria e acolhimento. Ver o brilho nos olhos das crian\u00e7as e a felicidade das fam\u00edlias \u00e9 um lembrete de que a arte \u00e9, acima de tudo, um instrumento de inclus\u00e3o e amor\u201d, comentou Maxwell Ayres, influenciador e ativista social.<\/p>\n\n\n\n<p>Para o diretor do Le Petit Cirque, Ramito Jr., a iniciativa refor\u00e7a o prop\u00f3sito do espet\u00e1culo. &#8220;O circo \u00e9 um lugar onde todos cabem. \u00c9 um espa\u00e7o de diversidade, empatia e emo\u00e7\u00e3o. A cada cidade, buscamos levar n\u00e3o s\u00f3 entretenimento, mas tamb\u00e9m oportunidades de vivenciar a arte de forma igualit\u00e1ria.\u201d<\/p>\n\n\n\n<figure class=\"wp-block-image aligncenter size-large\"><img loading=\"lazy\" decoding=\"async\" width=\"1024\" height=\"683\" src=\"https:\/\/www.blogsoestado.com\/danielmatos\/wp-content\/uploads\/sites\/2\/2025\/10\/1004078350-1024x683.jpg\" alt=\"\" class=\"wp-image-150082\" srcset=\"https:\/\/www.blogsoestado.com\/danielmatos\/wp-content\/uploads\/sites\/2\/2025\/10\/1004078350-1024x683.jpg 1024w, https:\/\/www.blogsoestado.com\/danielmatos\/wp-content\/uploads\/sites\/2\/2025\/10\/1004078350-300x200.jpg 300w, https:\/\/www.blogsoestado.com\/danielmatos\/wp-content\/uploads\/sites\/2\/2025\/10\/1004078350-768x512.jpg 768w, https:\/\/www.blogsoestado.com\/danielmatos\/wp-content\/uploads\/sites\/2\/2025\/10\/1004078350-1536x1024.jpg 1536w, https:\/\/www.blogsoestado.com\/danielmatos\/wp-content\/uploads\/sites\/2\/2025\/10\/1004078350-2048x1366.jpg 2048w\" sizes=\"(max-width: 1024px) 100vw, 1024px\" \/><figcaption class=\"wp-element-caption\">P\u00fablico cai na gargalhada em uma das apresenta\u00e7\u00f5es do Le Petit Cirque<\/figcaption><\/figure>\n\n\n\n<p>O evento tamb\u00e9m contou com o apoio de empresas parceiras que acreditam no impacto positivo da cultura e da responsabilidade social. A a\u00e7\u00e3o demonstrou que, quando institui\u00e7\u00f5es p\u00fablicas e privadas se unem, o resultado vai al\u00e9m do entretenimento e transforma vidas.<\/p>\n\n\n\n<figure class=\"wp-block-image size-large\"><img loading=\"lazy\" decoding=\"async\" width=\"1024\" height=\"768\" src=\"https:\/\/www.blogsoestado.com\/danielmatos\/wp-content\/uploads\/sites\/2\/2025\/10\/1004078349-1024x768.jpg\" alt=\"\" class=\"wp-image-150083\" srcset=\"https:\/\/www.blogsoestado.com\/danielmatos\/wp-content\/uploads\/sites\/2\/2025\/10\/1004078349-1024x768.jpg 1024w, https:\/\/www.blogsoestado.com\/danielmatos\/wp-content\/uploads\/sites\/2\/2025\/10\/1004078349-300x225.jpg 300w, https:\/\/www.blogsoestado.com\/danielmatos\/wp-content\/uploads\/sites\/2\/2025\/10\/1004078349-768x576.jpg 768w, https:\/\/www.blogsoestado.com\/danielmatos\/wp-content\/uploads\/sites\/2\/2025\/10\/1004078349-1536x1152.jpg 1536w, https:\/\/www.blogsoestado.com\/danielmatos\/wp-content\/uploads\/sites\/2\/2025\/10\/1004078349-2048x1536.jpg 2048w\" sizes=\"(max-width: 1024px) 100vw, 1024px\" \/><figcaption class=\"wp-element-caption\">Plateia ficou encantada a cada apresenta\u00e7\u00e3o do Le Petit Cirque<\/figcaption><\/figure>\n\n\n\n<p>As apresenta\u00e7\u00f5es regulares do Le Petit Cirque seguem encantando o p\u00fablico com sua est\u00e9tica retr\u00f4, humor refinado e performances inspiradas nas tradicionais trupes europeias. Um espet\u00e1culo que reafirma o valor da arte como linguagem universal.<\/p>\n\n\n\n<p><strong>Servi\u00e7o<\/strong> <\/p>\n\n\n\n<p>Le Petit Cirque<br>Local: Estacionamento do S\u00e3o Lu\u00eds Shopping<br>Sess\u00f5es regulares:<br>Segunda, quarta e sexta \u2013 20h<br>S\u00e1bado e domingo \u2013 16h, 18h30 e 20h30<br>Bilheteria: todos os dias, das 13h \u00e0s 21h<br>Informa\u00e7\u00f5es e venda online: @lepetit.cirque<br>Classifica\u00e7\u00e3o: Livre<\/p>\n","protected":false},"excerpt":{"rendered":"<p>A a\u00e7\u00e3o foi realizada na \u00faltima sexta-feira (24), durante uma sess\u00e3o especial Em uma noite repleta de emo\u00e7\u00e3o e encantamento, [&hellip;]<\/p>\n","protected":false},"author":2,"featured_media":0,"comment_status":"open","ping_status":"open","sticky":false,"template":"","format":"standard","meta":{"site-sidebar-layout":"default","site-content-layout":"","ast-site-content-layout":"default","site-content-style":"default","site-sidebar-style":"default","ast-global-header-display":"","ast-banner-title-visibility":"","ast-main-header-display":"","ast-hfb-above-header-display":"","ast-hfb-below-header-display":"","ast-hfb-mobile-header-display":"","site-post-title":"","ast-breadcrumbs-content":"","ast-featured-img":"","footer-sml-layout":"","ast-disable-related-posts":"","theme-transparent-header-meta":"","adv-header-id-meta":"","stick-header-meta":"","header-above-stick-meta":"","header-main-stick-meta":"","header-below-stick-meta":"","astra-migrate-meta-layouts":"default","ast-page-background-enabled":"default","ast-page-background-meta":{"desktop":{"background-color":"var(--ast-global-color-5)","background-image":"","background-repeat":"repeat","background-position":"center center","background-size":"auto","background-attachment":"scroll","background-type":"","background-media":"","overlay-type":"","overlay-color":"","overlay-opacity":"","overlay-gradient":""},"tablet":{"background-color":"","background-image":"","background-repeat":"repeat","background-position":"center center","background-size":"auto","background-attachment":"scroll","background-type":"","background-media":"","overlay-type":"","overlay-color":"","overlay-opacity":"","overlay-gradient":""},"mobile":{"background-color":"","background-image":"","background-repeat":"repeat","background-position":"center center","background-size":"auto","background-attachment":"scroll","background-type":"","background-media":"","overlay-type":"","overlay-color":"","overlay-opacity":"","overlay-gradient":""}},"ast-content-background-meta":{"desktop":{"background-color":"var(--ast-global-color-4)","background-image":"","background-repeat":"repeat","background-position":"center center","background-size":"auto","background-attachment":"scroll","background-type":"","background-media":"","overlay-type":"","overlay-color":"","overlay-opacity":"","overlay-gradient":""},"tablet":{"background-color":"var(--ast-global-color-4)","background-image":"","background-repeat":"repeat","background-position":"center center","background-size":"auto","background-attachment":"scroll","background-type":"","background-media":"","overlay-type":"","overlay-color":"","overlay-opacity":"","overlay-gradient":""},"mobile":{"background-color":"var(--ast-global-color-4)","background-image":"","background-repeat":"repeat","background-position":"center center","background-size":"auto","background-attachment":"scroll","background-type":"","background-media":"","overlay-type":"","overlay-color":"","overlay-opacity":"","overlay-gradient":""}},"footnotes":""},"categories":[1],"tags":[],"class_list":["post-150076","post","type-post","status-publish","format-standard","hentry","category-sem-categoria"],"yoast_head":"<!-- This site is optimized with the Yoast SEO plugin v26.6 - https:\/\/yoast.com\/wordpress\/plugins\/seo\/ -->\n<title>Le Petit Cirque emociona o p\u00fablico com sess\u00e3o inclusiva em S\u00e3o Lu\u00eds e refor\u00e7a o poder transformador da arte - Daniel Matos<\/title>\n<meta name=\"robots\" content=\"index, follow, max-snippet:-1, max-image-preview:large, max-video-preview:-1\" \/>\n<link rel=\"canonical\" href=\"https:\/\/www.blogsoestado.com\/danielmatos\/le-petit-cirque-emociona-o-publico-com-sessao-inclusiva-em-sao-luis-e-reforca-o-poder-transformador-da-arte\/\" \/>\n<meta property=\"og:locale\" content=\"pt_BR\" \/>\n<meta property=\"og:type\" content=\"article\" \/>\n<meta property=\"og:title\" content=\"Le Petit Cirque emociona o p\u00fablico com sess\u00e3o inclusiva em S\u00e3o Lu\u00eds e refor\u00e7a o poder transformador da arte - Daniel Matos\" \/>\n<meta property=\"og:description\" content=\"A a\u00e7\u00e3o foi realizada na \u00faltima sexta-feira (24), durante uma sess\u00e3o especial Em uma noite repleta de emo\u00e7\u00e3o e encantamento, [&hellip;]\" \/>\n<meta property=\"og:url\" content=\"https:\/\/www.blogsoestado.com\/danielmatos\/le-petit-cirque-emociona-o-publico-com-sessao-inclusiva-em-sao-luis-e-reforca-o-poder-transformador-da-arte\/\" \/>\n<meta property=\"og:site_name\" content=\"Daniel Matos\" \/>\n<meta property=\"article:published_time\" content=\"2025-10-25T17:24:03+00:00\" \/>\n<meta property=\"article:modified_time\" content=\"2025-10-25T17:24:07+00:00\" \/>\n<meta property=\"og:image\" content=\"https:\/\/www.blogsoestado.com\/danielmatos\/wp-content\/uploads\/sites\/2\/2025\/10\/1004078348.jpg\" \/>\n\t<meta property=\"og:image:width\" content=\"1920\" \/>\n\t<meta property=\"og:image:height\" content=\"2560\" \/>\n\t<meta property=\"og:image:type\" content=\"image\/jpeg\" \/>\n<meta name=\"author\" content=\"Daniel Matos\" \/>\n<meta name=\"twitter:card\" content=\"summary_large_image\" \/>\n<meta name=\"twitter:label1\" content=\"Escrito por\" \/>\n\t<meta name=\"twitter:data1\" content=\"Daniel Matos\" \/>\n\t<meta name=\"twitter:label2\" content=\"Est. tempo de leitura\" \/>\n\t<meta name=\"twitter:data2\" content=\"4 minutos\" \/>\n<script type=\"application\/ld+json\" class=\"yoast-schema-graph\">{\"@context\":\"https:\/\/schema.org\",\"@graph\":[{\"@type\":\"WebPage\",\"@id\":\"https:\/\/www.blogsoestado.com\/danielmatos\/le-petit-cirque-emociona-o-publico-com-sessao-inclusiva-em-sao-luis-e-reforca-o-poder-transformador-da-arte\/\",\"url\":\"https:\/\/www.blogsoestado.com\/danielmatos\/le-petit-cirque-emociona-o-publico-com-sessao-inclusiva-em-sao-luis-e-reforca-o-poder-transformador-da-arte\/\",\"name\":\"Le Petit Cirque emociona o p\u00fablico com sess\u00e3o inclusiva em S\u00e3o Lu\u00eds e refor\u00e7a o poder transformador da arte - Daniel Matos\",\"isPartOf\":{\"@id\":\"https:\/\/www.blogsoestado.com\/danielmatos\/#website\"},\"primaryImageOfPage\":{\"@id\":\"https:\/\/www.blogsoestado.com\/danielmatos\/le-petit-cirque-emociona-o-publico-com-sessao-inclusiva-em-sao-luis-e-reforca-o-poder-transformador-da-arte\/#primaryimage\"},\"image\":{\"@id\":\"https:\/\/www.blogsoestado.com\/danielmatos\/le-petit-cirque-emociona-o-publico-com-sessao-inclusiva-em-sao-luis-e-reforca-o-poder-transformador-da-arte\/#primaryimage\"},\"thumbnailUrl\":\"https:\/\/www.blogsoestado.com\/danielmatos\/wp-content\/uploads\/sites\/2\/2025\/10\/1004078348-768x1024.jpg\",\"datePublished\":\"2025-10-25T17:24:03+00:00\",\"dateModified\":\"2025-10-25T17:24:07+00:00\",\"author\":{\"@id\":\"https:\/\/www.blogsoestado.com\/danielmatos\/#\/schema\/person\/9a209d407cd45631f131e1285b661bb0\"},\"breadcrumb\":{\"@id\":\"https:\/\/www.blogsoestado.com\/danielmatos\/le-petit-cirque-emociona-o-publico-com-sessao-inclusiva-em-sao-luis-e-reforca-o-poder-transformador-da-arte\/#breadcrumb\"},\"inLanguage\":\"pt-BR\",\"potentialAction\":[{\"@type\":\"ReadAction\",\"target\":[\"https:\/\/www.blogsoestado.com\/danielmatos\/le-petit-cirque-emociona-o-publico-com-sessao-inclusiva-em-sao-luis-e-reforca-o-poder-transformador-da-arte\/\"]}]},{\"@type\":\"ImageObject\",\"inLanguage\":\"pt-BR\",\"@id\":\"https:\/\/www.blogsoestado.com\/danielmatos\/le-petit-cirque-emociona-o-publico-com-sessao-inclusiva-em-sao-luis-e-reforca-o-poder-transformador-da-arte\/#primaryimage\",\"url\":\"https:\/\/www.blogsoestado.com\/danielmatos\/wp-content\/uploads\/sites\/2\/2025\/10\/1004078348.jpg\",\"contentUrl\":\"https:\/\/www.blogsoestado.com\/danielmatos\/wp-content\/uploads\/sites\/2\/2025\/10\/1004078348.jpg\",\"width\":1920,\"height\":2560},{\"@type\":\"BreadcrumbList\",\"@id\":\"https:\/\/www.blogsoestado.com\/danielmatos\/le-petit-cirque-emociona-o-publico-com-sessao-inclusiva-em-sao-luis-e-reforca-o-poder-transformador-da-arte\/#breadcrumb\",\"itemListElement\":[{\"@type\":\"ListItem\",\"position\":1,\"name\":\"In\u00edcio\",\"item\":\"https:\/\/www.blogsoestado.com\/danielmatos\/\"},{\"@type\":\"ListItem\",\"position\":2,\"name\":\"Le Petit Cirque emociona o p\u00fablico com sess\u00e3o inclusiva em S\u00e3o Lu\u00eds e refor\u00e7a o poder transformador da arte\"}]},{\"@type\":\"WebSite\",\"@id\":\"https:\/\/www.blogsoestado.com\/danielmatos\/#website\",\"url\":\"https:\/\/www.blogsoestado.com\/danielmatos\/\",\"name\":\"Daniel Matos\",\"description\":\"\",\"potentialAction\":[{\"@type\":\"SearchAction\",\"target\":{\"@type\":\"EntryPoint\",\"urlTemplate\":\"https:\/\/www.blogsoestado.com\/danielmatos\/?s={search_term_string}\"},\"query-input\":{\"@type\":\"PropertyValueSpecification\",\"valueRequired\":true,\"valueName\":\"search_term_string\"}}],\"inLanguage\":\"pt-BR\"},{\"@type\":\"Person\",\"@id\":\"https:\/\/www.blogsoestado.com\/danielmatos\/#\/schema\/person\/9a209d407cd45631f131e1285b661bb0\",\"name\":\"Daniel Matos\",\"image\":{\"@type\":\"ImageObject\",\"inLanguage\":\"pt-BR\",\"@id\":\"https:\/\/www.blogsoestado.com\/danielmatos\/#\/schema\/person\/image\/\",\"url\":\"https:\/\/secure.gravatar.com\/avatar\/2f26c36ee355da19a257f0dfef43952a2588b324ca35d6719e859fe338ac0392?s=96&d=mm&r=g\",\"contentUrl\":\"https:\/\/secure.gravatar.com\/avatar\/2f26c36ee355da19a257f0dfef43952a2588b324ca35d6719e859fe338ac0392?s=96&d=mm&r=g\",\"caption\":\"Daniel Matos\"},\"url\":\"https:\/\/www.blogsoestado.com\/danielmatos\/author\/danielmatos\/\"}]}<\/script>\n<!-- \/ Yoast SEO plugin. -->","yoast_head_json":{"title":"Le Petit Cirque emociona o p\u00fablico com sess\u00e3o inclusiva em S\u00e3o Lu\u00eds e refor\u00e7a o poder transformador da arte - Daniel Matos","robots":{"index":"index","follow":"follow","max-snippet":"max-snippet:-1","max-image-preview":"max-image-preview:large","max-video-preview":"max-video-preview:-1"},"canonical":"https:\/\/www.blogsoestado.com\/danielmatos\/le-petit-cirque-emociona-o-publico-com-sessao-inclusiva-em-sao-luis-e-reforca-o-poder-transformador-da-arte\/","og_locale":"pt_BR","og_type":"article","og_title":"Le Petit Cirque emociona o p\u00fablico com sess\u00e3o inclusiva em S\u00e3o Lu\u00eds e refor\u00e7a o poder transformador da arte - Daniel Matos","og_description":"A a\u00e7\u00e3o foi realizada na \u00faltima sexta-feira (24), durante uma sess\u00e3o especial Em uma noite repleta de emo\u00e7\u00e3o e encantamento, [&hellip;]","og_url":"https:\/\/www.blogsoestado.com\/danielmatos\/le-petit-cirque-emociona-o-publico-com-sessao-inclusiva-em-sao-luis-e-reforca-o-poder-transformador-da-arte\/","og_site_name":"Daniel Matos","article_published_time":"2025-10-25T17:24:03+00:00","article_modified_time":"2025-10-25T17:24:07+00:00","og_image":[{"width":1920,"height":2560,"url":"https:\/\/www.blogsoestado.com\/danielmatos\/wp-content\/uploads\/sites\/2\/2025\/10\/1004078348.jpg","type":"image\/jpeg"}],"author":"Daniel Matos","twitter_card":"summary_large_image","twitter_misc":{"Escrito por":"Daniel Matos","Est. tempo de leitura":"4 minutos"},"schema":{"@context":"https:\/\/schema.org","@graph":[{"@type":"WebPage","@id":"https:\/\/www.blogsoestado.com\/danielmatos\/le-petit-cirque-emociona-o-publico-com-sessao-inclusiva-em-sao-luis-e-reforca-o-poder-transformador-da-arte\/","url":"https:\/\/www.blogsoestado.com\/danielmatos\/le-petit-cirque-emociona-o-publico-com-sessao-inclusiva-em-sao-luis-e-reforca-o-poder-transformador-da-arte\/","name":"Le Petit Cirque emociona o p\u00fablico com sess\u00e3o inclusiva em S\u00e3o Lu\u00eds e refor\u00e7a o poder transformador da arte - Daniel Matos","isPartOf":{"@id":"https:\/\/www.blogsoestado.com\/danielmatos\/#website"},"primaryImageOfPage":{"@id":"https:\/\/www.blogsoestado.com\/danielmatos\/le-petit-cirque-emociona-o-publico-com-sessao-inclusiva-em-sao-luis-e-reforca-o-poder-transformador-da-arte\/#primaryimage"},"image":{"@id":"https:\/\/www.blogsoestado.com\/danielmatos\/le-petit-cirque-emociona-o-publico-com-sessao-inclusiva-em-sao-luis-e-reforca-o-poder-transformador-da-arte\/#primaryimage"},"thumbnailUrl":"https:\/\/www.blogsoestado.com\/danielmatos\/wp-content\/uploads\/sites\/2\/2025\/10\/1004078348-768x1024.jpg","datePublished":"2025-10-25T17:24:03+00:00","dateModified":"2025-10-25T17:24:07+00:00","author":{"@id":"https:\/\/www.blogsoestado.com\/danielmatos\/#\/schema\/person\/9a209d407cd45631f131e1285b661bb0"},"breadcrumb":{"@id":"https:\/\/www.blogsoestado.com\/danielmatos\/le-petit-cirque-emociona-o-publico-com-sessao-inclusiva-em-sao-luis-e-reforca-o-poder-transformador-da-arte\/#breadcrumb"},"inLanguage":"pt-BR","potentialAction":[{"@type":"ReadAction","target":["https:\/\/www.blogsoestado.com\/danielmatos\/le-petit-cirque-emociona-o-publico-com-sessao-inclusiva-em-sao-luis-e-reforca-o-poder-transformador-da-arte\/"]}]},{"@type":"ImageObject","inLanguage":"pt-BR","@id":"https:\/\/www.blogsoestado.com\/danielmatos\/le-petit-cirque-emociona-o-publico-com-sessao-inclusiva-em-sao-luis-e-reforca-o-poder-transformador-da-arte\/#primaryimage","url":"https:\/\/www.blogsoestado.com\/danielmatos\/wp-content\/uploads\/sites\/2\/2025\/10\/1004078348.jpg","contentUrl":"https:\/\/www.blogsoestado.com\/danielmatos\/wp-content\/uploads\/sites\/2\/2025\/10\/1004078348.jpg","width":1920,"height":2560},{"@type":"BreadcrumbList","@id":"https:\/\/www.blogsoestado.com\/danielmatos\/le-petit-cirque-emociona-o-publico-com-sessao-inclusiva-em-sao-luis-e-reforca-o-poder-transformador-da-arte\/#breadcrumb","itemListElement":[{"@type":"ListItem","position":1,"name":"In\u00edcio","item":"https:\/\/www.blogsoestado.com\/danielmatos\/"},{"@type":"ListItem","position":2,"name":"Le Petit Cirque emociona o p\u00fablico com sess\u00e3o inclusiva em S\u00e3o Lu\u00eds e refor\u00e7a o poder transformador da arte"}]},{"@type":"WebSite","@id":"https:\/\/www.blogsoestado.com\/danielmatos\/#website","url":"https:\/\/www.blogsoestado.com\/danielmatos\/","name":"Daniel Matos","description":"","potentialAction":[{"@type":"SearchAction","target":{"@type":"EntryPoint","urlTemplate":"https:\/\/www.blogsoestado.com\/danielmatos\/?s={search_term_string}"},"query-input":{"@type":"PropertyValueSpecification","valueRequired":true,"valueName":"search_term_string"}}],"inLanguage":"pt-BR"},{"@type":"Person","@id":"https:\/\/www.blogsoestado.com\/danielmatos\/#\/schema\/person\/9a209d407cd45631f131e1285b661bb0","name":"Daniel Matos","image":{"@type":"ImageObject","inLanguage":"pt-BR","@id":"https:\/\/www.blogsoestado.com\/danielmatos\/#\/schema\/person\/image\/","url":"https:\/\/secure.gravatar.com\/avatar\/2f26c36ee355da19a257f0dfef43952a2588b324ca35d6719e859fe338ac0392?s=96&d=mm&r=g","contentUrl":"https:\/\/secure.gravatar.com\/avatar\/2f26c36ee355da19a257f0dfef43952a2588b324ca35d6719e859fe338ac0392?s=96&d=mm&r=g","caption":"Daniel Matos"},"url":"https:\/\/www.blogsoestado.com\/danielmatos\/author\/danielmatos\/"}]}},"jetpack_featured_media_url":"","_links":{"self":[{"href":"https:\/\/www.blogsoestado.com\/danielmatos\/wp-json\/wp\/v2\/posts\/150076","targetHints":{"allow":["GET"]}}],"collection":[{"href":"https:\/\/www.blogsoestado.com\/danielmatos\/wp-json\/wp\/v2\/posts"}],"about":[{"href":"https:\/\/www.blogsoestado.com\/danielmatos\/wp-json\/wp\/v2\/types\/post"}],"author":[{"embeddable":true,"href":"https:\/\/www.blogsoestado.com\/danielmatos\/wp-json\/wp\/v2\/users\/2"}],"replies":[{"embeddable":true,"href":"https:\/\/www.blogsoestado.com\/danielmatos\/wp-json\/wp\/v2\/comments?post=150076"}],"version-history":[{"count":1,"href":"https:\/\/www.blogsoestado.com\/danielmatos\/wp-json\/wp\/v2\/posts\/150076\/revisions"}],"predecessor-version":[{"id":150084,"href":"https:\/\/www.blogsoestado.com\/danielmatos\/wp-json\/wp\/v2\/posts\/150076\/revisions\/150084"}],"wp:attachment":[{"href":"https:\/\/www.blogsoestado.com\/danielmatos\/wp-json\/wp\/v2\/media?parent=150076"}],"wp:term":[{"taxonomy":"category","embeddable":true,"href":"https:\/\/www.blogsoestado.com\/danielmatos\/wp-json\/wp\/v2\/categories?post=150076"},{"taxonomy":"post_tag","embeddable":true,"href":"https:\/\/www.blogsoestado.com\/danielmatos\/wp-json\/wp\/v2\/tags?post=150076"}],"curies":[{"name":"wp","href":"https:\/\/api.w.org\/{rel}","templated":true}]}}